{"id":50844,"date":"2023-08-17T08:46:09","date_gmt":"2023-08-17T11:46:09","guid":{"rendered":"https:\/\/noticiasemdestaque.com\/cd\/?p=50844"},"modified":"2023-08-17T08:46:09","modified_gmt":"2023-08-17T11:46:09","slug":"prefeitura-de-ouro-velho-antecipa-pagamento-dos-servidores-referente-ao-mes-de-agosto","status":"publish","type":"post","link":"https:\/\/noticiasemdestaque.com\/cd\/?p=50844","title":{"rendered":"Prefeitura de Ouro Velho antecipa pagamento dos servidores referente ao m\u00eas de agosto"},"content":{"rendered":"<p><a href=\"https:\/\/noticiasemdestaque.com\/cd\/wp-content\/uploads\/2023\/06\/775b77f3-realdinheiro_moeda_1310202266.jpg\"><img fetchpriority=\"high\" decoding=\"async\" class=\"size-medium wp-image-48946 aligncenter\" src=\"https:\/\/noticiasemdestaque.com\/cd\/wp-content\/uploads\/2023\/06\/775b77f3-realdinheiro_moeda_1310202266-300x200.jpg\" alt=\"\" width=\"300\" height=\"200\" srcset=\"https:\/\/noticiasemdestaque.com\/cd\/wp-content\/uploads\/2023\/06\/775b77f3-realdinheiro_moeda_1310202266-300x200.jpg 300w, https:\/\/noticiasemdestaque.com\/cd\/wp-content\/uploads\/2023\/06\/775b77f3-realdinheiro_moeda_1310202266-768x513.jpg 768w, https:\/\/noticiasemdestaque.com\/cd\/wp-content\/uploads\/2023\/06\/775b77f3-realdinheiro_moeda_1310202266-18x12.jpg 18w, https:\/\/noticiasemdestaque.com\/cd\/wp-content\/uploads\/2023\/06\/775b77f3-realdinheiro_moeda_1310202266.jpg 876w\" sizes=\"(max-width: 300px) 100vw, 300px\" \/><\/a><\/p>\n<p>A Prefeitura de Ouro Velho, no Cariri, anunciou a antecipa\u00e7\u00e3o do pagamento dos servidores referente ao m\u00eas de agosto. A not\u00edcia foi divulgada pelo prefeito Dr. Augusto Valadares, que vem mantendo a pol\u00edtica de valoriza\u00e7\u00e3o do servidor p\u00fablico desde da gest\u00e3o da ex-prefeita, Nat\u00e1lia de Dr. J\u00fanior.<\/p>\n<p>A medida demonstra o comprometimento da gest\u00e3o municipal em manter em dia os sal\u00e1rios dos servidores.<\/p>\n<p>Para o prefeito Dr. Augusto Valadares, a antecipa\u00e7\u00e3o do pagamento \u00e9 uma forma de reconhecer o esfor\u00e7o e a dedica\u00e7\u00e3o dos servidores municipais. \u201cSabemos da import\u00e2ncia do trabalho de cada um para o bom funcionamento da cidade e, por isso, estamos sempre empenhados em garantir que os sal\u00e1rios sejam pagos com anteced\u00eancia\u201d, afirma o prefeito.<\/p>\n<p>De acordo com o prefeito, a medida tamb\u00e9m fortalece a economia local, j\u00e1 que o dinheiro circula no com\u00e9rcio da cidade, gerando mais empregos e renda.<\/p>\n<p>&nbsp;<\/p>\n","protected":false},"excerpt":{"rendered":"<p>A Prefeitura de Ouro Velho, no Cariri, anunciou a antecipa\u00e7\u00e3o do pagamento dos servidores referente ao m\u00eas de agosto. A not\u00edcia foi divulgada pelo prefeito Dr. Augusto Valadares, que vem mantendo a pol\u00edtica de valoriza\u00e7\u00e3o do servidor p\u00fablico desde da gest\u00e3o da ex-prefeita, Nat\u00e1lia de Dr. J\u00fanior. A medida demonstra o comprometimento da gest\u00e3o municipal em manter em dia os sal\u00e1rios dos servidores. Para o prefeito Dr. Augusto Valadares, a antecipa\u00e7\u00e3o do pagamento \u00e9 uma forma de reconhecer o esfor\u00e7o e a dedica\u00e7\u00e3o dos servidores municipais. \u201cSabemos da import\u00e2ncia do trabalho de cada um para o bom funcionamento da cidade e, por isso, estamos sempre empenhados em garantir que os sal\u00e1rios sejam pagos com anteced\u00eancia\u201d, afirma o prefeito. De acordo com o prefeito, a medida tamb\u00e9m fortalece a economia local, j\u00e1 que o dinheiro circula no com\u00e9rcio da cidade, gerando mais empregos e renda. &nbsp;<\/p>\n","protected":false},"author":2,"featured_media":50262,"comment_status":"closed","ping_status":"open","sticky":false,"template":"","format":"standard","meta":{"_eb_attr":"","_jetpack_memberships_contains_paid_content":false,"footnotes":""},"categories":[3],"tags":[],"class_list":["post-50844","post","type-post","status-publish","format-standard","has-post-thumbnail","hentry","category-cidades"],"yoast_head":"<!-- This site is optimized with the Yoast SEO plugin v26.5 - https:\/\/yoast.com\/wordpress\/plugins\/seo\/ -->\n<title>Prefeitura de Ouro Velho antecipa pagamento dos servidores referente ao m\u00eas de agosto - Not&iacute;cias em Destaque<\/title>\n<meta name=\"robots\" content=\"index, follow, max-snippet:-1, max-image-preview:large, max-video-preview:-1\" \/>\n<link rel=\"canonical\" href=\"https:\/\/noticiasemdestaque.com\/cd\/?p=50844\" \/>\n<meta property=\"og:locale\" content=\"pt_BR\" \/>\n<meta property=\"og:type\" content=\"article\" \/>\n<meta property=\"og:title\" content=\"Prefeitura de Ouro Velho antecipa pagamento dos servidores referente ao m\u00eas de agosto - Not&iacute;cias em Destaque\" \/>\n<meta property=\"og:description\" content=\"A Prefeitura de Ouro Velho, no Cariri, anunciou a antecipa\u00e7\u00e3o do pagamento dos servidores referente ao m\u00eas de agosto. A not\u00edcia foi divulgada pelo prefeito Dr. Augusto Valadares, que vem mantendo a pol\u00edtica de valoriza\u00e7\u00e3o do servidor p\u00fablico desde da gest\u00e3o da ex-prefeita, Nat\u00e1lia de Dr. J\u00fanior. A medida demonstra o comprometimento da gest\u00e3o municipal em manter em dia os sal\u00e1rios dos servidores. Para o prefeito Dr. Augusto Valadares, a antecipa\u00e7\u00e3o do pagamento \u00e9 uma forma de reconhecer o esfor\u00e7o e a dedica\u00e7\u00e3o dos servidores municipais. \u201cSabemos da import\u00e2ncia do trabalho de cada um para o bom funcionamento da cidade e, por isso, estamos sempre empenhados em garantir que os sal\u00e1rios sejam pagos com anteced\u00eancia\u201d, afirma o prefeito. De acordo com o prefeito, a medida tamb\u00e9m fortalece a economia local, j\u00e1 que o dinheiro circula no com\u00e9rcio da cidade, gerando mais empregos e renda. &nbsp;\" \/>\n<meta property=\"og:url\" content=\"https:\/\/noticiasemdestaque.com\/cd\/?p=50844\" \/>\n<meta property=\"og:site_name\" content=\"Not&iacute;cias em Destaque\" \/>\n<meta property=\"article:published_time\" content=\"2023-08-17T11:46:09+00:00\" \/>\n<meta property=\"og:image\" content=\"https:\/\/noticiasemdestaque.com\/cd\/wp-content\/uploads\/2023\/07\/Dinheiro_-salario-minimo-_-2022-FT-Marcello-Casal-Jr-ABR-1160x694-1.jpg\" \/>\n\t<meta property=\"og:image:width\" content=\"1160\" \/>\n\t<meta property=\"og:image:height\" content=\"694\" \/>\n\t<meta property=\"og:image:type\" content=\"image\/jpeg\" \/>\n<meta name=\"author\" content=\"Not\u00edcias em Destaque\" \/>\n<meta name=\"twitter:card\" content=\"summary_large_image\" \/>\n<meta name=\"twitter:label1\" content=\"Escrito por\" \/>\n\t<meta name=\"twitter:data1\" content=\"Not\u00edcias em Destaque\" \/>\n\t<meta name=\"twitter:label2\" content=\"Est. tempo de leitura\" \/>\n\t<meta name=\"twitter:data2\" content=\"1 minuto\" \/>\n<script type=\"application\/ld+json\" class=\"yoast-schema-graph\">{\"@context\":\"https:\/\/schema.org\",\"@graph\":[{\"@type\":\"Article\",\"@id\":\"https:\/\/noticiasemdestaque.com\/cd\/?p=50844#article\",\"isPartOf\":{\"@id\":\"https:\/\/noticiasemdestaque.com\/cd\/?p=50844\"},\"author\":{\"name\":\"Not\u00edcias em Destaque\",\"@id\":\"https:\/\/noticiasemdestaque.com\/cd\/#\/schema\/person\/21320b03a7e8bb90128938dafc9b908a\"},\"headline\":\"Prefeitura de Ouro Velho antecipa pagamento dos servidores referente ao m\u00eas de agosto\",\"datePublished\":\"2023-08-17T11:46:09+00:00\",\"mainEntityOfPage\":{\"@id\":\"https:\/\/noticiasemdestaque.com\/cd\/?p=50844\"},\"wordCount\":177,\"publisher\":{\"@id\":\"https:\/\/noticiasemdestaque.com\/cd\/#organization\"},\"image\":{\"@id\":\"https:\/\/noticiasemdestaque.com\/cd\/?p=50844#primaryimage\"},\"thumbnailUrl\":\"https:\/\/noticiasemdestaque.com\/cd\/wp-content\/uploads\/2023\/07\/Dinheiro_-salario-minimo-_-2022-FT-Marcello-Casal-Jr-ABR-1160x694-1.jpg\",\"articleSection\":[\"Cidades\"],\"inLanguage\":\"pt-BR\"},{\"@type\":\"WebPage\",\"@id\":\"https:\/\/noticiasemdestaque.com\/cd\/?p=50844\",\"url\":\"https:\/\/noticiasemdestaque.com\/cd\/?p=50844\",\"name\":\"Prefeitura de Ouro Velho antecipa pagamento dos servidores referente ao m\u00eas de agosto - Not&iacute;cias em Destaque\",\"isPartOf\":{\"@id\":\"https:\/\/noticiasemdestaque.com\/cd\/#website\"},\"primaryImageOfPage\":{\"@id\":\"https:\/\/noticiasemdestaque.com\/cd\/?p=50844#primaryimage\"},\"image\":{\"@id\":\"https:\/\/noticiasemdestaque.com\/cd\/?p=50844#primaryimage\"},\"thumbnailUrl\":\"https:\/\/noticiasemdestaque.com\/cd\/wp-content\/uploads\/2023\/07\/Dinheiro_-salario-minimo-_-2022-FT-Marcello-Casal-Jr-ABR-1160x694-1.jpg\",\"datePublished\":\"2023-08-17T11:46:09+00:00\",\"breadcrumb\":{\"@id\":\"https:\/\/noticiasemdestaque.com\/cd\/?p=50844#breadcrumb\"},\"inLanguage\":\"pt-BR\",\"potentialAction\":[{\"@type\":\"ReadAction\",\"target\":[\"https:\/\/noticiasemdestaque.com\/cd\/?p=50844\"]}]},{\"@type\":\"ImageObject\",\"inLanguage\":\"pt-BR\",\"@id\":\"https:\/\/noticiasemdestaque.com\/cd\/?p=50844#primaryimage\",\"url\":\"https:\/\/noticiasemdestaque.com\/cd\/wp-content\/uploads\/2023\/07\/Dinheiro_-salario-minimo-_-2022-FT-Marcello-Casal-Jr-ABR-1160x694-1.jpg\",\"contentUrl\":\"https:\/\/noticiasemdestaque.com\/cd\/wp-content\/uploads\/2023\/07\/Dinheiro_-salario-minimo-_-2022-FT-Marcello-Casal-Jr-ABR-1160x694-1.jpg\",\"width\":1160,\"height\":694},{\"@type\":\"BreadcrumbList\",\"@id\":\"https:\/\/noticiasemdestaque.com\/cd\/?p=50844#breadcrumb\",\"itemListElement\":[{\"@type\":\"ListItem\",\"position\":1,\"name\":\"In\u00edcio\",\"item\":\"https:\/\/noticiasemdestaque.com\/cd\/\"},{\"@type\":\"ListItem\",\"position\":2,\"name\":\"Prefeitura de Ouro Velho antecipa pagamento dos servidores referente ao m\u00eas de agosto\"}]},{\"@type\":\"WebSite\",\"@id\":\"https:\/\/noticiasemdestaque.com\/cd\/#website\",\"url\":\"https:\/\/noticiasemdestaque.com\/cd\/\",\"name\":\"Not&iacute;cias em Destaque\",\"description\":\"\",\"publisher\":{\"@id\":\"https:\/\/noticiasemdestaque.com\/cd\/#organization\"},\"potentialAction\":[{\"@type\":\"SearchAction\",\"target\":{\"@type\":\"EntryPoint\",\"urlTemplate\":\"https:\/\/noticiasemdestaque.com\/cd\/?s={search_term_string}\"},\"query-input\":{\"@type\":\"PropertyValueSpecification\",\"valueRequired\":true,\"valueName\":\"search_term_string\"}}],\"inLanguage\":\"pt-BR\"},{\"@type\":\"Organization\",\"@id\":\"https:\/\/noticiasemdestaque.com\/cd\/#organization\",\"name\":\"Not\u00edcias em Destaque\",\"url\":\"https:\/\/noticiasemdestaque.com\/cd\/\",\"logo\":{\"@type\":\"ImageObject\",\"inLanguage\":\"pt-BR\",\"@id\":\"https:\/\/noticiasemdestaque.com\/cd\/#\/schema\/logo\/image\/\",\"url\":\"https:\/\/noticiasemdestaque.com\/cd\/wp-content\/uploads\/2022\/05\/imagem-base-noticiasemdestaque.png\",\"contentUrl\":\"https:\/\/noticiasemdestaque.com\/cd\/wp-content\/uploads\/2022\/05\/imagem-base-noticiasemdestaque.png\",\"width\":1200,\"height\":630,\"caption\":\"Not\u00edcias em Destaque\"},\"image\":{\"@id\":\"https:\/\/noticiasemdestaque.com\/cd\/#\/schema\/logo\/image\/\"}},{\"@type\":\"Person\",\"@id\":\"https:\/\/noticiasemdestaque.com\/cd\/#\/schema\/person\/21320b03a7e8bb90128938dafc9b908a\",\"name\":\"Not\u00edcias em Destaque\",\"url\":\"https:\/\/noticiasemdestaque.com\/cd\/?author=2\"}]}<\/script>\n<!-- \/ Yoast SEO plugin. -->","yoast_head_json":{"title":"Prefeitura de Ouro Velho antecipa pagamento dos servidores referente ao m\u00eas de agosto - Not&iacute;cias em Destaque","robots":{"index":"index","follow":"follow","max-snippet":"max-snippet:-1","max-image-preview":"max-image-preview:large","max-video-preview":"max-video-preview:-1"},"canonical":"https:\/\/noticiasemdestaque.com\/cd\/?p=50844","og_locale":"pt_BR","og_type":"article","og_title":"Prefeitura de Ouro Velho antecipa pagamento dos servidores referente ao m\u00eas de agosto - Not&iacute;cias em Destaque","og_description":"A Prefeitura de Ouro Velho, no Cariri, anunciou a antecipa\u00e7\u00e3o do pagamento dos servidores referente ao m\u00eas de agosto. A not\u00edcia foi divulgada pelo prefeito Dr. Augusto Valadares, que vem mantendo a pol\u00edtica de valoriza\u00e7\u00e3o do servidor p\u00fablico desde da gest\u00e3o da ex-prefeita, Nat\u00e1lia de Dr. J\u00fanior. A medida demonstra o comprometimento da gest\u00e3o municipal em manter em dia os sal\u00e1rios dos servidores. Para o prefeito Dr. Augusto Valadares, a antecipa\u00e7\u00e3o do pagamento \u00e9 uma forma de reconhecer o esfor\u00e7o e a dedica\u00e7\u00e3o dos servidores municipais. \u201cSabemos da import\u00e2ncia do trabalho de cada um para o bom funcionamento da cidade e, por isso, estamos sempre empenhados em garantir que os sal\u00e1rios sejam pagos com anteced\u00eancia\u201d, afirma o prefeito. De acordo com o prefeito, a medida tamb\u00e9m fortalece a economia local, j\u00e1 que o dinheiro circula no com\u00e9rcio da cidade, gerando mais empregos e renda. &nbsp;","og_url":"https:\/\/noticiasemdestaque.com\/cd\/?p=50844","og_site_name":"Not&iacute;cias em Destaque","article_published_time":"2023-08-17T11:46:09+00:00","og_image":[{"width":1160,"height":694,"url":"https:\/\/noticiasemdestaque.com\/cd\/wp-content\/uploads\/2023\/07\/Dinheiro_-salario-minimo-_-2022-FT-Marcello-Casal-Jr-ABR-1160x694-1.jpg","type":"image\/jpeg"}],"author":"Not\u00edcias em Destaque","twitter_card":"summary_large_image","twitter_misc":{"Escrito por":"Not\u00edcias em Destaque","Est. tempo de leitura":"1 minuto"},"schema":{"@context":"https:\/\/schema.org","@graph":[{"@type":"Article","@id":"https:\/\/noticiasemdestaque.com\/cd\/?p=50844#article","isPartOf":{"@id":"https:\/\/noticiasemdestaque.com\/cd\/?p=50844"},"author":{"name":"Not\u00edcias em Destaque","@id":"https:\/\/noticiasemdestaque.com\/cd\/#\/schema\/person\/21320b03a7e8bb90128938dafc9b908a"},"headline":"Prefeitura de Ouro Velho antecipa pagamento dos servidores referente ao m\u00eas de agosto","datePublished":"2023-08-17T11:46:09+00:00","mainEntityOfPage":{"@id":"https:\/\/noticiasemdestaque.com\/cd\/?p=50844"},"wordCount":177,"publisher":{"@id":"https:\/\/noticiasemdestaque.com\/cd\/#organization"},"image":{"@id":"https:\/\/noticiasemdestaque.com\/cd\/?p=50844#primaryimage"},"thumbnailUrl":"https:\/\/noticiasemdestaque.com\/cd\/wp-content\/uploads\/2023\/07\/Dinheiro_-salario-minimo-_-2022-FT-Marcello-Casal-Jr-ABR-1160x694-1.jpg","articleSection":["Cidades"],"inLanguage":"pt-BR"},{"@type":"WebPage","@id":"https:\/\/noticiasemdestaque.com\/cd\/?p=50844","url":"https:\/\/noticiasemdestaque.com\/cd\/?p=50844","name":"Prefeitura de Ouro Velho antecipa pagamento dos servidores referente ao m\u00eas de agosto - Not&iacute;cias em Destaque","isPartOf":{"@id":"https:\/\/noticiasemdestaque.com\/cd\/#website"},"primaryImageOfPage":{"@id":"https:\/\/noticiasemdestaque.com\/cd\/?p=50844#primaryimage"},"image":{"@id":"https:\/\/noticiasemdestaque.com\/cd\/?p=50844#primaryimage"},"thumbnailUrl":"https:\/\/noticiasemdestaque.com\/cd\/wp-content\/uploads\/2023\/07\/Dinheiro_-salario-minimo-_-2022-FT-Marcello-Casal-Jr-ABR-1160x694-1.jpg","datePublished":"2023-08-17T11:46:09+00:00","breadcrumb":{"@id":"https:\/\/noticiasemdestaque.com\/cd\/?p=50844#breadcrumb"},"inLanguage":"pt-BR","potentialAction":[{"@type":"ReadAction","target":["https:\/\/noticiasemdestaque.com\/cd\/?p=50844"]}]},{"@type":"ImageObject","inLanguage":"pt-BR","@id":"https:\/\/noticiasemdestaque.com\/cd\/?p=50844#primaryimage","url":"https:\/\/noticiasemdestaque.com\/cd\/wp-content\/uploads\/2023\/07\/Dinheiro_-salario-minimo-_-2022-FT-Marcello-Casal-Jr-ABR-1160x694-1.jpg","contentUrl":"https:\/\/noticiasemdestaque.com\/cd\/wp-content\/uploads\/2023\/07\/Dinheiro_-salario-minimo-_-2022-FT-Marcello-Casal-Jr-ABR-1160x694-1.jpg","width":1160,"height":694},{"@type":"BreadcrumbList","@id":"https:\/\/noticiasemdestaque.com\/cd\/?p=50844#breadcrumb","itemListElement":[{"@type":"ListItem","position":1,"name":"In\u00edcio","item":"https:\/\/noticiasemdestaque.com\/cd\/"},{"@type":"ListItem","position":2,"name":"Prefeitura de Ouro Velho antecipa pagamento dos servidores referente ao m\u00eas de agosto"}]},{"@type":"WebSite","@id":"https:\/\/noticiasemdestaque.com\/cd\/#website","url":"https:\/\/noticiasemdestaque.com\/cd\/","name":"Not&iacute;cias em Destaque","description":"","publisher":{"@id":"https:\/\/noticiasemdestaque.com\/cd\/#organization"},"potentialAction":[{"@type":"SearchAction","target":{"@type":"EntryPoint","urlTemplate":"https:\/\/noticiasemdestaque.com\/cd\/?s={search_term_string}"},"query-input":{"@type":"PropertyValueSpecification","valueRequired":true,"valueName":"search_term_string"}}],"inLanguage":"pt-BR"},{"@type":"Organization","@id":"https:\/\/noticiasemdestaque.com\/cd\/#organization","name":"Not\u00edcias em Destaque","url":"https:\/\/noticiasemdestaque.com\/cd\/","logo":{"@type":"ImageObject","inLanguage":"pt-BR","@id":"https:\/\/noticiasemdestaque.com\/cd\/#\/schema\/logo\/image\/","url":"https:\/\/noticiasemdestaque.com\/cd\/wp-content\/uploads\/2022\/05\/imagem-base-noticiasemdestaque.png","contentUrl":"https:\/\/noticiasemdestaque.com\/cd\/wp-content\/uploads\/2022\/05\/imagem-base-noticiasemdestaque.png","width":1200,"height":630,"caption":"Not\u00edcias em Destaque"},"image":{"@id":"https:\/\/noticiasemdestaque.com\/cd\/#\/schema\/logo\/image\/"}},{"@type":"Person","@id":"https:\/\/noticiasemdestaque.com\/cd\/#\/schema\/person\/21320b03a7e8bb90128938dafc9b908a","name":"Not\u00edcias em Destaque","url":"https:\/\/noticiasemdestaque.com\/cd\/?author=2"}]}},"jetpack_featured_media_url":"https:\/\/noticiasemdestaque.com\/cd\/wp-content\/uploads\/2023\/07\/Dinheiro_-salario-minimo-_-2022-FT-Marcello-Casal-Jr-ABR-1160x694-1.jpg","jetpack_sharing_enabled":true,"_links":{"self":[{"href":"https:\/\/noticiasemdestaque.com\/cd\/index.php?rest_route=\/wp\/v2\/posts\/50844","targetHints":{"allow":["GET"]}}],"collection":[{"href":"https:\/\/noticiasemdestaque.com\/cd\/index.php?rest_route=\/wp\/v2\/posts"}],"about":[{"href":"https:\/\/noticiasemdestaque.com\/cd\/index.php?rest_route=\/wp\/v2\/types\/post"}],"author":[{"embeddable":true,"href":"https:\/\/noticiasemdestaque.com\/cd\/index.php?rest_route=\/wp\/v2\/users\/2"}],"replies":[{"embeddable":true,"href":"https:\/\/noticiasemdestaque.com\/cd\/index.php?rest_route=%2Fwp%2Fv2%2Fcomments&post=50844"}],"version-history":[{"count":2,"href":"https:\/\/noticiasemdestaque.com\/cd\/index.php?rest_route=\/wp\/v2\/posts\/50844\/revisions"}],"predecessor-version":[{"id":50846,"href":"https:\/\/noticiasemdestaque.com\/cd\/index.php?rest_route=\/wp\/v2\/posts\/50844\/revisions\/50846"}],"wp:featuredmedia":[{"embeddable":true,"href":"https:\/\/noticiasemdestaque.com\/cd\/index.php?rest_route=\/wp\/v2\/media\/50262"}],"wp:attachment":[{"href":"https:\/\/noticiasemdestaque.com\/cd\/index.php?rest_route=%2Fwp%2Fv2%2Fmedia&parent=50844"}],"wp:term":[{"taxonomy":"category","embeddable":true,"href":"https:\/\/noticiasemdestaque.com\/cd\/index.php?rest_route=%2Fwp%2Fv2%2Fcategories&post=50844"},{"taxonomy":"post_tag","embeddable":true,"href":"https:\/\/noticiasemdestaque.com\/cd\/index.php?rest_route=%2Fwp%2Fv2%2Ftags&post=50844"}],"curies":[{"name":"wp","href":"https:\/\/api.w.org\/{rel}","templated":true}]}}