{"id":50795,"date":"2023-08-15T08:24:58","date_gmt":"2023-08-15T11:24:58","guid":{"rendered":"https:\/\/noticiasemdestaque.com\/cd\/?p=50795"},"modified":"2023-08-15T08:24:58","modified_gmt":"2023-08-15T11:24:58","slug":"prefeitos-caririzeiros-viajam-a-brasilia-para-participar-de-mobilizacao-em-favor-dos-municipios","status":"publish","type":"post","link":"https:\/\/noticiasemdestaque.com\/cd\/?p=50795","title":{"rendered":"Prefeitos Caririzeiros viajam \u00e0 Bras\u00edlia para participar de mobiliza\u00e7\u00e3o em favor dos munic\u00edpios"},"content":{"rendered":"<p><a href=\"https:\/\/noticiasemdestaque.com\/cd\/wp-content\/uploads\/2023\/08\/brasilia-1536x735-2-960x640-1.jpg\"><img fetchpriority=\"high\" decoding=\"async\" class=\"size-medium wp-image-50711 aligncenter\" src=\"https:\/\/noticiasemdestaque.com\/cd\/wp-content\/uploads\/2023\/08\/brasilia-1536x735-2-960x640-1-300x200.jpg\" alt=\"\" width=\"300\" height=\"200\" srcset=\"https:\/\/noticiasemdestaque.com\/cd\/wp-content\/uploads\/2023\/08\/brasilia-1536x735-2-960x640-1-300x200.jpg 300w, https:\/\/noticiasemdestaque.com\/cd\/wp-content\/uploads\/2023\/08\/brasilia-1536x735-2-960x640-1-768x512.jpg 768w, https:\/\/noticiasemdestaque.com\/cd\/wp-content\/uploads\/2023\/08\/brasilia-1536x735-2-960x640-1-18x12.jpg 18w, https:\/\/noticiasemdestaque.com\/cd\/wp-content\/uploads\/2023\/08\/brasilia-1536x735-2-960x640-1.jpg 960w\" sizes=\"(max-width: 300px) 100vw, 300px\" \/><\/a><\/p>\n<p>Cerca de 60 prefeitos da Para\u00edba est\u00e3o em Bras\u00edlia para participar de uma mobiliza\u00e7\u00e3o em defesa dos munic\u00edpios a partir desta ter\u00e7a-feira (15). Da regi\u00e3o do Cariri, viajaram os prefeitos M\u00e1rcio Leite (S\u00e3o Jo\u00e3o do Tigre) e Anna Lorena (Monteiro).<\/p>\n<p>De acordo com o presidente da Federa\u00e7\u00e3o das Associa\u00e7\u00f5es de Munic\u00edpios da Para\u00edba (Famup), George Coelho, at\u00e9 esta quinta-feira (10\/08), cerca de 60 (sessenta) prefeitos j\u00e1 confirmaram presen\u00e7a no movimento que ser\u00e1 realizado na Capital Federal nos pr\u00f3ximos dias 15 e 16 de agosto de 2023.<\/p>\n<p>George Coelho afirma que al\u00e9m da queda do FPM, que j\u00e1 alcan\u00e7ou o patamar de 21% (vinte e um por cento) no primeiro dec\u00eanio, outras reivindica\u00e7\u00f5es tamb\u00e9m estar\u00e3o na pauta como, por exemplo, uma reforma tribut\u00e1ria justa e o repasse de verbas para pagamento do piso da Enfermagem.<\/p>\n<p>&nbsp;<\/p>\n","protected":false},"excerpt":{"rendered":"<p>Cerca de 60 prefeitos da Para\u00edba est\u00e3o em Bras\u00edlia para participar de uma mobiliza\u00e7\u00e3o em defesa dos munic\u00edpios a partir desta ter\u00e7a-feira (15). Da regi\u00e3o do Cariri, viajaram os prefeitos M\u00e1rcio Leite (S\u00e3o Jo\u00e3o do Tigre) e Anna Lorena (Monteiro). De acordo com o presidente da Federa\u00e7\u00e3o das Associa\u00e7\u00f5es de Munic\u00edpios da Para\u00edba (Famup), George Coelho, at\u00e9 esta quinta-feira (10\/08), cerca de 60 (sessenta) prefeitos j\u00e1 confirmaram presen\u00e7a no movimento que ser\u00e1 realizado na Capital Federal nos pr\u00f3ximos dias 15 e 16 de agosto de 2023. George Coelho afirma que al\u00e9m da queda do FPM, que j\u00e1 alcan\u00e7ou o patamar de 21% (vinte e um por cento) no primeiro dec\u00eanio, outras reivindica\u00e7\u00f5es tamb\u00e9m estar\u00e3o na pauta como, por exemplo, uma reforma tribut\u00e1ria justa e o repasse de verbas para pagamento do piso da Enfermagem. &nbsp;<\/p>\n","protected":false},"author":2,"featured_media":50711,"comment_status":"closed","ping_status":"open","sticky":false,"template":"","format":"standard","meta":{"_eb_attr":"","_jetpack_memberships_contains_paid_content":false,"footnotes":""},"categories":[4],"tags":[],"class_list":["post-50795","post","type-post","status-publish","format-standard","has-post-thumbnail","hentry","category-politica"],"yoast_head":"<!-- This site is optimized with the Yoast SEO plugin v26.5 - https:\/\/yoast.com\/wordpress\/plugins\/seo\/ -->\n<title>Prefeitos Caririzeiros viajam \u00e0 Bras\u00edlia para participar de mobiliza\u00e7\u00e3o em favor dos munic\u00edpios - Not&iacute;cias em Destaque<\/title>\n<meta name=\"robots\" content=\"index, follow, max-snippet:-1, max-image-preview:large, max-video-preview:-1\" \/>\n<link rel=\"canonical\" href=\"https:\/\/noticiasemdestaque.com\/cd\/?p=50795\" \/>\n<meta property=\"og:locale\" content=\"pt_BR\" \/>\n<meta property=\"og:type\" content=\"article\" \/>\n<meta property=\"og:title\" content=\"Prefeitos Caririzeiros viajam \u00e0 Bras\u00edlia para participar de mobiliza\u00e7\u00e3o em favor dos munic\u00edpios - Not&iacute;cias em Destaque\" \/>\n<meta property=\"og:description\" content=\"Cerca de 60 prefeitos da Para\u00edba est\u00e3o em Bras\u00edlia para participar de uma mobiliza\u00e7\u00e3o em defesa dos munic\u00edpios a partir desta ter\u00e7a-feira (15). Da regi\u00e3o do Cariri, viajaram os prefeitos M\u00e1rcio Leite (S\u00e3o Jo\u00e3o do Tigre) e Anna Lorena (Monteiro). De acordo com o presidente da Federa\u00e7\u00e3o das Associa\u00e7\u00f5es de Munic\u00edpios da Para\u00edba (Famup), George Coelho, at\u00e9 esta quinta-feira (10\/08), cerca de 60 (sessenta) prefeitos j\u00e1 confirmaram presen\u00e7a no movimento que ser\u00e1 realizado na Capital Federal nos pr\u00f3ximos dias 15 e 16 de agosto de 2023. George Coelho afirma que al\u00e9m da queda do FPM, que j\u00e1 alcan\u00e7ou o patamar de 21% (vinte e um por cento) no primeiro dec\u00eanio, outras reivindica\u00e7\u00f5es tamb\u00e9m estar\u00e3o na pauta como, por exemplo, uma reforma tribut\u00e1ria justa e o repasse de verbas para pagamento do piso da Enfermagem. &nbsp;\" \/>\n<meta property=\"og:url\" content=\"https:\/\/noticiasemdestaque.com\/cd\/?p=50795\" \/>\n<meta property=\"og:site_name\" content=\"Not&iacute;cias em Destaque\" \/>\n<meta property=\"article:published_time\" content=\"2023-08-15T11:24:58+00:00\" \/>\n<meta property=\"og:image\" content=\"https:\/\/noticiasemdestaque.com\/cd\/wp-content\/uploads\/2023\/08\/brasilia-1536x735-2-960x640-1.jpg\" \/>\n\t<meta property=\"og:image:width\" content=\"960\" \/>\n\t<meta property=\"og:image:height\" content=\"640\" \/>\n\t<meta property=\"og:image:type\" content=\"image\/jpeg\" \/>\n<meta name=\"author\" content=\"Not\u00edcias em Destaque\" \/>\n<meta name=\"twitter:card\" content=\"summary_large_image\" \/>\n<meta name=\"twitter:label1\" content=\"Escrito por\" \/>\n\t<meta name=\"twitter:data1\" content=\"Not\u00edcias em Destaque\" \/>\n\t<meta name=\"twitter:label2\" content=\"Est. tempo de leitura\" \/>\n\t<meta name=\"twitter:data2\" content=\"1 minuto\" \/>\n<script type=\"application\/ld+json\" class=\"yoast-schema-graph\">{\"@context\":\"https:\/\/schema.org\",\"@graph\":[{\"@type\":\"Article\",\"@id\":\"https:\/\/noticiasemdestaque.com\/cd\/?p=50795#article\",\"isPartOf\":{\"@id\":\"https:\/\/noticiasemdestaque.com\/cd\/?p=50795\"},\"author\":{\"name\":\"Not\u00edcias em Destaque\",\"@id\":\"https:\/\/noticiasemdestaque.com\/cd\/#\/schema\/person\/4a81fb71f77579d059c3045891fa1786\"},\"headline\":\"Prefeitos Caririzeiros viajam \u00e0 Bras\u00edlia para participar de mobiliza\u00e7\u00e3o em favor dos munic\u00edpios\",\"datePublished\":\"2023-08-15T11:24:58+00:00\",\"mainEntityOfPage\":{\"@id\":\"https:\/\/noticiasemdestaque.com\/cd\/?p=50795\"},\"wordCount\":165,\"publisher\":{\"@id\":\"https:\/\/noticiasemdestaque.com\/cd\/#organization\"},\"image\":{\"@id\":\"https:\/\/noticiasemdestaque.com\/cd\/?p=50795#primaryimage\"},\"thumbnailUrl\":\"https:\/\/noticiasemdestaque.com\/cd\/wp-content\/uploads\/2023\/08\/brasilia-1536x735-2-960x640-1.jpg\",\"articleSection\":[\"Pol\u00edtica\"],\"inLanguage\":\"pt-BR\"},{\"@type\":\"WebPage\",\"@id\":\"https:\/\/noticiasemdestaque.com\/cd\/?p=50795\",\"url\":\"https:\/\/noticiasemdestaque.com\/cd\/?p=50795\",\"name\":\"Prefeitos Caririzeiros viajam \u00e0 Bras\u00edlia para participar de mobiliza\u00e7\u00e3o em favor dos munic\u00edpios - Not&iacute;cias em Destaque\",\"isPartOf\":{\"@id\":\"https:\/\/noticiasemdestaque.com\/cd\/#website\"},\"primaryImageOfPage\":{\"@id\":\"https:\/\/noticiasemdestaque.com\/cd\/?p=50795#primaryimage\"},\"image\":{\"@id\":\"https:\/\/noticiasemdestaque.com\/cd\/?p=50795#primaryimage\"},\"thumbnailUrl\":\"https:\/\/noticiasemdestaque.com\/cd\/wp-content\/uploads\/2023\/08\/brasilia-1536x735-2-960x640-1.jpg\",\"datePublished\":\"2023-08-15T11:24:58+00:00\",\"breadcrumb\":{\"@id\":\"https:\/\/noticiasemdestaque.com\/cd\/?p=50795#breadcrumb\"},\"inLanguage\":\"pt-BR\",\"potentialAction\":[{\"@type\":\"ReadAction\",\"target\":[\"https:\/\/noticiasemdestaque.com\/cd\/?p=50795\"]}]},{\"@type\":\"ImageObject\",\"inLanguage\":\"pt-BR\",\"@id\":\"https:\/\/noticiasemdestaque.com\/cd\/?p=50795#primaryimage\",\"url\":\"https:\/\/noticiasemdestaque.com\/cd\/wp-content\/uploads\/2023\/08\/brasilia-1536x735-2-960x640-1.jpg\",\"contentUrl\":\"https:\/\/noticiasemdestaque.com\/cd\/wp-content\/uploads\/2023\/08\/brasilia-1536x735-2-960x640-1.jpg\",\"width\":960,\"height\":640},{\"@type\":\"BreadcrumbList\",\"@id\":\"https:\/\/noticiasemdestaque.com\/cd\/?p=50795#breadcrumb\",\"itemListElement\":[{\"@type\":\"ListItem\",\"position\":1,\"name\":\"In\u00edcio\",\"item\":\"https:\/\/noticiasemdestaque.com\/cd\/\"},{\"@type\":\"ListItem\",\"position\":2,\"name\":\"Prefeitos Caririzeiros viajam \u00e0 Bras\u00edlia para participar de mobiliza\u00e7\u00e3o em favor dos munic\u00edpios\"}]},{\"@type\":\"WebSite\",\"@id\":\"https:\/\/noticiasemdestaque.com\/cd\/#website\",\"url\":\"https:\/\/noticiasemdestaque.com\/cd\/\",\"name\":\"Not&iacute;cias em Destaque\",\"description\":\"\",\"publisher\":{\"@id\":\"https:\/\/noticiasemdestaque.com\/cd\/#organization\"},\"potentialAction\":[{\"@type\":\"SearchAction\",\"target\":{\"@type\":\"EntryPoint\",\"urlTemplate\":\"https:\/\/noticiasemdestaque.com\/cd\/?s={search_term_string}\"},\"query-input\":{\"@type\":\"PropertyValueSpecification\",\"valueRequired\":true,\"valueName\":\"search_term_string\"}}],\"inLanguage\":\"pt-BR\"},{\"@type\":\"Organization\",\"@id\":\"https:\/\/noticiasemdestaque.com\/cd\/#organization\",\"name\":\"Not\u00edcias em Destaque\",\"url\":\"https:\/\/noticiasemdestaque.com\/cd\/\",\"logo\":{\"@type\":\"ImageObject\",\"inLanguage\":\"pt-BR\",\"@id\":\"https:\/\/noticiasemdestaque.com\/cd\/#\/schema\/logo\/image\/\",\"url\":\"https:\/\/noticiasemdestaque.com\/cd\/wp-content\/uploads\/2022\/05\/imagem-base-noticiasemdestaque.png\",\"contentUrl\":\"https:\/\/noticiasemdestaque.com\/cd\/wp-content\/uploads\/2022\/05\/imagem-base-noticiasemdestaque.png\",\"width\":1200,\"height\":630,\"caption\":\"Not\u00edcias em Destaque\"},\"image\":{\"@id\":\"https:\/\/noticiasemdestaque.com\/cd\/#\/schema\/logo\/image\/\"}},{\"@type\":\"Person\",\"@id\":\"https:\/\/noticiasemdestaque.com\/cd\/#\/schema\/person\/4a81fb71f77579d059c3045891fa1786\",\"name\":\"Not\u00edcias em Destaque\",\"url\":\"https:\/\/noticiasemdestaque.com\/cd\/?author=2\"}]}<\/script>\n<!-- \/ Yoast SEO plugin. -->","yoast_head_json":{"title":"Prefeitos Caririzeiros viajam \u00e0 Bras\u00edlia para participar de mobiliza\u00e7\u00e3o em favor dos munic\u00edpios - Not&iacute;cias em Destaque","robots":{"index":"index","follow":"follow","max-snippet":"max-snippet:-1","max-image-preview":"max-image-preview:large","max-video-preview":"max-video-preview:-1"},"canonical":"https:\/\/noticiasemdestaque.com\/cd\/?p=50795","og_locale":"pt_BR","og_type":"article","og_title":"Prefeitos Caririzeiros viajam \u00e0 Bras\u00edlia para participar de mobiliza\u00e7\u00e3o em favor dos munic\u00edpios - Not&iacute;cias em Destaque","og_description":"Cerca de 60 prefeitos da Para\u00edba est\u00e3o em Bras\u00edlia para participar de uma mobiliza\u00e7\u00e3o em defesa dos munic\u00edpios a partir desta ter\u00e7a-feira (15). Da regi\u00e3o do Cariri, viajaram os prefeitos M\u00e1rcio Leite (S\u00e3o Jo\u00e3o do Tigre) e Anna Lorena (Monteiro). De acordo com o presidente da Federa\u00e7\u00e3o das Associa\u00e7\u00f5es de Munic\u00edpios da Para\u00edba (Famup), George Coelho, at\u00e9 esta quinta-feira (10\/08), cerca de 60 (sessenta) prefeitos j\u00e1 confirmaram presen\u00e7a no movimento que ser\u00e1 realizado na Capital Federal nos pr\u00f3ximos dias 15 e 16 de agosto de 2023. George Coelho afirma que al\u00e9m da queda do FPM, que j\u00e1 alcan\u00e7ou o patamar de 21% (vinte e um por cento) no primeiro dec\u00eanio, outras reivindica\u00e7\u00f5es tamb\u00e9m estar\u00e3o na pauta como, por exemplo, uma reforma tribut\u00e1ria justa e o repasse de verbas para pagamento do piso da Enfermagem. &nbsp;","og_url":"https:\/\/noticiasemdestaque.com\/cd\/?p=50795","og_site_name":"Not&iacute;cias em Destaque","article_published_time":"2023-08-15T11:24:58+00:00","og_image":[{"width":960,"height":640,"url":"https:\/\/noticiasemdestaque.com\/cd\/wp-content\/uploads\/2023\/08\/brasilia-1536x735-2-960x640-1.jpg","type":"image\/jpeg"}],"author":"Not\u00edcias em Destaque","twitter_card":"summary_large_image","twitter_misc":{"Escrito por":"Not\u00edcias em Destaque","Est. tempo de leitura":"1 minuto"},"schema":{"@context":"https:\/\/schema.org","@graph":[{"@type":"Article","@id":"https:\/\/noticiasemdestaque.com\/cd\/?p=50795#article","isPartOf":{"@id":"https:\/\/noticiasemdestaque.com\/cd\/?p=50795"},"author":{"name":"Not\u00edcias em Destaque","@id":"https:\/\/noticiasemdestaque.com\/cd\/#\/schema\/person\/4a81fb71f77579d059c3045891fa1786"},"headline":"Prefeitos Caririzeiros viajam \u00e0 Bras\u00edlia para participar de mobiliza\u00e7\u00e3o em favor dos munic\u00edpios","datePublished":"2023-08-15T11:24:58+00:00","mainEntityOfPage":{"@id":"https:\/\/noticiasemdestaque.com\/cd\/?p=50795"},"wordCount":165,"publisher":{"@id":"https:\/\/noticiasemdestaque.com\/cd\/#organization"},"image":{"@id":"https:\/\/noticiasemdestaque.com\/cd\/?p=50795#primaryimage"},"thumbnailUrl":"https:\/\/noticiasemdestaque.com\/cd\/wp-content\/uploads\/2023\/08\/brasilia-1536x735-2-960x640-1.jpg","articleSection":["Pol\u00edtica"],"inLanguage":"pt-BR"},{"@type":"WebPage","@id":"https:\/\/noticiasemdestaque.com\/cd\/?p=50795","url":"https:\/\/noticiasemdestaque.com\/cd\/?p=50795","name":"Prefeitos Caririzeiros viajam \u00e0 Bras\u00edlia para participar de mobiliza\u00e7\u00e3o em favor dos munic\u00edpios - Not&iacute;cias em Destaque","isPartOf":{"@id":"https:\/\/noticiasemdestaque.com\/cd\/#website"},"primaryImageOfPage":{"@id":"https:\/\/noticiasemdestaque.com\/cd\/?p=50795#primaryimage"},"image":{"@id":"https:\/\/noticiasemdestaque.com\/cd\/?p=50795#primaryimage"},"thumbnailUrl":"https:\/\/noticiasemdestaque.com\/cd\/wp-content\/uploads\/2023\/08\/brasilia-1536x735-2-960x640-1.jpg","datePublished":"2023-08-15T11:24:58+00:00","breadcrumb":{"@id":"https:\/\/noticiasemdestaque.com\/cd\/?p=50795#breadcrumb"},"inLanguage":"pt-BR","potentialAction":[{"@type":"ReadAction","target":["https:\/\/noticiasemdestaque.com\/cd\/?p=50795"]}]},{"@type":"ImageObject","inLanguage":"pt-BR","@id":"https:\/\/noticiasemdestaque.com\/cd\/?p=50795#primaryimage","url":"https:\/\/noticiasemdestaque.com\/cd\/wp-content\/uploads\/2023\/08\/brasilia-1536x735-2-960x640-1.jpg","contentUrl":"https:\/\/noticiasemdestaque.com\/cd\/wp-content\/uploads\/2023\/08\/brasilia-1536x735-2-960x640-1.jpg","width":960,"height":640},{"@type":"BreadcrumbList","@id":"https:\/\/noticiasemdestaque.com\/cd\/?p=50795#breadcrumb","itemListElement":[{"@type":"ListItem","position":1,"name":"In\u00edcio","item":"https:\/\/noticiasemdestaque.com\/cd\/"},{"@type":"ListItem","position":2,"name":"Prefeitos Caririzeiros viajam \u00e0 Bras\u00edlia para participar de mobiliza\u00e7\u00e3o em favor dos munic\u00edpios"}]},{"@type":"WebSite","@id":"https:\/\/noticiasemdestaque.com\/cd\/#website","url":"https:\/\/noticiasemdestaque.com\/cd\/","name":"Not&iacute;cias em Destaque","description":"","publisher":{"@id":"https:\/\/noticiasemdestaque.com\/cd\/#organization"},"potentialAction":[{"@type":"SearchAction","target":{"@type":"EntryPoint","urlTemplate":"https:\/\/noticiasemdestaque.com\/cd\/?s={search_term_string}"},"query-input":{"@type":"PropertyValueSpecification","valueRequired":true,"valueName":"search_term_string"}}],"inLanguage":"pt-BR"},{"@type":"Organization","@id":"https:\/\/noticiasemdestaque.com\/cd\/#organization","name":"Not\u00edcias em Destaque","url":"https:\/\/noticiasemdestaque.com\/cd\/","logo":{"@type":"ImageObject","inLanguage":"pt-BR","@id":"https:\/\/noticiasemdestaque.com\/cd\/#\/schema\/logo\/image\/","url":"https:\/\/noticiasemdestaque.com\/cd\/wp-content\/uploads\/2022\/05\/imagem-base-noticiasemdestaque.png","contentUrl":"https:\/\/noticiasemdestaque.com\/cd\/wp-content\/uploads\/2022\/05\/imagem-base-noticiasemdestaque.png","width":1200,"height":630,"caption":"Not\u00edcias em Destaque"},"image":{"@id":"https:\/\/noticiasemdestaque.com\/cd\/#\/schema\/logo\/image\/"}},{"@type":"Person","@id":"https:\/\/noticiasemdestaque.com\/cd\/#\/schema\/person\/4a81fb71f77579d059c3045891fa1786","name":"Not\u00edcias em Destaque","url":"https:\/\/noticiasemdestaque.com\/cd\/?author=2"}]}},"jetpack_featured_media_url":"https:\/\/noticiasemdestaque.com\/cd\/wp-content\/uploads\/2023\/08\/brasilia-1536x735-2-960x640-1.jpg","jetpack_sharing_enabled":true,"_links":{"self":[{"href":"https:\/\/noticiasemdestaque.com\/cd\/index.php?rest_route=\/wp\/v2\/posts\/50795","targetHints":{"allow":["GET"]}}],"collection":[{"href":"https:\/\/noticiasemdestaque.com\/cd\/index.php?rest_route=\/wp\/v2\/posts"}],"about":[{"href":"https:\/\/noticiasemdestaque.com\/cd\/index.php?rest_route=\/wp\/v2\/types\/post"}],"author":[{"embeddable":true,"href":"https:\/\/noticiasemdestaque.com\/cd\/index.php?rest_route=\/wp\/v2\/users\/2"}],"replies":[{"embeddable":true,"href":"https:\/\/noticiasemdestaque.com\/cd\/index.php?rest_route=%2Fwp%2Fv2%2Fcomments&post=50795"}],"version-history":[{"count":1,"href":"https:\/\/noticiasemdestaque.com\/cd\/index.php?rest_route=\/wp\/v2\/posts\/50795\/revisions"}],"predecessor-version":[{"id":50796,"href":"https:\/\/noticiasemdestaque.com\/cd\/index.php?rest_route=\/wp\/v2\/posts\/50795\/revisions\/50796"}],"wp:featuredmedia":[{"embeddable":true,"href":"https:\/\/noticiasemdestaque.com\/cd\/index.php?rest_route=\/wp\/v2\/media\/50711"}],"wp:attachment":[{"href":"https:\/\/noticiasemdestaque.com\/cd\/index.php?rest_route=%2Fwp%2Fv2%2Fmedia&parent=50795"}],"wp:term":[{"taxonomy":"category","embeddable":true,"href":"https:\/\/noticiasemdestaque.com\/cd\/index.php?rest_route=%2Fwp%2Fv2%2Fcategories&post=50795"},{"taxonomy":"post_tag","embeddable":true,"href":"https:\/\/noticiasemdestaque.com\/cd\/index.php?rest_route=%2Fwp%2Fv2%2Ftags&post=50795"}],"curies":[{"name":"wp","href":"https:\/\/api.w.org\/{rel}","templated":true}]}}