{"id":50790,"date":"2023-08-14T21:20:40","date_gmt":"2023-08-15T00:20:40","guid":{"rendered":"https:\/\/noticiasemdestaque.com\/cd\/?p=50790"},"modified":"2023-08-14T21:20:40","modified_gmt":"2023-08-15T00:20:40","slug":"vereadores-de-sume-participaram-da-plenaria-do-orcamento-democratico-estadual-na-cidade-de-monteiro","status":"publish","type":"post","link":"https:\/\/noticiasemdestaque.com\/cd\/?p=50790","title":{"rendered":"Vereadores de Sum\u00e9 participaram da plen\u00e1ria do Or\u00e7amento Democr\u00e1tico Estadual na cidade de Monteiro"},"content":{"rendered":"<p><a href=\"https:\/\/noticiasemdestaque.com\/cd\/wp-content\/uploads\/2023\/08\/capa-4.jpg\"><img fetchpriority=\"high\" decoding=\"async\" class=\"wp-image-50792 aligncenter\" src=\"https:\/\/noticiasemdestaque.com\/cd\/wp-content\/uploads\/2023\/08\/capa-4-300x193.jpg\" alt=\"\" width=\"1107\" height=\"712\" srcset=\"https:\/\/noticiasemdestaque.com\/cd\/wp-content\/uploads\/2023\/08\/capa-4-300x193.jpg 300w, https:\/\/noticiasemdestaque.com\/cd\/wp-content\/uploads\/2023\/08\/capa-4-18x12.jpg 18w, https:\/\/noticiasemdestaque.com\/cd\/wp-content\/uploads\/2023\/08\/capa-4.jpg 768w\" sizes=\"(max-width: 1107px) 100vw, 1107px\" \/><\/a><\/p>\n<p>O presidente da C\u00e2mara de Vereadores de Sum\u00e9, Daniiel L\u00eala e os vereadores Crist\u00f3v\u00e3o Brasil e Dami\u00e3o Rildo, participaram na \u00faltima sexta-feira (11), da plen\u00e1ria do Or\u00e7amento Democr\u00e1tico do Estado, o evento foi realizado em Monteiro.<\/p>\n<p>Os vereadores estiveram ao lado do prefeito \u00c9den Duarte, do ex-prefeito, Neto Duarte, da secret\u00e1ria de sa\u00fade, Tanniery L\u00eala e do advogado, Pablo Forlan.<\/p>\n<p>Para a edi\u00e7\u00e3o de 2023, o munic\u00edpio de Sum\u00e9 defendeu as seguintes prioridades:<\/p>\n<p>1. Transposi\u00e7\u00e3o a\u00e7ude Po\u00e7\u00f5es para a\u00e7ude Sum\u00e9 (Recursos H\u00eddricos);<br \/>\n2. Asfalto de Amparo a Sum\u00e9 (Mobilidade urbana);<br \/>\n3. Centro de Zoonoses em Sum\u00e9 (Bem-estar animal).<\/p>\n<p>A vota\u00e7\u00e3o das prioridades de investimentos segue no site votacaoode.pb.gov.br at\u00e9 o dia 16 de setembro. Basta acessar, inserir as informa\u00e7\u00f5es pessoais e escolher as prioridades de investimentos para cada regi\u00e3o.<\/p>\n<p>Os sumeenses que tiverem dificuldade em votar podem procurar a C\u00e2mara Municipal de segunda a sexta-feira das 07h \u00e0s 12h, um servidor foi colocado \u00e0 disposi\u00e7\u00e3o para ajudar no procedimento.<\/p>\n<p><a href=\"https:\/\/noticiasemdestaque.com\/cd\/wp-content\/uploads\/2023\/08\/foto-4.jpg\"><img decoding=\"async\" class=\" wp-image-50793 aligncenter\" src=\"https:\/\/noticiasemdestaque.com\/cd\/wp-content\/uploads\/2023\/08\/foto-4-300x200.jpg\" alt=\"\" width=\"1074\" height=\"716\" srcset=\"https:\/\/noticiasemdestaque.com\/cd\/wp-content\/uploads\/2023\/08\/foto-4-300x200.jpg 300w, https:\/\/noticiasemdestaque.com\/cd\/wp-content\/uploads\/2023\/08\/foto-4-1024x682.jpg 1024w, https:\/\/noticiasemdestaque.com\/cd\/wp-content\/uploads\/2023\/08\/foto-4-768x512.jpg 768w, https:\/\/noticiasemdestaque.com\/cd\/wp-content\/uploads\/2023\/08\/foto-4-1536x1023.jpg 1536w, https:\/\/noticiasemdestaque.com\/cd\/wp-content\/uploads\/2023\/08\/foto-4-18x12.jpg 18w, https:\/\/noticiasemdestaque.com\/cd\/wp-content\/uploads\/2023\/08\/foto-4.jpg 1600w\" sizes=\"(max-width: 1074px) 100vw, 1074px\" \/><\/a><\/p>\n<p style=\"text-align: right;\"><em>Fonte: Ascom\/C\u00e3mara<\/em><\/p>\n","protected":false},"excerpt":{"rendered":"<p>O presidente da C\u00e2mara de Vereadores de Sum\u00e9, Daniiel L\u00eala e os vereadores Crist\u00f3v\u00e3o Brasil e Dami\u00e3o Rildo, participaram na \u00faltima sexta-feira (11), da plen\u00e1ria do Or\u00e7amento Democr\u00e1tico do Estado, o evento foi realizado em Monteiro. Os vereadores estiveram ao lado do prefeito \u00c9den Duarte, do ex-prefeito, Neto Duarte, da secret\u00e1ria de sa\u00fade, Tanniery L\u00eala e do advogado, Pablo Forlan. Para a edi\u00e7\u00e3o de 2023, o munic\u00edpio de Sum\u00e9 defendeu as seguintes prioridades: 1. Transposi\u00e7\u00e3o a\u00e7ude Po\u00e7\u00f5es para a\u00e7ude Sum\u00e9 (Recursos H\u00eddricos); 2. Asfalto de Amparo a Sum\u00e9 (Mobilidade urbana); 3. Centro de Zoonoses em Sum\u00e9 (Bem-estar animal). A vota\u00e7\u00e3o das prioridades de investimentos segue no site votacaoode.pb.gov.br at\u00e9 o dia 16 de setembro. Basta acessar, inserir as informa\u00e7\u00f5es pessoais e escolher as prioridades de investimentos para cada regi\u00e3o. Os sumeenses que tiverem dificuldade em votar podem procurar a C\u00e2mara Municipal de segunda a sexta-feira das 07h \u00e0s 12h, um servidor foi colocado \u00e0 disposi\u00e7\u00e3o para ajudar no procedimento. Fonte: Ascom\/C\u00e3mara<\/p>\n","protected":false},"author":2,"featured_media":50792,"comment_status":"closed","ping_status":"open","sticky":false,"template":"","format":"standard","meta":{"_eb_attr":"","_jetpack_memberships_contains_paid_content":false,"footnotes":""},"categories":[4],"tags":[],"class_list":["post-50790","post","type-post","status-publish","format-standard","has-post-thumbnail","hentry","category-politica"],"yoast_head":"<!-- This site is optimized with the Yoast SEO plugin v26.5 - https:\/\/yoast.com\/wordpress\/plugins\/seo\/ -->\n<title>Vereadores de Sum\u00e9 participaram da plen\u00e1ria do Or\u00e7amento Democr\u00e1tico Estadual na cidade de Monteiro - Not&iacute;cias em Destaque<\/title>\n<meta name=\"robots\" content=\"index, follow, max-snippet:-1, max-image-preview:large, max-video-preview:-1\" \/>\n<link rel=\"canonical\" href=\"https:\/\/noticiasemdestaque.com\/cd\/?p=50790\" \/>\n<meta property=\"og:locale\" content=\"pt_BR\" \/>\n<meta property=\"og:type\" content=\"article\" \/>\n<meta property=\"og:title\" content=\"Vereadores de Sum\u00e9 participaram da plen\u00e1ria do Or\u00e7amento Democr\u00e1tico Estadual na cidade de Monteiro - Not&iacute;cias em Destaque\" \/>\n<meta property=\"og:description\" content=\"O presidente da C\u00e2mara de Vereadores de Sum\u00e9, Daniiel L\u00eala e os vereadores Crist\u00f3v\u00e3o Brasil e Dami\u00e3o Rildo, participaram na \u00faltima sexta-feira (11), da plen\u00e1ria do Or\u00e7amento Democr\u00e1tico do Estado, o evento foi realizado em Monteiro. Os vereadores estiveram ao lado do prefeito \u00c9den Duarte, do ex-prefeito, Neto Duarte, da secret\u00e1ria de sa\u00fade, Tanniery L\u00eala e do advogado, Pablo Forlan. Para a edi\u00e7\u00e3o de 2023, o munic\u00edpio de Sum\u00e9 defendeu as seguintes prioridades: 1. Transposi\u00e7\u00e3o a\u00e7ude Po\u00e7\u00f5es para a\u00e7ude Sum\u00e9 (Recursos H\u00eddricos); 2. Asfalto de Amparo a Sum\u00e9 (Mobilidade urbana); 3. Centro de Zoonoses em Sum\u00e9 (Bem-estar animal). A vota\u00e7\u00e3o das prioridades de investimentos segue no site votacaoode.pb.gov.br at\u00e9 o dia 16 de setembro. Basta acessar, inserir as informa\u00e7\u00f5es pessoais e escolher as prioridades de investimentos para cada regi\u00e3o. Os sumeenses que tiverem dificuldade em votar podem procurar a C\u00e2mara Municipal de segunda a sexta-feira das 07h \u00e0s 12h, um servidor foi colocado \u00e0 disposi\u00e7\u00e3o para ajudar no procedimento. Fonte: Ascom\/C\u00e3mara\" \/>\n<meta property=\"og:url\" content=\"https:\/\/noticiasemdestaque.com\/cd\/?p=50790\" \/>\n<meta property=\"og:site_name\" content=\"Not&iacute;cias em Destaque\" \/>\n<meta property=\"article:published_time\" content=\"2023-08-15T00:20:40+00:00\" \/>\n<meta property=\"og:image\" content=\"https:\/\/noticiasemdestaque.com\/cd\/wp-content\/uploads\/2023\/08\/capa-4.jpg\" \/>\n\t<meta property=\"og:image:width\" content=\"768\" \/>\n\t<meta property=\"og:image:height\" content=\"495\" \/>\n\t<meta property=\"og:image:type\" content=\"image\/jpeg\" \/>\n<meta name=\"author\" content=\"Not\u00edcias em Destaque\" \/>\n<meta name=\"twitter:card\" content=\"summary_large_image\" \/>\n<meta name=\"twitter:label1\" content=\"Escrito por\" \/>\n\t<meta name=\"twitter:data1\" content=\"Not\u00edcias em Destaque\" \/>\n\t<meta name=\"twitter:label2\" content=\"Est. tempo de leitura\" \/>\n\t<meta name=\"twitter:data2\" content=\"2 minutos\" \/>\n<script type=\"application\/ld+json\" class=\"yoast-schema-graph\">{\"@context\":\"https:\/\/schema.org\",\"@graph\":[{\"@type\":\"Article\",\"@id\":\"https:\/\/noticiasemdestaque.com\/cd\/?p=50790#article\",\"isPartOf\":{\"@id\":\"https:\/\/noticiasemdestaque.com\/cd\/?p=50790\"},\"author\":{\"name\":\"Not\u00edcias em Destaque\",\"@id\":\"https:\/\/noticiasemdestaque.com\/cd\/#\/schema\/person\/4a81fb71f77579d059c3045891fa1786\"},\"headline\":\"Vereadores de Sum\u00e9 participaram da plen\u00e1ria do Or\u00e7amento Democr\u00e1tico Estadual na cidade de Monteiro\",\"datePublished\":\"2023-08-15T00:20:40+00:00\",\"mainEntityOfPage\":{\"@id\":\"https:\/\/noticiasemdestaque.com\/cd\/?p=50790\"},\"wordCount\":199,\"publisher\":{\"@id\":\"https:\/\/noticiasemdestaque.com\/cd\/#organization\"},\"image\":{\"@id\":\"https:\/\/noticiasemdestaque.com\/cd\/?p=50790#primaryimage\"},\"thumbnailUrl\":\"https:\/\/noticiasemdestaque.com\/cd\/wp-content\/uploads\/2023\/08\/capa-4.jpg\",\"articleSection\":[\"Pol\u00edtica\"],\"inLanguage\":\"pt-BR\"},{\"@type\":\"WebPage\",\"@id\":\"https:\/\/noticiasemdestaque.com\/cd\/?p=50790\",\"url\":\"https:\/\/noticiasemdestaque.com\/cd\/?p=50790\",\"name\":\"Vereadores de Sum\u00e9 participaram da plen\u00e1ria do Or\u00e7amento Democr\u00e1tico Estadual na cidade de Monteiro - Not&iacute;cias em Destaque\",\"isPartOf\":{\"@id\":\"https:\/\/noticiasemdestaque.com\/cd\/#website\"},\"primaryImageOfPage\":{\"@id\":\"https:\/\/noticiasemdestaque.com\/cd\/?p=50790#primaryimage\"},\"image\":{\"@id\":\"https:\/\/noticiasemdestaque.com\/cd\/?p=50790#primaryimage\"},\"thumbnailUrl\":\"https:\/\/noticiasemdestaque.com\/cd\/wp-content\/uploads\/2023\/08\/capa-4.jpg\",\"datePublished\":\"2023-08-15T00:20:40+00:00\",\"breadcrumb\":{\"@id\":\"https:\/\/noticiasemdestaque.com\/cd\/?p=50790#breadcrumb\"},\"inLanguage\":\"pt-BR\",\"potentialAction\":[{\"@type\":\"ReadAction\",\"target\":[\"https:\/\/noticiasemdestaque.com\/cd\/?p=50790\"]}]},{\"@type\":\"ImageObject\",\"inLanguage\":\"pt-BR\",\"@id\":\"https:\/\/noticiasemdestaque.com\/cd\/?p=50790#primaryimage\",\"url\":\"https:\/\/noticiasemdestaque.com\/cd\/wp-content\/uploads\/2023\/08\/capa-4.jpg\",\"contentUrl\":\"https:\/\/noticiasemdestaque.com\/cd\/wp-content\/uploads\/2023\/08\/capa-4.jpg\",\"width\":768,\"height\":495},{\"@type\":\"BreadcrumbList\",\"@id\":\"https:\/\/noticiasemdestaque.com\/cd\/?p=50790#breadcrumb\",\"itemListElement\":[{\"@type\":\"ListItem\",\"position\":1,\"name\":\"In\u00edcio\",\"item\":\"https:\/\/noticiasemdestaque.com\/cd\/\"},{\"@type\":\"ListItem\",\"position\":2,\"name\":\"Vereadores de Sum\u00e9 participaram da plen\u00e1ria do Or\u00e7amento Democr\u00e1tico Estadual na cidade de Monteiro\"}]},{\"@type\":\"WebSite\",\"@id\":\"https:\/\/noticiasemdestaque.com\/cd\/#website\",\"url\":\"https:\/\/noticiasemdestaque.com\/cd\/\",\"name\":\"Not&iacute;cias em Destaque\",\"description\":\"\",\"publisher\":{\"@id\":\"https:\/\/noticiasemdestaque.com\/cd\/#organization\"},\"potentialAction\":[{\"@type\":\"SearchAction\",\"target\":{\"@type\":\"EntryPoint\",\"urlTemplate\":\"https:\/\/noticiasemdestaque.com\/cd\/?s={search_term_string}\"},\"query-input\":{\"@type\":\"PropertyValueSpecification\",\"valueRequired\":true,\"valueName\":\"search_term_string\"}}],\"inLanguage\":\"pt-BR\"},{\"@type\":\"Organization\",\"@id\":\"https:\/\/noticiasemdestaque.com\/cd\/#organization\",\"name\":\"Not\u00edcias em Destaque\",\"url\":\"https:\/\/noticiasemdestaque.com\/cd\/\",\"logo\":{\"@type\":\"ImageObject\",\"inLanguage\":\"pt-BR\",\"@id\":\"https:\/\/noticiasemdestaque.com\/cd\/#\/schema\/logo\/image\/\",\"url\":\"https:\/\/noticiasemdestaque.com\/cd\/wp-content\/uploads\/2022\/05\/imagem-base-noticiasemdestaque.png\",\"contentUrl\":\"https:\/\/noticiasemdestaque.com\/cd\/wp-content\/uploads\/2022\/05\/imagem-base-noticiasemdestaque.png\",\"width\":1200,\"height\":630,\"caption\":\"Not\u00edcias em Destaque\"},\"image\":{\"@id\":\"https:\/\/noticiasemdestaque.com\/cd\/#\/schema\/logo\/image\/\"}},{\"@type\":\"Person\",\"@id\":\"https:\/\/noticiasemdestaque.com\/cd\/#\/schema\/person\/4a81fb71f77579d059c3045891fa1786\",\"name\":\"Not\u00edcias em Destaque\",\"url\":\"https:\/\/noticiasemdestaque.com\/cd\/?author=2\"}]}<\/script>\n<!-- \/ Yoast SEO plugin. -->","yoast_head_json":{"title":"Vereadores de Sum\u00e9 participaram da plen\u00e1ria do Or\u00e7amento Democr\u00e1tico Estadual na cidade de Monteiro - Not&iacute;cias em Destaque","robots":{"index":"index","follow":"follow","max-snippet":"max-snippet:-1","max-image-preview":"max-image-preview:large","max-video-preview":"max-video-preview:-1"},"canonical":"https:\/\/noticiasemdestaque.com\/cd\/?p=50790","og_locale":"pt_BR","og_type":"article","og_title":"Vereadores de Sum\u00e9 participaram da plen\u00e1ria do Or\u00e7amento Democr\u00e1tico Estadual na cidade de Monteiro - Not&iacute;cias em Destaque","og_description":"O presidente da C\u00e2mara de Vereadores de Sum\u00e9, Daniiel L\u00eala e os vereadores Crist\u00f3v\u00e3o Brasil e Dami\u00e3o Rildo, participaram na \u00faltima sexta-feira (11), da plen\u00e1ria do Or\u00e7amento Democr\u00e1tico do Estado, o evento foi realizado em Monteiro. Os vereadores estiveram ao lado do prefeito \u00c9den Duarte, do ex-prefeito, Neto Duarte, da secret\u00e1ria de sa\u00fade, Tanniery L\u00eala e do advogado, Pablo Forlan. Para a edi\u00e7\u00e3o de 2023, o munic\u00edpio de Sum\u00e9 defendeu as seguintes prioridades: 1. Transposi\u00e7\u00e3o a\u00e7ude Po\u00e7\u00f5es para a\u00e7ude Sum\u00e9 (Recursos H\u00eddricos); 2. Asfalto de Amparo a Sum\u00e9 (Mobilidade urbana); 3. Centro de Zoonoses em Sum\u00e9 (Bem-estar animal). A vota\u00e7\u00e3o das prioridades de investimentos segue no site votacaoode.pb.gov.br at\u00e9 o dia 16 de setembro. Basta acessar, inserir as informa\u00e7\u00f5es pessoais e escolher as prioridades de investimentos para cada regi\u00e3o. Os sumeenses que tiverem dificuldade em votar podem procurar a C\u00e2mara Municipal de segunda a sexta-feira das 07h \u00e0s 12h, um servidor foi colocado \u00e0 disposi\u00e7\u00e3o para ajudar no procedimento. Fonte: Ascom\/C\u00e3mara","og_url":"https:\/\/noticiasemdestaque.com\/cd\/?p=50790","og_site_name":"Not&iacute;cias em Destaque","article_published_time":"2023-08-15T00:20:40+00:00","og_image":[{"width":768,"height":495,"url":"https:\/\/noticiasemdestaque.com\/cd\/wp-content\/uploads\/2023\/08\/capa-4.jpg","type":"image\/jpeg"}],"author":"Not\u00edcias em Destaque","twitter_card":"summary_large_image","twitter_misc":{"Escrito por":"Not\u00edcias em Destaque","Est. tempo de leitura":"2 minutos"},"schema":{"@context":"https:\/\/schema.org","@graph":[{"@type":"Article","@id":"https:\/\/noticiasemdestaque.com\/cd\/?p=50790#article","isPartOf":{"@id":"https:\/\/noticiasemdestaque.com\/cd\/?p=50790"},"author":{"name":"Not\u00edcias em Destaque","@id":"https:\/\/noticiasemdestaque.com\/cd\/#\/schema\/person\/4a81fb71f77579d059c3045891fa1786"},"headline":"Vereadores de Sum\u00e9 participaram da plen\u00e1ria do Or\u00e7amento Democr\u00e1tico Estadual na cidade de Monteiro","datePublished":"2023-08-15T00:20:40+00:00","mainEntityOfPage":{"@id":"https:\/\/noticiasemdestaque.com\/cd\/?p=50790"},"wordCount":199,"publisher":{"@id":"https:\/\/noticiasemdestaque.com\/cd\/#organization"},"image":{"@id":"https:\/\/noticiasemdestaque.com\/cd\/?p=50790#primaryimage"},"thumbnailUrl":"https:\/\/noticiasemdestaque.com\/cd\/wp-content\/uploads\/2023\/08\/capa-4.jpg","articleSection":["Pol\u00edtica"],"inLanguage":"pt-BR"},{"@type":"WebPage","@id":"https:\/\/noticiasemdestaque.com\/cd\/?p=50790","url":"https:\/\/noticiasemdestaque.com\/cd\/?p=50790","name":"Vereadores de Sum\u00e9 participaram da plen\u00e1ria do Or\u00e7amento Democr\u00e1tico Estadual na cidade de Monteiro - Not&iacute;cias em Destaque","isPartOf":{"@id":"https:\/\/noticiasemdestaque.com\/cd\/#website"},"primaryImageOfPage":{"@id":"https:\/\/noticiasemdestaque.com\/cd\/?p=50790#primaryimage"},"image":{"@id":"https:\/\/noticiasemdestaque.com\/cd\/?p=50790#primaryimage"},"thumbnailUrl":"https:\/\/noticiasemdestaque.com\/cd\/wp-content\/uploads\/2023\/08\/capa-4.jpg","datePublished":"2023-08-15T00:20:40+00:00","breadcrumb":{"@id":"https:\/\/noticiasemdestaque.com\/cd\/?p=50790#breadcrumb"},"inLanguage":"pt-BR","potentialAction":[{"@type":"ReadAction","target":["https:\/\/noticiasemdestaque.com\/cd\/?p=50790"]}]},{"@type":"ImageObject","inLanguage":"pt-BR","@id":"https:\/\/noticiasemdestaque.com\/cd\/?p=50790#primaryimage","url":"https:\/\/noticiasemdestaque.com\/cd\/wp-content\/uploads\/2023\/08\/capa-4.jpg","contentUrl":"https:\/\/noticiasemdestaque.com\/cd\/wp-content\/uploads\/2023\/08\/capa-4.jpg","width":768,"height":495},{"@type":"BreadcrumbList","@id":"https:\/\/noticiasemdestaque.com\/cd\/?p=50790#breadcrumb","itemListElement":[{"@type":"ListItem","position":1,"name":"In\u00edcio","item":"https:\/\/noticiasemdestaque.com\/cd\/"},{"@type":"ListItem","position":2,"name":"Vereadores de Sum\u00e9 participaram da plen\u00e1ria do Or\u00e7amento Democr\u00e1tico Estadual na cidade de Monteiro"}]},{"@type":"WebSite","@id":"https:\/\/noticiasemdestaque.com\/cd\/#website","url":"https:\/\/noticiasemdestaque.com\/cd\/","name":"Not&iacute;cias em Destaque","description":"","publisher":{"@id":"https:\/\/noticiasemdestaque.com\/cd\/#organization"},"potentialAction":[{"@type":"SearchAction","target":{"@type":"EntryPoint","urlTemplate":"https:\/\/noticiasemdestaque.com\/cd\/?s={search_term_string}"},"query-input":{"@type":"PropertyValueSpecification","valueRequired":true,"valueName":"search_term_string"}}],"inLanguage":"pt-BR"},{"@type":"Organization","@id":"https:\/\/noticiasemdestaque.com\/cd\/#organization","name":"Not\u00edcias em Destaque","url":"https:\/\/noticiasemdestaque.com\/cd\/","logo":{"@type":"ImageObject","inLanguage":"pt-BR","@id":"https:\/\/noticiasemdestaque.com\/cd\/#\/schema\/logo\/image\/","url":"https:\/\/noticiasemdestaque.com\/cd\/wp-content\/uploads\/2022\/05\/imagem-base-noticiasemdestaque.png","contentUrl":"https:\/\/noticiasemdestaque.com\/cd\/wp-content\/uploads\/2022\/05\/imagem-base-noticiasemdestaque.png","width":1200,"height":630,"caption":"Not\u00edcias em Destaque"},"image":{"@id":"https:\/\/noticiasemdestaque.com\/cd\/#\/schema\/logo\/image\/"}},{"@type":"Person","@id":"https:\/\/noticiasemdestaque.com\/cd\/#\/schema\/person\/4a81fb71f77579d059c3045891fa1786","name":"Not\u00edcias em Destaque","url":"https:\/\/noticiasemdestaque.com\/cd\/?author=2"}]}},"jetpack_featured_media_url":"https:\/\/noticiasemdestaque.com\/cd\/wp-content\/uploads\/2023\/08\/capa-4.jpg","jetpack_sharing_enabled":true,"_links":{"self":[{"href":"https:\/\/noticiasemdestaque.com\/cd\/index.php?rest_route=\/wp\/v2\/posts\/50790","targetHints":{"allow":["GET"]}}],"collection":[{"href":"https:\/\/noticiasemdestaque.com\/cd\/index.php?rest_route=\/wp\/v2\/posts"}],"about":[{"href":"https:\/\/noticiasemdestaque.com\/cd\/index.php?rest_route=\/wp\/v2\/types\/post"}],"author":[{"embeddable":true,"href":"https:\/\/noticiasemdestaque.com\/cd\/index.php?rest_route=\/wp\/v2\/users\/2"}],"replies":[{"embeddable":true,"href":"https:\/\/noticiasemdestaque.com\/cd\/index.php?rest_route=%2Fwp%2Fv2%2Fcomments&post=50790"}],"version-history":[{"count":1,"href":"https:\/\/noticiasemdestaque.com\/cd\/index.php?rest_route=\/wp\/v2\/posts\/50790\/revisions"}],"predecessor-version":[{"id":50794,"href":"https:\/\/noticiasemdestaque.com\/cd\/index.php?rest_route=\/wp\/v2\/posts\/50790\/revisions\/50794"}],"wp:featuredmedia":[{"embeddable":true,"href":"https:\/\/noticiasemdestaque.com\/cd\/index.php?rest_route=\/wp\/v2\/media\/50792"}],"wp:attachment":[{"href":"https:\/\/noticiasemdestaque.com\/cd\/index.php?rest_route=%2Fwp%2Fv2%2Fmedia&parent=50790"}],"wp:term":[{"taxonomy":"category","embeddable":true,"href":"https:\/\/noticiasemdestaque.com\/cd\/index.php?rest_route=%2Fwp%2Fv2%2Fcategories&post=50790"},{"taxonomy":"post_tag","embeddable":true,"href":"https:\/\/noticiasemdestaque.com\/cd\/index.php?rest_route=%2Fwp%2Fv2%2Ftags&post=50790"}],"curies":[{"name":"wp","href":"https:\/\/api.w.org\/{rel}","templated":true}]}}