{"id":50768,"date":"2023-08-14T08:49:44","date_gmt":"2023-08-14T11:49:44","guid":{"rendered":"https:\/\/noticiasemdestaque.com\/cd\/?p=50768"},"modified":"2023-08-14T08:49:44","modified_gmt":"2023-08-14T11:49:44","slug":"lula-defende-resultado-da-cupula-da-amazonia-e-seu-documento-final","status":"publish","type":"post","link":"https:\/\/noticiasemdestaque.com\/cd\/?p=50768","title":{"rendered":"Lula defende resultado da C\u00fapula da Amaz\u00f4nia e seu documento final"},"content":{"rendered":"<p><a href=\"https:\/\/noticiasemdestaque.com\/cd\/wp-content\/uploads\/2023\/08\/conversa_3-800x479-1.jpg\"><img fetchpriority=\"high\" decoding=\"async\" class=\"size-medium wp-image-50769 aligncenter\" src=\"https:\/\/noticiasemdestaque.com\/cd\/wp-content\/uploads\/2023\/08\/conversa_3-800x479-1-300x180.jpg\" alt=\"\" width=\"300\" height=\"180\" srcset=\"https:\/\/noticiasemdestaque.com\/cd\/wp-content\/uploads\/2023\/08\/conversa_3-800x479-1-300x180.jpg 300w, https:\/\/noticiasemdestaque.com\/cd\/wp-content\/uploads\/2023\/08\/conversa_3-800x479-1-768x460.jpg 768w, https:\/\/noticiasemdestaque.com\/cd\/wp-content\/uploads\/2023\/08\/conversa_3-800x479-1-18x12.jpg 18w, https:\/\/noticiasemdestaque.com\/cd\/wp-content\/uploads\/2023\/08\/conversa_3-800x479-1.jpg 800w\" sizes=\"(max-width: 300px) 100vw, 300px\" \/><\/a><\/p>\n<p>O presidente Luiz In\u00e1cio Lula da Silva postou, neste domingo (13), em uma rede social, sobre a dimens\u00e3o do desafio que \u00e9 proteger a floresta amaz\u00f4nica. \u201cProteger a floresta \u00e9 realmente um desafio imenso. A C\u00fapula da Amaz\u00f4nia reuniu pa\u00edses da regi\u00e3o de forma in\u00e9dita para isso. Foi um passo a mais em uma trajet\u00f3ria para transformar a regi\u00e3o com um modelo que combina desenvolvimento sustent\u00e1vel e preserva\u00e7\u00e3o ambiental\u201d.<\/p>\n<p>Lula se referiu ao encontro com chefes de Estado de pa\u00edses amaz\u00f4nicos, a C\u00fapula da Amaz\u00f4nia, realizada na \u00faltima semana, em Bel\u00e9m. Sua postagem neste domingo foi uma resposta a uma mensagem do ator, cineasta e ativista ambiental norte-americano Mark Ruffalo, ao presidente, na mesma rede social. Nela, o ator criticou a falta de metas concretas para proteger a regi\u00e3o, no fim do encontro entre chefes de estado dos oito pa\u00edses amaz\u00f4nicos.<\/p>\n<p>Entidades ambientais\u00a0j\u00e1 haviam criticado\u00a0a falta de metas para o desmatamento na\u00a0Declara\u00e7\u00e3o de Bel\u00e9m, documento final da c\u00fapula. Essas entidades tamb\u00e9m questionaram a falta de solu\u00e7\u00f5es pr\u00e1ticas para evitar as mudan\u00e7as clim\u00e1ticas.<\/p>\n<p>A resposta de Lula acaba sendo tanto para o ator quanto para as entidades. O presidente defendeu a efetividade do documento e afirmou que ele serve como \u201cponto de partida\u201d no di\u00e1logo de prote\u00e7\u00e3o da floresta.<\/p>\n<p>\u201cNa Declara\u00e7\u00e3o de Bel\u00e9m, estabelecemos uma s\u00e9rie de compromissos, como um plano de seguran\u00e7a que vai criar bases fluviais e terrestres. Seguran\u00e7a para proteger o nosso bioma. \u00c9 o ponto de partida para a constru\u00e7\u00e3o de um consenso em torno da prote\u00e7\u00e3o da Amaz\u00f4nia. E os pa\u00edses da Am\u00e9rica do Sul est\u00e3o conscientes dessa import\u00e2ncia\u201d.<\/p>\n<p>A C\u00fapula da Amaz\u00f4nia aconteceu nos dias 8 e 9 de agosto e reuniu chefes de Estado e representantes dos pa\u00edses da Organiza\u00e7\u00e3o do Tratado de Coopera\u00e7\u00e3o Amaz\u00f4nica (OTCA), organiza\u00e7\u00e3o criada em 1978, que estava h\u00e1 14 anos sem uma reuni\u00e3o. Formada por Brasil, Bol\u00edvia, Col\u00f4mbia, Equador, Guiana, Peru, Suriname e Venezuela, a OTCA forma o \u00fanico bloco socioambiental da Am\u00e9rica Latina.<\/p>\n<p>Fonte: Ag\u00eancia Brasil<\/p>\n<p>&nbsp;<\/p>\n","protected":false},"excerpt":{"rendered":"<p>O presidente Luiz In\u00e1cio Lula da Silva postou, neste domingo (13), em uma rede social, sobre a dimens\u00e3o do desafio que \u00e9 proteger a floresta amaz\u00f4nica. \u201cProteger a floresta \u00e9 realmente um desafio imenso. A C\u00fapula da Amaz\u00f4nia reuniu pa\u00edses da regi\u00e3o de forma in\u00e9dita para isso. Foi um passo a mais em uma trajet\u00f3ria para transformar a regi\u00e3o com um modelo que combina desenvolvimento sustent\u00e1vel e preserva\u00e7\u00e3o ambiental\u201d. Lula se referiu ao encontro com chefes de Estado de pa\u00edses amaz\u00f4nicos, a C\u00fapula da Amaz\u00f4nia, realizada na \u00faltima semana, em Bel\u00e9m. Sua postagem neste domingo foi uma resposta a uma mensagem do ator, cineasta e ativista ambiental norte-americano Mark Ruffalo, ao presidente, na mesma rede social. Nela, o ator criticou a falta de metas concretas para proteger a regi\u00e3o, no fim do encontro entre chefes de estado dos oito pa\u00edses amaz\u00f4nicos. Entidades ambientais\u00a0j\u00e1 haviam criticado\u00a0a falta de metas para o desmatamento na\u00a0Declara\u00e7\u00e3o de Bel\u00e9m, documento final da c\u00fapula. Essas entidades tamb\u00e9m questionaram a falta de solu\u00e7\u00f5es pr\u00e1ticas para evitar as mudan\u00e7as clim\u00e1ticas. A resposta de Lula acaba sendo tanto para o ator quanto para as entidades. O presidente defendeu a efetividade do documento e afirmou que ele serve como \u201cponto de partida\u201d no di\u00e1logo de prote\u00e7\u00e3o da floresta. \u201cNa Declara\u00e7\u00e3o de Bel\u00e9m, estabelecemos uma s\u00e9rie de compromissos, como um plano de seguran\u00e7a que vai criar bases fluviais e terrestres. Seguran\u00e7a para proteger o nosso bioma. \u00c9 o ponto de partida para a constru\u00e7\u00e3o de um consenso em torno da prote\u00e7\u00e3o da Amaz\u00f4nia. E os pa\u00edses da Am\u00e9rica do Sul est\u00e3o conscientes dessa import\u00e2ncia\u201d. A C\u00fapula da Amaz\u00f4nia aconteceu nos dias 8 e 9 de agosto e reuniu chefes de Estado e representantes dos pa\u00edses da Organiza\u00e7\u00e3o do Tratado de Coopera\u00e7\u00e3o Amaz\u00f4nica (OTCA), organiza\u00e7\u00e3o criada em 1978, que estava h\u00e1 14 anos sem uma reuni\u00e3o. Formada por Brasil, Bol\u00edvia, Col\u00f4mbia, Equador, Guiana, Peru, Suriname e Venezuela, a OTCA forma o \u00fanico bloco socioambiental da Am\u00e9rica Latina. Fonte: Ag\u00eancia Brasil &nbsp;<\/p>\n","protected":false},"author":2,"featured_media":50769,"comment_status":"closed","ping_status":"open","sticky":false,"template":"","format":"standard","meta":{"_eb_attr":"","_jetpack_memberships_contains_paid_content":false,"footnotes":""},"categories":[4],"tags":[],"class_list":["post-50768","post","type-post","status-publish","format-standard","has-post-thumbnail","hentry","category-politica"],"yoast_head":"<!-- This site is optimized with the Yoast SEO plugin v26.5 - https:\/\/yoast.com\/wordpress\/plugins\/seo\/ -->\n<title>Lula defende resultado da C\u00fapula da Amaz\u00f4nia e seu documento final - Not&iacute;cias em Destaque<\/title>\n<meta name=\"robots\" content=\"index, follow, max-snippet:-1, max-image-preview:large, max-video-preview:-1\" \/>\n<link rel=\"canonical\" href=\"https:\/\/noticiasemdestaque.com\/cd\/?p=50768\" \/>\n<meta property=\"og:locale\" content=\"pt_BR\" \/>\n<meta property=\"og:type\" content=\"article\" \/>\n<meta property=\"og:title\" content=\"Lula defende resultado da C\u00fapula da Amaz\u00f4nia e seu documento final - Not&iacute;cias em Destaque\" \/>\n<meta property=\"og:description\" content=\"O presidente Luiz In\u00e1cio Lula da Silva postou, neste domingo (13), em uma rede social, sobre a dimens\u00e3o do desafio que \u00e9 proteger a floresta amaz\u00f4nica. \u201cProteger a floresta \u00e9 realmente um desafio imenso. A C\u00fapula da Amaz\u00f4nia reuniu pa\u00edses da regi\u00e3o de forma in\u00e9dita para isso. Foi um passo a mais em uma trajet\u00f3ria para transformar a regi\u00e3o com um modelo que combina desenvolvimento sustent\u00e1vel e preserva\u00e7\u00e3o ambiental\u201d. Lula se referiu ao encontro com chefes de Estado de pa\u00edses amaz\u00f4nicos, a C\u00fapula da Amaz\u00f4nia, realizada na \u00faltima semana, em Bel\u00e9m. Sua postagem neste domingo foi uma resposta a uma mensagem do ator, cineasta e ativista ambiental norte-americano Mark Ruffalo, ao presidente, na mesma rede social. Nela, o ator criticou a falta de metas concretas para proteger a regi\u00e3o, no fim do encontro entre chefes de estado dos oito pa\u00edses amaz\u00f4nicos. Entidades ambientais\u00a0j\u00e1 haviam criticado\u00a0a falta de metas para o desmatamento na\u00a0Declara\u00e7\u00e3o de Bel\u00e9m, documento final da c\u00fapula. Essas entidades tamb\u00e9m questionaram a falta de solu\u00e7\u00f5es pr\u00e1ticas para evitar as mudan\u00e7as clim\u00e1ticas. A resposta de Lula acaba sendo tanto para o ator quanto para as entidades. O presidente defendeu a efetividade do documento e afirmou que ele serve como \u201cponto de partida\u201d no di\u00e1logo de prote\u00e7\u00e3o da floresta. \u201cNa Declara\u00e7\u00e3o de Bel\u00e9m, estabelecemos uma s\u00e9rie de compromissos, como um plano de seguran\u00e7a que vai criar bases fluviais e terrestres. Seguran\u00e7a para proteger o nosso bioma. \u00c9 o ponto de partida para a constru\u00e7\u00e3o de um consenso em torno da prote\u00e7\u00e3o da Amaz\u00f4nia. E os pa\u00edses da Am\u00e9rica do Sul est\u00e3o conscientes dessa import\u00e2ncia\u201d. A C\u00fapula da Amaz\u00f4nia aconteceu nos dias 8 e 9 de agosto e reuniu chefes de Estado e representantes dos pa\u00edses da Organiza\u00e7\u00e3o do Tratado de Coopera\u00e7\u00e3o Amaz\u00f4nica (OTCA), organiza\u00e7\u00e3o criada em 1978, que estava h\u00e1 14 anos sem uma reuni\u00e3o. Formada por Brasil, Bol\u00edvia, Col\u00f4mbia, Equador, Guiana, Peru, Suriname e Venezuela, a OTCA forma o \u00fanico bloco socioambiental da Am\u00e9rica Latina. Fonte: Ag\u00eancia Brasil &nbsp;\" \/>\n<meta property=\"og:url\" content=\"https:\/\/noticiasemdestaque.com\/cd\/?p=50768\" \/>\n<meta property=\"og:site_name\" content=\"Not&iacute;cias em Destaque\" \/>\n<meta property=\"article:published_time\" content=\"2023-08-14T11:49:44+00:00\" \/>\n<meta property=\"og:image\" content=\"https:\/\/noticiasemdestaque.com\/cd\/wp-content\/uploads\/2023\/08\/conversa_3-800x479-1.jpg\" \/>\n\t<meta property=\"og:image:width\" content=\"800\" \/>\n\t<meta property=\"og:image:height\" content=\"479\" \/>\n\t<meta property=\"og:image:type\" content=\"image\/jpeg\" \/>\n<meta name=\"author\" content=\"Not\u00edcias em Destaque\" \/>\n<meta name=\"twitter:card\" content=\"summary_large_image\" \/>\n<meta name=\"twitter:label1\" content=\"Escrito por\" \/>\n\t<meta name=\"twitter:data1\" content=\"Not\u00edcias em Destaque\" \/>\n\t<meta name=\"twitter:label2\" content=\"Est. tempo de leitura\" \/>\n\t<meta name=\"twitter:data2\" content=\"2 minutos\" \/>\n<script type=\"application\/ld+json\" class=\"yoast-schema-graph\">{\"@context\":\"https:\/\/schema.org\",\"@graph\":[{\"@type\":\"Article\",\"@id\":\"https:\/\/noticiasemdestaque.com\/cd\/?p=50768#article\",\"isPartOf\":{\"@id\":\"https:\/\/noticiasemdestaque.com\/cd\/?p=50768\"},\"author\":{\"name\":\"Not\u00edcias em Destaque\",\"@id\":\"https:\/\/noticiasemdestaque.com\/cd\/#\/schema\/person\/21320b03a7e8bb90128938dafc9b908a\"},\"headline\":\"Lula defende resultado da C\u00fapula da Amaz\u00f4nia e seu documento final\",\"datePublished\":\"2023-08-14T11:49:44+00:00\",\"mainEntityOfPage\":{\"@id\":\"https:\/\/noticiasemdestaque.com\/cd\/?p=50768\"},\"wordCount\":391,\"publisher\":{\"@id\":\"https:\/\/noticiasemdestaque.com\/cd\/#organization\"},\"image\":{\"@id\":\"https:\/\/noticiasemdestaque.com\/cd\/?p=50768#primaryimage\"},\"thumbnailUrl\":\"https:\/\/noticiasemdestaque.com\/cd\/wp-content\/uploads\/2023\/08\/conversa_3-800x479-1.jpg\",\"articleSection\":[\"Pol\u00edtica\"],\"inLanguage\":\"pt-BR\"},{\"@type\":\"WebPage\",\"@id\":\"https:\/\/noticiasemdestaque.com\/cd\/?p=50768\",\"url\":\"https:\/\/noticiasemdestaque.com\/cd\/?p=50768\",\"name\":\"Lula defende resultado da C\u00fapula da Amaz\u00f4nia e seu documento final - Not&iacute;cias em Destaque\",\"isPartOf\":{\"@id\":\"https:\/\/noticiasemdestaque.com\/cd\/#website\"},\"primaryImageOfPage\":{\"@id\":\"https:\/\/noticiasemdestaque.com\/cd\/?p=50768#primaryimage\"},\"image\":{\"@id\":\"https:\/\/noticiasemdestaque.com\/cd\/?p=50768#primaryimage\"},\"thumbnailUrl\":\"https:\/\/noticiasemdestaque.com\/cd\/wp-content\/uploads\/2023\/08\/conversa_3-800x479-1.jpg\",\"datePublished\":\"2023-08-14T11:49:44+00:00\",\"breadcrumb\":{\"@id\":\"https:\/\/noticiasemdestaque.com\/cd\/?p=50768#breadcrumb\"},\"inLanguage\":\"pt-BR\",\"potentialAction\":[{\"@type\":\"ReadAction\",\"target\":[\"https:\/\/noticiasemdestaque.com\/cd\/?p=50768\"]}]},{\"@type\":\"ImageObject\",\"inLanguage\":\"pt-BR\",\"@id\":\"https:\/\/noticiasemdestaque.com\/cd\/?p=50768#primaryimage\",\"url\":\"https:\/\/noticiasemdestaque.com\/cd\/wp-content\/uploads\/2023\/08\/conversa_3-800x479-1.jpg\",\"contentUrl\":\"https:\/\/noticiasemdestaque.com\/cd\/wp-content\/uploads\/2023\/08\/conversa_3-800x479-1.jpg\",\"width\":800,\"height\":479},{\"@type\":\"BreadcrumbList\",\"@id\":\"https:\/\/noticiasemdestaque.com\/cd\/?p=50768#breadcrumb\",\"itemListElement\":[{\"@type\":\"ListItem\",\"position\":1,\"name\":\"In\u00edcio\",\"item\":\"https:\/\/noticiasemdestaque.com\/cd\/\"},{\"@type\":\"ListItem\",\"position\":2,\"name\":\"Lula defende resultado da C\u00fapula da Amaz\u00f4nia e seu documento final\"}]},{\"@type\":\"WebSite\",\"@id\":\"https:\/\/noticiasemdestaque.com\/cd\/#website\",\"url\":\"https:\/\/noticiasemdestaque.com\/cd\/\",\"name\":\"Not&iacute;cias em Destaque\",\"description\":\"\",\"publisher\":{\"@id\":\"https:\/\/noticiasemdestaque.com\/cd\/#organization\"},\"potentialAction\":[{\"@type\":\"SearchAction\",\"target\":{\"@type\":\"EntryPoint\",\"urlTemplate\":\"https:\/\/noticiasemdestaque.com\/cd\/?s={search_term_string}\"},\"query-input\":{\"@type\":\"PropertyValueSpecification\",\"valueRequired\":true,\"valueName\":\"search_term_string\"}}],\"inLanguage\":\"pt-BR\"},{\"@type\":\"Organization\",\"@id\":\"https:\/\/noticiasemdestaque.com\/cd\/#organization\",\"name\":\"Not\u00edcias em Destaque\",\"url\":\"https:\/\/noticiasemdestaque.com\/cd\/\",\"logo\":{\"@type\":\"ImageObject\",\"inLanguage\":\"pt-BR\",\"@id\":\"https:\/\/noticiasemdestaque.com\/cd\/#\/schema\/logo\/image\/\",\"url\":\"https:\/\/noticiasemdestaque.com\/cd\/wp-content\/uploads\/2022\/05\/imagem-base-noticiasemdestaque.png\",\"contentUrl\":\"https:\/\/noticiasemdestaque.com\/cd\/wp-content\/uploads\/2022\/05\/imagem-base-noticiasemdestaque.png\",\"width\":1200,\"height\":630,\"caption\":\"Not\u00edcias em Destaque\"},\"image\":{\"@id\":\"https:\/\/noticiasemdestaque.com\/cd\/#\/schema\/logo\/image\/\"}},{\"@type\":\"Person\",\"@id\":\"https:\/\/noticiasemdestaque.com\/cd\/#\/schema\/person\/21320b03a7e8bb90128938dafc9b908a\",\"name\":\"Not\u00edcias em Destaque\",\"url\":\"https:\/\/noticiasemdestaque.com\/cd\/?author=2\"}]}<\/script>\n<!-- \/ Yoast SEO plugin. -->","yoast_head_json":{"title":"Lula defende resultado da C\u00fapula da Amaz\u00f4nia e seu documento final - Not&iacute;cias em Destaque","robots":{"index":"index","follow":"follow","max-snippet":"max-snippet:-1","max-image-preview":"max-image-preview:large","max-video-preview":"max-video-preview:-1"},"canonical":"https:\/\/noticiasemdestaque.com\/cd\/?p=50768","og_locale":"pt_BR","og_type":"article","og_title":"Lula defende resultado da C\u00fapula da Amaz\u00f4nia e seu documento final - Not&iacute;cias em Destaque","og_description":"O presidente Luiz In\u00e1cio Lula da Silva postou, neste domingo (13), em uma rede social, sobre a dimens\u00e3o do desafio que \u00e9 proteger a floresta amaz\u00f4nica. \u201cProteger a floresta \u00e9 realmente um desafio imenso. A C\u00fapula da Amaz\u00f4nia reuniu pa\u00edses da regi\u00e3o de forma in\u00e9dita para isso. Foi um passo a mais em uma trajet\u00f3ria para transformar a regi\u00e3o com um modelo que combina desenvolvimento sustent\u00e1vel e preserva\u00e7\u00e3o ambiental\u201d. Lula se referiu ao encontro com chefes de Estado de pa\u00edses amaz\u00f4nicos, a C\u00fapula da Amaz\u00f4nia, realizada na \u00faltima semana, em Bel\u00e9m. Sua postagem neste domingo foi uma resposta a uma mensagem do ator, cineasta e ativista ambiental norte-americano Mark Ruffalo, ao presidente, na mesma rede social. Nela, o ator criticou a falta de metas concretas para proteger a regi\u00e3o, no fim do encontro entre chefes de estado dos oito pa\u00edses amaz\u00f4nicos. Entidades ambientais\u00a0j\u00e1 haviam criticado\u00a0a falta de metas para o desmatamento na\u00a0Declara\u00e7\u00e3o de Bel\u00e9m, documento final da c\u00fapula. Essas entidades tamb\u00e9m questionaram a falta de solu\u00e7\u00f5es pr\u00e1ticas para evitar as mudan\u00e7as clim\u00e1ticas. A resposta de Lula acaba sendo tanto para o ator quanto para as entidades. O presidente defendeu a efetividade do documento e afirmou que ele serve como \u201cponto de partida\u201d no di\u00e1logo de prote\u00e7\u00e3o da floresta. \u201cNa Declara\u00e7\u00e3o de Bel\u00e9m, estabelecemos uma s\u00e9rie de compromissos, como um plano de seguran\u00e7a que vai criar bases fluviais e terrestres. Seguran\u00e7a para proteger o nosso bioma. \u00c9 o ponto de partida para a constru\u00e7\u00e3o de um consenso em torno da prote\u00e7\u00e3o da Amaz\u00f4nia. E os pa\u00edses da Am\u00e9rica do Sul est\u00e3o conscientes dessa import\u00e2ncia\u201d. A C\u00fapula da Amaz\u00f4nia aconteceu nos dias 8 e 9 de agosto e reuniu chefes de Estado e representantes dos pa\u00edses da Organiza\u00e7\u00e3o do Tratado de Coopera\u00e7\u00e3o Amaz\u00f4nica (OTCA), organiza\u00e7\u00e3o criada em 1978, que estava h\u00e1 14 anos sem uma reuni\u00e3o. Formada por Brasil, Bol\u00edvia, Col\u00f4mbia, Equador, Guiana, Peru, Suriname e Venezuela, a OTCA forma o \u00fanico bloco socioambiental da Am\u00e9rica Latina. Fonte: Ag\u00eancia Brasil &nbsp;","og_url":"https:\/\/noticiasemdestaque.com\/cd\/?p=50768","og_site_name":"Not&iacute;cias em Destaque","article_published_time":"2023-08-14T11:49:44+00:00","og_image":[{"width":800,"height":479,"url":"https:\/\/noticiasemdestaque.com\/cd\/wp-content\/uploads\/2023\/08\/conversa_3-800x479-1.jpg","type":"image\/jpeg"}],"author":"Not\u00edcias em Destaque","twitter_card":"summary_large_image","twitter_misc":{"Escrito por":"Not\u00edcias em Destaque","Est. tempo de leitura":"2 minutos"},"schema":{"@context":"https:\/\/schema.org","@graph":[{"@type":"Article","@id":"https:\/\/noticiasemdestaque.com\/cd\/?p=50768#article","isPartOf":{"@id":"https:\/\/noticiasemdestaque.com\/cd\/?p=50768"},"author":{"name":"Not\u00edcias em Destaque","@id":"https:\/\/noticiasemdestaque.com\/cd\/#\/schema\/person\/21320b03a7e8bb90128938dafc9b908a"},"headline":"Lula defende resultado da C\u00fapula da Amaz\u00f4nia e seu documento final","datePublished":"2023-08-14T11:49:44+00:00","mainEntityOfPage":{"@id":"https:\/\/noticiasemdestaque.com\/cd\/?p=50768"},"wordCount":391,"publisher":{"@id":"https:\/\/noticiasemdestaque.com\/cd\/#organization"},"image":{"@id":"https:\/\/noticiasemdestaque.com\/cd\/?p=50768#primaryimage"},"thumbnailUrl":"https:\/\/noticiasemdestaque.com\/cd\/wp-content\/uploads\/2023\/08\/conversa_3-800x479-1.jpg","articleSection":["Pol\u00edtica"],"inLanguage":"pt-BR"},{"@type":"WebPage","@id":"https:\/\/noticiasemdestaque.com\/cd\/?p=50768","url":"https:\/\/noticiasemdestaque.com\/cd\/?p=50768","name":"Lula defende resultado da C\u00fapula da Amaz\u00f4nia e seu documento final - Not&iacute;cias em Destaque","isPartOf":{"@id":"https:\/\/noticiasemdestaque.com\/cd\/#website"},"primaryImageOfPage":{"@id":"https:\/\/noticiasemdestaque.com\/cd\/?p=50768#primaryimage"},"image":{"@id":"https:\/\/noticiasemdestaque.com\/cd\/?p=50768#primaryimage"},"thumbnailUrl":"https:\/\/noticiasemdestaque.com\/cd\/wp-content\/uploads\/2023\/08\/conversa_3-800x479-1.jpg","datePublished":"2023-08-14T11:49:44+00:00","breadcrumb":{"@id":"https:\/\/noticiasemdestaque.com\/cd\/?p=50768#breadcrumb"},"inLanguage":"pt-BR","potentialAction":[{"@type":"ReadAction","target":["https:\/\/noticiasemdestaque.com\/cd\/?p=50768"]}]},{"@type":"ImageObject","inLanguage":"pt-BR","@id":"https:\/\/noticiasemdestaque.com\/cd\/?p=50768#primaryimage","url":"https:\/\/noticiasemdestaque.com\/cd\/wp-content\/uploads\/2023\/08\/conversa_3-800x479-1.jpg","contentUrl":"https:\/\/noticiasemdestaque.com\/cd\/wp-content\/uploads\/2023\/08\/conversa_3-800x479-1.jpg","width":800,"height":479},{"@type":"BreadcrumbList","@id":"https:\/\/noticiasemdestaque.com\/cd\/?p=50768#breadcrumb","itemListElement":[{"@type":"ListItem","position":1,"name":"In\u00edcio","item":"https:\/\/noticiasemdestaque.com\/cd\/"},{"@type":"ListItem","position":2,"name":"Lula defende resultado da C\u00fapula da Amaz\u00f4nia e seu documento final"}]},{"@type":"WebSite","@id":"https:\/\/noticiasemdestaque.com\/cd\/#website","url":"https:\/\/noticiasemdestaque.com\/cd\/","name":"Not&iacute;cias em Destaque","description":"","publisher":{"@id":"https:\/\/noticiasemdestaque.com\/cd\/#organization"},"potentialAction":[{"@type":"SearchAction","target":{"@type":"EntryPoint","urlTemplate":"https:\/\/noticiasemdestaque.com\/cd\/?s={search_term_string}"},"query-input":{"@type":"PropertyValueSpecification","valueRequired":true,"valueName":"search_term_string"}}],"inLanguage":"pt-BR"},{"@type":"Organization","@id":"https:\/\/noticiasemdestaque.com\/cd\/#organization","name":"Not\u00edcias em Destaque","url":"https:\/\/noticiasemdestaque.com\/cd\/","logo":{"@type":"ImageObject","inLanguage":"pt-BR","@id":"https:\/\/noticiasemdestaque.com\/cd\/#\/schema\/logo\/image\/","url":"https:\/\/noticiasemdestaque.com\/cd\/wp-content\/uploads\/2022\/05\/imagem-base-noticiasemdestaque.png","contentUrl":"https:\/\/noticiasemdestaque.com\/cd\/wp-content\/uploads\/2022\/05\/imagem-base-noticiasemdestaque.png","width":1200,"height":630,"caption":"Not\u00edcias em Destaque"},"image":{"@id":"https:\/\/noticiasemdestaque.com\/cd\/#\/schema\/logo\/image\/"}},{"@type":"Person","@id":"https:\/\/noticiasemdestaque.com\/cd\/#\/schema\/person\/21320b03a7e8bb90128938dafc9b908a","name":"Not\u00edcias em Destaque","url":"https:\/\/noticiasemdestaque.com\/cd\/?author=2"}]}},"jetpack_featured_media_url":"https:\/\/noticiasemdestaque.com\/cd\/wp-content\/uploads\/2023\/08\/conversa_3-800x479-1.jpg","jetpack_sharing_enabled":true,"_links":{"self":[{"href":"https:\/\/noticiasemdestaque.com\/cd\/index.php?rest_route=\/wp\/v2\/posts\/50768","targetHints":{"allow":["GET"]}}],"collection":[{"href":"https:\/\/noticiasemdestaque.com\/cd\/index.php?rest_route=\/wp\/v2\/posts"}],"about":[{"href":"https:\/\/noticiasemdestaque.com\/cd\/index.php?rest_route=\/wp\/v2\/types\/post"}],"author":[{"embeddable":true,"href":"https:\/\/noticiasemdestaque.com\/cd\/index.php?rest_route=\/wp\/v2\/users\/2"}],"replies":[{"embeddable":true,"href":"https:\/\/noticiasemdestaque.com\/cd\/index.php?rest_route=%2Fwp%2Fv2%2Fcomments&post=50768"}],"version-history":[{"count":1,"href":"https:\/\/noticiasemdestaque.com\/cd\/index.php?rest_route=\/wp\/v2\/posts\/50768\/revisions"}],"predecessor-version":[{"id":50770,"href":"https:\/\/noticiasemdestaque.com\/cd\/index.php?rest_route=\/wp\/v2\/posts\/50768\/revisions\/50770"}],"wp:featuredmedia":[{"embeddable":true,"href":"https:\/\/noticiasemdestaque.com\/cd\/index.php?rest_route=\/wp\/v2\/media\/50769"}],"wp:attachment":[{"href":"https:\/\/noticiasemdestaque.com\/cd\/index.php?rest_route=%2Fwp%2Fv2%2Fmedia&parent=50768"}],"wp:term":[{"taxonomy":"category","embeddable":true,"href":"https:\/\/noticiasemdestaque.com\/cd\/index.php?rest_route=%2Fwp%2Fv2%2Fcategories&post=50768"},{"taxonomy":"post_tag","embeddable":true,"href":"https:\/\/noticiasemdestaque.com\/cd\/index.php?rest_route=%2Fwp%2Fv2%2Ftags&post=50768"}],"curies":[{"name":"wp","href":"https:\/\/api.w.org\/{rel}","templated":true}]}}