{"id":50763,"date":"2023-08-14T08:44:36","date_gmt":"2023-08-14T11:44:36","guid":{"rendered":"https:\/\/noticiasemdestaque.com\/cd\/?p=50763"},"modified":"2023-08-14T08:44:36","modified_gmt":"2023-08-14T11:44:36","slug":"motorista-apresentando-sinais-de-embriaguez-invade-pista-contraria-e-cai-em-vala-em-monteiro","status":"publish","type":"post","link":"https:\/\/noticiasemdestaque.com\/cd\/?p=50763","title":{"rendered":"Motorista apresentando sinais de embriaguez invade pista contr\u00e1ria e cai em vala em Monteiro"},"content":{"rendered":"<p><a href=\"https:\/\/noticiasemdestaque.com\/cd\/wp-content\/uploads\/2022\/12\/Samu-1.webp\"><img decoding=\"async\" class=\"size-medium wp-image-44798 aligncenter\" src=\"https:\/\/noticiasemdestaque.com\/cd\/wp-content\/uploads\/2022\/12\/Samu-1-300x156.webp\" alt=\"\" width=\"300\" height=\"156\" srcset=\"https:\/\/noticiasemdestaque.com\/cd\/wp-content\/uploads\/2022\/12\/Samu-1-300x156.webp 300w, https:\/\/noticiasemdestaque.com\/cd\/wp-content\/uploads\/2022\/12\/Samu-1-18x9.webp 18w, https:\/\/noticiasemdestaque.com\/cd\/wp-content\/uploads\/2022\/12\/Samu-1.webp 750w\" sizes=\"(max-width: 300px) 100vw, 300px\" \/><\/a><\/p>\n<p>No \u00faltimo s\u00e1bado (12), por volta das 06hs30min, uma mulher de 37 anos, desceu em uma pequena valeta em Monteiro. De acordo com as primeiras informa\u00e7\u00f5es, a v\u00edtima apresentava sintomas de embriaguez.<\/p>\n<p>&nbsp;<\/p>\n<p>Diante dos fatos, o SAMU foi acionado pela a pol\u00edcia milita, ao chegar ao local, foram prestados os primeiros socorros, checados os sinais vitais e constatou-se que a v\u00edtima estava dormindo, e apresentava sinais de embriaguez, sendo em seguida conduzida ao Hospital Regional Santa Filomena.<\/p>\n<p>&nbsp;<\/p>\n<p>O pequeno incidente aconteceu na sa\u00edda para Campina Grande, nas imedia\u00e7oes do Posto Bela Vista, onde a prefeitura realiza obras urbanas. A v\u00edtima n\u00e3o se feriu, e tamb\u00e9m n\u00e3o feriu outras pessoas.<\/p>\n","protected":false},"excerpt":{"rendered":"<p>No \u00faltimo s\u00e1bado (12), por volta das 06hs30min, uma mulher de 37 anos, desceu em uma pequena valeta em Monteiro. De acordo com as primeiras informa\u00e7\u00f5es, a v\u00edtima apresentava sintomas de embriaguez. &nbsp; Diante dos fatos, o SAMU foi acionado pela a pol\u00edcia milita, ao chegar ao local, foram prestados os primeiros socorros, checados os sinais vitais e constatou-se que a v\u00edtima estava dormindo, e apresentava sinais de embriaguez, sendo em seguida conduzida ao Hospital Regional Santa Filomena. &nbsp; O pequeno incidente aconteceu na sa\u00edda para Campina Grande, nas imedia\u00e7oes do Posto Bela Vista, onde a prefeitura realiza obras urbanas. A v\u00edtima n\u00e3o se feriu, e tamb\u00e9m n\u00e3o feriu outras pessoas.<\/p>\n","protected":false},"author":2,"featured_media":44798,"comment_status":"closed","ping_status":"open","sticky":false,"template":"","format":"standard","meta":{"_eb_attr":"","_jetpack_memberships_contains_paid_content":false,"footnotes":""},"categories":[20],"tags":[],"class_list":["post-50763","post","type-post","status-publish","format-standard","has-post-thumbnail","hentry","category-policia"],"yoast_head":"<!-- This site is optimized with the Yoast SEO plugin v26.5 - https:\/\/yoast.com\/wordpress\/plugins\/seo\/ -->\n<title>Motorista apresentando sinais de embriaguez invade pista contr\u00e1ria e cai em vala em Monteiro - Not&iacute;cias em Destaque<\/title>\n<meta name=\"robots\" content=\"index, follow, max-snippet:-1, max-image-preview:large, max-video-preview:-1\" \/>\n<link rel=\"canonical\" href=\"https:\/\/noticiasemdestaque.com\/cd\/?p=50763\" \/>\n<meta property=\"og:locale\" content=\"pt_BR\" \/>\n<meta property=\"og:type\" content=\"article\" \/>\n<meta property=\"og:title\" content=\"Motorista apresentando sinais de embriaguez invade pista contr\u00e1ria e cai em vala em Monteiro - Not&iacute;cias em Destaque\" \/>\n<meta property=\"og:description\" content=\"No \u00faltimo s\u00e1bado (12), por volta das 06hs30min, uma mulher de 37 anos, desceu em uma pequena valeta em Monteiro. De acordo com as primeiras informa\u00e7\u00f5es, a v\u00edtima apresentava sintomas de embriaguez. &nbsp; Diante dos fatos, o SAMU foi acionado pela a pol\u00edcia milita, ao chegar ao local, foram prestados os primeiros socorros, checados os sinais vitais e constatou-se que a v\u00edtima estava dormindo, e apresentava sinais de embriaguez, sendo em seguida conduzida ao Hospital Regional Santa Filomena. &nbsp; O pequeno incidente aconteceu na sa\u00edda para Campina Grande, nas imedia\u00e7oes do Posto Bela Vista, onde a prefeitura realiza obras urbanas. A v\u00edtima n\u00e3o se feriu, e tamb\u00e9m n\u00e3o feriu outras pessoas.\" \/>\n<meta property=\"og:url\" content=\"https:\/\/noticiasemdestaque.com\/cd\/?p=50763\" \/>\n<meta property=\"og:site_name\" content=\"Not&iacute;cias em Destaque\" \/>\n<meta property=\"article:published_time\" content=\"2023-08-14T11:44:36+00:00\" \/>\n<meta property=\"og:image\" content=\"https:\/\/noticiasemdestaque.com\/cd\/wp-content\/uploads\/2022\/12\/Samu-1.webp\" \/>\n\t<meta property=\"og:image:width\" content=\"750\" \/>\n\t<meta property=\"og:image:height\" content=\"390\" \/>\n\t<meta property=\"og:image:type\" content=\"image\/webp\" \/>\n<meta name=\"author\" content=\"Not\u00edcias em Destaque\" \/>\n<meta name=\"twitter:card\" content=\"summary_large_image\" \/>\n<meta name=\"twitter:label1\" content=\"Escrito por\" \/>\n\t<meta name=\"twitter:data1\" content=\"Not\u00edcias em Destaque\" \/>\n\t<meta name=\"twitter:label2\" content=\"Est. tempo de leitura\" \/>\n\t<meta name=\"twitter:data2\" content=\"1 minuto\" \/>\n<script type=\"application\/ld+json\" class=\"yoast-schema-graph\">{\"@context\":\"https:\/\/schema.org\",\"@graph\":[{\"@type\":\"Article\",\"@id\":\"https:\/\/noticiasemdestaque.com\/cd\/?p=50763#article\",\"isPartOf\":{\"@id\":\"https:\/\/noticiasemdestaque.com\/cd\/?p=50763\"},\"author\":{\"name\":\"Not\u00edcias em Destaque\",\"@id\":\"https:\/\/noticiasemdestaque.com\/cd\/#\/schema\/person\/21320b03a7e8bb90128938dafc9b908a\"},\"headline\":\"Motorista apresentando sinais de embriaguez invade pista contr\u00e1ria e cai em vala em Monteiro\",\"datePublished\":\"2023-08-14T11:44:36+00:00\",\"mainEntityOfPage\":{\"@id\":\"https:\/\/noticiasemdestaque.com\/cd\/?p=50763\"},\"wordCount\":136,\"publisher\":{\"@id\":\"https:\/\/noticiasemdestaque.com\/cd\/#organization\"},\"image\":{\"@id\":\"https:\/\/noticiasemdestaque.com\/cd\/?p=50763#primaryimage\"},\"thumbnailUrl\":\"https:\/\/noticiasemdestaque.com\/cd\/wp-content\/uploads\/2022\/12\/Samu-1.webp\",\"articleSection\":[\"Pol\u00edcia\"],\"inLanguage\":\"pt-BR\"},{\"@type\":\"WebPage\",\"@id\":\"https:\/\/noticiasemdestaque.com\/cd\/?p=50763\",\"url\":\"https:\/\/noticiasemdestaque.com\/cd\/?p=50763\",\"name\":\"Motorista apresentando sinais de embriaguez invade pista contr\u00e1ria e cai em vala em Monteiro - Not&iacute;cias em Destaque\",\"isPartOf\":{\"@id\":\"https:\/\/noticiasemdestaque.com\/cd\/#website\"},\"primaryImageOfPage\":{\"@id\":\"https:\/\/noticiasemdestaque.com\/cd\/?p=50763#primaryimage\"},\"image\":{\"@id\":\"https:\/\/noticiasemdestaque.com\/cd\/?p=50763#primaryimage\"},\"thumbnailUrl\":\"https:\/\/noticiasemdestaque.com\/cd\/wp-content\/uploads\/2022\/12\/Samu-1.webp\",\"datePublished\":\"2023-08-14T11:44:36+00:00\",\"breadcrumb\":{\"@id\":\"https:\/\/noticiasemdestaque.com\/cd\/?p=50763#breadcrumb\"},\"inLanguage\":\"pt-BR\",\"potentialAction\":[{\"@type\":\"ReadAction\",\"target\":[\"https:\/\/noticiasemdestaque.com\/cd\/?p=50763\"]}]},{\"@type\":\"ImageObject\",\"inLanguage\":\"pt-BR\",\"@id\":\"https:\/\/noticiasemdestaque.com\/cd\/?p=50763#primaryimage\",\"url\":\"https:\/\/noticiasemdestaque.com\/cd\/wp-content\/uploads\/2022\/12\/Samu-1.webp\",\"contentUrl\":\"https:\/\/noticiasemdestaque.com\/cd\/wp-content\/uploads\/2022\/12\/Samu-1.webp\",\"width\":750,\"height\":390},{\"@type\":\"BreadcrumbList\",\"@id\":\"https:\/\/noticiasemdestaque.com\/cd\/?p=50763#breadcrumb\",\"itemListElement\":[{\"@type\":\"ListItem\",\"position\":1,\"name\":\"In\u00edcio\",\"item\":\"https:\/\/noticiasemdestaque.com\/cd\/\"},{\"@type\":\"ListItem\",\"position\":2,\"name\":\"Motorista apresentando sinais de embriaguez invade pista contr\u00e1ria e cai em vala em Monteiro\"}]},{\"@type\":\"WebSite\",\"@id\":\"https:\/\/noticiasemdestaque.com\/cd\/#website\",\"url\":\"https:\/\/noticiasemdestaque.com\/cd\/\",\"name\":\"Not&iacute;cias em Destaque\",\"description\":\"\",\"publisher\":{\"@id\":\"https:\/\/noticiasemdestaque.com\/cd\/#organization\"},\"potentialAction\":[{\"@type\":\"SearchAction\",\"target\":{\"@type\":\"EntryPoint\",\"urlTemplate\":\"https:\/\/noticiasemdestaque.com\/cd\/?s={search_term_string}\"},\"query-input\":{\"@type\":\"PropertyValueSpecification\",\"valueRequired\":true,\"valueName\":\"search_term_string\"}}],\"inLanguage\":\"pt-BR\"},{\"@type\":\"Organization\",\"@id\":\"https:\/\/noticiasemdestaque.com\/cd\/#organization\",\"name\":\"Not\u00edcias em Destaque\",\"url\":\"https:\/\/noticiasemdestaque.com\/cd\/\",\"logo\":{\"@type\":\"ImageObject\",\"inLanguage\":\"pt-BR\",\"@id\":\"https:\/\/noticiasemdestaque.com\/cd\/#\/schema\/logo\/image\/\",\"url\":\"https:\/\/noticiasemdestaque.com\/cd\/wp-content\/uploads\/2022\/05\/imagem-base-noticiasemdestaque.png\",\"contentUrl\":\"https:\/\/noticiasemdestaque.com\/cd\/wp-content\/uploads\/2022\/05\/imagem-base-noticiasemdestaque.png\",\"width\":1200,\"height\":630,\"caption\":\"Not\u00edcias em Destaque\"},\"image\":{\"@id\":\"https:\/\/noticiasemdestaque.com\/cd\/#\/schema\/logo\/image\/\"}},{\"@type\":\"Person\",\"@id\":\"https:\/\/noticiasemdestaque.com\/cd\/#\/schema\/person\/21320b03a7e8bb90128938dafc9b908a\",\"name\":\"Not\u00edcias em Destaque\",\"url\":\"https:\/\/noticiasemdestaque.com\/cd\/?author=2\"}]}<\/script>\n<!-- \/ Yoast SEO plugin. -->","yoast_head_json":{"title":"Motorista apresentando sinais de embriaguez invade pista contr\u00e1ria e cai em vala em Monteiro - Not&iacute;cias em Destaque","robots":{"index":"index","follow":"follow","max-snippet":"max-snippet:-1","max-image-preview":"max-image-preview:large","max-video-preview":"max-video-preview:-1"},"canonical":"https:\/\/noticiasemdestaque.com\/cd\/?p=50763","og_locale":"pt_BR","og_type":"article","og_title":"Motorista apresentando sinais de embriaguez invade pista contr\u00e1ria e cai em vala em Monteiro - Not&iacute;cias em Destaque","og_description":"No \u00faltimo s\u00e1bado (12), por volta das 06hs30min, uma mulher de 37 anos, desceu em uma pequena valeta em Monteiro. De acordo com as primeiras informa\u00e7\u00f5es, a v\u00edtima apresentava sintomas de embriaguez. &nbsp; Diante dos fatos, o SAMU foi acionado pela a pol\u00edcia milita, ao chegar ao local, foram prestados os primeiros socorros, checados os sinais vitais e constatou-se que a v\u00edtima estava dormindo, e apresentava sinais de embriaguez, sendo em seguida conduzida ao Hospital Regional Santa Filomena. &nbsp; O pequeno incidente aconteceu na sa\u00edda para Campina Grande, nas imedia\u00e7oes do Posto Bela Vista, onde a prefeitura realiza obras urbanas. A v\u00edtima n\u00e3o se feriu, e tamb\u00e9m n\u00e3o feriu outras pessoas.","og_url":"https:\/\/noticiasemdestaque.com\/cd\/?p=50763","og_site_name":"Not&iacute;cias em Destaque","article_published_time":"2023-08-14T11:44:36+00:00","og_image":[{"width":750,"height":390,"url":"https:\/\/noticiasemdestaque.com\/cd\/wp-content\/uploads\/2022\/12\/Samu-1.webp","type":"image\/webp"}],"author":"Not\u00edcias em Destaque","twitter_card":"summary_large_image","twitter_misc":{"Escrito por":"Not\u00edcias em Destaque","Est. tempo de leitura":"1 minuto"},"schema":{"@context":"https:\/\/schema.org","@graph":[{"@type":"Article","@id":"https:\/\/noticiasemdestaque.com\/cd\/?p=50763#article","isPartOf":{"@id":"https:\/\/noticiasemdestaque.com\/cd\/?p=50763"},"author":{"name":"Not\u00edcias em Destaque","@id":"https:\/\/noticiasemdestaque.com\/cd\/#\/schema\/person\/21320b03a7e8bb90128938dafc9b908a"},"headline":"Motorista apresentando sinais de embriaguez invade pista contr\u00e1ria e cai em vala em Monteiro","datePublished":"2023-08-14T11:44:36+00:00","mainEntityOfPage":{"@id":"https:\/\/noticiasemdestaque.com\/cd\/?p=50763"},"wordCount":136,"publisher":{"@id":"https:\/\/noticiasemdestaque.com\/cd\/#organization"},"image":{"@id":"https:\/\/noticiasemdestaque.com\/cd\/?p=50763#primaryimage"},"thumbnailUrl":"https:\/\/noticiasemdestaque.com\/cd\/wp-content\/uploads\/2022\/12\/Samu-1.webp","articleSection":["Pol\u00edcia"],"inLanguage":"pt-BR"},{"@type":"WebPage","@id":"https:\/\/noticiasemdestaque.com\/cd\/?p=50763","url":"https:\/\/noticiasemdestaque.com\/cd\/?p=50763","name":"Motorista apresentando sinais de embriaguez invade pista contr\u00e1ria e cai em vala em Monteiro - Not&iacute;cias em Destaque","isPartOf":{"@id":"https:\/\/noticiasemdestaque.com\/cd\/#website"},"primaryImageOfPage":{"@id":"https:\/\/noticiasemdestaque.com\/cd\/?p=50763#primaryimage"},"image":{"@id":"https:\/\/noticiasemdestaque.com\/cd\/?p=50763#primaryimage"},"thumbnailUrl":"https:\/\/noticiasemdestaque.com\/cd\/wp-content\/uploads\/2022\/12\/Samu-1.webp","datePublished":"2023-08-14T11:44:36+00:00","breadcrumb":{"@id":"https:\/\/noticiasemdestaque.com\/cd\/?p=50763#breadcrumb"},"inLanguage":"pt-BR","potentialAction":[{"@type":"ReadAction","target":["https:\/\/noticiasemdestaque.com\/cd\/?p=50763"]}]},{"@type":"ImageObject","inLanguage":"pt-BR","@id":"https:\/\/noticiasemdestaque.com\/cd\/?p=50763#primaryimage","url":"https:\/\/noticiasemdestaque.com\/cd\/wp-content\/uploads\/2022\/12\/Samu-1.webp","contentUrl":"https:\/\/noticiasemdestaque.com\/cd\/wp-content\/uploads\/2022\/12\/Samu-1.webp","width":750,"height":390},{"@type":"BreadcrumbList","@id":"https:\/\/noticiasemdestaque.com\/cd\/?p=50763#breadcrumb","itemListElement":[{"@type":"ListItem","position":1,"name":"In\u00edcio","item":"https:\/\/noticiasemdestaque.com\/cd\/"},{"@type":"ListItem","position":2,"name":"Motorista apresentando sinais de embriaguez invade pista contr\u00e1ria e cai em vala em Monteiro"}]},{"@type":"WebSite","@id":"https:\/\/noticiasemdestaque.com\/cd\/#website","url":"https:\/\/noticiasemdestaque.com\/cd\/","name":"Not&iacute;cias em Destaque","description":"","publisher":{"@id":"https:\/\/noticiasemdestaque.com\/cd\/#organization"},"potentialAction":[{"@type":"SearchAction","target":{"@type":"EntryPoint","urlTemplate":"https:\/\/noticiasemdestaque.com\/cd\/?s={search_term_string}"},"query-input":{"@type":"PropertyValueSpecification","valueRequired":true,"valueName":"search_term_string"}}],"inLanguage":"pt-BR"},{"@type":"Organization","@id":"https:\/\/noticiasemdestaque.com\/cd\/#organization","name":"Not\u00edcias em Destaque","url":"https:\/\/noticiasemdestaque.com\/cd\/","logo":{"@type":"ImageObject","inLanguage":"pt-BR","@id":"https:\/\/noticiasemdestaque.com\/cd\/#\/schema\/logo\/image\/","url":"https:\/\/noticiasemdestaque.com\/cd\/wp-content\/uploads\/2022\/05\/imagem-base-noticiasemdestaque.png","contentUrl":"https:\/\/noticiasemdestaque.com\/cd\/wp-content\/uploads\/2022\/05\/imagem-base-noticiasemdestaque.png","width":1200,"height":630,"caption":"Not\u00edcias em Destaque"},"image":{"@id":"https:\/\/noticiasemdestaque.com\/cd\/#\/schema\/logo\/image\/"}},{"@type":"Person","@id":"https:\/\/noticiasemdestaque.com\/cd\/#\/schema\/person\/21320b03a7e8bb90128938dafc9b908a","name":"Not\u00edcias em Destaque","url":"https:\/\/noticiasemdestaque.com\/cd\/?author=2"}]}},"jetpack_featured_media_url":"https:\/\/noticiasemdestaque.com\/cd\/wp-content\/uploads\/2022\/12\/Samu-1.webp","jetpack_sharing_enabled":true,"_links":{"self":[{"href":"https:\/\/noticiasemdestaque.com\/cd\/index.php?rest_route=\/wp\/v2\/posts\/50763","targetHints":{"allow":["GET"]}}],"collection":[{"href":"https:\/\/noticiasemdestaque.com\/cd\/index.php?rest_route=\/wp\/v2\/posts"}],"about":[{"href":"https:\/\/noticiasemdestaque.com\/cd\/index.php?rest_route=\/wp\/v2\/types\/post"}],"author":[{"embeddable":true,"href":"https:\/\/noticiasemdestaque.com\/cd\/index.php?rest_route=\/wp\/v2\/users\/2"}],"replies":[{"embeddable":true,"href":"https:\/\/noticiasemdestaque.com\/cd\/index.php?rest_route=%2Fwp%2Fv2%2Fcomments&post=50763"}],"version-history":[{"count":1,"href":"https:\/\/noticiasemdestaque.com\/cd\/index.php?rest_route=\/wp\/v2\/posts\/50763\/revisions"}],"predecessor-version":[{"id":50764,"href":"https:\/\/noticiasemdestaque.com\/cd\/index.php?rest_route=\/wp\/v2\/posts\/50763\/revisions\/50764"}],"wp:featuredmedia":[{"embeddable":true,"href":"https:\/\/noticiasemdestaque.com\/cd\/index.php?rest_route=\/wp\/v2\/media\/44798"}],"wp:attachment":[{"href":"https:\/\/noticiasemdestaque.com\/cd\/index.php?rest_route=%2Fwp%2Fv2%2Fmedia&parent=50763"}],"wp:term":[{"taxonomy":"category","embeddable":true,"href":"https:\/\/noticiasemdestaque.com\/cd\/index.php?rest_route=%2Fwp%2Fv2%2Fcategories&post=50763"},{"taxonomy":"post_tag","embeddable":true,"href":"https:\/\/noticiasemdestaque.com\/cd\/index.php?rest_route=%2Fwp%2Fv2%2Ftags&post=50763"}],"curies":[{"name":"wp","href":"https:\/\/api.w.org\/{rel}","templated":true}]}}