{"id":50753,"date":"2023-08-13T10:58:24","date_gmt":"2023-08-13T13:58:24","guid":{"rendered":"https:\/\/noticiasemdestaque.com\/cd\/?p=50753"},"modified":"2023-08-13T10:58:24","modified_gmt":"2023-08-13T13:58:24","slug":"flamengo-e-sao-paulo-duelam-no-brasileiro-pensando-na-copa-do-brasil","status":"publish","type":"post","link":"https:\/\/noticiasemdestaque.com\/cd\/?p=50753","title":{"rendered":"Flamengo e S\u00e3o Paulo duelam no Brasileiro, pensando na Copa do Brasil"},"content":{"rendered":"<p><a href=\"https:\/\/noticiasemdestaque.com\/cd\/wp-content\/uploads\/2023\/08\/snapinstaapp_366340580_18381645979045327_1320828282237015034_n_1080.jpg\"><img fetchpriority=\"high\" decoding=\"async\" class=\"wp-image-50755 aligncenter\" src=\"https:\/\/noticiasemdestaque.com\/cd\/wp-content\/uploads\/2023\/08\/snapinstaapp_366340580_18381645979045327_1320828282237015034_n_1080-300x200.jpg\" alt=\"\" width=\"1385\" height=\"923\" srcset=\"https:\/\/noticiasemdestaque.com\/cd\/wp-content\/uploads\/2023\/08\/snapinstaapp_366340580_18381645979045327_1320828282237015034_n_1080-300x200.jpg 300w, https:\/\/noticiasemdestaque.com\/cd\/wp-content\/uploads\/2023\/08\/snapinstaapp_366340580_18381645979045327_1320828282237015034_n_1080-768x513.jpg 768w, https:\/\/noticiasemdestaque.com\/cd\/wp-content\/uploads\/2023\/08\/snapinstaapp_366340580_18381645979045327_1320828282237015034_n_1080-18x12.jpg 18w, https:\/\/noticiasemdestaque.com\/cd\/wp-content\/uploads\/2023\/08\/snapinstaapp_366340580_18381645979045327_1320828282237015034_n_1080.jpg 876w\" sizes=\"(max-width: 1385px) 100vw, 1385px\" \/><\/a><\/p>\n<p>O Flamengo encara o S\u00e3o Paulo no Maracan\u00e3 neste domingo (13) pelo Campeonato Brasileiro, tr\u00eas dias ap\u00f3s ter sido eliminado nas quartas de final da Copa Libertadores. J\u00e1 o Tricolor paulista, chega a campo motivado, ap\u00f3s avan\u00e7ar \u00e0s quartas da Sul-Americana na \u00faltima quinta-feira (17). Al\u00e9m das realidades distintas, ambos os clubes vivem a expectativa das semifinais da Copa do Brasil na pr\u00f3xima quarta (16).<\/p>\n<p>O confronto de hoje \u00e9 v\u00e1lido pela 19\u00aa rodada, que encerra o primeiro turno do Brasileir\u00e3o. A partida, \u00e0s 18h30 (hor\u00e1rio de Bras\u00edlia), ter\u00e1 transmiss\u00e3o ao vivo na R\u00e1dio Nacional, com narra\u00e7\u00e3o de\u00a0 Andr\u00e9 Luiz Mendes, coment\u00e1rios de M\u00e1rio Silva, reportagem de Rodrigo Campos e plant\u00e3o de not\u00edcias com\u00a0 Bruno Mendes.<\/p>\n<p>Entre os primeiros colocados na tabela, o Rubro-Negro soma 31 pontos, 13 a menos que o l\u00edder Botafogo. Al\u00e9m da derrota para o Olimpia (Paraguai) no torneio continental, por 3 a 1, o time carioca tamb\u00e9m trope\u00e7ou na \u00faltima rodada do Brasileiro, quando perdeu para o Cuiab\u00e1 por 3 a 0. Na quarta (16), o Fla volta ao Maracan\u00e3 para decidir contra o Gr\u00eamio a vaga na final da Copa do Brasil &#8211; a equipe venceu o jogo de ida por 2 a 0.<\/p>\n<p>O t\u00e9cnico argentino Jorge Sampaoli s\u00f3 anunciar\u00e1 a lista de relacionados algumas horas antes da partida. A expectativa \u00e9 de que o treinador poupe Filipe Lu\u00eds e\u00a0 Everton Ribeiro e acione Ayrton Lucas e Victor Hugo, respectivamente.<\/p>\n<p>Entre os primeiros colocados na tabela, o Rubro-Negro soma 31 pontos, 13 a menos que o l\u00edder Botafogo. Al\u00e9m da derrota para o Olimpia (Paraguai) no torneio continental, por 3 a 1, o time carioca tamb\u00e9m trope\u00e7ou na \u00faltima rodada do Brasileiro, quando perdeu para o Cuiab\u00e1 por 3 a 0. Na quarta (16), o Fla volta ao Maracan\u00e3 para decidir contra o Gr\u00eamio a vaga na final da Copa do Brasil &#8211; a equipe venceu o jogo de ida por 2 a 0.<\/p>\n<p>O t\u00e9cnico argentino Jorge Sampaoli s\u00f3 anunciar\u00e1 a lista de relacionados algumas horas antes da partida. A expectativa \u00e9 de que o treinador poupe Filipe Lu\u00eds e\u00a0 Everton Ribeiro e acione Ayrton Lucas e Victor Hugo, respectivamente.<\/p>\n<p><strong>Noticias em Destaque<\/strong><\/p>\n<p style=\"text-align: right;\"><em>Com Ag\u00eancia Brasil<\/em><\/p>\n","protected":false},"excerpt":{"rendered":"<p>O Flamengo encara o S\u00e3o Paulo no Maracan\u00e3 neste domingo (13) pelo Campeonato Brasileiro, tr\u00eas dias ap\u00f3s ter sido eliminado nas quartas de final da Copa Libertadores. J\u00e1 o Tricolor paulista, chega a campo motivado, ap\u00f3s avan\u00e7ar \u00e0s quartas da Sul-Americana na \u00faltima quinta-feira (17). Al\u00e9m das realidades distintas, ambos os clubes vivem a expectativa das semifinais da Copa do Brasil na pr\u00f3xima quarta (16). O confronto de hoje \u00e9 v\u00e1lido pela 19\u00aa rodada, que encerra o primeiro turno do Brasileir\u00e3o. A partida, \u00e0s 18h30 (hor\u00e1rio de Bras\u00edlia), ter\u00e1 transmiss\u00e3o ao vivo na R\u00e1dio Nacional, com narra\u00e7\u00e3o de\u00a0 Andr\u00e9 Luiz Mendes, coment\u00e1rios de M\u00e1rio Silva, reportagem de Rodrigo Campos e plant\u00e3o de not\u00edcias com\u00a0 Bruno Mendes. Entre os primeiros colocados na tabela, o Rubro-Negro soma 31 pontos, 13 a menos que o l\u00edder Botafogo. Al\u00e9m da derrota para o Olimpia (Paraguai) no torneio continental, por 3 a 1, o time carioca tamb\u00e9m trope\u00e7ou na \u00faltima rodada do Brasileiro, quando perdeu para o Cuiab\u00e1 por 3 a 0. Na quarta (16), o Fla volta ao Maracan\u00e3 para decidir contra o Gr\u00eamio a vaga na final da Copa do Brasil &#8211; a equipe venceu o jogo de ida por 2 a 0. O t\u00e9cnico argentino Jorge Sampaoli s\u00f3 anunciar\u00e1 a lista de relacionados algumas horas antes da partida. A expectativa \u00e9 de que o treinador poupe Filipe Lu\u00eds e\u00a0 Everton Ribeiro e acione Ayrton Lucas e Victor Hugo, respectivamente. Entre os primeiros colocados na tabela, o Rubro-Negro soma 31 pontos, 13 a menos que o l\u00edder Botafogo. Al\u00e9m da derrota para o Olimpia (Paraguai) no torneio continental, por 3 a 1, o time carioca tamb\u00e9m trope\u00e7ou na \u00faltima rodada do Brasileiro, quando perdeu para o Cuiab\u00e1 por 3 a 0. Na quarta (16), o Fla volta ao Maracan\u00e3 para decidir contra o Gr\u00eamio a vaga na final da Copa do Brasil &#8211; a equipe venceu o jogo de ida por 2 a 0. O t\u00e9cnico argentino Jorge Sampaoli s\u00f3 anunciar\u00e1 a lista de relacionados algumas horas antes da partida. A expectativa \u00e9 de que o treinador poupe Filipe Lu\u00eds e\u00a0 Everton Ribeiro e acione Ayrton Lucas e Victor Hugo, respectivamente. Noticias em Destaque Com Ag\u00eancia Brasil<\/p>\n","protected":false},"author":2,"featured_media":50755,"comment_status":"closed","ping_status":"open","sticky":false,"template":"","format":"standard","meta":{"_eb_attr":"","_jetpack_memberships_contains_paid_content":false,"footnotes":""},"categories":[15],"tags":[],"class_list":["post-50753","post","type-post","status-publish","format-standard","has-post-thumbnail","hentry","category-esporte"],"yoast_head":"<!-- This site is optimized with the Yoast SEO plugin v26.5 - https:\/\/yoast.com\/wordpress\/plugins\/seo\/ -->\n<title>Flamengo e S\u00e3o Paulo duelam no Brasileiro, pensando na Copa do Brasil - Not&iacute;cias em Destaque<\/title>\n<meta name=\"robots\" content=\"index, follow, max-snippet:-1, max-image-preview:large, max-video-preview:-1\" \/>\n<link rel=\"canonical\" href=\"https:\/\/noticiasemdestaque.com\/cd\/?p=50753\" \/>\n<meta property=\"og:locale\" content=\"pt_BR\" \/>\n<meta property=\"og:type\" content=\"article\" \/>\n<meta property=\"og:title\" content=\"Flamengo e S\u00e3o Paulo duelam no Brasileiro, pensando na Copa do Brasil - Not&iacute;cias em Destaque\" \/>\n<meta property=\"og:description\" content=\"O Flamengo encara o S\u00e3o Paulo no Maracan\u00e3 neste domingo (13) pelo Campeonato Brasileiro, tr\u00eas dias ap\u00f3s ter sido eliminado nas quartas de final da Copa Libertadores. J\u00e1 o Tricolor paulista, chega a campo motivado, ap\u00f3s avan\u00e7ar \u00e0s quartas da Sul-Americana na \u00faltima quinta-feira (17). Al\u00e9m das realidades distintas, ambos os clubes vivem a expectativa das semifinais da Copa do Brasil na pr\u00f3xima quarta (16). O confronto de hoje \u00e9 v\u00e1lido pela 19\u00aa rodada, que encerra o primeiro turno do Brasileir\u00e3o. A partida, \u00e0s 18h30 (hor\u00e1rio de Bras\u00edlia), ter\u00e1 transmiss\u00e3o ao vivo na R\u00e1dio Nacional, com narra\u00e7\u00e3o de\u00a0 Andr\u00e9 Luiz Mendes, coment\u00e1rios de M\u00e1rio Silva, reportagem de Rodrigo Campos e plant\u00e3o de not\u00edcias com\u00a0 Bruno Mendes. Entre os primeiros colocados na tabela, o Rubro-Negro soma 31 pontos, 13 a menos que o l\u00edder Botafogo. Al\u00e9m da derrota para o Olimpia (Paraguai) no torneio continental, por 3 a 1, o time carioca tamb\u00e9m trope\u00e7ou na \u00faltima rodada do Brasileiro, quando perdeu para o Cuiab\u00e1 por 3 a 0. Na quarta (16), o Fla volta ao Maracan\u00e3 para decidir contra o Gr\u00eamio a vaga na final da Copa do Brasil &#8211; a equipe venceu o jogo de ida por 2 a 0. O t\u00e9cnico argentino Jorge Sampaoli s\u00f3 anunciar\u00e1 a lista de relacionados algumas horas antes da partida. A expectativa \u00e9 de que o treinador poupe Filipe Lu\u00eds e\u00a0 Everton Ribeiro e acione Ayrton Lucas e Victor Hugo, respectivamente. Entre os primeiros colocados na tabela, o Rubro-Negro soma 31 pontos, 13 a menos que o l\u00edder Botafogo. Al\u00e9m da derrota para o Olimpia (Paraguai) no torneio continental, por 3 a 1, o time carioca tamb\u00e9m trope\u00e7ou na \u00faltima rodada do Brasileiro, quando perdeu para o Cuiab\u00e1 por 3 a 0. Na quarta (16), o Fla volta ao Maracan\u00e3 para decidir contra o Gr\u00eamio a vaga na final da Copa do Brasil &#8211; a equipe venceu o jogo de ida por 2 a 0. O t\u00e9cnico argentino Jorge Sampaoli s\u00f3 anunciar\u00e1 a lista de relacionados algumas horas antes da partida. A expectativa \u00e9 de que o treinador poupe Filipe Lu\u00eds e\u00a0 Everton Ribeiro e acione Ayrton Lucas e Victor Hugo, respectivamente. Noticias em Destaque Com Ag\u00eancia Brasil\" \/>\n<meta property=\"og:url\" content=\"https:\/\/noticiasemdestaque.com\/cd\/?p=50753\" \/>\n<meta property=\"og:site_name\" content=\"Not&iacute;cias em Destaque\" \/>\n<meta property=\"article:published_time\" content=\"2023-08-13T13:58:24+00:00\" \/>\n<meta property=\"og:image\" content=\"https:\/\/noticiasemdestaque.com\/cd\/wp-content\/uploads\/2023\/08\/snapinstaapp_366340580_18381645979045327_1320828282237015034_n_1080.jpg\" \/>\n\t<meta property=\"og:image:width\" content=\"876\" \/>\n\t<meta property=\"og:image:height\" content=\"585\" \/>\n\t<meta property=\"og:image:type\" content=\"image\/jpeg\" \/>\n<meta name=\"author\" content=\"Not\u00edcias em Destaque\" \/>\n<meta name=\"twitter:card\" content=\"summary_large_image\" \/>\n<meta name=\"twitter:label1\" content=\"Escrito por\" \/>\n\t<meta name=\"twitter:data1\" content=\"Not\u00edcias em Destaque\" \/>\n\t<meta name=\"twitter:label2\" content=\"Est. tempo de leitura\" \/>\n\t<meta name=\"twitter:data2\" content=\"3 minutos\" \/>\n<script type=\"application\/ld+json\" class=\"yoast-schema-graph\">{\"@context\":\"https:\/\/schema.org\",\"@graph\":[{\"@type\":\"Article\",\"@id\":\"https:\/\/noticiasemdestaque.com\/cd\/?p=50753#article\",\"isPartOf\":{\"@id\":\"https:\/\/noticiasemdestaque.com\/cd\/?p=50753\"},\"author\":{\"name\":\"Not\u00edcias em Destaque\",\"@id\":\"https:\/\/noticiasemdestaque.com\/cd\/#\/schema\/person\/21320b03a7e8bb90128938dafc9b908a\"},\"headline\":\"Flamengo e S\u00e3o Paulo duelam no Brasileiro, pensando na Copa do Brasil\",\"datePublished\":\"2023-08-13T13:58:24+00:00\",\"mainEntityOfPage\":{\"@id\":\"https:\/\/noticiasemdestaque.com\/cd\/?p=50753\"},\"wordCount\":385,\"publisher\":{\"@id\":\"https:\/\/noticiasemdestaque.com\/cd\/#organization\"},\"image\":{\"@id\":\"https:\/\/noticiasemdestaque.com\/cd\/?p=50753#primaryimage\"},\"thumbnailUrl\":\"https:\/\/noticiasemdestaque.com\/cd\/wp-content\/uploads\/2023\/08\/snapinstaapp_366340580_18381645979045327_1320828282237015034_n_1080.jpg\",\"articleSection\":[\"Esporte\"],\"inLanguage\":\"pt-BR\"},{\"@type\":\"WebPage\",\"@id\":\"https:\/\/noticiasemdestaque.com\/cd\/?p=50753\",\"url\":\"https:\/\/noticiasemdestaque.com\/cd\/?p=50753\",\"name\":\"Flamengo e S\u00e3o Paulo duelam no Brasileiro, pensando na Copa do Brasil - Not&iacute;cias em Destaque\",\"isPartOf\":{\"@id\":\"https:\/\/noticiasemdestaque.com\/cd\/#website\"},\"primaryImageOfPage\":{\"@id\":\"https:\/\/noticiasemdestaque.com\/cd\/?p=50753#primaryimage\"},\"image\":{\"@id\":\"https:\/\/noticiasemdestaque.com\/cd\/?p=50753#primaryimage\"},\"thumbnailUrl\":\"https:\/\/noticiasemdestaque.com\/cd\/wp-content\/uploads\/2023\/08\/snapinstaapp_366340580_18381645979045327_1320828282237015034_n_1080.jpg\",\"datePublished\":\"2023-08-13T13:58:24+00:00\",\"breadcrumb\":{\"@id\":\"https:\/\/noticiasemdestaque.com\/cd\/?p=50753#breadcrumb\"},\"inLanguage\":\"pt-BR\",\"potentialAction\":[{\"@type\":\"ReadAction\",\"target\":[\"https:\/\/noticiasemdestaque.com\/cd\/?p=50753\"]}]},{\"@type\":\"ImageObject\",\"inLanguage\":\"pt-BR\",\"@id\":\"https:\/\/noticiasemdestaque.com\/cd\/?p=50753#primaryimage\",\"url\":\"https:\/\/noticiasemdestaque.com\/cd\/wp-content\/uploads\/2023\/08\/snapinstaapp_366340580_18381645979045327_1320828282237015034_n_1080.jpg\",\"contentUrl\":\"https:\/\/noticiasemdestaque.com\/cd\/wp-content\/uploads\/2023\/08\/snapinstaapp_366340580_18381645979045327_1320828282237015034_n_1080.jpg\",\"width\":876,\"height\":585},{\"@type\":\"BreadcrumbList\",\"@id\":\"https:\/\/noticiasemdestaque.com\/cd\/?p=50753#breadcrumb\",\"itemListElement\":[{\"@type\":\"ListItem\",\"position\":1,\"name\":\"In\u00edcio\",\"item\":\"https:\/\/noticiasemdestaque.com\/cd\/\"},{\"@type\":\"ListItem\",\"position\":2,\"name\":\"Flamengo e S\u00e3o Paulo duelam no Brasileiro, pensando na Copa do Brasil\"}]},{\"@type\":\"WebSite\",\"@id\":\"https:\/\/noticiasemdestaque.com\/cd\/#website\",\"url\":\"https:\/\/noticiasemdestaque.com\/cd\/\",\"name\":\"Not&iacute;cias em Destaque\",\"description\":\"\",\"publisher\":{\"@id\":\"https:\/\/noticiasemdestaque.com\/cd\/#organization\"},\"potentialAction\":[{\"@type\":\"SearchAction\",\"target\":{\"@type\":\"EntryPoint\",\"urlTemplate\":\"https:\/\/noticiasemdestaque.com\/cd\/?s={search_term_string}\"},\"query-input\":{\"@type\":\"PropertyValueSpecification\",\"valueRequired\":true,\"valueName\":\"search_term_string\"}}],\"inLanguage\":\"pt-BR\"},{\"@type\":\"Organization\",\"@id\":\"https:\/\/noticiasemdestaque.com\/cd\/#organization\",\"name\":\"Not\u00edcias em Destaque\",\"url\":\"https:\/\/noticiasemdestaque.com\/cd\/\",\"logo\":{\"@type\":\"ImageObject\",\"inLanguage\":\"pt-BR\",\"@id\":\"https:\/\/noticiasemdestaque.com\/cd\/#\/schema\/logo\/image\/\",\"url\":\"https:\/\/noticiasemdestaque.com\/cd\/wp-content\/uploads\/2022\/05\/imagem-base-noticiasemdestaque.png\",\"contentUrl\":\"https:\/\/noticiasemdestaque.com\/cd\/wp-content\/uploads\/2022\/05\/imagem-base-noticiasemdestaque.png\",\"width\":1200,\"height\":630,\"caption\":\"Not\u00edcias em Destaque\"},\"image\":{\"@id\":\"https:\/\/noticiasemdestaque.com\/cd\/#\/schema\/logo\/image\/\"}},{\"@type\":\"Person\",\"@id\":\"https:\/\/noticiasemdestaque.com\/cd\/#\/schema\/person\/21320b03a7e8bb90128938dafc9b908a\",\"name\":\"Not\u00edcias em Destaque\",\"url\":\"https:\/\/noticiasemdestaque.com\/cd\/?author=2\"}]}<\/script>\n<!-- \/ Yoast SEO plugin. -->","yoast_head_json":{"title":"Flamengo e S\u00e3o Paulo duelam no Brasileiro, pensando na Copa do Brasil - Not&iacute;cias em Destaque","robots":{"index":"index","follow":"follow","max-snippet":"max-snippet:-1","max-image-preview":"max-image-preview:large","max-video-preview":"max-video-preview:-1"},"canonical":"https:\/\/noticiasemdestaque.com\/cd\/?p=50753","og_locale":"pt_BR","og_type":"article","og_title":"Flamengo e S\u00e3o Paulo duelam no Brasileiro, pensando na Copa do Brasil - Not&iacute;cias em Destaque","og_description":"O Flamengo encara o S\u00e3o Paulo no Maracan\u00e3 neste domingo (13) pelo Campeonato Brasileiro, tr\u00eas dias ap\u00f3s ter sido eliminado nas quartas de final da Copa Libertadores. J\u00e1 o Tricolor paulista, chega a campo motivado, ap\u00f3s avan\u00e7ar \u00e0s quartas da Sul-Americana na \u00faltima quinta-feira (17). Al\u00e9m das realidades distintas, ambos os clubes vivem a expectativa das semifinais da Copa do Brasil na pr\u00f3xima quarta (16). O confronto de hoje \u00e9 v\u00e1lido pela 19\u00aa rodada, que encerra o primeiro turno do Brasileir\u00e3o. A partida, \u00e0s 18h30 (hor\u00e1rio de Bras\u00edlia), ter\u00e1 transmiss\u00e3o ao vivo na R\u00e1dio Nacional, com narra\u00e7\u00e3o de\u00a0 Andr\u00e9 Luiz Mendes, coment\u00e1rios de M\u00e1rio Silva, reportagem de Rodrigo Campos e plant\u00e3o de not\u00edcias com\u00a0 Bruno Mendes. Entre os primeiros colocados na tabela, o Rubro-Negro soma 31 pontos, 13 a menos que o l\u00edder Botafogo. Al\u00e9m da derrota para o Olimpia (Paraguai) no torneio continental, por 3 a 1, o time carioca tamb\u00e9m trope\u00e7ou na \u00faltima rodada do Brasileiro, quando perdeu para o Cuiab\u00e1 por 3 a 0. Na quarta (16), o Fla volta ao Maracan\u00e3 para decidir contra o Gr\u00eamio a vaga na final da Copa do Brasil &#8211; a equipe venceu o jogo de ida por 2 a 0. O t\u00e9cnico argentino Jorge Sampaoli s\u00f3 anunciar\u00e1 a lista de relacionados algumas horas antes da partida. A expectativa \u00e9 de que o treinador poupe Filipe Lu\u00eds e\u00a0 Everton Ribeiro e acione Ayrton Lucas e Victor Hugo, respectivamente. Entre os primeiros colocados na tabela, o Rubro-Negro soma 31 pontos, 13 a menos que o l\u00edder Botafogo. Al\u00e9m da derrota para o Olimpia (Paraguai) no torneio continental, por 3 a 1, o time carioca tamb\u00e9m trope\u00e7ou na \u00faltima rodada do Brasileiro, quando perdeu para o Cuiab\u00e1 por 3 a 0. Na quarta (16), o Fla volta ao Maracan\u00e3 para decidir contra o Gr\u00eamio a vaga na final da Copa do Brasil &#8211; a equipe venceu o jogo de ida por 2 a 0. O t\u00e9cnico argentino Jorge Sampaoli s\u00f3 anunciar\u00e1 a lista de relacionados algumas horas antes da partida. A expectativa \u00e9 de que o treinador poupe Filipe Lu\u00eds e\u00a0 Everton Ribeiro e acione Ayrton Lucas e Victor Hugo, respectivamente. Noticias em Destaque Com Ag\u00eancia Brasil","og_url":"https:\/\/noticiasemdestaque.com\/cd\/?p=50753","og_site_name":"Not&iacute;cias em Destaque","article_published_time":"2023-08-13T13:58:24+00:00","og_image":[{"width":876,"height":585,"url":"https:\/\/noticiasemdestaque.com\/cd\/wp-content\/uploads\/2023\/08\/snapinstaapp_366340580_18381645979045327_1320828282237015034_n_1080.jpg","type":"image\/jpeg"}],"author":"Not\u00edcias em Destaque","twitter_card":"summary_large_image","twitter_misc":{"Escrito por":"Not\u00edcias em Destaque","Est. tempo de leitura":"3 minutos"},"schema":{"@context":"https:\/\/schema.org","@graph":[{"@type":"Article","@id":"https:\/\/noticiasemdestaque.com\/cd\/?p=50753#article","isPartOf":{"@id":"https:\/\/noticiasemdestaque.com\/cd\/?p=50753"},"author":{"name":"Not\u00edcias em Destaque","@id":"https:\/\/noticiasemdestaque.com\/cd\/#\/schema\/person\/21320b03a7e8bb90128938dafc9b908a"},"headline":"Flamengo e S\u00e3o Paulo duelam no Brasileiro, pensando na Copa do Brasil","datePublished":"2023-08-13T13:58:24+00:00","mainEntityOfPage":{"@id":"https:\/\/noticiasemdestaque.com\/cd\/?p=50753"},"wordCount":385,"publisher":{"@id":"https:\/\/noticiasemdestaque.com\/cd\/#organization"},"image":{"@id":"https:\/\/noticiasemdestaque.com\/cd\/?p=50753#primaryimage"},"thumbnailUrl":"https:\/\/noticiasemdestaque.com\/cd\/wp-content\/uploads\/2023\/08\/snapinstaapp_366340580_18381645979045327_1320828282237015034_n_1080.jpg","articleSection":["Esporte"],"inLanguage":"pt-BR"},{"@type":"WebPage","@id":"https:\/\/noticiasemdestaque.com\/cd\/?p=50753","url":"https:\/\/noticiasemdestaque.com\/cd\/?p=50753","name":"Flamengo e S\u00e3o Paulo duelam no Brasileiro, pensando na Copa do Brasil - Not&iacute;cias em Destaque","isPartOf":{"@id":"https:\/\/noticiasemdestaque.com\/cd\/#website"},"primaryImageOfPage":{"@id":"https:\/\/noticiasemdestaque.com\/cd\/?p=50753#primaryimage"},"image":{"@id":"https:\/\/noticiasemdestaque.com\/cd\/?p=50753#primaryimage"},"thumbnailUrl":"https:\/\/noticiasemdestaque.com\/cd\/wp-content\/uploads\/2023\/08\/snapinstaapp_366340580_18381645979045327_1320828282237015034_n_1080.jpg","datePublished":"2023-08-13T13:58:24+00:00","breadcrumb":{"@id":"https:\/\/noticiasemdestaque.com\/cd\/?p=50753#breadcrumb"},"inLanguage":"pt-BR","potentialAction":[{"@type":"ReadAction","target":["https:\/\/noticiasemdestaque.com\/cd\/?p=50753"]}]},{"@type":"ImageObject","inLanguage":"pt-BR","@id":"https:\/\/noticiasemdestaque.com\/cd\/?p=50753#primaryimage","url":"https:\/\/noticiasemdestaque.com\/cd\/wp-content\/uploads\/2023\/08\/snapinstaapp_366340580_18381645979045327_1320828282237015034_n_1080.jpg","contentUrl":"https:\/\/noticiasemdestaque.com\/cd\/wp-content\/uploads\/2023\/08\/snapinstaapp_366340580_18381645979045327_1320828282237015034_n_1080.jpg","width":876,"height":585},{"@type":"BreadcrumbList","@id":"https:\/\/noticiasemdestaque.com\/cd\/?p=50753#breadcrumb","itemListElement":[{"@type":"ListItem","position":1,"name":"In\u00edcio","item":"https:\/\/noticiasemdestaque.com\/cd\/"},{"@type":"ListItem","position":2,"name":"Flamengo e S\u00e3o Paulo duelam no Brasileiro, pensando na Copa do Brasil"}]},{"@type":"WebSite","@id":"https:\/\/noticiasemdestaque.com\/cd\/#website","url":"https:\/\/noticiasemdestaque.com\/cd\/","name":"Not&iacute;cias em Destaque","description":"","publisher":{"@id":"https:\/\/noticiasemdestaque.com\/cd\/#organization"},"potentialAction":[{"@type":"SearchAction","target":{"@type":"EntryPoint","urlTemplate":"https:\/\/noticiasemdestaque.com\/cd\/?s={search_term_string}"},"query-input":{"@type":"PropertyValueSpecification","valueRequired":true,"valueName":"search_term_string"}}],"inLanguage":"pt-BR"},{"@type":"Organization","@id":"https:\/\/noticiasemdestaque.com\/cd\/#organization","name":"Not\u00edcias em Destaque","url":"https:\/\/noticiasemdestaque.com\/cd\/","logo":{"@type":"ImageObject","inLanguage":"pt-BR","@id":"https:\/\/noticiasemdestaque.com\/cd\/#\/schema\/logo\/image\/","url":"https:\/\/noticiasemdestaque.com\/cd\/wp-content\/uploads\/2022\/05\/imagem-base-noticiasemdestaque.png","contentUrl":"https:\/\/noticiasemdestaque.com\/cd\/wp-content\/uploads\/2022\/05\/imagem-base-noticiasemdestaque.png","width":1200,"height":630,"caption":"Not\u00edcias em Destaque"},"image":{"@id":"https:\/\/noticiasemdestaque.com\/cd\/#\/schema\/logo\/image\/"}},{"@type":"Person","@id":"https:\/\/noticiasemdestaque.com\/cd\/#\/schema\/person\/21320b03a7e8bb90128938dafc9b908a","name":"Not\u00edcias em Destaque","url":"https:\/\/noticiasemdestaque.com\/cd\/?author=2"}]}},"jetpack_featured_media_url":"https:\/\/noticiasemdestaque.com\/cd\/wp-content\/uploads\/2023\/08\/snapinstaapp_366340580_18381645979045327_1320828282237015034_n_1080.jpg","jetpack_sharing_enabled":true,"_links":{"self":[{"href":"https:\/\/noticiasemdestaque.com\/cd\/index.php?rest_route=\/wp\/v2\/posts\/50753","targetHints":{"allow":["GET"]}}],"collection":[{"href":"https:\/\/noticiasemdestaque.com\/cd\/index.php?rest_route=\/wp\/v2\/posts"}],"about":[{"href":"https:\/\/noticiasemdestaque.com\/cd\/index.php?rest_route=\/wp\/v2\/types\/post"}],"author":[{"embeddable":true,"href":"https:\/\/noticiasemdestaque.com\/cd\/index.php?rest_route=\/wp\/v2\/users\/2"}],"replies":[{"embeddable":true,"href":"https:\/\/noticiasemdestaque.com\/cd\/index.php?rest_route=%2Fwp%2Fv2%2Fcomments&post=50753"}],"version-history":[{"count":1,"href":"https:\/\/noticiasemdestaque.com\/cd\/index.php?rest_route=\/wp\/v2\/posts\/50753\/revisions"}],"predecessor-version":[{"id":50756,"href":"https:\/\/noticiasemdestaque.com\/cd\/index.php?rest_route=\/wp\/v2\/posts\/50753\/revisions\/50756"}],"wp:featuredmedia":[{"embeddable":true,"href":"https:\/\/noticiasemdestaque.com\/cd\/index.php?rest_route=\/wp\/v2\/media\/50755"}],"wp:attachment":[{"href":"https:\/\/noticiasemdestaque.com\/cd\/index.php?rest_route=%2Fwp%2Fv2%2Fmedia&parent=50753"}],"wp:term":[{"taxonomy":"category","embeddable":true,"href":"https:\/\/noticiasemdestaque.com\/cd\/index.php?rest_route=%2Fwp%2Fv2%2Fcategories&post=50753"},{"taxonomy":"post_tag","embeddable":true,"href":"https:\/\/noticiasemdestaque.com\/cd\/index.php?rest_route=%2Fwp%2Fv2%2Ftags&post=50753"}],"curies":[{"name":"wp","href":"https:\/\/api.w.org\/{rel}","templated":true}]}}