{"id":50749,"date":"2023-08-12T19:19:38","date_gmt":"2023-08-12T22:19:38","guid":{"rendered":"https:\/\/noticiasemdestaque.com\/cd\/?p=50749"},"modified":"2023-08-12T19:19:38","modified_gmt":"2023-08-12T22:19:38","slug":"empresario-tarcio-gabriel-parabeniza-produtores-de-leite-da-cidade-de-amparo","status":"publish","type":"post","link":"https:\/\/noticiasemdestaque.com\/cd\/?p=50749","title":{"rendered":"Empres\u00e1rio Tarcio Gabriel parabeniza produtores de Leite da cidade de Amparo"},"content":{"rendered":"<p><a href=\"https:\/\/noticiasemdestaque.com\/cd\/wp-content\/uploads\/2023\/08\/Empresario-Tarcio-Gabriel-parabeniza-produtores-de-Leite-da-cidade-de-Amparo.jpeg\"><img fetchpriority=\"high\" decoding=\"async\" class=\"wp-image-50751 aligncenter\" src=\"https:\/\/noticiasemdestaque.com\/cd\/wp-content\/uploads\/2023\/08\/Empresario-Tarcio-Gabriel-parabeniza-produtores-de-Leite-da-cidade-de-Amparo-300x135.jpeg\" alt=\"\" width=\"1360\" height=\"612\" srcset=\"https:\/\/noticiasemdestaque.com\/cd\/wp-content\/uploads\/2023\/08\/Empresario-Tarcio-Gabriel-parabeniza-produtores-de-Leite-da-cidade-de-Amparo-300x135.jpeg 300w, https:\/\/noticiasemdestaque.com\/cd\/wp-content\/uploads\/2023\/08\/Empresario-Tarcio-Gabriel-parabeniza-produtores-de-Leite-da-cidade-de-Amparo-18x8.jpeg 18w, https:\/\/noticiasemdestaque.com\/cd\/wp-content\/uploads\/2023\/08\/Empresario-Tarcio-Gabriel-parabeniza-produtores-de-Leite-da-cidade-de-Amparo.jpeg 640w\" sizes=\"(max-width: 1360px) 100vw, 1360px\" \/><\/a><\/p>\n<p><span data-contrast=\"auto\">O empres\u00e1rio da cidade de Amparo, Tarcio Gabriel emite uma nota parabenizando os produtores de leite locais por representar a cidade em grandes eventos e exposi\u00e7\u00f5es.<\/span><span data-ccp-props=\"{&quot;201341983&quot;:0,&quot;335559739&quot;:160,&quot;335559740&quot;:259}\">\u00a0<\/span><\/p>\n<blockquote><p><span data-contrast=\"auto\">\u201cParabenizo todos os produtores de leite do nosso Munic\u00edpio, em especial aos produtores que j\u00e1 andam levando o nome da nossa querida Amparo para outras Cidades do nosso estado, e assim sendo bem representada em todas as exposi\u00e7\u00f5es. Desde j\u00e1 agrade\u00e7o a todos pelo empenho e dedica\u00e7\u00e3o a uma cultura que vem se tornando uma das mais fortes em nossa regi\u00e3o, a cultura leiteira. Assim reafirmo todo meu apoio a todos que colaboraram de forma Direta e indireta para que estes feitos se tornem poss\u00edveis\u201d<\/span><span data-ccp-props=\"{&quot;201341983&quot;:0,&quot;335559739&quot;:160,&quot;335559740&quot;:259}\">, <\/span><span data-contrast=\"auto\">Tarcio Gabriel.<\/span><\/p><\/blockquote>\n<p><strong>Noticias em Destaque<\/strong><\/p>\n<p style=\"text-align: right;\"><em>Fonte: Amparo Ligado<\/em><\/p>\n","protected":false},"excerpt":{"rendered":"<p>O empres\u00e1rio da cidade de Amparo, Tarcio Gabriel emite uma nota parabenizando os produtores de leite locais por representar a cidade em grandes eventos e exposi\u00e7\u00f5es.\u00a0 \u201cParabenizo todos os produtores de leite do nosso Munic\u00edpio, em especial aos produtores que j\u00e1 andam levando o nome da nossa querida Amparo para outras Cidades do nosso estado, e assim sendo bem representada em todas as exposi\u00e7\u00f5es. Desde j\u00e1 agrade\u00e7o a todos pelo empenho e dedica\u00e7\u00e3o a uma cultura que vem se tornando uma das mais fortes em nossa regi\u00e3o, a cultura leiteira. Assim reafirmo todo meu apoio a todos que colaboraram de forma Direta e indireta para que estes feitos se tornem poss\u00edveis\u201d, Tarcio Gabriel. Noticias em Destaque Fonte: Amparo Ligado<\/p>\n","protected":false},"author":2,"featured_media":50751,"comment_status":"closed","ping_status":"open","sticky":false,"template":"","format":"standard","meta":{"_eb_attr":"","_jetpack_memberships_contains_paid_content":false,"footnotes":""},"categories":[3],"tags":[],"class_list":["post-50749","post","type-post","status-publish","format-standard","has-post-thumbnail","hentry","category-cidades"],"yoast_head":"<!-- This site is optimized with the Yoast SEO plugin v26.5 - https:\/\/yoast.com\/wordpress\/plugins\/seo\/ -->\n<title>Empres\u00e1rio Tarcio Gabriel parabeniza produtores de Leite da cidade de Amparo - Not&iacute;cias em Destaque<\/title>\n<meta name=\"robots\" content=\"index, follow, max-snippet:-1, max-image-preview:large, max-video-preview:-1\" \/>\n<link rel=\"canonical\" href=\"https:\/\/noticiasemdestaque.com\/cd\/?p=50749\" \/>\n<meta property=\"og:locale\" content=\"pt_BR\" \/>\n<meta property=\"og:type\" content=\"article\" \/>\n<meta property=\"og:title\" content=\"Empres\u00e1rio Tarcio Gabriel parabeniza produtores de Leite da cidade de Amparo - Not&iacute;cias em Destaque\" \/>\n<meta property=\"og:description\" content=\"O empres\u00e1rio da cidade de Amparo, Tarcio Gabriel emite uma nota parabenizando os produtores de leite locais por representar a cidade em grandes eventos e exposi\u00e7\u00f5es.\u00a0 \u201cParabenizo todos os produtores de leite do nosso Munic\u00edpio, em especial aos produtores que j\u00e1 andam levando o nome da nossa querida Amparo para outras Cidades do nosso estado, e assim sendo bem representada em todas as exposi\u00e7\u00f5es. Desde j\u00e1 agrade\u00e7o a todos pelo empenho e dedica\u00e7\u00e3o a uma cultura que vem se tornando uma das mais fortes em nossa regi\u00e3o, a cultura leiteira. Assim reafirmo todo meu apoio a todos que colaboraram de forma Direta e indireta para que estes feitos se tornem poss\u00edveis\u201d, Tarcio Gabriel. Noticias em Destaque Fonte: Amparo Ligado\" \/>\n<meta property=\"og:url\" content=\"https:\/\/noticiasemdestaque.com\/cd\/?p=50749\" \/>\n<meta property=\"og:site_name\" content=\"Not&iacute;cias em Destaque\" \/>\n<meta property=\"article:published_time\" content=\"2023-08-12T22:19:38+00:00\" \/>\n<meta property=\"og:image\" content=\"https:\/\/noticiasemdestaque.com\/cd\/wp-content\/uploads\/2023\/08\/Empresario-Tarcio-Gabriel-parabeniza-produtores-de-Leite-da-cidade-de-Amparo.jpeg\" \/>\n\t<meta property=\"og:image:width\" content=\"640\" \/>\n\t<meta property=\"og:image:height\" content=\"288\" \/>\n\t<meta property=\"og:image:type\" content=\"image\/jpeg\" \/>\n<meta name=\"author\" content=\"Not\u00edcias em Destaque\" \/>\n<meta name=\"twitter:card\" content=\"summary_large_image\" \/>\n<meta name=\"twitter:label1\" content=\"Escrito por\" \/>\n\t<meta name=\"twitter:data1\" content=\"Not\u00edcias em Destaque\" \/>\n\t<meta name=\"twitter:label2\" content=\"Est. tempo de leitura\" \/>\n\t<meta name=\"twitter:data2\" content=\"1 minuto\" \/>\n<script type=\"application\/ld+json\" class=\"yoast-schema-graph\">{\"@context\":\"https:\/\/schema.org\",\"@graph\":[{\"@type\":\"Article\",\"@id\":\"https:\/\/noticiasemdestaque.com\/cd\/?p=50749#article\",\"isPartOf\":{\"@id\":\"https:\/\/noticiasemdestaque.com\/cd\/?p=50749\"},\"author\":{\"name\":\"Not\u00edcias em Destaque\",\"@id\":\"https:\/\/noticiasemdestaque.com\/cd\/#\/schema\/person\/21320b03a7e8bb90128938dafc9b908a\"},\"headline\":\"Empres\u00e1rio Tarcio Gabriel parabeniza produtores de Leite da cidade de Amparo\",\"datePublished\":\"2023-08-12T22:19:38+00:00\",\"mainEntityOfPage\":{\"@id\":\"https:\/\/noticiasemdestaque.com\/cd\/?p=50749\"},\"wordCount\":139,\"publisher\":{\"@id\":\"https:\/\/noticiasemdestaque.com\/cd\/#organization\"},\"image\":{\"@id\":\"https:\/\/noticiasemdestaque.com\/cd\/?p=50749#primaryimage\"},\"thumbnailUrl\":\"https:\/\/noticiasemdestaque.com\/cd\/wp-content\/uploads\/2023\/08\/Empresario-Tarcio-Gabriel-parabeniza-produtores-de-Leite-da-cidade-de-Amparo.jpeg\",\"articleSection\":[\"Cidades\"],\"inLanguage\":\"pt-BR\"},{\"@type\":\"WebPage\",\"@id\":\"https:\/\/noticiasemdestaque.com\/cd\/?p=50749\",\"url\":\"https:\/\/noticiasemdestaque.com\/cd\/?p=50749\",\"name\":\"Empres\u00e1rio Tarcio Gabriel parabeniza produtores de Leite da cidade de Amparo - Not&iacute;cias em Destaque\",\"isPartOf\":{\"@id\":\"https:\/\/noticiasemdestaque.com\/cd\/#website\"},\"primaryImageOfPage\":{\"@id\":\"https:\/\/noticiasemdestaque.com\/cd\/?p=50749#primaryimage\"},\"image\":{\"@id\":\"https:\/\/noticiasemdestaque.com\/cd\/?p=50749#primaryimage\"},\"thumbnailUrl\":\"https:\/\/noticiasemdestaque.com\/cd\/wp-content\/uploads\/2023\/08\/Empresario-Tarcio-Gabriel-parabeniza-produtores-de-Leite-da-cidade-de-Amparo.jpeg\",\"datePublished\":\"2023-08-12T22:19:38+00:00\",\"breadcrumb\":{\"@id\":\"https:\/\/noticiasemdestaque.com\/cd\/?p=50749#breadcrumb\"},\"inLanguage\":\"pt-BR\",\"potentialAction\":[{\"@type\":\"ReadAction\",\"target\":[\"https:\/\/noticiasemdestaque.com\/cd\/?p=50749\"]}]},{\"@type\":\"ImageObject\",\"inLanguage\":\"pt-BR\",\"@id\":\"https:\/\/noticiasemdestaque.com\/cd\/?p=50749#primaryimage\",\"url\":\"https:\/\/noticiasemdestaque.com\/cd\/wp-content\/uploads\/2023\/08\/Empresario-Tarcio-Gabriel-parabeniza-produtores-de-Leite-da-cidade-de-Amparo.jpeg\",\"contentUrl\":\"https:\/\/noticiasemdestaque.com\/cd\/wp-content\/uploads\/2023\/08\/Empresario-Tarcio-Gabriel-parabeniza-produtores-de-Leite-da-cidade-de-Amparo.jpeg\",\"width\":640,\"height\":288},{\"@type\":\"BreadcrumbList\",\"@id\":\"https:\/\/noticiasemdestaque.com\/cd\/?p=50749#breadcrumb\",\"itemListElement\":[{\"@type\":\"ListItem\",\"position\":1,\"name\":\"In\u00edcio\",\"item\":\"https:\/\/noticiasemdestaque.com\/cd\/\"},{\"@type\":\"ListItem\",\"position\":2,\"name\":\"Empres\u00e1rio Tarcio Gabriel parabeniza produtores de Leite da cidade de Amparo\"}]},{\"@type\":\"WebSite\",\"@id\":\"https:\/\/noticiasemdestaque.com\/cd\/#website\",\"url\":\"https:\/\/noticiasemdestaque.com\/cd\/\",\"name\":\"Not&iacute;cias em Destaque\",\"description\":\"\",\"publisher\":{\"@id\":\"https:\/\/noticiasemdestaque.com\/cd\/#organization\"},\"potentialAction\":[{\"@type\":\"SearchAction\",\"target\":{\"@type\":\"EntryPoint\",\"urlTemplate\":\"https:\/\/noticiasemdestaque.com\/cd\/?s={search_term_string}\"},\"query-input\":{\"@type\":\"PropertyValueSpecification\",\"valueRequired\":true,\"valueName\":\"search_term_string\"}}],\"inLanguage\":\"pt-BR\"},{\"@type\":\"Organization\",\"@id\":\"https:\/\/noticiasemdestaque.com\/cd\/#organization\",\"name\":\"Not\u00edcias em Destaque\",\"url\":\"https:\/\/noticiasemdestaque.com\/cd\/\",\"logo\":{\"@type\":\"ImageObject\",\"inLanguage\":\"pt-BR\",\"@id\":\"https:\/\/noticiasemdestaque.com\/cd\/#\/schema\/logo\/image\/\",\"url\":\"https:\/\/noticiasemdestaque.com\/cd\/wp-content\/uploads\/2022\/05\/imagem-base-noticiasemdestaque.png\",\"contentUrl\":\"https:\/\/noticiasemdestaque.com\/cd\/wp-content\/uploads\/2022\/05\/imagem-base-noticiasemdestaque.png\",\"width\":1200,\"height\":630,\"caption\":\"Not\u00edcias em Destaque\"},\"image\":{\"@id\":\"https:\/\/noticiasemdestaque.com\/cd\/#\/schema\/logo\/image\/\"}},{\"@type\":\"Person\",\"@id\":\"https:\/\/noticiasemdestaque.com\/cd\/#\/schema\/person\/21320b03a7e8bb90128938dafc9b908a\",\"name\":\"Not\u00edcias em Destaque\",\"url\":\"https:\/\/noticiasemdestaque.com\/cd\/?author=2\"}]}<\/script>\n<!-- \/ Yoast SEO plugin. -->","yoast_head_json":{"title":"Empres\u00e1rio Tarcio Gabriel parabeniza produtores de Leite da cidade de Amparo - Not&iacute;cias em Destaque","robots":{"index":"index","follow":"follow","max-snippet":"max-snippet:-1","max-image-preview":"max-image-preview:large","max-video-preview":"max-video-preview:-1"},"canonical":"https:\/\/noticiasemdestaque.com\/cd\/?p=50749","og_locale":"pt_BR","og_type":"article","og_title":"Empres\u00e1rio Tarcio Gabriel parabeniza produtores de Leite da cidade de Amparo - Not&iacute;cias em Destaque","og_description":"O empres\u00e1rio da cidade de Amparo, Tarcio Gabriel emite uma nota parabenizando os produtores de leite locais por representar a cidade em grandes eventos e exposi\u00e7\u00f5es.\u00a0 \u201cParabenizo todos os produtores de leite do nosso Munic\u00edpio, em especial aos produtores que j\u00e1 andam levando o nome da nossa querida Amparo para outras Cidades do nosso estado, e assim sendo bem representada em todas as exposi\u00e7\u00f5es. Desde j\u00e1 agrade\u00e7o a todos pelo empenho e dedica\u00e7\u00e3o a uma cultura que vem se tornando uma das mais fortes em nossa regi\u00e3o, a cultura leiteira. Assim reafirmo todo meu apoio a todos que colaboraram de forma Direta e indireta para que estes feitos se tornem poss\u00edveis\u201d, Tarcio Gabriel. Noticias em Destaque Fonte: Amparo Ligado","og_url":"https:\/\/noticiasemdestaque.com\/cd\/?p=50749","og_site_name":"Not&iacute;cias em Destaque","article_published_time":"2023-08-12T22:19:38+00:00","og_image":[{"width":640,"height":288,"url":"https:\/\/noticiasemdestaque.com\/cd\/wp-content\/uploads\/2023\/08\/Empresario-Tarcio-Gabriel-parabeniza-produtores-de-Leite-da-cidade-de-Amparo.jpeg","type":"image\/jpeg"}],"author":"Not\u00edcias em Destaque","twitter_card":"summary_large_image","twitter_misc":{"Escrito por":"Not\u00edcias em Destaque","Est. tempo de leitura":"1 minuto"},"schema":{"@context":"https:\/\/schema.org","@graph":[{"@type":"Article","@id":"https:\/\/noticiasemdestaque.com\/cd\/?p=50749#article","isPartOf":{"@id":"https:\/\/noticiasemdestaque.com\/cd\/?p=50749"},"author":{"name":"Not\u00edcias em Destaque","@id":"https:\/\/noticiasemdestaque.com\/cd\/#\/schema\/person\/21320b03a7e8bb90128938dafc9b908a"},"headline":"Empres\u00e1rio Tarcio Gabriel parabeniza produtores de Leite da cidade de Amparo","datePublished":"2023-08-12T22:19:38+00:00","mainEntityOfPage":{"@id":"https:\/\/noticiasemdestaque.com\/cd\/?p=50749"},"wordCount":139,"publisher":{"@id":"https:\/\/noticiasemdestaque.com\/cd\/#organization"},"image":{"@id":"https:\/\/noticiasemdestaque.com\/cd\/?p=50749#primaryimage"},"thumbnailUrl":"https:\/\/noticiasemdestaque.com\/cd\/wp-content\/uploads\/2023\/08\/Empresario-Tarcio-Gabriel-parabeniza-produtores-de-Leite-da-cidade-de-Amparo.jpeg","articleSection":["Cidades"],"inLanguage":"pt-BR"},{"@type":"WebPage","@id":"https:\/\/noticiasemdestaque.com\/cd\/?p=50749","url":"https:\/\/noticiasemdestaque.com\/cd\/?p=50749","name":"Empres\u00e1rio Tarcio Gabriel parabeniza produtores de Leite da cidade de Amparo - Not&iacute;cias em Destaque","isPartOf":{"@id":"https:\/\/noticiasemdestaque.com\/cd\/#website"},"primaryImageOfPage":{"@id":"https:\/\/noticiasemdestaque.com\/cd\/?p=50749#primaryimage"},"image":{"@id":"https:\/\/noticiasemdestaque.com\/cd\/?p=50749#primaryimage"},"thumbnailUrl":"https:\/\/noticiasemdestaque.com\/cd\/wp-content\/uploads\/2023\/08\/Empresario-Tarcio-Gabriel-parabeniza-produtores-de-Leite-da-cidade-de-Amparo.jpeg","datePublished":"2023-08-12T22:19:38+00:00","breadcrumb":{"@id":"https:\/\/noticiasemdestaque.com\/cd\/?p=50749#breadcrumb"},"inLanguage":"pt-BR","potentialAction":[{"@type":"ReadAction","target":["https:\/\/noticiasemdestaque.com\/cd\/?p=50749"]}]},{"@type":"ImageObject","inLanguage":"pt-BR","@id":"https:\/\/noticiasemdestaque.com\/cd\/?p=50749#primaryimage","url":"https:\/\/noticiasemdestaque.com\/cd\/wp-content\/uploads\/2023\/08\/Empresario-Tarcio-Gabriel-parabeniza-produtores-de-Leite-da-cidade-de-Amparo.jpeg","contentUrl":"https:\/\/noticiasemdestaque.com\/cd\/wp-content\/uploads\/2023\/08\/Empresario-Tarcio-Gabriel-parabeniza-produtores-de-Leite-da-cidade-de-Amparo.jpeg","width":640,"height":288},{"@type":"BreadcrumbList","@id":"https:\/\/noticiasemdestaque.com\/cd\/?p=50749#breadcrumb","itemListElement":[{"@type":"ListItem","position":1,"name":"In\u00edcio","item":"https:\/\/noticiasemdestaque.com\/cd\/"},{"@type":"ListItem","position":2,"name":"Empres\u00e1rio Tarcio Gabriel parabeniza produtores de Leite da cidade de Amparo"}]},{"@type":"WebSite","@id":"https:\/\/noticiasemdestaque.com\/cd\/#website","url":"https:\/\/noticiasemdestaque.com\/cd\/","name":"Not&iacute;cias em Destaque","description":"","publisher":{"@id":"https:\/\/noticiasemdestaque.com\/cd\/#organization"},"potentialAction":[{"@type":"SearchAction","target":{"@type":"EntryPoint","urlTemplate":"https:\/\/noticiasemdestaque.com\/cd\/?s={search_term_string}"},"query-input":{"@type":"PropertyValueSpecification","valueRequired":true,"valueName":"search_term_string"}}],"inLanguage":"pt-BR"},{"@type":"Organization","@id":"https:\/\/noticiasemdestaque.com\/cd\/#organization","name":"Not\u00edcias em Destaque","url":"https:\/\/noticiasemdestaque.com\/cd\/","logo":{"@type":"ImageObject","inLanguage":"pt-BR","@id":"https:\/\/noticiasemdestaque.com\/cd\/#\/schema\/logo\/image\/","url":"https:\/\/noticiasemdestaque.com\/cd\/wp-content\/uploads\/2022\/05\/imagem-base-noticiasemdestaque.png","contentUrl":"https:\/\/noticiasemdestaque.com\/cd\/wp-content\/uploads\/2022\/05\/imagem-base-noticiasemdestaque.png","width":1200,"height":630,"caption":"Not\u00edcias em Destaque"},"image":{"@id":"https:\/\/noticiasemdestaque.com\/cd\/#\/schema\/logo\/image\/"}},{"@type":"Person","@id":"https:\/\/noticiasemdestaque.com\/cd\/#\/schema\/person\/21320b03a7e8bb90128938dafc9b908a","name":"Not\u00edcias em Destaque","url":"https:\/\/noticiasemdestaque.com\/cd\/?author=2"}]}},"jetpack_featured_media_url":"https:\/\/noticiasemdestaque.com\/cd\/wp-content\/uploads\/2023\/08\/Empresario-Tarcio-Gabriel-parabeniza-produtores-de-Leite-da-cidade-de-Amparo.jpeg","jetpack_sharing_enabled":true,"_links":{"self":[{"href":"https:\/\/noticiasemdestaque.com\/cd\/index.php?rest_route=\/wp\/v2\/posts\/50749","targetHints":{"allow":["GET"]}}],"collection":[{"href":"https:\/\/noticiasemdestaque.com\/cd\/index.php?rest_route=\/wp\/v2\/posts"}],"about":[{"href":"https:\/\/noticiasemdestaque.com\/cd\/index.php?rest_route=\/wp\/v2\/types\/post"}],"author":[{"embeddable":true,"href":"https:\/\/noticiasemdestaque.com\/cd\/index.php?rest_route=\/wp\/v2\/users\/2"}],"replies":[{"embeddable":true,"href":"https:\/\/noticiasemdestaque.com\/cd\/index.php?rest_route=%2Fwp%2Fv2%2Fcomments&post=50749"}],"version-history":[{"count":1,"href":"https:\/\/noticiasemdestaque.com\/cd\/index.php?rest_route=\/wp\/v2\/posts\/50749\/revisions"}],"predecessor-version":[{"id":50752,"href":"https:\/\/noticiasemdestaque.com\/cd\/index.php?rest_route=\/wp\/v2\/posts\/50749\/revisions\/50752"}],"wp:featuredmedia":[{"embeddable":true,"href":"https:\/\/noticiasemdestaque.com\/cd\/index.php?rest_route=\/wp\/v2\/media\/50751"}],"wp:attachment":[{"href":"https:\/\/noticiasemdestaque.com\/cd\/index.php?rest_route=%2Fwp%2Fv2%2Fmedia&parent=50749"}],"wp:term":[{"taxonomy":"category","embeddable":true,"href":"https:\/\/noticiasemdestaque.com\/cd\/index.php?rest_route=%2Fwp%2Fv2%2Fcategories&post=50749"},{"taxonomy":"post_tag","embeddable":true,"href":"https:\/\/noticiasemdestaque.com\/cd\/index.php?rest_route=%2Fwp%2Fv2%2Ftags&post=50749"}],"curies":[{"name":"wp","href":"https:\/\/api.w.org\/{rel}","templated":true}]}}