{"id":50737,"date":"2023-08-12T14:38:28","date_gmt":"2023-08-12T17:38:28","guid":{"rendered":"https:\/\/noticiasemdestaque.com\/cd\/?p=50737"},"modified":"2023-08-12T14:38:28","modified_gmt":"2023-08-12T17:38:28","slug":"vice-governador-participa-do-ode-em-monteiro-dialoga-com-a-populacao-e-anuncia-mais-investimentos-no-cariri","status":"publish","type":"post","link":"https:\/\/noticiasemdestaque.com\/cd\/?p=50737","title":{"rendered":"Vice-governador participa do ODE em Monteiro, dialoga com a popula\u00e7\u00e3o e anuncia mais investimentos no Cariri"},"content":{"rendered":"<p><a href=\"https:\/\/noticiasemdestaque.com\/cd\/wp-content\/uploads\/2023\/08\/ode-1.jpeg\"><img fetchpriority=\"high\" decoding=\"async\" class=\"wp-image-50739 aligncenter\" src=\"https:\/\/noticiasemdestaque.com\/cd\/wp-content\/uploads\/2023\/08\/ode-1-300x200.jpeg\" alt=\"\" width=\"1319\" height=\"879\" srcset=\"https:\/\/noticiasemdestaque.com\/cd\/wp-content\/uploads\/2023\/08\/ode-1-300x200.jpeg 300w, https:\/\/noticiasemdestaque.com\/cd\/wp-content\/uploads\/2023\/08\/ode-1-18x12.jpeg 18w, https:\/\/noticiasemdestaque.com\/cd\/wp-content\/uploads\/2023\/08\/ode-1.jpeg 768w\" sizes=\"(max-width: 1319px) 100vw, 1319px\" \/><\/a><\/p>\n<p>O vice-governador Lucas Ribeiro participou, na noite desta sexta-feira (11), em Monteiro, da audi\u00eancia p\u00fablica do Or\u00e7amento Democr\u00e1tico Estadual (ODE), para elei\u00e7\u00e3o das prioridades que subsidiar\u00e3o o Plano Plurianual (PPA) e a Lei Or\u00e7ament\u00e1ria Anual (LOA). A primeira dama do Estado, Ana Maria Lins, tamb\u00e9m esteve presente \u00e0 plen\u00e1ria, que contou com a participa\u00e7\u00e3o da popula\u00e7\u00e3o dos 18 munic\u00edpios que comp\u00f5em a 5\u00aa Regi\u00e3o, no gin\u00e1sio da ECIT Jos\u00e9 Leite de Souza, Lucas entregou obras para a regi\u00e3o, anunciou novos investimentos e prestou contas das a\u00e7\u00f5es que somam mais de R$ 752 milh\u00f5es entre 2022 e 2023.<\/p>\n<p>Com mais de 3.600 pessoas presentes, a plen\u00e1ria elegeu como prioridades de investimentos para o pr\u00f3ximo ano or\u00e7ament\u00e1rio as \u00e1reas de estradas, sa\u00fade e recursos h\u00eddricos.<\/p>\n<p>\u201cQue alegria poder estar aqui hoje nessa audi\u00eancia. Esse \u00e9 um governo que dialoga e faz gest\u00e3o ouvindo as pessoas e aquilo que \u00e9 prioridade. N\u00e3o se faz nada sozinho e sem saber o que as pessoas querem para as suas cidades, suas regi\u00f5es. Aqui estamos todo o governo preparado para coletar as prioridades que est\u00e3o elegendo. Quero agradecer a todas as pessoas, as autoridades aqui presentes, os prefeitos que trouxeram suas caravanas e, principalmente, a todo cidad\u00e3o que saiu de sua casa para vir aqui dialogar conosco. \u00c9 uma honra para n\u00f3s\u201d, disse Lucas Ribeiro agradecendo por ter recebido o t\u00edtulo de cidad\u00e3o monteirense, de propositura da C\u00e2mara de Vereadores de Monteiro.<\/p>\n<p>O secret\u00e1rio executivo do Or\u00e7amento Democr\u00e1tico, J\u00fanior Caro\u00e9, agradeceu pela oportunidade em realizar mais uma audi\u00eancia no Cariri Paraibano. \u201cEstamos muito felizes em poder realizar essa audi\u00eancia nessa cidade que acolhe t\u00e3o bem a democracia participativa, de pessoas fortes, de lutadoras e lutadores do povo e que tamb\u00e9m me acolheu. \u00c9 uma satisfa\u00e7\u00e3o para o governo t\u00ea-los aqui em mais uma rodada de di\u00e1logo, para que possamos juntos tra\u00e7ar novos caminhos para a popula\u00e7\u00e3o da 5\u00aa Regi\u00e3o. Estamos aqui para oferecer o melhor para a popula\u00e7\u00e3o, ouvi-la e eleger aquelas prioridades de investimentos. O governo veio preparado para ouvir os anseios de toda essa popula\u00e7\u00e3o\u201d, agradeceu Caro\u00e9.<\/p>\n<p>A prefeita de Monteiro, Ana Lorena, saudou a plen\u00e1ria, agradecendo a todos pela participa\u00e7\u00e3o. \u201cHoje \u00e9 um momento importante e estamos aqui sabendo o que fazer. J\u00e1 pleiteamos servi\u00e7os aqui atendidos e que s\u00f3 trouxeram benef\u00edcios na nossa regi\u00e3o, nas mais diversas \u00e1reas. Estamos de m\u00e3os dadas, todos os munic\u00edpios do Cariri, que tem um olhar criterioso. Aqui, tenho a certeza, sair\u00e3o grandes pleitos para transformar nossa regi\u00e3o. Hoje \u00e9 o dia de pedir e falar para que tudo seja colocado em planejamento e executado pelo nosso Governo do Estado. Monteiro e toda a regi\u00e3o s\u00f3 tem a agradecer por todos os investimentos que o Governo do Estado tem feito\u201d, disse a prefeita Ana Lorena.<\/p>\n<p><a href=\"https:\/\/noticiasemdestaque.com\/cd\/wp-content\/uploads\/2023\/08\/b594b60a-696b-437a-8ed6-bb2a3ce7419d.jpeg\"><img decoding=\"async\" class=\"wp-image-50740 aligncenter\" src=\"https:\/\/noticiasemdestaque.com\/cd\/wp-content\/uploads\/2023\/08\/b594b60a-696b-437a-8ed6-bb2a3ce7419d-300x191.jpeg\" alt=\"\" width=\"1395\" height=\"888\" srcset=\"https:\/\/noticiasemdestaque.com\/cd\/wp-content\/uploads\/2023\/08\/b594b60a-696b-437a-8ed6-bb2a3ce7419d-300x191.jpeg 300w, https:\/\/noticiasemdestaque.com\/cd\/wp-content\/uploads\/2023\/08\/b594b60a-696b-437a-8ed6-bb2a3ce7419d-18x12.jpeg 18w, https:\/\/noticiasemdestaque.com\/cd\/wp-content\/uploads\/2023\/08\/b594b60a-696b-437a-8ed6-bb2a3ce7419d-410x260.jpeg 410w, https:\/\/noticiasemdestaque.com\/cd\/wp-content\/uploads\/2023\/08\/b594b60a-696b-437a-8ed6-bb2a3ce7419d.jpeg 768w\" sizes=\"(max-width: 1395px) 100vw, 1395px\" \/><\/a><\/p>\n<p>O presidente da Assembleia Legislativa da Para\u00edba, Adriano Galdino, tamb\u00e9m agradeceu pela oportunidade em poder estar presente em mais uma audi\u00eancia do ODE. \u201c\u00c9 um prazer estar vivendo esse momento especial democr\u00e1tico de Monteiro e de todo o Cariri Paraibano. O governador Jo\u00e3o \u00e9 o governador do Cariri, porque tem feito in\u00fameras obras em todas as cidades. Que possamos fazer aqui hoje um Cariri mais justo e melhor para todos, certos de que o governo ir\u00e1 atender aquilo que for prioridade para todos\u201d, disse Adriano Galdino.<\/p>\n<p>A audi\u00eancia desta noite contou ainda com a participa\u00e7\u00e3o de secret\u00e1rios e auxiliares de governo, al\u00e9m dos deputados estaduais Jo\u00e3o Gon\u00e7alves e In\u00e1cio Falc\u00e3o, prefeitos, vereadores, entre outras lideran\u00e7as pol\u00edticas da regi\u00e3o.<\/p>\n<p><b>Novas a\u00e7\u00f5es<\/b>\u00a0\u2014 Na abertura da audi\u00eancia, o vice-governador Lucas Ribeiro, fez a entrega de uma s\u00e9rie de benef\u00edcios e anunciou novas a\u00e7\u00f5es para os munic\u00edpios que comp\u00f5em a 5\u00aa Regi\u00e3o Geoadministrativa.<\/p>\n<p>Na Educa\u00e7\u00e3o, assinou ordens de servi\u00e7o para manuten\u00e7\u00e3o de escolas e entregou 92 notebooks, a\u00e7\u00f5es que ultrapassam R$ 3 milh\u00f5es em investimentos; na\u00a0\u00e1rea de Seguran\u00e7a, foram entregues equipamentos para o Corpo de Bombeiros da Regi\u00e3o, no valor de R$ 2 milh\u00f5es, al\u00e9m de armamentos, muni\u00e7\u00f5es e coletes bal\u00edsticos para a Policia Militar, investimentos de R$ 256 mil; pelo programa Empreender PB, foram destinados R$ 871 mil a microeempreendedores de toda a regi\u00e3o; em Estradas de Rodagens, Lucas Ribeiro entregou simbolicamente, junto aos prefeitos das cidades, as obras de travessias urbanas das cidades de Amparo, Gurj\u00e3o, Ouro Velho, Parari, Prata, Santo Andr\u00e9, S\u00e3o Jos\u00e9 dos Cordeiros\u00a0\u00a0e Serra Branca \u2013 investimentos de mais de R$ 15 milh\u00f5es; autorizou a reforma do mercado p\u00fablico do Prata, no valor de R$ 1,9 milh\u00e3o; conv\u00eanios para a sa\u00fade dos munic\u00edpios, no valor de R$ 3 milh\u00f5es; e entrega de escrituras habitacionais para moradores de toda a Regi\u00e3o.<\/p>\n<p><b>Presta\u00e7\u00e3o de contas<\/b>\u00a0\u2014 Entre 2022 e 2023, foram investidos mais de R$ 752 milh\u00f5es na 5\u00aa Regi\u00e3o, segundo informou Lucas Ribeiro, na presta\u00e7\u00e3o de contas apresentada na audi\u00eancia.<\/p>\n<p>\u201cNa habita\u00e7\u00e3o, o governo investiu cerca de R$ 16 milh\u00f5es, com a constru\u00e7\u00e3o de 265 casas; pelo Empreender PB, foram destinas cerca de R$ 1,6 milh\u00e3o \u00e0 microempreendedores; na agricultura familiar mais de R$ 18 milh\u00f5es; em abastecimento de \u00e1gua, R$ 428,5 milh\u00f5es; na educa\u00e7\u00e3o, R$71,3 milh\u00f5es; na sa\u00fade, R$ 49,5 milh\u00f5es; no desenvolvimento humano, R$ 26,4 milh\u00f5es; em estradas de rodagem, R$ 110,9 milh\u00f5es; na seguran\u00e7a p\u00fablica, R$ 1,8 milh\u00e3o e na cultura, R$ 1,9 milh\u00e3o\u201d, informou o gestor.<\/p>\n<p>As audi\u00eancias do Or\u00e7amento Democr\u00e1tico Estadual seguem neste s\u00e1bado (12), na cidade de Campina Grande (3\u00aa Regi\u00e3o Geoadministrativa), onde a plen\u00e1ria acontece a partir das 17h, na ECIT Professor Br\u00e1ulio Maia J\u00fanior, localizada no bairro Dinam\u00e9rica.<\/p>\n<p><a href=\"https:\/\/noticiasemdestaque.com\/cd\/wp-content\/uploads\/2023\/08\/ode-3.jpeg\"><img decoding=\"async\" class=\"wp-image-50741 aligncenter\" src=\"https:\/\/noticiasemdestaque.com\/cd\/wp-content\/uploads\/2023\/08\/ode-3-300x193.jpeg\" alt=\"\" width=\"1104\" height=\"710\" srcset=\"https:\/\/noticiasemdestaque.com\/cd\/wp-content\/uploads\/2023\/08\/ode-3-300x193.jpeg 300w, https:\/\/noticiasemdestaque.com\/cd\/wp-content\/uploads\/2023\/08\/ode-3-18x12.jpeg 18w, https:\/\/noticiasemdestaque.com\/cd\/wp-content\/uploads\/2023\/08\/ode-3.jpeg 768w\" sizes=\"(max-width: 1104px) 100vw, 1104px\" \/><\/a><\/p>\n<p><b>Vota\u00e7\u00e3o das prioridades<\/b>\u00a0&#8211; A vota\u00e7\u00e3o das prioridades de investimentos segue no site\u00a0<a href=\"http:\/\/votacaoode.pb.gov.br\/\">votacaoode.pb.gov.br<\/a>\u00a0\u00a0at\u00e9 o dia 16 de setembro. Basta acessar, inserir as informa\u00e7\u00f5es pessoais e escolher as prioridades de investimentos para cada regi\u00e3o.<\/p>\n<p><b>Elei\u00e7\u00e3o de conselheiros<\/b>\u00a0&#8211; A Secretaria de Planejamento, Or\u00e7amento e Gest\u00e3o (Seplag) tamb\u00e9m realiza nas audi\u00eancias o processo de elei\u00e7\u00e3o para a nova composi\u00e7\u00e3o do Conselho Regional do Or\u00e7amento Democr\u00e1tico Estadual para o bi\u00eanio 2023\/2025. A vota\u00e7\u00e3o acontece nos locais das audi\u00eancias dispon\u00edvel das 16h \u00e0s 21h.<\/p>\n<p><b>Cidadania Democr\u00e1tica \u2013\u00a0<\/b>O Governo do Estado promove nos locais das audi\u00eancias o \u201cCidadania Democr\u00e1tica\u201d, que \u00e9 a oferta de servi\u00e7os para a popula\u00e7\u00e3o que participa das audi\u00eancias p\u00fablicas regionais, com a participa\u00e7\u00e3o de v\u00e1rias secretarias e \u00f3rg\u00e3os do Governo.<\/p>\n<p><strong>Noticias em Destaque<\/strong><\/p>\n<p style=\"text-align: right;\"><em>Fonte: Governo da Paraiba<\/em><\/p>\n","protected":false},"excerpt":{"rendered":"<p>O vice-governador Lucas Ribeiro participou, na noite desta sexta-feira (11), em Monteiro, da audi\u00eancia p\u00fablica do Or\u00e7amento Democr\u00e1tico Estadual (ODE), para elei\u00e7\u00e3o das prioridades que subsidiar\u00e3o o Plano Plurianual (PPA) e a Lei Or\u00e7ament\u00e1ria Anual (LOA). A primeira dama do Estado, Ana Maria Lins, tamb\u00e9m esteve presente \u00e0 plen\u00e1ria, que contou com a participa\u00e7\u00e3o da popula\u00e7\u00e3o dos 18 munic\u00edpios que comp\u00f5em a 5\u00aa Regi\u00e3o, no gin\u00e1sio da ECIT Jos\u00e9 Leite de Souza, Lucas entregou obras para a regi\u00e3o, anunciou novos investimentos e prestou contas das a\u00e7\u00f5es que somam mais de R$ 752 milh\u00f5es entre 2022 e 2023. Com mais de 3.600 pessoas presentes, a plen\u00e1ria elegeu como prioridades de investimentos para o pr\u00f3ximo ano or\u00e7ament\u00e1rio as \u00e1reas de estradas, sa\u00fade e recursos h\u00eddricos. \u201cQue alegria poder estar aqui hoje nessa audi\u00eancia. Esse \u00e9 um governo que dialoga e faz gest\u00e3o ouvindo as pessoas e aquilo que \u00e9 prioridade. N\u00e3o se faz nada sozinho e sem saber o que as pessoas querem para as suas cidades, suas regi\u00f5es. Aqui estamos todo o governo preparado para coletar as prioridades que est\u00e3o elegendo. Quero agradecer a todas as pessoas, as autoridades aqui presentes, os prefeitos que trouxeram suas caravanas e, principalmente, a todo cidad\u00e3o que saiu de sua casa para vir aqui dialogar conosco. \u00c9 uma honra para n\u00f3s\u201d, disse Lucas Ribeiro agradecendo por ter recebido o t\u00edtulo de cidad\u00e3o monteirense, de propositura da C\u00e2mara de Vereadores de Monteiro. O secret\u00e1rio executivo do Or\u00e7amento Democr\u00e1tico, J\u00fanior Caro\u00e9, agradeceu pela oportunidade em realizar mais uma audi\u00eancia no Cariri Paraibano. \u201cEstamos muito felizes em poder realizar essa audi\u00eancia nessa cidade que acolhe t\u00e3o bem a democracia participativa, de pessoas fortes, de lutadoras e lutadores do povo e que tamb\u00e9m me acolheu. \u00c9 uma satisfa\u00e7\u00e3o para o governo t\u00ea-los aqui em mais uma rodada de di\u00e1logo, para que possamos juntos tra\u00e7ar novos caminhos para a popula\u00e7\u00e3o da 5\u00aa Regi\u00e3o. Estamos aqui para oferecer o melhor para a popula\u00e7\u00e3o, ouvi-la e eleger aquelas prioridades de investimentos. O governo veio preparado para ouvir os anseios de toda essa popula\u00e7\u00e3o\u201d, agradeceu Caro\u00e9. A prefeita de Monteiro, Ana Lorena, saudou a plen\u00e1ria, agradecendo a todos pela participa\u00e7\u00e3o. \u201cHoje \u00e9 um momento importante e estamos aqui sabendo o que fazer. J\u00e1 pleiteamos servi\u00e7os aqui atendidos e que s\u00f3 trouxeram benef\u00edcios na nossa regi\u00e3o, nas mais diversas \u00e1reas. Estamos de m\u00e3os dadas, todos os munic\u00edpios do Cariri, que tem um olhar criterioso. Aqui, tenho a certeza, sair\u00e3o grandes pleitos para transformar nossa regi\u00e3o. Hoje \u00e9 o dia de pedir e falar para que tudo seja colocado em planejamento e executado pelo nosso Governo do Estado. Monteiro e toda a regi\u00e3o s\u00f3 tem a agradecer por todos os investimentos que o Governo do Estado tem feito\u201d, disse a prefeita Ana Lorena. O presidente da Assembleia Legislativa da Para\u00edba, Adriano Galdino, tamb\u00e9m agradeceu pela oportunidade em poder estar presente em mais uma audi\u00eancia do ODE. \u201c\u00c9 um prazer estar vivendo esse momento especial democr\u00e1tico de Monteiro e de todo o Cariri Paraibano. O governador Jo\u00e3o \u00e9 o governador do Cariri, porque tem feito in\u00fameras obras em todas as cidades. Que possamos fazer aqui hoje um Cariri mais justo e melhor para todos, certos de que o governo ir\u00e1 atender aquilo que for prioridade para todos\u201d, disse Adriano Galdino. A audi\u00eancia desta noite contou ainda com a participa\u00e7\u00e3o de secret\u00e1rios e auxiliares de governo, al\u00e9m dos deputados estaduais Jo\u00e3o Gon\u00e7alves e In\u00e1cio Falc\u00e3o, prefeitos, vereadores, entre outras lideran\u00e7as pol\u00edticas da regi\u00e3o. Novas a\u00e7\u00f5es\u00a0\u2014 Na abertura da audi\u00eancia, o vice-governador Lucas Ribeiro, fez a entrega de uma s\u00e9rie de benef\u00edcios e anunciou novas a\u00e7\u00f5es para os munic\u00edpios que comp\u00f5em a 5\u00aa Regi\u00e3o Geoadministrativa. Na Educa\u00e7\u00e3o, assinou ordens de servi\u00e7o para manuten\u00e7\u00e3o de escolas e entregou 92 notebooks, a\u00e7\u00f5es que ultrapassam R$ 3 milh\u00f5es em investimentos; na\u00a0\u00e1rea de Seguran\u00e7a, foram entregues equipamentos para o Corpo de Bombeiros da Regi\u00e3o, no valor de R$ 2 milh\u00f5es, al\u00e9m de armamentos, muni\u00e7\u00f5es e coletes bal\u00edsticos para a Policia Militar, investimentos de R$ 256 mil; pelo programa Empreender PB, foram destinados R$ 871 mil a microeempreendedores de toda a regi\u00e3o; em Estradas de Rodagens, Lucas Ribeiro entregou simbolicamente, junto aos prefeitos das cidades, as obras de travessias urbanas das cidades de Amparo, Gurj\u00e3o, Ouro Velho, Parari, Prata, Santo Andr\u00e9, S\u00e3o Jos\u00e9 dos Cordeiros\u00a0\u00a0e Serra Branca \u2013 investimentos de mais de R$ 15 milh\u00f5es; autorizou a reforma do mercado p\u00fablico do Prata, no valor de R$ 1,9 milh\u00e3o; conv\u00eanios para a sa\u00fade dos munic\u00edpios, no valor de R$ 3 milh\u00f5es; e entrega de escrituras habitacionais para moradores de toda a Regi\u00e3o. Presta\u00e7\u00e3o de contas\u00a0\u2014 Entre 2022 e 2023, foram investidos mais de R$ 752 milh\u00f5es na 5\u00aa Regi\u00e3o, segundo informou Lucas Ribeiro, na presta\u00e7\u00e3o de contas apresentada na audi\u00eancia. \u201cNa habita\u00e7\u00e3o, o governo investiu cerca de R$ 16 milh\u00f5es, com a constru\u00e7\u00e3o de 265 casas; pelo Empreender PB, foram destinas cerca de R$ 1,6 milh\u00e3o \u00e0 microempreendedores; na agricultura familiar mais de R$ 18 milh\u00f5es; em abastecimento de \u00e1gua, R$ 428,5 milh\u00f5es; na educa\u00e7\u00e3o, R$71,3 milh\u00f5es; na sa\u00fade, R$ 49,5 milh\u00f5es; no desenvolvimento humano, R$ 26,4 milh\u00f5es; em estradas de rodagem, R$ 110,9 milh\u00f5es; na seguran\u00e7a p\u00fablica, R$ 1,8 milh\u00e3o e na cultura, R$ 1,9 milh\u00e3o\u201d, informou o gestor. As audi\u00eancias do Or\u00e7amento Democr\u00e1tico Estadual seguem neste s\u00e1bado (12), na cidade de Campina Grande (3\u00aa Regi\u00e3o Geoadministrativa), onde a plen\u00e1ria acontece a partir das 17h, na ECIT Professor Br\u00e1ulio Maia J\u00fanior, localizada no bairro Dinam\u00e9rica. Vota\u00e7\u00e3o das prioridades\u00a0&#8211; A vota\u00e7\u00e3o das prioridades de investimentos segue no site\u00a0votacaoode.pb.gov.br\u00a0\u00a0at\u00e9 o dia 16 de setembro. Basta acessar, inserir as informa\u00e7\u00f5es pessoais e escolher as prioridades de investimentos para cada regi\u00e3o. Elei\u00e7\u00e3o de conselheiros\u00a0&#8211; A Secretaria de Planejamento, Or\u00e7amento e Gest\u00e3o (Seplag) tamb\u00e9m realiza nas audi\u00eancias o processo de elei\u00e7\u00e3o para a nova composi\u00e7\u00e3o do Conselho Regional do Or\u00e7amento Democr\u00e1tico Estadual para o bi\u00eanio 2023\/2025. A vota\u00e7\u00e3o acontece nos locais das audi\u00eancias dispon\u00edvel das 16h \u00e0s 21h. Cidadania Democr\u00e1tica \u2013\u00a0O Governo do Estado promove nos locais das audi\u00eancias o \u201cCidadania Democr\u00e1tica\u201d, que \u00e9 a oferta<\/p>\n","protected":false},"author":2,"featured_media":50739,"comment_status":"closed","ping_status":"open","sticky":false,"template":"","format":"standard","meta":{"_eb_attr":"","_jetpack_memberships_contains_paid_content":false,"footnotes":""},"categories":[4],"tags":[],"class_list":["post-50737","post","type-post","status-publish","format-standard","has-post-thumbnail","hentry","category-politica"],"yoast_head":"<!-- This site is optimized with the Yoast SEO plugin v26.5 - https:\/\/yoast.com\/wordpress\/plugins\/seo\/ -->\n<title>Vice-governador participa do ODE em Monteiro, dialoga com a popula\u00e7\u00e3o e anuncia mais investimentos no Cariri - Not&iacute;cias em Destaque<\/title>\n<meta name=\"robots\" content=\"index, follow, max-snippet:-1, max-image-preview:large, max-video-preview:-1\" \/>\n<link rel=\"canonical\" href=\"https:\/\/noticiasemdestaque.com\/cd\/?p=50737\" \/>\n<meta property=\"og:locale\" content=\"pt_BR\" \/>\n<meta property=\"og:type\" content=\"article\" \/>\n<meta property=\"og:title\" content=\"Vice-governador participa do ODE em Monteiro, dialoga com a popula\u00e7\u00e3o e anuncia mais investimentos no Cariri - Not&iacute;cias em Destaque\" \/>\n<meta property=\"og:description\" content=\"O vice-governador Lucas Ribeiro participou, na noite desta sexta-feira (11), em Monteiro, da audi\u00eancia p\u00fablica do Or\u00e7amento Democr\u00e1tico Estadual (ODE), para elei\u00e7\u00e3o das prioridades que subsidiar\u00e3o o Plano Plurianual (PPA) e a Lei Or\u00e7ament\u00e1ria Anual (LOA). A primeira dama do Estado, Ana Maria Lins, tamb\u00e9m esteve presente \u00e0 plen\u00e1ria, que contou com a participa\u00e7\u00e3o da popula\u00e7\u00e3o dos 18 munic\u00edpios que comp\u00f5em a 5\u00aa Regi\u00e3o, no gin\u00e1sio da ECIT Jos\u00e9 Leite de Souza, Lucas entregou obras para a regi\u00e3o, anunciou novos investimentos e prestou contas das a\u00e7\u00f5es que somam mais de R$ 752 milh\u00f5es entre 2022 e 2023. Com mais de 3.600 pessoas presentes, a plen\u00e1ria elegeu como prioridades de investimentos para o pr\u00f3ximo ano or\u00e7ament\u00e1rio as \u00e1reas de estradas, sa\u00fade e recursos h\u00eddricos. \u201cQue alegria poder estar aqui hoje nessa audi\u00eancia. Esse \u00e9 um governo que dialoga e faz gest\u00e3o ouvindo as pessoas e aquilo que \u00e9 prioridade. N\u00e3o se faz nada sozinho e sem saber o que as pessoas querem para as suas cidades, suas regi\u00f5es. Aqui estamos todo o governo preparado para coletar as prioridades que est\u00e3o elegendo. Quero agradecer a todas as pessoas, as autoridades aqui presentes, os prefeitos que trouxeram suas caravanas e, principalmente, a todo cidad\u00e3o que saiu de sua casa para vir aqui dialogar conosco. \u00c9 uma honra para n\u00f3s\u201d, disse Lucas Ribeiro agradecendo por ter recebido o t\u00edtulo de cidad\u00e3o monteirense, de propositura da C\u00e2mara de Vereadores de Monteiro. O secret\u00e1rio executivo do Or\u00e7amento Democr\u00e1tico, J\u00fanior Caro\u00e9, agradeceu pela oportunidade em realizar mais uma audi\u00eancia no Cariri Paraibano. \u201cEstamos muito felizes em poder realizar essa audi\u00eancia nessa cidade que acolhe t\u00e3o bem a democracia participativa, de pessoas fortes, de lutadoras e lutadores do povo e que tamb\u00e9m me acolheu. \u00c9 uma satisfa\u00e7\u00e3o para o governo t\u00ea-los aqui em mais uma rodada de di\u00e1logo, para que possamos juntos tra\u00e7ar novos caminhos para a popula\u00e7\u00e3o da 5\u00aa Regi\u00e3o. Estamos aqui para oferecer o melhor para a popula\u00e7\u00e3o, ouvi-la e eleger aquelas prioridades de investimentos. O governo veio preparado para ouvir os anseios de toda essa popula\u00e7\u00e3o\u201d, agradeceu Caro\u00e9. A prefeita de Monteiro, Ana Lorena, saudou a plen\u00e1ria, agradecendo a todos pela participa\u00e7\u00e3o. \u201cHoje \u00e9 um momento importante e estamos aqui sabendo o que fazer. J\u00e1 pleiteamos servi\u00e7os aqui atendidos e que s\u00f3 trouxeram benef\u00edcios na nossa regi\u00e3o, nas mais diversas \u00e1reas. Estamos de m\u00e3os dadas, todos os munic\u00edpios do Cariri, que tem um olhar criterioso. Aqui, tenho a certeza, sair\u00e3o grandes pleitos para transformar nossa regi\u00e3o. Hoje \u00e9 o dia de pedir e falar para que tudo seja colocado em planejamento e executado pelo nosso Governo do Estado. Monteiro e toda a regi\u00e3o s\u00f3 tem a agradecer por todos os investimentos que o Governo do Estado tem feito\u201d, disse a prefeita Ana Lorena. O presidente da Assembleia Legislativa da Para\u00edba, Adriano Galdino, tamb\u00e9m agradeceu pela oportunidade em poder estar presente em mais uma audi\u00eancia do ODE. \u201c\u00c9 um prazer estar vivendo esse momento especial democr\u00e1tico de Monteiro e de todo o Cariri Paraibano. O governador Jo\u00e3o \u00e9 o governador do Cariri, porque tem feito in\u00fameras obras em todas as cidades. Que possamos fazer aqui hoje um Cariri mais justo e melhor para todos, certos de que o governo ir\u00e1 atender aquilo que for prioridade para todos\u201d, disse Adriano Galdino. A audi\u00eancia desta noite contou ainda com a participa\u00e7\u00e3o de secret\u00e1rios e auxiliares de governo, al\u00e9m dos deputados estaduais Jo\u00e3o Gon\u00e7alves e In\u00e1cio Falc\u00e3o, prefeitos, vereadores, entre outras lideran\u00e7as pol\u00edticas da regi\u00e3o. Novas a\u00e7\u00f5es\u00a0\u2014 Na abertura da audi\u00eancia, o vice-governador Lucas Ribeiro, fez a entrega de uma s\u00e9rie de benef\u00edcios e anunciou novas a\u00e7\u00f5es para os munic\u00edpios que comp\u00f5em a 5\u00aa Regi\u00e3o Geoadministrativa. Na Educa\u00e7\u00e3o, assinou ordens de servi\u00e7o para manuten\u00e7\u00e3o de escolas e entregou 92 notebooks, a\u00e7\u00f5es que ultrapassam R$ 3 milh\u00f5es em investimentos; na\u00a0\u00e1rea de Seguran\u00e7a, foram entregues equipamentos para o Corpo de Bombeiros da Regi\u00e3o, no valor de R$ 2 milh\u00f5es, al\u00e9m de armamentos, muni\u00e7\u00f5es e coletes bal\u00edsticos para a Policia Militar, investimentos de R$ 256 mil; pelo programa Empreender PB, foram destinados R$ 871 mil a microeempreendedores de toda a regi\u00e3o; em Estradas de Rodagens, Lucas Ribeiro entregou simbolicamente, junto aos prefeitos das cidades, as obras de travessias urbanas das cidades de Amparo, Gurj\u00e3o, Ouro Velho, Parari, Prata, Santo Andr\u00e9, S\u00e3o Jos\u00e9 dos Cordeiros\u00a0\u00a0e Serra Branca \u2013 investimentos de mais de R$ 15 milh\u00f5es; autorizou a reforma do mercado p\u00fablico do Prata, no valor de R$ 1,9 milh\u00e3o; conv\u00eanios para a sa\u00fade dos munic\u00edpios, no valor de R$ 3 milh\u00f5es; e entrega de escrituras habitacionais para moradores de toda a Regi\u00e3o. Presta\u00e7\u00e3o de contas\u00a0\u2014 Entre 2022 e 2023, foram investidos mais de R$ 752 milh\u00f5es na 5\u00aa Regi\u00e3o, segundo informou Lucas Ribeiro, na presta\u00e7\u00e3o de contas apresentada na audi\u00eancia. \u201cNa habita\u00e7\u00e3o, o governo investiu cerca de R$ 16 milh\u00f5es, com a constru\u00e7\u00e3o de 265 casas; pelo Empreender PB, foram destinas cerca de R$ 1,6 milh\u00e3o \u00e0 microempreendedores; na agricultura familiar mais de R$ 18 milh\u00f5es; em abastecimento de \u00e1gua, R$ 428,5 milh\u00f5es; na educa\u00e7\u00e3o, R$71,3 milh\u00f5es; na sa\u00fade, R$ 49,5 milh\u00f5es; no desenvolvimento humano, R$ 26,4 milh\u00f5es; em estradas de rodagem, R$ 110,9 milh\u00f5es; na seguran\u00e7a p\u00fablica, R$ 1,8 milh\u00e3o e na cultura, R$ 1,9 milh\u00e3o\u201d, informou o gestor. As audi\u00eancias do Or\u00e7amento Democr\u00e1tico Estadual seguem neste s\u00e1bado (12), na cidade de Campina Grande (3\u00aa Regi\u00e3o Geoadministrativa), onde a plen\u00e1ria acontece a partir das 17h, na ECIT Professor Br\u00e1ulio Maia J\u00fanior, localizada no bairro Dinam\u00e9rica. Vota\u00e7\u00e3o das prioridades\u00a0&#8211; A vota\u00e7\u00e3o das prioridades de investimentos segue no site\u00a0votacaoode.pb.gov.br\u00a0\u00a0at\u00e9 o dia 16 de setembro. Basta acessar, inserir as informa\u00e7\u00f5es pessoais e escolher as prioridades de investimentos para cada regi\u00e3o. Elei\u00e7\u00e3o de conselheiros\u00a0&#8211; A Secretaria de Planejamento, Or\u00e7amento e Gest\u00e3o (Seplag) tamb\u00e9m realiza nas audi\u00eancias o processo de elei\u00e7\u00e3o para a nova composi\u00e7\u00e3o do Conselho Regional do Or\u00e7amento Democr\u00e1tico Estadual para o bi\u00eanio 2023\/2025. A vota\u00e7\u00e3o acontece nos locais das audi\u00eancias dispon\u00edvel das 16h \u00e0s 21h. Cidadania Democr\u00e1tica \u2013\u00a0O Governo do Estado promove nos locais das audi\u00eancias o \u201cCidadania Democr\u00e1tica\u201d, que \u00e9 a oferta\" \/>\n<meta property=\"og:url\" content=\"https:\/\/noticiasemdestaque.com\/cd\/?p=50737\" \/>\n<meta property=\"og:site_name\" content=\"Not&iacute;cias em Destaque\" \/>\n<meta property=\"article:published_time\" content=\"2023-08-12T17:38:28+00:00\" \/>\n<meta property=\"og:image\" content=\"https:\/\/noticiasemdestaque.com\/cd\/wp-content\/uploads\/2023\/08\/ode-1.jpeg\" \/>\n\t<meta property=\"og:image:width\" content=\"768\" \/>\n\t<meta property=\"og:image:height\" content=\"512\" \/>\n\t<meta property=\"og:image:type\" content=\"image\/jpeg\" \/>\n<meta name=\"author\" content=\"Not\u00edcias em Destaque\" \/>\n<meta name=\"twitter:card\" content=\"summary_large_image\" \/>\n<meta name=\"twitter:label1\" content=\"Escrito por\" \/>\n\t<meta name=\"twitter:data1\" content=\"Not\u00edcias em Destaque\" \/>\n\t<meta name=\"twitter:label2\" content=\"Est. tempo de leitura\" \/>\n\t<meta name=\"twitter:data2\" content=\"7 minutos\" \/>\n<script type=\"application\/ld+json\" class=\"yoast-schema-graph\">{\"@context\":\"https:\/\/schema.org\",\"@graph\":[{\"@type\":\"Article\",\"@id\":\"https:\/\/noticiasemdestaque.com\/cd\/?p=50737#article\",\"isPartOf\":{\"@id\":\"https:\/\/noticiasemdestaque.com\/cd\/?p=50737\"},\"author\":{\"name\":\"Not\u00edcias em Destaque\",\"@id\":\"https:\/\/noticiasemdestaque.com\/cd\/#\/schema\/person\/21320b03a7e8bb90128938dafc9b908a\"},\"headline\":\"Vice-governador participa do ODE em Monteiro, dialoga com a popula\u00e7\u00e3o e anuncia mais investimentos no Cariri\",\"datePublished\":\"2023-08-12T17:38:28+00:00\",\"mainEntityOfPage\":{\"@id\":\"https:\/\/noticiasemdestaque.com\/cd\/?p=50737\"},\"wordCount\":1171,\"publisher\":{\"@id\":\"https:\/\/noticiasemdestaque.com\/cd\/#organization\"},\"image\":{\"@id\":\"https:\/\/noticiasemdestaque.com\/cd\/?p=50737#primaryimage\"},\"thumbnailUrl\":\"https:\/\/noticiasemdestaque.com\/cd\/wp-content\/uploads\/2023\/08\/ode-1.jpeg\",\"articleSection\":[\"Pol\u00edtica\"],\"inLanguage\":\"pt-BR\"},{\"@type\":\"WebPage\",\"@id\":\"https:\/\/noticiasemdestaque.com\/cd\/?p=50737\",\"url\":\"https:\/\/noticiasemdestaque.com\/cd\/?p=50737\",\"name\":\"Vice-governador participa do ODE em Monteiro, dialoga com a popula\u00e7\u00e3o e anuncia mais investimentos no Cariri - Not&iacute;cias em Destaque\",\"isPartOf\":{\"@id\":\"https:\/\/noticiasemdestaque.com\/cd\/#website\"},\"primaryImageOfPage\":{\"@id\":\"https:\/\/noticiasemdestaque.com\/cd\/?p=50737#primaryimage\"},\"image\":{\"@id\":\"https:\/\/noticiasemdestaque.com\/cd\/?p=50737#primaryimage\"},\"thumbnailUrl\":\"https:\/\/noticiasemdestaque.com\/cd\/wp-content\/uploads\/2023\/08\/ode-1.jpeg\",\"datePublished\":\"2023-08-12T17:38:28+00:00\",\"breadcrumb\":{\"@id\":\"https:\/\/noticiasemdestaque.com\/cd\/?p=50737#breadcrumb\"},\"inLanguage\":\"pt-BR\",\"potentialAction\":[{\"@type\":\"ReadAction\",\"target\":[\"https:\/\/noticiasemdestaque.com\/cd\/?p=50737\"]}]},{\"@type\":\"ImageObject\",\"inLanguage\":\"pt-BR\",\"@id\":\"https:\/\/noticiasemdestaque.com\/cd\/?p=50737#primaryimage\",\"url\":\"https:\/\/noticiasemdestaque.com\/cd\/wp-content\/uploads\/2023\/08\/ode-1.jpeg\",\"contentUrl\":\"https:\/\/noticiasemdestaque.com\/cd\/wp-content\/uploads\/2023\/08\/ode-1.jpeg\",\"width\":768,\"height\":512},{\"@type\":\"BreadcrumbList\",\"@id\":\"https:\/\/noticiasemdestaque.com\/cd\/?p=50737#breadcrumb\",\"itemListElement\":[{\"@type\":\"ListItem\",\"position\":1,\"name\":\"In\u00edcio\",\"item\":\"https:\/\/noticiasemdestaque.com\/cd\/\"},{\"@type\":\"ListItem\",\"position\":2,\"name\":\"Vice-governador participa do ODE em Monteiro, dialoga com a popula\u00e7\u00e3o e anuncia mais investimentos no Cariri\"}]},{\"@type\":\"WebSite\",\"@id\":\"https:\/\/noticiasemdestaque.com\/cd\/#website\",\"url\":\"https:\/\/noticiasemdestaque.com\/cd\/\",\"name\":\"Not&iacute;cias em Destaque\",\"description\":\"\",\"publisher\":{\"@id\":\"https:\/\/noticiasemdestaque.com\/cd\/#organization\"},\"potentialAction\":[{\"@type\":\"SearchAction\",\"target\":{\"@type\":\"EntryPoint\",\"urlTemplate\":\"https:\/\/noticiasemdestaque.com\/cd\/?s={search_term_string}\"},\"query-input\":{\"@type\":\"PropertyValueSpecification\",\"valueRequired\":true,\"valueName\":\"search_term_string\"}}],\"inLanguage\":\"pt-BR\"},{\"@type\":\"Organization\",\"@id\":\"https:\/\/noticiasemdestaque.com\/cd\/#organization\",\"name\":\"Not\u00edcias em Destaque\",\"url\":\"https:\/\/noticiasemdestaque.com\/cd\/\",\"logo\":{\"@type\":\"ImageObject\",\"inLanguage\":\"pt-BR\",\"@id\":\"https:\/\/noticiasemdestaque.com\/cd\/#\/schema\/logo\/image\/\",\"url\":\"https:\/\/noticiasemdestaque.com\/cd\/wp-content\/uploads\/2022\/05\/imagem-base-noticiasemdestaque.png\",\"contentUrl\":\"https:\/\/noticiasemdestaque.com\/cd\/wp-content\/uploads\/2022\/05\/imagem-base-noticiasemdestaque.png\",\"width\":1200,\"height\":630,\"caption\":\"Not\u00edcias em Destaque\"},\"image\":{\"@id\":\"https:\/\/noticiasemdestaque.com\/cd\/#\/schema\/logo\/image\/\"}},{\"@type\":\"Person\",\"@id\":\"https:\/\/noticiasemdestaque.com\/cd\/#\/schema\/person\/21320b03a7e8bb90128938dafc9b908a\",\"name\":\"Not\u00edcias em Destaque\",\"url\":\"https:\/\/noticiasemdestaque.com\/cd\/?author=2\"}]}<\/script>\n<!-- \/ Yoast SEO plugin. -->","yoast_head_json":{"title":"Vice-governador participa do ODE em Monteiro, dialoga com a popula\u00e7\u00e3o e anuncia mais investimentos no Cariri - Not&iacute;cias em Destaque","robots":{"index":"index","follow":"follow","max-snippet":"max-snippet:-1","max-image-preview":"max-image-preview:large","max-video-preview":"max-video-preview:-1"},"canonical":"https:\/\/noticiasemdestaque.com\/cd\/?p=50737","og_locale":"pt_BR","og_type":"article","og_title":"Vice-governador participa do ODE em Monteiro, dialoga com a popula\u00e7\u00e3o e anuncia mais investimentos no Cariri - Not&iacute;cias em Destaque","og_description":"O vice-governador Lucas Ribeiro participou, na noite desta sexta-feira (11), em Monteiro, da audi\u00eancia p\u00fablica do Or\u00e7amento Democr\u00e1tico Estadual (ODE), para elei\u00e7\u00e3o das prioridades que subsidiar\u00e3o o Plano Plurianual (PPA) e a Lei Or\u00e7ament\u00e1ria Anual (LOA). A primeira dama do Estado, Ana Maria Lins, tamb\u00e9m esteve presente \u00e0 plen\u00e1ria, que contou com a participa\u00e7\u00e3o da popula\u00e7\u00e3o dos 18 munic\u00edpios que comp\u00f5em a 5\u00aa Regi\u00e3o, no gin\u00e1sio da ECIT Jos\u00e9 Leite de Souza, Lucas entregou obras para a regi\u00e3o, anunciou novos investimentos e prestou contas das a\u00e7\u00f5es que somam mais de R$ 752 milh\u00f5es entre 2022 e 2023. Com mais de 3.600 pessoas presentes, a plen\u00e1ria elegeu como prioridades de investimentos para o pr\u00f3ximo ano or\u00e7ament\u00e1rio as \u00e1reas de estradas, sa\u00fade e recursos h\u00eddricos. \u201cQue alegria poder estar aqui hoje nessa audi\u00eancia. Esse \u00e9 um governo que dialoga e faz gest\u00e3o ouvindo as pessoas e aquilo que \u00e9 prioridade. N\u00e3o se faz nada sozinho e sem saber o que as pessoas querem para as suas cidades, suas regi\u00f5es. Aqui estamos todo o governo preparado para coletar as prioridades que est\u00e3o elegendo. Quero agradecer a todas as pessoas, as autoridades aqui presentes, os prefeitos que trouxeram suas caravanas e, principalmente, a todo cidad\u00e3o que saiu de sua casa para vir aqui dialogar conosco. \u00c9 uma honra para n\u00f3s\u201d, disse Lucas Ribeiro agradecendo por ter recebido o t\u00edtulo de cidad\u00e3o monteirense, de propositura da C\u00e2mara de Vereadores de Monteiro. O secret\u00e1rio executivo do Or\u00e7amento Democr\u00e1tico, J\u00fanior Caro\u00e9, agradeceu pela oportunidade em realizar mais uma audi\u00eancia no Cariri Paraibano. \u201cEstamos muito felizes em poder realizar essa audi\u00eancia nessa cidade que acolhe t\u00e3o bem a democracia participativa, de pessoas fortes, de lutadoras e lutadores do povo e que tamb\u00e9m me acolheu. \u00c9 uma satisfa\u00e7\u00e3o para o governo t\u00ea-los aqui em mais uma rodada de di\u00e1logo, para que possamos juntos tra\u00e7ar novos caminhos para a popula\u00e7\u00e3o da 5\u00aa Regi\u00e3o. Estamos aqui para oferecer o melhor para a popula\u00e7\u00e3o, ouvi-la e eleger aquelas prioridades de investimentos. O governo veio preparado para ouvir os anseios de toda essa popula\u00e7\u00e3o\u201d, agradeceu Caro\u00e9. A prefeita de Monteiro, Ana Lorena, saudou a plen\u00e1ria, agradecendo a todos pela participa\u00e7\u00e3o. \u201cHoje \u00e9 um momento importante e estamos aqui sabendo o que fazer. J\u00e1 pleiteamos servi\u00e7os aqui atendidos e que s\u00f3 trouxeram benef\u00edcios na nossa regi\u00e3o, nas mais diversas \u00e1reas. Estamos de m\u00e3os dadas, todos os munic\u00edpios do Cariri, que tem um olhar criterioso. Aqui, tenho a certeza, sair\u00e3o grandes pleitos para transformar nossa regi\u00e3o. Hoje \u00e9 o dia de pedir e falar para que tudo seja colocado em planejamento e executado pelo nosso Governo do Estado. Monteiro e toda a regi\u00e3o s\u00f3 tem a agradecer por todos os investimentos que o Governo do Estado tem feito\u201d, disse a prefeita Ana Lorena. O presidente da Assembleia Legislativa da Para\u00edba, Adriano Galdino, tamb\u00e9m agradeceu pela oportunidade em poder estar presente em mais uma audi\u00eancia do ODE. \u201c\u00c9 um prazer estar vivendo esse momento especial democr\u00e1tico de Monteiro e de todo o Cariri Paraibano. O governador Jo\u00e3o \u00e9 o governador do Cariri, porque tem feito in\u00fameras obras em todas as cidades. Que possamos fazer aqui hoje um Cariri mais justo e melhor para todos, certos de que o governo ir\u00e1 atender aquilo que for prioridade para todos\u201d, disse Adriano Galdino. A audi\u00eancia desta noite contou ainda com a participa\u00e7\u00e3o de secret\u00e1rios e auxiliares de governo, al\u00e9m dos deputados estaduais Jo\u00e3o Gon\u00e7alves e In\u00e1cio Falc\u00e3o, prefeitos, vereadores, entre outras lideran\u00e7as pol\u00edticas da regi\u00e3o. Novas a\u00e7\u00f5es\u00a0\u2014 Na abertura da audi\u00eancia, o vice-governador Lucas Ribeiro, fez a entrega de uma s\u00e9rie de benef\u00edcios e anunciou novas a\u00e7\u00f5es para os munic\u00edpios que comp\u00f5em a 5\u00aa Regi\u00e3o Geoadministrativa. Na Educa\u00e7\u00e3o, assinou ordens de servi\u00e7o para manuten\u00e7\u00e3o de escolas e entregou 92 notebooks, a\u00e7\u00f5es que ultrapassam R$ 3 milh\u00f5es em investimentos; na\u00a0\u00e1rea de Seguran\u00e7a, foram entregues equipamentos para o Corpo de Bombeiros da Regi\u00e3o, no valor de R$ 2 milh\u00f5es, al\u00e9m de armamentos, muni\u00e7\u00f5es e coletes bal\u00edsticos para a Policia Militar, investimentos de R$ 256 mil; pelo programa Empreender PB, foram destinados R$ 871 mil a microeempreendedores de toda a regi\u00e3o; em Estradas de Rodagens, Lucas Ribeiro entregou simbolicamente, junto aos prefeitos das cidades, as obras de travessias urbanas das cidades de Amparo, Gurj\u00e3o, Ouro Velho, Parari, Prata, Santo Andr\u00e9, S\u00e3o Jos\u00e9 dos Cordeiros\u00a0\u00a0e Serra Branca \u2013 investimentos de mais de R$ 15 milh\u00f5es; autorizou a reforma do mercado p\u00fablico do Prata, no valor de R$ 1,9 milh\u00e3o; conv\u00eanios para a sa\u00fade dos munic\u00edpios, no valor de R$ 3 milh\u00f5es; e entrega de escrituras habitacionais para moradores de toda a Regi\u00e3o. Presta\u00e7\u00e3o de contas\u00a0\u2014 Entre 2022 e 2023, foram investidos mais de R$ 752 milh\u00f5es na 5\u00aa Regi\u00e3o, segundo informou Lucas Ribeiro, na presta\u00e7\u00e3o de contas apresentada na audi\u00eancia. \u201cNa habita\u00e7\u00e3o, o governo investiu cerca de R$ 16 milh\u00f5es, com a constru\u00e7\u00e3o de 265 casas; pelo Empreender PB, foram destinas cerca de R$ 1,6 milh\u00e3o \u00e0 microempreendedores; na agricultura familiar mais de R$ 18 milh\u00f5es; em abastecimento de \u00e1gua, R$ 428,5 milh\u00f5es; na educa\u00e7\u00e3o, R$71,3 milh\u00f5es; na sa\u00fade, R$ 49,5 milh\u00f5es; no desenvolvimento humano, R$ 26,4 milh\u00f5es; em estradas de rodagem, R$ 110,9 milh\u00f5es; na seguran\u00e7a p\u00fablica, R$ 1,8 milh\u00e3o e na cultura, R$ 1,9 milh\u00e3o\u201d, informou o gestor. As audi\u00eancias do Or\u00e7amento Democr\u00e1tico Estadual seguem neste s\u00e1bado (12), na cidade de Campina Grande (3\u00aa Regi\u00e3o Geoadministrativa), onde a plen\u00e1ria acontece a partir das 17h, na ECIT Professor Br\u00e1ulio Maia J\u00fanior, localizada no bairro Dinam\u00e9rica. Vota\u00e7\u00e3o das prioridades\u00a0&#8211; A vota\u00e7\u00e3o das prioridades de investimentos segue no site\u00a0votacaoode.pb.gov.br\u00a0\u00a0at\u00e9 o dia 16 de setembro. Basta acessar, inserir as informa\u00e7\u00f5es pessoais e escolher as prioridades de investimentos para cada regi\u00e3o. Elei\u00e7\u00e3o de conselheiros\u00a0&#8211; A Secretaria de Planejamento, Or\u00e7amento e Gest\u00e3o (Seplag) tamb\u00e9m realiza nas audi\u00eancias o processo de elei\u00e7\u00e3o para a nova composi\u00e7\u00e3o do Conselho Regional do Or\u00e7amento Democr\u00e1tico Estadual para o bi\u00eanio 2023\/2025. A vota\u00e7\u00e3o acontece nos locais das audi\u00eancias dispon\u00edvel das 16h \u00e0s 21h. Cidadania Democr\u00e1tica \u2013\u00a0O Governo do Estado promove nos locais das audi\u00eancias o \u201cCidadania Democr\u00e1tica\u201d, que \u00e9 a oferta","og_url":"https:\/\/noticiasemdestaque.com\/cd\/?p=50737","og_site_name":"Not&iacute;cias em Destaque","article_published_time":"2023-08-12T17:38:28+00:00","og_image":[{"width":768,"height":512,"url":"https:\/\/noticiasemdestaque.com\/cd\/wp-content\/uploads\/2023\/08\/ode-1.jpeg","type":"image\/jpeg"}],"author":"Not\u00edcias em Destaque","twitter_card":"summary_large_image","twitter_misc":{"Escrito por":"Not\u00edcias em Destaque","Est. tempo de leitura":"7 minutos"},"schema":{"@context":"https:\/\/schema.org","@graph":[{"@type":"Article","@id":"https:\/\/noticiasemdestaque.com\/cd\/?p=50737#article","isPartOf":{"@id":"https:\/\/noticiasemdestaque.com\/cd\/?p=50737"},"author":{"name":"Not\u00edcias em Destaque","@id":"https:\/\/noticiasemdestaque.com\/cd\/#\/schema\/person\/21320b03a7e8bb90128938dafc9b908a"},"headline":"Vice-governador participa do ODE em Monteiro, dialoga com a popula\u00e7\u00e3o e anuncia mais investimentos no Cariri","datePublished":"2023-08-12T17:38:28+00:00","mainEntityOfPage":{"@id":"https:\/\/noticiasemdestaque.com\/cd\/?p=50737"},"wordCount":1171,"publisher":{"@id":"https:\/\/noticiasemdestaque.com\/cd\/#organization"},"image":{"@id":"https:\/\/noticiasemdestaque.com\/cd\/?p=50737#primaryimage"},"thumbnailUrl":"https:\/\/noticiasemdestaque.com\/cd\/wp-content\/uploads\/2023\/08\/ode-1.jpeg","articleSection":["Pol\u00edtica"],"inLanguage":"pt-BR"},{"@type":"WebPage","@id":"https:\/\/noticiasemdestaque.com\/cd\/?p=50737","url":"https:\/\/noticiasemdestaque.com\/cd\/?p=50737","name":"Vice-governador participa do ODE em Monteiro, dialoga com a popula\u00e7\u00e3o e anuncia mais investimentos no Cariri - Not&iacute;cias em Destaque","isPartOf":{"@id":"https:\/\/noticiasemdestaque.com\/cd\/#website"},"primaryImageOfPage":{"@id":"https:\/\/noticiasemdestaque.com\/cd\/?p=50737#primaryimage"},"image":{"@id":"https:\/\/noticiasemdestaque.com\/cd\/?p=50737#primaryimage"},"thumbnailUrl":"https:\/\/noticiasemdestaque.com\/cd\/wp-content\/uploads\/2023\/08\/ode-1.jpeg","datePublished":"2023-08-12T17:38:28+00:00","breadcrumb":{"@id":"https:\/\/noticiasemdestaque.com\/cd\/?p=50737#breadcrumb"},"inLanguage":"pt-BR","potentialAction":[{"@type":"ReadAction","target":["https:\/\/noticiasemdestaque.com\/cd\/?p=50737"]}]},{"@type":"ImageObject","inLanguage":"pt-BR","@id":"https:\/\/noticiasemdestaque.com\/cd\/?p=50737#primaryimage","url":"https:\/\/noticiasemdestaque.com\/cd\/wp-content\/uploads\/2023\/08\/ode-1.jpeg","contentUrl":"https:\/\/noticiasemdestaque.com\/cd\/wp-content\/uploads\/2023\/08\/ode-1.jpeg","width":768,"height":512},{"@type":"BreadcrumbList","@id":"https:\/\/noticiasemdestaque.com\/cd\/?p=50737#breadcrumb","itemListElement":[{"@type":"ListItem","position":1,"name":"In\u00edcio","item":"https:\/\/noticiasemdestaque.com\/cd\/"},{"@type":"ListItem","position":2,"name":"Vice-governador participa do ODE em Monteiro, dialoga com a popula\u00e7\u00e3o e anuncia mais investimentos no Cariri"}]},{"@type":"WebSite","@id":"https:\/\/noticiasemdestaque.com\/cd\/#website","url":"https:\/\/noticiasemdestaque.com\/cd\/","name":"Not&iacute;cias em Destaque","description":"","publisher":{"@id":"https:\/\/noticiasemdestaque.com\/cd\/#organization"},"potentialAction":[{"@type":"SearchAction","target":{"@type":"EntryPoint","urlTemplate":"https:\/\/noticiasemdestaque.com\/cd\/?s={search_term_string}"},"query-input":{"@type":"PropertyValueSpecification","valueRequired":true,"valueName":"search_term_string"}}],"inLanguage":"pt-BR"},{"@type":"Organization","@id":"https:\/\/noticiasemdestaque.com\/cd\/#organization","name":"Not\u00edcias em Destaque","url":"https:\/\/noticiasemdestaque.com\/cd\/","logo":{"@type":"ImageObject","inLanguage":"pt-BR","@id":"https:\/\/noticiasemdestaque.com\/cd\/#\/schema\/logo\/image\/","url":"https:\/\/noticiasemdestaque.com\/cd\/wp-content\/uploads\/2022\/05\/imagem-base-noticiasemdestaque.png","contentUrl":"https:\/\/noticiasemdestaque.com\/cd\/wp-content\/uploads\/2022\/05\/imagem-base-noticiasemdestaque.png","width":1200,"height":630,"caption":"Not\u00edcias em Destaque"},"image":{"@id":"https:\/\/noticiasemdestaque.com\/cd\/#\/schema\/logo\/image\/"}},{"@type":"Person","@id":"https:\/\/noticiasemdestaque.com\/cd\/#\/schema\/person\/21320b03a7e8bb90128938dafc9b908a","name":"Not\u00edcias em Destaque","url":"https:\/\/noticiasemdestaque.com\/cd\/?author=2"}]}},"jetpack_featured_media_url":"https:\/\/noticiasemdestaque.com\/cd\/wp-content\/uploads\/2023\/08\/ode-1.jpeg","jetpack_sharing_enabled":true,"_links":{"self":[{"href":"https:\/\/noticiasemdestaque.com\/cd\/index.php?rest_route=\/wp\/v2\/posts\/50737","targetHints":{"allow":["GET"]}}],"collection":[{"href":"https:\/\/noticiasemdestaque.com\/cd\/index.php?rest_route=\/wp\/v2\/posts"}],"about":[{"href":"https:\/\/noticiasemdestaque.com\/cd\/index.php?rest_route=\/wp\/v2\/types\/post"}],"author":[{"embeddable":true,"href":"https:\/\/noticiasemdestaque.com\/cd\/index.php?rest_route=\/wp\/v2\/users\/2"}],"replies":[{"embeddable":true,"href":"https:\/\/noticiasemdestaque.com\/cd\/index.php?rest_route=%2Fwp%2Fv2%2Fcomments&post=50737"}],"version-history":[{"count":1,"href":"https:\/\/noticiasemdestaque.com\/cd\/index.php?rest_route=\/wp\/v2\/posts\/50737\/revisions"}],"predecessor-version":[{"id":50742,"href":"https:\/\/noticiasemdestaque.com\/cd\/index.php?rest_route=\/wp\/v2\/posts\/50737\/revisions\/50742"}],"wp:featuredmedia":[{"embeddable":true,"href":"https:\/\/noticiasemdestaque.com\/cd\/index.php?rest_route=\/wp\/v2\/media\/50739"}],"wp:attachment":[{"href":"https:\/\/noticiasemdestaque.com\/cd\/index.php?rest_route=%2Fwp%2Fv2%2Fmedia&parent=50737"}],"wp:term":[{"taxonomy":"category","embeddable":true,"href":"https:\/\/noticiasemdestaque.com\/cd\/index.php?rest_route=%2Fwp%2Fv2%2Fcategories&post=50737"},{"taxonomy":"post_tag","embeddable":true,"href":"https:\/\/noticiasemdestaque.com\/cd\/index.php?rest_route=%2Fwp%2Fv2%2Ftags&post=50737"}],"curies":[{"name":"wp","href":"https:\/\/api.w.org\/{rel}","templated":true}]}}