{"id":50726,"date":"2023-08-12T09:41:28","date_gmt":"2023-08-12T12:41:28","guid":{"rendered":"https:\/\/noticiasemdestaque.com\/cd\/?p=50726"},"modified":"2023-08-12T09:41:28","modified_gmt":"2023-08-12T12:41:28","slug":"taty-girl-e-a-2a-atracao-confirmada-no-festival-do-mel-2023","status":"publish","type":"post","link":"https:\/\/noticiasemdestaque.com\/cd\/?p=50726","title":{"rendered":"Taty Girl \u00e9 a 2\u00aa atra\u00e7\u00e3o confirmada no Festival do Mel 2023"},"content":{"rendered":"<p><a href=\"https:\/\/noticiasemdestaque.com\/cd\/wp-content\/uploads\/2023\/08\/88936b05-58e2-4b04-87d3-d51784b43523-1024x979-1.jpg\"><img fetchpriority=\"high\" decoding=\"async\" class=\" wp-image-50728 aligncenter\" src=\"https:\/\/noticiasemdestaque.com\/cd\/wp-content\/uploads\/2023\/08\/88936b05-58e2-4b04-87d3-d51784b43523-1024x979-1-300x287.jpg\" alt=\"\" width=\"631\" height=\"604\" srcset=\"https:\/\/noticiasemdestaque.com\/cd\/wp-content\/uploads\/2023\/08\/88936b05-58e2-4b04-87d3-d51784b43523-1024x979-1-300x287.jpg 300w, https:\/\/noticiasemdestaque.com\/cd\/wp-content\/uploads\/2023\/08\/88936b05-58e2-4b04-87d3-d51784b43523-1024x979-1-768x734.jpg 768w, https:\/\/noticiasemdestaque.com\/cd\/wp-content\/uploads\/2023\/08\/88936b05-58e2-4b04-87d3-d51784b43523-1024x979-1-13x12.jpg 13w, https:\/\/noticiasemdestaque.com\/cd\/wp-content\/uploads\/2023\/08\/88936b05-58e2-4b04-87d3-d51784b43523-1024x979-1.jpg 1024w\" sizes=\"(max-width: 631px) 100vw, 631px\" \/><\/a><\/p>\n<p>A Prefeitura de S\u00e3o Jos\u00e9 dos Cordeiros, no Cariri paraibano, divulgou nesta sexta-feira (11), a 2\u00aa atra\u00e7\u00e3o que animar\u00e1 a 13\u00aa edi\u00e7\u00e3o do Festival do Mel, que este ano acontece entre os dias 15 \u00e0 17 de setembro.<\/p>\n<p>A segunda atra\u00e7\u00e3o confirmada e anunciada pela equipe de gest\u00e3o do prefeito Fel\u00edcio Queiroz \u00e9 a cantora cearense, que tem um dos maiores shows de forr\u00f3 das antigas, Taty Girl.<\/p>\n<p>A artista ficou conhecida, durante a sua passagem nas bandas Forr\u00f3 Real e Solteir\u00f5es do Forr\u00f3, no show Taty alia m\u00fasicas que marcaram sua trajet\u00f3ria como \u201cRubi, \u201cAmo voc\u00ea, quero voc\u00ea\u201d Love louco\u201d e \u201cTrem da saudade\u201d, com sucessos de v\u00e1rios artistas do g\u00eanero.<\/p>\n<p>Segundo j\u00e1 informamos o Prefeito, Fel\u00edcio Queiroz, a cada semana anunciar\u00e1 uma nova atrac\u00e3o do Festival do Mel.<\/p>\n<p>O cantor Tarc\u00edsio do Acordeon foi a primeira atra\u00e7\u00e3o anunciada e pelo menos mais dois ou tr\u00eas grandes nomes ser\u00e3o confirmados nas pr\u00f3ximas semanas.<\/p>\n<p><strong>Noticias em Destaque<\/strong><\/p>\n<p style=\"text-align: right;\"><em>Com De Olho no Cariri<\/em><\/p>\n","protected":false},"excerpt":{"rendered":"<p>A Prefeitura de S\u00e3o Jos\u00e9 dos Cordeiros, no Cariri paraibano, divulgou nesta sexta-feira (11), a 2\u00aa atra\u00e7\u00e3o que animar\u00e1 a 13\u00aa edi\u00e7\u00e3o do Festival do Mel, que este ano acontece entre os dias 15 \u00e0 17 de setembro. A segunda atra\u00e7\u00e3o confirmada e anunciada pela equipe de gest\u00e3o do prefeito Fel\u00edcio Queiroz \u00e9 a cantora cearense, que tem um dos maiores shows de forr\u00f3 das antigas, Taty Girl. A artista ficou conhecida, durante a sua passagem nas bandas Forr\u00f3 Real e Solteir\u00f5es do Forr\u00f3, no show Taty alia m\u00fasicas que marcaram sua trajet\u00f3ria como \u201cRubi, \u201cAmo voc\u00ea, quero voc\u00ea\u201d Love louco\u201d e \u201cTrem da saudade\u201d, com sucessos de v\u00e1rios artistas do g\u00eanero. Segundo j\u00e1 informamos o Prefeito, Fel\u00edcio Queiroz, a cada semana anunciar\u00e1 uma nova atrac\u00e3o do Festival do Mel. O cantor Tarc\u00edsio do Acordeon foi a primeira atra\u00e7\u00e3o anunciada e pelo menos mais dois ou tr\u00eas grandes nomes ser\u00e3o confirmados nas pr\u00f3ximas semanas. Noticias em Destaque Com De Olho no Cariri<\/p>\n","protected":false},"author":2,"featured_media":50728,"comment_status":"closed","ping_status":"open","sticky":false,"template":"","format":"standard","meta":{"_eb_attr":"","_jetpack_memberships_contains_paid_content":false,"footnotes":""},"categories":[3],"tags":[],"class_list":["post-50726","post","type-post","status-publish","format-standard","has-post-thumbnail","hentry","category-cidades"],"yoast_head":"<!-- This site is optimized with the Yoast SEO plugin v26.5 - https:\/\/yoast.com\/wordpress\/plugins\/seo\/ -->\n<title>Taty Girl \u00e9 a 2\u00aa atra\u00e7\u00e3o confirmada no Festival do Mel 2023 - Not&iacute;cias em Destaque<\/title>\n<meta name=\"robots\" content=\"index, follow, max-snippet:-1, max-image-preview:large, max-video-preview:-1\" \/>\n<link rel=\"canonical\" href=\"https:\/\/noticiasemdestaque.com\/cd\/?p=50726\" \/>\n<meta property=\"og:locale\" content=\"pt_BR\" \/>\n<meta property=\"og:type\" content=\"article\" \/>\n<meta property=\"og:title\" content=\"Taty Girl \u00e9 a 2\u00aa atra\u00e7\u00e3o confirmada no Festival do Mel 2023 - Not&iacute;cias em Destaque\" \/>\n<meta property=\"og:description\" content=\"A Prefeitura de S\u00e3o Jos\u00e9 dos Cordeiros, no Cariri paraibano, divulgou nesta sexta-feira (11), a 2\u00aa atra\u00e7\u00e3o que animar\u00e1 a 13\u00aa edi\u00e7\u00e3o do Festival do Mel, que este ano acontece entre os dias 15 \u00e0 17 de setembro. A segunda atra\u00e7\u00e3o confirmada e anunciada pela equipe de gest\u00e3o do prefeito Fel\u00edcio Queiroz \u00e9 a cantora cearense, que tem um dos maiores shows de forr\u00f3 das antigas, Taty Girl. A artista ficou conhecida, durante a sua passagem nas bandas Forr\u00f3 Real e Solteir\u00f5es do Forr\u00f3, no show Taty alia m\u00fasicas que marcaram sua trajet\u00f3ria como \u201cRubi, \u201cAmo voc\u00ea, quero voc\u00ea\u201d Love louco\u201d e \u201cTrem da saudade\u201d, com sucessos de v\u00e1rios artistas do g\u00eanero. Segundo j\u00e1 informamos o Prefeito, Fel\u00edcio Queiroz, a cada semana anunciar\u00e1 uma nova atrac\u00e3o do Festival do Mel. O cantor Tarc\u00edsio do Acordeon foi a primeira atra\u00e7\u00e3o anunciada e pelo menos mais dois ou tr\u00eas grandes nomes ser\u00e3o confirmados nas pr\u00f3ximas semanas. Noticias em Destaque Com De Olho no Cariri\" \/>\n<meta property=\"og:url\" content=\"https:\/\/noticiasemdestaque.com\/cd\/?p=50726\" \/>\n<meta property=\"og:site_name\" content=\"Not&iacute;cias em Destaque\" \/>\n<meta property=\"article:published_time\" content=\"2023-08-12T12:41:28+00:00\" \/>\n<meta property=\"og:image\" content=\"https:\/\/noticiasemdestaque.com\/cd\/wp-content\/uploads\/2023\/08\/88936b05-58e2-4b04-87d3-d51784b43523-1024x979-1.jpg\" \/>\n\t<meta property=\"og:image:width\" content=\"1024\" \/>\n\t<meta property=\"og:image:height\" content=\"979\" \/>\n\t<meta property=\"og:image:type\" content=\"image\/jpeg\" \/>\n<meta name=\"author\" content=\"Not\u00edcias em Destaque\" \/>\n<meta name=\"twitter:card\" content=\"summary_large_image\" \/>\n<meta name=\"twitter:label1\" content=\"Escrito por\" \/>\n\t<meta name=\"twitter:data1\" content=\"Not\u00edcias em Destaque\" \/>\n\t<meta name=\"twitter:label2\" content=\"Est. tempo de leitura\" \/>\n\t<meta name=\"twitter:data2\" content=\"2 minutos\" \/>\n<script type=\"application\/ld+json\" class=\"yoast-schema-graph\">{\"@context\":\"https:\/\/schema.org\",\"@graph\":[{\"@type\":\"Article\",\"@id\":\"https:\/\/noticiasemdestaque.com\/cd\/?p=50726#article\",\"isPartOf\":{\"@id\":\"https:\/\/noticiasemdestaque.com\/cd\/?p=50726\"},\"author\":{\"name\":\"Not\u00edcias em Destaque\",\"@id\":\"https:\/\/noticiasemdestaque.com\/cd\/#\/schema\/person\/21320b03a7e8bb90128938dafc9b908a\"},\"headline\":\"Taty Girl \u00e9 a 2\u00aa atra\u00e7\u00e3o confirmada no Festival do Mel 2023\",\"datePublished\":\"2023-08-12T12:41:28+00:00\",\"mainEntityOfPage\":{\"@id\":\"https:\/\/noticiasemdestaque.com\/cd\/?p=50726\"},\"wordCount\":183,\"publisher\":{\"@id\":\"https:\/\/noticiasemdestaque.com\/cd\/#organization\"},\"image\":{\"@id\":\"https:\/\/noticiasemdestaque.com\/cd\/?p=50726#primaryimage\"},\"thumbnailUrl\":\"https:\/\/noticiasemdestaque.com\/cd\/wp-content\/uploads\/2023\/08\/88936b05-58e2-4b04-87d3-d51784b43523-1024x979-1.jpg\",\"articleSection\":[\"Cidades\"],\"inLanguage\":\"pt-BR\"},{\"@type\":\"WebPage\",\"@id\":\"https:\/\/noticiasemdestaque.com\/cd\/?p=50726\",\"url\":\"https:\/\/noticiasemdestaque.com\/cd\/?p=50726\",\"name\":\"Taty Girl \u00e9 a 2\u00aa atra\u00e7\u00e3o confirmada no Festival do Mel 2023 - Not&iacute;cias em Destaque\",\"isPartOf\":{\"@id\":\"https:\/\/noticiasemdestaque.com\/cd\/#website\"},\"primaryImageOfPage\":{\"@id\":\"https:\/\/noticiasemdestaque.com\/cd\/?p=50726#primaryimage\"},\"image\":{\"@id\":\"https:\/\/noticiasemdestaque.com\/cd\/?p=50726#primaryimage\"},\"thumbnailUrl\":\"https:\/\/noticiasemdestaque.com\/cd\/wp-content\/uploads\/2023\/08\/88936b05-58e2-4b04-87d3-d51784b43523-1024x979-1.jpg\",\"datePublished\":\"2023-08-12T12:41:28+00:00\",\"breadcrumb\":{\"@id\":\"https:\/\/noticiasemdestaque.com\/cd\/?p=50726#breadcrumb\"},\"inLanguage\":\"pt-BR\",\"potentialAction\":[{\"@type\":\"ReadAction\",\"target\":[\"https:\/\/noticiasemdestaque.com\/cd\/?p=50726\"]}]},{\"@type\":\"ImageObject\",\"inLanguage\":\"pt-BR\",\"@id\":\"https:\/\/noticiasemdestaque.com\/cd\/?p=50726#primaryimage\",\"url\":\"https:\/\/noticiasemdestaque.com\/cd\/wp-content\/uploads\/2023\/08\/88936b05-58e2-4b04-87d3-d51784b43523-1024x979-1.jpg\",\"contentUrl\":\"https:\/\/noticiasemdestaque.com\/cd\/wp-content\/uploads\/2023\/08\/88936b05-58e2-4b04-87d3-d51784b43523-1024x979-1.jpg\",\"width\":1024,\"height\":979},{\"@type\":\"BreadcrumbList\",\"@id\":\"https:\/\/noticiasemdestaque.com\/cd\/?p=50726#breadcrumb\",\"itemListElement\":[{\"@type\":\"ListItem\",\"position\":1,\"name\":\"In\u00edcio\",\"item\":\"https:\/\/noticiasemdestaque.com\/cd\/\"},{\"@type\":\"ListItem\",\"position\":2,\"name\":\"Taty Girl \u00e9 a 2\u00aa atra\u00e7\u00e3o confirmada no Festival do Mel 2023\"}]},{\"@type\":\"WebSite\",\"@id\":\"https:\/\/noticiasemdestaque.com\/cd\/#website\",\"url\":\"https:\/\/noticiasemdestaque.com\/cd\/\",\"name\":\"Not&iacute;cias em Destaque\",\"description\":\"\",\"publisher\":{\"@id\":\"https:\/\/noticiasemdestaque.com\/cd\/#organization\"},\"potentialAction\":[{\"@type\":\"SearchAction\",\"target\":{\"@type\":\"EntryPoint\",\"urlTemplate\":\"https:\/\/noticiasemdestaque.com\/cd\/?s={search_term_string}\"},\"query-input\":{\"@type\":\"PropertyValueSpecification\",\"valueRequired\":true,\"valueName\":\"search_term_string\"}}],\"inLanguage\":\"pt-BR\"},{\"@type\":\"Organization\",\"@id\":\"https:\/\/noticiasemdestaque.com\/cd\/#organization\",\"name\":\"Not\u00edcias em Destaque\",\"url\":\"https:\/\/noticiasemdestaque.com\/cd\/\",\"logo\":{\"@type\":\"ImageObject\",\"inLanguage\":\"pt-BR\",\"@id\":\"https:\/\/noticiasemdestaque.com\/cd\/#\/schema\/logo\/image\/\",\"url\":\"https:\/\/noticiasemdestaque.com\/cd\/wp-content\/uploads\/2022\/05\/imagem-base-noticiasemdestaque.png\",\"contentUrl\":\"https:\/\/noticiasemdestaque.com\/cd\/wp-content\/uploads\/2022\/05\/imagem-base-noticiasemdestaque.png\",\"width\":1200,\"height\":630,\"caption\":\"Not\u00edcias em Destaque\"},\"image\":{\"@id\":\"https:\/\/noticiasemdestaque.com\/cd\/#\/schema\/logo\/image\/\"}},{\"@type\":\"Person\",\"@id\":\"https:\/\/noticiasemdestaque.com\/cd\/#\/schema\/person\/21320b03a7e8bb90128938dafc9b908a\",\"name\":\"Not\u00edcias em Destaque\",\"url\":\"https:\/\/noticiasemdestaque.com\/cd\/?author=2\"}]}<\/script>\n<!-- \/ Yoast SEO plugin. -->","yoast_head_json":{"title":"Taty Girl \u00e9 a 2\u00aa atra\u00e7\u00e3o confirmada no Festival do Mel 2023 - Not&iacute;cias em Destaque","robots":{"index":"index","follow":"follow","max-snippet":"max-snippet:-1","max-image-preview":"max-image-preview:large","max-video-preview":"max-video-preview:-1"},"canonical":"https:\/\/noticiasemdestaque.com\/cd\/?p=50726","og_locale":"pt_BR","og_type":"article","og_title":"Taty Girl \u00e9 a 2\u00aa atra\u00e7\u00e3o confirmada no Festival do Mel 2023 - Not&iacute;cias em Destaque","og_description":"A Prefeitura de S\u00e3o Jos\u00e9 dos Cordeiros, no Cariri paraibano, divulgou nesta sexta-feira (11), a 2\u00aa atra\u00e7\u00e3o que animar\u00e1 a 13\u00aa edi\u00e7\u00e3o do Festival do Mel, que este ano acontece entre os dias 15 \u00e0 17 de setembro. A segunda atra\u00e7\u00e3o confirmada e anunciada pela equipe de gest\u00e3o do prefeito Fel\u00edcio Queiroz \u00e9 a cantora cearense, que tem um dos maiores shows de forr\u00f3 das antigas, Taty Girl. A artista ficou conhecida, durante a sua passagem nas bandas Forr\u00f3 Real e Solteir\u00f5es do Forr\u00f3, no show Taty alia m\u00fasicas que marcaram sua trajet\u00f3ria como \u201cRubi, \u201cAmo voc\u00ea, quero voc\u00ea\u201d Love louco\u201d e \u201cTrem da saudade\u201d, com sucessos de v\u00e1rios artistas do g\u00eanero. Segundo j\u00e1 informamos o Prefeito, Fel\u00edcio Queiroz, a cada semana anunciar\u00e1 uma nova atrac\u00e3o do Festival do Mel. O cantor Tarc\u00edsio do Acordeon foi a primeira atra\u00e7\u00e3o anunciada e pelo menos mais dois ou tr\u00eas grandes nomes ser\u00e3o confirmados nas pr\u00f3ximas semanas. Noticias em Destaque Com De Olho no Cariri","og_url":"https:\/\/noticiasemdestaque.com\/cd\/?p=50726","og_site_name":"Not&iacute;cias em Destaque","article_published_time":"2023-08-12T12:41:28+00:00","og_image":[{"width":1024,"height":979,"url":"https:\/\/noticiasemdestaque.com\/cd\/wp-content\/uploads\/2023\/08\/88936b05-58e2-4b04-87d3-d51784b43523-1024x979-1.jpg","type":"image\/jpeg"}],"author":"Not\u00edcias em Destaque","twitter_card":"summary_large_image","twitter_misc":{"Escrito por":"Not\u00edcias em Destaque","Est. tempo de leitura":"2 minutos"},"schema":{"@context":"https:\/\/schema.org","@graph":[{"@type":"Article","@id":"https:\/\/noticiasemdestaque.com\/cd\/?p=50726#article","isPartOf":{"@id":"https:\/\/noticiasemdestaque.com\/cd\/?p=50726"},"author":{"name":"Not\u00edcias em Destaque","@id":"https:\/\/noticiasemdestaque.com\/cd\/#\/schema\/person\/21320b03a7e8bb90128938dafc9b908a"},"headline":"Taty Girl \u00e9 a 2\u00aa atra\u00e7\u00e3o confirmada no Festival do Mel 2023","datePublished":"2023-08-12T12:41:28+00:00","mainEntityOfPage":{"@id":"https:\/\/noticiasemdestaque.com\/cd\/?p=50726"},"wordCount":183,"publisher":{"@id":"https:\/\/noticiasemdestaque.com\/cd\/#organization"},"image":{"@id":"https:\/\/noticiasemdestaque.com\/cd\/?p=50726#primaryimage"},"thumbnailUrl":"https:\/\/noticiasemdestaque.com\/cd\/wp-content\/uploads\/2023\/08\/88936b05-58e2-4b04-87d3-d51784b43523-1024x979-1.jpg","articleSection":["Cidades"],"inLanguage":"pt-BR"},{"@type":"WebPage","@id":"https:\/\/noticiasemdestaque.com\/cd\/?p=50726","url":"https:\/\/noticiasemdestaque.com\/cd\/?p=50726","name":"Taty Girl \u00e9 a 2\u00aa atra\u00e7\u00e3o confirmada no Festival do Mel 2023 - Not&iacute;cias em Destaque","isPartOf":{"@id":"https:\/\/noticiasemdestaque.com\/cd\/#website"},"primaryImageOfPage":{"@id":"https:\/\/noticiasemdestaque.com\/cd\/?p=50726#primaryimage"},"image":{"@id":"https:\/\/noticiasemdestaque.com\/cd\/?p=50726#primaryimage"},"thumbnailUrl":"https:\/\/noticiasemdestaque.com\/cd\/wp-content\/uploads\/2023\/08\/88936b05-58e2-4b04-87d3-d51784b43523-1024x979-1.jpg","datePublished":"2023-08-12T12:41:28+00:00","breadcrumb":{"@id":"https:\/\/noticiasemdestaque.com\/cd\/?p=50726#breadcrumb"},"inLanguage":"pt-BR","potentialAction":[{"@type":"ReadAction","target":["https:\/\/noticiasemdestaque.com\/cd\/?p=50726"]}]},{"@type":"ImageObject","inLanguage":"pt-BR","@id":"https:\/\/noticiasemdestaque.com\/cd\/?p=50726#primaryimage","url":"https:\/\/noticiasemdestaque.com\/cd\/wp-content\/uploads\/2023\/08\/88936b05-58e2-4b04-87d3-d51784b43523-1024x979-1.jpg","contentUrl":"https:\/\/noticiasemdestaque.com\/cd\/wp-content\/uploads\/2023\/08\/88936b05-58e2-4b04-87d3-d51784b43523-1024x979-1.jpg","width":1024,"height":979},{"@type":"BreadcrumbList","@id":"https:\/\/noticiasemdestaque.com\/cd\/?p=50726#breadcrumb","itemListElement":[{"@type":"ListItem","position":1,"name":"In\u00edcio","item":"https:\/\/noticiasemdestaque.com\/cd\/"},{"@type":"ListItem","position":2,"name":"Taty Girl \u00e9 a 2\u00aa atra\u00e7\u00e3o confirmada no Festival do Mel 2023"}]},{"@type":"WebSite","@id":"https:\/\/noticiasemdestaque.com\/cd\/#website","url":"https:\/\/noticiasemdestaque.com\/cd\/","name":"Not&iacute;cias em Destaque","description":"","publisher":{"@id":"https:\/\/noticiasemdestaque.com\/cd\/#organization"},"potentialAction":[{"@type":"SearchAction","target":{"@type":"EntryPoint","urlTemplate":"https:\/\/noticiasemdestaque.com\/cd\/?s={search_term_string}"},"query-input":{"@type":"PropertyValueSpecification","valueRequired":true,"valueName":"search_term_string"}}],"inLanguage":"pt-BR"},{"@type":"Organization","@id":"https:\/\/noticiasemdestaque.com\/cd\/#organization","name":"Not\u00edcias em Destaque","url":"https:\/\/noticiasemdestaque.com\/cd\/","logo":{"@type":"ImageObject","inLanguage":"pt-BR","@id":"https:\/\/noticiasemdestaque.com\/cd\/#\/schema\/logo\/image\/","url":"https:\/\/noticiasemdestaque.com\/cd\/wp-content\/uploads\/2022\/05\/imagem-base-noticiasemdestaque.png","contentUrl":"https:\/\/noticiasemdestaque.com\/cd\/wp-content\/uploads\/2022\/05\/imagem-base-noticiasemdestaque.png","width":1200,"height":630,"caption":"Not\u00edcias em Destaque"},"image":{"@id":"https:\/\/noticiasemdestaque.com\/cd\/#\/schema\/logo\/image\/"}},{"@type":"Person","@id":"https:\/\/noticiasemdestaque.com\/cd\/#\/schema\/person\/21320b03a7e8bb90128938dafc9b908a","name":"Not\u00edcias em Destaque","url":"https:\/\/noticiasemdestaque.com\/cd\/?author=2"}]}},"jetpack_featured_media_url":"https:\/\/noticiasemdestaque.com\/cd\/wp-content\/uploads\/2023\/08\/88936b05-58e2-4b04-87d3-d51784b43523-1024x979-1.jpg","jetpack_sharing_enabled":true,"_links":{"self":[{"href":"https:\/\/noticiasemdestaque.com\/cd\/index.php?rest_route=\/wp\/v2\/posts\/50726","targetHints":{"allow":["GET"]}}],"collection":[{"href":"https:\/\/noticiasemdestaque.com\/cd\/index.php?rest_route=\/wp\/v2\/posts"}],"about":[{"href":"https:\/\/noticiasemdestaque.com\/cd\/index.php?rest_route=\/wp\/v2\/types\/post"}],"author":[{"embeddable":true,"href":"https:\/\/noticiasemdestaque.com\/cd\/index.php?rest_route=\/wp\/v2\/users\/2"}],"replies":[{"embeddable":true,"href":"https:\/\/noticiasemdestaque.com\/cd\/index.php?rest_route=%2Fwp%2Fv2%2Fcomments&post=50726"}],"version-history":[{"count":1,"href":"https:\/\/noticiasemdestaque.com\/cd\/index.php?rest_route=\/wp\/v2\/posts\/50726\/revisions"}],"predecessor-version":[{"id":50729,"href":"https:\/\/noticiasemdestaque.com\/cd\/index.php?rest_route=\/wp\/v2\/posts\/50726\/revisions\/50729"}],"wp:featuredmedia":[{"embeddable":true,"href":"https:\/\/noticiasemdestaque.com\/cd\/index.php?rest_route=\/wp\/v2\/media\/50728"}],"wp:attachment":[{"href":"https:\/\/noticiasemdestaque.com\/cd\/index.php?rest_route=%2Fwp%2Fv2%2Fmedia&parent=50726"}],"wp:term":[{"taxonomy":"category","embeddable":true,"href":"https:\/\/noticiasemdestaque.com\/cd\/index.php?rest_route=%2Fwp%2Fv2%2Fcategories&post=50726"},{"taxonomy":"post_tag","embeddable":true,"href":"https:\/\/noticiasemdestaque.com\/cd\/index.php?rest_route=%2Fwp%2Fv2%2Ftags&post=50726"}],"curies":[{"name":"wp","href":"https:\/\/api.w.org\/{rel}","templated":true}]}}