{"id":50706,"date":"2023-08-11T08:22:35","date_gmt":"2023-08-11T11:22:35","guid":{"rendered":"https:\/\/noticiasemdestaque.com\/cd\/?p=50706"},"modified":"2023-08-11T08:22:35","modified_gmt":"2023-08-11T11:22:35","slug":"joao-descarta-chapa-puro-sangue-do-psb-se-ele-for-candidato-ao-senado","status":"publish","type":"post","link":"https:\/\/noticiasemdestaque.com\/cd\/?p=50706","title":{"rendered":"Jo\u00e3o descarta chapa \u2018puro-sangue\u2019 do PSB se ele for candidato ao Senado"},"content":{"rendered":"<p><a href=\"https:\/\/noticiasemdestaque.com\/cd\/wp-content\/uploads\/2023\/08\/JOAO-AZEVEDO-REFORMA-TRIBUTARIA.jpg\"><img fetchpriority=\"high\" decoding=\"async\" class=\"size-medium wp-image-50707 aligncenter\" src=\"https:\/\/noticiasemdestaque.com\/cd\/wp-content\/uploads\/2023\/08\/JOAO-AZEVEDO-REFORMA-TRIBUTARIA-300x168.jpg\" alt=\"\" width=\"300\" height=\"168\" srcset=\"https:\/\/noticiasemdestaque.com\/cd\/wp-content\/uploads\/2023\/08\/JOAO-AZEVEDO-REFORMA-TRIBUTARIA-300x168.jpg 300w, https:\/\/noticiasemdestaque.com\/cd\/wp-content\/uploads\/2023\/08\/JOAO-AZEVEDO-REFORMA-TRIBUTARIA-1024x574.jpg 1024w, https:\/\/noticiasemdestaque.com\/cd\/wp-content\/uploads\/2023\/08\/JOAO-AZEVEDO-REFORMA-TRIBUTARIA-768x430.jpg 768w, https:\/\/noticiasemdestaque.com\/cd\/wp-content\/uploads\/2023\/08\/JOAO-AZEVEDO-REFORMA-TRIBUTARIA-18x10.jpg 18w, https:\/\/noticiasemdestaque.com\/cd\/wp-content\/uploads\/2023\/08\/JOAO-AZEVEDO-REFORMA-TRIBUTARIA.jpg 1060w\" sizes=\"(max-width: 300px) 100vw, 300px\" \/><\/a><\/p>\n<p>O governador Jo\u00e3o Azev\u00eado (PSB) descartou hoje (10) a possibilidade de o PSB lan\u00e7ar candidato ao governo e se ele resolver se candidatar ao Senado em 2026.\u00a0\u201cEu estando como candidato a senador, n\u00e3o poder\u00e1 ter outro do PSB\u201d, disse, enfatizando que uma chapa puro-sangue n\u00e3o est\u00e1 nos planos da legenda.<\/p>\n<p>A declara\u00e7\u00e3o foi dada ao ser questionado pela imprensa sobre uma declara\u00e7\u00e3o do presidente do PSB de Jo\u00e3o Pessoa, Tib\u00e9rio Limeira, sobre uma poss\u00edvel candidatura majorit\u00e1ria do partido em 2026. Jo\u00e3o, inclusive, pontuou que a fala do auxiliar da sua gest\u00e3o teria sido mal interpretada.<\/p>\n<p>\u201cO questionamento dirigido ao entrevistado foi se o PSB estava preparado para lan\u00e7ar candidatos \u00e0 disputa pelo cargo de governador do Estado, ao que ele respondeu destacando que o partido possui indiv\u00edduos qualificados para competir em qualquer posi\u00e7\u00e3o pol\u00edtica\u201d, explicou Jo\u00e3o.<\/p>\n<p>Ao refutar a chapa com PSB no governo e Senado, Jo\u00e3o agrada os atuais aliados e assegura a sua governabilidade. Nesta conta, est\u00e3o o PP e PSD, leia-se Aguinaldo e Daniella Ribeiro, que podem ganhar o comando do estado antecipadamente com a possibilidade dele sair candidato e automaticamente o vice Lucas Ribeiro assumir o governo.<\/p>\n<p>Agrada tamb\u00e9m outros aliados que sonham com a cadeira do Executivo para 2026, como o Republicanos, liderado pelo deputado federal Hugo Motta, que tem sido cotado para a majorit\u00e1ria. O presidente da Assembleia Legislativa, Adriano Galdino, tamb\u00e9m n\u00e3o esconde o desejo de ser indicado para a disputa.<\/p>\n<p>&nbsp;<\/p>\n","protected":false},"excerpt":{"rendered":"<p>O governador Jo\u00e3o Azev\u00eado (PSB) descartou hoje (10) a possibilidade de o PSB lan\u00e7ar candidato ao governo e se ele resolver se candidatar ao Senado em 2026.\u00a0\u201cEu estando como candidato a senador, n\u00e3o poder\u00e1 ter outro do PSB\u201d, disse, enfatizando que uma chapa puro-sangue n\u00e3o est\u00e1 nos planos da legenda. A declara\u00e7\u00e3o foi dada ao ser questionado pela imprensa sobre uma declara\u00e7\u00e3o do presidente do PSB de Jo\u00e3o Pessoa, Tib\u00e9rio Limeira, sobre uma poss\u00edvel candidatura majorit\u00e1ria do partido em 2026. Jo\u00e3o, inclusive, pontuou que a fala do auxiliar da sua gest\u00e3o teria sido mal interpretada. \u201cO questionamento dirigido ao entrevistado foi se o PSB estava preparado para lan\u00e7ar candidatos \u00e0 disputa pelo cargo de governador do Estado, ao que ele respondeu destacando que o partido possui indiv\u00edduos qualificados para competir em qualquer posi\u00e7\u00e3o pol\u00edtica\u201d, explicou Jo\u00e3o. Ao refutar a chapa com PSB no governo e Senado, Jo\u00e3o agrada os atuais aliados e assegura a sua governabilidade. Nesta conta, est\u00e3o o PP e PSD, leia-se Aguinaldo e Daniella Ribeiro, que podem ganhar o comando do estado antecipadamente com a possibilidade dele sair candidato e automaticamente o vice Lucas Ribeiro assumir o governo. Agrada tamb\u00e9m outros aliados que sonham com a cadeira do Executivo para 2026, como o Republicanos, liderado pelo deputado federal Hugo Motta, que tem sido cotado para a majorit\u00e1ria. O presidente da Assembleia Legislativa, Adriano Galdino, tamb\u00e9m n\u00e3o esconde o desejo de ser indicado para a disputa. &nbsp;<\/p>\n","protected":false},"author":2,"featured_media":50707,"comment_status":"closed","ping_status":"open","sticky":false,"template":"","format":"standard","meta":{"_eb_attr":"","_jetpack_memberships_contains_paid_content":false,"footnotes":""},"categories":[4],"tags":[],"class_list":["post-50706","post","type-post","status-publish","format-standard","has-post-thumbnail","hentry","category-politica"],"yoast_head":"<!-- This site is optimized with the Yoast SEO plugin v26.5 - https:\/\/yoast.com\/wordpress\/plugins\/seo\/ -->\n<title>Jo\u00e3o descarta chapa \u2018puro-sangue\u2019 do PSB se ele for candidato ao Senado - Not&iacute;cias em Destaque<\/title>\n<meta name=\"robots\" content=\"index, follow, max-snippet:-1, max-image-preview:large, max-video-preview:-1\" \/>\n<link rel=\"canonical\" href=\"https:\/\/noticiasemdestaque.com\/cd\/?p=50706\" \/>\n<meta property=\"og:locale\" content=\"pt_BR\" \/>\n<meta property=\"og:type\" content=\"article\" \/>\n<meta property=\"og:title\" content=\"Jo\u00e3o descarta chapa \u2018puro-sangue\u2019 do PSB se ele for candidato ao Senado - Not&iacute;cias em Destaque\" \/>\n<meta property=\"og:description\" content=\"O governador Jo\u00e3o Azev\u00eado (PSB) descartou hoje (10) a possibilidade de o PSB lan\u00e7ar candidato ao governo e se ele resolver se candidatar ao Senado em 2026.\u00a0\u201cEu estando como candidato a senador, n\u00e3o poder\u00e1 ter outro do PSB\u201d, disse, enfatizando que uma chapa puro-sangue n\u00e3o est\u00e1 nos planos da legenda. A declara\u00e7\u00e3o foi dada ao ser questionado pela imprensa sobre uma declara\u00e7\u00e3o do presidente do PSB de Jo\u00e3o Pessoa, Tib\u00e9rio Limeira, sobre uma poss\u00edvel candidatura majorit\u00e1ria do partido em 2026. Jo\u00e3o, inclusive, pontuou que a fala do auxiliar da sua gest\u00e3o teria sido mal interpretada. \u201cO questionamento dirigido ao entrevistado foi se o PSB estava preparado para lan\u00e7ar candidatos \u00e0 disputa pelo cargo de governador do Estado, ao que ele respondeu destacando que o partido possui indiv\u00edduos qualificados para competir em qualquer posi\u00e7\u00e3o pol\u00edtica\u201d, explicou Jo\u00e3o. Ao refutar a chapa com PSB no governo e Senado, Jo\u00e3o agrada os atuais aliados e assegura a sua governabilidade. Nesta conta, est\u00e3o o PP e PSD, leia-se Aguinaldo e Daniella Ribeiro, que podem ganhar o comando do estado antecipadamente com a possibilidade dele sair candidato e automaticamente o vice Lucas Ribeiro assumir o governo. Agrada tamb\u00e9m outros aliados que sonham com a cadeira do Executivo para 2026, como o Republicanos, liderado pelo deputado federal Hugo Motta, que tem sido cotado para a majorit\u00e1ria. O presidente da Assembleia Legislativa, Adriano Galdino, tamb\u00e9m n\u00e3o esconde o desejo de ser indicado para a disputa. &nbsp;\" \/>\n<meta property=\"og:url\" content=\"https:\/\/noticiasemdestaque.com\/cd\/?p=50706\" \/>\n<meta property=\"og:site_name\" content=\"Not&iacute;cias em Destaque\" \/>\n<meta property=\"article:published_time\" content=\"2023-08-11T11:22:35+00:00\" \/>\n<meta property=\"og:image\" content=\"https:\/\/noticiasemdestaque.com\/cd\/wp-content\/uploads\/2023\/08\/JOAO-AZEVEDO-REFORMA-TRIBUTARIA.jpg\" \/>\n\t<meta property=\"og:image:width\" content=\"1060\" \/>\n\t<meta property=\"og:image:height\" content=\"594\" \/>\n\t<meta property=\"og:image:type\" content=\"image\/jpeg\" \/>\n<meta name=\"author\" content=\"Not\u00edcias em Destaque\" \/>\n<meta name=\"twitter:card\" content=\"summary_large_image\" \/>\n<meta name=\"twitter:label1\" content=\"Escrito por\" \/>\n\t<meta name=\"twitter:data1\" content=\"Not\u00edcias em Destaque\" \/>\n\t<meta name=\"twitter:label2\" content=\"Est. tempo de leitura\" \/>\n\t<meta name=\"twitter:data2\" content=\"2 minutos\" \/>\n<script type=\"application\/ld+json\" class=\"yoast-schema-graph\">{\"@context\":\"https:\/\/schema.org\",\"@graph\":[{\"@type\":\"Article\",\"@id\":\"https:\/\/noticiasemdestaque.com\/cd\/?p=50706#article\",\"isPartOf\":{\"@id\":\"https:\/\/noticiasemdestaque.com\/cd\/?p=50706\"},\"author\":{\"name\":\"Not\u00edcias em Destaque\",\"@id\":\"https:\/\/noticiasemdestaque.com\/cd\/#\/schema\/person\/21320b03a7e8bb90128938dafc9b908a\"},\"headline\":\"Jo\u00e3o descarta chapa \u2018puro-sangue\u2019 do PSB se ele for candidato ao Senado\",\"datePublished\":\"2023-08-11T11:22:35+00:00\",\"mainEntityOfPage\":{\"@id\":\"https:\/\/noticiasemdestaque.com\/cd\/?p=50706\"},\"wordCount\":272,\"publisher\":{\"@id\":\"https:\/\/noticiasemdestaque.com\/cd\/#organization\"},\"image\":{\"@id\":\"https:\/\/noticiasemdestaque.com\/cd\/?p=50706#primaryimage\"},\"thumbnailUrl\":\"https:\/\/noticiasemdestaque.com\/cd\/wp-content\/uploads\/2023\/08\/JOAO-AZEVEDO-REFORMA-TRIBUTARIA.jpg\",\"articleSection\":[\"Pol\u00edtica\"],\"inLanguage\":\"pt-BR\"},{\"@type\":\"WebPage\",\"@id\":\"https:\/\/noticiasemdestaque.com\/cd\/?p=50706\",\"url\":\"https:\/\/noticiasemdestaque.com\/cd\/?p=50706\",\"name\":\"Jo\u00e3o descarta chapa \u2018puro-sangue\u2019 do PSB se ele for candidato ao Senado - Not&iacute;cias em Destaque\",\"isPartOf\":{\"@id\":\"https:\/\/noticiasemdestaque.com\/cd\/#website\"},\"primaryImageOfPage\":{\"@id\":\"https:\/\/noticiasemdestaque.com\/cd\/?p=50706#primaryimage\"},\"image\":{\"@id\":\"https:\/\/noticiasemdestaque.com\/cd\/?p=50706#primaryimage\"},\"thumbnailUrl\":\"https:\/\/noticiasemdestaque.com\/cd\/wp-content\/uploads\/2023\/08\/JOAO-AZEVEDO-REFORMA-TRIBUTARIA.jpg\",\"datePublished\":\"2023-08-11T11:22:35+00:00\",\"breadcrumb\":{\"@id\":\"https:\/\/noticiasemdestaque.com\/cd\/?p=50706#breadcrumb\"},\"inLanguage\":\"pt-BR\",\"potentialAction\":[{\"@type\":\"ReadAction\",\"target\":[\"https:\/\/noticiasemdestaque.com\/cd\/?p=50706\"]}]},{\"@type\":\"ImageObject\",\"inLanguage\":\"pt-BR\",\"@id\":\"https:\/\/noticiasemdestaque.com\/cd\/?p=50706#primaryimage\",\"url\":\"https:\/\/noticiasemdestaque.com\/cd\/wp-content\/uploads\/2023\/08\/JOAO-AZEVEDO-REFORMA-TRIBUTARIA.jpg\",\"contentUrl\":\"https:\/\/noticiasemdestaque.com\/cd\/wp-content\/uploads\/2023\/08\/JOAO-AZEVEDO-REFORMA-TRIBUTARIA.jpg\",\"width\":1060,\"height\":594},{\"@type\":\"BreadcrumbList\",\"@id\":\"https:\/\/noticiasemdestaque.com\/cd\/?p=50706#breadcrumb\",\"itemListElement\":[{\"@type\":\"ListItem\",\"position\":1,\"name\":\"In\u00edcio\",\"item\":\"https:\/\/noticiasemdestaque.com\/cd\/\"},{\"@type\":\"ListItem\",\"position\":2,\"name\":\"Jo\u00e3o descarta chapa \u2018puro-sangue\u2019 do PSB se ele for candidato ao Senado\"}]},{\"@type\":\"WebSite\",\"@id\":\"https:\/\/noticiasemdestaque.com\/cd\/#website\",\"url\":\"https:\/\/noticiasemdestaque.com\/cd\/\",\"name\":\"Not&iacute;cias em Destaque\",\"description\":\"\",\"publisher\":{\"@id\":\"https:\/\/noticiasemdestaque.com\/cd\/#organization\"},\"potentialAction\":[{\"@type\":\"SearchAction\",\"target\":{\"@type\":\"EntryPoint\",\"urlTemplate\":\"https:\/\/noticiasemdestaque.com\/cd\/?s={search_term_string}\"},\"query-input\":{\"@type\":\"PropertyValueSpecification\",\"valueRequired\":true,\"valueName\":\"search_term_string\"}}],\"inLanguage\":\"pt-BR\"},{\"@type\":\"Organization\",\"@id\":\"https:\/\/noticiasemdestaque.com\/cd\/#organization\",\"name\":\"Not\u00edcias em Destaque\",\"url\":\"https:\/\/noticiasemdestaque.com\/cd\/\",\"logo\":{\"@type\":\"ImageObject\",\"inLanguage\":\"pt-BR\",\"@id\":\"https:\/\/noticiasemdestaque.com\/cd\/#\/schema\/logo\/image\/\",\"url\":\"https:\/\/noticiasemdestaque.com\/cd\/wp-content\/uploads\/2022\/05\/imagem-base-noticiasemdestaque.png\",\"contentUrl\":\"https:\/\/noticiasemdestaque.com\/cd\/wp-content\/uploads\/2022\/05\/imagem-base-noticiasemdestaque.png\",\"width\":1200,\"height\":630,\"caption\":\"Not\u00edcias em Destaque\"},\"image\":{\"@id\":\"https:\/\/noticiasemdestaque.com\/cd\/#\/schema\/logo\/image\/\"}},{\"@type\":\"Person\",\"@id\":\"https:\/\/noticiasemdestaque.com\/cd\/#\/schema\/person\/21320b03a7e8bb90128938dafc9b908a\",\"name\":\"Not\u00edcias em Destaque\",\"url\":\"https:\/\/noticiasemdestaque.com\/cd\/?author=2\"}]}<\/script>\n<!-- \/ Yoast SEO plugin. -->","yoast_head_json":{"title":"Jo\u00e3o descarta chapa \u2018puro-sangue\u2019 do PSB se ele for candidato ao Senado - Not&iacute;cias em Destaque","robots":{"index":"index","follow":"follow","max-snippet":"max-snippet:-1","max-image-preview":"max-image-preview:large","max-video-preview":"max-video-preview:-1"},"canonical":"https:\/\/noticiasemdestaque.com\/cd\/?p=50706","og_locale":"pt_BR","og_type":"article","og_title":"Jo\u00e3o descarta chapa \u2018puro-sangue\u2019 do PSB se ele for candidato ao Senado - Not&iacute;cias em Destaque","og_description":"O governador Jo\u00e3o Azev\u00eado (PSB) descartou hoje (10) a possibilidade de o PSB lan\u00e7ar candidato ao governo e se ele resolver se candidatar ao Senado em 2026.\u00a0\u201cEu estando como candidato a senador, n\u00e3o poder\u00e1 ter outro do PSB\u201d, disse, enfatizando que uma chapa puro-sangue n\u00e3o est\u00e1 nos planos da legenda. A declara\u00e7\u00e3o foi dada ao ser questionado pela imprensa sobre uma declara\u00e7\u00e3o do presidente do PSB de Jo\u00e3o Pessoa, Tib\u00e9rio Limeira, sobre uma poss\u00edvel candidatura majorit\u00e1ria do partido em 2026. Jo\u00e3o, inclusive, pontuou que a fala do auxiliar da sua gest\u00e3o teria sido mal interpretada. \u201cO questionamento dirigido ao entrevistado foi se o PSB estava preparado para lan\u00e7ar candidatos \u00e0 disputa pelo cargo de governador do Estado, ao que ele respondeu destacando que o partido possui indiv\u00edduos qualificados para competir em qualquer posi\u00e7\u00e3o pol\u00edtica\u201d, explicou Jo\u00e3o. Ao refutar a chapa com PSB no governo e Senado, Jo\u00e3o agrada os atuais aliados e assegura a sua governabilidade. Nesta conta, est\u00e3o o PP e PSD, leia-se Aguinaldo e Daniella Ribeiro, que podem ganhar o comando do estado antecipadamente com a possibilidade dele sair candidato e automaticamente o vice Lucas Ribeiro assumir o governo. Agrada tamb\u00e9m outros aliados que sonham com a cadeira do Executivo para 2026, como o Republicanos, liderado pelo deputado federal Hugo Motta, que tem sido cotado para a majorit\u00e1ria. O presidente da Assembleia Legislativa, Adriano Galdino, tamb\u00e9m n\u00e3o esconde o desejo de ser indicado para a disputa. &nbsp;","og_url":"https:\/\/noticiasemdestaque.com\/cd\/?p=50706","og_site_name":"Not&iacute;cias em Destaque","article_published_time":"2023-08-11T11:22:35+00:00","og_image":[{"width":1060,"height":594,"url":"https:\/\/noticiasemdestaque.com\/cd\/wp-content\/uploads\/2023\/08\/JOAO-AZEVEDO-REFORMA-TRIBUTARIA.jpg","type":"image\/jpeg"}],"author":"Not\u00edcias em Destaque","twitter_card":"summary_large_image","twitter_misc":{"Escrito por":"Not\u00edcias em Destaque","Est. tempo de leitura":"2 minutos"},"schema":{"@context":"https:\/\/schema.org","@graph":[{"@type":"Article","@id":"https:\/\/noticiasemdestaque.com\/cd\/?p=50706#article","isPartOf":{"@id":"https:\/\/noticiasemdestaque.com\/cd\/?p=50706"},"author":{"name":"Not\u00edcias em Destaque","@id":"https:\/\/noticiasemdestaque.com\/cd\/#\/schema\/person\/21320b03a7e8bb90128938dafc9b908a"},"headline":"Jo\u00e3o descarta chapa \u2018puro-sangue\u2019 do PSB se ele for candidato ao Senado","datePublished":"2023-08-11T11:22:35+00:00","mainEntityOfPage":{"@id":"https:\/\/noticiasemdestaque.com\/cd\/?p=50706"},"wordCount":272,"publisher":{"@id":"https:\/\/noticiasemdestaque.com\/cd\/#organization"},"image":{"@id":"https:\/\/noticiasemdestaque.com\/cd\/?p=50706#primaryimage"},"thumbnailUrl":"https:\/\/noticiasemdestaque.com\/cd\/wp-content\/uploads\/2023\/08\/JOAO-AZEVEDO-REFORMA-TRIBUTARIA.jpg","articleSection":["Pol\u00edtica"],"inLanguage":"pt-BR"},{"@type":"WebPage","@id":"https:\/\/noticiasemdestaque.com\/cd\/?p=50706","url":"https:\/\/noticiasemdestaque.com\/cd\/?p=50706","name":"Jo\u00e3o descarta chapa \u2018puro-sangue\u2019 do PSB se ele for candidato ao Senado - Not&iacute;cias em Destaque","isPartOf":{"@id":"https:\/\/noticiasemdestaque.com\/cd\/#website"},"primaryImageOfPage":{"@id":"https:\/\/noticiasemdestaque.com\/cd\/?p=50706#primaryimage"},"image":{"@id":"https:\/\/noticiasemdestaque.com\/cd\/?p=50706#primaryimage"},"thumbnailUrl":"https:\/\/noticiasemdestaque.com\/cd\/wp-content\/uploads\/2023\/08\/JOAO-AZEVEDO-REFORMA-TRIBUTARIA.jpg","datePublished":"2023-08-11T11:22:35+00:00","breadcrumb":{"@id":"https:\/\/noticiasemdestaque.com\/cd\/?p=50706#breadcrumb"},"inLanguage":"pt-BR","potentialAction":[{"@type":"ReadAction","target":["https:\/\/noticiasemdestaque.com\/cd\/?p=50706"]}]},{"@type":"ImageObject","inLanguage":"pt-BR","@id":"https:\/\/noticiasemdestaque.com\/cd\/?p=50706#primaryimage","url":"https:\/\/noticiasemdestaque.com\/cd\/wp-content\/uploads\/2023\/08\/JOAO-AZEVEDO-REFORMA-TRIBUTARIA.jpg","contentUrl":"https:\/\/noticiasemdestaque.com\/cd\/wp-content\/uploads\/2023\/08\/JOAO-AZEVEDO-REFORMA-TRIBUTARIA.jpg","width":1060,"height":594},{"@type":"BreadcrumbList","@id":"https:\/\/noticiasemdestaque.com\/cd\/?p=50706#breadcrumb","itemListElement":[{"@type":"ListItem","position":1,"name":"In\u00edcio","item":"https:\/\/noticiasemdestaque.com\/cd\/"},{"@type":"ListItem","position":2,"name":"Jo\u00e3o descarta chapa \u2018puro-sangue\u2019 do PSB se ele for candidato ao Senado"}]},{"@type":"WebSite","@id":"https:\/\/noticiasemdestaque.com\/cd\/#website","url":"https:\/\/noticiasemdestaque.com\/cd\/","name":"Not&iacute;cias em Destaque","description":"","publisher":{"@id":"https:\/\/noticiasemdestaque.com\/cd\/#organization"},"potentialAction":[{"@type":"SearchAction","target":{"@type":"EntryPoint","urlTemplate":"https:\/\/noticiasemdestaque.com\/cd\/?s={search_term_string}"},"query-input":{"@type":"PropertyValueSpecification","valueRequired":true,"valueName":"search_term_string"}}],"inLanguage":"pt-BR"},{"@type":"Organization","@id":"https:\/\/noticiasemdestaque.com\/cd\/#organization","name":"Not\u00edcias em Destaque","url":"https:\/\/noticiasemdestaque.com\/cd\/","logo":{"@type":"ImageObject","inLanguage":"pt-BR","@id":"https:\/\/noticiasemdestaque.com\/cd\/#\/schema\/logo\/image\/","url":"https:\/\/noticiasemdestaque.com\/cd\/wp-content\/uploads\/2022\/05\/imagem-base-noticiasemdestaque.png","contentUrl":"https:\/\/noticiasemdestaque.com\/cd\/wp-content\/uploads\/2022\/05\/imagem-base-noticiasemdestaque.png","width":1200,"height":630,"caption":"Not\u00edcias em Destaque"},"image":{"@id":"https:\/\/noticiasemdestaque.com\/cd\/#\/schema\/logo\/image\/"}},{"@type":"Person","@id":"https:\/\/noticiasemdestaque.com\/cd\/#\/schema\/person\/21320b03a7e8bb90128938dafc9b908a","name":"Not\u00edcias em Destaque","url":"https:\/\/noticiasemdestaque.com\/cd\/?author=2"}]}},"jetpack_featured_media_url":"https:\/\/noticiasemdestaque.com\/cd\/wp-content\/uploads\/2023\/08\/JOAO-AZEVEDO-REFORMA-TRIBUTARIA.jpg","jetpack_sharing_enabled":true,"_links":{"self":[{"href":"https:\/\/noticiasemdestaque.com\/cd\/index.php?rest_route=\/wp\/v2\/posts\/50706","targetHints":{"allow":["GET"]}}],"collection":[{"href":"https:\/\/noticiasemdestaque.com\/cd\/index.php?rest_route=\/wp\/v2\/posts"}],"about":[{"href":"https:\/\/noticiasemdestaque.com\/cd\/index.php?rest_route=\/wp\/v2\/types\/post"}],"author":[{"embeddable":true,"href":"https:\/\/noticiasemdestaque.com\/cd\/index.php?rest_route=\/wp\/v2\/users\/2"}],"replies":[{"embeddable":true,"href":"https:\/\/noticiasemdestaque.com\/cd\/index.php?rest_route=%2Fwp%2Fv2%2Fcomments&post=50706"}],"version-history":[{"count":2,"href":"https:\/\/noticiasemdestaque.com\/cd\/index.php?rest_route=\/wp\/v2\/posts\/50706\/revisions"}],"predecessor-version":[{"id":50709,"href":"https:\/\/noticiasemdestaque.com\/cd\/index.php?rest_route=\/wp\/v2\/posts\/50706\/revisions\/50709"}],"wp:featuredmedia":[{"embeddable":true,"href":"https:\/\/noticiasemdestaque.com\/cd\/index.php?rest_route=\/wp\/v2\/media\/50707"}],"wp:attachment":[{"href":"https:\/\/noticiasemdestaque.com\/cd\/index.php?rest_route=%2Fwp%2Fv2%2Fmedia&parent=50706"}],"wp:term":[{"taxonomy":"category","embeddable":true,"href":"https:\/\/noticiasemdestaque.com\/cd\/index.php?rest_route=%2Fwp%2Fv2%2Fcategories&post=50706"},{"taxonomy":"post_tag","embeddable":true,"href":"https:\/\/noticiasemdestaque.com\/cd\/index.php?rest_route=%2Fwp%2Fv2%2Ftags&post=50706"}],"curies":[{"name":"wp","href":"https:\/\/api.w.org\/{rel}","templated":true}]}}