{"id":50703,"date":"2023-08-11T08:21:24","date_gmt":"2023-08-11T11:21:24","guid":{"rendered":"https:\/\/noticiasemdestaque.com\/cd\/?p=50703"},"modified":"2023-08-11T08:21:24","modified_gmt":"2023-08-11T11:21:24","slug":"confira-quais-sao-as-12-obras-da-paraiba-que-podem-entrar-no-novo-pac-de-lula-lancamento-sera-sexta-feira","status":"publish","type":"post","link":"https:\/\/noticiasemdestaque.com\/cd\/?p=50703","title":{"rendered":"Confira quais s\u00e3o as 12 obras da Para\u00edba que podem entrar no novo PAC de Lula; lan\u00e7amento ser\u00e1 sexta-feira"},"content":{"rendered":"<p><a href=\"https:\/\/noticiasemdestaque.com\/cd\/wp-content\/uploads\/2023\/08\/CANAL-ACAUA-ARACAGI-FOTOS-ZE-MARQUES85.jpg\"><img fetchpriority=\"high\" decoding=\"async\" class=\"size-medium wp-image-50704 aligncenter\" src=\"https:\/\/noticiasemdestaque.com\/cd\/wp-content\/uploads\/2023\/08\/CANAL-ACAUA-ARACAGI-FOTOS-ZE-MARQUES85-300x199.jpg\" alt=\"\" width=\"300\" height=\"199\" srcset=\"https:\/\/noticiasemdestaque.com\/cd\/wp-content\/uploads\/2023\/08\/CANAL-ACAUA-ARACAGI-FOTOS-ZE-MARQUES85-300x199.jpg 300w, https:\/\/noticiasemdestaque.com\/cd\/wp-content\/uploads\/2023\/08\/CANAL-ACAUA-ARACAGI-FOTOS-ZE-MARQUES85-18x12.jpg 18w, https:\/\/noticiasemdestaque.com\/cd\/wp-content\/uploads\/2023\/08\/CANAL-ACAUA-ARACAGI-FOTOS-ZE-MARQUES85.jpg 620w\" sizes=\"(max-width: 300px) 100vw, 300px\" \/><\/a><\/p>\n<p>A Para\u00edba tem 12 obras pleiteadas para inclus\u00e3o no novo Plano de Acelera\u00e7\u00e3o do Crescimento \u2013 PAC \u2013 do governo Lula. O lan\u00e7amento ser\u00e1 na pr\u00f3xima sexta-feira (11), no Rio de Janeiro, onde ser\u00e3o apresentadas as obras escolhidas de todos os estados.<\/p>\n<p>O governador Jo\u00e3o Azev\u00eado (PSB) e outros governadores do pa\u00eds v\u00e3o participar da cerim\u00f4nia, no Theatro Municipal, a partir das 10h.<\/p>\n<p>A lista de obras da Para\u00edba foi apresentada por Azev\u00eado nos primeiros meses do governo, no in\u00edcio do ano, e totalizam recursos de R$ 2,6 bilh\u00f5es.\u00a0De acordo com o governo na lista est\u00e3o:<\/p>\n<ol>\n<li>constru\u00e7\u00e3o do Hospital de Cl\u00ednicas e Traumatologia do Sert\u00e3o;<\/li>\n<li>sistema adutor do Brejo, que ir\u00e1 atender aos munic\u00edpios de Esperan\u00e7a, Rem\u00edgio, Arara, Casserengue, Sol\u00e2nea e Bananeiras;<\/li>\n<li>segunda etapa do sistema adutor TransPara\u00edba \u2013 Ramal Curimata\u00fa;<\/li>\n<li>barragem Cupissura para abastecer a Regi\u00e3o Metropolitana de Jo\u00e3o Pessoa<\/li>\n<li>3\u00aa adutora de \u00e1gua bruta e amplia\u00e7\u00e3o da Esta\u00e7\u00e3o de Tratamento de \u00c1gua de Campina Grande<\/li>\n<li>conclus\u00e3o do canal Acau\u00e3-Ara\u00e7agi<\/li>\n<li>terceiro eixo da Transposi\u00e7\u00e3o do S\u00e3o Francisco, o Ramal Pianc\u00f3;<\/li>\n<li>constru\u00e7\u00e3o de cinco barragens nas regi\u00f5es do Sert\u00e3o e do Cariri<\/li>\n<li>continuidade das obras de triplica\u00e7\u00e3o da BR-230 entre Cabedelo e Oitizeiro;<\/li>\n<li>duplica\u00e7\u00e3o da BR-230 de Campina Grande \u00e0 Pra\u00e7a do Meio do Mundo;<\/li>\n<li>duplica\u00e7\u00e3o da BR-230, da Farinha a Cajazeiras;<\/li>\n<li>constru\u00e7\u00e3o do Arco Metropolitano de Jo\u00e3o Pessoa.<\/li>\n<\/ol>\n<p>Fonte: Jornal da Para\u00edba<\/p>\n","protected":false},"excerpt":{"rendered":"<p>A Para\u00edba tem 12 obras pleiteadas para inclus\u00e3o no novo Plano de Acelera\u00e7\u00e3o do Crescimento \u2013 PAC \u2013 do governo Lula. O lan\u00e7amento ser\u00e1 na pr\u00f3xima sexta-feira (11), no Rio de Janeiro, onde ser\u00e3o apresentadas as obras escolhidas de todos os estados. O governador Jo\u00e3o Azev\u00eado (PSB) e outros governadores do pa\u00eds v\u00e3o participar da cerim\u00f4nia, no Theatro Municipal, a partir das 10h. A lista de obras da Para\u00edba foi apresentada por Azev\u00eado nos primeiros meses do governo, no in\u00edcio do ano, e totalizam recursos de R$ 2,6 bilh\u00f5es.\u00a0De acordo com o governo na lista est\u00e3o: constru\u00e7\u00e3o do Hospital de Cl\u00ednicas e Traumatologia do Sert\u00e3o; sistema adutor do Brejo, que ir\u00e1 atender aos munic\u00edpios de Esperan\u00e7a, Rem\u00edgio, Arara, Casserengue, Sol\u00e2nea e Bananeiras; segunda etapa do sistema adutor TransPara\u00edba \u2013 Ramal Curimata\u00fa; barragem Cupissura para abastecer a Regi\u00e3o Metropolitana de Jo\u00e3o Pessoa 3\u00aa adutora de \u00e1gua bruta e amplia\u00e7\u00e3o da Esta\u00e7\u00e3o de Tratamento de \u00c1gua de Campina Grande conclus\u00e3o do canal Acau\u00e3-Ara\u00e7agi terceiro eixo da Transposi\u00e7\u00e3o do S\u00e3o Francisco, o Ramal Pianc\u00f3; constru\u00e7\u00e3o de cinco barragens nas regi\u00f5es do Sert\u00e3o e do Cariri continuidade das obras de triplica\u00e7\u00e3o da BR-230 entre Cabedelo e Oitizeiro; duplica\u00e7\u00e3o da BR-230 de Campina Grande \u00e0 Pra\u00e7a do Meio do Mundo; duplica\u00e7\u00e3o da BR-230, da Farinha a Cajazeiras; constru\u00e7\u00e3o do Arco Metropolitano de Jo\u00e3o Pessoa. Fonte: Jornal da Para\u00edba<\/p>\n","protected":false},"author":2,"featured_media":50704,"comment_status":"closed","ping_status":"open","sticky":false,"template":"","format":"standard","meta":{"_eb_attr":"","_jetpack_memberships_contains_paid_content":false,"footnotes":""},"categories":[12],"tags":[],"class_list":["post-50703","post","type-post","status-publish","format-standard","has-post-thumbnail","hentry","category-geral"],"yoast_head":"<!-- This site is optimized with the Yoast SEO plugin v26.5 - https:\/\/yoast.com\/wordpress\/plugins\/seo\/ -->\n<title>Confira quais s\u00e3o as 12 obras da Para\u00edba que podem entrar no novo PAC de Lula; lan\u00e7amento ser\u00e1 sexta-feira - Not&iacute;cias em Destaque<\/title>\n<meta name=\"robots\" content=\"index, follow, max-snippet:-1, max-image-preview:large, max-video-preview:-1\" \/>\n<link rel=\"canonical\" href=\"https:\/\/noticiasemdestaque.com\/cd\/?p=50703\" \/>\n<meta property=\"og:locale\" content=\"pt_BR\" \/>\n<meta property=\"og:type\" content=\"article\" \/>\n<meta property=\"og:title\" content=\"Confira quais s\u00e3o as 12 obras da Para\u00edba que podem entrar no novo PAC de Lula; lan\u00e7amento ser\u00e1 sexta-feira - Not&iacute;cias em Destaque\" \/>\n<meta property=\"og:description\" content=\"A Para\u00edba tem 12 obras pleiteadas para inclus\u00e3o no novo Plano de Acelera\u00e7\u00e3o do Crescimento \u2013 PAC \u2013 do governo Lula. O lan\u00e7amento ser\u00e1 na pr\u00f3xima sexta-feira (11), no Rio de Janeiro, onde ser\u00e3o apresentadas as obras escolhidas de todos os estados. O governador Jo\u00e3o Azev\u00eado (PSB) e outros governadores do pa\u00eds v\u00e3o participar da cerim\u00f4nia, no Theatro Municipal, a partir das 10h. A lista de obras da Para\u00edba foi apresentada por Azev\u00eado nos primeiros meses do governo, no in\u00edcio do ano, e totalizam recursos de R$ 2,6 bilh\u00f5es.\u00a0De acordo com o governo na lista est\u00e3o: constru\u00e7\u00e3o do Hospital de Cl\u00ednicas e Traumatologia do Sert\u00e3o; sistema adutor do Brejo, que ir\u00e1 atender aos munic\u00edpios de Esperan\u00e7a, Rem\u00edgio, Arara, Casserengue, Sol\u00e2nea e Bananeiras; segunda etapa do sistema adutor TransPara\u00edba \u2013 Ramal Curimata\u00fa; barragem Cupissura para abastecer a Regi\u00e3o Metropolitana de Jo\u00e3o Pessoa 3\u00aa adutora de \u00e1gua bruta e amplia\u00e7\u00e3o da Esta\u00e7\u00e3o de Tratamento de \u00c1gua de Campina Grande conclus\u00e3o do canal Acau\u00e3-Ara\u00e7agi terceiro eixo da Transposi\u00e7\u00e3o do S\u00e3o Francisco, o Ramal Pianc\u00f3; constru\u00e7\u00e3o de cinco barragens nas regi\u00f5es do Sert\u00e3o e do Cariri continuidade das obras de triplica\u00e7\u00e3o da BR-230 entre Cabedelo e Oitizeiro; duplica\u00e7\u00e3o da BR-230 de Campina Grande \u00e0 Pra\u00e7a do Meio do Mundo; duplica\u00e7\u00e3o da BR-230, da Farinha a Cajazeiras; constru\u00e7\u00e3o do Arco Metropolitano de Jo\u00e3o Pessoa. Fonte: Jornal da Para\u00edba\" \/>\n<meta property=\"og:url\" content=\"https:\/\/noticiasemdestaque.com\/cd\/?p=50703\" \/>\n<meta property=\"og:site_name\" content=\"Not&iacute;cias em Destaque\" \/>\n<meta property=\"article:published_time\" content=\"2023-08-11T11:21:24+00:00\" \/>\n<meta property=\"og:image\" content=\"https:\/\/noticiasemdestaque.com\/cd\/wp-content\/uploads\/2023\/08\/CANAL-ACAUA-ARACAGI-FOTOS-ZE-MARQUES85.jpg\" \/>\n\t<meta property=\"og:image:width\" content=\"620\" \/>\n\t<meta property=\"og:image:height\" content=\"412\" \/>\n\t<meta property=\"og:image:type\" content=\"image\/jpeg\" \/>\n<meta name=\"author\" content=\"Not\u00edcias em Destaque\" \/>\n<meta name=\"twitter:card\" content=\"summary_large_image\" \/>\n<meta name=\"twitter:label1\" content=\"Escrito por\" \/>\n\t<meta name=\"twitter:data1\" content=\"Not\u00edcias em Destaque\" \/>\n\t<meta name=\"twitter:label2\" content=\"Est. tempo de leitura\" \/>\n\t<meta name=\"twitter:data2\" content=\"2 minutos\" \/>\n<script type=\"application\/ld+json\" class=\"yoast-schema-graph\">{\"@context\":\"https:\/\/schema.org\",\"@graph\":[{\"@type\":\"Article\",\"@id\":\"https:\/\/noticiasemdestaque.com\/cd\/?p=50703#article\",\"isPartOf\":{\"@id\":\"https:\/\/noticiasemdestaque.com\/cd\/?p=50703\"},\"author\":{\"name\":\"Not\u00edcias em Destaque\",\"@id\":\"https:\/\/noticiasemdestaque.com\/cd\/#\/schema\/person\/21320b03a7e8bb90128938dafc9b908a\"},\"headline\":\"Confira quais s\u00e3o as 12 obras da Para\u00edba que podem entrar no novo PAC de Lula; lan\u00e7amento ser\u00e1 sexta-feira\",\"datePublished\":\"2023-08-11T11:21:24+00:00\",\"mainEntityOfPage\":{\"@id\":\"https:\/\/noticiasemdestaque.com\/cd\/?p=50703\"},\"wordCount\":280,\"publisher\":{\"@id\":\"https:\/\/noticiasemdestaque.com\/cd\/#organization\"},\"image\":{\"@id\":\"https:\/\/noticiasemdestaque.com\/cd\/?p=50703#primaryimage\"},\"thumbnailUrl\":\"https:\/\/noticiasemdestaque.com\/cd\/wp-content\/uploads\/2023\/08\/CANAL-ACAUA-ARACAGI-FOTOS-ZE-MARQUES85.jpg\",\"articleSection\":[\"Geral\"],\"inLanguage\":\"pt-BR\"},{\"@type\":\"WebPage\",\"@id\":\"https:\/\/noticiasemdestaque.com\/cd\/?p=50703\",\"url\":\"https:\/\/noticiasemdestaque.com\/cd\/?p=50703\",\"name\":\"Confira quais s\u00e3o as 12 obras da Para\u00edba que podem entrar no novo PAC de Lula; lan\u00e7amento ser\u00e1 sexta-feira - Not&iacute;cias em Destaque\",\"isPartOf\":{\"@id\":\"https:\/\/noticiasemdestaque.com\/cd\/#website\"},\"primaryImageOfPage\":{\"@id\":\"https:\/\/noticiasemdestaque.com\/cd\/?p=50703#primaryimage\"},\"image\":{\"@id\":\"https:\/\/noticiasemdestaque.com\/cd\/?p=50703#primaryimage\"},\"thumbnailUrl\":\"https:\/\/noticiasemdestaque.com\/cd\/wp-content\/uploads\/2023\/08\/CANAL-ACAUA-ARACAGI-FOTOS-ZE-MARQUES85.jpg\",\"datePublished\":\"2023-08-11T11:21:24+00:00\",\"breadcrumb\":{\"@id\":\"https:\/\/noticiasemdestaque.com\/cd\/?p=50703#breadcrumb\"},\"inLanguage\":\"pt-BR\",\"potentialAction\":[{\"@type\":\"ReadAction\",\"target\":[\"https:\/\/noticiasemdestaque.com\/cd\/?p=50703\"]}]},{\"@type\":\"ImageObject\",\"inLanguage\":\"pt-BR\",\"@id\":\"https:\/\/noticiasemdestaque.com\/cd\/?p=50703#primaryimage\",\"url\":\"https:\/\/noticiasemdestaque.com\/cd\/wp-content\/uploads\/2023\/08\/CANAL-ACAUA-ARACAGI-FOTOS-ZE-MARQUES85.jpg\",\"contentUrl\":\"https:\/\/noticiasemdestaque.com\/cd\/wp-content\/uploads\/2023\/08\/CANAL-ACAUA-ARACAGI-FOTOS-ZE-MARQUES85.jpg\",\"width\":620,\"height\":412},{\"@type\":\"BreadcrumbList\",\"@id\":\"https:\/\/noticiasemdestaque.com\/cd\/?p=50703#breadcrumb\",\"itemListElement\":[{\"@type\":\"ListItem\",\"position\":1,\"name\":\"In\u00edcio\",\"item\":\"https:\/\/noticiasemdestaque.com\/cd\/\"},{\"@type\":\"ListItem\",\"position\":2,\"name\":\"Confira quais s\u00e3o as 12 obras da Para\u00edba que podem entrar no novo PAC de Lula; lan\u00e7amento ser\u00e1 sexta-feira\"}]},{\"@type\":\"WebSite\",\"@id\":\"https:\/\/noticiasemdestaque.com\/cd\/#website\",\"url\":\"https:\/\/noticiasemdestaque.com\/cd\/\",\"name\":\"Not&iacute;cias em Destaque\",\"description\":\"\",\"publisher\":{\"@id\":\"https:\/\/noticiasemdestaque.com\/cd\/#organization\"},\"potentialAction\":[{\"@type\":\"SearchAction\",\"target\":{\"@type\":\"EntryPoint\",\"urlTemplate\":\"https:\/\/noticiasemdestaque.com\/cd\/?s={search_term_string}\"},\"query-input\":{\"@type\":\"PropertyValueSpecification\",\"valueRequired\":true,\"valueName\":\"search_term_string\"}}],\"inLanguage\":\"pt-BR\"},{\"@type\":\"Organization\",\"@id\":\"https:\/\/noticiasemdestaque.com\/cd\/#organization\",\"name\":\"Not\u00edcias em Destaque\",\"url\":\"https:\/\/noticiasemdestaque.com\/cd\/\",\"logo\":{\"@type\":\"ImageObject\",\"inLanguage\":\"pt-BR\",\"@id\":\"https:\/\/noticiasemdestaque.com\/cd\/#\/schema\/logo\/image\/\",\"url\":\"https:\/\/noticiasemdestaque.com\/cd\/wp-content\/uploads\/2022\/05\/imagem-base-noticiasemdestaque.png\",\"contentUrl\":\"https:\/\/noticiasemdestaque.com\/cd\/wp-content\/uploads\/2022\/05\/imagem-base-noticiasemdestaque.png\",\"width\":1200,\"height\":630,\"caption\":\"Not\u00edcias em Destaque\"},\"image\":{\"@id\":\"https:\/\/noticiasemdestaque.com\/cd\/#\/schema\/logo\/image\/\"}},{\"@type\":\"Person\",\"@id\":\"https:\/\/noticiasemdestaque.com\/cd\/#\/schema\/person\/21320b03a7e8bb90128938dafc9b908a\",\"name\":\"Not\u00edcias em Destaque\",\"url\":\"https:\/\/noticiasemdestaque.com\/cd\/?author=2\"}]}<\/script>\n<!-- \/ Yoast SEO plugin. -->","yoast_head_json":{"title":"Confira quais s\u00e3o as 12 obras da Para\u00edba que podem entrar no novo PAC de Lula; lan\u00e7amento ser\u00e1 sexta-feira - Not&iacute;cias em Destaque","robots":{"index":"index","follow":"follow","max-snippet":"max-snippet:-1","max-image-preview":"max-image-preview:large","max-video-preview":"max-video-preview:-1"},"canonical":"https:\/\/noticiasemdestaque.com\/cd\/?p=50703","og_locale":"pt_BR","og_type":"article","og_title":"Confira quais s\u00e3o as 12 obras da Para\u00edba que podem entrar no novo PAC de Lula; lan\u00e7amento ser\u00e1 sexta-feira - Not&iacute;cias em Destaque","og_description":"A Para\u00edba tem 12 obras pleiteadas para inclus\u00e3o no novo Plano de Acelera\u00e7\u00e3o do Crescimento \u2013 PAC \u2013 do governo Lula. O lan\u00e7amento ser\u00e1 na pr\u00f3xima sexta-feira (11), no Rio de Janeiro, onde ser\u00e3o apresentadas as obras escolhidas de todos os estados. O governador Jo\u00e3o Azev\u00eado (PSB) e outros governadores do pa\u00eds v\u00e3o participar da cerim\u00f4nia, no Theatro Municipal, a partir das 10h. A lista de obras da Para\u00edba foi apresentada por Azev\u00eado nos primeiros meses do governo, no in\u00edcio do ano, e totalizam recursos de R$ 2,6 bilh\u00f5es.\u00a0De acordo com o governo na lista est\u00e3o: constru\u00e7\u00e3o do Hospital de Cl\u00ednicas e Traumatologia do Sert\u00e3o; sistema adutor do Brejo, que ir\u00e1 atender aos munic\u00edpios de Esperan\u00e7a, Rem\u00edgio, Arara, Casserengue, Sol\u00e2nea e Bananeiras; segunda etapa do sistema adutor TransPara\u00edba \u2013 Ramal Curimata\u00fa; barragem Cupissura para abastecer a Regi\u00e3o Metropolitana de Jo\u00e3o Pessoa 3\u00aa adutora de \u00e1gua bruta e amplia\u00e7\u00e3o da Esta\u00e7\u00e3o de Tratamento de \u00c1gua de Campina Grande conclus\u00e3o do canal Acau\u00e3-Ara\u00e7agi terceiro eixo da Transposi\u00e7\u00e3o do S\u00e3o Francisco, o Ramal Pianc\u00f3; constru\u00e7\u00e3o de cinco barragens nas regi\u00f5es do Sert\u00e3o e do Cariri continuidade das obras de triplica\u00e7\u00e3o da BR-230 entre Cabedelo e Oitizeiro; duplica\u00e7\u00e3o da BR-230 de Campina Grande \u00e0 Pra\u00e7a do Meio do Mundo; duplica\u00e7\u00e3o da BR-230, da Farinha a Cajazeiras; constru\u00e7\u00e3o do Arco Metropolitano de Jo\u00e3o Pessoa. Fonte: Jornal da Para\u00edba","og_url":"https:\/\/noticiasemdestaque.com\/cd\/?p=50703","og_site_name":"Not&iacute;cias em Destaque","article_published_time":"2023-08-11T11:21:24+00:00","og_image":[{"width":620,"height":412,"url":"https:\/\/noticiasemdestaque.com\/cd\/wp-content\/uploads\/2023\/08\/CANAL-ACAUA-ARACAGI-FOTOS-ZE-MARQUES85.jpg","type":"image\/jpeg"}],"author":"Not\u00edcias em Destaque","twitter_card":"summary_large_image","twitter_misc":{"Escrito por":"Not\u00edcias em Destaque","Est. tempo de leitura":"2 minutos"},"schema":{"@context":"https:\/\/schema.org","@graph":[{"@type":"Article","@id":"https:\/\/noticiasemdestaque.com\/cd\/?p=50703#article","isPartOf":{"@id":"https:\/\/noticiasemdestaque.com\/cd\/?p=50703"},"author":{"name":"Not\u00edcias em Destaque","@id":"https:\/\/noticiasemdestaque.com\/cd\/#\/schema\/person\/21320b03a7e8bb90128938dafc9b908a"},"headline":"Confira quais s\u00e3o as 12 obras da Para\u00edba que podem entrar no novo PAC de Lula; lan\u00e7amento ser\u00e1 sexta-feira","datePublished":"2023-08-11T11:21:24+00:00","mainEntityOfPage":{"@id":"https:\/\/noticiasemdestaque.com\/cd\/?p=50703"},"wordCount":280,"publisher":{"@id":"https:\/\/noticiasemdestaque.com\/cd\/#organization"},"image":{"@id":"https:\/\/noticiasemdestaque.com\/cd\/?p=50703#primaryimage"},"thumbnailUrl":"https:\/\/noticiasemdestaque.com\/cd\/wp-content\/uploads\/2023\/08\/CANAL-ACAUA-ARACAGI-FOTOS-ZE-MARQUES85.jpg","articleSection":["Geral"],"inLanguage":"pt-BR"},{"@type":"WebPage","@id":"https:\/\/noticiasemdestaque.com\/cd\/?p=50703","url":"https:\/\/noticiasemdestaque.com\/cd\/?p=50703","name":"Confira quais s\u00e3o as 12 obras da Para\u00edba que podem entrar no novo PAC de Lula; lan\u00e7amento ser\u00e1 sexta-feira - Not&iacute;cias em Destaque","isPartOf":{"@id":"https:\/\/noticiasemdestaque.com\/cd\/#website"},"primaryImageOfPage":{"@id":"https:\/\/noticiasemdestaque.com\/cd\/?p=50703#primaryimage"},"image":{"@id":"https:\/\/noticiasemdestaque.com\/cd\/?p=50703#primaryimage"},"thumbnailUrl":"https:\/\/noticiasemdestaque.com\/cd\/wp-content\/uploads\/2023\/08\/CANAL-ACAUA-ARACAGI-FOTOS-ZE-MARQUES85.jpg","datePublished":"2023-08-11T11:21:24+00:00","breadcrumb":{"@id":"https:\/\/noticiasemdestaque.com\/cd\/?p=50703#breadcrumb"},"inLanguage":"pt-BR","potentialAction":[{"@type":"ReadAction","target":["https:\/\/noticiasemdestaque.com\/cd\/?p=50703"]}]},{"@type":"ImageObject","inLanguage":"pt-BR","@id":"https:\/\/noticiasemdestaque.com\/cd\/?p=50703#primaryimage","url":"https:\/\/noticiasemdestaque.com\/cd\/wp-content\/uploads\/2023\/08\/CANAL-ACAUA-ARACAGI-FOTOS-ZE-MARQUES85.jpg","contentUrl":"https:\/\/noticiasemdestaque.com\/cd\/wp-content\/uploads\/2023\/08\/CANAL-ACAUA-ARACAGI-FOTOS-ZE-MARQUES85.jpg","width":620,"height":412},{"@type":"BreadcrumbList","@id":"https:\/\/noticiasemdestaque.com\/cd\/?p=50703#breadcrumb","itemListElement":[{"@type":"ListItem","position":1,"name":"In\u00edcio","item":"https:\/\/noticiasemdestaque.com\/cd\/"},{"@type":"ListItem","position":2,"name":"Confira quais s\u00e3o as 12 obras da Para\u00edba que podem entrar no novo PAC de Lula; lan\u00e7amento ser\u00e1 sexta-feira"}]},{"@type":"WebSite","@id":"https:\/\/noticiasemdestaque.com\/cd\/#website","url":"https:\/\/noticiasemdestaque.com\/cd\/","name":"Not&iacute;cias em Destaque","description":"","publisher":{"@id":"https:\/\/noticiasemdestaque.com\/cd\/#organization"},"potentialAction":[{"@type":"SearchAction","target":{"@type":"EntryPoint","urlTemplate":"https:\/\/noticiasemdestaque.com\/cd\/?s={search_term_string}"},"query-input":{"@type":"PropertyValueSpecification","valueRequired":true,"valueName":"search_term_string"}}],"inLanguage":"pt-BR"},{"@type":"Organization","@id":"https:\/\/noticiasemdestaque.com\/cd\/#organization","name":"Not\u00edcias em Destaque","url":"https:\/\/noticiasemdestaque.com\/cd\/","logo":{"@type":"ImageObject","inLanguage":"pt-BR","@id":"https:\/\/noticiasemdestaque.com\/cd\/#\/schema\/logo\/image\/","url":"https:\/\/noticiasemdestaque.com\/cd\/wp-content\/uploads\/2022\/05\/imagem-base-noticiasemdestaque.png","contentUrl":"https:\/\/noticiasemdestaque.com\/cd\/wp-content\/uploads\/2022\/05\/imagem-base-noticiasemdestaque.png","width":1200,"height":630,"caption":"Not\u00edcias em Destaque"},"image":{"@id":"https:\/\/noticiasemdestaque.com\/cd\/#\/schema\/logo\/image\/"}},{"@type":"Person","@id":"https:\/\/noticiasemdestaque.com\/cd\/#\/schema\/person\/21320b03a7e8bb90128938dafc9b908a","name":"Not\u00edcias em Destaque","url":"https:\/\/noticiasemdestaque.com\/cd\/?author=2"}]}},"jetpack_featured_media_url":"https:\/\/noticiasemdestaque.com\/cd\/wp-content\/uploads\/2023\/08\/CANAL-ACAUA-ARACAGI-FOTOS-ZE-MARQUES85.jpg","jetpack_sharing_enabled":true,"_links":{"self":[{"href":"https:\/\/noticiasemdestaque.com\/cd\/index.php?rest_route=\/wp\/v2\/posts\/50703","targetHints":{"allow":["GET"]}}],"collection":[{"href":"https:\/\/noticiasemdestaque.com\/cd\/index.php?rest_route=\/wp\/v2\/posts"}],"about":[{"href":"https:\/\/noticiasemdestaque.com\/cd\/index.php?rest_route=\/wp\/v2\/types\/post"}],"author":[{"embeddable":true,"href":"https:\/\/noticiasemdestaque.com\/cd\/index.php?rest_route=\/wp\/v2\/users\/2"}],"replies":[{"embeddable":true,"href":"https:\/\/noticiasemdestaque.com\/cd\/index.php?rest_route=%2Fwp%2Fv2%2Fcomments&post=50703"}],"version-history":[{"count":1,"href":"https:\/\/noticiasemdestaque.com\/cd\/index.php?rest_route=\/wp\/v2\/posts\/50703\/revisions"}],"predecessor-version":[{"id":50705,"href":"https:\/\/noticiasemdestaque.com\/cd\/index.php?rest_route=\/wp\/v2\/posts\/50703\/revisions\/50705"}],"wp:featuredmedia":[{"embeddable":true,"href":"https:\/\/noticiasemdestaque.com\/cd\/index.php?rest_route=\/wp\/v2\/media\/50704"}],"wp:attachment":[{"href":"https:\/\/noticiasemdestaque.com\/cd\/index.php?rest_route=%2Fwp%2Fv2%2Fmedia&parent=50703"}],"wp:term":[{"taxonomy":"category","embeddable":true,"href":"https:\/\/noticiasemdestaque.com\/cd\/index.php?rest_route=%2Fwp%2Fv2%2Fcategories&post=50703"},{"taxonomy":"post_tag","embeddable":true,"href":"https:\/\/noticiasemdestaque.com\/cd\/index.php?rest_route=%2Fwp%2Fv2%2Ftags&post=50703"}],"curies":[{"name":"wp","href":"https:\/\/api.w.org\/{rel}","templated":true}]}}