{"id":50700,"date":"2023-08-11T08:18:21","date_gmt":"2023-08-11T11:18:21","guid":{"rendered":"https:\/\/noticiasemdestaque.com\/cd\/?p=50700"},"modified":"2023-08-11T08:18:21","modified_gmt":"2023-08-11T11:18:21","slug":"pernambucanos-sao-presos-pela-policia-militar-na-regiao-do-cariri-praticando-tiro-ao-alvo","status":"publish","type":"post","link":"https:\/\/noticiasemdestaque.com\/cd\/?p=50700","title":{"rendered":"Pernambucanos s\u00e3o presos pela Pol\u00edcia Militar na regi\u00e3o do Cariri praticando tiro ao alvo"},"content":{"rendered":"<p><a href=\"https:\/\/noticiasemdestaque.com\/cd\/wp-content\/uploads\/2023\/08\/pm.jpg\"><img fetchpriority=\"high\" decoding=\"async\" class=\"size-medium wp-image-50701 aligncenter\" src=\"https:\/\/noticiasemdestaque.com\/cd\/wp-content\/uploads\/2023\/08\/pm-300x225.jpg\" alt=\"\" width=\"300\" height=\"225\" srcset=\"https:\/\/noticiasemdestaque.com\/cd\/wp-content\/uploads\/2023\/08\/pm-300x225.jpg 300w, https:\/\/noticiasemdestaque.com\/cd\/wp-content\/uploads\/2023\/08\/pm-16x12.jpg 16w, https:\/\/noticiasemdestaque.com\/cd\/wp-content\/uploads\/2023\/08\/pm.jpg 768w\" sizes=\"(max-width: 300px) 100vw, 300px\" \/><\/a><\/p>\n<p>Policiais militares da 3\u00aa Companhia, prenderam por volta das 10h30 desta quarta-feira (9), tr\u00eas homens que estavam praticando tiro ao alvo no s\u00edtio Serra Verde, munic\u00edpio de Alcantil, localizado no Cariri paraibano.<\/p>\n<p>Na ocasi\u00e3o tamb\u00e9m foram apreendidas tr\u00eas espingardas, sendo uma calibre 32 e duas calibre 28, al\u00e9m de farta muni\u00e7\u00e3o.<\/p>\n<p>A guarni\u00e7\u00e3o da PM estava sob o comando do sargento Eleut\u00e9rio.<\/p>\n<p>Os homens presos foram identificados como: Jos\u00e9 Edson Sobrinho, 49 anos, Jos\u00e9 Teot\u00f4nio da Silva, 53 anos e Adilson de Vasconcelos da Silva, 51 anos.<\/p>\n<p>Ao avistarem a guarni\u00e7\u00e3o, dois deles empreenderam fuga, mas foram perseguidos e presos.<\/p>\n<p>\u00c0 PM, eles disseram que residem na cidade de Caruaru, Estado de Pernambuco.<\/p>\n<p>O trio juntamente com o material apreendido foram levados \u00e0 Delegacia de Pol\u00edcia Civil (DPC) da cidade de Queimadas, para os procedimentos de praxe.<\/p>\n<p>&nbsp;<\/p>\n","protected":false},"excerpt":{"rendered":"<p>Policiais militares da 3\u00aa Companhia, prenderam por volta das 10h30 desta quarta-feira (9), tr\u00eas homens que estavam praticando tiro ao alvo no s\u00edtio Serra Verde, munic\u00edpio de Alcantil, localizado no Cariri paraibano. Na ocasi\u00e3o tamb\u00e9m foram apreendidas tr\u00eas espingardas, sendo uma calibre 32 e duas calibre 28, al\u00e9m de farta muni\u00e7\u00e3o. A guarni\u00e7\u00e3o da PM estava sob o comando do sargento Eleut\u00e9rio. Os homens presos foram identificados como: Jos\u00e9 Edson Sobrinho, 49 anos, Jos\u00e9 Teot\u00f4nio da Silva, 53 anos e Adilson de Vasconcelos da Silva, 51 anos. Ao avistarem a guarni\u00e7\u00e3o, dois deles empreenderam fuga, mas foram perseguidos e presos. \u00c0 PM, eles disseram que residem na cidade de Caruaru, Estado de Pernambuco. O trio juntamente com o material apreendido foram levados \u00e0 Delegacia de Pol\u00edcia Civil (DPC) da cidade de Queimadas, para os procedimentos de praxe. &nbsp;<\/p>\n","protected":false},"author":2,"featured_media":50701,"comment_status":"closed","ping_status":"open","sticky":false,"template":"","format":"standard","meta":{"_eb_attr":"","_jetpack_memberships_contains_paid_content":false,"footnotes":""},"categories":[20],"tags":[],"class_list":["post-50700","post","type-post","status-publish","format-standard","has-post-thumbnail","hentry","category-policia"],"yoast_head":"<!-- This site is optimized with the Yoast SEO plugin v26.5 - https:\/\/yoast.com\/wordpress\/plugins\/seo\/ -->\n<title>Pernambucanos s\u00e3o presos pela Pol\u00edcia Militar na regi\u00e3o do Cariri praticando tiro ao alvo - Not&iacute;cias em Destaque<\/title>\n<meta name=\"robots\" content=\"index, follow, max-snippet:-1, max-image-preview:large, max-video-preview:-1\" \/>\n<link rel=\"canonical\" href=\"https:\/\/noticiasemdestaque.com\/cd\/?p=50700\" \/>\n<meta property=\"og:locale\" content=\"pt_BR\" \/>\n<meta property=\"og:type\" content=\"article\" \/>\n<meta property=\"og:title\" content=\"Pernambucanos s\u00e3o presos pela Pol\u00edcia Militar na regi\u00e3o do Cariri praticando tiro ao alvo - Not&iacute;cias em Destaque\" \/>\n<meta property=\"og:description\" content=\"Policiais militares da 3\u00aa Companhia, prenderam por volta das 10h30 desta quarta-feira (9), tr\u00eas homens que estavam praticando tiro ao alvo no s\u00edtio Serra Verde, munic\u00edpio de Alcantil, localizado no Cariri paraibano. Na ocasi\u00e3o tamb\u00e9m foram apreendidas tr\u00eas espingardas, sendo uma calibre 32 e duas calibre 28, al\u00e9m de farta muni\u00e7\u00e3o. A guarni\u00e7\u00e3o da PM estava sob o comando do sargento Eleut\u00e9rio. Os homens presos foram identificados como: Jos\u00e9 Edson Sobrinho, 49 anos, Jos\u00e9 Teot\u00f4nio da Silva, 53 anos e Adilson de Vasconcelos da Silva, 51 anos. Ao avistarem a guarni\u00e7\u00e3o, dois deles empreenderam fuga, mas foram perseguidos e presos. \u00c0 PM, eles disseram que residem na cidade de Caruaru, Estado de Pernambuco. O trio juntamente com o material apreendido foram levados \u00e0 Delegacia de Pol\u00edcia Civil (DPC) da cidade de Queimadas, para os procedimentos de praxe. &nbsp;\" \/>\n<meta property=\"og:url\" content=\"https:\/\/noticiasemdestaque.com\/cd\/?p=50700\" \/>\n<meta property=\"og:site_name\" content=\"Not&iacute;cias em Destaque\" \/>\n<meta property=\"article:published_time\" content=\"2023-08-11T11:18:21+00:00\" \/>\n<meta property=\"og:image\" content=\"https:\/\/noticiasemdestaque.com\/cd\/wp-content\/uploads\/2023\/08\/pm.jpg\" \/>\n\t<meta property=\"og:image:width\" content=\"768\" \/>\n\t<meta property=\"og:image:height\" content=\"576\" \/>\n\t<meta property=\"og:image:type\" content=\"image\/jpeg\" \/>\n<meta name=\"author\" content=\"Not\u00edcias em Destaque\" \/>\n<meta name=\"twitter:card\" content=\"summary_large_image\" \/>\n<meta name=\"twitter:label1\" content=\"Escrito por\" \/>\n\t<meta name=\"twitter:data1\" content=\"Not\u00edcias em Destaque\" \/>\n\t<meta name=\"twitter:label2\" content=\"Est. tempo de leitura\" \/>\n\t<meta name=\"twitter:data2\" content=\"1 minuto\" \/>\n<script type=\"application\/ld+json\" class=\"yoast-schema-graph\">{\"@context\":\"https:\/\/schema.org\",\"@graph\":[{\"@type\":\"Article\",\"@id\":\"https:\/\/noticiasemdestaque.com\/cd\/?p=50700#article\",\"isPartOf\":{\"@id\":\"https:\/\/noticiasemdestaque.com\/cd\/?p=50700\"},\"author\":{\"name\":\"Not\u00edcias em Destaque\",\"@id\":\"https:\/\/noticiasemdestaque.com\/cd\/#\/schema\/person\/21320b03a7e8bb90128938dafc9b908a\"},\"headline\":\"Pernambucanos s\u00e3o presos pela Pol\u00edcia Militar na regi\u00e3o do Cariri praticando tiro ao alvo\",\"datePublished\":\"2023-08-11T11:18:21+00:00\",\"mainEntityOfPage\":{\"@id\":\"https:\/\/noticiasemdestaque.com\/cd\/?p=50700\"},\"wordCount\":159,\"publisher\":{\"@id\":\"https:\/\/noticiasemdestaque.com\/cd\/#organization\"},\"image\":{\"@id\":\"https:\/\/noticiasemdestaque.com\/cd\/?p=50700#primaryimage\"},\"thumbnailUrl\":\"https:\/\/noticiasemdestaque.com\/cd\/wp-content\/uploads\/2023\/08\/pm.jpg\",\"articleSection\":[\"Pol\u00edcia\"],\"inLanguage\":\"pt-BR\"},{\"@type\":\"WebPage\",\"@id\":\"https:\/\/noticiasemdestaque.com\/cd\/?p=50700\",\"url\":\"https:\/\/noticiasemdestaque.com\/cd\/?p=50700\",\"name\":\"Pernambucanos s\u00e3o presos pela Pol\u00edcia Militar na regi\u00e3o do Cariri praticando tiro ao alvo - Not&iacute;cias em Destaque\",\"isPartOf\":{\"@id\":\"https:\/\/noticiasemdestaque.com\/cd\/#website\"},\"primaryImageOfPage\":{\"@id\":\"https:\/\/noticiasemdestaque.com\/cd\/?p=50700#primaryimage\"},\"image\":{\"@id\":\"https:\/\/noticiasemdestaque.com\/cd\/?p=50700#primaryimage\"},\"thumbnailUrl\":\"https:\/\/noticiasemdestaque.com\/cd\/wp-content\/uploads\/2023\/08\/pm.jpg\",\"datePublished\":\"2023-08-11T11:18:21+00:00\",\"breadcrumb\":{\"@id\":\"https:\/\/noticiasemdestaque.com\/cd\/?p=50700#breadcrumb\"},\"inLanguage\":\"pt-BR\",\"potentialAction\":[{\"@type\":\"ReadAction\",\"target\":[\"https:\/\/noticiasemdestaque.com\/cd\/?p=50700\"]}]},{\"@type\":\"ImageObject\",\"inLanguage\":\"pt-BR\",\"@id\":\"https:\/\/noticiasemdestaque.com\/cd\/?p=50700#primaryimage\",\"url\":\"https:\/\/noticiasemdestaque.com\/cd\/wp-content\/uploads\/2023\/08\/pm.jpg\",\"contentUrl\":\"https:\/\/noticiasemdestaque.com\/cd\/wp-content\/uploads\/2023\/08\/pm.jpg\",\"width\":768,\"height\":576},{\"@type\":\"BreadcrumbList\",\"@id\":\"https:\/\/noticiasemdestaque.com\/cd\/?p=50700#breadcrumb\",\"itemListElement\":[{\"@type\":\"ListItem\",\"position\":1,\"name\":\"In\u00edcio\",\"item\":\"https:\/\/noticiasemdestaque.com\/cd\/\"},{\"@type\":\"ListItem\",\"position\":2,\"name\":\"Pernambucanos s\u00e3o presos pela Pol\u00edcia Militar na regi\u00e3o do Cariri praticando tiro ao alvo\"}]},{\"@type\":\"WebSite\",\"@id\":\"https:\/\/noticiasemdestaque.com\/cd\/#website\",\"url\":\"https:\/\/noticiasemdestaque.com\/cd\/\",\"name\":\"Not&iacute;cias em Destaque\",\"description\":\"\",\"publisher\":{\"@id\":\"https:\/\/noticiasemdestaque.com\/cd\/#organization\"},\"potentialAction\":[{\"@type\":\"SearchAction\",\"target\":{\"@type\":\"EntryPoint\",\"urlTemplate\":\"https:\/\/noticiasemdestaque.com\/cd\/?s={search_term_string}\"},\"query-input\":{\"@type\":\"PropertyValueSpecification\",\"valueRequired\":true,\"valueName\":\"search_term_string\"}}],\"inLanguage\":\"pt-BR\"},{\"@type\":\"Organization\",\"@id\":\"https:\/\/noticiasemdestaque.com\/cd\/#organization\",\"name\":\"Not\u00edcias em Destaque\",\"url\":\"https:\/\/noticiasemdestaque.com\/cd\/\",\"logo\":{\"@type\":\"ImageObject\",\"inLanguage\":\"pt-BR\",\"@id\":\"https:\/\/noticiasemdestaque.com\/cd\/#\/schema\/logo\/image\/\",\"url\":\"https:\/\/noticiasemdestaque.com\/cd\/wp-content\/uploads\/2022\/05\/imagem-base-noticiasemdestaque.png\",\"contentUrl\":\"https:\/\/noticiasemdestaque.com\/cd\/wp-content\/uploads\/2022\/05\/imagem-base-noticiasemdestaque.png\",\"width\":1200,\"height\":630,\"caption\":\"Not\u00edcias em Destaque\"},\"image\":{\"@id\":\"https:\/\/noticiasemdestaque.com\/cd\/#\/schema\/logo\/image\/\"}},{\"@type\":\"Person\",\"@id\":\"https:\/\/noticiasemdestaque.com\/cd\/#\/schema\/person\/21320b03a7e8bb90128938dafc9b908a\",\"name\":\"Not\u00edcias em Destaque\",\"url\":\"https:\/\/noticiasemdestaque.com\/cd\/?author=2\"}]}<\/script>\n<!-- \/ Yoast SEO plugin. -->","yoast_head_json":{"title":"Pernambucanos s\u00e3o presos pela Pol\u00edcia Militar na regi\u00e3o do Cariri praticando tiro ao alvo - Not&iacute;cias em Destaque","robots":{"index":"index","follow":"follow","max-snippet":"max-snippet:-1","max-image-preview":"max-image-preview:large","max-video-preview":"max-video-preview:-1"},"canonical":"https:\/\/noticiasemdestaque.com\/cd\/?p=50700","og_locale":"pt_BR","og_type":"article","og_title":"Pernambucanos s\u00e3o presos pela Pol\u00edcia Militar na regi\u00e3o do Cariri praticando tiro ao alvo - Not&iacute;cias em Destaque","og_description":"Policiais militares da 3\u00aa Companhia, prenderam por volta das 10h30 desta quarta-feira (9), tr\u00eas homens que estavam praticando tiro ao alvo no s\u00edtio Serra Verde, munic\u00edpio de Alcantil, localizado no Cariri paraibano. Na ocasi\u00e3o tamb\u00e9m foram apreendidas tr\u00eas espingardas, sendo uma calibre 32 e duas calibre 28, al\u00e9m de farta muni\u00e7\u00e3o. A guarni\u00e7\u00e3o da PM estava sob o comando do sargento Eleut\u00e9rio. Os homens presos foram identificados como: Jos\u00e9 Edson Sobrinho, 49 anos, Jos\u00e9 Teot\u00f4nio da Silva, 53 anos e Adilson de Vasconcelos da Silva, 51 anos. Ao avistarem a guarni\u00e7\u00e3o, dois deles empreenderam fuga, mas foram perseguidos e presos. \u00c0 PM, eles disseram que residem na cidade de Caruaru, Estado de Pernambuco. O trio juntamente com o material apreendido foram levados \u00e0 Delegacia de Pol\u00edcia Civil (DPC) da cidade de Queimadas, para os procedimentos de praxe. &nbsp;","og_url":"https:\/\/noticiasemdestaque.com\/cd\/?p=50700","og_site_name":"Not&iacute;cias em Destaque","article_published_time":"2023-08-11T11:18:21+00:00","og_image":[{"width":768,"height":576,"url":"https:\/\/noticiasemdestaque.com\/cd\/wp-content\/uploads\/2023\/08\/pm.jpg","type":"image\/jpeg"}],"author":"Not\u00edcias em Destaque","twitter_card":"summary_large_image","twitter_misc":{"Escrito por":"Not\u00edcias em Destaque","Est. tempo de leitura":"1 minuto"},"schema":{"@context":"https:\/\/schema.org","@graph":[{"@type":"Article","@id":"https:\/\/noticiasemdestaque.com\/cd\/?p=50700#article","isPartOf":{"@id":"https:\/\/noticiasemdestaque.com\/cd\/?p=50700"},"author":{"name":"Not\u00edcias em Destaque","@id":"https:\/\/noticiasemdestaque.com\/cd\/#\/schema\/person\/21320b03a7e8bb90128938dafc9b908a"},"headline":"Pernambucanos s\u00e3o presos pela Pol\u00edcia Militar na regi\u00e3o do Cariri praticando tiro ao alvo","datePublished":"2023-08-11T11:18:21+00:00","mainEntityOfPage":{"@id":"https:\/\/noticiasemdestaque.com\/cd\/?p=50700"},"wordCount":159,"publisher":{"@id":"https:\/\/noticiasemdestaque.com\/cd\/#organization"},"image":{"@id":"https:\/\/noticiasemdestaque.com\/cd\/?p=50700#primaryimage"},"thumbnailUrl":"https:\/\/noticiasemdestaque.com\/cd\/wp-content\/uploads\/2023\/08\/pm.jpg","articleSection":["Pol\u00edcia"],"inLanguage":"pt-BR"},{"@type":"WebPage","@id":"https:\/\/noticiasemdestaque.com\/cd\/?p=50700","url":"https:\/\/noticiasemdestaque.com\/cd\/?p=50700","name":"Pernambucanos s\u00e3o presos pela Pol\u00edcia Militar na regi\u00e3o do Cariri praticando tiro ao alvo - Not&iacute;cias em Destaque","isPartOf":{"@id":"https:\/\/noticiasemdestaque.com\/cd\/#website"},"primaryImageOfPage":{"@id":"https:\/\/noticiasemdestaque.com\/cd\/?p=50700#primaryimage"},"image":{"@id":"https:\/\/noticiasemdestaque.com\/cd\/?p=50700#primaryimage"},"thumbnailUrl":"https:\/\/noticiasemdestaque.com\/cd\/wp-content\/uploads\/2023\/08\/pm.jpg","datePublished":"2023-08-11T11:18:21+00:00","breadcrumb":{"@id":"https:\/\/noticiasemdestaque.com\/cd\/?p=50700#breadcrumb"},"inLanguage":"pt-BR","potentialAction":[{"@type":"ReadAction","target":["https:\/\/noticiasemdestaque.com\/cd\/?p=50700"]}]},{"@type":"ImageObject","inLanguage":"pt-BR","@id":"https:\/\/noticiasemdestaque.com\/cd\/?p=50700#primaryimage","url":"https:\/\/noticiasemdestaque.com\/cd\/wp-content\/uploads\/2023\/08\/pm.jpg","contentUrl":"https:\/\/noticiasemdestaque.com\/cd\/wp-content\/uploads\/2023\/08\/pm.jpg","width":768,"height":576},{"@type":"BreadcrumbList","@id":"https:\/\/noticiasemdestaque.com\/cd\/?p=50700#breadcrumb","itemListElement":[{"@type":"ListItem","position":1,"name":"In\u00edcio","item":"https:\/\/noticiasemdestaque.com\/cd\/"},{"@type":"ListItem","position":2,"name":"Pernambucanos s\u00e3o presos pela Pol\u00edcia Militar na regi\u00e3o do Cariri praticando tiro ao alvo"}]},{"@type":"WebSite","@id":"https:\/\/noticiasemdestaque.com\/cd\/#website","url":"https:\/\/noticiasemdestaque.com\/cd\/","name":"Not&iacute;cias em Destaque","description":"","publisher":{"@id":"https:\/\/noticiasemdestaque.com\/cd\/#organization"},"potentialAction":[{"@type":"SearchAction","target":{"@type":"EntryPoint","urlTemplate":"https:\/\/noticiasemdestaque.com\/cd\/?s={search_term_string}"},"query-input":{"@type":"PropertyValueSpecification","valueRequired":true,"valueName":"search_term_string"}}],"inLanguage":"pt-BR"},{"@type":"Organization","@id":"https:\/\/noticiasemdestaque.com\/cd\/#organization","name":"Not\u00edcias em Destaque","url":"https:\/\/noticiasemdestaque.com\/cd\/","logo":{"@type":"ImageObject","inLanguage":"pt-BR","@id":"https:\/\/noticiasemdestaque.com\/cd\/#\/schema\/logo\/image\/","url":"https:\/\/noticiasemdestaque.com\/cd\/wp-content\/uploads\/2022\/05\/imagem-base-noticiasemdestaque.png","contentUrl":"https:\/\/noticiasemdestaque.com\/cd\/wp-content\/uploads\/2022\/05\/imagem-base-noticiasemdestaque.png","width":1200,"height":630,"caption":"Not\u00edcias em Destaque"},"image":{"@id":"https:\/\/noticiasemdestaque.com\/cd\/#\/schema\/logo\/image\/"}},{"@type":"Person","@id":"https:\/\/noticiasemdestaque.com\/cd\/#\/schema\/person\/21320b03a7e8bb90128938dafc9b908a","name":"Not\u00edcias em Destaque","url":"https:\/\/noticiasemdestaque.com\/cd\/?author=2"}]}},"jetpack_featured_media_url":"https:\/\/noticiasemdestaque.com\/cd\/wp-content\/uploads\/2023\/08\/pm.jpg","jetpack_sharing_enabled":true,"_links":{"self":[{"href":"https:\/\/noticiasemdestaque.com\/cd\/index.php?rest_route=\/wp\/v2\/posts\/50700","targetHints":{"allow":["GET"]}}],"collection":[{"href":"https:\/\/noticiasemdestaque.com\/cd\/index.php?rest_route=\/wp\/v2\/posts"}],"about":[{"href":"https:\/\/noticiasemdestaque.com\/cd\/index.php?rest_route=\/wp\/v2\/types\/post"}],"author":[{"embeddable":true,"href":"https:\/\/noticiasemdestaque.com\/cd\/index.php?rest_route=\/wp\/v2\/users\/2"}],"replies":[{"embeddable":true,"href":"https:\/\/noticiasemdestaque.com\/cd\/index.php?rest_route=%2Fwp%2Fv2%2Fcomments&post=50700"}],"version-history":[{"count":1,"href":"https:\/\/noticiasemdestaque.com\/cd\/index.php?rest_route=\/wp\/v2\/posts\/50700\/revisions"}],"predecessor-version":[{"id":50702,"href":"https:\/\/noticiasemdestaque.com\/cd\/index.php?rest_route=\/wp\/v2\/posts\/50700\/revisions\/50702"}],"wp:featuredmedia":[{"embeddable":true,"href":"https:\/\/noticiasemdestaque.com\/cd\/index.php?rest_route=\/wp\/v2\/media\/50701"}],"wp:attachment":[{"href":"https:\/\/noticiasemdestaque.com\/cd\/index.php?rest_route=%2Fwp%2Fv2%2Fmedia&parent=50700"}],"wp:term":[{"taxonomy":"category","embeddable":true,"href":"https:\/\/noticiasemdestaque.com\/cd\/index.php?rest_route=%2Fwp%2Fv2%2Fcategories&post=50700"},{"taxonomy":"post_tag","embeddable":true,"href":"https:\/\/noticiasemdestaque.com\/cd\/index.php?rest_route=%2Fwp%2Fv2%2Ftags&post=50700"}],"curies":[{"name":"wp","href":"https:\/\/api.w.org\/{rel}","templated":true}]}}