{"id":50689,"date":"2023-08-10T18:46:16","date_gmt":"2023-08-10T21:46:16","guid":{"rendered":"https:\/\/noticiasemdestaque.com\/cd\/?p=50689"},"modified":"2023-08-10T18:46:16","modified_gmt":"2023-08-10T21:46:16","slug":"vereadores-aprovam-projetos-e-requerimentos-na-sessao-desta-quarta-feira-da-camara-de-sume","status":"publish","type":"post","link":"https:\/\/noticiasemdestaque.com\/cd\/?p=50689","title":{"rendered":"Vereadores aprovam projetos e requerimentos na sess\u00e3o desta quarta-feira da C\u00e2mara de Sum\u00e9"},"content":{"rendered":"<p><a href=\"https:\/\/noticiasemdestaque.com\/cd\/wp-content\/uploads\/2023\/08\/capa.jpg\"><img fetchpriority=\"high\" decoding=\"async\" class=\"wp-image-50691 aligncenter\" src=\"https:\/\/noticiasemdestaque.com\/cd\/wp-content\/uploads\/2023\/08\/capa-300x200.jpg\" alt=\"\" width=\"1851\" height=\"1234\" srcset=\"https:\/\/noticiasemdestaque.com\/cd\/wp-content\/uploads\/2023\/08\/capa-300x200.jpg 300w, https:\/\/noticiasemdestaque.com\/cd\/wp-content\/uploads\/2023\/08\/capa-1024x682.jpg 1024w, https:\/\/noticiasemdestaque.com\/cd\/wp-content\/uploads\/2023\/08\/capa-768x512.jpg 768w, https:\/\/noticiasemdestaque.com\/cd\/wp-content\/uploads\/2023\/08\/capa-1536x1023.jpg 1536w, https:\/\/noticiasemdestaque.com\/cd\/wp-content\/uploads\/2023\/08\/capa-18x12.jpg 18w, https:\/\/noticiasemdestaque.com\/cd\/wp-content\/uploads\/2023\/08\/capa.jpg 1600w\" sizes=\"(max-width: 1851px) 100vw, 1851px\" \/><\/a><\/p>\n<p>Os vereadores que comp\u00f5em o Poder Legislativo do munic\u00edpio de Sum\u00e9 estiveram reunidos na noite desta quarta-feira (09).<\/p>\n<p>Foi aprovado o projeto 780\/2023, de autoria do Poder Executivo, que institui no Munic\u00edpio de Sum\u00e9 a Pol\u00edtica municipal de Busca Ativa das crian\u00e7as e jovens em idade pr\u00f3pria para a educa\u00e7\u00e3o b\u00e1sica obrigat\u00f3ria, assegurando o acesso universal das crian\u00e7as e jovens de 6 (seis) a 17 (dezessete anos) \u00e0 educa\u00e7\u00e3o b\u00e1sica obrigat\u00f3ria, compreendendo a educa\u00e7\u00e3o pr\u00e9-escolar, o ensino fundamental e o ensino m\u00e9dio.<\/p>\n<p>Foi aprovado o projeto de lei 757\/2023, de autoria do Poder Executivo, que Altera a Lei Municipal n\u00ba 1.200, de 21 de setembro de 2016 que trata sobre o Plano de Amortiza\u00e7\u00e3o Atuarial.<\/p>\n<p>Foi aprovado o projeto de lei 784\/2023, de autoria do Poder Executivo, que disp\u00f5e sobre altera\u00e7\u00e3o do quadro de cargos de provimento efetivo do Poder Executivo Municipal. Para os fins previstos nesta Lei, fica ampliado o n\u00famero de vagas dos cargos de provimento efetivo da Administra\u00e7\u00e3o Municipal, conforme disp\u00f5e a Lei n\u00ba 1.314\/2019 \u2013 Professor do Ensino Fundamental II \u2013 Licenciatura em Educa\u00e7\u00e3o.<\/p>\n<p>Foi aprovado o projeto de lei 764\/2023, de autoria do vereador Jos\u00e9 Ant\u00f4nio, que denomina de Estrada Jo\u00e3o Caetano de Ara\u00fajo a Estrada do Pio X, Pau d\u2019Arco, Sigla \u2013 SM-25, com in\u00edcio na estrada SM-39 e final com a estrada SM-60, de acordo com a Lei Municipal n\u00ba 1.531\/2023.<\/p>\n<p><a href=\"https:\/\/noticiasemdestaque.com\/cd\/wp-content\/uploads\/2023\/08\/jose.jpg\"><img decoding=\"async\" class=\" wp-image-50694 aligncenter\" src=\"https:\/\/noticiasemdestaque.com\/cd\/wp-content\/uploads\/2023\/08\/jose-265x300.jpg\" alt=\"\" width=\"468\" height=\"530\" srcset=\"https:\/\/noticiasemdestaque.com\/cd\/wp-content\/uploads\/2023\/08\/jose-265x300.jpg 265w, https:\/\/noticiasemdestaque.com\/cd\/wp-content\/uploads\/2023\/08\/jose-903x1024.jpg 903w, https:\/\/noticiasemdestaque.com\/cd\/wp-content\/uploads\/2023\/08\/jose-768x871.jpg 768w, https:\/\/noticiasemdestaque.com\/cd\/wp-content\/uploads\/2023\/08\/jose-1355x1536.jpg 1355w, https:\/\/noticiasemdestaque.com\/cd\/wp-content\/uploads\/2023\/08\/jose-11x12.jpg 11w, https:\/\/noticiasemdestaque.com\/cd\/wp-content\/uploads\/2023\/08\/jose.jpg 1411w\" sizes=\"(max-width: 468px) 100vw, 468px\" \/><\/a><\/p>\n<p>Foi aprovado o projeto de lei 765\/2023, de autoria do vereador Jos\u00e9 Ant\u00f4nio, que denomina de Estrada Jo\u00e3o Miguel da Silva a Estrada do Cabe\u00e7a Branca, Pau d\u2019Arco, Cai\u00e7ara, Nanico, Po\u00e7o do Boi, Sigla \u2013 SM-39, com in\u00edcio na PB- 248 e final com a estrada SM-33, de acordo com a Lei Municipal n\u00ba 1.531\/2023.<\/p>\n<p>Foi aprovado o projeto de lei 766\/2023, de autoria do vereador Jos\u00e9 Ant\u00f4nio, que denomina de Estrada Genilda Farias Diniz Ferreira a Estrada Po\u00e7o da Pedra (Acesso a Escola), Sigla \u2013 SM-504, com in\u00edcio a estrada SM-488, de acordo com a Lei Municipal n\u00ba 1.531\/2023.<\/p>\n<p>Ant\u00f4nio Carlos apresentou voto de Pesar \u00e0 fam\u00edlia da Senhora Margareth Soares. O vereador apresentou ainda, voto de Pesar a Fam\u00edlia da Senhora Maria do Socorro Limeira.<\/p>\n<p><a href=\"https:\/\/noticiasemdestaque.com\/cd\/wp-content\/uploads\/2023\/08\/antonio-carlos.jpg\"><img decoding=\"async\" class=\" wp-image-50693 aligncenter\" src=\"https:\/\/noticiasemdestaque.com\/cd\/wp-content\/uploads\/2023\/08\/antonio-carlos-219x300.jpg\" alt=\"\" width=\"435\" height=\"596\" srcset=\"https:\/\/noticiasemdestaque.com\/cd\/wp-content\/uploads\/2023\/08\/antonio-carlos-219x300.jpg 219w, https:\/\/noticiasemdestaque.com\/cd\/wp-content\/uploads\/2023\/08\/antonio-carlos-748x1024.jpg 748w, https:\/\/noticiasemdestaque.com\/cd\/wp-content\/uploads\/2023\/08\/antonio-carlos-768x1051.jpg 768w, https:\/\/noticiasemdestaque.com\/cd\/wp-content\/uploads\/2023\/08\/antonio-carlos-1122x1536.jpg 1122w, https:\/\/noticiasemdestaque.com\/cd\/wp-content\/uploads\/2023\/08\/antonio-carlos-9x12.jpg 9w, https:\/\/noticiasemdestaque.com\/cd\/wp-content\/uploads\/2023\/08\/antonio-carlos.jpg 1169w\" sizes=\"(max-width: 435px) 100vw, 435px\" \/><\/a><\/p>\n<p>O vereador Cordeirinho Moto Pe\u00e7as apresentou requerimento solicitando a limpeza na Rua Luiz Grande no Bairro Frei Dami\u00e3o. O Vereador apresentou ainda, requerimento verbal solicitando ilumina\u00e7\u00e3o no ponto de \u00f4nibus localizado no Conjunto Habitacional Sebasti\u00e3o Vitorino.<\/p>\n<p><a href=\"https:\/\/noticiasemdestaque.com\/cd\/wp-content\/uploads\/2023\/08\/cordeirinho.jpg\"><img loading=\"lazy\" decoding=\"async\" class=\" wp-image-50692 aligncenter\" src=\"https:\/\/noticiasemdestaque.com\/cd\/wp-content\/uploads\/2023\/08\/cordeirinho-279x300.jpg\" alt=\"\" width=\"672\" height=\"723\" srcset=\"https:\/\/noticiasemdestaque.com\/cd\/wp-content\/uploads\/2023\/08\/cordeirinho-279x300.jpg 279w, https:\/\/noticiasemdestaque.com\/cd\/wp-content\/uploads\/2023\/08\/cordeirinho-953x1024.jpg 953w, https:\/\/noticiasemdestaque.com\/cd\/wp-content\/uploads\/2023\/08\/cordeirinho-768x825.jpg 768w, https:\/\/noticiasemdestaque.com\/cd\/wp-content\/uploads\/2023\/08\/cordeirinho-1429x1536.jpg 1429w, https:\/\/noticiasemdestaque.com\/cd\/wp-content\/uploads\/2023\/08\/cordeirinho-11x12.jpg 11w, https:\/\/noticiasemdestaque.com\/cd\/wp-content\/uploads\/2023\/08\/cordeirinho.jpg 1489w\" sizes=\"(max-width: 672px) 100vw, 672px\" \/><\/a><\/p>\n<p><strong>Noticias em Destaque<\/strong><\/p>\n<p style=\"text-align: right;\"><em>Fonte: Ascom\/C\u00e2mara<\/em><\/p>\n","protected":false},"excerpt":{"rendered":"<p>Os vereadores que comp\u00f5em o Poder Legislativo do munic\u00edpio de Sum\u00e9 estiveram reunidos na noite desta quarta-feira (09). Foi aprovado o projeto 780\/2023, de autoria do Poder Executivo, que institui no Munic\u00edpio de Sum\u00e9 a Pol\u00edtica municipal de Busca Ativa das crian\u00e7as e jovens em idade pr\u00f3pria para a educa\u00e7\u00e3o b\u00e1sica obrigat\u00f3ria, assegurando o acesso universal das crian\u00e7as e jovens de 6 (seis) a 17 (dezessete anos) \u00e0 educa\u00e7\u00e3o b\u00e1sica obrigat\u00f3ria, compreendendo a educa\u00e7\u00e3o pr\u00e9-escolar, o ensino fundamental e o ensino m\u00e9dio. Foi aprovado o projeto de lei 757\/2023, de autoria do Poder Executivo, que Altera a Lei Municipal n\u00ba 1.200, de 21 de setembro de 2016 que trata sobre o Plano de Amortiza\u00e7\u00e3o Atuarial. Foi aprovado o projeto de lei 784\/2023, de autoria do Poder Executivo, que disp\u00f5e sobre altera\u00e7\u00e3o do quadro de cargos de provimento efetivo do Poder Executivo Municipal. Para os fins previstos nesta Lei, fica ampliado o n\u00famero de vagas dos cargos de provimento efetivo da Administra\u00e7\u00e3o Municipal, conforme disp\u00f5e a Lei n\u00ba 1.314\/2019 \u2013 Professor do Ensino Fundamental II \u2013 Licenciatura em Educa\u00e7\u00e3o. Foi aprovado o projeto de lei 764\/2023, de autoria do vereador Jos\u00e9 Ant\u00f4nio, que denomina de Estrada Jo\u00e3o Caetano de Ara\u00fajo a Estrada do Pio X, Pau d\u2019Arco, Sigla \u2013 SM-25, com in\u00edcio na estrada SM-39 e final com a estrada SM-60, de acordo com a Lei Municipal n\u00ba 1.531\/2023. Foi aprovado o projeto de lei 765\/2023, de autoria do vereador Jos\u00e9 Ant\u00f4nio, que denomina de Estrada Jo\u00e3o Miguel da Silva a Estrada do Cabe\u00e7a Branca, Pau d\u2019Arco, Cai\u00e7ara, Nanico, Po\u00e7o do Boi, Sigla \u2013 SM-39, com in\u00edcio na PB- 248 e final com a estrada SM-33, de acordo com a Lei Municipal n\u00ba 1.531\/2023. Foi aprovado o projeto de lei 766\/2023, de autoria do vereador Jos\u00e9 Ant\u00f4nio, que denomina de Estrada Genilda Farias Diniz Ferreira a Estrada Po\u00e7o da Pedra (Acesso a Escola), Sigla \u2013 SM-504, com in\u00edcio a estrada SM-488, de acordo com a Lei Municipal n\u00ba 1.531\/2023. Ant\u00f4nio Carlos apresentou voto de Pesar \u00e0 fam\u00edlia da Senhora Margareth Soares. O vereador apresentou ainda, voto de Pesar a Fam\u00edlia da Senhora Maria do Socorro Limeira. O vereador Cordeirinho Moto Pe\u00e7as apresentou requerimento solicitando a limpeza na Rua Luiz Grande no Bairro Frei Dami\u00e3o. O Vereador apresentou ainda, requerimento verbal solicitando ilumina\u00e7\u00e3o no ponto de \u00f4nibus localizado no Conjunto Habitacional Sebasti\u00e3o Vitorino. Noticias em Destaque Fonte: Ascom\/C\u00e2mara<\/p>\n","protected":false},"author":2,"featured_media":50691,"comment_status":"closed","ping_status":"open","sticky":false,"template":"","format":"standard","meta":{"_eb_attr":"","_jetpack_memberships_contains_paid_content":false,"footnotes":""},"categories":[4],"tags":[],"class_list":["post-50689","post","type-post","status-publish","format-standard","has-post-thumbnail","hentry","category-politica"],"yoast_head":"<!-- This site is optimized with the Yoast SEO plugin v26.5 - https:\/\/yoast.com\/wordpress\/plugins\/seo\/ -->\n<title>Vereadores aprovam projetos e requerimentos na sess\u00e3o desta quarta-feira da C\u00e2mara de Sum\u00e9 - Not&iacute;cias em Destaque<\/title>\n<meta name=\"robots\" content=\"index, follow, max-snippet:-1, max-image-preview:large, max-video-preview:-1\" \/>\n<link rel=\"canonical\" href=\"https:\/\/noticiasemdestaque.com\/cd\/?p=50689\" \/>\n<meta property=\"og:locale\" content=\"pt_BR\" \/>\n<meta property=\"og:type\" content=\"article\" \/>\n<meta property=\"og:title\" content=\"Vereadores aprovam projetos e requerimentos na sess\u00e3o desta quarta-feira da C\u00e2mara de Sum\u00e9 - Not&iacute;cias em Destaque\" \/>\n<meta property=\"og:description\" content=\"Os vereadores que comp\u00f5em o Poder Legislativo do munic\u00edpio de Sum\u00e9 estiveram reunidos na noite desta quarta-feira (09). Foi aprovado o projeto 780\/2023, de autoria do Poder Executivo, que institui no Munic\u00edpio de Sum\u00e9 a Pol\u00edtica municipal de Busca Ativa das crian\u00e7as e jovens em idade pr\u00f3pria para a educa\u00e7\u00e3o b\u00e1sica obrigat\u00f3ria, assegurando o acesso universal das crian\u00e7as e jovens de 6 (seis) a 17 (dezessete anos) \u00e0 educa\u00e7\u00e3o b\u00e1sica obrigat\u00f3ria, compreendendo a educa\u00e7\u00e3o pr\u00e9-escolar, o ensino fundamental e o ensino m\u00e9dio. Foi aprovado o projeto de lei 757\/2023, de autoria do Poder Executivo, que Altera a Lei Municipal n\u00ba 1.200, de 21 de setembro de 2016 que trata sobre o Plano de Amortiza\u00e7\u00e3o Atuarial. Foi aprovado o projeto de lei 784\/2023, de autoria do Poder Executivo, que disp\u00f5e sobre altera\u00e7\u00e3o do quadro de cargos de provimento efetivo do Poder Executivo Municipal. Para os fins previstos nesta Lei, fica ampliado o n\u00famero de vagas dos cargos de provimento efetivo da Administra\u00e7\u00e3o Municipal, conforme disp\u00f5e a Lei n\u00ba 1.314\/2019 \u2013 Professor do Ensino Fundamental II \u2013 Licenciatura em Educa\u00e7\u00e3o. Foi aprovado o projeto de lei 764\/2023, de autoria do vereador Jos\u00e9 Ant\u00f4nio, que denomina de Estrada Jo\u00e3o Caetano de Ara\u00fajo a Estrada do Pio X, Pau d\u2019Arco, Sigla \u2013 SM-25, com in\u00edcio na estrada SM-39 e final com a estrada SM-60, de acordo com a Lei Municipal n\u00ba 1.531\/2023. Foi aprovado o projeto de lei 765\/2023, de autoria do vereador Jos\u00e9 Ant\u00f4nio, que denomina de Estrada Jo\u00e3o Miguel da Silva a Estrada do Cabe\u00e7a Branca, Pau d\u2019Arco, Cai\u00e7ara, Nanico, Po\u00e7o do Boi, Sigla \u2013 SM-39, com in\u00edcio na PB- 248 e final com a estrada SM-33, de acordo com a Lei Municipal n\u00ba 1.531\/2023. Foi aprovado o projeto de lei 766\/2023, de autoria do vereador Jos\u00e9 Ant\u00f4nio, que denomina de Estrada Genilda Farias Diniz Ferreira a Estrada Po\u00e7o da Pedra (Acesso a Escola), Sigla \u2013 SM-504, com in\u00edcio a estrada SM-488, de acordo com a Lei Municipal n\u00ba 1.531\/2023. Ant\u00f4nio Carlos apresentou voto de Pesar \u00e0 fam\u00edlia da Senhora Margareth Soares. O vereador apresentou ainda, voto de Pesar a Fam\u00edlia da Senhora Maria do Socorro Limeira. O vereador Cordeirinho Moto Pe\u00e7as apresentou requerimento solicitando a limpeza na Rua Luiz Grande no Bairro Frei Dami\u00e3o. O Vereador apresentou ainda, requerimento verbal solicitando ilumina\u00e7\u00e3o no ponto de \u00f4nibus localizado no Conjunto Habitacional Sebasti\u00e3o Vitorino. Noticias em Destaque Fonte: Ascom\/C\u00e2mara\" \/>\n<meta property=\"og:url\" content=\"https:\/\/noticiasemdestaque.com\/cd\/?p=50689\" \/>\n<meta property=\"og:site_name\" content=\"Not&iacute;cias em Destaque\" \/>\n<meta property=\"article:published_time\" content=\"2023-08-10T21:46:16+00:00\" \/>\n<meta property=\"og:image\" content=\"https:\/\/noticiasemdestaque.com\/cd\/wp-content\/uploads\/2023\/08\/capa.jpg\" \/>\n\t<meta property=\"og:image:width\" content=\"1600\" \/>\n\t<meta property=\"og:image:height\" content=\"1066\" \/>\n\t<meta property=\"og:image:type\" content=\"image\/jpeg\" \/>\n<meta name=\"author\" content=\"Not\u00edcias em Destaque\" \/>\n<meta name=\"twitter:card\" content=\"summary_large_image\" \/>\n<meta name=\"twitter:label1\" content=\"Escrito por\" \/>\n\t<meta name=\"twitter:data1\" content=\"Not\u00edcias em Destaque\" \/>\n\t<meta name=\"twitter:label2\" content=\"Est. tempo de leitura\" \/>\n\t<meta name=\"twitter:data2\" content=\"3 minutos\" \/>\n<script type=\"application\/ld+json\" class=\"yoast-schema-graph\">{\"@context\":\"https:\/\/schema.org\",\"@graph\":[{\"@type\":\"Article\",\"@id\":\"https:\/\/noticiasemdestaque.com\/cd\/?p=50689#article\",\"isPartOf\":{\"@id\":\"https:\/\/noticiasemdestaque.com\/cd\/?p=50689\"},\"author\":{\"name\":\"Not\u00edcias em Destaque\",\"@id\":\"https:\/\/noticiasemdestaque.com\/cd\/#\/schema\/person\/21320b03a7e8bb90128938dafc9b908a\"},\"headline\":\"Vereadores aprovam projetos e requerimentos na sess\u00e3o desta quarta-feira da C\u00e2mara de Sum\u00e9\",\"datePublished\":\"2023-08-10T21:46:16+00:00\",\"mainEntityOfPage\":{\"@id\":\"https:\/\/noticiasemdestaque.com\/cd\/?p=50689\"},\"wordCount\":434,\"publisher\":{\"@id\":\"https:\/\/noticiasemdestaque.com\/cd\/#organization\"},\"image\":{\"@id\":\"https:\/\/noticiasemdestaque.com\/cd\/?p=50689#primaryimage\"},\"thumbnailUrl\":\"https:\/\/noticiasemdestaque.com\/cd\/wp-content\/uploads\/2023\/08\/capa.jpg\",\"articleSection\":[\"Pol\u00edtica\"],\"inLanguage\":\"pt-BR\"},{\"@type\":\"WebPage\",\"@id\":\"https:\/\/noticiasemdestaque.com\/cd\/?p=50689\",\"url\":\"https:\/\/noticiasemdestaque.com\/cd\/?p=50689\",\"name\":\"Vereadores aprovam projetos e requerimentos na sess\u00e3o desta quarta-feira da C\u00e2mara de Sum\u00e9 - Not&iacute;cias em Destaque\",\"isPartOf\":{\"@id\":\"https:\/\/noticiasemdestaque.com\/cd\/#website\"},\"primaryImageOfPage\":{\"@id\":\"https:\/\/noticiasemdestaque.com\/cd\/?p=50689#primaryimage\"},\"image\":{\"@id\":\"https:\/\/noticiasemdestaque.com\/cd\/?p=50689#primaryimage\"},\"thumbnailUrl\":\"https:\/\/noticiasemdestaque.com\/cd\/wp-content\/uploads\/2023\/08\/capa.jpg\",\"datePublished\":\"2023-08-10T21:46:16+00:00\",\"breadcrumb\":{\"@id\":\"https:\/\/noticiasemdestaque.com\/cd\/?p=50689#breadcrumb\"},\"inLanguage\":\"pt-BR\",\"potentialAction\":[{\"@type\":\"ReadAction\",\"target\":[\"https:\/\/noticiasemdestaque.com\/cd\/?p=50689\"]}]},{\"@type\":\"ImageObject\",\"inLanguage\":\"pt-BR\",\"@id\":\"https:\/\/noticiasemdestaque.com\/cd\/?p=50689#primaryimage\",\"url\":\"https:\/\/noticiasemdestaque.com\/cd\/wp-content\/uploads\/2023\/08\/capa.jpg\",\"contentUrl\":\"https:\/\/noticiasemdestaque.com\/cd\/wp-content\/uploads\/2023\/08\/capa.jpg\",\"width\":1600,\"height\":1066},{\"@type\":\"BreadcrumbList\",\"@id\":\"https:\/\/noticiasemdestaque.com\/cd\/?p=50689#breadcrumb\",\"itemListElement\":[{\"@type\":\"ListItem\",\"position\":1,\"name\":\"In\u00edcio\",\"item\":\"https:\/\/noticiasemdestaque.com\/cd\/\"},{\"@type\":\"ListItem\",\"position\":2,\"name\":\"Vereadores aprovam projetos e requerimentos na sess\u00e3o desta quarta-feira da C\u00e2mara de Sum\u00e9\"}]},{\"@type\":\"WebSite\",\"@id\":\"https:\/\/noticiasemdestaque.com\/cd\/#website\",\"url\":\"https:\/\/noticiasemdestaque.com\/cd\/\",\"name\":\"Not&iacute;cias em Destaque\",\"description\":\"\",\"publisher\":{\"@id\":\"https:\/\/noticiasemdestaque.com\/cd\/#organization\"},\"potentialAction\":[{\"@type\":\"SearchAction\",\"target\":{\"@type\":\"EntryPoint\",\"urlTemplate\":\"https:\/\/noticiasemdestaque.com\/cd\/?s={search_term_string}\"},\"query-input\":{\"@type\":\"PropertyValueSpecification\",\"valueRequired\":true,\"valueName\":\"search_term_string\"}}],\"inLanguage\":\"pt-BR\"},{\"@type\":\"Organization\",\"@id\":\"https:\/\/noticiasemdestaque.com\/cd\/#organization\",\"name\":\"Not\u00edcias em Destaque\",\"url\":\"https:\/\/noticiasemdestaque.com\/cd\/\",\"logo\":{\"@type\":\"ImageObject\",\"inLanguage\":\"pt-BR\",\"@id\":\"https:\/\/noticiasemdestaque.com\/cd\/#\/schema\/logo\/image\/\",\"url\":\"https:\/\/noticiasemdestaque.com\/cd\/wp-content\/uploads\/2022\/05\/imagem-base-noticiasemdestaque.png\",\"contentUrl\":\"https:\/\/noticiasemdestaque.com\/cd\/wp-content\/uploads\/2022\/05\/imagem-base-noticiasemdestaque.png\",\"width\":1200,\"height\":630,\"caption\":\"Not\u00edcias em Destaque\"},\"image\":{\"@id\":\"https:\/\/noticiasemdestaque.com\/cd\/#\/schema\/logo\/image\/\"}},{\"@type\":\"Person\",\"@id\":\"https:\/\/noticiasemdestaque.com\/cd\/#\/schema\/person\/21320b03a7e8bb90128938dafc9b908a\",\"name\":\"Not\u00edcias em Destaque\",\"url\":\"https:\/\/noticiasemdestaque.com\/cd\/?author=2\"}]}<\/script>\n<!-- \/ Yoast SEO plugin. -->","yoast_head_json":{"title":"Vereadores aprovam projetos e requerimentos na sess\u00e3o desta quarta-feira da C\u00e2mara de Sum\u00e9 - Not&iacute;cias em Destaque","robots":{"index":"index","follow":"follow","max-snippet":"max-snippet:-1","max-image-preview":"max-image-preview:large","max-video-preview":"max-video-preview:-1"},"canonical":"https:\/\/noticiasemdestaque.com\/cd\/?p=50689","og_locale":"pt_BR","og_type":"article","og_title":"Vereadores aprovam projetos e requerimentos na sess\u00e3o desta quarta-feira da C\u00e2mara de Sum\u00e9 - Not&iacute;cias em Destaque","og_description":"Os vereadores que comp\u00f5em o Poder Legislativo do munic\u00edpio de Sum\u00e9 estiveram reunidos na noite desta quarta-feira (09). Foi aprovado o projeto 780\/2023, de autoria do Poder Executivo, que institui no Munic\u00edpio de Sum\u00e9 a Pol\u00edtica municipal de Busca Ativa das crian\u00e7as e jovens em idade pr\u00f3pria para a educa\u00e7\u00e3o b\u00e1sica obrigat\u00f3ria, assegurando o acesso universal das crian\u00e7as e jovens de 6 (seis) a 17 (dezessete anos) \u00e0 educa\u00e7\u00e3o b\u00e1sica obrigat\u00f3ria, compreendendo a educa\u00e7\u00e3o pr\u00e9-escolar, o ensino fundamental e o ensino m\u00e9dio. Foi aprovado o projeto de lei 757\/2023, de autoria do Poder Executivo, que Altera a Lei Municipal n\u00ba 1.200, de 21 de setembro de 2016 que trata sobre o Plano de Amortiza\u00e7\u00e3o Atuarial. Foi aprovado o projeto de lei 784\/2023, de autoria do Poder Executivo, que disp\u00f5e sobre altera\u00e7\u00e3o do quadro de cargos de provimento efetivo do Poder Executivo Municipal. Para os fins previstos nesta Lei, fica ampliado o n\u00famero de vagas dos cargos de provimento efetivo da Administra\u00e7\u00e3o Municipal, conforme disp\u00f5e a Lei n\u00ba 1.314\/2019 \u2013 Professor do Ensino Fundamental II \u2013 Licenciatura em Educa\u00e7\u00e3o. Foi aprovado o projeto de lei 764\/2023, de autoria do vereador Jos\u00e9 Ant\u00f4nio, que denomina de Estrada Jo\u00e3o Caetano de Ara\u00fajo a Estrada do Pio X, Pau d\u2019Arco, Sigla \u2013 SM-25, com in\u00edcio na estrada SM-39 e final com a estrada SM-60, de acordo com a Lei Municipal n\u00ba 1.531\/2023. Foi aprovado o projeto de lei 765\/2023, de autoria do vereador Jos\u00e9 Ant\u00f4nio, que denomina de Estrada Jo\u00e3o Miguel da Silva a Estrada do Cabe\u00e7a Branca, Pau d\u2019Arco, Cai\u00e7ara, Nanico, Po\u00e7o do Boi, Sigla \u2013 SM-39, com in\u00edcio na PB- 248 e final com a estrada SM-33, de acordo com a Lei Municipal n\u00ba 1.531\/2023. Foi aprovado o projeto de lei 766\/2023, de autoria do vereador Jos\u00e9 Ant\u00f4nio, que denomina de Estrada Genilda Farias Diniz Ferreira a Estrada Po\u00e7o da Pedra (Acesso a Escola), Sigla \u2013 SM-504, com in\u00edcio a estrada SM-488, de acordo com a Lei Municipal n\u00ba 1.531\/2023. Ant\u00f4nio Carlos apresentou voto de Pesar \u00e0 fam\u00edlia da Senhora Margareth Soares. O vereador apresentou ainda, voto de Pesar a Fam\u00edlia da Senhora Maria do Socorro Limeira. O vereador Cordeirinho Moto Pe\u00e7as apresentou requerimento solicitando a limpeza na Rua Luiz Grande no Bairro Frei Dami\u00e3o. O Vereador apresentou ainda, requerimento verbal solicitando ilumina\u00e7\u00e3o no ponto de \u00f4nibus localizado no Conjunto Habitacional Sebasti\u00e3o Vitorino. Noticias em Destaque Fonte: Ascom\/C\u00e2mara","og_url":"https:\/\/noticiasemdestaque.com\/cd\/?p=50689","og_site_name":"Not&iacute;cias em Destaque","article_published_time":"2023-08-10T21:46:16+00:00","og_image":[{"width":1600,"height":1066,"url":"https:\/\/noticiasemdestaque.com\/cd\/wp-content\/uploads\/2023\/08\/capa.jpg","type":"image\/jpeg"}],"author":"Not\u00edcias em Destaque","twitter_card":"summary_large_image","twitter_misc":{"Escrito por":"Not\u00edcias em Destaque","Est. tempo de leitura":"3 minutos"},"schema":{"@context":"https:\/\/schema.org","@graph":[{"@type":"Article","@id":"https:\/\/noticiasemdestaque.com\/cd\/?p=50689#article","isPartOf":{"@id":"https:\/\/noticiasemdestaque.com\/cd\/?p=50689"},"author":{"name":"Not\u00edcias em Destaque","@id":"https:\/\/noticiasemdestaque.com\/cd\/#\/schema\/person\/21320b03a7e8bb90128938dafc9b908a"},"headline":"Vereadores aprovam projetos e requerimentos na sess\u00e3o desta quarta-feira da C\u00e2mara de Sum\u00e9","datePublished":"2023-08-10T21:46:16+00:00","mainEntityOfPage":{"@id":"https:\/\/noticiasemdestaque.com\/cd\/?p=50689"},"wordCount":434,"publisher":{"@id":"https:\/\/noticiasemdestaque.com\/cd\/#organization"},"image":{"@id":"https:\/\/noticiasemdestaque.com\/cd\/?p=50689#primaryimage"},"thumbnailUrl":"https:\/\/noticiasemdestaque.com\/cd\/wp-content\/uploads\/2023\/08\/capa.jpg","articleSection":["Pol\u00edtica"],"inLanguage":"pt-BR"},{"@type":"WebPage","@id":"https:\/\/noticiasemdestaque.com\/cd\/?p=50689","url":"https:\/\/noticiasemdestaque.com\/cd\/?p=50689","name":"Vereadores aprovam projetos e requerimentos na sess\u00e3o desta quarta-feira da C\u00e2mara de Sum\u00e9 - Not&iacute;cias em Destaque","isPartOf":{"@id":"https:\/\/noticiasemdestaque.com\/cd\/#website"},"primaryImageOfPage":{"@id":"https:\/\/noticiasemdestaque.com\/cd\/?p=50689#primaryimage"},"image":{"@id":"https:\/\/noticiasemdestaque.com\/cd\/?p=50689#primaryimage"},"thumbnailUrl":"https:\/\/noticiasemdestaque.com\/cd\/wp-content\/uploads\/2023\/08\/capa.jpg","datePublished":"2023-08-10T21:46:16+00:00","breadcrumb":{"@id":"https:\/\/noticiasemdestaque.com\/cd\/?p=50689#breadcrumb"},"inLanguage":"pt-BR","potentialAction":[{"@type":"ReadAction","target":["https:\/\/noticiasemdestaque.com\/cd\/?p=50689"]}]},{"@type":"ImageObject","inLanguage":"pt-BR","@id":"https:\/\/noticiasemdestaque.com\/cd\/?p=50689#primaryimage","url":"https:\/\/noticiasemdestaque.com\/cd\/wp-content\/uploads\/2023\/08\/capa.jpg","contentUrl":"https:\/\/noticiasemdestaque.com\/cd\/wp-content\/uploads\/2023\/08\/capa.jpg","width":1600,"height":1066},{"@type":"BreadcrumbList","@id":"https:\/\/noticiasemdestaque.com\/cd\/?p=50689#breadcrumb","itemListElement":[{"@type":"ListItem","position":1,"name":"In\u00edcio","item":"https:\/\/noticiasemdestaque.com\/cd\/"},{"@type":"ListItem","position":2,"name":"Vereadores aprovam projetos e requerimentos na sess\u00e3o desta quarta-feira da C\u00e2mara de Sum\u00e9"}]},{"@type":"WebSite","@id":"https:\/\/noticiasemdestaque.com\/cd\/#website","url":"https:\/\/noticiasemdestaque.com\/cd\/","name":"Not&iacute;cias em Destaque","description":"","publisher":{"@id":"https:\/\/noticiasemdestaque.com\/cd\/#organization"},"potentialAction":[{"@type":"SearchAction","target":{"@type":"EntryPoint","urlTemplate":"https:\/\/noticiasemdestaque.com\/cd\/?s={search_term_string}"},"query-input":{"@type":"PropertyValueSpecification","valueRequired":true,"valueName":"search_term_string"}}],"inLanguage":"pt-BR"},{"@type":"Organization","@id":"https:\/\/noticiasemdestaque.com\/cd\/#organization","name":"Not\u00edcias em Destaque","url":"https:\/\/noticiasemdestaque.com\/cd\/","logo":{"@type":"ImageObject","inLanguage":"pt-BR","@id":"https:\/\/noticiasemdestaque.com\/cd\/#\/schema\/logo\/image\/","url":"https:\/\/noticiasemdestaque.com\/cd\/wp-content\/uploads\/2022\/05\/imagem-base-noticiasemdestaque.png","contentUrl":"https:\/\/noticiasemdestaque.com\/cd\/wp-content\/uploads\/2022\/05\/imagem-base-noticiasemdestaque.png","width":1200,"height":630,"caption":"Not\u00edcias em Destaque"},"image":{"@id":"https:\/\/noticiasemdestaque.com\/cd\/#\/schema\/logo\/image\/"}},{"@type":"Person","@id":"https:\/\/noticiasemdestaque.com\/cd\/#\/schema\/person\/21320b03a7e8bb90128938dafc9b908a","name":"Not\u00edcias em Destaque","url":"https:\/\/noticiasemdestaque.com\/cd\/?author=2"}]}},"jetpack_featured_media_url":"https:\/\/noticiasemdestaque.com\/cd\/wp-content\/uploads\/2023\/08\/capa.jpg","jetpack_sharing_enabled":true,"_links":{"self":[{"href":"https:\/\/noticiasemdestaque.com\/cd\/index.php?rest_route=\/wp\/v2\/posts\/50689","targetHints":{"allow":["GET"]}}],"collection":[{"href":"https:\/\/noticiasemdestaque.com\/cd\/index.php?rest_route=\/wp\/v2\/posts"}],"about":[{"href":"https:\/\/noticiasemdestaque.com\/cd\/index.php?rest_route=\/wp\/v2\/types\/post"}],"author":[{"embeddable":true,"href":"https:\/\/noticiasemdestaque.com\/cd\/index.php?rest_route=\/wp\/v2\/users\/2"}],"replies":[{"embeddable":true,"href":"https:\/\/noticiasemdestaque.com\/cd\/index.php?rest_route=%2Fwp%2Fv2%2Fcomments&post=50689"}],"version-history":[{"count":1,"href":"https:\/\/noticiasemdestaque.com\/cd\/index.php?rest_route=\/wp\/v2\/posts\/50689\/revisions"}],"predecessor-version":[{"id":50695,"href":"https:\/\/noticiasemdestaque.com\/cd\/index.php?rest_route=\/wp\/v2\/posts\/50689\/revisions\/50695"}],"wp:featuredmedia":[{"embeddable":true,"href":"https:\/\/noticiasemdestaque.com\/cd\/index.php?rest_route=\/wp\/v2\/media\/50691"}],"wp:attachment":[{"href":"https:\/\/noticiasemdestaque.com\/cd\/index.php?rest_route=%2Fwp%2Fv2%2Fmedia&parent=50689"}],"wp:term":[{"taxonomy":"category","embeddable":true,"href":"https:\/\/noticiasemdestaque.com\/cd\/index.php?rest_route=%2Fwp%2Fv2%2Fcategories&post=50689"},{"taxonomy":"post_tag","embeddable":true,"href":"https:\/\/noticiasemdestaque.com\/cd\/index.php?rest_route=%2Fwp%2Fv2%2Ftags&post=50689"}],"curies":[{"name":"wp","href":"https:\/\/api.w.org\/{rel}","templated":true}]}}