{"id":50685,"date":"2023-08-10T17:49:04","date_gmt":"2023-08-10T20:49:04","guid":{"rendered":"https:\/\/noticiasemdestaque.com\/cd\/?p=50685"},"modified":"2023-08-10T17:49:04","modified_gmt":"2023-08-10T20:49:04","slug":"governo-de-camalau-convoca-populacao-para-participar-do-orcamento-democratico-do-estado","status":"publish","type":"post","link":"https:\/\/noticiasemdestaque.com\/cd\/?p=50685","title":{"rendered":"Governo de Camala\u00fa convoca popula\u00e7\u00e3o para participar do Or\u00e7amento Democr\u00e1tico do Estado"},"content":{"rendered":"<p><a href=\"https:\/\/noticiasemdestaque.com\/cd\/wp-content\/uploads\/2023\/08\/Imagem-do-WhatsApp-de-2023-08-10-as-17.38.27.jpg\"><img fetchpriority=\"high\" decoding=\"async\" class=\" wp-image-50687 aligncenter\" src=\"https:\/\/noticiasemdestaque.com\/cd\/wp-content\/uploads\/2023\/08\/Imagem-do-WhatsApp-de-2023-08-10-as-17.38.27-300x300.jpg\" alt=\"\" width=\"609\" height=\"609\" srcset=\"https:\/\/noticiasemdestaque.com\/cd\/wp-content\/uploads\/2023\/08\/Imagem-do-WhatsApp-de-2023-08-10-as-17.38.27-300x300.jpg 300w, https:\/\/noticiasemdestaque.com\/cd\/wp-content\/uploads\/2023\/08\/Imagem-do-WhatsApp-de-2023-08-10-as-17.38.27-1024x1024.jpg 1024w, https:\/\/noticiasemdestaque.com\/cd\/wp-content\/uploads\/2023\/08\/Imagem-do-WhatsApp-de-2023-08-10-as-17.38.27-150x150.jpg 150w, https:\/\/noticiasemdestaque.com\/cd\/wp-content\/uploads\/2023\/08\/Imagem-do-WhatsApp-de-2023-08-10-as-17.38.27-768x768.jpg 768w, https:\/\/noticiasemdestaque.com\/cd\/wp-content\/uploads\/2023\/08\/Imagem-do-WhatsApp-de-2023-08-10-as-17.38.27-1536x1536.jpg 1536w, https:\/\/noticiasemdestaque.com\/cd\/wp-content\/uploads\/2023\/08\/Imagem-do-WhatsApp-de-2023-08-10-as-17.38.27-12x12.jpg 12w, https:\/\/noticiasemdestaque.com\/cd\/wp-content\/uploads\/2023\/08\/Imagem-do-WhatsApp-de-2023-08-10-as-17.38.27.jpg 1599w\" sizes=\"(max-width: 609px) 100vw, 609px\" \/><\/a><\/p>\n<p>O convite foi oficialmente feito pelo Governo Municipal de Camala\u00fa, sob a lideran\u00e7a do prefeito Bira Mariano. A ocasi\u00e3o \u00e9 a realiza\u00e7\u00e3o do Or\u00e7amento Democr\u00e1tico do Estado, evento agendado para esta sexta-feira (11). O intuito do encontro \u00e9 promover discuss\u00f5es e defini\u00e7\u00f5es quanto \u00e0s prioridades de investimentos destinados \u00e0 regi\u00e3o.<\/p>\n<p>O Or\u00e7amento Democr\u00e1tico serve como plataforma que permite aos cidad\u00e3os a oportunidade de exercerem uma participa\u00e7\u00e3o ativa nas decis\u00f5es que impactam diretamente o desenvolvimento das localidades. Camala\u00fa, alinhada a essa iniciativa, apresentar\u00e1 tr\u00eas propostas de destaque, todas voltadas ao avan\u00e7o e prosperidade do munic\u00edpio:<\/p>\n<p>1. Asfaltamento do trajeto entre Camala\u00fa e Monteiro via S\u00edtio Cangalha e Pitombeira<\/p>\n<p>2. Implanta\u00e7\u00e3o de um Polo T\u00eaxtil de Confec\u00e7\u00e3o e Renda<\/p>\n<p>3. Fornecimento de Energia Solar para Irrigantes e Ribeirinhos<\/p>\n<p>O prefeito Bira Mariano ressaltou a relev\u00e2ncia da ades\u00e3o da popula\u00e7\u00e3o nesse evento, enaltecendo-o como uma plataforma para a coes\u00e3o da comunidade e direcionamento dos investimentos de acordo com as necessidades inerentes ao munic\u00edpio.<\/p>\n<p>O or\u00e7amento democr\u00e1tico ocorrer\u00e1 no Gin\u00e1sio da Escola Estadual Jos\u00e9 Leite, situada em Monteiro, a partir das 19:00 horas. A fim de facilitar a participa\u00e7\u00e3o da comunidade camalauense, haver\u00e1 disponibilidade de \u00f4nibus a partir das 17:00 horas, partindo da pra\u00e7a de eventos\u00a0da\u00a0cidade.<\/p>\n<p><strong>Noticias em Destaque<\/strong><\/p>\n","protected":false},"excerpt":{"rendered":"<p>O convite foi oficialmente feito pelo Governo Municipal de Camala\u00fa, sob a lideran\u00e7a do prefeito Bira Mariano. A ocasi\u00e3o \u00e9 a realiza\u00e7\u00e3o do Or\u00e7amento Democr\u00e1tico do Estado, evento agendado para esta sexta-feira (11). O intuito do encontro \u00e9 promover discuss\u00f5es e defini\u00e7\u00f5es quanto \u00e0s prioridades de investimentos destinados \u00e0 regi\u00e3o. O Or\u00e7amento Democr\u00e1tico serve como plataforma que permite aos cidad\u00e3os a oportunidade de exercerem uma participa\u00e7\u00e3o ativa nas decis\u00f5es que impactam diretamente o desenvolvimento das localidades. Camala\u00fa, alinhada a essa iniciativa, apresentar\u00e1 tr\u00eas propostas de destaque, todas voltadas ao avan\u00e7o e prosperidade do munic\u00edpio: 1. Asfaltamento do trajeto entre Camala\u00fa e Monteiro via S\u00edtio Cangalha e Pitombeira 2. Implanta\u00e7\u00e3o de um Polo T\u00eaxtil de Confec\u00e7\u00e3o e Renda 3. Fornecimento de Energia Solar para Irrigantes e Ribeirinhos O prefeito Bira Mariano ressaltou a relev\u00e2ncia da ades\u00e3o da popula\u00e7\u00e3o nesse evento, enaltecendo-o como uma plataforma para a coes\u00e3o da comunidade e direcionamento dos investimentos de acordo com as necessidades inerentes ao munic\u00edpio. O or\u00e7amento democr\u00e1tico ocorrer\u00e1 no Gin\u00e1sio da Escola Estadual Jos\u00e9 Leite, situada em Monteiro, a partir das 19:00 horas. A fim de facilitar a participa\u00e7\u00e3o da comunidade camalauense, haver\u00e1 disponibilidade de \u00f4nibus a partir das 17:00 horas, partindo da pra\u00e7a de eventos\u00a0da\u00a0cidade. Noticias em Destaque<\/p>\n","protected":false},"author":2,"featured_media":50687,"comment_status":"closed","ping_status":"open","sticky":false,"template":"","format":"standard","meta":{"_eb_attr":"","_jetpack_memberships_contains_paid_content":false,"footnotes":""},"categories":[3],"tags":[],"class_list":["post-50685","post","type-post","status-publish","format-standard","has-post-thumbnail","hentry","category-cidades"],"yoast_head":"<!-- This site is optimized with the Yoast SEO plugin v26.5 - https:\/\/yoast.com\/wordpress\/plugins\/seo\/ -->\n<title>Governo de Camala\u00fa convoca popula\u00e7\u00e3o para participar do Or\u00e7amento Democr\u00e1tico do Estado - Not&iacute;cias em Destaque<\/title>\n<meta name=\"robots\" content=\"index, follow, max-snippet:-1, max-image-preview:large, max-video-preview:-1\" \/>\n<link rel=\"canonical\" href=\"https:\/\/noticiasemdestaque.com\/cd\/?p=50685\" \/>\n<meta property=\"og:locale\" content=\"pt_BR\" \/>\n<meta property=\"og:type\" content=\"article\" \/>\n<meta property=\"og:title\" content=\"Governo de Camala\u00fa convoca popula\u00e7\u00e3o para participar do Or\u00e7amento Democr\u00e1tico do Estado - Not&iacute;cias em Destaque\" \/>\n<meta property=\"og:description\" content=\"O convite foi oficialmente feito pelo Governo Municipal de Camala\u00fa, sob a lideran\u00e7a do prefeito Bira Mariano. A ocasi\u00e3o \u00e9 a realiza\u00e7\u00e3o do Or\u00e7amento Democr\u00e1tico do Estado, evento agendado para esta sexta-feira (11). O intuito do encontro \u00e9 promover discuss\u00f5es e defini\u00e7\u00f5es quanto \u00e0s prioridades de investimentos destinados \u00e0 regi\u00e3o. O Or\u00e7amento Democr\u00e1tico serve como plataforma que permite aos cidad\u00e3os a oportunidade de exercerem uma participa\u00e7\u00e3o ativa nas decis\u00f5es que impactam diretamente o desenvolvimento das localidades. Camala\u00fa, alinhada a essa iniciativa, apresentar\u00e1 tr\u00eas propostas de destaque, todas voltadas ao avan\u00e7o e prosperidade do munic\u00edpio: 1. Asfaltamento do trajeto entre Camala\u00fa e Monteiro via S\u00edtio Cangalha e Pitombeira 2. Implanta\u00e7\u00e3o de um Polo T\u00eaxtil de Confec\u00e7\u00e3o e Renda 3. Fornecimento de Energia Solar para Irrigantes e Ribeirinhos O prefeito Bira Mariano ressaltou a relev\u00e2ncia da ades\u00e3o da popula\u00e7\u00e3o nesse evento, enaltecendo-o como uma plataforma para a coes\u00e3o da comunidade e direcionamento dos investimentos de acordo com as necessidades inerentes ao munic\u00edpio. O or\u00e7amento democr\u00e1tico ocorrer\u00e1 no Gin\u00e1sio da Escola Estadual Jos\u00e9 Leite, situada em Monteiro, a partir das 19:00 horas. A fim de facilitar a participa\u00e7\u00e3o da comunidade camalauense, haver\u00e1 disponibilidade de \u00f4nibus a partir das 17:00 horas, partindo da pra\u00e7a de eventos\u00a0da\u00a0cidade. Noticias em Destaque\" \/>\n<meta property=\"og:url\" content=\"https:\/\/noticiasemdestaque.com\/cd\/?p=50685\" \/>\n<meta property=\"og:site_name\" content=\"Not&iacute;cias em Destaque\" \/>\n<meta property=\"article:published_time\" content=\"2023-08-10T20:49:04+00:00\" \/>\n<meta property=\"og:image\" content=\"https:\/\/noticiasemdestaque.com\/cd\/wp-content\/uploads\/2023\/08\/Imagem-do-WhatsApp-de-2023-08-10-as-17.38.27.jpg\" \/>\n\t<meta property=\"og:image:width\" content=\"1599\" \/>\n\t<meta property=\"og:image:height\" content=\"1600\" \/>\n\t<meta property=\"og:image:type\" content=\"image\/jpeg\" \/>\n<meta name=\"author\" content=\"Not\u00edcias em Destaque\" \/>\n<meta name=\"twitter:card\" content=\"summary_large_image\" \/>\n<meta name=\"twitter:label1\" content=\"Escrito por\" \/>\n\t<meta name=\"twitter:data1\" content=\"Not\u00edcias em Destaque\" \/>\n\t<meta name=\"twitter:label2\" content=\"Est. tempo de leitura\" \/>\n\t<meta name=\"twitter:data2\" content=\"2 minutos\" \/>\n<script type=\"application\/ld+json\" class=\"yoast-schema-graph\">{\"@context\":\"https:\/\/schema.org\",\"@graph\":[{\"@type\":\"Article\",\"@id\":\"https:\/\/noticiasemdestaque.com\/cd\/?p=50685#article\",\"isPartOf\":{\"@id\":\"https:\/\/noticiasemdestaque.com\/cd\/?p=50685\"},\"author\":{\"name\":\"Not\u00edcias em Destaque\",\"@id\":\"https:\/\/noticiasemdestaque.com\/cd\/#\/schema\/person\/21320b03a7e8bb90128938dafc9b908a\"},\"headline\":\"Governo de Camala\u00fa convoca popula\u00e7\u00e3o para participar do Or\u00e7amento Democr\u00e1tico do Estado\",\"datePublished\":\"2023-08-10T20:49:04+00:00\",\"mainEntityOfPage\":{\"@id\":\"https:\/\/noticiasemdestaque.com\/cd\/?p=50685\"},\"wordCount\":243,\"publisher\":{\"@id\":\"https:\/\/noticiasemdestaque.com\/cd\/#organization\"},\"image\":{\"@id\":\"https:\/\/noticiasemdestaque.com\/cd\/?p=50685#primaryimage\"},\"thumbnailUrl\":\"https:\/\/noticiasemdestaque.com\/cd\/wp-content\/uploads\/2023\/08\/Imagem-do-WhatsApp-de-2023-08-10-as-17.38.27.jpg\",\"articleSection\":[\"Cidades\"],\"inLanguage\":\"pt-BR\"},{\"@type\":\"WebPage\",\"@id\":\"https:\/\/noticiasemdestaque.com\/cd\/?p=50685\",\"url\":\"https:\/\/noticiasemdestaque.com\/cd\/?p=50685\",\"name\":\"Governo de Camala\u00fa convoca popula\u00e7\u00e3o para participar do Or\u00e7amento Democr\u00e1tico do Estado - Not&iacute;cias em Destaque\",\"isPartOf\":{\"@id\":\"https:\/\/noticiasemdestaque.com\/cd\/#website\"},\"primaryImageOfPage\":{\"@id\":\"https:\/\/noticiasemdestaque.com\/cd\/?p=50685#primaryimage\"},\"image\":{\"@id\":\"https:\/\/noticiasemdestaque.com\/cd\/?p=50685#primaryimage\"},\"thumbnailUrl\":\"https:\/\/noticiasemdestaque.com\/cd\/wp-content\/uploads\/2023\/08\/Imagem-do-WhatsApp-de-2023-08-10-as-17.38.27.jpg\",\"datePublished\":\"2023-08-10T20:49:04+00:00\",\"breadcrumb\":{\"@id\":\"https:\/\/noticiasemdestaque.com\/cd\/?p=50685#breadcrumb\"},\"inLanguage\":\"pt-BR\",\"potentialAction\":[{\"@type\":\"ReadAction\",\"target\":[\"https:\/\/noticiasemdestaque.com\/cd\/?p=50685\"]}]},{\"@type\":\"ImageObject\",\"inLanguage\":\"pt-BR\",\"@id\":\"https:\/\/noticiasemdestaque.com\/cd\/?p=50685#primaryimage\",\"url\":\"https:\/\/noticiasemdestaque.com\/cd\/wp-content\/uploads\/2023\/08\/Imagem-do-WhatsApp-de-2023-08-10-as-17.38.27.jpg\",\"contentUrl\":\"https:\/\/noticiasemdestaque.com\/cd\/wp-content\/uploads\/2023\/08\/Imagem-do-WhatsApp-de-2023-08-10-as-17.38.27.jpg\",\"width\":1599,\"height\":1600},{\"@type\":\"BreadcrumbList\",\"@id\":\"https:\/\/noticiasemdestaque.com\/cd\/?p=50685#breadcrumb\",\"itemListElement\":[{\"@type\":\"ListItem\",\"position\":1,\"name\":\"In\u00edcio\",\"item\":\"https:\/\/noticiasemdestaque.com\/cd\/\"},{\"@type\":\"ListItem\",\"position\":2,\"name\":\"Governo de Camala\u00fa convoca popula\u00e7\u00e3o para participar do Or\u00e7amento Democr\u00e1tico do Estado\"}]},{\"@type\":\"WebSite\",\"@id\":\"https:\/\/noticiasemdestaque.com\/cd\/#website\",\"url\":\"https:\/\/noticiasemdestaque.com\/cd\/\",\"name\":\"Not&iacute;cias em Destaque\",\"description\":\"\",\"publisher\":{\"@id\":\"https:\/\/noticiasemdestaque.com\/cd\/#organization\"},\"potentialAction\":[{\"@type\":\"SearchAction\",\"target\":{\"@type\":\"EntryPoint\",\"urlTemplate\":\"https:\/\/noticiasemdestaque.com\/cd\/?s={search_term_string}\"},\"query-input\":{\"@type\":\"PropertyValueSpecification\",\"valueRequired\":true,\"valueName\":\"search_term_string\"}}],\"inLanguage\":\"pt-BR\"},{\"@type\":\"Organization\",\"@id\":\"https:\/\/noticiasemdestaque.com\/cd\/#organization\",\"name\":\"Not\u00edcias em Destaque\",\"url\":\"https:\/\/noticiasemdestaque.com\/cd\/\",\"logo\":{\"@type\":\"ImageObject\",\"inLanguage\":\"pt-BR\",\"@id\":\"https:\/\/noticiasemdestaque.com\/cd\/#\/schema\/logo\/image\/\",\"url\":\"https:\/\/noticiasemdestaque.com\/cd\/wp-content\/uploads\/2022\/05\/imagem-base-noticiasemdestaque.png\",\"contentUrl\":\"https:\/\/noticiasemdestaque.com\/cd\/wp-content\/uploads\/2022\/05\/imagem-base-noticiasemdestaque.png\",\"width\":1200,\"height\":630,\"caption\":\"Not\u00edcias em Destaque\"},\"image\":{\"@id\":\"https:\/\/noticiasemdestaque.com\/cd\/#\/schema\/logo\/image\/\"}},{\"@type\":\"Person\",\"@id\":\"https:\/\/noticiasemdestaque.com\/cd\/#\/schema\/person\/21320b03a7e8bb90128938dafc9b908a\",\"name\":\"Not\u00edcias em Destaque\",\"url\":\"https:\/\/noticiasemdestaque.com\/cd\/?author=2\"}]}<\/script>\n<!-- \/ Yoast SEO plugin. -->","yoast_head_json":{"title":"Governo de Camala\u00fa convoca popula\u00e7\u00e3o para participar do Or\u00e7amento Democr\u00e1tico do Estado - Not&iacute;cias em Destaque","robots":{"index":"index","follow":"follow","max-snippet":"max-snippet:-1","max-image-preview":"max-image-preview:large","max-video-preview":"max-video-preview:-1"},"canonical":"https:\/\/noticiasemdestaque.com\/cd\/?p=50685","og_locale":"pt_BR","og_type":"article","og_title":"Governo de Camala\u00fa convoca popula\u00e7\u00e3o para participar do Or\u00e7amento Democr\u00e1tico do Estado - Not&iacute;cias em Destaque","og_description":"O convite foi oficialmente feito pelo Governo Municipal de Camala\u00fa, sob a lideran\u00e7a do prefeito Bira Mariano. A ocasi\u00e3o \u00e9 a realiza\u00e7\u00e3o do Or\u00e7amento Democr\u00e1tico do Estado, evento agendado para esta sexta-feira (11). O intuito do encontro \u00e9 promover discuss\u00f5es e defini\u00e7\u00f5es quanto \u00e0s prioridades de investimentos destinados \u00e0 regi\u00e3o. O Or\u00e7amento Democr\u00e1tico serve como plataforma que permite aos cidad\u00e3os a oportunidade de exercerem uma participa\u00e7\u00e3o ativa nas decis\u00f5es que impactam diretamente o desenvolvimento das localidades. Camala\u00fa, alinhada a essa iniciativa, apresentar\u00e1 tr\u00eas propostas de destaque, todas voltadas ao avan\u00e7o e prosperidade do munic\u00edpio: 1. Asfaltamento do trajeto entre Camala\u00fa e Monteiro via S\u00edtio Cangalha e Pitombeira 2. Implanta\u00e7\u00e3o de um Polo T\u00eaxtil de Confec\u00e7\u00e3o e Renda 3. Fornecimento de Energia Solar para Irrigantes e Ribeirinhos O prefeito Bira Mariano ressaltou a relev\u00e2ncia da ades\u00e3o da popula\u00e7\u00e3o nesse evento, enaltecendo-o como uma plataforma para a coes\u00e3o da comunidade e direcionamento dos investimentos de acordo com as necessidades inerentes ao munic\u00edpio. O or\u00e7amento democr\u00e1tico ocorrer\u00e1 no Gin\u00e1sio da Escola Estadual Jos\u00e9 Leite, situada em Monteiro, a partir das 19:00 horas. A fim de facilitar a participa\u00e7\u00e3o da comunidade camalauense, haver\u00e1 disponibilidade de \u00f4nibus a partir das 17:00 horas, partindo da pra\u00e7a de eventos\u00a0da\u00a0cidade. Noticias em Destaque","og_url":"https:\/\/noticiasemdestaque.com\/cd\/?p=50685","og_site_name":"Not&iacute;cias em Destaque","article_published_time":"2023-08-10T20:49:04+00:00","og_image":[{"width":1599,"height":1600,"url":"https:\/\/noticiasemdestaque.com\/cd\/wp-content\/uploads\/2023\/08\/Imagem-do-WhatsApp-de-2023-08-10-as-17.38.27.jpg","type":"image\/jpeg"}],"author":"Not\u00edcias em Destaque","twitter_card":"summary_large_image","twitter_misc":{"Escrito por":"Not\u00edcias em Destaque","Est. tempo de leitura":"2 minutos"},"schema":{"@context":"https:\/\/schema.org","@graph":[{"@type":"Article","@id":"https:\/\/noticiasemdestaque.com\/cd\/?p=50685#article","isPartOf":{"@id":"https:\/\/noticiasemdestaque.com\/cd\/?p=50685"},"author":{"name":"Not\u00edcias em Destaque","@id":"https:\/\/noticiasemdestaque.com\/cd\/#\/schema\/person\/21320b03a7e8bb90128938dafc9b908a"},"headline":"Governo de Camala\u00fa convoca popula\u00e7\u00e3o para participar do Or\u00e7amento Democr\u00e1tico do Estado","datePublished":"2023-08-10T20:49:04+00:00","mainEntityOfPage":{"@id":"https:\/\/noticiasemdestaque.com\/cd\/?p=50685"},"wordCount":243,"publisher":{"@id":"https:\/\/noticiasemdestaque.com\/cd\/#organization"},"image":{"@id":"https:\/\/noticiasemdestaque.com\/cd\/?p=50685#primaryimage"},"thumbnailUrl":"https:\/\/noticiasemdestaque.com\/cd\/wp-content\/uploads\/2023\/08\/Imagem-do-WhatsApp-de-2023-08-10-as-17.38.27.jpg","articleSection":["Cidades"],"inLanguage":"pt-BR"},{"@type":"WebPage","@id":"https:\/\/noticiasemdestaque.com\/cd\/?p=50685","url":"https:\/\/noticiasemdestaque.com\/cd\/?p=50685","name":"Governo de Camala\u00fa convoca popula\u00e7\u00e3o para participar do Or\u00e7amento Democr\u00e1tico do Estado - Not&iacute;cias em Destaque","isPartOf":{"@id":"https:\/\/noticiasemdestaque.com\/cd\/#website"},"primaryImageOfPage":{"@id":"https:\/\/noticiasemdestaque.com\/cd\/?p=50685#primaryimage"},"image":{"@id":"https:\/\/noticiasemdestaque.com\/cd\/?p=50685#primaryimage"},"thumbnailUrl":"https:\/\/noticiasemdestaque.com\/cd\/wp-content\/uploads\/2023\/08\/Imagem-do-WhatsApp-de-2023-08-10-as-17.38.27.jpg","datePublished":"2023-08-10T20:49:04+00:00","breadcrumb":{"@id":"https:\/\/noticiasemdestaque.com\/cd\/?p=50685#breadcrumb"},"inLanguage":"pt-BR","potentialAction":[{"@type":"ReadAction","target":["https:\/\/noticiasemdestaque.com\/cd\/?p=50685"]}]},{"@type":"ImageObject","inLanguage":"pt-BR","@id":"https:\/\/noticiasemdestaque.com\/cd\/?p=50685#primaryimage","url":"https:\/\/noticiasemdestaque.com\/cd\/wp-content\/uploads\/2023\/08\/Imagem-do-WhatsApp-de-2023-08-10-as-17.38.27.jpg","contentUrl":"https:\/\/noticiasemdestaque.com\/cd\/wp-content\/uploads\/2023\/08\/Imagem-do-WhatsApp-de-2023-08-10-as-17.38.27.jpg","width":1599,"height":1600},{"@type":"BreadcrumbList","@id":"https:\/\/noticiasemdestaque.com\/cd\/?p=50685#breadcrumb","itemListElement":[{"@type":"ListItem","position":1,"name":"In\u00edcio","item":"https:\/\/noticiasemdestaque.com\/cd\/"},{"@type":"ListItem","position":2,"name":"Governo de Camala\u00fa convoca popula\u00e7\u00e3o para participar do Or\u00e7amento Democr\u00e1tico do Estado"}]},{"@type":"WebSite","@id":"https:\/\/noticiasemdestaque.com\/cd\/#website","url":"https:\/\/noticiasemdestaque.com\/cd\/","name":"Not&iacute;cias em Destaque","description":"","publisher":{"@id":"https:\/\/noticiasemdestaque.com\/cd\/#organization"},"potentialAction":[{"@type":"SearchAction","target":{"@type":"EntryPoint","urlTemplate":"https:\/\/noticiasemdestaque.com\/cd\/?s={search_term_string}"},"query-input":{"@type":"PropertyValueSpecification","valueRequired":true,"valueName":"search_term_string"}}],"inLanguage":"pt-BR"},{"@type":"Organization","@id":"https:\/\/noticiasemdestaque.com\/cd\/#organization","name":"Not\u00edcias em Destaque","url":"https:\/\/noticiasemdestaque.com\/cd\/","logo":{"@type":"ImageObject","inLanguage":"pt-BR","@id":"https:\/\/noticiasemdestaque.com\/cd\/#\/schema\/logo\/image\/","url":"https:\/\/noticiasemdestaque.com\/cd\/wp-content\/uploads\/2022\/05\/imagem-base-noticiasemdestaque.png","contentUrl":"https:\/\/noticiasemdestaque.com\/cd\/wp-content\/uploads\/2022\/05\/imagem-base-noticiasemdestaque.png","width":1200,"height":630,"caption":"Not\u00edcias em Destaque"},"image":{"@id":"https:\/\/noticiasemdestaque.com\/cd\/#\/schema\/logo\/image\/"}},{"@type":"Person","@id":"https:\/\/noticiasemdestaque.com\/cd\/#\/schema\/person\/21320b03a7e8bb90128938dafc9b908a","name":"Not\u00edcias em Destaque","url":"https:\/\/noticiasemdestaque.com\/cd\/?author=2"}]}},"jetpack_featured_media_url":"https:\/\/noticiasemdestaque.com\/cd\/wp-content\/uploads\/2023\/08\/Imagem-do-WhatsApp-de-2023-08-10-as-17.38.27.jpg","jetpack_sharing_enabled":true,"_links":{"self":[{"href":"https:\/\/noticiasemdestaque.com\/cd\/index.php?rest_route=\/wp\/v2\/posts\/50685","targetHints":{"allow":["GET"]}}],"collection":[{"href":"https:\/\/noticiasemdestaque.com\/cd\/index.php?rest_route=\/wp\/v2\/posts"}],"about":[{"href":"https:\/\/noticiasemdestaque.com\/cd\/index.php?rest_route=\/wp\/v2\/types\/post"}],"author":[{"embeddable":true,"href":"https:\/\/noticiasemdestaque.com\/cd\/index.php?rest_route=\/wp\/v2\/users\/2"}],"replies":[{"embeddable":true,"href":"https:\/\/noticiasemdestaque.com\/cd\/index.php?rest_route=%2Fwp%2Fv2%2Fcomments&post=50685"}],"version-history":[{"count":1,"href":"https:\/\/noticiasemdestaque.com\/cd\/index.php?rest_route=\/wp\/v2\/posts\/50685\/revisions"}],"predecessor-version":[{"id":50688,"href":"https:\/\/noticiasemdestaque.com\/cd\/index.php?rest_route=\/wp\/v2\/posts\/50685\/revisions\/50688"}],"wp:featuredmedia":[{"embeddable":true,"href":"https:\/\/noticiasemdestaque.com\/cd\/index.php?rest_route=\/wp\/v2\/media\/50687"}],"wp:attachment":[{"href":"https:\/\/noticiasemdestaque.com\/cd\/index.php?rest_route=%2Fwp%2Fv2%2Fmedia&parent=50685"}],"wp:term":[{"taxonomy":"category","embeddable":true,"href":"https:\/\/noticiasemdestaque.com\/cd\/index.php?rest_route=%2Fwp%2Fv2%2Fcategories&post=50685"},{"taxonomy":"post_tag","embeddable":true,"href":"https:\/\/noticiasemdestaque.com\/cd\/index.php?rest_route=%2Fwp%2Fv2%2Ftags&post=50685"}],"curies":[{"name":"wp","href":"https:\/\/api.w.org\/{rel}","templated":true}]}}