{"id":5067,"date":"2017-10-10T10:22:23","date_gmt":"2017-10-10T13:22:23","guid":{"rendered":"http:\/\/caririemdestaque.com\/cd\/?p=5067"},"modified":"2017-10-10T14:03:26","modified_gmt":"2017-10-10T17:03:26","slug":"jefferson-roberto-reduz-o-proprio-salario-de-auxiliares-e-faz-cortes-por-conta-da-crise","status":"publish","type":"post","link":"https:\/\/noticiasemdestaque.com\/cd\/?p=5067","title":{"rendered":"Jefferson Roberto reduz o pr\u00f3prio sal\u00e1rio, de auxiliares e faz cortes por conta da crise"},"content":{"rendered":"<p><a href=\"http:\/\/caririemdestaque.com\/cd\/wp-content\/uploads\/2017\/10\/timthumb-2.jpg\"><img decoding=\"async\" class=\"size-thumbnail wp-image-4807 alignleft\" src=\"http:\/\/caririemdestaque.com\/cd\/wp-content\/uploads\/2017\/10\/timthumb-2-150x150.jpg\" alt=\"\" width=\"150\" height=\"150\" \/><\/a>Segundo o decreto, os sal\u00e1rios do prefeito, vice e auxiliares ser\u00e1 reduzido em 15% pelos pr\u00f3ximos tr\u00eas meses ou por mais tempo se for necess\u00e1rio. As gratifica\u00e7\u00f5es e horas extras dos funcion\u00e1rios ser\u00e3o reduzidas em 50% nos pr\u00f3ximos meses, seja para cargos efetivos ou comissionados. O prefeito tamb\u00e9m determinou a redu\u00e7\u00e3o do quadro de contratados do munic\u00edpio pelos pr\u00f3ximos meses em v\u00e1rias secretarias.<\/p>\n<p>Ainda de acordo com o decreto, a frota municipal dever\u00e1 ser utilizada apenas para necessidades b\u00e1sicas e irremedi\u00e1veis como limpeza urbana, na sa\u00fade e educa\u00e7\u00e3o. As secretarias devem economizar em material de expediente e energia nas reparti\u00e7\u00f5es p\u00fablicas e redu\u00e7\u00e3o de todos os servi\u00e7os e a\u00e7\u00f5es que n\u00e3o sejam de essencial necessidade do p\u00fablico. Os investimentos p\u00fablicos tamb\u00e9m est\u00e3o suspensos, exceto aqueles necess\u00e1rios ao comprimento do percentual m\u00ednimo em sa\u00fade e educa\u00e7\u00e3o.<\/p>\n<p>O prefeito Jefferson Roberto disse que o munic\u00edpio foi impactado por uma forte queda de receitas e tais medidas foram inevit\u00e1veis para que a Prefeitura continuasse com o ritmo de organiza\u00e7\u00e3o e equil\u00edbrio estabelecido nos \u00faltimos anos. \u201cN\u00e3o \u00e9 com satisfa\u00e7\u00e3o que baixei esse decreto, mas fui eleito pela maioria da popula\u00e7\u00e3o do munic\u00edpio para administrar conquistas e dificuldades. O momento \u00e9 de dificuldade e especo a compreens\u00e3o de todos para que atravessemos essa turbul\u00eancia\u201d, pontuou.<\/p>\n<p><em><strong>Cariri em Destaque<\/strong><\/em><\/p>\n<p>Com De Olho no Cariri<\/p>\n","protected":false},"excerpt":{"rendered":"<p>Segundo o decreto, os sal\u00e1rios do prefeito, vice e auxiliares ser\u00e1 reduzido em 15% pelos pr\u00f3ximos tr\u00eas meses ou por mais tempo se for necess\u00e1rio. As gratifica\u00e7\u00f5es e horas extras dos funcion\u00e1rios ser\u00e3o reduzidas em 50% nos pr\u00f3ximos meses, seja para cargos efetivos ou comissionados. O prefeito tamb\u00e9m determinou a redu\u00e7\u00e3o do quadro de contratados do munic\u00edpio pelos pr\u00f3ximos meses em v\u00e1rias secretarias. Ainda de acordo com o decreto, a frota municipal dever\u00e1 ser utilizada apenas para necessidades b\u00e1sicas e irremedi\u00e1veis como limpeza urbana, na sa\u00fade e educa\u00e7\u00e3o. As secretarias devem economizar em material de expediente e energia nas reparti\u00e7\u00f5es p\u00fablicas e redu\u00e7\u00e3o de todos os servi\u00e7os e a\u00e7\u00f5es que n\u00e3o sejam de essencial necessidade do p\u00fablico. Os investimentos p\u00fablicos tamb\u00e9m est\u00e3o suspensos, exceto aqueles necess\u00e1rios ao comprimento do percentual m\u00ednimo em sa\u00fade e educa\u00e7\u00e3o. O prefeito Jefferson Roberto disse que o munic\u00edpio foi impactado por uma forte queda de receitas e tais medidas foram inevit\u00e1veis para que a Prefeitura continuasse com o ritmo de organiza\u00e7\u00e3o e equil\u00edbrio estabelecido nos \u00faltimos anos. \u201cN\u00e3o \u00e9 com satisfa\u00e7\u00e3o que baixei esse decreto, mas fui eleito pela maioria da popula\u00e7\u00e3o do munic\u00edpio para administrar conquistas e dificuldades. O momento \u00e9 de dificuldade e especo a compreens\u00e3o de todos para que atravessemos essa turbul\u00eancia\u201d, pontuou. Cariri em Destaque Com De Olho no Cariri<\/p>\n","protected":false},"author":2,"featured_media":4807,"comment_status":"closed","ping_status":"open","sticky":false,"template":"","format":"standard","meta":{"_eb_attr":"","_jetpack_memberships_contains_paid_content":false,"footnotes":""},"categories":[4],"tags":[],"class_list":["post-5067","post","type-post","status-publish","format-standard","has-post-thumbnail","hentry","category-politica"],"yoast_head":"<!-- This site is optimized with the Yoast SEO plugin v26.5 - https:\/\/yoast.com\/wordpress\/plugins\/seo\/ -->\n<title>Jefferson Roberto reduz o pr\u00f3prio sal\u00e1rio, de auxiliares e faz cortes por conta da crise - Not&iacute;cias em Destaque<\/title>\n<meta name=\"robots\" content=\"index, follow, max-snippet:-1, max-image-preview:large, max-video-preview:-1\" \/>\n<link rel=\"canonical\" href=\"https:\/\/noticiasemdestaque.com\/cd\/?p=5067\" \/>\n<meta property=\"og:locale\" content=\"pt_BR\" \/>\n<meta property=\"og:type\" content=\"article\" \/>\n<meta property=\"og:title\" content=\"Jefferson Roberto reduz o pr\u00f3prio sal\u00e1rio, de auxiliares e faz cortes por conta da crise - Not&iacute;cias em Destaque\" \/>\n<meta property=\"og:description\" content=\"Segundo o decreto, os sal\u00e1rios do prefeito, vice e auxiliares ser\u00e1 reduzido em 15% pelos pr\u00f3ximos tr\u00eas meses ou por mais tempo se for necess\u00e1rio. As gratifica\u00e7\u00f5es e horas extras dos funcion\u00e1rios ser\u00e3o reduzidas em 50% nos pr\u00f3ximos meses, seja para cargos efetivos ou comissionados. O prefeito tamb\u00e9m determinou a redu\u00e7\u00e3o do quadro de contratados do munic\u00edpio pelos pr\u00f3ximos meses em v\u00e1rias secretarias. Ainda de acordo com o decreto, a frota municipal dever\u00e1 ser utilizada apenas para necessidades b\u00e1sicas e irremedi\u00e1veis como limpeza urbana, na sa\u00fade e educa\u00e7\u00e3o. As secretarias devem economizar em material de expediente e energia nas reparti\u00e7\u00f5es p\u00fablicas e redu\u00e7\u00e3o de todos os servi\u00e7os e a\u00e7\u00f5es que n\u00e3o sejam de essencial necessidade do p\u00fablico. Os investimentos p\u00fablicos tamb\u00e9m est\u00e3o suspensos, exceto aqueles necess\u00e1rios ao comprimento do percentual m\u00ednimo em sa\u00fade e educa\u00e7\u00e3o. O prefeito Jefferson Roberto disse que o munic\u00edpio foi impactado por uma forte queda de receitas e tais medidas foram inevit\u00e1veis para que a Prefeitura continuasse com o ritmo de organiza\u00e7\u00e3o e equil\u00edbrio estabelecido nos \u00faltimos anos. \u201cN\u00e3o \u00e9 com satisfa\u00e7\u00e3o que baixei esse decreto, mas fui eleito pela maioria da popula\u00e7\u00e3o do munic\u00edpio para administrar conquistas e dificuldades. O momento \u00e9 de dificuldade e especo a compreens\u00e3o de todos para que atravessemos essa turbul\u00eancia\u201d, pontuou. Cariri em Destaque Com De Olho no Cariri\" \/>\n<meta property=\"og:url\" content=\"https:\/\/noticiasemdestaque.com\/cd\/?p=5067\" \/>\n<meta property=\"og:site_name\" content=\"Not&iacute;cias em Destaque\" \/>\n<meta property=\"article:published_time\" content=\"2017-10-10T13:22:23+00:00\" \/>\n<meta property=\"article:modified_time\" content=\"2017-10-10T17:03:26+00:00\" \/>\n<meta property=\"og:image\" content=\"https:\/\/noticiasemdestaque.com\/cd\/wp-content\/uploads\/2017\/10\/timthumb-2.jpg\" \/>\n\t<meta property=\"og:image:width\" content=\"547\" \/>\n\t<meta property=\"og:image:height\" content=\"398\" \/>\n\t<meta property=\"og:image:type\" content=\"image\/jpeg\" \/>\n<meta name=\"author\" content=\"Not\u00edcias em Destaque\" \/>\n<meta name=\"twitter:card\" content=\"summary_large_image\" \/>\n<meta name=\"twitter:label1\" content=\"Escrito por\" \/>\n\t<meta name=\"twitter:data1\" content=\"Not\u00edcias em Destaque\" \/>\n\t<meta name=\"twitter:label2\" content=\"Est. tempo de leitura\" \/>\n\t<meta name=\"twitter:data2\" content=\"1 minuto\" \/>\n<script type=\"application\/ld+json\" class=\"yoast-schema-graph\">{\"@context\":\"https:\/\/schema.org\",\"@graph\":[{\"@type\":\"Article\",\"@id\":\"https:\/\/noticiasemdestaque.com\/cd\/?p=5067#article\",\"isPartOf\":{\"@id\":\"https:\/\/noticiasemdestaque.com\/cd\/?p=5067\"},\"author\":{\"name\":\"Not\u00edcias em Destaque\",\"@id\":\"https:\/\/noticiasemdestaque.com\/cd\/#\/schema\/person\/21320b03a7e8bb90128938dafc9b908a\"},\"headline\":\"Jefferson Roberto reduz o pr\u00f3prio sal\u00e1rio, de auxiliares e faz cortes por conta da crise\",\"datePublished\":\"2017-10-10T13:22:23+00:00\",\"dateModified\":\"2017-10-10T17:03:26+00:00\",\"mainEntityOfPage\":{\"@id\":\"https:\/\/noticiasemdestaque.com\/cd\/?p=5067\"},\"wordCount\":273,\"publisher\":{\"@id\":\"https:\/\/noticiasemdestaque.com\/cd\/#organization\"},\"image\":{\"@id\":\"https:\/\/noticiasemdestaque.com\/cd\/?p=5067#primaryimage\"},\"thumbnailUrl\":\"https:\/\/noticiasemdestaque.com\/cd\/wp-content\/uploads\/2017\/10\/timthumb-2.jpg\",\"articleSection\":[\"Pol\u00edtica\"],\"inLanguage\":\"pt-BR\"},{\"@type\":\"WebPage\",\"@id\":\"https:\/\/noticiasemdestaque.com\/cd\/?p=5067\",\"url\":\"https:\/\/noticiasemdestaque.com\/cd\/?p=5067\",\"name\":\"Jefferson Roberto reduz o pr\u00f3prio sal\u00e1rio, de auxiliares e faz cortes por conta da crise - Not&iacute;cias em Destaque\",\"isPartOf\":{\"@id\":\"https:\/\/noticiasemdestaque.com\/cd\/#website\"},\"primaryImageOfPage\":{\"@id\":\"https:\/\/noticiasemdestaque.com\/cd\/?p=5067#primaryimage\"},\"image\":{\"@id\":\"https:\/\/noticiasemdestaque.com\/cd\/?p=5067#primaryimage\"},\"thumbnailUrl\":\"https:\/\/noticiasemdestaque.com\/cd\/wp-content\/uploads\/2017\/10\/timthumb-2.jpg\",\"datePublished\":\"2017-10-10T13:22:23+00:00\",\"dateModified\":\"2017-10-10T17:03:26+00:00\",\"breadcrumb\":{\"@id\":\"https:\/\/noticiasemdestaque.com\/cd\/?p=5067#breadcrumb\"},\"inLanguage\":\"pt-BR\",\"potentialAction\":[{\"@type\":\"ReadAction\",\"target\":[\"https:\/\/noticiasemdestaque.com\/cd\/?p=5067\"]}]},{\"@type\":\"ImageObject\",\"inLanguage\":\"pt-BR\",\"@id\":\"https:\/\/noticiasemdestaque.com\/cd\/?p=5067#primaryimage\",\"url\":\"https:\/\/noticiasemdestaque.com\/cd\/wp-content\/uploads\/2017\/10\/timthumb-2.jpg\",\"contentUrl\":\"https:\/\/noticiasemdestaque.com\/cd\/wp-content\/uploads\/2017\/10\/timthumb-2.jpg\",\"width\":547,\"height\":398},{\"@type\":\"BreadcrumbList\",\"@id\":\"https:\/\/noticiasemdestaque.com\/cd\/?p=5067#breadcrumb\",\"itemListElement\":[{\"@type\":\"ListItem\",\"position\":1,\"name\":\"In\u00edcio\",\"item\":\"https:\/\/noticiasemdestaque.com\/cd\/\"},{\"@type\":\"ListItem\",\"position\":2,\"name\":\"Jefferson Roberto reduz o pr\u00f3prio sal\u00e1rio, de auxiliares e faz cortes por conta da crise\"}]},{\"@type\":\"WebSite\",\"@id\":\"https:\/\/noticiasemdestaque.com\/cd\/#website\",\"url\":\"https:\/\/noticiasemdestaque.com\/cd\/\",\"name\":\"Not&iacute;cias em Destaque\",\"description\":\"\",\"publisher\":{\"@id\":\"https:\/\/noticiasemdestaque.com\/cd\/#organization\"},\"potentialAction\":[{\"@type\":\"SearchAction\",\"target\":{\"@type\":\"EntryPoint\",\"urlTemplate\":\"https:\/\/noticiasemdestaque.com\/cd\/?s={search_term_string}\"},\"query-input\":{\"@type\":\"PropertyValueSpecification\",\"valueRequired\":true,\"valueName\":\"search_term_string\"}}],\"inLanguage\":\"pt-BR\"},{\"@type\":\"Organization\",\"@id\":\"https:\/\/noticiasemdestaque.com\/cd\/#organization\",\"name\":\"Not\u00edcias em Destaque\",\"url\":\"https:\/\/noticiasemdestaque.com\/cd\/\",\"logo\":{\"@type\":\"ImageObject\",\"inLanguage\":\"pt-BR\",\"@id\":\"https:\/\/noticiasemdestaque.com\/cd\/#\/schema\/logo\/image\/\",\"url\":\"https:\/\/noticiasemdestaque.com\/cd\/wp-content\/uploads\/2022\/05\/imagem-base-noticiasemdestaque.png\",\"contentUrl\":\"https:\/\/noticiasemdestaque.com\/cd\/wp-content\/uploads\/2022\/05\/imagem-base-noticiasemdestaque.png\",\"width\":1200,\"height\":630,\"caption\":\"Not\u00edcias em Destaque\"},\"image\":{\"@id\":\"https:\/\/noticiasemdestaque.com\/cd\/#\/schema\/logo\/image\/\"}},{\"@type\":\"Person\",\"@id\":\"https:\/\/noticiasemdestaque.com\/cd\/#\/schema\/person\/21320b03a7e8bb90128938dafc9b908a\",\"name\":\"Not\u00edcias em Destaque\",\"url\":\"https:\/\/noticiasemdestaque.com\/cd\/?author=2\"}]}<\/script>\n<!-- \/ Yoast SEO plugin. -->","yoast_head_json":{"title":"Jefferson Roberto reduz o pr\u00f3prio sal\u00e1rio, de auxiliares e faz cortes por conta da crise - Not&iacute;cias em Destaque","robots":{"index":"index","follow":"follow","max-snippet":"max-snippet:-1","max-image-preview":"max-image-preview:large","max-video-preview":"max-video-preview:-1"},"canonical":"https:\/\/noticiasemdestaque.com\/cd\/?p=5067","og_locale":"pt_BR","og_type":"article","og_title":"Jefferson Roberto reduz o pr\u00f3prio sal\u00e1rio, de auxiliares e faz cortes por conta da crise - Not&iacute;cias em Destaque","og_description":"Segundo o decreto, os sal\u00e1rios do prefeito, vice e auxiliares ser\u00e1 reduzido em 15% pelos pr\u00f3ximos tr\u00eas meses ou por mais tempo se for necess\u00e1rio. As gratifica\u00e7\u00f5es e horas extras dos funcion\u00e1rios ser\u00e3o reduzidas em 50% nos pr\u00f3ximos meses, seja para cargos efetivos ou comissionados. O prefeito tamb\u00e9m determinou a redu\u00e7\u00e3o do quadro de contratados do munic\u00edpio pelos pr\u00f3ximos meses em v\u00e1rias secretarias. Ainda de acordo com o decreto, a frota municipal dever\u00e1 ser utilizada apenas para necessidades b\u00e1sicas e irremedi\u00e1veis como limpeza urbana, na sa\u00fade e educa\u00e7\u00e3o. As secretarias devem economizar em material de expediente e energia nas reparti\u00e7\u00f5es p\u00fablicas e redu\u00e7\u00e3o de todos os servi\u00e7os e a\u00e7\u00f5es que n\u00e3o sejam de essencial necessidade do p\u00fablico. Os investimentos p\u00fablicos tamb\u00e9m est\u00e3o suspensos, exceto aqueles necess\u00e1rios ao comprimento do percentual m\u00ednimo em sa\u00fade e educa\u00e7\u00e3o. O prefeito Jefferson Roberto disse que o munic\u00edpio foi impactado por uma forte queda de receitas e tais medidas foram inevit\u00e1veis para que a Prefeitura continuasse com o ritmo de organiza\u00e7\u00e3o e equil\u00edbrio estabelecido nos \u00faltimos anos. \u201cN\u00e3o \u00e9 com satisfa\u00e7\u00e3o que baixei esse decreto, mas fui eleito pela maioria da popula\u00e7\u00e3o do munic\u00edpio para administrar conquistas e dificuldades. O momento \u00e9 de dificuldade e especo a compreens\u00e3o de todos para que atravessemos essa turbul\u00eancia\u201d, pontuou. Cariri em Destaque Com De Olho no Cariri","og_url":"https:\/\/noticiasemdestaque.com\/cd\/?p=5067","og_site_name":"Not&iacute;cias em Destaque","article_published_time":"2017-10-10T13:22:23+00:00","article_modified_time":"2017-10-10T17:03:26+00:00","og_image":[{"width":547,"height":398,"url":"https:\/\/noticiasemdestaque.com\/cd\/wp-content\/uploads\/2017\/10\/timthumb-2.jpg","type":"image\/jpeg"}],"author":"Not\u00edcias em Destaque","twitter_card":"summary_large_image","twitter_misc":{"Escrito por":"Not\u00edcias em Destaque","Est. tempo de leitura":"1 minuto"},"schema":{"@context":"https:\/\/schema.org","@graph":[{"@type":"Article","@id":"https:\/\/noticiasemdestaque.com\/cd\/?p=5067#article","isPartOf":{"@id":"https:\/\/noticiasemdestaque.com\/cd\/?p=5067"},"author":{"name":"Not\u00edcias em Destaque","@id":"https:\/\/noticiasemdestaque.com\/cd\/#\/schema\/person\/21320b03a7e8bb90128938dafc9b908a"},"headline":"Jefferson Roberto reduz o pr\u00f3prio sal\u00e1rio, de auxiliares e faz cortes por conta da crise","datePublished":"2017-10-10T13:22:23+00:00","dateModified":"2017-10-10T17:03:26+00:00","mainEntityOfPage":{"@id":"https:\/\/noticiasemdestaque.com\/cd\/?p=5067"},"wordCount":273,"publisher":{"@id":"https:\/\/noticiasemdestaque.com\/cd\/#organization"},"image":{"@id":"https:\/\/noticiasemdestaque.com\/cd\/?p=5067#primaryimage"},"thumbnailUrl":"https:\/\/noticiasemdestaque.com\/cd\/wp-content\/uploads\/2017\/10\/timthumb-2.jpg","articleSection":["Pol\u00edtica"],"inLanguage":"pt-BR"},{"@type":"WebPage","@id":"https:\/\/noticiasemdestaque.com\/cd\/?p=5067","url":"https:\/\/noticiasemdestaque.com\/cd\/?p=5067","name":"Jefferson Roberto reduz o pr\u00f3prio sal\u00e1rio, de auxiliares e faz cortes por conta da crise - Not&iacute;cias em Destaque","isPartOf":{"@id":"https:\/\/noticiasemdestaque.com\/cd\/#website"},"primaryImageOfPage":{"@id":"https:\/\/noticiasemdestaque.com\/cd\/?p=5067#primaryimage"},"image":{"@id":"https:\/\/noticiasemdestaque.com\/cd\/?p=5067#primaryimage"},"thumbnailUrl":"https:\/\/noticiasemdestaque.com\/cd\/wp-content\/uploads\/2017\/10\/timthumb-2.jpg","datePublished":"2017-10-10T13:22:23+00:00","dateModified":"2017-10-10T17:03:26+00:00","breadcrumb":{"@id":"https:\/\/noticiasemdestaque.com\/cd\/?p=5067#breadcrumb"},"inLanguage":"pt-BR","potentialAction":[{"@type":"ReadAction","target":["https:\/\/noticiasemdestaque.com\/cd\/?p=5067"]}]},{"@type":"ImageObject","inLanguage":"pt-BR","@id":"https:\/\/noticiasemdestaque.com\/cd\/?p=5067#primaryimage","url":"https:\/\/noticiasemdestaque.com\/cd\/wp-content\/uploads\/2017\/10\/timthumb-2.jpg","contentUrl":"https:\/\/noticiasemdestaque.com\/cd\/wp-content\/uploads\/2017\/10\/timthumb-2.jpg","width":547,"height":398},{"@type":"BreadcrumbList","@id":"https:\/\/noticiasemdestaque.com\/cd\/?p=5067#breadcrumb","itemListElement":[{"@type":"ListItem","position":1,"name":"In\u00edcio","item":"https:\/\/noticiasemdestaque.com\/cd\/"},{"@type":"ListItem","position":2,"name":"Jefferson Roberto reduz o pr\u00f3prio sal\u00e1rio, de auxiliares e faz cortes por conta da crise"}]},{"@type":"WebSite","@id":"https:\/\/noticiasemdestaque.com\/cd\/#website","url":"https:\/\/noticiasemdestaque.com\/cd\/","name":"Not&iacute;cias em Destaque","description":"","publisher":{"@id":"https:\/\/noticiasemdestaque.com\/cd\/#organization"},"potentialAction":[{"@type":"SearchAction","target":{"@type":"EntryPoint","urlTemplate":"https:\/\/noticiasemdestaque.com\/cd\/?s={search_term_string}"},"query-input":{"@type":"PropertyValueSpecification","valueRequired":true,"valueName":"search_term_string"}}],"inLanguage":"pt-BR"},{"@type":"Organization","@id":"https:\/\/noticiasemdestaque.com\/cd\/#organization","name":"Not\u00edcias em Destaque","url":"https:\/\/noticiasemdestaque.com\/cd\/","logo":{"@type":"ImageObject","inLanguage":"pt-BR","@id":"https:\/\/noticiasemdestaque.com\/cd\/#\/schema\/logo\/image\/","url":"https:\/\/noticiasemdestaque.com\/cd\/wp-content\/uploads\/2022\/05\/imagem-base-noticiasemdestaque.png","contentUrl":"https:\/\/noticiasemdestaque.com\/cd\/wp-content\/uploads\/2022\/05\/imagem-base-noticiasemdestaque.png","width":1200,"height":630,"caption":"Not\u00edcias em Destaque"},"image":{"@id":"https:\/\/noticiasemdestaque.com\/cd\/#\/schema\/logo\/image\/"}},{"@type":"Person","@id":"https:\/\/noticiasemdestaque.com\/cd\/#\/schema\/person\/21320b03a7e8bb90128938dafc9b908a","name":"Not\u00edcias em Destaque","url":"https:\/\/noticiasemdestaque.com\/cd\/?author=2"}]}},"jetpack_featured_media_url":"https:\/\/noticiasemdestaque.com\/cd\/wp-content\/uploads\/2017\/10\/timthumb-2.jpg","jetpack_sharing_enabled":true,"_links":{"self":[{"href":"https:\/\/noticiasemdestaque.com\/cd\/index.php?rest_route=\/wp\/v2\/posts\/5067","targetHints":{"allow":["GET"]}}],"collection":[{"href":"https:\/\/noticiasemdestaque.com\/cd\/index.php?rest_route=\/wp\/v2\/posts"}],"about":[{"href":"https:\/\/noticiasemdestaque.com\/cd\/index.php?rest_route=\/wp\/v2\/types\/post"}],"author":[{"embeddable":true,"href":"https:\/\/noticiasemdestaque.com\/cd\/index.php?rest_route=\/wp\/v2\/users\/2"}],"replies":[{"embeddable":true,"href":"https:\/\/noticiasemdestaque.com\/cd\/index.php?rest_route=%2Fwp%2Fv2%2Fcomments&post=5067"}],"version-history":[{"count":1,"href":"https:\/\/noticiasemdestaque.com\/cd\/index.php?rest_route=\/wp\/v2\/posts\/5067\/revisions"}],"predecessor-version":[{"id":5068,"href":"https:\/\/noticiasemdestaque.com\/cd\/index.php?rest_route=\/wp\/v2\/posts\/5067\/revisions\/5068"}],"wp:featuredmedia":[{"embeddable":true,"href":"https:\/\/noticiasemdestaque.com\/cd\/index.php?rest_route=\/wp\/v2\/media\/4807"}],"wp:attachment":[{"href":"https:\/\/noticiasemdestaque.com\/cd\/index.php?rest_route=%2Fwp%2Fv2%2Fmedia&parent=5067"}],"wp:term":[{"taxonomy":"category","embeddable":true,"href":"https:\/\/noticiasemdestaque.com\/cd\/index.php?rest_route=%2Fwp%2Fv2%2Fcategories&post=5067"},{"taxonomy":"post_tag","embeddable":true,"href":"https:\/\/noticiasemdestaque.com\/cd\/index.php?rest_route=%2Fwp%2Fv2%2Ftags&post=5067"}],"curies":[{"name":"wp","href":"https:\/\/api.w.org\/{rel}","templated":true}]}}