{"id":50665,"date":"2023-08-09T18:12:16","date_gmt":"2023-08-09T21:12:16","guid":{"rendered":"https:\/\/noticiasemdestaque.com\/cd\/?p=50665"},"modified":"2023-08-09T18:12:16","modified_gmt":"2023-08-09T21:12:16","slug":"prefeito-e-vice-governador-entregam-escola-e-travessia-urbana-em-ouro-velho-nesta-sexta-feira","status":"publish","type":"post","link":"https:\/\/noticiasemdestaque.com\/cd\/?p=50665","title":{"rendered":"Prefeito e vice-governador entregam escola e travessia urbana em Ouro Velho nesta sexta-feira"},"content":{"rendered":"<p><a href=\"https:\/\/noticiasemdestaque.com\/cd\/wp-content\/uploads\/2023\/08\/Prefeito-e-vice-governador-entregam-escola-e-travessia-urbana-em-Ouro-Velho-nesta-sexta-feira.webp\"><img fetchpriority=\"high\" decoding=\"async\" class=\"wp-image-50667 aligncenter\" src=\"https:\/\/noticiasemdestaque.com\/cd\/wp-content\/uploads\/2023\/08\/Prefeito-e-vice-governador-entregam-escola-e-travessia-urbana-em-Ouro-Velho-nesta-sexta-feira-300x167.webp\" alt=\"\" width=\"985\" height=\"548\" srcset=\"https:\/\/noticiasemdestaque.com\/cd\/wp-content\/uploads\/2023\/08\/Prefeito-e-vice-governador-entregam-escola-e-travessia-urbana-em-Ouro-Velho-nesta-sexta-feira-300x167.webp 300w, https:\/\/noticiasemdestaque.com\/cd\/wp-content\/uploads\/2023\/08\/Prefeito-e-vice-governador-entregam-escola-e-travessia-urbana-em-Ouro-Velho-nesta-sexta-feira-18x10.webp 18w, https:\/\/noticiasemdestaque.com\/cd\/wp-content\/uploads\/2023\/08\/Prefeito-e-vice-governador-entregam-escola-e-travessia-urbana-em-Ouro-Velho-nesta-sexta-feira.webp 626w\" sizes=\"(max-width: 985px) 100vw, 985px\" \/><\/a><\/p>\n<p>O prefeito de Ouro Velho, Dr. Augusto Valadares, e o vice-governador Lucas Ribeiro, acompanhado dos deputados Wilson Santiago e Wilson Filho, entregam nesta sexta-feira, 11 de agosto, a escola municipal e a travessia urbana de Ouro Velho. A informa\u00e7\u00e3o foi confirmada pelo l\u00edder e coordenador da gest\u00e3o, Dr. J\u00fanior.<\/p>\n<p>De acordo com Dr. J\u00fanior, a agenda come\u00e7a \u00e0s 12h, com a recep\u00e7\u00e3o ao vice-governador Lucas Ribeiro e os deputados Wilson Santiago e Wilson Filho e demais autoridades no pr\u00e9dio da nova escola municipal, fruto de um conv\u00eanio com o Governo do Estado. Logo ap\u00f3s, ocorrer\u00e1 a inaugura\u00e7\u00e3o da escola e da travessia urbana do munic\u00edpio.<\/p>\n<p>Ainda de acordo com Dr. J\u00fanior, \u00e0s 12h40, haver\u00e1 a visita as obras de constru\u00e7\u00e3o da creche municipal, tamb\u00e9m fruto de uma parceria com o Governo do Estado, atrav\u00e9s do governador Jo\u00e3o Azev\u00eado.<\/p>\n<blockquote><p>\u201cQuero convidar toda popula\u00e7\u00e3o de Ouro Velho para participar dessa agenda de inaugura\u00e7\u00f5es e entrega de a\u00e7\u00f5es para o nosso munic\u00edpio. Oportunidade que agrade\u00e7o em nome do prefeito Dr. Augusto, a parceria e apoio do governador Jo\u00e3o Azev\u00eado, do deputado federal Wilson Santiago e do deputado estadual Wilson Filho. Em breve mais novidades\u201d, disse Dr. J\u00fanior.<\/p><\/blockquote>\n<p><strong>Noticias em Destaque<\/strong><\/p>\n<p style=\"text-align: right;\"><em>Fonte: Focando Paraiba<\/em><\/p>\n","protected":false},"excerpt":{"rendered":"<p>O prefeito de Ouro Velho, Dr. Augusto Valadares, e o vice-governador Lucas Ribeiro, acompanhado dos deputados Wilson Santiago e Wilson Filho, entregam nesta sexta-feira, 11 de agosto, a escola municipal e a travessia urbana de Ouro Velho. A informa\u00e7\u00e3o foi confirmada pelo l\u00edder e coordenador da gest\u00e3o, Dr. J\u00fanior. De acordo com Dr. J\u00fanior, a agenda come\u00e7a \u00e0s 12h, com a recep\u00e7\u00e3o ao vice-governador Lucas Ribeiro e os deputados Wilson Santiago e Wilson Filho e demais autoridades no pr\u00e9dio da nova escola municipal, fruto de um conv\u00eanio com o Governo do Estado. Logo ap\u00f3s, ocorrer\u00e1 a inaugura\u00e7\u00e3o da escola e da travessia urbana do munic\u00edpio. Ainda de acordo com Dr. J\u00fanior, \u00e0s 12h40, haver\u00e1 a visita as obras de constru\u00e7\u00e3o da creche municipal, tamb\u00e9m fruto de uma parceria com o Governo do Estado, atrav\u00e9s do governador Jo\u00e3o Azev\u00eado. \u201cQuero convidar toda popula\u00e7\u00e3o de Ouro Velho para participar dessa agenda de inaugura\u00e7\u00f5es e entrega de a\u00e7\u00f5es para o nosso munic\u00edpio. Oportunidade que agrade\u00e7o em nome do prefeito Dr. Augusto, a parceria e apoio do governador Jo\u00e3o Azev\u00eado, do deputado federal Wilson Santiago e do deputado estadual Wilson Filho. Em breve mais novidades\u201d, disse Dr. J\u00fanior. Noticias em Destaque Fonte: Focando Paraiba<\/p>\n","protected":false},"author":2,"featured_media":50667,"comment_status":"closed","ping_status":"open","sticky":false,"template":"","format":"standard","meta":{"_eb_attr":"","_jetpack_memberships_contains_paid_content":false,"footnotes":""},"categories":[3],"tags":[],"class_list":["post-50665","post","type-post","status-publish","format-standard","has-post-thumbnail","hentry","category-cidades"],"yoast_head":"<!-- This site is optimized with the Yoast SEO plugin v26.5 - https:\/\/yoast.com\/wordpress\/plugins\/seo\/ -->\n<title>Prefeito e vice-governador entregam escola e travessia urbana em Ouro Velho nesta sexta-feira - Not&iacute;cias em Destaque<\/title>\n<meta name=\"robots\" content=\"index, follow, max-snippet:-1, max-image-preview:large, max-video-preview:-1\" \/>\n<link rel=\"canonical\" href=\"https:\/\/noticiasemdestaque.com\/cd\/?p=50665\" \/>\n<meta property=\"og:locale\" content=\"pt_BR\" \/>\n<meta property=\"og:type\" content=\"article\" \/>\n<meta property=\"og:title\" content=\"Prefeito e vice-governador entregam escola e travessia urbana em Ouro Velho nesta sexta-feira - Not&iacute;cias em Destaque\" \/>\n<meta property=\"og:description\" content=\"O prefeito de Ouro Velho, Dr. Augusto Valadares, e o vice-governador Lucas Ribeiro, acompanhado dos deputados Wilson Santiago e Wilson Filho, entregam nesta sexta-feira, 11 de agosto, a escola municipal e a travessia urbana de Ouro Velho. A informa\u00e7\u00e3o foi confirmada pelo l\u00edder e coordenador da gest\u00e3o, Dr. J\u00fanior. De acordo com Dr. J\u00fanior, a agenda come\u00e7a \u00e0s 12h, com a recep\u00e7\u00e3o ao vice-governador Lucas Ribeiro e os deputados Wilson Santiago e Wilson Filho e demais autoridades no pr\u00e9dio da nova escola municipal, fruto de um conv\u00eanio com o Governo do Estado. Logo ap\u00f3s, ocorrer\u00e1 a inaugura\u00e7\u00e3o da escola e da travessia urbana do munic\u00edpio. Ainda de acordo com Dr. J\u00fanior, \u00e0s 12h40, haver\u00e1 a visita as obras de constru\u00e7\u00e3o da creche municipal, tamb\u00e9m fruto de uma parceria com o Governo do Estado, atrav\u00e9s do governador Jo\u00e3o Azev\u00eado. \u201cQuero convidar toda popula\u00e7\u00e3o de Ouro Velho para participar dessa agenda de inaugura\u00e7\u00f5es e entrega de a\u00e7\u00f5es para o nosso munic\u00edpio. Oportunidade que agrade\u00e7o em nome do prefeito Dr. Augusto, a parceria e apoio do governador Jo\u00e3o Azev\u00eado, do deputado federal Wilson Santiago e do deputado estadual Wilson Filho. Em breve mais novidades\u201d, disse Dr. J\u00fanior. Noticias em Destaque Fonte: Focando Paraiba\" \/>\n<meta property=\"og:url\" content=\"https:\/\/noticiasemdestaque.com\/cd\/?p=50665\" \/>\n<meta property=\"og:site_name\" content=\"Not&iacute;cias em Destaque\" \/>\n<meta property=\"article:published_time\" content=\"2023-08-09T21:12:16+00:00\" \/>\n<meta property=\"og:image\" content=\"https:\/\/noticiasemdestaque.com\/cd\/wp-content\/uploads\/2023\/08\/Prefeito-e-vice-governador-entregam-escola-e-travessia-urbana-em-Ouro-Velho-nesta-sexta-feira.webp\" \/>\n\t<meta property=\"og:image:width\" content=\"626\" \/>\n\t<meta property=\"og:image:height\" content=\"348\" \/>\n\t<meta property=\"og:image:type\" content=\"image\/webp\" \/>\n<meta name=\"author\" content=\"Not\u00edcias em Destaque\" \/>\n<meta name=\"twitter:card\" content=\"summary_large_image\" \/>\n<meta name=\"twitter:label1\" content=\"Escrito por\" \/>\n\t<meta name=\"twitter:data1\" content=\"Not\u00edcias em Destaque\" \/>\n\t<meta name=\"twitter:label2\" content=\"Est. tempo de leitura\" \/>\n\t<meta name=\"twitter:data2\" content=\"2 minutos\" \/>\n<script type=\"application\/ld+json\" class=\"yoast-schema-graph\">{\"@context\":\"https:\/\/schema.org\",\"@graph\":[{\"@type\":\"Article\",\"@id\":\"https:\/\/noticiasemdestaque.com\/cd\/?p=50665#article\",\"isPartOf\":{\"@id\":\"https:\/\/noticiasemdestaque.com\/cd\/?p=50665\"},\"author\":{\"name\":\"Not\u00edcias em Destaque\",\"@id\":\"https:\/\/noticiasemdestaque.com\/cd\/#\/schema\/person\/47f7d4f55eec17c6b2ca036c5500f6ce\"},\"headline\":\"Prefeito e vice-governador entregam escola e travessia urbana em Ouro Velho nesta sexta-feira\",\"datePublished\":\"2023-08-09T21:12:16+00:00\",\"mainEntityOfPage\":{\"@id\":\"https:\/\/noticiasemdestaque.com\/cd\/?p=50665\"},\"wordCount\":238,\"publisher\":{\"@id\":\"https:\/\/noticiasemdestaque.com\/cd\/#organization\"},\"image\":{\"@id\":\"https:\/\/noticiasemdestaque.com\/cd\/?p=50665#primaryimage\"},\"thumbnailUrl\":\"https:\/\/noticiasemdestaque.com\/cd\/wp-content\/uploads\/2023\/08\/Prefeito-e-vice-governador-entregam-escola-e-travessia-urbana-em-Ouro-Velho-nesta-sexta-feira.webp\",\"articleSection\":[\"Cidades\"],\"inLanguage\":\"pt-BR\"},{\"@type\":\"WebPage\",\"@id\":\"https:\/\/noticiasemdestaque.com\/cd\/?p=50665\",\"url\":\"https:\/\/noticiasemdestaque.com\/cd\/?p=50665\",\"name\":\"Prefeito e vice-governador entregam escola e travessia urbana em Ouro Velho nesta sexta-feira - Not&iacute;cias em Destaque\",\"isPartOf\":{\"@id\":\"https:\/\/noticiasemdestaque.com\/cd\/#website\"},\"primaryImageOfPage\":{\"@id\":\"https:\/\/noticiasemdestaque.com\/cd\/?p=50665#primaryimage\"},\"image\":{\"@id\":\"https:\/\/noticiasemdestaque.com\/cd\/?p=50665#primaryimage\"},\"thumbnailUrl\":\"https:\/\/noticiasemdestaque.com\/cd\/wp-content\/uploads\/2023\/08\/Prefeito-e-vice-governador-entregam-escola-e-travessia-urbana-em-Ouro-Velho-nesta-sexta-feira.webp\",\"datePublished\":\"2023-08-09T21:12:16+00:00\",\"breadcrumb\":{\"@id\":\"https:\/\/noticiasemdestaque.com\/cd\/?p=50665#breadcrumb\"},\"inLanguage\":\"pt-BR\",\"potentialAction\":[{\"@type\":\"ReadAction\",\"target\":[\"https:\/\/noticiasemdestaque.com\/cd\/?p=50665\"]}]},{\"@type\":\"ImageObject\",\"inLanguage\":\"pt-BR\",\"@id\":\"https:\/\/noticiasemdestaque.com\/cd\/?p=50665#primaryimage\",\"url\":\"https:\/\/noticiasemdestaque.com\/cd\/wp-content\/uploads\/2023\/08\/Prefeito-e-vice-governador-entregam-escola-e-travessia-urbana-em-Ouro-Velho-nesta-sexta-feira.webp\",\"contentUrl\":\"https:\/\/noticiasemdestaque.com\/cd\/wp-content\/uploads\/2023\/08\/Prefeito-e-vice-governador-entregam-escola-e-travessia-urbana-em-Ouro-Velho-nesta-sexta-feira.webp\",\"width\":626,\"height\":348},{\"@type\":\"BreadcrumbList\",\"@id\":\"https:\/\/noticiasemdestaque.com\/cd\/?p=50665#breadcrumb\",\"itemListElement\":[{\"@type\":\"ListItem\",\"position\":1,\"name\":\"In\u00edcio\",\"item\":\"https:\/\/noticiasemdestaque.com\/cd\/\"},{\"@type\":\"ListItem\",\"position\":2,\"name\":\"Prefeito e vice-governador entregam escola e travessia urbana em Ouro Velho nesta sexta-feira\"}]},{\"@type\":\"WebSite\",\"@id\":\"https:\/\/noticiasemdestaque.com\/cd\/#website\",\"url\":\"https:\/\/noticiasemdestaque.com\/cd\/\",\"name\":\"Not&iacute;cias em Destaque\",\"description\":\"\",\"publisher\":{\"@id\":\"https:\/\/noticiasemdestaque.com\/cd\/#organization\"},\"potentialAction\":[{\"@type\":\"SearchAction\",\"target\":{\"@type\":\"EntryPoint\",\"urlTemplate\":\"https:\/\/noticiasemdestaque.com\/cd\/?s={search_term_string}\"},\"query-input\":{\"@type\":\"PropertyValueSpecification\",\"valueRequired\":true,\"valueName\":\"search_term_string\"}}],\"inLanguage\":\"pt-BR\"},{\"@type\":\"Organization\",\"@id\":\"https:\/\/noticiasemdestaque.com\/cd\/#organization\",\"name\":\"Not\u00edcias em Destaque\",\"url\":\"https:\/\/noticiasemdestaque.com\/cd\/\",\"logo\":{\"@type\":\"ImageObject\",\"inLanguage\":\"pt-BR\",\"@id\":\"https:\/\/noticiasemdestaque.com\/cd\/#\/schema\/logo\/image\/\",\"url\":\"https:\/\/noticiasemdestaque.com\/cd\/wp-content\/uploads\/2022\/05\/imagem-base-noticiasemdestaque.png\",\"contentUrl\":\"https:\/\/noticiasemdestaque.com\/cd\/wp-content\/uploads\/2022\/05\/imagem-base-noticiasemdestaque.png\",\"width\":1200,\"height\":630,\"caption\":\"Not\u00edcias em Destaque\"},\"image\":{\"@id\":\"https:\/\/noticiasemdestaque.com\/cd\/#\/schema\/logo\/image\/\"}},{\"@type\":\"Person\",\"@id\":\"https:\/\/noticiasemdestaque.com\/cd\/#\/schema\/person\/47f7d4f55eec17c6b2ca036c5500f6ce\",\"name\":\"Not\u00edcias em Destaque\",\"url\":\"https:\/\/noticiasemdestaque.com\/cd\/?author=2\"}]}<\/script>\n<!-- \/ Yoast SEO plugin. -->","yoast_head_json":{"title":"Prefeito e vice-governador entregam escola e travessia urbana em Ouro Velho nesta sexta-feira - Not&iacute;cias em Destaque","robots":{"index":"index","follow":"follow","max-snippet":"max-snippet:-1","max-image-preview":"max-image-preview:large","max-video-preview":"max-video-preview:-1"},"canonical":"https:\/\/noticiasemdestaque.com\/cd\/?p=50665","og_locale":"pt_BR","og_type":"article","og_title":"Prefeito e vice-governador entregam escola e travessia urbana em Ouro Velho nesta sexta-feira - Not&iacute;cias em Destaque","og_description":"O prefeito de Ouro Velho, Dr. Augusto Valadares, e o vice-governador Lucas Ribeiro, acompanhado dos deputados Wilson Santiago e Wilson Filho, entregam nesta sexta-feira, 11 de agosto, a escola municipal e a travessia urbana de Ouro Velho. A informa\u00e7\u00e3o foi confirmada pelo l\u00edder e coordenador da gest\u00e3o, Dr. J\u00fanior. De acordo com Dr. J\u00fanior, a agenda come\u00e7a \u00e0s 12h, com a recep\u00e7\u00e3o ao vice-governador Lucas Ribeiro e os deputados Wilson Santiago e Wilson Filho e demais autoridades no pr\u00e9dio da nova escola municipal, fruto de um conv\u00eanio com o Governo do Estado. Logo ap\u00f3s, ocorrer\u00e1 a inaugura\u00e7\u00e3o da escola e da travessia urbana do munic\u00edpio. Ainda de acordo com Dr. J\u00fanior, \u00e0s 12h40, haver\u00e1 a visita as obras de constru\u00e7\u00e3o da creche municipal, tamb\u00e9m fruto de uma parceria com o Governo do Estado, atrav\u00e9s do governador Jo\u00e3o Azev\u00eado. \u201cQuero convidar toda popula\u00e7\u00e3o de Ouro Velho para participar dessa agenda de inaugura\u00e7\u00f5es e entrega de a\u00e7\u00f5es para o nosso munic\u00edpio. Oportunidade que agrade\u00e7o em nome do prefeito Dr. Augusto, a parceria e apoio do governador Jo\u00e3o Azev\u00eado, do deputado federal Wilson Santiago e do deputado estadual Wilson Filho. Em breve mais novidades\u201d, disse Dr. J\u00fanior. Noticias em Destaque Fonte: Focando Paraiba","og_url":"https:\/\/noticiasemdestaque.com\/cd\/?p=50665","og_site_name":"Not&iacute;cias em Destaque","article_published_time":"2023-08-09T21:12:16+00:00","og_image":[{"width":626,"height":348,"url":"https:\/\/noticiasemdestaque.com\/cd\/wp-content\/uploads\/2023\/08\/Prefeito-e-vice-governador-entregam-escola-e-travessia-urbana-em-Ouro-Velho-nesta-sexta-feira.webp","type":"image\/webp"}],"author":"Not\u00edcias em Destaque","twitter_card":"summary_large_image","twitter_misc":{"Escrito por":"Not\u00edcias em Destaque","Est. tempo de leitura":"2 minutos"},"schema":{"@context":"https:\/\/schema.org","@graph":[{"@type":"Article","@id":"https:\/\/noticiasemdestaque.com\/cd\/?p=50665#article","isPartOf":{"@id":"https:\/\/noticiasemdestaque.com\/cd\/?p=50665"},"author":{"name":"Not\u00edcias em Destaque","@id":"https:\/\/noticiasemdestaque.com\/cd\/#\/schema\/person\/47f7d4f55eec17c6b2ca036c5500f6ce"},"headline":"Prefeito e vice-governador entregam escola e travessia urbana em Ouro Velho nesta sexta-feira","datePublished":"2023-08-09T21:12:16+00:00","mainEntityOfPage":{"@id":"https:\/\/noticiasemdestaque.com\/cd\/?p=50665"},"wordCount":238,"publisher":{"@id":"https:\/\/noticiasemdestaque.com\/cd\/#organization"},"image":{"@id":"https:\/\/noticiasemdestaque.com\/cd\/?p=50665#primaryimage"},"thumbnailUrl":"https:\/\/noticiasemdestaque.com\/cd\/wp-content\/uploads\/2023\/08\/Prefeito-e-vice-governador-entregam-escola-e-travessia-urbana-em-Ouro-Velho-nesta-sexta-feira.webp","articleSection":["Cidades"],"inLanguage":"pt-BR"},{"@type":"WebPage","@id":"https:\/\/noticiasemdestaque.com\/cd\/?p=50665","url":"https:\/\/noticiasemdestaque.com\/cd\/?p=50665","name":"Prefeito e vice-governador entregam escola e travessia urbana em Ouro Velho nesta sexta-feira - Not&iacute;cias em Destaque","isPartOf":{"@id":"https:\/\/noticiasemdestaque.com\/cd\/#website"},"primaryImageOfPage":{"@id":"https:\/\/noticiasemdestaque.com\/cd\/?p=50665#primaryimage"},"image":{"@id":"https:\/\/noticiasemdestaque.com\/cd\/?p=50665#primaryimage"},"thumbnailUrl":"https:\/\/noticiasemdestaque.com\/cd\/wp-content\/uploads\/2023\/08\/Prefeito-e-vice-governador-entregam-escola-e-travessia-urbana-em-Ouro-Velho-nesta-sexta-feira.webp","datePublished":"2023-08-09T21:12:16+00:00","breadcrumb":{"@id":"https:\/\/noticiasemdestaque.com\/cd\/?p=50665#breadcrumb"},"inLanguage":"pt-BR","potentialAction":[{"@type":"ReadAction","target":["https:\/\/noticiasemdestaque.com\/cd\/?p=50665"]}]},{"@type":"ImageObject","inLanguage":"pt-BR","@id":"https:\/\/noticiasemdestaque.com\/cd\/?p=50665#primaryimage","url":"https:\/\/noticiasemdestaque.com\/cd\/wp-content\/uploads\/2023\/08\/Prefeito-e-vice-governador-entregam-escola-e-travessia-urbana-em-Ouro-Velho-nesta-sexta-feira.webp","contentUrl":"https:\/\/noticiasemdestaque.com\/cd\/wp-content\/uploads\/2023\/08\/Prefeito-e-vice-governador-entregam-escola-e-travessia-urbana-em-Ouro-Velho-nesta-sexta-feira.webp","width":626,"height":348},{"@type":"BreadcrumbList","@id":"https:\/\/noticiasemdestaque.com\/cd\/?p=50665#breadcrumb","itemListElement":[{"@type":"ListItem","position":1,"name":"In\u00edcio","item":"https:\/\/noticiasemdestaque.com\/cd\/"},{"@type":"ListItem","position":2,"name":"Prefeito e vice-governador entregam escola e travessia urbana em Ouro Velho nesta sexta-feira"}]},{"@type":"WebSite","@id":"https:\/\/noticiasemdestaque.com\/cd\/#website","url":"https:\/\/noticiasemdestaque.com\/cd\/","name":"Not&iacute;cias em Destaque","description":"","publisher":{"@id":"https:\/\/noticiasemdestaque.com\/cd\/#organization"},"potentialAction":[{"@type":"SearchAction","target":{"@type":"EntryPoint","urlTemplate":"https:\/\/noticiasemdestaque.com\/cd\/?s={search_term_string}"},"query-input":{"@type":"PropertyValueSpecification","valueRequired":true,"valueName":"search_term_string"}}],"inLanguage":"pt-BR"},{"@type":"Organization","@id":"https:\/\/noticiasemdestaque.com\/cd\/#organization","name":"Not\u00edcias em Destaque","url":"https:\/\/noticiasemdestaque.com\/cd\/","logo":{"@type":"ImageObject","inLanguage":"pt-BR","@id":"https:\/\/noticiasemdestaque.com\/cd\/#\/schema\/logo\/image\/","url":"https:\/\/noticiasemdestaque.com\/cd\/wp-content\/uploads\/2022\/05\/imagem-base-noticiasemdestaque.png","contentUrl":"https:\/\/noticiasemdestaque.com\/cd\/wp-content\/uploads\/2022\/05\/imagem-base-noticiasemdestaque.png","width":1200,"height":630,"caption":"Not\u00edcias em Destaque"},"image":{"@id":"https:\/\/noticiasemdestaque.com\/cd\/#\/schema\/logo\/image\/"}},{"@type":"Person","@id":"https:\/\/noticiasemdestaque.com\/cd\/#\/schema\/person\/47f7d4f55eec17c6b2ca036c5500f6ce","name":"Not\u00edcias em Destaque","url":"https:\/\/noticiasemdestaque.com\/cd\/?author=2"}]}},"jetpack_featured_media_url":"https:\/\/noticiasemdestaque.com\/cd\/wp-content\/uploads\/2023\/08\/Prefeito-e-vice-governador-entregam-escola-e-travessia-urbana-em-Ouro-Velho-nesta-sexta-feira.webp","jetpack_sharing_enabled":true,"_links":{"self":[{"href":"https:\/\/noticiasemdestaque.com\/cd\/index.php?rest_route=\/wp\/v2\/posts\/50665","targetHints":{"allow":["GET"]}}],"collection":[{"href":"https:\/\/noticiasemdestaque.com\/cd\/index.php?rest_route=\/wp\/v2\/posts"}],"about":[{"href":"https:\/\/noticiasemdestaque.com\/cd\/index.php?rest_route=\/wp\/v2\/types\/post"}],"author":[{"embeddable":true,"href":"https:\/\/noticiasemdestaque.com\/cd\/index.php?rest_route=\/wp\/v2\/users\/2"}],"replies":[{"embeddable":true,"href":"https:\/\/noticiasemdestaque.com\/cd\/index.php?rest_route=%2Fwp%2Fv2%2Fcomments&post=50665"}],"version-history":[{"count":1,"href":"https:\/\/noticiasemdestaque.com\/cd\/index.php?rest_route=\/wp\/v2\/posts\/50665\/revisions"}],"predecessor-version":[{"id":50668,"href":"https:\/\/noticiasemdestaque.com\/cd\/index.php?rest_route=\/wp\/v2\/posts\/50665\/revisions\/50668"}],"wp:featuredmedia":[{"embeddable":true,"href":"https:\/\/noticiasemdestaque.com\/cd\/index.php?rest_route=\/wp\/v2\/media\/50667"}],"wp:attachment":[{"href":"https:\/\/noticiasemdestaque.com\/cd\/index.php?rest_route=%2Fwp%2Fv2%2Fmedia&parent=50665"}],"wp:term":[{"taxonomy":"category","embeddable":true,"href":"https:\/\/noticiasemdestaque.com\/cd\/index.php?rest_route=%2Fwp%2Fv2%2Fcategories&post=50665"},{"taxonomy":"post_tag","embeddable":true,"href":"https:\/\/noticiasemdestaque.com\/cd\/index.php?rest_route=%2Fwp%2Fv2%2Ftags&post=50665"}],"curies":[{"name":"wp","href":"https:\/\/api.w.org\/{rel}","templated":true}]}}