{"id":50661,"date":"2023-08-09T12:12:24","date_gmt":"2023-08-09T15:12:24","guid":{"rendered":"https:\/\/noticiasemdestaque.com\/cd\/?p=50661"},"modified":"2023-08-09T12:12:24","modified_gmt":"2023-08-09T15:12:24","slug":"hemodialise-do-cariri-passa-a-atender-pacientes-na-proxima-segunda-feira-confirma-secretaria-de-saude-de-monteiro","status":"publish","type":"post","link":"https:\/\/noticiasemdestaque.com\/cd\/?p=50661","title":{"rendered":"Hemodi\u00e1lise do Cariri passa a atender pacientes na pr\u00f3xima segunda feira, confirma secret\u00e1ria de sa\u00fade de Monteiro"},"content":{"rendered":"<p><a href=\"https:\/\/noticiasemdestaque.com\/cd\/wp-content\/uploads\/2023\/08\/1-1.jpg\"><img fetchpriority=\"high\" decoding=\"async\" class=\"wp-image-50663 aligncenter\" src=\"https:\/\/noticiasemdestaque.com\/cd\/wp-content\/uploads\/2023\/08\/1-1-300x225.jpg\" alt=\"\" width=\"1173\" height=\"880\" srcset=\"https:\/\/noticiasemdestaque.com\/cd\/wp-content\/uploads\/2023\/08\/1-1-300x225.jpg 300w, https:\/\/noticiasemdestaque.com\/cd\/wp-content\/uploads\/2023\/08\/1-1-1024x768.jpg 1024w, https:\/\/noticiasemdestaque.com\/cd\/wp-content\/uploads\/2023\/08\/1-1-768x576.jpg 768w, https:\/\/noticiasemdestaque.com\/cd\/wp-content\/uploads\/2023\/08\/1-1-1536x1152.jpg 1536w, https:\/\/noticiasemdestaque.com\/cd\/wp-content\/uploads\/2023\/08\/1-1-16x12.jpg 16w, https:\/\/noticiasemdestaque.com\/cd\/wp-content\/uploads\/2023\/08\/1-1.jpg 2048w\" sizes=\"(max-width: 1173px) 100vw, 1173px\" \/><\/a><\/p>\n<p style=\"font-weight: 400;\">A secret\u00e1ria de sa\u00fade de Monteiro Ana Paula confirmou em evento realizado nesta quarta feira, 09, que a hemodi\u00e1lise do Cariri come\u00e7a a atender normalmente na pr\u00f3xima segunda feira.<\/p>\n<p style=\"font-weight: 400;\">De acordo com a secret\u00e1ria, na pr\u00f3xima sexta feira, 11, por ocasi\u00e3o da visita do governador Jo\u00e3o Azev\u00eado para a realiza\u00e7\u00e3o da plen\u00e1ria do Cariri do Or\u00e7amento Democr\u00e1tico Estadual, j\u00e1 se iniciar\u00e1 o cadastramento dos pacientes, um momento hist\u00f3rico pela expectativa em torno do servi\u00e7o de sa\u00fade t\u00e3o relevante para a regi\u00e3o.<\/p>\n<p style=\"font-weight: 400;\">A implanta\u00e7\u00e3o de hemodi\u00e1lise do Cariri e o seu funcionamento s\u00e3o frutos de uma luta incans\u00e1vel de atores \u00e0 exemplo da prefeita Anna Lorena, da AMCAP, sob presid\u00eancia do prefeito de SS do Umbuzeiro Adriano Wolff, em parceria com os demais prefeitos dos munic\u00edpios que ser\u00e3o beneficiados, e deputados estaduais, federais e senadores com atua\u00e7\u00e3o na regi\u00e3o.<\/p>\n<p><strong>Noticias em Destaque<\/strong><\/p>\n<p style=\"text-align: right;\"><em>Fonte: Blog do Fabio Brito<\/em><\/p>\n","protected":false},"excerpt":{"rendered":"<p>A secret\u00e1ria de sa\u00fade de Monteiro Ana Paula confirmou em evento realizado nesta quarta feira, 09, que a hemodi\u00e1lise do Cariri come\u00e7a a atender normalmente na pr\u00f3xima segunda feira. De acordo com a secret\u00e1ria, na pr\u00f3xima sexta feira, 11, por ocasi\u00e3o da visita do governador Jo\u00e3o Azev\u00eado para a realiza\u00e7\u00e3o da plen\u00e1ria do Cariri do Or\u00e7amento Democr\u00e1tico Estadual, j\u00e1 se iniciar\u00e1 o cadastramento dos pacientes, um momento hist\u00f3rico pela expectativa em torno do servi\u00e7o de sa\u00fade t\u00e3o relevante para a regi\u00e3o. A implanta\u00e7\u00e3o de hemodi\u00e1lise do Cariri e o seu funcionamento s\u00e3o frutos de uma luta incans\u00e1vel de atores \u00e0 exemplo da prefeita Anna Lorena, da AMCAP, sob presid\u00eancia do prefeito de SS do Umbuzeiro Adriano Wolff, em parceria com os demais prefeitos dos munic\u00edpios que ser\u00e3o beneficiados, e deputados estaduais, federais e senadores com atua\u00e7\u00e3o na regi\u00e3o. Noticias em Destaque Fonte: Blog do Fabio Brito<\/p>\n","protected":false},"author":2,"featured_media":50663,"comment_status":"closed","ping_status":"open","sticky":false,"template":"","format":"standard","meta":{"_eb_attr":"","_jetpack_memberships_contains_paid_content":false,"footnotes":""},"categories":[3],"tags":[],"class_list":["post-50661","post","type-post","status-publish","format-standard","has-post-thumbnail","hentry","category-cidades"],"yoast_head":"<!-- This site is optimized with the Yoast SEO plugin v26.5 - https:\/\/yoast.com\/wordpress\/plugins\/seo\/ -->\n<title>Hemodi\u00e1lise do Cariri passa a atender pacientes na pr\u00f3xima segunda feira, confirma secret\u00e1ria de sa\u00fade de Monteiro - Not&iacute;cias em Destaque<\/title>\n<meta name=\"robots\" content=\"index, follow, max-snippet:-1, max-image-preview:large, max-video-preview:-1\" \/>\n<link rel=\"canonical\" href=\"https:\/\/noticiasemdestaque.com\/cd\/?p=50661\" \/>\n<meta property=\"og:locale\" content=\"pt_BR\" \/>\n<meta property=\"og:type\" content=\"article\" \/>\n<meta property=\"og:title\" content=\"Hemodi\u00e1lise do Cariri passa a atender pacientes na pr\u00f3xima segunda feira, confirma secret\u00e1ria de sa\u00fade de Monteiro - Not&iacute;cias em Destaque\" \/>\n<meta property=\"og:description\" content=\"A secret\u00e1ria de sa\u00fade de Monteiro Ana Paula confirmou em evento realizado nesta quarta feira, 09, que a hemodi\u00e1lise do Cariri come\u00e7a a atender normalmente na pr\u00f3xima segunda feira. De acordo com a secret\u00e1ria, na pr\u00f3xima sexta feira, 11, por ocasi\u00e3o da visita do governador Jo\u00e3o Azev\u00eado para a realiza\u00e7\u00e3o da plen\u00e1ria do Cariri do Or\u00e7amento Democr\u00e1tico Estadual, j\u00e1 se iniciar\u00e1 o cadastramento dos pacientes, um momento hist\u00f3rico pela expectativa em torno do servi\u00e7o de sa\u00fade t\u00e3o relevante para a regi\u00e3o. A implanta\u00e7\u00e3o de hemodi\u00e1lise do Cariri e o seu funcionamento s\u00e3o frutos de uma luta incans\u00e1vel de atores \u00e0 exemplo da prefeita Anna Lorena, da AMCAP, sob presid\u00eancia do prefeito de SS do Umbuzeiro Adriano Wolff, em parceria com os demais prefeitos dos munic\u00edpios que ser\u00e3o beneficiados, e deputados estaduais, federais e senadores com atua\u00e7\u00e3o na regi\u00e3o. Noticias em Destaque Fonte: Blog do Fabio Brito\" \/>\n<meta property=\"og:url\" content=\"https:\/\/noticiasemdestaque.com\/cd\/?p=50661\" \/>\n<meta property=\"og:site_name\" content=\"Not&iacute;cias em Destaque\" \/>\n<meta property=\"article:published_time\" content=\"2023-08-09T15:12:24+00:00\" \/>\n<meta property=\"og:image\" content=\"https:\/\/noticiasemdestaque.com\/cd\/wp-content\/uploads\/2023\/08\/1-1.jpg\" \/>\n\t<meta property=\"og:image:width\" content=\"2048\" \/>\n\t<meta property=\"og:image:height\" content=\"1536\" \/>\n\t<meta property=\"og:image:type\" content=\"image\/jpeg\" \/>\n<meta name=\"author\" content=\"Not\u00edcias em Destaque\" \/>\n<meta name=\"twitter:card\" content=\"summary_large_image\" \/>\n<meta name=\"twitter:label1\" content=\"Escrito por\" \/>\n\t<meta name=\"twitter:data1\" content=\"Not\u00edcias em Destaque\" \/>\n\t<meta name=\"twitter:label2\" content=\"Est. tempo de leitura\" \/>\n\t<meta name=\"twitter:data2\" content=\"2 minutos\" \/>\n<script type=\"application\/ld+json\" class=\"yoast-schema-graph\">{\"@context\":\"https:\/\/schema.org\",\"@graph\":[{\"@type\":\"Article\",\"@id\":\"https:\/\/noticiasemdestaque.com\/cd\/?p=50661#article\",\"isPartOf\":{\"@id\":\"https:\/\/noticiasemdestaque.com\/cd\/?p=50661\"},\"author\":{\"name\":\"Not\u00edcias em Destaque\",\"@id\":\"https:\/\/noticiasemdestaque.com\/cd\/#\/schema\/person\/47f7d4f55eec17c6b2ca036c5500f6ce\"},\"headline\":\"Hemodi\u00e1lise do Cariri passa a atender pacientes na pr\u00f3xima segunda feira, confirma secret\u00e1ria de sa\u00fade de Monteiro\",\"datePublished\":\"2023-08-09T15:12:24+00:00\",\"mainEntityOfPage\":{\"@id\":\"https:\/\/noticiasemdestaque.com\/cd\/?p=50661\"},\"wordCount\":192,\"publisher\":{\"@id\":\"https:\/\/noticiasemdestaque.com\/cd\/#organization\"},\"image\":{\"@id\":\"https:\/\/noticiasemdestaque.com\/cd\/?p=50661#primaryimage\"},\"thumbnailUrl\":\"https:\/\/noticiasemdestaque.com\/cd\/wp-content\/uploads\/2023\/08\/1-1.jpg\",\"articleSection\":[\"Cidades\"],\"inLanguage\":\"pt-BR\"},{\"@type\":\"WebPage\",\"@id\":\"https:\/\/noticiasemdestaque.com\/cd\/?p=50661\",\"url\":\"https:\/\/noticiasemdestaque.com\/cd\/?p=50661\",\"name\":\"Hemodi\u00e1lise do Cariri passa a atender pacientes na pr\u00f3xima segunda feira, confirma secret\u00e1ria de sa\u00fade de Monteiro - Not&iacute;cias em Destaque\",\"isPartOf\":{\"@id\":\"https:\/\/noticiasemdestaque.com\/cd\/#website\"},\"primaryImageOfPage\":{\"@id\":\"https:\/\/noticiasemdestaque.com\/cd\/?p=50661#primaryimage\"},\"image\":{\"@id\":\"https:\/\/noticiasemdestaque.com\/cd\/?p=50661#primaryimage\"},\"thumbnailUrl\":\"https:\/\/noticiasemdestaque.com\/cd\/wp-content\/uploads\/2023\/08\/1-1.jpg\",\"datePublished\":\"2023-08-09T15:12:24+00:00\",\"breadcrumb\":{\"@id\":\"https:\/\/noticiasemdestaque.com\/cd\/?p=50661#breadcrumb\"},\"inLanguage\":\"pt-BR\",\"potentialAction\":[{\"@type\":\"ReadAction\",\"target\":[\"https:\/\/noticiasemdestaque.com\/cd\/?p=50661\"]}]},{\"@type\":\"ImageObject\",\"inLanguage\":\"pt-BR\",\"@id\":\"https:\/\/noticiasemdestaque.com\/cd\/?p=50661#primaryimage\",\"url\":\"https:\/\/noticiasemdestaque.com\/cd\/wp-content\/uploads\/2023\/08\/1-1.jpg\",\"contentUrl\":\"https:\/\/noticiasemdestaque.com\/cd\/wp-content\/uploads\/2023\/08\/1-1.jpg\",\"width\":2048,\"height\":1536},{\"@type\":\"BreadcrumbList\",\"@id\":\"https:\/\/noticiasemdestaque.com\/cd\/?p=50661#breadcrumb\",\"itemListElement\":[{\"@type\":\"ListItem\",\"position\":1,\"name\":\"In\u00edcio\",\"item\":\"https:\/\/noticiasemdestaque.com\/cd\/\"},{\"@type\":\"ListItem\",\"position\":2,\"name\":\"Hemodi\u00e1lise do Cariri passa a atender pacientes na pr\u00f3xima segunda feira, confirma secret\u00e1ria de sa\u00fade de Monteiro\"}]},{\"@type\":\"WebSite\",\"@id\":\"https:\/\/noticiasemdestaque.com\/cd\/#website\",\"url\":\"https:\/\/noticiasemdestaque.com\/cd\/\",\"name\":\"Not&iacute;cias em Destaque\",\"description\":\"\",\"publisher\":{\"@id\":\"https:\/\/noticiasemdestaque.com\/cd\/#organization\"},\"potentialAction\":[{\"@type\":\"SearchAction\",\"target\":{\"@type\":\"EntryPoint\",\"urlTemplate\":\"https:\/\/noticiasemdestaque.com\/cd\/?s={search_term_string}\"},\"query-input\":{\"@type\":\"PropertyValueSpecification\",\"valueRequired\":true,\"valueName\":\"search_term_string\"}}],\"inLanguage\":\"pt-BR\"},{\"@type\":\"Organization\",\"@id\":\"https:\/\/noticiasemdestaque.com\/cd\/#organization\",\"name\":\"Not\u00edcias em Destaque\",\"url\":\"https:\/\/noticiasemdestaque.com\/cd\/\",\"logo\":{\"@type\":\"ImageObject\",\"inLanguage\":\"pt-BR\",\"@id\":\"https:\/\/noticiasemdestaque.com\/cd\/#\/schema\/logo\/image\/\",\"url\":\"https:\/\/noticiasemdestaque.com\/cd\/wp-content\/uploads\/2022\/05\/imagem-base-noticiasemdestaque.png\",\"contentUrl\":\"https:\/\/noticiasemdestaque.com\/cd\/wp-content\/uploads\/2022\/05\/imagem-base-noticiasemdestaque.png\",\"width\":1200,\"height\":630,\"caption\":\"Not\u00edcias em Destaque\"},\"image\":{\"@id\":\"https:\/\/noticiasemdestaque.com\/cd\/#\/schema\/logo\/image\/\"}},{\"@type\":\"Person\",\"@id\":\"https:\/\/noticiasemdestaque.com\/cd\/#\/schema\/person\/47f7d4f55eec17c6b2ca036c5500f6ce\",\"name\":\"Not\u00edcias em Destaque\",\"url\":\"https:\/\/noticiasemdestaque.com\/cd\/?author=2\"}]}<\/script>\n<!-- \/ Yoast SEO plugin. -->","yoast_head_json":{"title":"Hemodi\u00e1lise do Cariri passa a atender pacientes na pr\u00f3xima segunda feira, confirma secret\u00e1ria de sa\u00fade de Monteiro - Not&iacute;cias em Destaque","robots":{"index":"index","follow":"follow","max-snippet":"max-snippet:-1","max-image-preview":"max-image-preview:large","max-video-preview":"max-video-preview:-1"},"canonical":"https:\/\/noticiasemdestaque.com\/cd\/?p=50661","og_locale":"pt_BR","og_type":"article","og_title":"Hemodi\u00e1lise do Cariri passa a atender pacientes na pr\u00f3xima segunda feira, confirma secret\u00e1ria de sa\u00fade de Monteiro - Not&iacute;cias em Destaque","og_description":"A secret\u00e1ria de sa\u00fade de Monteiro Ana Paula confirmou em evento realizado nesta quarta feira, 09, que a hemodi\u00e1lise do Cariri come\u00e7a a atender normalmente na pr\u00f3xima segunda feira. De acordo com a secret\u00e1ria, na pr\u00f3xima sexta feira, 11, por ocasi\u00e3o da visita do governador Jo\u00e3o Azev\u00eado para a realiza\u00e7\u00e3o da plen\u00e1ria do Cariri do Or\u00e7amento Democr\u00e1tico Estadual, j\u00e1 se iniciar\u00e1 o cadastramento dos pacientes, um momento hist\u00f3rico pela expectativa em torno do servi\u00e7o de sa\u00fade t\u00e3o relevante para a regi\u00e3o. A implanta\u00e7\u00e3o de hemodi\u00e1lise do Cariri e o seu funcionamento s\u00e3o frutos de uma luta incans\u00e1vel de atores \u00e0 exemplo da prefeita Anna Lorena, da AMCAP, sob presid\u00eancia do prefeito de SS do Umbuzeiro Adriano Wolff, em parceria com os demais prefeitos dos munic\u00edpios que ser\u00e3o beneficiados, e deputados estaduais, federais e senadores com atua\u00e7\u00e3o na regi\u00e3o. Noticias em Destaque Fonte: Blog do Fabio Brito","og_url":"https:\/\/noticiasemdestaque.com\/cd\/?p=50661","og_site_name":"Not&iacute;cias em Destaque","article_published_time":"2023-08-09T15:12:24+00:00","og_image":[{"width":2048,"height":1536,"url":"https:\/\/noticiasemdestaque.com\/cd\/wp-content\/uploads\/2023\/08\/1-1.jpg","type":"image\/jpeg"}],"author":"Not\u00edcias em Destaque","twitter_card":"summary_large_image","twitter_misc":{"Escrito por":"Not\u00edcias em Destaque","Est. tempo de leitura":"2 minutos"},"schema":{"@context":"https:\/\/schema.org","@graph":[{"@type":"Article","@id":"https:\/\/noticiasemdestaque.com\/cd\/?p=50661#article","isPartOf":{"@id":"https:\/\/noticiasemdestaque.com\/cd\/?p=50661"},"author":{"name":"Not\u00edcias em Destaque","@id":"https:\/\/noticiasemdestaque.com\/cd\/#\/schema\/person\/47f7d4f55eec17c6b2ca036c5500f6ce"},"headline":"Hemodi\u00e1lise do Cariri passa a atender pacientes na pr\u00f3xima segunda feira, confirma secret\u00e1ria de sa\u00fade de Monteiro","datePublished":"2023-08-09T15:12:24+00:00","mainEntityOfPage":{"@id":"https:\/\/noticiasemdestaque.com\/cd\/?p=50661"},"wordCount":192,"publisher":{"@id":"https:\/\/noticiasemdestaque.com\/cd\/#organization"},"image":{"@id":"https:\/\/noticiasemdestaque.com\/cd\/?p=50661#primaryimage"},"thumbnailUrl":"https:\/\/noticiasemdestaque.com\/cd\/wp-content\/uploads\/2023\/08\/1-1.jpg","articleSection":["Cidades"],"inLanguage":"pt-BR"},{"@type":"WebPage","@id":"https:\/\/noticiasemdestaque.com\/cd\/?p=50661","url":"https:\/\/noticiasemdestaque.com\/cd\/?p=50661","name":"Hemodi\u00e1lise do Cariri passa a atender pacientes na pr\u00f3xima segunda feira, confirma secret\u00e1ria de sa\u00fade de Monteiro - Not&iacute;cias em Destaque","isPartOf":{"@id":"https:\/\/noticiasemdestaque.com\/cd\/#website"},"primaryImageOfPage":{"@id":"https:\/\/noticiasemdestaque.com\/cd\/?p=50661#primaryimage"},"image":{"@id":"https:\/\/noticiasemdestaque.com\/cd\/?p=50661#primaryimage"},"thumbnailUrl":"https:\/\/noticiasemdestaque.com\/cd\/wp-content\/uploads\/2023\/08\/1-1.jpg","datePublished":"2023-08-09T15:12:24+00:00","breadcrumb":{"@id":"https:\/\/noticiasemdestaque.com\/cd\/?p=50661#breadcrumb"},"inLanguage":"pt-BR","potentialAction":[{"@type":"ReadAction","target":["https:\/\/noticiasemdestaque.com\/cd\/?p=50661"]}]},{"@type":"ImageObject","inLanguage":"pt-BR","@id":"https:\/\/noticiasemdestaque.com\/cd\/?p=50661#primaryimage","url":"https:\/\/noticiasemdestaque.com\/cd\/wp-content\/uploads\/2023\/08\/1-1.jpg","contentUrl":"https:\/\/noticiasemdestaque.com\/cd\/wp-content\/uploads\/2023\/08\/1-1.jpg","width":2048,"height":1536},{"@type":"BreadcrumbList","@id":"https:\/\/noticiasemdestaque.com\/cd\/?p=50661#breadcrumb","itemListElement":[{"@type":"ListItem","position":1,"name":"In\u00edcio","item":"https:\/\/noticiasemdestaque.com\/cd\/"},{"@type":"ListItem","position":2,"name":"Hemodi\u00e1lise do Cariri passa a atender pacientes na pr\u00f3xima segunda feira, confirma secret\u00e1ria de sa\u00fade de Monteiro"}]},{"@type":"WebSite","@id":"https:\/\/noticiasemdestaque.com\/cd\/#website","url":"https:\/\/noticiasemdestaque.com\/cd\/","name":"Not&iacute;cias em Destaque","description":"","publisher":{"@id":"https:\/\/noticiasemdestaque.com\/cd\/#organization"},"potentialAction":[{"@type":"SearchAction","target":{"@type":"EntryPoint","urlTemplate":"https:\/\/noticiasemdestaque.com\/cd\/?s={search_term_string}"},"query-input":{"@type":"PropertyValueSpecification","valueRequired":true,"valueName":"search_term_string"}}],"inLanguage":"pt-BR"},{"@type":"Organization","@id":"https:\/\/noticiasemdestaque.com\/cd\/#organization","name":"Not\u00edcias em Destaque","url":"https:\/\/noticiasemdestaque.com\/cd\/","logo":{"@type":"ImageObject","inLanguage":"pt-BR","@id":"https:\/\/noticiasemdestaque.com\/cd\/#\/schema\/logo\/image\/","url":"https:\/\/noticiasemdestaque.com\/cd\/wp-content\/uploads\/2022\/05\/imagem-base-noticiasemdestaque.png","contentUrl":"https:\/\/noticiasemdestaque.com\/cd\/wp-content\/uploads\/2022\/05\/imagem-base-noticiasemdestaque.png","width":1200,"height":630,"caption":"Not\u00edcias em Destaque"},"image":{"@id":"https:\/\/noticiasemdestaque.com\/cd\/#\/schema\/logo\/image\/"}},{"@type":"Person","@id":"https:\/\/noticiasemdestaque.com\/cd\/#\/schema\/person\/47f7d4f55eec17c6b2ca036c5500f6ce","name":"Not\u00edcias em Destaque","url":"https:\/\/noticiasemdestaque.com\/cd\/?author=2"}]}},"jetpack_featured_media_url":"https:\/\/noticiasemdestaque.com\/cd\/wp-content\/uploads\/2023\/08\/1-1.jpg","jetpack_sharing_enabled":true,"_links":{"self":[{"href":"https:\/\/noticiasemdestaque.com\/cd\/index.php?rest_route=\/wp\/v2\/posts\/50661","targetHints":{"allow":["GET"]}}],"collection":[{"href":"https:\/\/noticiasemdestaque.com\/cd\/index.php?rest_route=\/wp\/v2\/posts"}],"about":[{"href":"https:\/\/noticiasemdestaque.com\/cd\/index.php?rest_route=\/wp\/v2\/types\/post"}],"author":[{"embeddable":true,"href":"https:\/\/noticiasemdestaque.com\/cd\/index.php?rest_route=\/wp\/v2\/users\/2"}],"replies":[{"embeddable":true,"href":"https:\/\/noticiasemdestaque.com\/cd\/index.php?rest_route=%2Fwp%2Fv2%2Fcomments&post=50661"}],"version-history":[{"count":1,"href":"https:\/\/noticiasemdestaque.com\/cd\/index.php?rest_route=\/wp\/v2\/posts\/50661\/revisions"}],"predecessor-version":[{"id":50664,"href":"https:\/\/noticiasemdestaque.com\/cd\/index.php?rest_route=\/wp\/v2\/posts\/50661\/revisions\/50664"}],"wp:featuredmedia":[{"embeddable":true,"href":"https:\/\/noticiasemdestaque.com\/cd\/index.php?rest_route=\/wp\/v2\/media\/50663"}],"wp:attachment":[{"href":"https:\/\/noticiasemdestaque.com\/cd\/index.php?rest_route=%2Fwp%2Fv2%2Fmedia&parent=50661"}],"wp:term":[{"taxonomy":"category","embeddable":true,"href":"https:\/\/noticiasemdestaque.com\/cd\/index.php?rest_route=%2Fwp%2Fv2%2Fcategories&post=50661"},{"taxonomy":"post_tag","embeddable":true,"href":"https:\/\/noticiasemdestaque.com\/cd\/index.php?rest_route=%2Fwp%2Fv2%2Ftags&post=50661"}],"curies":[{"name":"wp","href":"https:\/\/api.w.org\/{rel}","templated":true}]}}