{"id":50654,"date":"2023-08-09T08:41:58","date_gmt":"2023-08-09T11:41:58","guid":{"rendered":"https:\/\/noticiasemdestaque.com\/cd\/?p=50654"},"modified":"2023-08-09T08:42:16","modified_gmt":"2023-08-09T11:42:16","slug":"prefeito-de-camalau-expressa-preocupacao-com-queda-de-repasses-do-fpm-situacao-delicada","status":"publish","type":"post","link":"https:\/\/noticiasemdestaque.com\/cd\/?p=50654","title":{"rendered":"Prefeito de Camala\u00fa expressa preocupa\u00e7\u00e3o com queda de repasses do FPM: \u201cSitua\u00e7\u00e3o delicada\u201d"},"content":{"rendered":"<p><a href=\"https:\/\/noticiasemdestaque.com\/cd\/wp-content\/uploads\/2023\/04\/bira_mariano-750x375-1.webp\"><img decoding=\"async\" class=\"size-medium wp-image-47389 aligncenter\" src=\"https:\/\/noticiasemdestaque.com\/cd\/wp-content\/uploads\/2023\/04\/bira_mariano-750x375-1-300x150.webp\" alt=\"\" width=\"300\" height=\"150\" srcset=\"https:\/\/noticiasemdestaque.com\/cd\/wp-content\/uploads\/2023\/04\/bira_mariano-750x375-1-300x150.webp 300w, https:\/\/noticiasemdestaque.com\/cd\/wp-content\/uploads\/2023\/04\/bira_mariano-750x375-1-18x9.webp 18w, https:\/\/noticiasemdestaque.com\/cd\/wp-content\/uploads\/2023\/04\/bira_mariano-750x375-1.webp 750w\" sizes=\"(max-width: 300px) 100vw, 300px\" \/><\/a><\/p>\n<p>O prefeito de Camala\u00fa, Bira Mariano, manifestou nesta ter\u00e7a-feira (08) a sua preocupa\u00e7\u00e3o com a queda nos repasses do Fundo de Participa\u00e7\u00e3o dos Munic\u00edpios (FPM) nesta primeira cota do m\u00eas de agosto. O munic\u00edpio j\u00e1 deixou de receber cerca de R$ 550 mil em duas cotas, o que est\u00e1 gerando impactos significativos na gest\u00e3o financeira local.<\/p>\n<p>&nbsp;<\/p>\n<p>De acordo com informa\u00e7\u00f5es da Confedera\u00e7\u00e3o Nacional dos Munic\u00edpios, o primeiro dec\u00eandio deste m\u00eas ter\u00e1 uma redu\u00e7\u00e3o de aproximadamente 20,32% menor que os R$ 8,8 bilh\u00f5es repassados no mesmo per\u00edodo de 2022. Essa diminui\u00e7\u00e3o nos recursos do FPM preocupa gestores municipais em todo o pa\u00eds, uma vez que afeta diretamente a capacidade de manter e expandir os servi\u00e7os essenciais para a popula\u00e7\u00e3o.<\/p>\n<p>&nbsp;<\/p>\n<p>Para o prefeito Bira Mariano, a diminui\u00e7\u00e3o nos repasses impacta seriamente a capacidade da administra\u00e7\u00e3o de Camala\u00fa em oferecer servi\u00e7os de qualidade para seus mun\u00edcipes. Ele expressou sua preocupa\u00e7\u00e3o com o fato de que, enquanto o governo federal lan\u00e7a programas e aux\u00edlios, as responsabilidades acabam recaindo sobre os munic\u00edpios, sem que haja uma justificativa clara para esses cortes.<\/p>\n<p>&nbsp;<\/p>\n<p>\u201cN\u00f3s estamos trabalhando incansavelmente para proporcionar melhores condi\u00e7\u00f5es de vida para nossa popula\u00e7\u00e3o. Por\u00e9m, essa queda nos repasses do FPM nos coloca em uma situa\u00e7\u00e3o delicada, pois limita nossos recursos para manter os servi\u00e7os p\u00fablicos funcionando adequadamente,\u201d ressaltou o prefeito Bira Mariano.<\/p>\n<p>Com Para\u00edba Mix<\/p>\n","protected":false},"excerpt":{"rendered":"<p>O prefeito de Camala\u00fa, Bira Mariano, manifestou nesta ter\u00e7a-feira (08) a sua preocupa\u00e7\u00e3o com a queda nos repasses do Fundo de Participa\u00e7\u00e3o dos Munic\u00edpios (FPM) nesta primeira cota do m\u00eas de agosto. O munic\u00edpio j\u00e1 deixou de receber cerca de R$ 550 mil em duas cotas, o que est\u00e1 gerando impactos significativos na gest\u00e3o financeira local. &nbsp; De acordo com informa\u00e7\u00f5es da Confedera\u00e7\u00e3o Nacional dos Munic\u00edpios, o primeiro dec\u00eandio deste m\u00eas ter\u00e1 uma redu\u00e7\u00e3o de aproximadamente 20,32% menor que os R$ 8,8 bilh\u00f5es repassados no mesmo per\u00edodo de 2022. Essa diminui\u00e7\u00e3o nos recursos do FPM preocupa gestores municipais em todo o pa\u00eds, uma vez que afeta diretamente a capacidade de manter e expandir os servi\u00e7os essenciais para a popula\u00e7\u00e3o. &nbsp; Para o prefeito Bira Mariano, a diminui\u00e7\u00e3o nos repasses impacta seriamente a capacidade da administra\u00e7\u00e3o de Camala\u00fa em oferecer servi\u00e7os de qualidade para seus mun\u00edcipes. Ele expressou sua preocupa\u00e7\u00e3o com o fato de que, enquanto o governo federal lan\u00e7a programas e aux\u00edlios, as responsabilidades acabam recaindo sobre os munic\u00edpios, sem que haja uma justificativa clara para esses cortes. &nbsp; \u201cN\u00f3s estamos trabalhando incansavelmente para proporcionar melhores condi\u00e7\u00f5es de vida para nossa popula\u00e7\u00e3o. Por\u00e9m, essa queda nos repasses do FPM nos coloca em uma situa\u00e7\u00e3o delicada, pois limita nossos recursos para manter os servi\u00e7os p\u00fablicos funcionando adequadamente,\u201d ressaltou o prefeito Bira Mariano. Com Para\u00edba Mix<\/p>\n","protected":false},"author":2,"featured_media":47389,"comment_status":"closed","ping_status":"open","sticky":false,"template":"","format":"standard","meta":{"_eb_attr":"","_jetpack_memberships_contains_paid_content":false,"footnotes":""},"categories":[4],"tags":[],"class_list":["post-50654","post","type-post","status-publish","format-standard","has-post-thumbnail","hentry","category-politica"],"yoast_head":"<!-- This site is optimized with the Yoast SEO plugin v26.5 - https:\/\/yoast.com\/wordpress\/plugins\/seo\/ -->\n<title>Prefeito de Camala\u00fa expressa preocupa\u00e7\u00e3o com queda de repasses do FPM: \u201cSitua\u00e7\u00e3o delicada\u201d - Not&iacute;cias em Destaque<\/title>\n<meta name=\"robots\" content=\"index, follow, max-snippet:-1, max-image-preview:large, max-video-preview:-1\" \/>\n<link rel=\"canonical\" href=\"https:\/\/noticiasemdestaque.com\/cd\/?p=50654\" \/>\n<meta property=\"og:locale\" content=\"pt_BR\" \/>\n<meta property=\"og:type\" content=\"article\" \/>\n<meta property=\"og:title\" content=\"Prefeito de Camala\u00fa expressa preocupa\u00e7\u00e3o com queda de repasses do FPM: \u201cSitua\u00e7\u00e3o delicada\u201d - Not&iacute;cias em Destaque\" \/>\n<meta property=\"og:description\" content=\"O prefeito de Camala\u00fa, Bira Mariano, manifestou nesta ter\u00e7a-feira (08) a sua preocupa\u00e7\u00e3o com a queda nos repasses do Fundo de Participa\u00e7\u00e3o dos Munic\u00edpios (FPM) nesta primeira cota do m\u00eas de agosto. O munic\u00edpio j\u00e1 deixou de receber cerca de R$ 550 mil em duas cotas, o que est\u00e1 gerando impactos significativos na gest\u00e3o financeira local. &nbsp; De acordo com informa\u00e7\u00f5es da Confedera\u00e7\u00e3o Nacional dos Munic\u00edpios, o primeiro dec\u00eandio deste m\u00eas ter\u00e1 uma redu\u00e7\u00e3o de aproximadamente 20,32% menor que os R$ 8,8 bilh\u00f5es repassados no mesmo per\u00edodo de 2022. Essa diminui\u00e7\u00e3o nos recursos do FPM preocupa gestores municipais em todo o pa\u00eds, uma vez que afeta diretamente a capacidade de manter e expandir os servi\u00e7os essenciais para a popula\u00e7\u00e3o. &nbsp; Para o prefeito Bira Mariano, a diminui\u00e7\u00e3o nos repasses impacta seriamente a capacidade da administra\u00e7\u00e3o de Camala\u00fa em oferecer servi\u00e7os de qualidade para seus mun\u00edcipes. Ele expressou sua preocupa\u00e7\u00e3o com o fato de que, enquanto o governo federal lan\u00e7a programas e aux\u00edlios, as responsabilidades acabam recaindo sobre os munic\u00edpios, sem que haja uma justificativa clara para esses cortes. &nbsp; \u201cN\u00f3s estamos trabalhando incansavelmente para proporcionar melhores condi\u00e7\u00f5es de vida para nossa popula\u00e7\u00e3o. Por\u00e9m, essa queda nos repasses do FPM nos coloca em uma situa\u00e7\u00e3o delicada, pois limita nossos recursos para manter os servi\u00e7os p\u00fablicos funcionando adequadamente,\u201d ressaltou o prefeito Bira Mariano. Com Para\u00edba Mix\" \/>\n<meta property=\"og:url\" content=\"https:\/\/noticiasemdestaque.com\/cd\/?p=50654\" \/>\n<meta property=\"og:site_name\" content=\"Not&iacute;cias em Destaque\" \/>\n<meta property=\"article:published_time\" content=\"2023-08-09T11:41:58+00:00\" \/>\n<meta property=\"article:modified_time\" content=\"2023-08-09T11:42:16+00:00\" \/>\n<meta property=\"og:image\" content=\"https:\/\/noticiasemdestaque.com\/cd\/wp-content\/uploads\/2023\/04\/bira_mariano-750x375-1.webp\" \/>\n\t<meta property=\"og:image:width\" content=\"750\" \/>\n\t<meta property=\"og:image:height\" content=\"375\" \/>\n\t<meta property=\"og:image:type\" content=\"image\/webp\" \/>\n<meta name=\"author\" content=\"Not\u00edcias em Destaque\" \/>\n<meta name=\"twitter:card\" content=\"summary_large_image\" \/>\n<meta name=\"twitter:label1\" content=\"Escrito por\" \/>\n\t<meta name=\"twitter:data1\" content=\"Not\u00edcias em Destaque\" \/>\n\t<meta name=\"twitter:label2\" content=\"Est. tempo de leitura\" \/>\n\t<meta name=\"twitter:data2\" content=\"2 minutos\" \/>\n<script type=\"application\/ld+json\" class=\"yoast-schema-graph\">{\"@context\":\"https:\/\/schema.org\",\"@graph\":[{\"@type\":\"Article\",\"@id\":\"https:\/\/noticiasemdestaque.com\/cd\/?p=50654#article\",\"isPartOf\":{\"@id\":\"https:\/\/noticiasemdestaque.com\/cd\/?p=50654\"},\"author\":{\"name\":\"Not\u00edcias em Destaque\",\"@id\":\"https:\/\/noticiasemdestaque.com\/cd\/#\/schema\/person\/47f7d4f55eec17c6b2ca036c5500f6ce\"},\"headline\":\"Prefeito de Camala\u00fa expressa preocupa\u00e7\u00e3o com queda de repasses do FPM: \u201cSitua\u00e7\u00e3o delicada\u201d\",\"datePublished\":\"2023-08-09T11:41:58+00:00\",\"dateModified\":\"2023-08-09T11:42:16+00:00\",\"mainEntityOfPage\":{\"@id\":\"https:\/\/noticiasemdestaque.com\/cd\/?p=50654\"},\"wordCount\":269,\"publisher\":{\"@id\":\"https:\/\/noticiasemdestaque.com\/cd\/#organization\"},\"image\":{\"@id\":\"https:\/\/noticiasemdestaque.com\/cd\/?p=50654#primaryimage\"},\"thumbnailUrl\":\"https:\/\/noticiasemdestaque.com\/cd\/wp-content\/uploads\/2023\/04\/bira_mariano-750x375-1.webp\",\"articleSection\":[\"Pol\u00edtica\"],\"inLanguage\":\"pt-BR\"},{\"@type\":\"WebPage\",\"@id\":\"https:\/\/noticiasemdestaque.com\/cd\/?p=50654\",\"url\":\"https:\/\/noticiasemdestaque.com\/cd\/?p=50654\",\"name\":\"Prefeito de Camala\u00fa expressa preocupa\u00e7\u00e3o com queda de repasses do FPM: \u201cSitua\u00e7\u00e3o delicada\u201d - Not&iacute;cias em Destaque\",\"isPartOf\":{\"@id\":\"https:\/\/noticiasemdestaque.com\/cd\/#website\"},\"primaryImageOfPage\":{\"@id\":\"https:\/\/noticiasemdestaque.com\/cd\/?p=50654#primaryimage\"},\"image\":{\"@id\":\"https:\/\/noticiasemdestaque.com\/cd\/?p=50654#primaryimage\"},\"thumbnailUrl\":\"https:\/\/noticiasemdestaque.com\/cd\/wp-content\/uploads\/2023\/04\/bira_mariano-750x375-1.webp\",\"datePublished\":\"2023-08-09T11:41:58+00:00\",\"dateModified\":\"2023-08-09T11:42:16+00:00\",\"breadcrumb\":{\"@id\":\"https:\/\/noticiasemdestaque.com\/cd\/?p=50654#breadcrumb\"},\"inLanguage\":\"pt-BR\",\"potentialAction\":[{\"@type\":\"ReadAction\",\"target\":[\"https:\/\/noticiasemdestaque.com\/cd\/?p=50654\"]}]},{\"@type\":\"ImageObject\",\"inLanguage\":\"pt-BR\",\"@id\":\"https:\/\/noticiasemdestaque.com\/cd\/?p=50654#primaryimage\",\"url\":\"https:\/\/noticiasemdestaque.com\/cd\/wp-content\/uploads\/2023\/04\/bira_mariano-750x375-1.webp\",\"contentUrl\":\"https:\/\/noticiasemdestaque.com\/cd\/wp-content\/uploads\/2023\/04\/bira_mariano-750x375-1.webp\",\"width\":750,\"height\":375},{\"@type\":\"BreadcrumbList\",\"@id\":\"https:\/\/noticiasemdestaque.com\/cd\/?p=50654#breadcrumb\",\"itemListElement\":[{\"@type\":\"ListItem\",\"position\":1,\"name\":\"In\u00edcio\",\"item\":\"https:\/\/noticiasemdestaque.com\/cd\/\"},{\"@type\":\"ListItem\",\"position\":2,\"name\":\"Prefeito de Camala\u00fa expressa preocupa\u00e7\u00e3o com queda de repasses do FPM: \u201cSitua\u00e7\u00e3o delicada\u201d\"}]},{\"@type\":\"WebSite\",\"@id\":\"https:\/\/noticiasemdestaque.com\/cd\/#website\",\"url\":\"https:\/\/noticiasemdestaque.com\/cd\/\",\"name\":\"Not&iacute;cias em Destaque\",\"description\":\"\",\"publisher\":{\"@id\":\"https:\/\/noticiasemdestaque.com\/cd\/#organization\"},\"potentialAction\":[{\"@type\":\"SearchAction\",\"target\":{\"@type\":\"EntryPoint\",\"urlTemplate\":\"https:\/\/noticiasemdestaque.com\/cd\/?s={search_term_string}\"},\"query-input\":{\"@type\":\"PropertyValueSpecification\",\"valueRequired\":true,\"valueName\":\"search_term_string\"}}],\"inLanguage\":\"pt-BR\"},{\"@type\":\"Organization\",\"@id\":\"https:\/\/noticiasemdestaque.com\/cd\/#organization\",\"name\":\"Not\u00edcias em Destaque\",\"url\":\"https:\/\/noticiasemdestaque.com\/cd\/\",\"logo\":{\"@type\":\"ImageObject\",\"inLanguage\":\"pt-BR\",\"@id\":\"https:\/\/noticiasemdestaque.com\/cd\/#\/schema\/logo\/image\/\",\"url\":\"https:\/\/noticiasemdestaque.com\/cd\/wp-content\/uploads\/2022\/05\/imagem-base-noticiasemdestaque.png\",\"contentUrl\":\"https:\/\/noticiasemdestaque.com\/cd\/wp-content\/uploads\/2022\/05\/imagem-base-noticiasemdestaque.png\",\"width\":1200,\"height\":630,\"caption\":\"Not\u00edcias em Destaque\"},\"image\":{\"@id\":\"https:\/\/noticiasemdestaque.com\/cd\/#\/schema\/logo\/image\/\"}},{\"@type\":\"Person\",\"@id\":\"https:\/\/noticiasemdestaque.com\/cd\/#\/schema\/person\/47f7d4f55eec17c6b2ca036c5500f6ce\",\"name\":\"Not\u00edcias em Destaque\",\"url\":\"https:\/\/noticiasemdestaque.com\/cd\/?author=2\"}]}<\/script>\n<!-- \/ Yoast SEO plugin. -->","yoast_head_json":{"title":"Prefeito de Camala\u00fa expressa preocupa\u00e7\u00e3o com queda de repasses do FPM: \u201cSitua\u00e7\u00e3o delicada\u201d - Not&iacute;cias em Destaque","robots":{"index":"index","follow":"follow","max-snippet":"max-snippet:-1","max-image-preview":"max-image-preview:large","max-video-preview":"max-video-preview:-1"},"canonical":"https:\/\/noticiasemdestaque.com\/cd\/?p=50654","og_locale":"pt_BR","og_type":"article","og_title":"Prefeito de Camala\u00fa expressa preocupa\u00e7\u00e3o com queda de repasses do FPM: \u201cSitua\u00e7\u00e3o delicada\u201d - Not&iacute;cias em Destaque","og_description":"O prefeito de Camala\u00fa, Bira Mariano, manifestou nesta ter\u00e7a-feira (08) a sua preocupa\u00e7\u00e3o com a queda nos repasses do Fundo de Participa\u00e7\u00e3o dos Munic\u00edpios (FPM) nesta primeira cota do m\u00eas de agosto. O munic\u00edpio j\u00e1 deixou de receber cerca de R$ 550 mil em duas cotas, o que est\u00e1 gerando impactos significativos na gest\u00e3o financeira local. &nbsp; De acordo com informa\u00e7\u00f5es da Confedera\u00e7\u00e3o Nacional dos Munic\u00edpios, o primeiro dec\u00eandio deste m\u00eas ter\u00e1 uma redu\u00e7\u00e3o de aproximadamente 20,32% menor que os R$ 8,8 bilh\u00f5es repassados no mesmo per\u00edodo de 2022. Essa diminui\u00e7\u00e3o nos recursos do FPM preocupa gestores municipais em todo o pa\u00eds, uma vez que afeta diretamente a capacidade de manter e expandir os servi\u00e7os essenciais para a popula\u00e7\u00e3o. &nbsp; Para o prefeito Bira Mariano, a diminui\u00e7\u00e3o nos repasses impacta seriamente a capacidade da administra\u00e7\u00e3o de Camala\u00fa em oferecer servi\u00e7os de qualidade para seus mun\u00edcipes. Ele expressou sua preocupa\u00e7\u00e3o com o fato de que, enquanto o governo federal lan\u00e7a programas e aux\u00edlios, as responsabilidades acabam recaindo sobre os munic\u00edpios, sem que haja uma justificativa clara para esses cortes. &nbsp; \u201cN\u00f3s estamos trabalhando incansavelmente para proporcionar melhores condi\u00e7\u00f5es de vida para nossa popula\u00e7\u00e3o. Por\u00e9m, essa queda nos repasses do FPM nos coloca em uma situa\u00e7\u00e3o delicada, pois limita nossos recursos para manter os servi\u00e7os p\u00fablicos funcionando adequadamente,\u201d ressaltou o prefeito Bira Mariano. Com Para\u00edba Mix","og_url":"https:\/\/noticiasemdestaque.com\/cd\/?p=50654","og_site_name":"Not&iacute;cias em Destaque","article_published_time":"2023-08-09T11:41:58+00:00","article_modified_time":"2023-08-09T11:42:16+00:00","og_image":[{"width":750,"height":375,"url":"https:\/\/noticiasemdestaque.com\/cd\/wp-content\/uploads\/2023\/04\/bira_mariano-750x375-1.webp","type":"image\/webp"}],"author":"Not\u00edcias em Destaque","twitter_card":"summary_large_image","twitter_misc":{"Escrito por":"Not\u00edcias em Destaque","Est. tempo de leitura":"2 minutos"},"schema":{"@context":"https:\/\/schema.org","@graph":[{"@type":"Article","@id":"https:\/\/noticiasemdestaque.com\/cd\/?p=50654#article","isPartOf":{"@id":"https:\/\/noticiasemdestaque.com\/cd\/?p=50654"},"author":{"name":"Not\u00edcias em Destaque","@id":"https:\/\/noticiasemdestaque.com\/cd\/#\/schema\/person\/47f7d4f55eec17c6b2ca036c5500f6ce"},"headline":"Prefeito de Camala\u00fa expressa preocupa\u00e7\u00e3o com queda de repasses do FPM: \u201cSitua\u00e7\u00e3o delicada\u201d","datePublished":"2023-08-09T11:41:58+00:00","dateModified":"2023-08-09T11:42:16+00:00","mainEntityOfPage":{"@id":"https:\/\/noticiasemdestaque.com\/cd\/?p=50654"},"wordCount":269,"publisher":{"@id":"https:\/\/noticiasemdestaque.com\/cd\/#organization"},"image":{"@id":"https:\/\/noticiasemdestaque.com\/cd\/?p=50654#primaryimage"},"thumbnailUrl":"https:\/\/noticiasemdestaque.com\/cd\/wp-content\/uploads\/2023\/04\/bira_mariano-750x375-1.webp","articleSection":["Pol\u00edtica"],"inLanguage":"pt-BR"},{"@type":"WebPage","@id":"https:\/\/noticiasemdestaque.com\/cd\/?p=50654","url":"https:\/\/noticiasemdestaque.com\/cd\/?p=50654","name":"Prefeito de Camala\u00fa expressa preocupa\u00e7\u00e3o com queda de repasses do FPM: \u201cSitua\u00e7\u00e3o delicada\u201d - Not&iacute;cias em Destaque","isPartOf":{"@id":"https:\/\/noticiasemdestaque.com\/cd\/#website"},"primaryImageOfPage":{"@id":"https:\/\/noticiasemdestaque.com\/cd\/?p=50654#primaryimage"},"image":{"@id":"https:\/\/noticiasemdestaque.com\/cd\/?p=50654#primaryimage"},"thumbnailUrl":"https:\/\/noticiasemdestaque.com\/cd\/wp-content\/uploads\/2023\/04\/bira_mariano-750x375-1.webp","datePublished":"2023-08-09T11:41:58+00:00","dateModified":"2023-08-09T11:42:16+00:00","breadcrumb":{"@id":"https:\/\/noticiasemdestaque.com\/cd\/?p=50654#breadcrumb"},"inLanguage":"pt-BR","potentialAction":[{"@type":"ReadAction","target":["https:\/\/noticiasemdestaque.com\/cd\/?p=50654"]}]},{"@type":"ImageObject","inLanguage":"pt-BR","@id":"https:\/\/noticiasemdestaque.com\/cd\/?p=50654#primaryimage","url":"https:\/\/noticiasemdestaque.com\/cd\/wp-content\/uploads\/2023\/04\/bira_mariano-750x375-1.webp","contentUrl":"https:\/\/noticiasemdestaque.com\/cd\/wp-content\/uploads\/2023\/04\/bira_mariano-750x375-1.webp","width":750,"height":375},{"@type":"BreadcrumbList","@id":"https:\/\/noticiasemdestaque.com\/cd\/?p=50654#breadcrumb","itemListElement":[{"@type":"ListItem","position":1,"name":"In\u00edcio","item":"https:\/\/noticiasemdestaque.com\/cd\/"},{"@type":"ListItem","position":2,"name":"Prefeito de Camala\u00fa expressa preocupa\u00e7\u00e3o com queda de repasses do FPM: \u201cSitua\u00e7\u00e3o delicada\u201d"}]},{"@type":"WebSite","@id":"https:\/\/noticiasemdestaque.com\/cd\/#website","url":"https:\/\/noticiasemdestaque.com\/cd\/","name":"Not&iacute;cias em Destaque","description":"","publisher":{"@id":"https:\/\/noticiasemdestaque.com\/cd\/#organization"},"potentialAction":[{"@type":"SearchAction","target":{"@type":"EntryPoint","urlTemplate":"https:\/\/noticiasemdestaque.com\/cd\/?s={search_term_string}"},"query-input":{"@type":"PropertyValueSpecification","valueRequired":true,"valueName":"search_term_string"}}],"inLanguage":"pt-BR"},{"@type":"Organization","@id":"https:\/\/noticiasemdestaque.com\/cd\/#organization","name":"Not\u00edcias em Destaque","url":"https:\/\/noticiasemdestaque.com\/cd\/","logo":{"@type":"ImageObject","inLanguage":"pt-BR","@id":"https:\/\/noticiasemdestaque.com\/cd\/#\/schema\/logo\/image\/","url":"https:\/\/noticiasemdestaque.com\/cd\/wp-content\/uploads\/2022\/05\/imagem-base-noticiasemdestaque.png","contentUrl":"https:\/\/noticiasemdestaque.com\/cd\/wp-content\/uploads\/2022\/05\/imagem-base-noticiasemdestaque.png","width":1200,"height":630,"caption":"Not\u00edcias em Destaque"},"image":{"@id":"https:\/\/noticiasemdestaque.com\/cd\/#\/schema\/logo\/image\/"}},{"@type":"Person","@id":"https:\/\/noticiasemdestaque.com\/cd\/#\/schema\/person\/47f7d4f55eec17c6b2ca036c5500f6ce","name":"Not\u00edcias em Destaque","url":"https:\/\/noticiasemdestaque.com\/cd\/?author=2"}]}},"jetpack_featured_media_url":"https:\/\/noticiasemdestaque.com\/cd\/wp-content\/uploads\/2023\/04\/bira_mariano-750x375-1.webp","jetpack_sharing_enabled":true,"_links":{"self":[{"href":"https:\/\/noticiasemdestaque.com\/cd\/index.php?rest_route=\/wp\/v2\/posts\/50654","targetHints":{"allow":["GET"]}}],"collection":[{"href":"https:\/\/noticiasemdestaque.com\/cd\/index.php?rest_route=\/wp\/v2\/posts"}],"about":[{"href":"https:\/\/noticiasemdestaque.com\/cd\/index.php?rest_route=\/wp\/v2\/types\/post"}],"author":[{"embeddable":true,"href":"https:\/\/noticiasemdestaque.com\/cd\/index.php?rest_route=\/wp\/v2\/users\/2"}],"replies":[{"embeddable":true,"href":"https:\/\/noticiasemdestaque.com\/cd\/index.php?rest_route=%2Fwp%2Fv2%2Fcomments&post=50654"}],"version-history":[{"count":2,"href":"https:\/\/noticiasemdestaque.com\/cd\/index.php?rest_route=\/wp\/v2\/posts\/50654\/revisions"}],"predecessor-version":[{"id":50656,"href":"https:\/\/noticiasemdestaque.com\/cd\/index.php?rest_route=\/wp\/v2\/posts\/50654\/revisions\/50656"}],"wp:featuredmedia":[{"embeddable":true,"href":"https:\/\/noticiasemdestaque.com\/cd\/index.php?rest_route=\/wp\/v2\/media\/47389"}],"wp:attachment":[{"href":"https:\/\/noticiasemdestaque.com\/cd\/index.php?rest_route=%2Fwp%2Fv2%2Fmedia&parent=50654"}],"wp:term":[{"taxonomy":"category","embeddable":true,"href":"https:\/\/noticiasemdestaque.com\/cd\/index.php?rest_route=%2Fwp%2Fv2%2Fcategories&post=50654"},{"taxonomy":"post_tag","embeddable":true,"href":"https:\/\/noticiasemdestaque.com\/cd\/index.php?rest_route=%2Fwp%2Fv2%2Ftags&post=50654"}],"curies":[{"name":"wp","href":"https:\/\/api.w.org\/{rel}","templated":true}]}}