{"id":50651,"date":"2023-08-09T08:39:48","date_gmt":"2023-08-09T11:39:48","guid":{"rendered":"https:\/\/noticiasemdestaque.com\/cd\/?p=50651"},"modified":"2023-08-09T08:39:48","modified_gmt":"2023-08-09T11:39:48","slug":"ex-diretor-da-prf-e-preso-pela-pf-por-interferencia-na-eleicao","status":"publish","type":"post","link":"https:\/\/noticiasemdestaque.com\/cd\/?p=50651","title":{"rendered":"Ex-diretor da PRF \u00e9 preso pela PF por interfer\u00eancia na elei\u00e7\u00e3o"},"content":{"rendered":"<p><a href=\"https:\/\/noticiasemdestaque.com\/cd\/wp-content\/uploads\/2023\/08\/vac_abr_1104220343-800x479-1.jpg\"><img fetchpriority=\"high\" decoding=\"async\" class=\"size-medium wp-image-50652 aligncenter\" src=\"https:\/\/noticiasemdestaque.com\/cd\/wp-content\/uploads\/2023\/08\/vac_abr_1104220343-800x479-1-300x180.jpg\" alt=\"\" width=\"300\" height=\"180\" srcset=\"https:\/\/noticiasemdestaque.com\/cd\/wp-content\/uploads\/2023\/08\/vac_abr_1104220343-800x479-1-300x180.jpg 300w, https:\/\/noticiasemdestaque.com\/cd\/wp-content\/uploads\/2023\/08\/vac_abr_1104220343-800x479-1-768x460.jpg 768w, https:\/\/noticiasemdestaque.com\/cd\/wp-content\/uploads\/2023\/08\/vac_abr_1104220343-800x479-1-18x12.jpg 18w, https:\/\/noticiasemdestaque.com\/cd\/wp-content\/uploads\/2023\/08\/vac_abr_1104220343-800x479-1.jpg 800w\" sizes=\"(max-width: 300px) 100vw, 300px\" \/><\/a><\/p>\n<p>Pol\u00edcia Federal deflagrou, nesta quarta-feira (9), a Opera\u00e7\u00e3o Constitui\u00e7\u00e3o Cidad\u00e3, com o objetivo de esclarecer o suposto uso da m\u00e1quina p\u00fablica para interferir no processo eleitoral relativo ao segundo turno das Elei\u00e7\u00f5es Presidenciais de 2022. O ex-diretor-geral da Pol\u00edcia Rodovi\u00e1ria Federal, Silvinei Vasques, foi preso preventivamente em Florian\u00f3polis por poss\u00edvel interfer\u00eancia no segundo turno das elei\u00e7\u00f5es de 2022 com a realiza\u00e7\u00e3o de blitze principalmente no Nordeste.<\/p>\n<p>&nbsp;<\/p>\n<p>De acordo com as investiga\u00e7\u00f5es, integrantes da Pol\u00edcia Rodovi\u00e1ria Federal teriam direcionado recursos humanos e materiais com o intuito de dificultar o tr\u00e2nsito de eleitores no dia 30 de outubro, dia da elei\u00e7\u00e3o.<\/p>\n<p>&nbsp;<\/p>\n<p>Os crimes apurados teriam sido planejados desde o in\u00edcio de outubro daquele ano, sendo que, no dia do segundo turno, foi realizado patrulhamento ostensivo e direcionado \u00e0 regi\u00e3o Nordeste do pa\u00eds.<\/p>\n<p>&nbsp;<\/p>\n<p>Policiais federais cumprem 10 mandados de busca e apreens\u00e3o e um mandado de pris\u00e3o preventiva, expedidos pelo Supremo Tribunal Federal, nos estados de Santa Catarina, Rio Grande do Sul, Distrito Federal e Rio Grande do Norte. A opera\u00e7\u00e3o conta com o apoio da Corregedoria Geral da PRF, que determinou ainda a oitiva de 47 policiais rodovi\u00e1rios federais.<\/p>\n<p>&nbsp;<\/p>\n<p>Os mandados foram autorizados pelo ministro do Supremo Tribunal Federal (STF) Alexandre de Moraes.<\/p>\n<p>&nbsp;<\/p>\n<p>Os fatos investigados configuram, em tese, os crimes de prevarica\u00e7\u00e3o e viol\u00eancia pol\u00edtica, previstos no C\u00f3digo Penal Brasileiro, e os crimes de impedir ou embara\u00e7ar o exerc\u00edcio do sufr\u00e1gio e ocultar, sonegar, a\u00e7ambarcar ou recusar no dia da elei\u00e7\u00e3o o fornecimento, normalmente a todos, de utilidades, alimenta\u00e7\u00e3o e meios de transporte, ou conceder exclusividade dos mesmos a determinado partido ou candidato, do C\u00f3digo Eleitoral Brasileiro.<\/p>\n<p>&nbsp;<\/p>\n<p>O nome da \u201cOpera\u00e7\u00e3o Constitui\u00e7\u00e3o Cidad\u00e3\u201d \u00e9 uma refer\u00eancia \u00e0 Lei Maior do Brasil, promulgada em 1988, a qual, pela primeira vez na hist\u00f3ria do pa\u00eds, garantiu a todos os cidad\u00e3os o direito ao voto, maior representa\u00e7\u00e3o da Democracia.<\/p>\n<p>Locais dos cumprimentos das medidas:<\/p>\n<p>1 Mandados de Pris\u00e3o Preventiva em SC<\/p>\n<p>2 Mandados de Busca e Apreens\u00e3o em SC<\/p>\n<p>2 Mandados de Busca e Apreens\u00e3o no RS<\/p>\n<p>5 Mandados de Busca e Apreens\u00e3o no DF<\/p>\n<p>1 Mandado de Busca e Apreens\u00e3o no RN<\/p>\n<p>&nbsp;<\/p>\n<p>Com PF<\/p>\n","protected":false},"excerpt":{"rendered":"<p>Pol\u00edcia Federal deflagrou, nesta quarta-feira (9), a Opera\u00e7\u00e3o Constitui\u00e7\u00e3o Cidad\u00e3, com o objetivo de esclarecer o suposto uso da m\u00e1quina p\u00fablica para interferir no processo eleitoral relativo ao segundo turno das Elei\u00e7\u00f5es Presidenciais de 2022. O ex-diretor-geral da Pol\u00edcia Rodovi\u00e1ria Federal, Silvinei Vasques, foi preso preventivamente em Florian\u00f3polis por poss\u00edvel interfer\u00eancia no segundo turno das elei\u00e7\u00f5es de 2022 com a realiza\u00e7\u00e3o de blitze principalmente no Nordeste. &nbsp; De acordo com as investiga\u00e7\u00f5es, integrantes da Pol\u00edcia Rodovi\u00e1ria Federal teriam direcionado recursos humanos e materiais com o intuito de dificultar o tr\u00e2nsito de eleitores no dia 30 de outubro, dia da elei\u00e7\u00e3o. &nbsp; Os crimes apurados teriam sido planejados desde o in\u00edcio de outubro daquele ano, sendo que, no dia do segundo turno, foi realizado patrulhamento ostensivo e direcionado \u00e0 regi\u00e3o Nordeste do pa\u00eds. &nbsp; Policiais federais cumprem 10 mandados de busca e apreens\u00e3o e um mandado de pris\u00e3o preventiva, expedidos pelo Supremo Tribunal Federal, nos estados de Santa Catarina, Rio Grande do Sul, Distrito Federal e Rio Grande do Norte. A opera\u00e7\u00e3o conta com o apoio da Corregedoria Geral da PRF, que determinou ainda a oitiva de 47 policiais rodovi\u00e1rios federais. &nbsp; Os mandados foram autorizados pelo ministro do Supremo Tribunal Federal (STF) Alexandre de Moraes. &nbsp; Os fatos investigados configuram, em tese, os crimes de prevarica\u00e7\u00e3o e viol\u00eancia pol\u00edtica, previstos no C\u00f3digo Penal Brasileiro, e os crimes de impedir ou embara\u00e7ar o exerc\u00edcio do sufr\u00e1gio e ocultar, sonegar, a\u00e7ambarcar ou recusar no dia da elei\u00e7\u00e3o o fornecimento, normalmente a todos, de utilidades, alimenta\u00e7\u00e3o e meios de transporte, ou conceder exclusividade dos mesmos a determinado partido ou candidato, do C\u00f3digo Eleitoral Brasileiro. &nbsp; O nome da \u201cOpera\u00e7\u00e3o Constitui\u00e7\u00e3o Cidad\u00e3\u201d \u00e9 uma refer\u00eancia \u00e0 Lei Maior do Brasil, promulgada em 1988, a qual, pela primeira vez na hist\u00f3ria do pa\u00eds, garantiu a todos os cidad\u00e3os o direito ao voto, maior representa\u00e7\u00e3o da Democracia. Locais dos cumprimentos das medidas: 1 Mandados de Pris\u00e3o Preventiva em SC 2 Mandados de Busca e Apreens\u00e3o em SC 2 Mandados de Busca e Apreens\u00e3o no RS 5 Mandados de Busca e Apreens\u00e3o no DF 1 Mandado de Busca e Apreens\u00e3o no RN &nbsp; Com PF<\/p>\n","protected":false},"author":2,"featured_media":50652,"comment_status":"closed","ping_status":"open","sticky":false,"template":"","format":"standard","meta":{"_eb_attr":"","_jetpack_memberships_contains_paid_content":false,"footnotes":""},"categories":[20],"tags":[],"class_list":["post-50651","post","type-post","status-publish","format-standard","has-post-thumbnail","hentry","category-policia"],"yoast_head":"<!-- This site is optimized with the Yoast SEO plugin v26.5 - https:\/\/yoast.com\/wordpress\/plugins\/seo\/ -->\n<title>Ex-diretor da PRF \u00e9 preso pela PF por interfer\u00eancia na elei\u00e7\u00e3o - Not&iacute;cias em Destaque<\/title>\n<meta name=\"robots\" content=\"index, follow, max-snippet:-1, max-image-preview:large, max-video-preview:-1\" \/>\n<link rel=\"canonical\" href=\"https:\/\/noticiasemdestaque.com\/cd\/?p=50651\" \/>\n<meta property=\"og:locale\" content=\"pt_BR\" \/>\n<meta property=\"og:type\" content=\"article\" \/>\n<meta property=\"og:title\" content=\"Ex-diretor da PRF \u00e9 preso pela PF por interfer\u00eancia na elei\u00e7\u00e3o - Not&iacute;cias em Destaque\" \/>\n<meta property=\"og:description\" content=\"Pol\u00edcia Federal deflagrou, nesta quarta-feira (9), a Opera\u00e7\u00e3o Constitui\u00e7\u00e3o Cidad\u00e3, com o objetivo de esclarecer o suposto uso da m\u00e1quina p\u00fablica para interferir no processo eleitoral relativo ao segundo turno das Elei\u00e7\u00f5es Presidenciais de 2022. O ex-diretor-geral da Pol\u00edcia Rodovi\u00e1ria Federal, Silvinei Vasques, foi preso preventivamente em Florian\u00f3polis por poss\u00edvel interfer\u00eancia no segundo turno das elei\u00e7\u00f5es de 2022 com a realiza\u00e7\u00e3o de blitze principalmente no Nordeste. &nbsp; De acordo com as investiga\u00e7\u00f5es, integrantes da Pol\u00edcia Rodovi\u00e1ria Federal teriam direcionado recursos humanos e materiais com o intuito de dificultar o tr\u00e2nsito de eleitores no dia 30 de outubro, dia da elei\u00e7\u00e3o. &nbsp; Os crimes apurados teriam sido planejados desde o in\u00edcio de outubro daquele ano, sendo que, no dia do segundo turno, foi realizado patrulhamento ostensivo e direcionado \u00e0 regi\u00e3o Nordeste do pa\u00eds. &nbsp; Policiais federais cumprem 10 mandados de busca e apreens\u00e3o e um mandado de pris\u00e3o preventiva, expedidos pelo Supremo Tribunal Federal, nos estados de Santa Catarina, Rio Grande do Sul, Distrito Federal e Rio Grande do Norte. A opera\u00e7\u00e3o conta com o apoio da Corregedoria Geral da PRF, que determinou ainda a oitiva de 47 policiais rodovi\u00e1rios federais. &nbsp; Os mandados foram autorizados pelo ministro do Supremo Tribunal Federal (STF) Alexandre de Moraes. &nbsp; Os fatos investigados configuram, em tese, os crimes de prevarica\u00e7\u00e3o e viol\u00eancia pol\u00edtica, previstos no C\u00f3digo Penal Brasileiro, e os crimes de impedir ou embara\u00e7ar o exerc\u00edcio do sufr\u00e1gio e ocultar, sonegar, a\u00e7ambarcar ou recusar no dia da elei\u00e7\u00e3o o fornecimento, normalmente a todos, de utilidades, alimenta\u00e7\u00e3o e meios de transporte, ou conceder exclusividade dos mesmos a determinado partido ou candidato, do C\u00f3digo Eleitoral Brasileiro. &nbsp; O nome da \u201cOpera\u00e7\u00e3o Constitui\u00e7\u00e3o Cidad\u00e3\u201d \u00e9 uma refer\u00eancia \u00e0 Lei Maior do Brasil, promulgada em 1988, a qual, pela primeira vez na hist\u00f3ria do pa\u00eds, garantiu a todos os cidad\u00e3os o direito ao voto, maior representa\u00e7\u00e3o da Democracia. Locais dos cumprimentos das medidas: 1 Mandados de Pris\u00e3o Preventiva em SC 2 Mandados de Busca e Apreens\u00e3o em SC 2 Mandados de Busca e Apreens\u00e3o no RS 5 Mandados de Busca e Apreens\u00e3o no DF 1 Mandado de Busca e Apreens\u00e3o no RN &nbsp; Com PF\" \/>\n<meta property=\"og:url\" content=\"https:\/\/noticiasemdestaque.com\/cd\/?p=50651\" \/>\n<meta property=\"og:site_name\" content=\"Not&iacute;cias em Destaque\" \/>\n<meta property=\"article:published_time\" content=\"2023-08-09T11:39:48+00:00\" \/>\n<meta property=\"og:image\" content=\"https:\/\/noticiasemdestaque.com\/cd\/wp-content\/uploads\/2023\/08\/vac_abr_1104220343-800x479-1.jpg\" \/>\n\t<meta property=\"og:image:width\" content=\"800\" \/>\n\t<meta property=\"og:image:height\" content=\"479\" \/>\n\t<meta property=\"og:image:type\" content=\"image\/jpeg\" \/>\n<meta name=\"author\" content=\"Not\u00edcias em Destaque\" \/>\n<meta name=\"twitter:card\" content=\"summary_large_image\" \/>\n<meta name=\"twitter:label1\" content=\"Escrito por\" \/>\n\t<meta name=\"twitter:data1\" content=\"Not\u00edcias em Destaque\" \/>\n\t<meta name=\"twitter:label2\" content=\"Est. tempo de leitura\" \/>\n\t<meta name=\"twitter:data2\" content=\"2 minutos\" \/>\n<script type=\"application\/ld+json\" class=\"yoast-schema-graph\">{\"@context\":\"https:\/\/schema.org\",\"@graph\":[{\"@type\":\"Article\",\"@id\":\"https:\/\/noticiasemdestaque.com\/cd\/?p=50651#article\",\"isPartOf\":{\"@id\":\"https:\/\/noticiasemdestaque.com\/cd\/?p=50651\"},\"author\":{\"name\":\"Not\u00edcias em Destaque\",\"@id\":\"https:\/\/noticiasemdestaque.com\/cd\/#\/schema\/person\/47f7d4f55eec17c6b2ca036c5500f6ce\"},\"headline\":\"Ex-diretor da PRF \u00e9 preso pela PF por interfer\u00eancia na elei\u00e7\u00e3o\",\"datePublished\":\"2023-08-09T11:39:48+00:00\",\"mainEntityOfPage\":{\"@id\":\"https:\/\/noticiasemdestaque.com\/cd\/?p=50651\"},\"wordCount\":403,\"publisher\":{\"@id\":\"https:\/\/noticiasemdestaque.com\/cd\/#organization\"},\"image\":{\"@id\":\"https:\/\/noticiasemdestaque.com\/cd\/?p=50651#primaryimage\"},\"thumbnailUrl\":\"https:\/\/noticiasemdestaque.com\/cd\/wp-content\/uploads\/2023\/08\/vac_abr_1104220343-800x479-1.jpg\",\"articleSection\":[\"Pol\u00edcia\"],\"inLanguage\":\"pt-BR\"},{\"@type\":\"WebPage\",\"@id\":\"https:\/\/noticiasemdestaque.com\/cd\/?p=50651\",\"url\":\"https:\/\/noticiasemdestaque.com\/cd\/?p=50651\",\"name\":\"Ex-diretor da PRF \u00e9 preso pela PF por interfer\u00eancia na elei\u00e7\u00e3o - Not&iacute;cias em Destaque\",\"isPartOf\":{\"@id\":\"https:\/\/noticiasemdestaque.com\/cd\/#website\"},\"primaryImageOfPage\":{\"@id\":\"https:\/\/noticiasemdestaque.com\/cd\/?p=50651#primaryimage\"},\"image\":{\"@id\":\"https:\/\/noticiasemdestaque.com\/cd\/?p=50651#primaryimage\"},\"thumbnailUrl\":\"https:\/\/noticiasemdestaque.com\/cd\/wp-content\/uploads\/2023\/08\/vac_abr_1104220343-800x479-1.jpg\",\"datePublished\":\"2023-08-09T11:39:48+00:00\",\"breadcrumb\":{\"@id\":\"https:\/\/noticiasemdestaque.com\/cd\/?p=50651#breadcrumb\"},\"inLanguage\":\"pt-BR\",\"potentialAction\":[{\"@type\":\"ReadAction\",\"target\":[\"https:\/\/noticiasemdestaque.com\/cd\/?p=50651\"]}]},{\"@type\":\"ImageObject\",\"inLanguage\":\"pt-BR\",\"@id\":\"https:\/\/noticiasemdestaque.com\/cd\/?p=50651#primaryimage\",\"url\":\"https:\/\/noticiasemdestaque.com\/cd\/wp-content\/uploads\/2023\/08\/vac_abr_1104220343-800x479-1.jpg\",\"contentUrl\":\"https:\/\/noticiasemdestaque.com\/cd\/wp-content\/uploads\/2023\/08\/vac_abr_1104220343-800x479-1.jpg\",\"width\":800,\"height\":479},{\"@type\":\"BreadcrumbList\",\"@id\":\"https:\/\/noticiasemdestaque.com\/cd\/?p=50651#breadcrumb\",\"itemListElement\":[{\"@type\":\"ListItem\",\"position\":1,\"name\":\"In\u00edcio\",\"item\":\"https:\/\/noticiasemdestaque.com\/cd\/\"},{\"@type\":\"ListItem\",\"position\":2,\"name\":\"Ex-diretor da PRF \u00e9 preso pela PF por interfer\u00eancia na elei\u00e7\u00e3o\"}]},{\"@type\":\"WebSite\",\"@id\":\"https:\/\/noticiasemdestaque.com\/cd\/#website\",\"url\":\"https:\/\/noticiasemdestaque.com\/cd\/\",\"name\":\"Not&iacute;cias em Destaque\",\"description\":\"\",\"publisher\":{\"@id\":\"https:\/\/noticiasemdestaque.com\/cd\/#organization\"},\"potentialAction\":[{\"@type\":\"SearchAction\",\"target\":{\"@type\":\"EntryPoint\",\"urlTemplate\":\"https:\/\/noticiasemdestaque.com\/cd\/?s={search_term_string}\"},\"query-input\":{\"@type\":\"PropertyValueSpecification\",\"valueRequired\":true,\"valueName\":\"search_term_string\"}}],\"inLanguage\":\"pt-BR\"},{\"@type\":\"Organization\",\"@id\":\"https:\/\/noticiasemdestaque.com\/cd\/#organization\",\"name\":\"Not\u00edcias em Destaque\",\"url\":\"https:\/\/noticiasemdestaque.com\/cd\/\",\"logo\":{\"@type\":\"ImageObject\",\"inLanguage\":\"pt-BR\",\"@id\":\"https:\/\/noticiasemdestaque.com\/cd\/#\/schema\/logo\/image\/\",\"url\":\"https:\/\/noticiasemdestaque.com\/cd\/wp-content\/uploads\/2022\/05\/imagem-base-noticiasemdestaque.png\",\"contentUrl\":\"https:\/\/noticiasemdestaque.com\/cd\/wp-content\/uploads\/2022\/05\/imagem-base-noticiasemdestaque.png\",\"width\":1200,\"height\":630,\"caption\":\"Not\u00edcias em Destaque\"},\"image\":{\"@id\":\"https:\/\/noticiasemdestaque.com\/cd\/#\/schema\/logo\/image\/\"}},{\"@type\":\"Person\",\"@id\":\"https:\/\/noticiasemdestaque.com\/cd\/#\/schema\/person\/47f7d4f55eec17c6b2ca036c5500f6ce\",\"name\":\"Not\u00edcias em Destaque\",\"url\":\"https:\/\/noticiasemdestaque.com\/cd\/?author=2\"}]}<\/script>\n<!-- \/ Yoast SEO plugin. -->","yoast_head_json":{"title":"Ex-diretor da PRF \u00e9 preso pela PF por interfer\u00eancia na elei\u00e7\u00e3o - Not&iacute;cias em Destaque","robots":{"index":"index","follow":"follow","max-snippet":"max-snippet:-1","max-image-preview":"max-image-preview:large","max-video-preview":"max-video-preview:-1"},"canonical":"https:\/\/noticiasemdestaque.com\/cd\/?p=50651","og_locale":"pt_BR","og_type":"article","og_title":"Ex-diretor da PRF \u00e9 preso pela PF por interfer\u00eancia na elei\u00e7\u00e3o - Not&iacute;cias em Destaque","og_description":"Pol\u00edcia Federal deflagrou, nesta quarta-feira (9), a Opera\u00e7\u00e3o Constitui\u00e7\u00e3o Cidad\u00e3, com o objetivo de esclarecer o suposto uso da m\u00e1quina p\u00fablica para interferir no processo eleitoral relativo ao segundo turno das Elei\u00e7\u00f5es Presidenciais de 2022. O ex-diretor-geral da Pol\u00edcia Rodovi\u00e1ria Federal, Silvinei Vasques, foi preso preventivamente em Florian\u00f3polis por poss\u00edvel interfer\u00eancia no segundo turno das elei\u00e7\u00f5es de 2022 com a realiza\u00e7\u00e3o de blitze principalmente no Nordeste. &nbsp; De acordo com as investiga\u00e7\u00f5es, integrantes da Pol\u00edcia Rodovi\u00e1ria Federal teriam direcionado recursos humanos e materiais com o intuito de dificultar o tr\u00e2nsito de eleitores no dia 30 de outubro, dia da elei\u00e7\u00e3o. &nbsp; Os crimes apurados teriam sido planejados desde o in\u00edcio de outubro daquele ano, sendo que, no dia do segundo turno, foi realizado patrulhamento ostensivo e direcionado \u00e0 regi\u00e3o Nordeste do pa\u00eds. &nbsp; Policiais federais cumprem 10 mandados de busca e apreens\u00e3o e um mandado de pris\u00e3o preventiva, expedidos pelo Supremo Tribunal Federal, nos estados de Santa Catarina, Rio Grande do Sul, Distrito Federal e Rio Grande do Norte. A opera\u00e7\u00e3o conta com o apoio da Corregedoria Geral da PRF, que determinou ainda a oitiva de 47 policiais rodovi\u00e1rios federais. &nbsp; Os mandados foram autorizados pelo ministro do Supremo Tribunal Federal (STF) Alexandre de Moraes. &nbsp; Os fatos investigados configuram, em tese, os crimes de prevarica\u00e7\u00e3o e viol\u00eancia pol\u00edtica, previstos no C\u00f3digo Penal Brasileiro, e os crimes de impedir ou embara\u00e7ar o exerc\u00edcio do sufr\u00e1gio e ocultar, sonegar, a\u00e7ambarcar ou recusar no dia da elei\u00e7\u00e3o o fornecimento, normalmente a todos, de utilidades, alimenta\u00e7\u00e3o e meios de transporte, ou conceder exclusividade dos mesmos a determinado partido ou candidato, do C\u00f3digo Eleitoral Brasileiro. &nbsp; O nome da \u201cOpera\u00e7\u00e3o Constitui\u00e7\u00e3o Cidad\u00e3\u201d \u00e9 uma refer\u00eancia \u00e0 Lei Maior do Brasil, promulgada em 1988, a qual, pela primeira vez na hist\u00f3ria do pa\u00eds, garantiu a todos os cidad\u00e3os o direito ao voto, maior representa\u00e7\u00e3o da Democracia. Locais dos cumprimentos das medidas: 1 Mandados de Pris\u00e3o Preventiva em SC 2 Mandados de Busca e Apreens\u00e3o em SC 2 Mandados de Busca e Apreens\u00e3o no RS 5 Mandados de Busca e Apreens\u00e3o no DF 1 Mandado de Busca e Apreens\u00e3o no RN &nbsp; Com PF","og_url":"https:\/\/noticiasemdestaque.com\/cd\/?p=50651","og_site_name":"Not&iacute;cias em Destaque","article_published_time":"2023-08-09T11:39:48+00:00","og_image":[{"width":800,"height":479,"url":"https:\/\/noticiasemdestaque.com\/cd\/wp-content\/uploads\/2023\/08\/vac_abr_1104220343-800x479-1.jpg","type":"image\/jpeg"}],"author":"Not\u00edcias em Destaque","twitter_card":"summary_large_image","twitter_misc":{"Escrito por":"Not\u00edcias em Destaque","Est. tempo de leitura":"2 minutos"},"schema":{"@context":"https:\/\/schema.org","@graph":[{"@type":"Article","@id":"https:\/\/noticiasemdestaque.com\/cd\/?p=50651#article","isPartOf":{"@id":"https:\/\/noticiasemdestaque.com\/cd\/?p=50651"},"author":{"name":"Not\u00edcias em Destaque","@id":"https:\/\/noticiasemdestaque.com\/cd\/#\/schema\/person\/47f7d4f55eec17c6b2ca036c5500f6ce"},"headline":"Ex-diretor da PRF \u00e9 preso pela PF por interfer\u00eancia na elei\u00e7\u00e3o","datePublished":"2023-08-09T11:39:48+00:00","mainEntityOfPage":{"@id":"https:\/\/noticiasemdestaque.com\/cd\/?p=50651"},"wordCount":403,"publisher":{"@id":"https:\/\/noticiasemdestaque.com\/cd\/#organization"},"image":{"@id":"https:\/\/noticiasemdestaque.com\/cd\/?p=50651#primaryimage"},"thumbnailUrl":"https:\/\/noticiasemdestaque.com\/cd\/wp-content\/uploads\/2023\/08\/vac_abr_1104220343-800x479-1.jpg","articleSection":["Pol\u00edcia"],"inLanguage":"pt-BR"},{"@type":"WebPage","@id":"https:\/\/noticiasemdestaque.com\/cd\/?p=50651","url":"https:\/\/noticiasemdestaque.com\/cd\/?p=50651","name":"Ex-diretor da PRF \u00e9 preso pela PF por interfer\u00eancia na elei\u00e7\u00e3o - Not&iacute;cias em Destaque","isPartOf":{"@id":"https:\/\/noticiasemdestaque.com\/cd\/#website"},"primaryImageOfPage":{"@id":"https:\/\/noticiasemdestaque.com\/cd\/?p=50651#primaryimage"},"image":{"@id":"https:\/\/noticiasemdestaque.com\/cd\/?p=50651#primaryimage"},"thumbnailUrl":"https:\/\/noticiasemdestaque.com\/cd\/wp-content\/uploads\/2023\/08\/vac_abr_1104220343-800x479-1.jpg","datePublished":"2023-08-09T11:39:48+00:00","breadcrumb":{"@id":"https:\/\/noticiasemdestaque.com\/cd\/?p=50651#breadcrumb"},"inLanguage":"pt-BR","potentialAction":[{"@type":"ReadAction","target":["https:\/\/noticiasemdestaque.com\/cd\/?p=50651"]}]},{"@type":"ImageObject","inLanguage":"pt-BR","@id":"https:\/\/noticiasemdestaque.com\/cd\/?p=50651#primaryimage","url":"https:\/\/noticiasemdestaque.com\/cd\/wp-content\/uploads\/2023\/08\/vac_abr_1104220343-800x479-1.jpg","contentUrl":"https:\/\/noticiasemdestaque.com\/cd\/wp-content\/uploads\/2023\/08\/vac_abr_1104220343-800x479-1.jpg","width":800,"height":479},{"@type":"BreadcrumbList","@id":"https:\/\/noticiasemdestaque.com\/cd\/?p=50651#breadcrumb","itemListElement":[{"@type":"ListItem","position":1,"name":"In\u00edcio","item":"https:\/\/noticiasemdestaque.com\/cd\/"},{"@type":"ListItem","position":2,"name":"Ex-diretor da PRF \u00e9 preso pela PF por interfer\u00eancia na elei\u00e7\u00e3o"}]},{"@type":"WebSite","@id":"https:\/\/noticiasemdestaque.com\/cd\/#website","url":"https:\/\/noticiasemdestaque.com\/cd\/","name":"Not&iacute;cias em Destaque","description":"","publisher":{"@id":"https:\/\/noticiasemdestaque.com\/cd\/#organization"},"potentialAction":[{"@type":"SearchAction","target":{"@type":"EntryPoint","urlTemplate":"https:\/\/noticiasemdestaque.com\/cd\/?s={search_term_string}"},"query-input":{"@type":"PropertyValueSpecification","valueRequired":true,"valueName":"search_term_string"}}],"inLanguage":"pt-BR"},{"@type":"Organization","@id":"https:\/\/noticiasemdestaque.com\/cd\/#organization","name":"Not\u00edcias em Destaque","url":"https:\/\/noticiasemdestaque.com\/cd\/","logo":{"@type":"ImageObject","inLanguage":"pt-BR","@id":"https:\/\/noticiasemdestaque.com\/cd\/#\/schema\/logo\/image\/","url":"https:\/\/noticiasemdestaque.com\/cd\/wp-content\/uploads\/2022\/05\/imagem-base-noticiasemdestaque.png","contentUrl":"https:\/\/noticiasemdestaque.com\/cd\/wp-content\/uploads\/2022\/05\/imagem-base-noticiasemdestaque.png","width":1200,"height":630,"caption":"Not\u00edcias em Destaque"},"image":{"@id":"https:\/\/noticiasemdestaque.com\/cd\/#\/schema\/logo\/image\/"}},{"@type":"Person","@id":"https:\/\/noticiasemdestaque.com\/cd\/#\/schema\/person\/47f7d4f55eec17c6b2ca036c5500f6ce","name":"Not\u00edcias em Destaque","url":"https:\/\/noticiasemdestaque.com\/cd\/?author=2"}]}},"jetpack_featured_media_url":"https:\/\/noticiasemdestaque.com\/cd\/wp-content\/uploads\/2023\/08\/vac_abr_1104220343-800x479-1.jpg","jetpack_sharing_enabled":true,"_links":{"self":[{"href":"https:\/\/noticiasemdestaque.com\/cd\/index.php?rest_route=\/wp\/v2\/posts\/50651","targetHints":{"allow":["GET"]}}],"collection":[{"href":"https:\/\/noticiasemdestaque.com\/cd\/index.php?rest_route=\/wp\/v2\/posts"}],"about":[{"href":"https:\/\/noticiasemdestaque.com\/cd\/index.php?rest_route=\/wp\/v2\/types\/post"}],"author":[{"embeddable":true,"href":"https:\/\/noticiasemdestaque.com\/cd\/index.php?rest_route=\/wp\/v2\/users\/2"}],"replies":[{"embeddable":true,"href":"https:\/\/noticiasemdestaque.com\/cd\/index.php?rest_route=%2Fwp%2Fv2%2Fcomments&post=50651"}],"version-history":[{"count":1,"href":"https:\/\/noticiasemdestaque.com\/cd\/index.php?rest_route=\/wp\/v2\/posts\/50651\/revisions"}],"predecessor-version":[{"id":50653,"href":"https:\/\/noticiasemdestaque.com\/cd\/index.php?rest_route=\/wp\/v2\/posts\/50651\/revisions\/50653"}],"wp:featuredmedia":[{"embeddable":true,"href":"https:\/\/noticiasemdestaque.com\/cd\/index.php?rest_route=\/wp\/v2\/media\/50652"}],"wp:attachment":[{"href":"https:\/\/noticiasemdestaque.com\/cd\/index.php?rest_route=%2Fwp%2Fv2%2Fmedia&parent=50651"}],"wp:term":[{"taxonomy":"category","embeddable":true,"href":"https:\/\/noticiasemdestaque.com\/cd\/index.php?rest_route=%2Fwp%2Fv2%2Fcategories&post=50651"},{"taxonomy":"post_tag","embeddable":true,"href":"https:\/\/noticiasemdestaque.com\/cd\/index.php?rest_route=%2Fwp%2Fv2%2Ftags&post=50651"}],"curies":[{"name":"wp","href":"https:\/\/api.w.org\/{rel}","templated":true}]}}