{"id":50648,"date":"2023-08-09T08:37:00","date_gmt":"2023-08-09T11:37:00","guid":{"rendered":"https:\/\/noticiasemdestaque.com\/cd\/?p=50648"},"modified":"2023-08-09T08:37:00","modified_gmt":"2023-08-09T11:37:00","slug":"governo-do-estado-vai-publicar-editais-de-quatro-concursos-publicos-ate-o-final-do-ano-garante-secretario","status":"publish","type":"post","link":"https:\/\/noticiasemdestaque.com\/cd\/?p=50648","title":{"rendered":"Governo do Estado vai publicar editais de quatro concursos p\u00fablicos at\u00e9 o final do ano, garante secret\u00e1rio"},"content":{"rendered":"<p><a href=\"https:\/\/noticiasemdestaque.com\/cd\/wp-content\/uploads\/2023\/08\/Tiberio-Limeira-1-1024x683-1-960x640-1.jpg\"><img fetchpriority=\"high\" decoding=\"async\" class=\"size-medium wp-image-50649 aligncenter\" src=\"https:\/\/noticiasemdestaque.com\/cd\/wp-content\/uploads\/2023\/08\/Tiberio-Limeira-1-1024x683-1-960x640-1-300x200.jpg\" alt=\"\" width=\"300\" height=\"200\" srcset=\"https:\/\/noticiasemdestaque.com\/cd\/wp-content\/uploads\/2023\/08\/Tiberio-Limeira-1-1024x683-1-960x640-1-300x200.jpg 300w, https:\/\/noticiasemdestaque.com\/cd\/wp-content\/uploads\/2023\/08\/Tiberio-Limeira-1-1024x683-1-960x640-1-768x512.jpg 768w, https:\/\/noticiasemdestaque.com\/cd\/wp-content\/uploads\/2023\/08\/Tiberio-Limeira-1-1024x683-1-960x640-1-18x12.jpg 18w, https:\/\/noticiasemdestaque.com\/cd\/wp-content\/uploads\/2023\/08\/Tiberio-Limeira-1-1024x683-1-960x640-1.jpg 960w\" sizes=\"(max-width: 300px) 100vw, 300px\" \/><\/a><\/p>\n<p>O secret\u00e1rio de Administra\u00e7\u00e3o do Estado, Tib\u00e9rio Limeira, garantiu, na tarde desta ter\u00e7a-feira, (8), que at\u00e9 o final do ano o Governo do Estado estar\u00e1 publicando os editais de quatro concursos p\u00fablicos totalizando cerca de 2.450 vagas.<\/p>\n<p>Durante entrevista,\u00a0o secret\u00e1rio lembrou que na primeira gest\u00e3o do governador Jo\u00e3o Azev\u00eado foram realizados concursos para cerca de cinco mil vagas, com destaque a para a Sa\u00fade com mais de tr\u00eas mil vagas.<\/p>\n<p>Tib\u00e9rio Limeira explicou que j\u00e1 est\u00e1 em andamento o concurso para a Pol\u00edcia Militar com 900 vagas para soldados e 200 para o Corpo de Bombeiros. Ele disse ainda que Governo do Estado firmou parceria com o\u00a0 Funda\u00e7\u00e3o Oswaldo Cruz para a realiza\u00e7\u00e3o de concurso p\u00fablico \u00a0com 12 vagas para a Procuradoria Geral do Estado.<\/p>\n<p>Ainda este m\u00eas est\u00e1 sendo publicado edital para concurso p\u00fablico para 250 de vagas destinadas a engenheiros e arquitetos. Em outubro ser\u00e1 publicado e edital do concurso com 33 vagas para muse\u00f3logos e outras profiss\u00f5es afins. \u00a0O \u00faltimo edital para concurso ser\u00e1 publicado em novembro com cerca de mil vagas para o magist\u00e9rio.<\/p>\n<p>Semana passada, o governador Jo\u00e3o Azev\u00eado anunciou, durante entrevista, que far\u00e1 concurso p\u00fablico com 73 vagas para\u00a0 Companhia de \u00c1gua e Esgotos da Para\u00edba.<\/p>\n<p>&nbsp;<\/p>\n","protected":false},"excerpt":{"rendered":"<p>O secret\u00e1rio de Administra\u00e7\u00e3o do Estado, Tib\u00e9rio Limeira, garantiu, na tarde desta ter\u00e7a-feira, (8), que at\u00e9 o final do ano o Governo do Estado estar\u00e1 publicando os editais de quatro concursos p\u00fablicos totalizando cerca de 2.450 vagas. Durante entrevista,\u00a0o secret\u00e1rio lembrou que na primeira gest\u00e3o do governador Jo\u00e3o Azev\u00eado foram realizados concursos para cerca de cinco mil vagas, com destaque a para a Sa\u00fade com mais de tr\u00eas mil vagas. Tib\u00e9rio Limeira explicou que j\u00e1 est\u00e1 em andamento o concurso para a Pol\u00edcia Militar com 900 vagas para soldados e 200 para o Corpo de Bombeiros. Ele disse ainda que Governo do Estado firmou parceria com o\u00a0 Funda\u00e7\u00e3o Oswaldo Cruz para a realiza\u00e7\u00e3o de concurso p\u00fablico \u00a0com 12 vagas para a Procuradoria Geral do Estado. Ainda este m\u00eas est\u00e1 sendo publicado edital para concurso p\u00fablico para 250 de vagas destinadas a engenheiros e arquitetos. Em outubro ser\u00e1 publicado e edital do concurso com 33 vagas para muse\u00f3logos e outras profiss\u00f5es afins. \u00a0O \u00faltimo edital para concurso ser\u00e1 publicado em novembro com cerca de mil vagas para o magist\u00e9rio. Semana passada, o governador Jo\u00e3o Azev\u00eado anunciou, durante entrevista, que far\u00e1 concurso p\u00fablico com 73 vagas para\u00a0 Companhia de \u00c1gua e Esgotos da Para\u00edba. &nbsp;<\/p>\n","protected":false},"author":2,"featured_media":50649,"comment_status":"closed","ping_status":"open","sticky":false,"template":"","format":"standard","meta":{"_eb_attr":"","_jetpack_memberships_contains_paid_content":false,"footnotes":""},"categories":[12],"tags":[],"class_list":["post-50648","post","type-post","status-publish","format-standard","has-post-thumbnail","hentry","category-geral"],"yoast_head":"<!-- This site is optimized with the Yoast SEO plugin v26.5 - https:\/\/yoast.com\/wordpress\/plugins\/seo\/ -->\n<title>Governo do Estado vai publicar editais de quatro concursos p\u00fablicos at\u00e9 o final do ano, garante secret\u00e1rio - Not&iacute;cias em Destaque<\/title>\n<meta name=\"robots\" content=\"index, follow, max-snippet:-1, max-image-preview:large, max-video-preview:-1\" \/>\n<link rel=\"canonical\" href=\"https:\/\/noticiasemdestaque.com\/cd\/?p=50648\" \/>\n<meta property=\"og:locale\" content=\"pt_BR\" \/>\n<meta property=\"og:type\" content=\"article\" \/>\n<meta property=\"og:title\" content=\"Governo do Estado vai publicar editais de quatro concursos p\u00fablicos at\u00e9 o final do ano, garante secret\u00e1rio - Not&iacute;cias em Destaque\" \/>\n<meta property=\"og:description\" content=\"O secret\u00e1rio de Administra\u00e7\u00e3o do Estado, Tib\u00e9rio Limeira, garantiu, na tarde desta ter\u00e7a-feira, (8), que at\u00e9 o final do ano o Governo do Estado estar\u00e1 publicando os editais de quatro concursos p\u00fablicos totalizando cerca de 2.450 vagas. Durante entrevista,\u00a0o secret\u00e1rio lembrou que na primeira gest\u00e3o do governador Jo\u00e3o Azev\u00eado foram realizados concursos para cerca de cinco mil vagas, com destaque a para a Sa\u00fade com mais de tr\u00eas mil vagas. Tib\u00e9rio Limeira explicou que j\u00e1 est\u00e1 em andamento o concurso para a Pol\u00edcia Militar com 900 vagas para soldados e 200 para o Corpo de Bombeiros. Ele disse ainda que Governo do Estado firmou parceria com o\u00a0 Funda\u00e7\u00e3o Oswaldo Cruz para a realiza\u00e7\u00e3o de concurso p\u00fablico \u00a0com 12 vagas para a Procuradoria Geral do Estado. Ainda este m\u00eas est\u00e1 sendo publicado edital para concurso p\u00fablico para 250 de vagas destinadas a engenheiros e arquitetos. Em outubro ser\u00e1 publicado e edital do concurso com 33 vagas para muse\u00f3logos e outras profiss\u00f5es afins. \u00a0O \u00faltimo edital para concurso ser\u00e1 publicado em novembro com cerca de mil vagas para o magist\u00e9rio. Semana passada, o governador Jo\u00e3o Azev\u00eado anunciou, durante entrevista, que far\u00e1 concurso p\u00fablico com 73 vagas para\u00a0 Companhia de \u00c1gua e Esgotos da Para\u00edba. &nbsp;\" \/>\n<meta property=\"og:url\" content=\"https:\/\/noticiasemdestaque.com\/cd\/?p=50648\" \/>\n<meta property=\"og:site_name\" content=\"Not&iacute;cias em Destaque\" \/>\n<meta property=\"article:published_time\" content=\"2023-08-09T11:37:00+00:00\" \/>\n<meta property=\"og:image\" content=\"https:\/\/noticiasemdestaque.com\/cd\/wp-content\/uploads\/2023\/08\/Tiberio-Limeira-1-1024x683-1-960x640-1.jpg\" \/>\n\t<meta property=\"og:image:width\" content=\"960\" \/>\n\t<meta property=\"og:image:height\" content=\"640\" \/>\n\t<meta property=\"og:image:type\" content=\"image\/jpeg\" \/>\n<meta name=\"author\" content=\"Not\u00edcias em Destaque\" \/>\n<meta name=\"twitter:card\" content=\"summary_large_image\" \/>\n<meta name=\"twitter:label1\" content=\"Escrito por\" \/>\n\t<meta name=\"twitter:data1\" content=\"Not\u00edcias em Destaque\" \/>\n\t<meta name=\"twitter:label2\" content=\"Est. tempo de leitura\" \/>\n\t<meta name=\"twitter:data2\" content=\"2 minutos\" \/>\n<script type=\"application\/ld+json\" class=\"yoast-schema-graph\">{\"@context\":\"https:\/\/schema.org\",\"@graph\":[{\"@type\":\"Article\",\"@id\":\"https:\/\/noticiasemdestaque.com\/cd\/?p=50648#article\",\"isPartOf\":{\"@id\":\"https:\/\/noticiasemdestaque.com\/cd\/?p=50648\"},\"author\":{\"name\":\"Not\u00edcias em Destaque\",\"@id\":\"https:\/\/noticiasemdestaque.com\/cd\/#\/schema\/person\/47f7d4f55eec17c6b2ca036c5500f6ce\"},\"headline\":\"Governo do Estado vai publicar editais de quatro concursos p\u00fablicos at\u00e9 o final do ano, garante secret\u00e1rio\",\"datePublished\":\"2023-08-09T11:37:00+00:00\",\"mainEntityOfPage\":{\"@id\":\"https:\/\/noticiasemdestaque.com\/cd\/?p=50648\"},\"wordCount\":240,\"publisher\":{\"@id\":\"https:\/\/noticiasemdestaque.com\/cd\/#organization\"},\"image\":{\"@id\":\"https:\/\/noticiasemdestaque.com\/cd\/?p=50648#primaryimage\"},\"thumbnailUrl\":\"https:\/\/noticiasemdestaque.com\/cd\/wp-content\/uploads\/2023\/08\/Tiberio-Limeira-1-1024x683-1-960x640-1.jpg\",\"articleSection\":[\"Geral\"],\"inLanguage\":\"pt-BR\"},{\"@type\":\"WebPage\",\"@id\":\"https:\/\/noticiasemdestaque.com\/cd\/?p=50648\",\"url\":\"https:\/\/noticiasemdestaque.com\/cd\/?p=50648\",\"name\":\"Governo do Estado vai publicar editais de quatro concursos p\u00fablicos at\u00e9 o final do ano, garante secret\u00e1rio - Not&iacute;cias em Destaque\",\"isPartOf\":{\"@id\":\"https:\/\/noticiasemdestaque.com\/cd\/#website\"},\"primaryImageOfPage\":{\"@id\":\"https:\/\/noticiasemdestaque.com\/cd\/?p=50648#primaryimage\"},\"image\":{\"@id\":\"https:\/\/noticiasemdestaque.com\/cd\/?p=50648#primaryimage\"},\"thumbnailUrl\":\"https:\/\/noticiasemdestaque.com\/cd\/wp-content\/uploads\/2023\/08\/Tiberio-Limeira-1-1024x683-1-960x640-1.jpg\",\"datePublished\":\"2023-08-09T11:37:00+00:00\",\"breadcrumb\":{\"@id\":\"https:\/\/noticiasemdestaque.com\/cd\/?p=50648#breadcrumb\"},\"inLanguage\":\"pt-BR\",\"potentialAction\":[{\"@type\":\"ReadAction\",\"target\":[\"https:\/\/noticiasemdestaque.com\/cd\/?p=50648\"]}]},{\"@type\":\"ImageObject\",\"inLanguage\":\"pt-BR\",\"@id\":\"https:\/\/noticiasemdestaque.com\/cd\/?p=50648#primaryimage\",\"url\":\"https:\/\/noticiasemdestaque.com\/cd\/wp-content\/uploads\/2023\/08\/Tiberio-Limeira-1-1024x683-1-960x640-1.jpg\",\"contentUrl\":\"https:\/\/noticiasemdestaque.com\/cd\/wp-content\/uploads\/2023\/08\/Tiberio-Limeira-1-1024x683-1-960x640-1.jpg\",\"width\":960,\"height\":640},{\"@type\":\"BreadcrumbList\",\"@id\":\"https:\/\/noticiasemdestaque.com\/cd\/?p=50648#breadcrumb\",\"itemListElement\":[{\"@type\":\"ListItem\",\"position\":1,\"name\":\"In\u00edcio\",\"item\":\"https:\/\/noticiasemdestaque.com\/cd\/\"},{\"@type\":\"ListItem\",\"position\":2,\"name\":\"Governo do Estado vai publicar editais de quatro concursos p\u00fablicos at\u00e9 o final do ano, garante secret\u00e1rio\"}]},{\"@type\":\"WebSite\",\"@id\":\"https:\/\/noticiasemdestaque.com\/cd\/#website\",\"url\":\"https:\/\/noticiasemdestaque.com\/cd\/\",\"name\":\"Not&iacute;cias em Destaque\",\"description\":\"\",\"publisher\":{\"@id\":\"https:\/\/noticiasemdestaque.com\/cd\/#organization\"},\"potentialAction\":[{\"@type\":\"SearchAction\",\"target\":{\"@type\":\"EntryPoint\",\"urlTemplate\":\"https:\/\/noticiasemdestaque.com\/cd\/?s={search_term_string}\"},\"query-input\":{\"@type\":\"PropertyValueSpecification\",\"valueRequired\":true,\"valueName\":\"search_term_string\"}}],\"inLanguage\":\"pt-BR\"},{\"@type\":\"Organization\",\"@id\":\"https:\/\/noticiasemdestaque.com\/cd\/#organization\",\"name\":\"Not\u00edcias em Destaque\",\"url\":\"https:\/\/noticiasemdestaque.com\/cd\/\",\"logo\":{\"@type\":\"ImageObject\",\"inLanguage\":\"pt-BR\",\"@id\":\"https:\/\/noticiasemdestaque.com\/cd\/#\/schema\/logo\/image\/\",\"url\":\"https:\/\/noticiasemdestaque.com\/cd\/wp-content\/uploads\/2022\/05\/imagem-base-noticiasemdestaque.png\",\"contentUrl\":\"https:\/\/noticiasemdestaque.com\/cd\/wp-content\/uploads\/2022\/05\/imagem-base-noticiasemdestaque.png\",\"width\":1200,\"height\":630,\"caption\":\"Not\u00edcias em Destaque\"},\"image\":{\"@id\":\"https:\/\/noticiasemdestaque.com\/cd\/#\/schema\/logo\/image\/\"}},{\"@type\":\"Person\",\"@id\":\"https:\/\/noticiasemdestaque.com\/cd\/#\/schema\/person\/47f7d4f55eec17c6b2ca036c5500f6ce\",\"name\":\"Not\u00edcias em Destaque\",\"url\":\"https:\/\/noticiasemdestaque.com\/cd\/?author=2\"}]}<\/script>\n<!-- \/ Yoast SEO plugin. -->","yoast_head_json":{"title":"Governo do Estado vai publicar editais de quatro concursos p\u00fablicos at\u00e9 o final do ano, garante secret\u00e1rio - Not&iacute;cias em Destaque","robots":{"index":"index","follow":"follow","max-snippet":"max-snippet:-1","max-image-preview":"max-image-preview:large","max-video-preview":"max-video-preview:-1"},"canonical":"https:\/\/noticiasemdestaque.com\/cd\/?p=50648","og_locale":"pt_BR","og_type":"article","og_title":"Governo do Estado vai publicar editais de quatro concursos p\u00fablicos at\u00e9 o final do ano, garante secret\u00e1rio - Not&iacute;cias em Destaque","og_description":"O secret\u00e1rio de Administra\u00e7\u00e3o do Estado, Tib\u00e9rio Limeira, garantiu, na tarde desta ter\u00e7a-feira, (8), que at\u00e9 o final do ano o Governo do Estado estar\u00e1 publicando os editais de quatro concursos p\u00fablicos totalizando cerca de 2.450 vagas. Durante entrevista,\u00a0o secret\u00e1rio lembrou que na primeira gest\u00e3o do governador Jo\u00e3o Azev\u00eado foram realizados concursos para cerca de cinco mil vagas, com destaque a para a Sa\u00fade com mais de tr\u00eas mil vagas. Tib\u00e9rio Limeira explicou que j\u00e1 est\u00e1 em andamento o concurso para a Pol\u00edcia Militar com 900 vagas para soldados e 200 para o Corpo de Bombeiros. Ele disse ainda que Governo do Estado firmou parceria com o\u00a0 Funda\u00e7\u00e3o Oswaldo Cruz para a realiza\u00e7\u00e3o de concurso p\u00fablico \u00a0com 12 vagas para a Procuradoria Geral do Estado. Ainda este m\u00eas est\u00e1 sendo publicado edital para concurso p\u00fablico para 250 de vagas destinadas a engenheiros e arquitetos. Em outubro ser\u00e1 publicado e edital do concurso com 33 vagas para muse\u00f3logos e outras profiss\u00f5es afins. \u00a0O \u00faltimo edital para concurso ser\u00e1 publicado em novembro com cerca de mil vagas para o magist\u00e9rio. Semana passada, o governador Jo\u00e3o Azev\u00eado anunciou, durante entrevista, que far\u00e1 concurso p\u00fablico com 73 vagas para\u00a0 Companhia de \u00c1gua e Esgotos da Para\u00edba. &nbsp;","og_url":"https:\/\/noticiasemdestaque.com\/cd\/?p=50648","og_site_name":"Not&iacute;cias em Destaque","article_published_time":"2023-08-09T11:37:00+00:00","og_image":[{"width":960,"height":640,"url":"https:\/\/noticiasemdestaque.com\/cd\/wp-content\/uploads\/2023\/08\/Tiberio-Limeira-1-1024x683-1-960x640-1.jpg","type":"image\/jpeg"}],"author":"Not\u00edcias em Destaque","twitter_card":"summary_large_image","twitter_misc":{"Escrito por":"Not\u00edcias em Destaque","Est. tempo de leitura":"2 minutos"},"schema":{"@context":"https:\/\/schema.org","@graph":[{"@type":"Article","@id":"https:\/\/noticiasemdestaque.com\/cd\/?p=50648#article","isPartOf":{"@id":"https:\/\/noticiasemdestaque.com\/cd\/?p=50648"},"author":{"name":"Not\u00edcias em Destaque","@id":"https:\/\/noticiasemdestaque.com\/cd\/#\/schema\/person\/47f7d4f55eec17c6b2ca036c5500f6ce"},"headline":"Governo do Estado vai publicar editais de quatro concursos p\u00fablicos at\u00e9 o final do ano, garante secret\u00e1rio","datePublished":"2023-08-09T11:37:00+00:00","mainEntityOfPage":{"@id":"https:\/\/noticiasemdestaque.com\/cd\/?p=50648"},"wordCount":240,"publisher":{"@id":"https:\/\/noticiasemdestaque.com\/cd\/#organization"},"image":{"@id":"https:\/\/noticiasemdestaque.com\/cd\/?p=50648#primaryimage"},"thumbnailUrl":"https:\/\/noticiasemdestaque.com\/cd\/wp-content\/uploads\/2023\/08\/Tiberio-Limeira-1-1024x683-1-960x640-1.jpg","articleSection":["Geral"],"inLanguage":"pt-BR"},{"@type":"WebPage","@id":"https:\/\/noticiasemdestaque.com\/cd\/?p=50648","url":"https:\/\/noticiasemdestaque.com\/cd\/?p=50648","name":"Governo do Estado vai publicar editais de quatro concursos p\u00fablicos at\u00e9 o final do ano, garante secret\u00e1rio - Not&iacute;cias em Destaque","isPartOf":{"@id":"https:\/\/noticiasemdestaque.com\/cd\/#website"},"primaryImageOfPage":{"@id":"https:\/\/noticiasemdestaque.com\/cd\/?p=50648#primaryimage"},"image":{"@id":"https:\/\/noticiasemdestaque.com\/cd\/?p=50648#primaryimage"},"thumbnailUrl":"https:\/\/noticiasemdestaque.com\/cd\/wp-content\/uploads\/2023\/08\/Tiberio-Limeira-1-1024x683-1-960x640-1.jpg","datePublished":"2023-08-09T11:37:00+00:00","breadcrumb":{"@id":"https:\/\/noticiasemdestaque.com\/cd\/?p=50648#breadcrumb"},"inLanguage":"pt-BR","potentialAction":[{"@type":"ReadAction","target":["https:\/\/noticiasemdestaque.com\/cd\/?p=50648"]}]},{"@type":"ImageObject","inLanguage":"pt-BR","@id":"https:\/\/noticiasemdestaque.com\/cd\/?p=50648#primaryimage","url":"https:\/\/noticiasemdestaque.com\/cd\/wp-content\/uploads\/2023\/08\/Tiberio-Limeira-1-1024x683-1-960x640-1.jpg","contentUrl":"https:\/\/noticiasemdestaque.com\/cd\/wp-content\/uploads\/2023\/08\/Tiberio-Limeira-1-1024x683-1-960x640-1.jpg","width":960,"height":640},{"@type":"BreadcrumbList","@id":"https:\/\/noticiasemdestaque.com\/cd\/?p=50648#breadcrumb","itemListElement":[{"@type":"ListItem","position":1,"name":"In\u00edcio","item":"https:\/\/noticiasemdestaque.com\/cd\/"},{"@type":"ListItem","position":2,"name":"Governo do Estado vai publicar editais de quatro concursos p\u00fablicos at\u00e9 o final do ano, garante secret\u00e1rio"}]},{"@type":"WebSite","@id":"https:\/\/noticiasemdestaque.com\/cd\/#website","url":"https:\/\/noticiasemdestaque.com\/cd\/","name":"Not&iacute;cias em Destaque","description":"","publisher":{"@id":"https:\/\/noticiasemdestaque.com\/cd\/#organization"},"potentialAction":[{"@type":"SearchAction","target":{"@type":"EntryPoint","urlTemplate":"https:\/\/noticiasemdestaque.com\/cd\/?s={search_term_string}"},"query-input":{"@type":"PropertyValueSpecification","valueRequired":true,"valueName":"search_term_string"}}],"inLanguage":"pt-BR"},{"@type":"Organization","@id":"https:\/\/noticiasemdestaque.com\/cd\/#organization","name":"Not\u00edcias em Destaque","url":"https:\/\/noticiasemdestaque.com\/cd\/","logo":{"@type":"ImageObject","inLanguage":"pt-BR","@id":"https:\/\/noticiasemdestaque.com\/cd\/#\/schema\/logo\/image\/","url":"https:\/\/noticiasemdestaque.com\/cd\/wp-content\/uploads\/2022\/05\/imagem-base-noticiasemdestaque.png","contentUrl":"https:\/\/noticiasemdestaque.com\/cd\/wp-content\/uploads\/2022\/05\/imagem-base-noticiasemdestaque.png","width":1200,"height":630,"caption":"Not\u00edcias em Destaque"},"image":{"@id":"https:\/\/noticiasemdestaque.com\/cd\/#\/schema\/logo\/image\/"}},{"@type":"Person","@id":"https:\/\/noticiasemdestaque.com\/cd\/#\/schema\/person\/47f7d4f55eec17c6b2ca036c5500f6ce","name":"Not\u00edcias em Destaque","url":"https:\/\/noticiasemdestaque.com\/cd\/?author=2"}]}},"jetpack_featured_media_url":"https:\/\/noticiasemdestaque.com\/cd\/wp-content\/uploads\/2023\/08\/Tiberio-Limeira-1-1024x683-1-960x640-1.jpg","jetpack_sharing_enabled":true,"_links":{"self":[{"href":"https:\/\/noticiasemdestaque.com\/cd\/index.php?rest_route=\/wp\/v2\/posts\/50648","targetHints":{"allow":["GET"]}}],"collection":[{"href":"https:\/\/noticiasemdestaque.com\/cd\/index.php?rest_route=\/wp\/v2\/posts"}],"about":[{"href":"https:\/\/noticiasemdestaque.com\/cd\/index.php?rest_route=\/wp\/v2\/types\/post"}],"author":[{"embeddable":true,"href":"https:\/\/noticiasemdestaque.com\/cd\/index.php?rest_route=\/wp\/v2\/users\/2"}],"replies":[{"embeddable":true,"href":"https:\/\/noticiasemdestaque.com\/cd\/index.php?rest_route=%2Fwp%2Fv2%2Fcomments&post=50648"}],"version-history":[{"count":1,"href":"https:\/\/noticiasemdestaque.com\/cd\/index.php?rest_route=\/wp\/v2\/posts\/50648\/revisions"}],"predecessor-version":[{"id":50650,"href":"https:\/\/noticiasemdestaque.com\/cd\/index.php?rest_route=\/wp\/v2\/posts\/50648\/revisions\/50650"}],"wp:featuredmedia":[{"embeddable":true,"href":"https:\/\/noticiasemdestaque.com\/cd\/index.php?rest_route=\/wp\/v2\/media\/50649"}],"wp:attachment":[{"href":"https:\/\/noticiasemdestaque.com\/cd\/index.php?rest_route=%2Fwp%2Fv2%2Fmedia&parent=50648"}],"wp:term":[{"taxonomy":"category","embeddable":true,"href":"https:\/\/noticiasemdestaque.com\/cd\/index.php?rest_route=%2Fwp%2Fv2%2Fcategories&post=50648"},{"taxonomy":"post_tag","embeddable":true,"href":"https:\/\/noticiasemdestaque.com\/cd\/index.php?rest_route=%2Fwp%2Fv2%2Ftags&post=50648"}],"curies":[{"name":"wp","href":"https:\/\/api.w.org\/{rel}","templated":true}]}}