{"id":50578,"date":"2023-08-07T08:25:46","date_gmt":"2023-08-07T11:25:46","guid":{"rendered":"https:\/\/noticiasemdestaque.com\/cd\/?p=50578"},"modified":"2023-08-07T08:25:46","modified_gmt":"2023-08-07T11:25:46","slug":"prefeitura-da-prata-promove-cerimonia-social-dos-cursos-tecnicos-do-programa-saude-com-agente","status":"publish","type":"post","link":"https:\/\/noticiasemdestaque.com\/cd\/?p=50578","title":{"rendered":"Prefeitura da Prata promove cerim\u00f4nia social dos cursos t\u00e9cnicos do programa \u2018Sa\u00fade com Agente\u2019"},"content":{"rendered":"<p><a href=\"https:\/\/noticiasemdestaque.com\/cd\/wp-content\/uploads\/2023\/08\/IMG_6844.webp\"><img fetchpriority=\"high\" decoding=\"async\" class=\"size-medium wp-image-50579 aligncenter\" src=\"https:\/\/noticiasemdestaque.com\/cd\/wp-content\/uploads\/2023\/08\/IMG_6844-300x225.webp\" alt=\"\" width=\"300\" height=\"225\" srcset=\"https:\/\/noticiasemdestaque.com\/cd\/wp-content\/uploads\/2023\/08\/IMG_6844-300x225.webp 300w, https:\/\/noticiasemdestaque.com\/cd\/wp-content\/uploads\/2023\/08\/IMG_6844-16x12.webp 16w, https:\/\/noticiasemdestaque.com\/cd\/wp-content\/uploads\/2023\/08\/IMG_6844.webp 320w\" sizes=\"(max-width: 300px) 100vw, 300px\" \/><\/a><\/p>\n<p>Uma emocionante cerim\u00f4nia marcou a cola\u00e7\u00e3o de grau da primeira turma formada pela Universidade Federal do Rio Grande do Sul (UFRGS) em parceria com o Minist\u00e9rio da Sa\u00fade e o CONASEMS (Conselho Nacional de Secretarias Municipais de Sa\u00fade). A celebra\u00e7\u00e3o reuniu os formandos dos cursos t\u00e9cnicos em Agente Comunit\u00e1rio de Sa\u00fade e em Vigil\u00e2ncia em Sa\u00fade com \u00eanfase nas endemias, juntamente com seus familiares, docentes e autoridades da \u00e1rea da sa\u00fade.<\/p>\n<p>A parceria entre a UFRGS, o Minist\u00e9rio da Sa\u00fade e o CONASEMS demonstra a import\u00e2ncia da uni\u00e3o de esfor\u00e7os para capacitar profissionais altamente qualificados nas \u00e1reas de sa\u00fade comunit\u00e1ria e vigil\u00e2ncia epidemiol\u00f3gica. Os cursos t\u00e9cnicos em Agente Comunit\u00e1rio de Sa\u00fade e Vigil\u00e2ncia em Sa\u00fade foram estruturados de maneira abrangente e rigorosa, visando preparar os formandos para enfrentar os desafios complexos no campo da sa\u00fade p\u00fablica.<\/p>\n<p>Os formandos do curso t\u00e9cnico em Agente Comunit\u00e1rio de Sa\u00fade receberam uma forma\u00e7\u00e3o abrangente que os equipou n\u00e3o apenas com conhecimentos t\u00e9cnicos, mas tamb\u00e9m com habilidades de comunica\u00e7\u00e3o, empatia e lideran\u00e7a. Eles est\u00e3o prontos para atuar como elo essencial entre a comunidade e os servi\u00e7os de sa\u00fade, promovendo a conscientiza\u00e7\u00e3o sobre preven\u00e7\u00e3o de doen\u00e7as, sa\u00fade mental e qualidade de vida.<\/p>\n<p>J\u00e1 os formandos do curso t\u00e9cnico em Vigil\u00e2ncia em Sa\u00fade com \u00eanfase nas endemias foram preparados para lidar com a identifica\u00e7\u00e3o, monitoramento e controle de doen\u00e7as que podem afetar as comunidades. Sua forma\u00e7\u00e3o t\u00e9cnica especializada os capacita a agir de forma eficaz em situa\u00e7\u00f5es de surtos, garantindo a sa\u00fade p\u00fablica e a seguran\u00e7a da popula\u00e7\u00e3o.<\/p>\n<p>A presen\u00e7a do apoio da Secretaria Municipal de Sa\u00fade de Prata \u00e9 um exemplo concreto do compromisso das autoridades locais em valorizar e investir na forma\u00e7\u00e3o desses profissionais. Essa colabora\u00e7\u00e3o refor\u00e7a a liga\u00e7\u00e3o entre o ensino, as institui\u00e7\u00f5es governamentais e as necessidades reais das comunidades.<\/p>\n<p>Durante a cerim\u00f4nia, diversos discursos ressaltaram a relev\u00e2ncia das profiss\u00f5es de Agente Comunit\u00e1rio de Sa\u00fade e Vigilante em Sa\u00fade. Os formandos foram exortados a abra\u00e7ar seus pap\u00e9is com responsabilidade e dedica\u00e7\u00e3o, lembrando que eles desempenham um papel crucial na promo\u00e7\u00e3o da sa\u00fade e na preven\u00e7\u00e3o de doen\u00e7as.<\/p>\n<p>A cerim\u00f4nia marcou o in\u00edcio de uma nova jornada para esses profissionais, que agora t\u00eam a oportunidade de aplicar seus conhecimentos em prol da sa\u00fade p\u00fablica. A UFRGS, o Minist\u00e9rio da Sa\u00fade, o CONASEMS e a Secretaria Municipal de Sa\u00fade de Prata, podem se orgulhar de terem contribu\u00eddo para a forma\u00e7\u00e3o de profissionais comprometidos e preparados para enfrentar os desafios da sa\u00fade comunit\u00e1ria e da vigil\u00e2ncia em sa\u00fade.<\/p>\n<p>A festa de cola\u00e7\u00e3o de grau n\u00e3o apenas celebrou a conquista dos formandos, mas tamb\u00e9m refor\u00e7ou a import\u00e2ncia da parceria entre institui\u00e7\u00f5es de ensino, \u00f3rg\u00e3os governamentais e comunidades. Com esses profissionais capacitados, a sa\u00fade p\u00fablica ganha aliados valiosos que ir\u00e3o contribuir para um futuro mais saud\u00e1vel e seguro para todos.<\/p>\n<p>&nbsp;<\/p>\n","protected":false},"excerpt":{"rendered":"<p>Uma emocionante cerim\u00f4nia marcou a cola\u00e7\u00e3o de grau da primeira turma formada pela Universidade Federal do Rio Grande do Sul (UFRGS) em parceria com o Minist\u00e9rio da Sa\u00fade e o CONASEMS (Conselho Nacional de Secretarias Municipais de Sa\u00fade). A celebra\u00e7\u00e3o reuniu os formandos dos cursos t\u00e9cnicos em Agente Comunit\u00e1rio de Sa\u00fade e em Vigil\u00e2ncia em Sa\u00fade com \u00eanfase nas endemias, juntamente com seus familiares, docentes e autoridades da \u00e1rea da sa\u00fade. A parceria entre a UFRGS, o Minist\u00e9rio da Sa\u00fade e o CONASEMS demonstra a import\u00e2ncia da uni\u00e3o de esfor\u00e7os para capacitar profissionais altamente qualificados nas \u00e1reas de sa\u00fade comunit\u00e1ria e vigil\u00e2ncia epidemiol\u00f3gica. Os cursos t\u00e9cnicos em Agente Comunit\u00e1rio de Sa\u00fade e Vigil\u00e2ncia em Sa\u00fade foram estruturados de maneira abrangente e rigorosa, visando preparar os formandos para enfrentar os desafios complexos no campo da sa\u00fade p\u00fablica. Os formandos do curso t\u00e9cnico em Agente Comunit\u00e1rio de Sa\u00fade receberam uma forma\u00e7\u00e3o abrangente que os equipou n\u00e3o apenas com conhecimentos t\u00e9cnicos, mas tamb\u00e9m com habilidades de comunica\u00e7\u00e3o, empatia e lideran\u00e7a. Eles est\u00e3o prontos para atuar como elo essencial entre a comunidade e os servi\u00e7os de sa\u00fade, promovendo a conscientiza\u00e7\u00e3o sobre preven\u00e7\u00e3o de doen\u00e7as, sa\u00fade mental e qualidade de vida. J\u00e1 os formandos do curso t\u00e9cnico em Vigil\u00e2ncia em Sa\u00fade com \u00eanfase nas endemias foram preparados para lidar com a identifica\u00e7\u00e3o, monitoramento e controle de doen\u00e7as que podem afetar as comunidades. Sua forma\u00e7\u00e3o t\u00e9cnica especializada os capacita a agir de forma eficaz em situa\u00e7\u00f5es de surtos, garantindo a sa\u00fade p\u00fablica e a seguran\u00e7a da popula\u00e7\u00e3o. A presen\u00e7a do apoio da Secretaria Municipal de Sa\u00fade de Prata \u00e9 um exemplo concreto do compromisso das autoridades locais em valorizar e investir na forma\u00e7\u00e3o desses profissionais. Essa colabora\u00e7\u00e3o refor\u00e7a a liga\u00e7\u00e3o entre o ensino, as institui\u00e7\u00f5es governamentais e as necessidades reais das comunidades. Durante a cerim\u00f4nia, diversos discursos ressaltaram a relev\u00e2ncia das profiss\u00f5es de Agente Comunit\u00e1rio de Sa\u00fade e Vigilante em Sa\u00fade. Os formandos foram exortados a abra\u00e7ar seus pap\u00e9is com responsabilidade e dedica\u00e7\u00e3o, lembrando que eles desempenham um papel crucial na promo\u00e7\u00e3o da sa\u00fade e na preven\u00e7\u00e3o de doen\u00e7as. A cerim\u00f4nia marcou o in\u00edcio de uma nova jornada para esses profissionais, que agora t\u00eam a oportunidade de aplicar seus conhecimentos em prol da sa\u00fade p\u00fablica. A UFRGS, o Minist\u00e9rio da Sa\u00fade, o CONASEMS e a Secretaria Municipal de Sa\u00fade de Prata, podem se orgulhar de terem contribu\u00eddo para a forma\u00e7\u00e3o de profissionais comprometidos e preparados para enfrentar os desafios da sa\u00fade comunit\u00e1ria e da vigil\u00e2ncia em sa\u00fade. A festa de cola\u00e7\u00e3o de grau n\u00e3o apenas celebrou a conquista dos formandos, mas tamb\u00e9m refor\u00e7ou a import\u00e2ncia da parceria entre institui\u00e7\u00f5es de ensino, \u00f3rg\u00e3os governamentais e comunidades. Com esses profissionais capacitados, a sa\u00fade p\u00fablica ganha aliados valiosos que ir\u00e3o contribuir para um futuro mais saud\u00e1vel e seguro para todos. &nbsp;<\/p>\n","protected":false},"author":2,"featured_media":50579,"comment_status":"closed","ping_status":"open","sticky":false,"template":"","format":"standard","meta":{"_eb_attr":"","_jetpack_memberships_contains_paid_content":false,"footnotes":""},"categories":[3],"tags":[],"class_list":["post-50578","post","type-post","status-publish","format-standard","has-post-thumbnail","hentry","category-cidades"],"yoast_head":"<!-- This site is optimized with the Yoast SEO plugin v26.5 - https:\/\/yoast.com\/wordpress\/plugins\/seo\/ -->\n<title>Prefeitura da Prata promove cerim\u00f4nia social dos cursos t\u00e9cnicos do programa \u2018Sa\u00fade com Agente\u2019 - Not&iacute;cias em Destaque<\/title>\n<meta name=\"robots\" content=\"index, follow, max-snippet:-1, max-image-preview:large, max-video-preview:-1\" \/>\n<link rel=\"canonical\" href=\"https:\/\/noticiasemdestaque.com\/cd\/?p=50578\" \/>\n<meta property=\"og:locale\" content=\"pt_BR\" \/>\n<meta property=\"og:type\" content=\"article\" \/>\n<meta property=\"og:title\" content=\"Prefeitura da Prata promove cerim\u00f4nia social dos cursos t\u00e9cnicos do programa \u2018Sa\u00fade com Agente\u2019 - Not&iacute;cias em Destaque\" \/>\n<meta property=\"og:description\" content=\"Uma emocionante cerim\u00f4nia marcou a cola\u00e7\u00e3o de grau da primeira turma formada pela Universidade Federal do Rio Grande do Sul (UFRGS) em parceria com o Minist\u00e9rio da Sa\u00fade e o CONASEMS (Conselho Nacional de Secretarias Municipais de Sa\u00fade). A celebra\u00e7\u00e3o reuniu os formandos dos cursos t\u00e9cnicos em Agente Comunit\u00e1rio de Sa\u00fade e em Vigil\u00e2ncia em Sa\u00fade com \u00eanfase nas endemias, juntamente com seus familiares, docentes e autoridades da \u00e1rea da sa\u00fade. A parceria entre a UFRGS, o Minist\u00e9rio da Sa\u00fade e o CONASEMS demonstra a import\u00e2ncia da uni\u00e3o de esfor\u00e7os para capacitar profissionais altamente qualificados nas \u00e1reas de sa\u00fade comunit\u00e1ria e vigil\u00e2ncia epidemiol\u00f3gica. Os cursos t\u00e9cnicos em Agente Comunit\u00e1rio de Sa\u00fade e Vigil\u00e2ncia em Sa\u00fade foram estruturados de maneira abrangente e rigorosa, visando preparar os formandos para enfrentar os desafios complexos no campo da sa\u00fade p\u00fablica. Os formandos do curso t\u00e9cnico em Agente Comunit\u00e1rio de Sa\u00fade receberam uma forma\u00e7\u00e3o abrangente que os equipou n\u00e3o apenas com conhecimentos t\u00e9cnicos, mas tamb\u00e9m com habilidades de comunica\u00e7\u00e3o, empatia e lideran\u00e7a. Eles est\u00e3o prontos para atuar como elo essencial entre a comunidade e os servi\u00e7os de sa\u00fade, promovendo a conscientiza\u00e7\u00e3o sobre preven\u00e7\u00e3o de doen\u00e7as, sa\u00fade mental e qualidade de vida. J\u00e1 os formandos do curso t\u00e9cnico em Vigil\u00e2ncia em Sa\u00fade com \u00eanfase nas endemias foram preparados para lidar com a identifica\u00e7\u00e3o, monitoramento e controle de doen\u00e7as que podem afetar as comunidades. Sua forma\u00e7\u00e3o t\u00e9cnica especializada os capacita a agir de forma eficaz em situa\u00e7\u00f5es de surtos, garantindo a sa\u00fade p\u00fablica e a seguran\u00e7a da popula\u00e7\u00e3o. A presen\u00e7a do apoio da Secretaria Municipal de Sa\u00fade de Prata \u00e9 um exemplo concreto do compromisso das autoridades locais em valorizar e investir na forma\u00e7\u00e3o desses profissionais. Essa colabora\u00e7\u00e3o refor\u00e7a a liga\u00e7\u00e3o entre o ensino, as institui\u00e7\u00f5es governamentais e as necessidades reais das comunidades. Durante a cerim\u00f4nia, diversos discursos ressaltaram a relev\u00e2ncia das profiss\u00f5es de Agente Comunit\u00e1rio de Sa\u00fade e Vigilante em Sa\u00fade. Os formandos foram exortados a abra\u00e7ar seus pap\u00e9is com responsabilidade e dedica\u00e7\u00e3o, lembrando que eles desempenham um papel crucial na promo\u00e7\u00e3o da sa\u00fade e na preven\u00e7\u00e3o de doen\u00e7as. A cerim\u00f4nia marcou o in\u00edcio de uma nova jornada para esses profissionais, que agora t\u00eam a oportunidade de aplicar seus conhecimentos em prol da sa\u00fade p\u00fablica. A UFRGS, o Minist\u00e9rio da Sa\u00fade, o CONASEMS e a Secretaria Municipal de Sa\u00fade de Prata, podem se orgulhar de terem contribu\u00eddo para a forma\u00e7\u00e3o de profissionais comprometidos e preparados para enfrentar os desafios da sa\u00fade comunit\u00e1ria e da vigil\u00e2ncia em sa\u00fade. A festa de cola\u00e7\u00e3o de grau n\u00e3o apenas celebrou a conquista dos formandos, mas tamb\u00e9m refor\u00e7ou a import\u00e2ncia da parceria entre institui\u00e7\u00f5es de ensino, \u00f3rg\u00e3os governamentais e comunidades. Com esses profissionais capacitados, a sa\u00fade p\u00fablica ganha aliados valiosos que ir\u00e3o contribuir para um futuro mais saud\u00e1vel e seguro para todos. &nbsp;\" \/>\n<meta property=\"og:url\" content=\"https:\/\/noticiasemdestaque.com\/cd\/?p=50578\" \/>\n<meta property=\"og:site_name\" content=\"Not&iacute;cias em Destaque\" \/>\n<meta property=\"article:published_time\" content=\"2023-08-07T11:25:46+00:00\" \/>\n<meta property=\"og:image\" content=\"https:\/\/noticiasemdestaque.com\/cd\/wp-content\/uploads\/2023\/08\/IMG_6844.webp\" \/>\n\t<meta property=\"og:image:width\" content=\"320\" \/>\n\t<meta property=\"og:image:height\" content=\"240\" \/>\n\t<meta property=\"og:image:type\" content=\"image\/webp\" \/>\n<meta name=\"author\" content=\"Not\u00edcias em Destaque\" \/>\n<meta name=\"twitter:card\" content=\"summary_large_image\" \/>\n<meta name=\"twitter:label1\" content=\"Escrito por\" \/>\n\t<meta name=\"twitter:data1\" content=\"Not\u00edcias em Destaque\" \/>\n\t<meta name=\"twitter:label2\" content=\"Est. tempo de leitura\" \/>\n\t<meta name=\"twitter:data2\" content=\"3 minutos\" \/>\n<script type=\"application\/ld+json\" class=\"yoast-schema-graph\">{\"@context\":\"https:\/\/schema.org\",\"@graph\":[{\"@type\":\"Article\",\"@id\":\"https:\/\/noticiasemdestaque.com\/cd\/?p=50578#article\",\"isPartOf\":{\"@id\":\"https:\/\/noticiasemdestaque.com\/cd\/?p=50578\"},\"author\":{\"name\":\"Not\u00edcias em Destaque\",\"@id\":\"https:\/\/noticiasemdestaque.com\/cd\/#\/schema\/person\/21320b03a7e8bb90128938dafc9b908a\"},\"headline\":\"Prefeitura da Prata promove cerim\u00f4nia social dos cursos t\u00e9cnicos do programa \u2018Sa\u00fade com Agente\u2019\",\"datePublished\":\"2023-08-07T11:25:46+00:00\",\"mainEntityOfPage\":{\"@id\":\"https:\/\/noticiasemdestaque.com\/cd\/?p=50578\"},\"wordCount\":579,\"publisher\":{\"@id\":\"https:\/\/noticiasemdestaque.com\/cd\/#organization\"},\"image\":{\"@id\":\"https:\/\/noticiasemdestaque.com\/cd\/?p=50578#primaryimage\"},\"thumbnailUrl\":\"https:\/\/noticiasemdestaque.com\/cd\/wp-content\/uploads\/2023\/08\/IMG_6844.webp\",\"articleSection\":[\"Cidades\"],\"inLanguage\":\"pt-BR\"},{\"@type\":\"WebPage\",\"@id\":\"https:\/\/noticiasemdestaque.com\/cd\/?p=50578\",\"url\":\"https:\/\/noticiasemdestaque.com\/cd\/?p=50578\",\"name\":\"Prefeitura da Prata promove cerim\u00f4nia social dos cursos t\u00e9cnicos do programa \u2018Sa\u00fade com Agente\u2019 - Not&iacute;cias em Destaque\",\"isPartOf\":{\"@id\":\"https:\/\/noticiasemdestaque.com\/cd\/#website\"},\"primaryImageOfPage\":{\"@id\":\"https:\/\/noticiasemdestaque.com\/cd\/?p=50578#primaryimage\"},\"image\":{\"@id\":\"https:\/\/noticiasemdestaque.com\/cd\/?p=50578#primaryimage\"},\"thumbnailUrl\":\"https:\/\/noticiasemdestaque.com\/cd\/wp-content\/uploads\/2023\/08\/IMG_6844.webp\",\"datePublished\":\"2023-08-07T11:25:46+00:00\",\"breadcrumb\":{\"@id\":\"https:\/\/noticiasemdestaque.com\/cd\/?p=50578#breadcrumb\"},\"inLanguage\":\"pt-BR\",\"potentialAction\":[{\"@type\":\"ReadAction\",\"target\":[\"https:\/\/noticiasemdestaque.com\/cd\/?p=50578\"]}]},{\"@type\":\"ImageObject\",\"inLanguage\":\"pt-BR\",\"@id\":\"https:\/\/noticiasemdestaque.com\/cd\/?p=50578#primaryimage\",\"url\":\"https:\/\/noticiasemdestaque.com\/cd\/wp-content\/uploads\/2023\/08\/IMG_6844.webp\",\"contentUrl\":\"https:\/\/noticiasemdestaque.com\/cd\/wp-content\/uploads\/2023\/08\/IMG_6844.webp\",\"width\":320,\"height\":240},{\"@type\":\"BreadcrumbList\",\"@id\":\"https:\/\/noticiasemdestaque.com\/cd\/?p=50578#breadcrumb\",\"itemListElement\":[{\"@type\":\"ListItem\",\"position\":1,\"name\":\"In\u00edcio\",\"item\":\"https:\/\/noticiasemdestaque.com\/cd\/\"},{\"@type\":\"ListItem\",\"position\":2,\"name\":\"Prefeitura da Prata promove cerim\u00f4nia social dos cursos t\u00e9cnicos do programa \u2018Sa\u00fade com Agente\u2019\"}]},{\"@type\":\"WebSite\",\"@id\":\"https:\/\/noticiasemdestaque.com\/cd\/#website\",\"url\":\"https:\/\/noticiasemdestaque.com\/cd\/\",\"name\":\"Not&iacute;cias em Destaque\",\"description\":\"\",\"publisher\":{\"@id\":\"https:\/\/noticiasemdestaque.com\/cd\/#organization\"},\"potentialAction\":[{\"@type\":\"SearchAction\",\"target\":{\"@type\":\"EntryPoint\",\"urlTemplate\":\"https:\/\/noticiasemdestaque.com\/cd\/?s={search_term_string}\"},\"query-input\":{\"@type\":\"PropertyValueSpecification\",\"valueRequired\":true,\"valueName\":\"search_term_string\"}}],\"inLanguage\":\"pt-BR\"},{\"@type\":\"Organization\",\"@id\":\"https:\/\/noticiasemdestaque.com\/cd\/#organization\",\"name\":\"Not\u00edcias em Destaque\",\"url\":\"https:\/\/noticiasemdestaque.com\/cd\/\",\"logo\":{\"@type\":\"ImageObject\",\"inLanguage\":\"pt-BR\",\"@id\":\"https:\/\/noticiasemdestaque.com\/cd\/#\/schema\/logo\/image\/\",\"url\":\"https:\/\/noticiasemdestaque.com\/cd\/wp-content\/uploads\/2022\/05\/imagem-base-noticiasemdestaque.png\",\"contentUrl\":\"https:\/\/noticiasemdestaque.com\/cd\/wp-content\/uploads\/2022\/05\/imagem-base-noticiasemdestaque.png\",\"width\":1200,\"height\":630,\"caption\":\"Not\u00edcias em Destaque\"},\"image\":{\"@id\":\"https:\/\/noticiasemdestaque.com\/cd\/#\/schema\/logo\/image\/\"}},{\"@type\":\"Person\",\"@id\":\"https:\/\/noticiasemdestaque.com\/cd\/#\/schema\/person\/21320b03a7e8bb90128938dafc9b908a\",\"name\":\"Not\u00edcias em Destaque\",\"url\":\"https:\/\/noticiasemdestaque.com\/cd\/?author=2\"}]}<\/script>\n<!-- \/ Yoast SEO plugin. -->","yoast_head_json":{"title":"Prefeitura da Prata promove cerim\u00f4nia social dos cursos t\u00e9cnicos do programa \u2018Sa\u00fade com Agente\u2019 - Not&iacute;cias em Destaque","robots":{"index":"index","follow":"follow","max-snippet":"max-snippet:-1","max-image-preview":"max-image-preview:large","max-video-preview":"max-video-preview:-1"},"canonical":"https:\/\/noticiasemdestaque.com\/cd\/?p=50578","og_locale":"pt_BR","og_type":"article","og_title":"Prefeitura da Prata promove cerim\u00f4nia social dos cursos t\u00e9cnicos do programa \u2018Sa\u00fade com Agente\u2019 - Not&iacute;cias em Destaque","og_description":"Uma emocionante cerim\u00f4nia marcou a cola\u00e7\u00e3o de grau da primeira turma formada pela Universidade Federal do Rio Grande do Sul (UFRGS) em parceria com o Minist\u00e9rio da Sa\u00fade e o CONASEMS (Conselho Nacional de Secretarias Municipais de Sa\u00fade). A celebra\u00e7\u00e3o reuniu os formandos dos cursos t\u00e9cnicos em Agente Comunit\u00e1rio de Sa\u00fade e em Vigil\u00e2ncia em Sa\u00fade com \u00eanfase nas endemias, juntamente com seus familiares, docentes e autoridades da \u00e1rea da sa\u00fade. A parceria entre a UFRGS, o Minist\u00e9rio da Sa\u00fade e o CONASEMS demonstra a import\u00e2ncia da uni\u00e3o de esfor\u00e7os para capacitar profissionais altamente qualificados nas \u00e1reas de sa\u00fade comunit\u00e1ria e vigil\u00e2ncia epidemiol\u00f3gica. Os cursos t\u00e9cnicos em Agente Comunit\u00e1rio de Sa\u00fade e Vigil\u00e2ncia em Sa\u00fade foram estruturados de maneira abrangente e rigorosa, visando preparar os formandos para enfrentar os desafios complexos no campo da sa\u00fade p\u00fablica. Os formandos do curso t\u00e9cnico em Agente Comunit\u00e1rio de Sa\u00fade receberam uma forma\u00e7\u00e3o abrangente que os equipou n\u00e3o apenas com conhecimentos t\u00e9cnicos, mas tamb\u00e9m com habilidades de comunica\u00e7\u00e3o, empatia e lideran\u00e7a. Eles est\u00e3o prontos para atuar como elo essencial entre a comunidade e os servi\u00e7os de sa\u00fade, promovendo a conscientiza\u00e7\u00e3o sobre preven\u00e7\u00e3o de doen\u00e7as, sa\u00fade mental e qualidade de vida. J\u00e1 os formandos do curso t\u00e9cnico em Vigil\u00e2ncia em Sa\u00fade com \u00eanfase nas endemias foram preparados para lidar com a identifica\u00e7\u00e3o, monitoramento e controle de doen\u00e7as que podem afetar as comunidades. Sua forma\u00e7\u00e3o t\u00e9cnica especializada os capacita a agir de forma eficaz em situa\u00e7\u00f5es de surtos, garantindo a sa\u00fade p\u00fablica e a seguran\u00e7a da popula\u00e7\u00e3o. A presen\u00e7a do apoio da Secretaria Municipal de Sa\u00fade de Prata \u00e9 um exemplo concreto do compromisso das autoridades locais em valorizar e investir na forma\u00e7\u00e3o desses profissionais. Essa colabora\u00e7\u00e3o refor\u00e7a a liga\u00e7\u00e3o entre o ensino, as institui\u00e7\u00f5es governamentais e as necessidades reais das comunidades. Durante a cerim\u00f4nia, diversos discursos ressaltaram a relev\u00e2ncia das profiss\u00f5es de Agente Comunit\u00e1rio de Sa\u00fade e Vigilante em Sa\u00fade. Os formandos foram exortados a abra\u00e7ar seus pap\u00e9is com responsabilidade e dedica\u00e7\u00e3o, lembrando que eles desempenham um papel crucial na promo\u00e7\u00e3o da sa\u00fade e na preven\u00e7\u00e3o de doen\u00e7as. A cerim\u00f4nia marcou o in\u00edcio de uma nova jornada para esses profissionais, que agora t\u00eam a oportunidade de aplicar seus conhecimentos em prol da sa\u00fade p\u00fablica. A UFRGS, o Minist\u00e9rio da Sa\u00fade, o CONASEMS e a Secretaria Municipal de Sa\u00fade de Prata, podem se orgulhar de terem contribu\u00eddo para a forma\u00e7\u00e3o de profissionais comprometidos e preparados para enfrentar os desafios da sa\u00fade comunit\u00e1ria e da vigil\u00e2ncia em sa\u00fade. A festa de cola\u00e7\u00e3o de grau n\u00e3o apenas celebrou a conquista dos formandos, mas tamb\u00e9m refor\u00e7ou a import\u00e2ncia da parceria entre institui\u00e7\u00f5es de ensino, \u00f3rg\u00e3os governamentais e comunidades. Com esses profissionais capacitados, a sa\u00fade p\u00fablica ganha aliados valiosos que ir\u00e3o contribuir para um futuro mais saud\u00e1vel e seguro para todos. &nbsp;","og_url":"https:\/\/noticiasemdestaque.com\/cd\/?p=50578","og_site_name":"Not&iacute;cias em Destaque","article_published_time":"2023-08-07T11:25:46+00:00","og_image":[{"width":320,"height":240,"url":"https:\/\/noticiasemdestaque.com\/cd\/wp-content\/uploads\/2023\/08\/IMG_6844.webp","type":"image\/webp"}],"author":"Not\u00edcias em Destaque","twitter_card":"summary_large_image","twitter_misc":{"Escrito por":"Not\u00edcias em Destaque","Est. tempo de leitura":"3 minutos"},"schema":{"@context":"https:\/\/schema.org","@graph":[{"@type":"Article","@id":"https:\/\/noticiasemdestaque.com\/cd\/?p=50578#article","isPartOf":{"@id":"https:\/\/noticiasemdestaque.com\/cd\/?p=50578"},"author":{"name":"Not\u00edcias em Destaque","@id":"https:\/\/noticiasemdestaque.com\/cd\/#\/schema\/person\/21320b03a7e8bb90128938dafc9b908a"},"headline":"Prefeitura da Prata promove cerim\u00f4nia social dos cursos t\u00e9cnicos do programa \u2018Sa\u00fade com Agente\u2019","datePublished":"2023-08-07T11:25:46+00:00","mainEntityOfPage":{"@id":"https:\/\/noticiasemdestaque.com\/cd\/?p=50578"},"wordCount":579,"publisher":{"@id":"https:\/\/noticiasemdestaque.com\/cd\/#organization"},"image":{"@id":"https:\/\/noticiasemdestaque.com\/cd\/?p=50578#primaryimage"},"thumbnailUrl":"https:\/\/noticiasemdestaque.com\/cd\/wp-content\/uploads\/2023\/08\/IMG_6844.webp","articleSection":["Cidades"],"inLanguage":"pt-BR"},{"@type":"WebPage","@id":"https:\/\/noticiasemdestaque.com\/cd\/?p=50578","url":"https:\/\/noticiasemdestaque.com\/cd\/?p=50578","name":"Prefeitura da Prata promove cerim\u00f4nia social dos cursos t\u00e9cnicos do programa \u2018Sa\u00fade com Agente\u2019 - Not&iacute;cias em Destaque","isPartOf":{"@id":"https:\/\/noticiasemdestaque.com\/cd\/#website"},"primaryImageOfPage":{"@id":"https:\/\/noticiasemdestaque.com\/cd\/?p=50578#primaryimage"},"image":{"@id":"https:\/\/noticiasemdestaque.com\/cd\/?p=50578#primaryimage"},"thumbnailUrl":"https:\/\/noticiasemdestaque.com\/cd\/wp-content\/uploads\/2023\/08\/IMG_6844.webp","datePublished":"2023-08-07T11:25:46+00:00","breadcrumb":{"@id":"https:\/\/noticiasemdestaque.com\/cd\/?p=50578#breadcrumb"},"inLanguage":"pt-BR","potentialAction":[{"@type":"ReadAction","target":["https:\/\/noticiasemdestaque.com\/cd\/?p=50578"]}]},{"@type":"ImageObject","inLanguage":"pt-BR","@id":"https:\/\/noticiasemdestaque.com\/cd\/?p=50578#primaryimage","url":"https:\/\/noticiasemdestaque.com\/cd\/wp-content\/uploads\/2023\/08\/IMG_6844.webp","contentUrl":"https:\/\/noticiasemdestaque.com\/cd\/wp-content\/uploads\/2023\/08\/IMG_6844.webp","width":320,"height":240},{"@type":"BreadcrumbList","@id":"https:\/\/noticiasemdestaque.com\/cd\/?p=50578#breadcrumb","itemListElement":[{"@type":"ListItem","position":1,"name":"In\u00edcio","item":"https:\/\/noticiasemdestaque.com\/cd\/"},{"@type":"ListItem","position":2,"name":"Prefeitura da Prata promove cerim\u00f4nia social dos cursos t\u00e9cnicos do programa \u2018Sa\u00fade com Agente\u2019"}]},{"@type":"WebSite","@id":"https:\/\/noticiasemdestaque.com\/cd\/#website","url":"https:\/\/noticiasemdestaque.com\/cd\/","name":"Not&iacute;cias em Destaque","description":"","publisher":{"@id":"https:\/\/noticiasemdestaque.com\/cd\/#organization"},"potentialAction":[{"@type":"SearchAction","target":{"@type":"EntryPoint","urlTemplate":"https:\/\/noticiasemdestaque.com\/cd\/?s={search_term_string}"},"query-input":{"@type":"PropertyValueSpecification","valueRequired":true,"valueName":"search_term_string"}}],"inLanguage":"pt-BR"},{"@type":"Organization","@id":"https:\/\/noticiasemdestaque.com\/cd\/#organization","name":"Not\u00edcias em Destaque","url":"https:\/\/noticiasemdestaque.com\/cd\/","logo":{"@type":"ImageObject","inLanguage":"pt-BR","@id":"https:\/\/noticiasemdestaque.com\/cd\/#\/schema\/logo\/image\/","url":"https:\/\/noticiasemdestaque.com\/cd\/wp-content\/uploads\/2022\/05\/imagem-base-noticiasemdestaque.png","contentUrl":"https:\/\/noticiasemdestaque.com\/cd\/wp-content\/uploads\/2022\/05\/imagem-base-noticiasemdestaque.png","width":1200,"height":630,"caption":"Not\u00edcias em Destaque"},"image":{"@id":"https:\/\/noticiasemdestaque.com\/cd\/#\/schema\/logo\/image\/"}},{"@type":"Person","@id":"https:\/\/noticiasemdestaque.com\/cd\/#\/schema\/person\/21320b03a7e8bb90128938dafc9b908a","name":"Not\u00edcias em Destaque","url":"https:\/\/noticiasemdestaque.com\/cd\/?author=2"}]}},"jetpack_featured_media_url":"https:\/\/noticiasemdestaque.com\/cd\/wp-content\/uploads\/2023\/08\/IMG_6844.webp","jetpack_sharing_enabled":true,"_links":{"self":[{"href":"https:\/\/noticiasemdestaque.com\/cd\/index.php?rest_route=\/wp\/v2\/posts\/50578","targetHints":{"allow":["GET"]}}],"collection":[{"href":"https:\/\/noticiasemdestaque.com\/cd\/index.php?rest_route=\/wp\/v2\/posts"}],"about":[{"href":"https:\/\/noticiasemdestaque.com\/cd\/index.php?rest_route=\/wp\/v2\/types\/post"}],"author":[{"embeddable":true,"href":"https:\/\/noticiasemdestaque.com\/cd\/index.php?rest_route=\/wp\/v2\/users\/2"}],"replies":[{"embeddable":true,"href":"https:\/\/noticiasemdestaque.com\/cd\/index.php?rest_route=%2Fwp%2Fv2%2Fcomments&post=50578"}],"version-history":[{"count":1,"href":"https:\/\/noticiasemdestaque.com\/cd\/index.php?rest_route=\/wp\/v2\/posts\/50578\/revisions"}],"predecessor-version":[{"id":50580,"href":"https:\/\/noticiasemdestaque.com\/cd\/index.php?rest_route=\/wp\/v2\/posts\/50578\/revisions\/50580"}],"wp:featuredmedia":[{"embeddable":true,"href":"https:\/\/noticiasemdestaque.com\/cd\/index.php?rest_route=\/wp\/v2\/media\/50579"}],"wp:attachment":[{"href":"https:\/\/noticiasemdestaque.com\/cd\/index.php?rest_route=%2Fwp%2Fv2%2Fmedia&parent=50578"}],"wp:term":[{"taxonomy":"category","embeddable":true,"href":"https:\/\/noticiasemdestaque.com\/cd\/index.php?rest_route=%2Fwp%2Fv2%2Fcategories&post=50578"},{"taxonomy":"post_tag","embeddable":true,"href":"https:\/\/noticiasemdestaque.com\/cd\/index.php?rest_route=%2Fwp%2Fv2%2Ftags&post=50578"}],"curies":[{"name":"wp","href":"https:\/\/api.w.org\/{rel}","templated":true}]}}