{"id":50559,"date":"2023-08-05T19:11:11","date_gmt":"2023-08-05T22:11:11","guid":{"rendered":"https:\/\/noticiasemdestaque.com\/cd\/?p=50559"},"modified":"2023-08-05T19:11:11","modified_gmt":"2023-08-05T22:11:11","slug":"humorista-e-influenciador-mizael-silva-fica-ferido-apos-bater-moto-em-carreta-em-joao-pessoa","status":"publish","type":"post","link":"https:\/\/noticiasemdestaque.com\/cd\/?p=50559","title":{"rendered":"Humorista e influenciador Mizael Silva fica ferido ap\u00f3s bater moto em carreta, em Jo\u00e3o Pessoa"},"content":{"rendered":"<p><a href=\"https:\/\/noticiasemdestaque.com\/cd\/wp-content\/uploads\/2023\/08\/Humorista-e-influenciador-Mizael-Silva-fica-ferido-apos-bater-moto-em-carreta-em-Joao-Pessoa-1.jpg\"><img fetchpriority=\"high\" decoding=\"async\" class=\"wp-image-50562 aligncenter\" src=\"https:\/\/noticiasemdestaque.com\/cd\/wp-content\/uploads\/2023\/08\/Humorista-e-influenciador-Mizael-Silva-fica-ferido-apos-bater-moto-em-carreta-em-Joao-Pessoa-1-300x200.jpg\" alt=\"\" width=\"1220\" height=\"813\" srcset=\"https:\/\/noticiasemdestaque.com\/cd\/wp-content\/uploads\/2023\/08\/Humorista-e-influenciador-Mizael-Silva-fica-ferido-apos-bater-moto-em-carreta-em-Joao-Pessoa-1-300x200.jpg 300w, https:\/\/noticiasemdestaque.com\/cd\/wp-content\/uploads\/2023\/08\/Humorista-e-influenciador-Mizael-Silva-fica-ferido-apos-bater-moto-em-carreta-em-Joao-Pessoa-1-768x513.jpg 768w, https:\/\/noticiasemdestaque.com\/cd\/wp-content\/uploads\/2023\/08\/Humorista-e-influenciador-Mizael-Silva-fica-ferido-apos-bater-moto-em-carreta-em-Joao-Pessoa-1-18x12.jpg 18w, https:\/\/noticiasemdestaque.com\/cd\/wp-content\/uploads\/2023\/08\/Humorista-e-influenciador-Mizael-Silva-fica-ferido-apos-bater-moto-em-carreta-em-Joao-Pessoa-1.jpg 876w\" sizes=\"(max-width: 1220px) 100vw, 1220px\" \/><\/a><\/p>\n<p>O humorista e influencer Mizael Silva, conhecido por pegadinhas realizadas em Jo\u00e3o Pessoa, ficou ferido na tarde deste s\u00e1bado (5) ap\u00f3s se envolver em um acidente com uma carreta no Bairro das Ind\u00fastrias, Zona Oeste de Jo\u00e3o Pessoa.<\/p>\n<p>Mizael estava pilotando uma moto e bateu na carroceria de uma carreta, que estava estacionada.<\/p>\n<p>Com o impacto, o influencer ficou ferido e foi socorrido por uma ambul\u00e2ncia do Samu para o Hospital de Emerg\u00eancia e Trauma de Jo\u00e3o Pessoa. Em entrevista, um atendente do Samu informou que Mizael estava de capacete, n\u00e3o apresenta gravidade e teve um corte na parte do rosto.<\/p>\n<p>O\u00a0Hospital de Emerg\u00eancia e Trauma de Jo\u00e3o Pessoa informou, em boletim m\u00e9dico, que Mizael &#8220;passou por procedimento m\u00e9dicos de emerg\u00eancia e segue em observa\u00e7\u00e3o da Cirurgia Geral&#8221;.\u00a0O quadro cl\u00ednico dele \u00e9 est\u00e1vel.<\/p>\n<p><strong>Noticias em Destaque<\/strong><\/p>\n<p style=\"text-align: right;\"><em>Fonte: Click PB<\/em><\/p>\n","protected":false},"excerpt":{"rendered":"<p>O humorista e influencer Mizael Silva, conhecido por pegadinhas realizadas em Jo\u00e3o Pessoa, ficou ferido na tarde deste s\u00e1bado (5) ap\u00f3s se envolver em um acidente com uma carreta no Bairro das Ind\u00fastrias, Zona Oeste de Jo\u00e3o Pessoa. Mizael estava pilotando uma moto e bateu na carroceria de uma carreta, que estava estacionada. Com o impacto, o influencer ficou ferido e foi socorrido por uma ambul\u00e2ncia do Samu para o Hospital de Emerg\u00eancia e Trauma de Jo\u00e3o Pessoa. Em entrevista, um atendente do Samu informou que Mizael estava de capacete, n\u00e3o apresenta gravidade e teve um corte na parte do rosto. O\u00a0Hospital de Emerg\u00eancia e Trauma de Jo\u00e3o Pessoa informou, em boletim m\u00e9dico, que Mizael &#8220;passou por procedimento m\u00e9dicos de emerg\u00eancia e segue em observa\u00e7\u00e3o da Cirurgia Geral&#8221;.\u00a0O quadro cl\u00ednico dele \u00e9 est\u00e1vel. Noticias em Destaque Fonte: Click PB<\/p>\n","protected":false},"author":2,"featured_media":50561,"comment_status":"closed","ping_status":"open","sticky":false,"template":"","format":"standard","meta":{"_eb_attr":"","_jetpack_memberships_contains_paid_content":false,"footnotes":""},"categories":[12],"tags":[],"class_list":["post-50559","post","type-post","status-publish","format-standard","has-post-thumbnail","hentry","category-geral"],"yoast_head":"<!-- This site is optimized with the Yoast SEO plugin v26.5 - https:\/\/yoast.com\/wordpress\/plugins\/seo\/ -->\n<title>Humorista e influenciador Mizael Silva fica ferido ap\u00f3s bater moto em carreta, em Jo\u00e3o Pessoa - Not&iacute;cias em Destaque<\/title>\n<meta name=\"robots\" content=\"index, follow, max-snippet:-1, max-image-preview:large, max-video-preview:-1\" \/>\n<link rel=\"canonical\" href=\"https:\/\/noticiasemdestaque.com\/cd\/?p=50559\" \/>\n<meta property=\"og:locale\" content=\"pt_BR\" \/>\n<meta property=\"og:type\" content=\"article\" \/>\n<meta property=\"og:title\" content=\"Humorista e influenciador Mizael Silva fica ferido ap\u00f3s bater moto em carreta, em Jo\u00e3o Pessoa - Not&iacute;cias em Destaque\" \/>\n<meta property=\"og:description\" content=\"O humorista e influencer Mizael Silva, conhecido por pegadinhas realizadas em Jo\u00e3o Pessoa, ficou ferido na tarde deste s\u00e1bado (5) ap\u00f3s se envolver em um acidente com uma carreta no Bairro das Ind\u00fastrias, Zona Oeste de Jo\u00e3o Pessoa. Mizael estava pilotando uma moto e bateu na carroceria de uma carreta, que estava estacionada. Com o impacto, o influencer ficou ferido e foi socorrido por uma ambul\u00e2ncia do Samu para o Hospital de Emerg\u00eancia e Trauma de Jo\u00e3o Pessoa. Em entrevista, um atendente do Samu informou que Mizael estava de capacete, n\u00e3o apresenta gravidade e teve um corte na parte do rosto. O\u00a0Hospital de Emerg\u00eancia e Trauma de Jo\u00e3o Pessoa informou, em boletim m\u00e9dico, que Mizael &#8220;passou por procedimento m\u00e9dicos de emerg\u00eancia e segue em observa\u00e7\u00e3o da Cirurgia Geral&#8221;.\u00a0O quadro cl\u00ednico dele \u00e9 est\u00e1vel. Noticias em Destaque Fonte: Click PB\" \/>\n<meta property=\"og:url\" content=\"https:\/\/noticiasemdestaque.com\/cd\/?p=50559\" \/>\n<meta property=\"og:site_name\" content=\"Not&iacute;cias em Destaque\" \/>\n<meta property=\"article:published_time\" content=\"2023-08-05T22:11:11+00:00\" \/>\n<meta property=\"og:image\" content=\"https:\/\/noticiasemdestaque.com\/cd\/wp-content\/uploads\/2023\/08\/Humorista-e-influenciador-Mizael-Silva-fica-ferido-apos-bater-moto-em-carreta-em-Joao-Pessoa.jpg\" \/>\n\t<meta property=\"og:image:width\" content=\"876\" \/>\n\t<meta property=\"og:image:height\" content=\"585\" \/>\n\t<meta property=\"og:image:type\" content=\"image\/jpeg\" \/>\n<meta name=\"author\" content=\"Not\u00edcias em Destaque\" \/>\n<meta name=\"twitter:card\" content=\"summary_large_image\" \/>\n<meta name=\"twitter:label1\" content=\"Escrito por\" \/>\n\t<meta name=\"twitter:data1\" content=\"Not\u00edcias em Destaque\" \/>\n\t<meta name=\"twitter:label2\" content=\"Est. tempo de leitura\" \/>\n\t<meta name=\"twitter:data2\" content=\"1 minuto\" \/>\n<script type=\"application\/ld+json\" class=\"yoast-schema-graph\">{\"@context\":\"https:\/\/schema.org\",\"@graph\":[{\"@type\":\"Article\",\"@id\":\"https:\/\/noticiasemdestaque.com\/cd\/?p=50559#article\",\"isPartOf\":{\"@id\":\"https:\/\/noticiasemdestaque.com\/cd\/?p=50559\"},\"author\":{\"name\":\"Not\u00edcias em Destaque\",\"@id\":\"https:\/\/noticiasemdestaque.com\/cd\/#\/schema\/person\/21320b03a7e8bb90128938dafc9b908a\"},\"headline\":\"Humorista e influenciador Mizael Silva fica ferido ap\u00f3s bater moto em carreta, em Jo\u00e3o Pessoa\",\"datePublished\":\"2023-08-05T22:11:11+00:00\",\"mainEntityOfPage\":{\"@id\":\"https:\/\/noticiasemdestaque.com\/cd\/?p=50559\"},\"wordCount\":173,\"publisher\":{\"@id\":\"https:\/\/noticiasemdestaque.com\/cd\/#organization\"},\"image\":{\"@id\":\"https:\/\/noticiasemdestaque.com\/cd\/?p=50559#primaryimage\"},\"thumbnailUrl\":\"https:\/\/noticiasemdestaque.com\/cd\/wp-content\/uploads\/2023\/08\/Humorista-e-influenciador-Mizael-Silva-fica-ferido-apos-bater-moto-em-carreta-em-Joao-Pessoa.jpg\",\"articleSection\":[\"Geral\"],\"inLanguage\":\"pt-BR\"},{\"@type\":\"WebPage\",\"@id\":\"https:\/\/noticiasemdestaque.com\/cd\/?p=50559\",\"url\":\"https:\/\/noticiasemdestaque.com\/cd\/?p=50559\",\"name\":\"Humorista e influenciador Mizael Silva fica ferido ap\u00f3s bater moto em carreta, em Jo\u00e3o Pessoa - Not&iacute;cias em Destaque\",\"isPartOf\":{\"@id\":\"https:\/\/noticiasemdestaque.com\/cd\/#website\"},\"primaryImageOfPage\":{\"@id\":\"https:\/\/noticiasemdestaque.com\/cd\/?p=50559#primaryimage\"},\"image\":{\"@id\":\"https:\/\/noticiasemdestaque.com\/cd\/?p=50559#primaryimage\"},\"thumbnailUrl\":\"https:\/\/noticiasemdestaque.com\/cd\/wp-content\/uploads\/2023\/08\/Humorista-e-influenciador-Mizael-Silva-fica-ferido-apos-bater-moto-em-carreta-em-Joao-Pessoa.jpg\",\"datePublished\":\"2023-08-05T22:11:11+00:00\",\"breadcrumb\":{\"@id\":\"https:\/\/noticiasemdestaque.com\/cd\/?p=50559#breadcrumb\"},\"inLanguage\":\"pt-BR\",\"potentialAction\":[{\"@type\":\"ReadAction\",\"target\":[\"https:\/\/noticiasemdestaque.com\/cd\/?p=50559\"]}]},{\"@type\":\"ImageObject\",\"inLanguage\":\"pt-BR\",\"@id\":\"https:\/\/noticiasemdestaque.com\/cd\/?p=50559#primaryimage\",\"url\":\"https:\/\/noticiasemdestaque.com\/cd\/wp-content\/uploads\/2023\/08\/Humorista-e-influenciador-Mizael-Silva-fica-ferido-apos-bater-moto-em-carreta-em-Joao-Pessoa.jpg\",\"contentUrl\":\"https:\/\/noticiasemdestaque.com\/cd\/wp-content\/uploads\/2023\/08\/Humorista-e-influenciador-Mizael-Silva-fica-ferido-apos-bater-moto-em-carreta-em-Joao-Pessoa.jpg\",\"width\":876,\"height\":585},{\"@type\":\"BreadcrumbList\",\"@id\":\"https:\/\/noticiasemdestaque.com\/cd\/?p=50559#breadcrumb\",\"itemListElement\":[{\"@type\":\"ListItem\",\"position\":1,\"name\":\"In\u00edcio\",\"item\":\"https:\/\/noticiasemdestaque.com\/cd\/\"},{\"@type\":\"ListItem\",\"position\":2,\"name\":\"Humorista e influenciador Mizael Silva fica ferido ap\u00f3s bater moto em carreta, em Jo\u00e3o Pessoa\"}]},{\"@type\":\"WebSite\",\"@id\":\"https:\/\/noticiasemdestaque.com\/cd\/#website\",\"url\":\"https:\/\/noticiasemdestaque.com\/cd\/\",\"name\":\"Not&iacute;cias em Destaque\",\"description\":\"\",\"publisher\":{\"@id\":\"https:\/\/noticiasemdestaque.com\/cd\/#organization\"},\"potentialAction\":[{\"@type\":\"SearchAction\",\"target\":{\"@type\":\"EntryPoint\",\"urlTemplate\":\"https:\/\/noticiasemdestaque.com\/cd\/?s={search_term_string}\"},\"query-input\":{\"@type\":\"PropertyValueSpecification\",\"valueRequired\":true,\"valueName\":\"search_term_string\"}}],\"inLanguage\":\"pt-BR\"},{\"@type\":\"Organization\",\"@id\":\"https:\/\/noticiasemdestaque.com\/cd\/#organization\",\"name\":\"Not\u00edcias em Destaque\",\"url\":\"https:\/\/noticiasemdestaque.com\/cd\/\",\"logo\":{\"@type\":\"ImageObject\",\"inLanguage\":\"pt-BR\",\"@id\":\"https:\/\/noticiasemdestaque.com\/cd\/#\/schema\/logo\/image\/\",\"url\":\"https:\/\/noticiasemdestaque.com\/cd\/wp-content\/uploads\/2022\/05\/imagem-base-noticiasemdestaque.png\",\"contentUrl\":\"https:\/\/noticiasemdestaque.com\/cd\/wp-content\/uploads\/2022\/05\/imagem-base-noticiasemdestaque.png\",\"width\":1200,\"height\":630,\"caption\":\"Not\u00edcias em Destaque\"},\"image\":{\"@id\":\"https:\/\/noticiasemdestaque.com\/cd\/#\/schema\/logo\/image\/\"}},{\"@type\":\"Person\",\"@id\":\"https:\/\/noticiasemdestaque.com\/cd\/#\/schema\/person\/21320b03a7e8bb90128938dafc9b908a\",\"name\":\"Not\u00edcias em Destaque\",\"url\":\"https:\/\/noticiasemdestaque.com\/cd\/?author=2\"}]}<\/script>\n<!-- \/ Yoast SEO plugin. -->","yoast_head_json":{"title":"Humorista e influenciador Mizael Silva fica ferido ap\u00f3s bater moto em carreta, em Jo\u00e3o Pessoa - Not&iacute;cias em Destaque","robots":{"index":"index","follow":"follow","max-snippet":"max-snippet:-1","max-image-preview":"max-image-preview:large","max-video-preview":"max-video-preview:-1"},"canonical":"https:\/\/noticiasemdestaque.com\/cd\/?p=50559","og_locale":"pt_BR","og_type":"article","og_title":"Humorista e influenciador Mizael Silva fica ferido ap\u00f3s bater moto em carreta, em Jo\u00e3o Pessoa - Not&iacute;cias em Destaque","og_description":"O humorista e influencer Mizael Silva, conhecido por pegadinhas realizadas em Jo\u00e3o Pessoa, ficou ferido na tarde deste s\u00e1bado (5) ap\u00f3s se envolver em um acidente com uma carreta no Bairro das Ind\u00fastrias, Zona Oeste de Jo\u00e3o Pessoa. Mizael estava pilotando uma moto e bateu na carroceria de uma carreta, que estava estacionada. Com o impacto, o influencer ficou ferido e foi socorrido por uma ambul\u00e2ncia do Samu para o Hospital de Emerg\u00eancia e Trauma de Jo\u00e3o Pessoa. Em entrevista, um atendente do Samu informou que Mizael estava de capacete, n\u00e3o apresenta gravidade e teve um corte na parte do rosto. O\u00a0Hospital de Emerg\u00eancia e Trauma de Jo\u00e3o Pessoa informou, em boletim m\u00e9dico, que Mizael &#8220;passou por procedimento m\u00e9dicos de emerg\u00eancia e segue em observa\u00e7\u00e3o da Cirurgia Geral&#8221;.\u00a0O quadro cl\u00ednico dele \u00e9 est\u00e1vel. Noticias em Destaque Fonte: Click PB","og_url":"https:\/\/noticiasemdestaque.com\/cd\/?p=50559","og_site_name":"Not&iacute;cias em Destaque","article_published_time":"2023-08-05T22:11:11+00:00","og_image":[{"width":876,"height":585,"url":"https:\/\/noticiasemdestaque.com\/cd\/wp-content\/uploads\/2023\/08\/Humorista-e-influenciador-Mizael-Silva-fica-ferido-apos-bater-moto-em-carreta-em-Joao-Pessoa.jpg","type":"image\/jpeg"}],"author":"Not\u00edcias em Destaque","twitter_card":"summary_large_image","twitter_misc":{"Escrito por":"Not\u00edcias em Destaque","Est. tempo de leitura":"1 minuto"},"schema":{"@context":"https:\/\/schema.org","@graph":[{"@type":"Article","@id":"https:\/\/noticiasemdestaque.com\/cd\/?p=50559#article","isPartOf":{"@id":"https:\/\/noticiasemdestaque.com\/cd\/?p=50559"},"author":{"name":"Not\u00edcias em Destaque","@id":"https:\/\/noticiasemdestaque.com\/cd\/#\/schema\/person\/21320b03a7e8bb90128938dafc9b908a"},"headline":"Humorista e influenciador Mizael Silva fica ferido ap\u00f3s bater moto em carreta, em Jo\u00e3o Pessoa","datePublished":"2023-08-05T22:11:11+00:00","mainEntityOfPage":{"@id":"https:\/\/noticiasemdestaque.com\/cd\/?p=50559"},"wordCount":173,"publisher":{"@id":"https:\/\/noticiasemdestaque.com\/cd\/#organization"},"image":{"@id":"https:\/\/noticiasemdestaque.com\/cd\/?p=50559#primaryimage"},"thumbnailUrl":"https:\/\/noticiasemdestaque.com\/cd\/wp-content\/uploads\/2023\/08\/Humorista-e-influenciador-Mizael-Silva-fica-ferido-apos-bater-moto-em-carreta-em-Joao-Pessoa.jpg","articleSection":["Geral"],"inLanguage":"pt-BR"},{"@type":"WebPage","@id":"https:\/\/noticiasemdestaque.com\/cd\/?p=50559","url":"https:\/\/noticiasemdestaque.com\/cd\/?p=50559","name":"Humorista e influenciador Mizael Silva fica ferido ap\u00f3s bater moto em carreta, em Jo\u00e3o Pessoa - Not&iacute;cias em Destaque","isPartOf":{"@id":"https:\/\/noticiasemdestaque.com\/cd\/#website"},"primaryImageOfPage":{"@id":"https:\/\/noticiasemdestaque.com\/cd\/?p=50559#primaryimage"},"image":{"@id":"https:\/\/noticiasemdestaque.com\/cd\/?p=50559#primaryimage"},"thumbnailUrl":"https:\/\/noticiasemdestaque.com\/cd\/wp-content\/uploads\/2023\/08\/Humorista-e-influenciador-Mizael-Silva-fica-ferido-apos-bater-moto-em-carreta-em-Joao-Pessoa.jpg","datePublished":"2023-08-05T22:11:11+00:00","breadcrumb":{"@id":"https:\/\/noticiasemdestaque.com\/cd\/?p=50559#breadcrumb"},"inLanguage":"pt-BR","potentialAction":[{"@type":"ReadAction","target":["https:\/\/noticiasemdestaque.com\/cd\/?p=50559"]}]},{"@type":"ImageObject","inLanguage":"pt-BR","@id":"https:\/\/noticiasemdestaque.com\/cd\/?p=50559#primaryimage","url":"https:\/\/noticiasemdestaque.com\/cd\/wp-content\/uploads\/2023\/08\/Humorista-e-influenciador-Mizael-Silva-fica-ferido-apos-bater-moto-em-carreta-em-Joao-Pessoa.jpg","contentUrl":"https:\/\/noticiasemdestaque.com\/cd\/wp-content\/uploads\/2023\/08\/Humorista-e-influenciador-Mizael-Silva-fica-ferido-apos-bater-moto-em-carreta-em-Joao-Pessoa.jpg","width":876,"height":585},{"@type":"BreadcrumbList","@id":"https:\/\/noticiasemdestaque.com\/cd\/?p=50559#breadcrumb","itemListElement":[{"@type":"ListItem","position":1,"name":"In\u00edcio","item":"https:\/\/noticiasemdestaque.com\/cd\/"},{"@type":"ListItem","position":2,"name":"Humorista e influenciador Mizael Silva fica ferido ap\u00f3s bater moto em carreta, em Jo\u00e3o Pessoa"}]},{"@type":"WebSite","@id":"https:\/\/noticiasemdestaque.com\/cd\/#website","url":"https:\/\/noticiasemdestaque.com\/cd\/","name":"Not&iacute;cias em Destaque","description":"","publisher":{"@id":"https:\/\/noticiasemdestaque.com\/cd\/#organization"},"potentialAction":[{"@type":"SearchAction","target":{"@type":"EntryPoint","urlTemplate":"https:\/\/noticiasemdestaque.com\/cd\/?s={search_term_string}"},"query-input":{"@type":"PropertyValueSpecification","valueRequired":true,"valueName":"search_term_string"}}],"inLanguage":"pt-BR"},{"@type":"Organization","@id":"https:\/\/noticiasemdestaque.com\/cd\/#organization","name":"Not\u00edcias em Destaque","url":"https:\/\/noticiasemdestaque.com\/cd\/","logo":{"@type":"ImageObject","inLanguage":"pt-BR","@id":"https:\/\/noticiasemdestaque.com\/cd\/#\/schema\/logo\/image\/","url":"https:\/\/noticiasemdestaque.com\/cd\/wp-content\/uploads\/2022\/05\/imagem-base-noticiasemdestaque.png","contentUrl":"https:\/\/noticiasemdestaque.com\/cd\/wp-content\/uploads\/2022\/05\/imagem-base-noticiasemdestaque.png","width":1200,"height":630,"caption":"Not\u00edcias em Destaque"},"image":{"@id":"https:\/\/noticiasemdestaque.com\/cd\/#\/schema\/logo\/image\/"}},{"@type":"Person","@id":"https:\/\/noticiasemdestaque.com\/cd\/#\/schema\/person\/21320b03a7e8bb90128938dafc9b908a","name":"Not\u00edcias em Destaque","url":"https:\/\/noticiasemdestaque.com\/cd\/?author=2"}]}},"jetpack_featured_media_url":"https:\/\/noticiasemdestaque.com\/cd\/wp-content\/uploads\/2023\/08\/Humorista-e-influenciador-Mizael-Silva-fica-ferido-apos-bater-moto-em-carreta-em-Joao-Pessoa.jpg","jetpack_sharing_enabled":true,"_links":{"self":[{"href":"https:\/\/noticiasemdestaque.com\/cd\/index.php?rest_route=\/wp\/v2\/posts\/50559","targetHints":{"allow":["GET"]}}],"collection":[{"href":"https:\/\/noticiasemdestaque.com\/cd\/index.php?rest_route=\/wp\/v2\/posts"}],"about":[{"href":"https:\/\/noticiasemdestaque.com\/cd\/index.php?rest_route=\/wp\/v2\/types\/post"}],"author":[{"embeddable":true,"href":"https:\/\/noticiasemdestaque.com\/cd\/index.php?rest_route=\/wp\/v2\/users\/2"}],"replies":[{"embeddable":true,"href":"https:\/\/noticiasemdestaque.com\/cd\/index.php?rest_route=%2Fwp%2Fv2%2Fcomments&post=50559"}],"version-history":[{"count":1,"href":"https:\/\/noticiasemdestaque.com\/cd\/index.php?rest_route=\/wp\/v2\/posts\/50559\/revisions"}],"predecessor-version":[{"id":50563,"href":"https:\/\/noticiasemdestaque.com\/cd\/index.php?rest_route=\/wp\/v2\/posts\/50559\/revisions\/50563"}],"wp:featuredmedia":[{"embeddable":true,"href":"https:\/\/noticiasemdestaque.com\/cd\/index.php?rest_route=\/wp\/v2\/media\/50561"}],"wp:attachment":[{"href":"https:\/\/noticiasemdestaque.com\/cd\/index.php?rest_route=%2Fwp%2Fv2%2Fmedia&parent=50559"}],"wp:term":[{"taxonomy":"category","embeddable":true,"href":"https:\/\/noticiasemdestaque.com\/cd\/index.php?rest_route=%2Fwp%2Fv2%2Fcategories&post=50559"},{"taxonomy":"post_tag","embeddable":true,"href":"https:\/\/noticiasemdestaque.com\/cd\/index.php?rest_route=%2Fwp%2Fv2%2Ftags&post=50559"}],"curies":[{"name":"wp","href":"https:\/\/api.w.org\/{rel}","templated":true}]}}