{"id":50555,"date":"2023-08-05T19:07:18","date_gmt":"2023-08-05T22:07:18","guid":{"rendered":"https:\/\/noticiasemdestaque.com\/cd\/?p=50555"},"modified":"2023-08-05T19:07:18","modified_gmt":"2023-08-05T22:07:18","slug":"dois-suspeitos-acabam-mortos-e-tres-ficam-feridos-apos-troca-de-tiros-com-a-policia-na-paraiba","status":"publish","type":"post","link":"https:\/\/noticiasemdestaque.com\/cd\/?p=50555","title":{"rendered":"Dois suspeitos acabam mortos e tr\u00eas ficam feridos ap\u00f3s troca de tiros com a pol\u00edcia, na Para\u00edba"},"content":{"rendered":"<p><a href=\"https:\/\/noticiasemdestaque.com\/cd\/wp-content\/uploads\/2023\/08\/trauma_de_cg.jpeg\"><img fetchpriority=\"high\" decoding=\"async\" class=\"wp-image-50557 aligncenter\" src=\"https:\/\/noticiasemdestaque.com\/cd\/wp-content\/uploads\/2023\/08\/trauma_de_cg-300x200.jpeg\" alt=\"\" width=\"1004\" height=\"669\" srcset=\"https:\/\/noticiasemdestaque.com\/cd\/wp-content\/uploads\/2023\/08\/trauma_de_cg-300x200.jpeg 300w, https:\/\/noticiasemdestaque.com\/cd\/wp-content\/uploads\/2023\/08\/trauma_de_cg-768x513.jpeg 768w, https:\/\/noticiasemdestaque.com\/cd\/wp-content\/uploads\/2023\/08\/trauma_de_cg-18x12.jpeg 18w, https:\/\/noticiasemdestaque.com\/cd\/wp-content\/uploads\/2023\/08\/trauma_de_cg.jpeg 876w\" sizes=\"(max-width: 1004px) 100vw, 1004px\" \/><\/a><\/p>\n<p>Duas pessoas acabaram mortas e outras tr\u00eas ficaram feridas ap\u00f3s um confronto com a pol\u00edcia na noite dessa sexta-feira (4), em Campina Grande. Conforme as informa\u00e7\u00f5es, os cinco indiv\u00edduos s\u00e3o suspeitos de praticar v\u00e1rios assaltos na cidade. Com eles, foram encontradas armas.<\/p>\n<p>De acordo com a pol\u00edcia, j\u00e1 havia a informa\u00e7\u00e3o chegada a central, pelo n\u00famero 190, de que os cinco haviam roubado um carro e estariam utilizando o ve\u00edculo para praticar assaltos.<\/p>\n<p>Uma equipe policial se deparou com os suspeitos durante as rondas e na tentativa de uma abordagem os suspeitos atiraram contra os policiais que revidaram a a\u00e7\u00e3o.<\/p>\n<p>Segundo o boletim m\u00e9dico do Hospital de Emerg\u00eancia e Trauma de Campina Grande, at\u00e9 ontem \u00e0 noite, dos tr\u00eas que sobrevivera, dois j\u00e1 estavam sendo encaminhados para receber alta e um iria passar por cirurgia.<\/p>\n<p>Os dois mortos estavam sem documenta\u00e7\u00e3o e sem identifica\u00e7\u00e3o.<\/p>\n<p><strong>Noticias em Destaque<\/strong><\/p>\n<p style=\"text-align: right;\"><em>Fonte: Click PB<\/em><\/p>\n","protected":false},"excerpt":{"rendered":"<p>Duas pessoas acabaram mortas e outras tr\u00eas ficaram feridas ap\u00f3s um confronto com a pol\u00edcia na noite dessa sexta-feira (4), em Campina Grande. Conforme as informa\u00e7\u00f5es, os cinco indiv\u00edduos s\u00e3o suspeitos de praticar v\u00e1rios assaltos na cidade. Com eles, foram encontradas armas. De acordo com a pol\u00edcia, j\u00e1 havia a informa\u00e7\u00e3o chegada a central, pelo n\u00famero 190, de que os cinco haviam roubado um carro e estariam utilizando o ve\u00edculo para praticar assaltos. Uma equipe policial se deparou com os suspeitos durante as rondas e na tentativa de uma abordagem os suspeitos atiraram contra os policiais que revidaram a a\u00e7\u00e3o. Segundo o boletim m\u00e9dico do Hospital de Emerg\u00eancia e Trauma de Campina Grande, at\u00e9 ontem \u00e0 noite, dos tr\u00eas que sobrevivera, dois j\u00e1 estavam sendo encaminhados para receber alta e um iria passar por cirurgia. Os dois mortos estavam sem documenta\u00e7\u00e3o e sem identifica\u00e7\u00e3o. Noticias em Destaque Fonte: Click PB<\/p>\n","protected":false},"author":2,"featured_media":50557,"comment_status":"closed","ping_status":"open","sticky":false,"template":"","format":"standard","meta":{"_eb_attr":"","_jetpack_memberships_contains_paid_content":false,"footnotes":""},"categories":[20],"tags":[],"class_list":["post-50555","post","type-post","status-publish","format-standard","has-post-thumbnail","hentry","category-policia"],"yoast_head":"<!-- This site is optimized with the Yoast SEO plugin v26.5 - https:\/\/yoast.com\/wordpress\/plugins\/seo\/ -->\n<title>Dois suspeitos acabam mortos e tr\u00eas ficam feridos ap\u00f3s troca de tiros com a pol\u00edcia, na Para\u00edba - Not&iacute;cias em Destaque<\/title>\n<meta name=\"robots\" content=\"index, follow, max-snippet:-1, max-image-preview:large, max-video-preview:-1\" \/>\n<link rel=\"canonical\" href=\"https:\/\/noticiasemdestaque.com\/cd\/?p=50555\" \/>\n<meta property=\"og:locale\" content=\"pt_BR\" \/>\n<meta property=\"og:type\" content=\"article\" \/>\n<meta property=\"og:title\" content=\"Dois suspeitos acabam mortos e tr\u00eas ficam feridos ap\u00f3s troca de tiros com a pol\u00edcia, na Para\u00edba - Not&iacute;cias em Destaque\" \/>\n<meta property=\"og:description\" content=\"Duas pessoas acabaram mortas e outras tr\u00eas ficaram feridas ap\u00f3s um confronto com a pol\u00edcia na noite dessa sexta-feira (4), em Campina Grande. Conforme as informa\u00e7\u00f5es, os cinco indiv\u00edduos s\u00e3o suspeitos de praticar v\u00e1rios assaltos na cidade. Com eles, foram encontradas armas. De acordo com a pol\u00edcia, j\u00e1 havia a informa\u00e7\u00e3o chegada a central, pelo n\u00famero 190, de que os cinco haviam roubado um carro e estariam utilizando o ve\u00edculo para praticar assaltos. Uma equipe policial se deparou com os suspeitos durante as rondas e na tentativa de uma abordagem os suspeitos atiraram contra os policiais que revidaram a a\u00e7\u00e3o. Segundo o boletim m\u00e9dico do Hospital de Emerg\u00eancia e Trauma de Campina Grande, at\u00e9 ontem \u00e0 noite, dos tr\u00eas que sobrevivera, dois j\u00e1 estavam sendo encaminhados para receber alta e um iria passar por cirurgia. Os dois mortos estavam sem documenta\u00e7\u00e3o e sem identifica\u00e7\u00e3o. Noticias em Destaque Fonte: Click PB\" \/>\n<meta property=\"og:url\" content=\"https:\/\/noticiasemdestaque.com\/cd\/?p=50555\" \/>\n<meta property=\"og:site_name\" content=\"Not&iacute;cias em Destaque\" \/>\n<meta property=\"article:published_time\" content=\"2023-08-05T22:07:18+00:00\" \/>\n<meta property=\"og:image\" content=\"https:\/\/noticiasemdestaque.com\/cd\/wp-content\/uploads\/2023\/08\/trauma_de_cg.jpeg\" \/>\n\t<meta property=\"og:image:width\" content=\"876\" \/>\n\t<meta property=\"og:image:height\" content=\"585\" \/>\n\t<meta property=\"og:image:type\" content=\"image\/jpeg\" \/>\n<meta name=\"author\" content=\"Not\u00edcias em Destaque\" \/>\n<meta name=\"twitter:card\" content=\"summary_large_image\" \/>\n<meta name=\"twitter:label1\" content=\"Escrito por\" \/>\n\t<meta name=\"twitter:data1\" content=\"Not\u00edcias em Destaque\" \/>\n\t<meta name=\"twitter:label2\" content=\"Est. tempo de leitura\" \/>\n\t<meta name=\"twitter:data2\" content=\"2 minutos\" \/>\n<script type=\"application\/ld+json\" class=\"yoast-schema-graph\">{\"@context\":\"https:\/\/schema.org\",\"@graph\":[{\"@type\":\"Article\",\"@id\":\"https:\/\/noticiasemdestaque.com\/cd\/?p=50555#article\",\"isPartOf\":{\"@id\":\"https:\/\/noticiasemdestaque.com\/cd\/?p=50555\"},\"author\":{\"name\":\"Not\u00edcias em Destaque\",\"@id\":\"https:\/\/noticiasemdestaque.com\/cd\/#\/schema\/person\/21320b03a7e8bb90128938dafc9b908a\"},\"headline\":\"Dois suspeitos acabam mortos e tr\u00eas ficam feridos ap\u00f3s troca de tiros com a pol\u00edcia, na Para\u00edba\",\"datePublished\":\"2023-08-05T22:07:18+00:00\",\"mainEntityOfPage\":{\"@id\":\"https:\/\/noticiasemdestaque.com\/cd\/?p=50555\"},\"wordCount\":185,\"publisher\":{\"@id\":\"https:\/\/noticiasemdestaque.com\/cd\/#organization\"},\"image\":{\"@id\":\"https:\/\/noticiasemdestaque.com\/cd\/?p=50555#primaryimage\"},\"thumbnailUrl\":\"https:\/\/noticiasemdestaque.com\/cd\/wp-content\/uploads\/2023\/08\/trauma_de_cg.jpeg\",\"articleSection\":[\"Pol\u00edcia\"],\"inLanguage\":\"pt-BR\"},{\"@type\":\"WebPage\",\"@id\":\"https:\/\/noticiasemdestaque.com\/cd\/?p=50555\",\"url\":\"https:\/\/noticiasemdestaque.com\/cd\/?p=50555\",\"name\":\"Dois suspeitos acabam mortos e tr\u00eas ficam feridos ap\u00f3s troca de tiros com a pol\u00edcia, na Para\u00edba - Not&iacute;cias em Destaque\",\"isPartOf\":{\"@id\":\"https:\/\/noticiasemdestaque.com\/cd\/#website\"},\"primaryImageOfPage\":{\"@id\":\"https:\/\/noticiasemdestaque.com\/cd\/?p=50555#primaryimage\"},\"image\":{\"@id\":\"https:\/\/noticiasemdestaque.com\/cd\/?p=50555#primaryimage\"},\"thumbnailUrl\":\"https:\/\/noticiasemdestaque.com\/cd\/wp-content\/uploads\/2023\/08\/trauma_de_cg.jpeg\",\"datePublished\":\"2023-08-05T22:07:18+00:00\",\"breadcrumb\":{\"@id\":\"https:\/\/noticiasemdestaque.com\/cd\/?p=50555#breadcrumb\"},\"inLanguage\":\"pt-BR\",\"potentialAction\":[{\"@type\":\"ReadAction\",\"target\":[\"https:\/\/noticiasemdestaque.com\/cd\/?p=50555\"]}]},{\"@type\":\"ImageObject\",\"inLanguage\":\"pt-BR\",\"@id\":\"https:\/\/noticiasemdestaque.com\/cd\/?p=50555#primaryimage\",\"url\":\"https:\/\/noticiasemdestaque.com\/cd\/wp-content\/uploads\/2023\/08\/trauma_de_cg.jpeg\",\"contentUrl\":\"https:\/\/noticiasemdestaque.com\/cd\/wp-content\/uploads\/2023\/08\/trauma_de_cg.jpeg\",\"width\":876,\"height\":585},{\"@type\":\"BreadcrumbList\",\"@id\":\"https:\/\/noticiasemdestaque.com\/cd\/?p=50555#breadcrumb\",\"itemListElement\":[{\"@type\":\"ListItem\",\"position\":1,\"name\":\"In\u00edcio\",\"item\":\"https:\/\/noticiasemdestaque.com\/cd\/\"},{\"@type\":\"ListItem\",\"position\":2,\"name\":\"Dois suspeitos acabam mortos e tr\u00eas ficam feridos ap\u00f3s troca de tiros com a pol\u00edcia, na Para\u00edba\"}]},{\"@type\":\"WebSite\",\"@id\":\"https:\/\/noticiasemdestaque.com\/cd\/#website\",\"url\":\"https:\/\/noticiasemdestaque.com\/cd\/\",\"name\":\"Not&iacute;cias em Destaque\",\"description\":\"\",\"publisher\":{\"@id\":\"https:\/\/noticiasemdestaque.com\/cd\/#organization\"},\"potentialAction\":[{\"@type\":\"SearchAction\",\"target\":{\"@type\":\"EntryPoint\",\"urlTemplate\":\"https:\/\/noticiasemdestaque.com\/cd\/?s={search_term_string}\"},\"query-input\":{\"@type\":\"PropertyValueSpecification\",\"valueRequired\":true,\"valueName\":\"search_term_string\"}}],\"inLanguage\":\"pt-BR\"},{\"@type\":\"Organization\",\"@id\":\"https:\/\/noticiasemdestaque.com\/cd\/#organization\",\"name\":\"Not\u00edcias em Destaque\",\"url\":\"https:\/\/noticiasemdestaque.com\/cd\/\",\"logo\":{\"@type\":\"ImageObject\",\"inLanguage\":\"pt-BR\",\"@id\":\"https:\/\/noticiasemdestaque.com\/cd\/#\/schema\/logo\/image\/\",\"url\":\"https:\/\/noticiasemdestaque.com\/cd\/wp-content\/uploads\/2022\/05\/imagem-base-noticiasemdestaque.png\",\"contentUrl\":\"https:\/\/noticiasemdestaque.com\/cd\/wp-content\/uploads\/2022\/05\/imagem-base-noticiasemdestaque.png\",\"width\":1200,\"height\":630,\"caption\":\"Not\u00edcias em Destaque\"},\"image\":{\"@id\":\"https:\/\/noticiasemdestaque.com\/cd\/#\/schema\/logo\/image\/\"}},{\"@type\":\"Person\",\"@id\":\"https:\/\/noticiasemdestaque.com\/cd\/#\/schema\/person\/21320b03a7e8bb90128938dafc9b908a\",\"name\":\"Not\u00edcias em Destaque\",\"url\":\"https:\/\/noticiasemdestaque.com\/cd\/?author=2\"}]}<\/script>\n<!-- \/ Yoast SEO plugin. -->","yoast_head_json":{"title":"Dois suspeitos acabam mortos e tr\u00eas ficam feridos ap\u00f3s troca de tiros com a pol\u00edcia, na Para\u00edba - Not&iacute;cias em Destaque","robots":{"index":"index","follow":"follow","max-snippet":"max-snippet:-1","max-image-preview":"max-image-preview:large","max-video-preview":"max-video-preview:-1"},"canonical":"https:\/\/noticiasemdestaque.com\/cd\/?p=50555","og_locale":"pt_BR","og_type":"article","og_title":"Dois suspeitos acabam mortos e tr\u00eas ficam feridos ap\u00f3s troca de tiros com a pol\u00edcia, na Para\u00edba - Not&iacute;cias em Destaque","og_description":"Duas pessoas acabaram mortas e outras tr\u00eas ficaram feridas ap\u00f3s um confronto com a pol\u00edcia na noite dessa sexta-feira (4), em Campina Grande. Conforme as informa\u00e7\u00f5es, os cinco indiv\u00edduos s\u00e3o suspeitos de praticar v\u00e1rios assaltos na cidade. Com eles, foram encontradas armas. De acordo com a pol\u00edcia, j\u00e1 havia a informa\u00e7\u00e3o chegada a central, pelo n\u00famero 190, de que os cinco haviam roubado um carro e estariam utilizando o ve\u00edculo para praticar assaltos. Uma equipe policial se deparou com os suspeitos durante as rondas e na tentativa de uma abordagem os suspeitos atiraram contra os policiais que revidaram a a\u00e7\u00e3o. Segundo o boletim m\u00e9dico do Hospital de Emerg\u00eancia e Trauma de Campina Grande, at\u00e9 ontem \u00e0 noite, dos tr\u00eas que sobrevivera, dois j\u00e1 estavam sendo encaminhados para receber alta e um iria passar por cirurgia. Os dois mortos estavam sem documenta\u00e7\u00e3o e sem identifica\u00e7\u00e3o. Noticias em Destaque Fonte: Click PB","og_url":"https:\/\/noticiasemdestaque.com\/cd\/?p=50555","og_site_name":"Not&iacute;cias em Destaque","article_published_time":"2023-08-05T22:07:18+00:00","og_image":[{"width":876,"height":585,"url":"https:\/\/noticiasemdestaque.com\/cd\/wp-content\/uploads\/2023\/08\/trauma_de_cg.jpeg","type":"image\/jpeg"}],"author":"Not\u00edcias em Destaque","twitter_card":"summary_large_image","twitter_misc":{"Escrito por":"Not\u00edcias em Destaque","Est. tempo de leitura":"2 minutos"},"schema":{"@context":"https:\/\/schema.org","@graph":[{"@type":"Article","@id":"https:\/\/noticiasemdestaque.com\/cd\/?p=50555#article","isPartOf":{"@id":"https:\/\/noticiasemdestaque.com\/cd\/?p=50555"},"author":{"name":"Not\u00edcias em Destaque","@id":"https:\/\/noticiasemdestaque.com\/cd\/#\/schema\/person\/21320b03a7e8bb90128938dafc9b908a"},"headline":"Dois suspeitos acabam mortos e tr\u00eas ficam feridos ap\u00f3s troca de tiros com a pol\u00edcia, na Para\u00edba","datePublished":"2023-08-05T22:07:18+00:00","mainEntityOfPage":{"@id":"https:\/\/noticiasemdestaque.com\/cd\/?p=50555"},"wordCount":185,"publisher":{"@id":"https:\/\/noticiasemdestaque.com\/cd\/#organization"},"image":{"@id":"https:\/\/noticiasemdestaque.com\/cd\/?p=50555#primaryimage"},"thumbnailUrl":"https:\/\/noticiasemdestaque.com\/cd\/wp-content\/uploads\/2023\/08\/trauma_de_cg.jpeg","articleSection":["Pol\u00edcia"],"inLanguage":"pt-BR"},{"@type":"WebPage","@id":"https:\/\/noticiasemdestaque.com\/cd\/?p=50555","url":"https:\/\/noticiasemdestaque.com\/cd\/?p=50555","name":"Dois suspeitos acabam mortos e tr\u00eas ficam feridos ap\u00f3s troca de tiros com a pol\u00edcia, na Para\u00edba - Not&iacute;cias em Destaque","isPartOf":{"@id":"https:\/\/noticiasemdestaque.com\/cd\/#website"},"primaryImageOfPage":{"@id":"https:\/\/noticiasemdestaque.com\/cd\/?p=50555#primaryimage"},"image":{"@id":"https:\/\/noticiasemdestaque.com\/cd\/?p=50555#primaryimage"},"thumbnailUrl":"https:\/\/noticiasemdestaque.com\/cd\/wp-content\/uploads\/2023\/08\/trauma_de_cg.jpeg","datePublished":"2023-08-05T22:07:18+00:00","breadcrumb":{"@id":"https:\/\/noticiasemdestaque.com\/cd\/?p=50555#breadcrumb"},"inLanguage":"pt-BR","potentialAction":[{"@type":"ReadAction","target":["https:\/\/noticiasemdestaque.com\/cd\/?p=50555"]}]},{"@type":"ImageObject","inLanguage":"pt-BR","@id":"https:\/\/noticiasemdestaque.com\/cd\/?p=50555#primaryimage","url":"https:\/\/noticiasemdestaque.com\/cd\/wp-content\/uploads\/2023\/08\/trauma_de_cg.jpeg","contentUrl":"https:\/\/noticiasemdestaque.com\/cd\/wp-content\/uploads\/2023\/08\/trauma_de_cg.jpeg","width":876,"height":585},{"@type":"BreadcrumbList","@id":"https:\/\/noticiasemdestaque.com\/cd\/?p=50555#breadcrumb","itemListElement":[{"@type":"ListItem","position":1,"name":"In\u00edcio","item":"https:\/\/noticiasemdestaque.com\/cd\/"},{"@type":"ListItem","position":2,"name":"Dois suspeitos acabam mortos e tr\u00eas ficam feridos ap\u00f3s troca de tiros com a pol\u00edcia, na Para\u00edba"}]},{"@type":"WebSite","@id":"https:\/\/noticiasemdestaque.com\/cd\/#website","url":"https:\/\/noticiasemdestaque.com\/cd\/","name":"Not&iacute;cias em Destaque","description":"","publisher":{"@id":"https:\/\/noticiasemdestaque.com\/cd\/#organization"},"potentialAction":[{"@type":"SearchAction","target":{"@type":"EntryPoint","urlTemplate":"https:\/\/noticiasemdestaque.com\/cd\/?s={search_term_string}"},"query-input":{"@type":"PropertyValueSpecification","valueRequired":true,"valueName":"search_term_string"}}],"inLanguage":"pt-BR"},{"@type":"Organization","@id":"https:\/\/noticiasemdestaque.com\/cd\/#organization","name":"Not\u00edcias em Destaque","url":"https:\/\/noticiasemdestaque.com\/cd\/","logo":{"@type":"ImageObject","inLanguage":"pt-BR","@id":"https:\/\/noticiasemdestaque.com\/cd\/#\/schema\/logo\/image\/","url":"https:\/\/noticiasemdestaque.com\/cd\/wp-content\/uploads\/2022\/05\/imagem-base-noticiasemdestaque.png","contentUrl":"https:\/\/noticiasemdestaque.com\/cd\/wp-content\/uploads\/2022\/05\/imagem-base-noticiasemdestaque.png","width":1200,"height":630,"caption":"Not\u00edcias em Destaque"},"image":{"@id":"https:\/\/noticiasemdestaque.com\/cd\/#\/schema\/logo\/image\/"}},{"@type":"Person","@id":"https:\/\/noticiasemdestaque.com\/cd\/#\/schema\/person\/21320b03a7e8bb90128938dafc9b908a","name":"Not\u00edcias em Destaque","url":"https:\/\/noticiasemdestaque.com\/cd\/?author=2"}]}},"jetpack_featured_media_url":"https:\/\/noticiasemdestaque.com\/cd\/wp-content\/uploads\/2023\/08\/trauma_de_cg.jpeg","jetpack_sharing_enabled":true,"_links":{"self":[{"href":"https:\/\/noticiasemdestaque.com\/cd\/index.php?rest_route=\/wp\/v2\/posts\/50555","targetHints":{"allow":["GET"]}}],"collection":[{"href":"https:\/\/noticiasemdestaque.com\/cd\/index.php?rest_route=\/wp\/v2\/posts"}],"about":[{"href":"https:\/\/noticiasemdestaque.com\/cd\/index.php?rest_route=\/wp\/v2\/types\/post"}],"author":[{"embeddable":true,"href":"https:\/\/noticiasemdestaque.com\/cd\/index.php?rest_route=\/wp\/v2\/users\/2"}],"replies":[{"embeddable":true,"href":"https:\/\/noticiasemdestaque.com\/cd\/index.php?rest_route=%2Fwp%2Fv2%2Fcomments&post=50555"}],"version-history":[{"count":1,"href":"https:\/\/noticiasemdestaque.com\/cd\/index.php?rest_route=\/wp\/v2\/posts\/50555\/revisions"}],"predecessor-version":[{"id":50558,"href":"https:\/\/noticiasemdestaque.com\/cd\/index.php?rest_route=\/wp\/v2\/posts\/50555\/revisions\/50558"}],"wp:featuredmedia":[{"embeddable":true,"href":"https:\/\/noticiasemdestaque.com\/cd\/index.php?rest_route=\/wp\/v2\/media\/50557"}],"wp:attachment":[{"href":"https:\/\/noticiasemdestaque.com\/cd\/index.php?rest_route=%2Fwp%2Fv2%2Fmedia&parent=50555"}],"wp:term":[{"taxonomy":"category","embeddable":true,"href":"https:\/\/noticiasemdestaque.com\/cd\/index.php?rest_route=%2Fwp%2Fv2%2Fcategories&post=50555"},{"taxonomy":"post_tag","embeddable":true,"href":"https:\/\/noticiasemdestaque.com\/cd\/index.php?rest_route=%2Fwp%2Fv2%2Ftags&post=50555"}],"curies":[{"name":"wp","href":"https:\/\/api.w.org\/{rel}","templated":true}]}}