{"id":5046,"date":"2017-10-09T08:31:35","date_gmt":"2017-10-09T11:31:35","guid":{"rendered":"http:\/\/caririemdestaque.com\/cd\/?p=5046"},"modified":"2017-10-09T08:31:35","modified_gmt":"2017-10-09T11:31:35","slug":"grupo-invade-e-destroi-canteiro-de-canal-da-transposicao-para-a-pb","status":"publish","type":"post","link":"https:\/\/noticiasemdestaque.com\/cd\/?p=5046","title":{"rendered":"Grupo invade e destr\u00f3i canteiro de canal da Transposi\u00e7\u00e3o para a PB"},"content":{"rendered":"<p><a href=\"http:\/\/caririemdestaque.com\/cd\/wp-content\/uploads\/2017\/10\/Transsposi\u00e7\u00e3o-300x156.jpg\"><img decoding=\"async\" class=\"wp-image-5047 size-medium alignleft\" src=\"http:\/\/caririemdestaque.com\/cd\/wp-content\/uploads\/2017\/10\/Transsposi\u00e7\u00e3o-300x156-300x156.jpg\" alt=\"\" width=\"300\" height=\"156\" \/><\/a>O Minist\u00e9rio da Integra\u00e7\u00e3o Nacional denunciou, neste domingo (8), depreda\u00e7\u00e3o ao Eixo Norte do Canal da Transposi\u00e7\u00e3o que vai trazer \u00e1gua do Rio S\u00e3o Francisco a Para\u00edba.<\/p>\n<p>De acordo com nota do Minist\u00e9rio da Integra\u00e7\u00e3o,\u00a0 incidente aconteceu em um canteiro de obras na cidade de Salgueiro-PE. O local foi invadido e um grupo de pessoas que destru\u00edram as mangueiras da comporta de um reservat\u00f3rio.<\/p>\n<p>O Minist\u00e9rio suspeita que os danos foram causados por comerciantes e credores da empresa que est\u00e1 realizando a obra. Um Boletim de Ocorr\u00eancia foi registrado. Tamb\u00e9m h\u00e1 relatos de v\u00e1rias amea\u00e7as verbais e agressivas.<\/p>\n<p><strong>Confira nota\u00a0<\/strong><\/p>\n<p>1) Na \u00faltima sexta-feira (6\/10), um grupo de pessoas invadiu e depredou instala\u00e7\u00f5es do canteiro das obras de constru\u00e7\u00e3o do Trecho N1 do Eixo Norte do Projeto de Integra\u00e7\u00e3o do Rio S\u00e3o Francisco. O incidente aconteceu no munic\u00edpio de Salgueiro (PE). Foram identificados danos nas mangueiras das comportas do Reservat\u00f3rio de Tucutu. Mais cedo, ainda na sexta-feira, a estrutura de controle do reservat\u00f3rio j\u00e1 havia sido danificada por picha\u00e7\u00e3o (fotos anexas). A suspeita \u00e9 de que as depreda\u00e7\u00f5es tenham sido feitas por comerciantes e credores da Mendes Jr, empresa que havia sido contratada para a obra, mas que n\u00e3o a concluiu;<\/p>\n<p>2) Esse ato criminoso p\u00f5e em risco o abastecimento de pelo menos tr\u00eas mil pessoas em cerca de 17 comunidades que poder\u00e3o vir a ser favorecidas pela chegada da \u00e1gua no Reservat\u00f3rio de Terra Nova, seguinte ao de Tucutu;<\/p>\n<p>3) A administra\u00e7\u00e3o da construtora Emsa \u2013 l\u00edder do cons\u00f3rcio que venceu a disputa para completar as obras do trecho N1 \u2013 registrou um Boletim de Ocorr\u00eancia (em anexo) denunciando e informando os acontecimentos \u00e0s autoridades policiais e a exist\u00eancia de amea\u00e7as contra a integridade f\u00edsica de seus empregados;<\/p>\n<p>4) H\u00e1 suspeitas de que a depreda\u00e7\u00e3o possa ter sido liderada por comerciantes da regi\u00e3o, que cobram d\u00edvidas da Construtora Mendes Jr. Segundo os credores, os d\u00e9bitos s\u00e3o da ordem de R$ 24 milh\u00f5es. A empreiteira era a respons\u00e1vel pelas obras de implanta\u00e7\u00e3o do trecho N1, mas foi obrigada a se afastar da obra ap\u00f3s ter sido considerada inid\u00f4nea pela CGU por estar envolvida nas investiga\u00e7\u00f5es da Opera\u00e7\u00e3o Lava Jato;<\/p>\n<p>5) O Minist\u00e9rio da Integra\u00e7\u00e3o Nacional destaca que n\u00e3o h\u00e1 passivos seus em rela\u00e7\u00e3o \u00e0 empresa Mendes Jr. Ao contr\u00e1rio: a empresa \u00e9 que tem d\u00edvidas pendentes com a Pasta, referentes a multas por readequa\u00e7\u00e3o de pre\u00e7os e a penalidades contratuais. Os valores totais das d\u00edvidas da Mendes Jr. com o Minist\u00e9rio da Integra\u00e7\u00e3o superam os R$ 200 milh\u00f5es;<\/p>\n<p>6) Os d\u00e9bitos da Mendes Jr. com os comerciantes da regi\u00e3o referem-se a uma rela\u00e7\u00e3o contratual entre empresas privadas. Pela legisla\u00e7\u00e3o em vigor, o Minist\u00e9rio da Integra\u00e7\u00e3o Nacional est\u00e1 impedido de saldar d\u00edvidas da construtora com seus fornecedores. Os pagamentos aos fornecedores e comerciantes da regi\u00e3o devem, assim, ser quitados pela empresa Mendes Jr., que foi a respons\u00e1vel pela contrata\u00e7\u00e3o dos servi\u00e7os e aquisi\u00e7\u00e3o dos materiais;<\/p>\n<p>7) Ainda assim, sempre na tentativa de buscar uma solu\u00e7\u00e3o para a quest\u00e3o e mediar um acordo entre as partes, a equipe do Minist\u00e9rio da Integra\u00e7\u00e3o manteve reuni\u00f5es tanto com a construtora como com os credores. Mas, at\u00e9 o momento, nenhum acordo foi fechado;<\/p>\n<p>8) Na quinta-feira (5), a Coordenadoria-Geral de Acompanhamento de Obras e Fiscaliza\u00e7\u00e3o do Projeto de Integra\u00e7\u00e3o do Rio S\u00e3o Francisco comunicou \u00e0 Secretaria de Infraestrutura H\u00eddrica do Minist\u00e9rio da Integra\u00e7\u00e3o Nacional a exist\u00eancia de amea\u00e7as de credores da Mendes Jr. a funcion\u00e1rios do Minist\u00e9rio e do cons\u00f3rcio construtor que toca conclus\u00e3o das obras;<\/p>\n<p>9) As amea\u00e7as verbais s\u00e3o frequentes e agressivas. Se referem \u00e0 inten\u00e7\u00e3o de fechar o pr\u00e9dio onde funciona a Coordena\u00e7\u00e3o do Eixo Norte e a Gerenciadora, instalados em Salgueiro (PE); invadir e paralisar o canteiro da empreiteira Emsa, assim como das suas subcontratadas; fechar a BR 116 no trecho em frente aos escrit\u00f3rios da Coordena\u00e7\u00e3o; e depredar o canal e as obras em funcionamento. Existem \u00e1udios comprobat\u00f3rios de tais amea\u00e7as \u2013 ainda sem identifica\u00e7\u00e3o dos autores.<\/p>\n<p>10) Devido aos danos nas mangueiras, foi verificado vazamento de \u00f3leo no Reservat\u00f3rio de Tucutu. Para garantir a seguran\u00e7a das pessoas e da estrutura, as equipes t\u00e9cnicas do Minist\u00e9rio optaram por fechar a comporta respons\u00e1vel pela passagem da \u00e1gua do Rio S\u00e3o Francisco para os canais subsequentes;<\/p>\n<p>11) No momento, o Minist\u00e9rio da Integra\u00e7\u00e3o analisa as medidas legais cab\u00edveis;<\/p>\n<p>12) A Pasta tamb\u00e9m est\u00e1 avaliando todos os preju\u00edzos causados para que as comportas sejam reabertas o mais r\u00e1pido poss\u00edvel.<\/p>\n<p>Fonte: MaisPB<\/p>\n","protected":false},"excerpt":{"rendered":"<p>O Minist\u00e9rio da Integra\u00e7\u00e3o Nacional denunciou, neste domingo (8), depreda\u00e7\u00e3o ao Eixo Norte do Canal da Transposi\u00e7\u00e3o que vai trazer \u00e1gua do Rio S\u00e3o Francisco a Para\u00edba. De acordo com nota do Minist\u00e9rio da Integra\u00e7\u00e3o,\u00a0 incidente aconteceu em um canteiro de obras na cidade de Salgueiro-PE. O local foi invadido e um grupo de pessoas que destru\u00edram as mangueiras da comporta de um reservat\u00f3rio. O Minist\u00e9rio suspeita que os danos foram causados por comerciantes e credores da empresa que est\u00e1 realizando a obra. Um Boletim de Ocorr\u00eancia foi registrado. Tamb\u00e9m h\u00e1 relatos de v\u00e1rias amea\u00e7as verbais e agressivas. Confira nota\u00a0 1) Na \u00faltima sexta-feira (6\/10), um grupo de pessoas invadiu e depredou instala\u00e7\u00f5es do canteiro das obras de constru\u00e7\u00e3o do Trecho N1 do Eixo Norte do Projeto de Integra\u00e7\u00e3o do Rio S\u00e3o Francisco. O incidente aconteceu no munic\u00edpio de Salgueiro (PE). Foram identificados danos nas mangueiras das comportas do Reservat\u00f3rio de Tucutu. Mais cedo, ainda na sexta-feira, a estrutura de controle do reservat\u00f3rio j\u00e1 havia sido danificada por picha\u00e7\u00e3o (fotos anexas). A suspeita \u00e9 de que as depreda\u00e7\u00f5es tenham sido feitas por comerciantes e credores da Mendes Jr, empresa que havia sido contratada para a obra, mas que n\u00e3o a concluiu; 2) Esse ato criminoso p\u00f5e em risco o abastecimento de pelo menos tr\u00eas mil pessoas em cerca de 17 comunidades que poder\u00e3o vir a ser favorecidas pela chegada da \u00e1gua no Reservat\u00f3rio de Terra Nova, seguinte ao de Tucutu; 3) A administra\u00e7\u00e3o da construtora Emsa \u2013 l\u00edder do cons\u00f3rcio que venceu a disputa para completar as obras do trecho N1 \u2013 registrou um Boletim de Ocorr\u00eancia (em anexo) denunciando e informando os acontecimentos \u00e0s autoridades policiais e a exist\u00eancia de amea\u00e7as contra a integridade f\u00edsica de seus empregados; 4) H\u00e1 suspeitas de que a depreda\u00e7\u00e3o possa ter sido liderada por comerciantes da regi\u00e3o, que cobram d\u00edvidas da Construtora Mendes Jr. Segundo os credores, os d\u00e9bitos s\u00e3o da ordem de R$ 24 milh\u00f5es. A empreiteira era a respons\u00e1vel pelas obras de implanta\u00e7\u00e3o do trecho N1, mas foi obrigada a se afastar da obra ap\u00f3s ter sido considerada inid\u00f4nea pela CGU por estar envolvida nas investiga\u00e7\u00f5es da Opera\u00e7\u00e3o Lava Jato; 5) O Minist\u00e9rio da Integra\u00e7\u00e3o Nacional destaca que n\u00e3o h\u00e1 passivos seus em rela\u00e7\u00e3o \u00e0 empresa Mendes Jr. Ao contr\u00e1rio: a empresa \u00e9 que tem d\u00edvidas pendentes com a Pasta, referentes a multas por readequa\u00e7\u00e3o de pre\u00e7os e a penalidades contratuais. Os valores totais das d\u00edvidas da Mendes Jr. com o Minist\u00e9rio da Integra\u00e7\u00e3o superam os R$ 200 milh\u00f5es; 6) Os d\u00e9bitos da Mendes Jr. com os comerciantes da regi\u00e3o referem-se a uma rela\u00e7\u00e3o contratual entre empresas privadas. Pela legisla\u00e7\u00e3o em vigor, o Minist\u00e9rio da Integra\u00e7\u00e3o Nacional est\u00e1 impedido de saldar d\u00edvidas da construtora com seus fornecedores. Os pagamentos aos fornecedores e comerciantes da regi\u00e3o devem, assim, ser quitados pela empresa Mendes Jr., que foi a respons\u00e1vel pela contrata\u00e7\u00e3o dos servi\u00e7os e aquisi\u00e7\u00e3o dos materiais; 7) Ainda assim, sempre na tentativa de buscar uma solu\u00e7\u00e3o para a quest\u00e3o e mediar um acordo entre as partes, a equipe do Minist\u00e9rio da Integra\u00e7\u00e3o manteve reuni\u00f5es tanto com a construtora como com os credores. Mas, at\u00e9 o momento, nenhum acordo foi fechado; 8) Na quinta-feira (5), a Coordenadoria-Geral de Acompanhamento de Obras e Fiscaliza\u00e7\u00e3o do Projeto de Integra\u00e7\u00e3o do Rio S\u00e3o Francisco comunicou \u00e0 Secretaria de Infraestrutura H\u00eddrica do Minist\u00e9rio da Integra\u00e7\u00e3o Nacional a exist\u00eancia de amea\u00e7as de credores da Mendes Jr. a funcion\u00e1rios do Minist\u00e9rio e do cons\u00f3rcio construtor que toca conclus\u00e3o das obras; 9) As amea\u00e7as verbais s\u00e3o frequentes e agressivas. Se referem \u00e0 inten\u00e7\u00e3o de fechar o pr\u00e9dio onde funciona a Coordena\u00e7\u00e3o do Eixo Norte e a Gerenciadora, instalados em Salgueiro (PE); invadir e paralisar o canteiro da empreiteira Emsa, assim como das suas subcontratadas; fechar a BR 116 no trecho em frente aos escrit\u00f3rios da Coordena\u00e7\u00e3o; e depredar o canal e as obras em funcionamento. Existem \u00e1udios comprobat\u00f3rios de tais amea\u00e7as \u2013 ainda sem identifica\u00e7\u00e3o dos autores. 10) Devido aos danos nas mangueiras, foi verificado vazamento de \u00f3leo no Reservat\u00f3rio de Tucutu. Para garantir a seguran\u00e7a das pessoas e da estrutura, as equipes t\u00e9cnicas do Minist\u00e9rio optaram por fechar a comporta respons\u00e1vel pela passagem da \u00e1gua do Rio S\u00e3o Francisco para os canais subsequentes; 11) No momento, o Minist\u00e9rio da Integra\u00e7\u00e3o analisa as medidas legais cab\u00edveis; 12) A Pasta tamb\u00e9m est\u00e1 avaliando todos os preju\u00edzos causados para que as comportas sejam reabertas o mais r\u00e1pido poss\u00edvel. Fonte: MaisPB<\/p>\n","protected":false},"author":2,"featured_media":5047,"comment_status":"closed","ping_status":"open","sticky":false,"template":"","format":"standard","meta":{"_eb_attr":"","_jetpack_memberships_contains_paid_content":false,"footnotes":""},"categories":[3],"tags":[],"class_list":["post-5046","post","type-post","status-publish","format-standard","has-post-thumbnail","hentry","category-cidades"],"yoast_head":"<!-- This site is optimized with the Yoast SEO plugin v26.5 - https:\/\/yoast.com\/wordpress\/plugins\/seo\/ -->\n<title>Grupo invade e destr\u00f3i canteiro de canal da Transposi\u00e7\u00e3o para a PB - Not&iacute;cias em Destaque<\/title>\n<meta name=\"robots\" content=\"index, follow, max-snippet:-1, max-image-preview:large, max-video-preview:-1\" \/>\n<link rel=\"canonical\" href=\"https:\/\/noticiasemdestaque.com\/cd\/?p=5046\" \/>\n<meta property=\"og:locale\" content=\"pt_BR\" \/>\n<meta property=\"og:type\" content=\"article\" \/>\n<meta property=\"og:title\" content=\"Grupo invade e destr\u00f3i canteiro de canal da Transposi\u00e7\u00e3o para a PB - Not&iacute;cias em Destaque\" \/>\n<meta property=\"og:description\" content=\"O Minist\u00e9rio da Integra\u00e7\u00e3o Nacional denunciou, neste domingo (8), depreda\u00e7\u00e3o ao Eixo Norte do Canal da Transposi\u00e7\u00e3o que vai trazer \u00e1gua do Rio S\u00e3o Francisco a Para\u00edba. De acordo com nota do Minist\u00e9rio da Integra\u00e7\u00e3o,\u00a0 incidente aconteceu em um canteiro de obras na cidade de Salgueiro-PE. O local foi invadido e um grupo de pessoas que destru\u00edram as mangueiras da comporta de um reservat\u00f3rio. O Minist\u00e9rio suspeita que os danos foram causados por comerciantes e credores da empresa que est\u00e1 realizando a obra. Um Boletim de Ocorr\u00eancia foi registrado. Tamb\u00e9m h\u00e1 relatos de v\u00e1rias amea\u00e7as verbais e agressivas. Confira nota\u00a0 1) Na \u00faltima sexta-feira (6\/10), um grupo de pessoas invadiu e depredou instala\u00e7\u00f5es do canteiro das obras de constru\u00e7\u00e3o do Trecho N1 do Eixo Norte do Projeto de Integra\u00e7\u00e3o do Rio S\u00e3o Francisco. O incidente aconteceu no munic\u00edpio de Salgueiro (PE). Foram identificados danos nas mangueiras das comportas do Reservat\u00f3rio de Tucutu. Mais cedo, ainda na sexta-feira, a estrutura de controle do reservat\u00f3rio j\u00e1 havia sido danificada por picha\u00e7\u00e3o (fotos anexas). A suspeita \u00e9 de que as depreda\u00e7\u00f5es tenham sido feitas por comerciantes e credores da Mendes Jr, empresa que havia sido contratada para a obra, mas que n\u00e3o a concluiu; 2) Esse ato criminoso p\u00f5e em risco o abastecimento de pelo menos tr\u00eas mil pessoas em cerca de 17 comunidades que poder\u00e3o vir a ser favorecidas pela chegada da \u00e1gua no Reservat\u00f3rio de Terra Nova, seguinte ao de Tucutu; 3) A administra\u00e7\u00e3o da construtora Emsa \u2013 l\u00edder do cons\u00f3rcio que venceu a disputa para completar as obras do trecho N1 \u2013 registrou um Boletim de Ocorr\u00eancia (em anexo) denunciando e informando os acontecimentos \u00e0s autoridades policiais e a exist\u00eancia de amea\u00e7as contra a integridade f\u00edsica de seus empregados; 4) H\u00e1 suspeitas de que a depreda\u00e7\u00e3o possa ter sido liderada por comerciantes da regi\u00e3o, que cobram d\u00edvidas da Construtora Mendes Jr. Segundo os credores, os d\u00e9bitos s\u00e3o da ordem de R$ 24 milh\u00f5es. A empreiteira era a respons\u00e1vel pelas obras de implanta\u00e7\u00e3o do trecho N1, mas foi obrigada a se afastar da obra ap\u00f3s ter sido considerada inid\u00f4nea pela CGU por estar envolvida nas investiga\u00e7\u00f5es da Opera\u00e7\u00e3o Lava Jato; 5) O Minist\u00e9rio da Integra\u00e7\u00e3o Nacional destaca que n\u00e3o h\u00e1 passivos seus em rela\u00e7\u00e3o \u00e0 empresa Mendes Jr. Ao contr\u00e1rio: a empresa \u00e9 que tem d\u00edvidas pendentes com a Pasta, referentes a multas por readequa\u00e7\u00e3o de pre\u00e7os e a penalidades contratuais. Os valores totais das d\u00edvidas da Mendes Jr. com o Minist\u00e9rio da Integra\u00e7\u00e3o superam os R$ 200 milh\u00f5es; 6) Os d\u00e9bitos da Mendes Jr. com os comerciantes da regi\u00e3o referem-se a uma rela\u00e7\u00e3o contratual entre empresas privadas. Pela legisla\u00e7\u00e3o em vigor, o Minist\u00e9rio da Integra\u00e7\u00e3o Nacional est\u00e1 impedido de saldar d\u00edvidas da construtora com seus fornecedores. Os pagamentos aos fornecedores e comerciantes da regi\u00e3o devem, assim, ser quitados pela empresa Mendes Jr., que foi a respons\u00e1vel pela contrata\u00e7\u00e3o dos servi\u00e7os e aquisi\u00e7\u00e3o dos materiais; 7) Ainda assim, sempre na tentativa de buscar uma solu\u00e7\u00e3o para a quest\u00e3o e mediar um acordo entre as partes, a equipe do Minist\u00e9rio da Integra\u00e7\u00e3o manteve reuni\u00f5es tanto com a construtora como com os credores. Mas, at\u00e9 o momento, nenhum acordo foi fechado; 8) Na quinta-feira (5), a Coordenadoria-Geral de Acompanhamento de Obras e Fiscaliza\u00e7\u00e3o do Projeto de Integra\u00e7\u00e3o do Rio S\u00e3o Francisco comunicou \u00e0 Secretaria de Infraestrutura H\u00eddrica do Minist\u00e9rio da Integra\u00e7\u00e3o Nacional a exist\u00eancia de amea\u00e7as de credores da Mendes Jr. a funcion\u00e1rios do Minist\u00e9rio e do cons\u00f3rcio construtor que toca conclus\u00e3o das obras; 9) As amea\u00e7as verbais s\u00e3o frequentes e agressivas. Se referem \u00e0 inten\u00e7\u00e3o de fechar o pr\u00e9dio onde funciona a Coordena\u00e7\u00e3o do Eixo Norte e a Gerenciadora, instalados em Salgueiro (PE); invadir e paralisar o canteiro da empreiteira Emsa, assim como das suas subcontratadas; fechar a BR 116 no trecho em frente aos escrit\u00f3rios da Coordena\u00e7\u00e3o; e depredar o canal e as obras em funcionamento. Existem \u00e1udios comprobat\u00f3rios de tais amea\u00e7as \u2013 ainda sem identifica\u00e7\u00e3o dos autores. 10) Devido aos danos nas mangueiras, foi verificado vazamento de \u00f3leo no Reservat\u00f3rio de Tucutu. Para garantir a seguran\u00e7a das pessoas e da estrutura, as equipes t\u00e9cnicas do Minist\u00e9rio optaram por fechar a comporta respons\u00e1vel pela passagem da \u00e1gua do Rio S\u00e3o Francisco para os canais subsequentes; 11) No momento, o Minist\u00e9rio da Integra\u00e7\u00e3o analisa as medidas legais cab\u00edveis; 12) A Pasta tamb\u00e9m est\u00e1 avaliando todos os preju\u00edzos causados para que as comportas sejam reabertas o mais r\u00e1pido poss\u00edvel. Fonte: MaisPB\" \/>\n<meta property=\"og:url\" content=\"https:\/\/noticiasemdestaque.com\/cd\/?p=5046\" \/>\n<meta property=\"og:site_name\" content=\"Not&iacute;cias em Destaque\" \/>\n<meta property=\"article:published_time\" content=\"2017-10-09T11:31:35+00:00\" \/>\n<meta property=\"og:image\" content=\"https:\/\/noticiasemdestaque.com\/cd\/wp-content\/uploads\/2017\/10\/Transsposi\u00e7\u00e3o-300x156.jpg\" \/>\n\t<meta property=\"og:image:width\" content=\"300\" \/>\n\t<meta property=\"og:image:height\" content=\"156\" \/>\n\t<meta property=\"og:image:type\" content=\"image\/jpeg\" \/>\n<meta name=\"author\" content=\"Not\u00edcias em Destaque\" \/>\n<meta name=\"twitter:card\" content=\"summary_large_image\" \/>\n<meta name=\"twitter:label1\" content=\"Escrito por\" \/>\n\t<meta name=\"twitter:data1\" content=\"Not\u00edcias em Destaque\" \/>\n\t<meta name=\"twitter:label2\" content=\"Est. tempo de leitura\" \/>\n\t<meta name=\"twitter:data2\" content=\"4 minutos\" \/>\n<script type=\"application\/ld+json\" class=\"yoast-schema-graph\">{\"@context\":\"https:\/\/schema.org\",\"@graph\":[{\"@type\":\"Article\",\"@id\":\"https:\/\/noticiasemdestaque.com\/cd\/?p=5046#article\",\"isPartOf\":{\"@id\":\"https:\/\/noticiasemdestaque.com\/cd\/?p=5046\"},\"author\":{\"name\":\"Not\u00edcias em Destaque\",\"@id\":\"https:\/\/noticiasemdestaque.com\/cd\/#\/schema\/person\/21320b03a7e8bb90128938dafc9b908a\"},\"headline\":\"Grupo invade e destr\u00f3i canteiro de canal da Transposi\u00e7\u00e3o para a PB\",\"datePublished\":\"2017-10-09T11:31:35+00:00\",\"mainEntityOfPage\":{\"@id\":\"https:\/\/noticiasemdestaque.com\/cd\/?p=5046\"},\"wordCount\":837,\"publisher\":{\"@id\":\"https:\/\/noticiasemdestaque.com\/cd\/#organization\"},\"image\":{\"@id\":\"https:\/\/noticiasemdestaque.com\/cd\/?p=5046#primaryimage\"},\"thumbnailUrl\":\"https:\/\/noticiasemdestaque.com\/cd\/wp-content\/uploads\/2017\/10\/Transsposi\u00e7\u00e3o-300x156.jpg\",\"articleSection\":[\"Cidades\"],\"inLanguage\":\"pt-BR\"},{\"@type\":\"WebPage\",\"@id\":\"https:\/\/noticiasemdestaque.com\/cd\/?p=5046\",\"url\":\"https:\/\/noticiasemdestaque.com\/cd\/?p=5046\",\"name\":\"Grupo invade e destr\u00f3i canteiro de canal da Transposi\u00e7\u00e3o para a PB - Not&iacute;cias em Destaque\",\"isPartOf\":{\"@id\":\"https:\/\/noticiasemdestaque.com\/cd\/#website\"},\"primaryImageOfPage\":{\"@id\":\"https:\/\/noticiasemdestaque.com\/cd\/?p=5046#primaryimage\"},\"image\":{\"@id\":\"https:\/\/noticiasemdestaque.com\/cd\/?p=5046#primaryimage\"},\"thumbnailUrl\":\"https:\/\/noticiasemdestaque.com\/cd\/wp-content\/uploads\/2017\/10\/Transsposi\u00e7\u00e3o-300x156.jpg\",\"datePublished\":\"2017-10-09T11:31:35+00:00\",\"breadcrumb\":{\"@id\":\"https:\/\/noticiasemdestaque.com\/cd\/?p=5046#breadcrumb\"},\"inLanguage\":\"pt-BR\",\"potentialAction\":[{\"@type\":\"ReadAction\",\"target\":[\"https:\/\/noticiasemdestaque.com\/cd\/?p=5046\"]}]},{\"@type\":\"ImageObject\",\"inLanguage\":\"pt-BR\",\"@id\":\"https:\/\/noticiasemdestaque.com\/cd\/?p=5046#primaryimage\",\"url\":\"https:\/\/noticiasemdestaque.com\/cd\/wp-content\/uploads\/2017\/10\/Transsposi\u00e7\u00e3o-300x156.jpg\",\"contentUrl\":\"https:\/\/noticiasemdestaque.com\/cd\/wp-content\/uploads\/2017\/10\/Transsposi\u00e7\u00e3o-300x156.jpg\",\"width\":300,\"height\":156},{\"@type\":\"BreadcrumbList\",\"@id\":\"https:\/\/noticiasemdestaque.com\/cd\/?p=5046#breadcrumb\",\"itemListElement\":[{\"@type\":\"ListItem\",\"position\":1,\"name\":\"In\u00edcio\",\"item\":\"https:\/\/noticiasemdestaque.com\/cd\/\"},{\"@type\":\"ListItem\",\"position\":2,\"name\":\"Grupo invade e destr\u00f3i canteiro de canal da Transposi\u00e7\u00e3o para a PB\"}]},{\"@type\":\"WebSite\",\"@id\":\"https:\/\/noticiasemdestaque.com\/cd\/#website\",\"url\":\"https:\/\/noticiasemdestaque.com\/cd\/\",\"name\":\"Not&iacute;cias em Destaque\",\"description\":\"\",\"publisher\":{\"@id\":\"https:\/\/noticiasemdestaque.com\/cd\/#organization\"},\"potentialAction\":[{\"@type\":\"SearchAction\",\"target\":{\"@type\":\"EntryPoint\",\"urlTemplate\":\"https:\/\/noticiasemdestaque.com\/cd\/?s={search_term_string}\"},\"query-input\":{\"@type\":\"PropertyValueSpecification\",\"valueRequired\":true,\"valueName\":\"search_term_string\"}}],\"inLanguage\":\"pt-BR\"},{\"@type\":\"Organization\",\"@id\":\"https:\/\/noticiasemdestaque.com\/cd\/#organization\",\"name\":\"Not\u00edcias em Destaque\",\"url\":\"https:\/\/noticiasemdestaque.com\/cd\/\",\"logo\":{\"@type\":\"ImageObject\",\"inLanguage\":\"pt-BR\",\"@id\":\"https:\/\/noticiasemdestaque.com\/cd\/#\/schema\/logo\/image\/\",\"url\":\"https:\/\/noticiasemdestaque.com\/cd\/wp-content\/uploads\/2022\/05\/imagem-base-noticiasemdestaque.png\",\"contentUrl\":\"https:\/\/noticiasemdestaque.com\/cd\/wp-content\/uploads\/2022\/05\/imagem-base-noticiasemdestaque.png\",\"width\":1200,\"height\":630,\"caption\":\"Not\u00edcias em Destaque\"},\"image\":{\"@id\":\"https:\/\/noticiasemdestaque.com\/cd\/#\/schema\/logo\/image\/\"}},{\"@type\":\"Person\",\"@id\":\"https:\/\/noticiasemdestaque.com\/cd\/#\/schema\/person\/21320b03a7e8bb90128938dafc9b908a\",\"name\":\"Not\u00edcias em Destaque\",\"url\":\"https:\/\/noticiasemdestaque.com\/cd\/?author=2\"}]}<\/script>\n<!-- \/ Yoast SEO plugin. -->","yoast_head_json":{"title":"Grupo invade e destr\u00f3i canteiro de canal da Transposi\u00e7\u00e3o para a PB - Not&iacute;cias em Destaque","robots":{"index":"index","follow":"follow","max-snippet":"max-snippet:-1","max-image-preview":"max-image-preview:large","max-video-preview":"max-video-preview:-1"},"canonical":"https:\/\/noticiasemdestaque.com\/cd\/?p=5046","og_locale":"pt_BR","og_type":"article","og_title":"Grupo invade e destr\u00f3i canteiro de canal da Transposi\u00e7\u00e3o para a PB - Not&iacute;cias em Destaque","og_description":"O Minist\u00e9rio da Integra\u00e7\u00e3o Nacional denunciou, neste domingo (8), depreda\u00e7\u00e3o ao Eixo Norte do Canal da Transposi\u00e7\u00e3o que vai trazer \u00e1gua do Rio S\u00e3o Francisco a Para\u00edba. De acordo com nota do Minist\u00e9rio da Integra\u00e7\u00e3o,\u00a0 incidente aconteceu em um canteiro de obras na cidade de Salgueiro-PE. O local foi invadido e um grupo de pessoas que destru\u00edram as mangueiras da comporta de um reservat\u00f3rio. O Minist\u00e9rio suspeita que os danos foram causados por comerciantes e credores da empresa que est\u00e1 realizando a obra. Um Boletim de Ocorr\u00eancia foi registrado. Tamb\u00e9m h\u00e1 relatos de v\u00e1rias amea\u00e7as verbais e agressivas. Confira nota\u00a0 1) Na \u00faltima sexta-feira (6\/10), um grupo de pessoas invadiu e depredou instala\u00e7\u00f5es do canteiro das obras de constru\u00e7\u00e3o do Trecho N1 do Eixo Norte do Projeto de Integra\u00e7\u00e3o do Rio S\u00e3o Francisco. O incidente aconteceu no munic\u00edpio de Salgueiro (PE). Foram identificados danos nas mangueiras das comportas do Reservat\u00f3rio de Tucutu. Mais cedo, ainda na sexta-feira, a estrutura de controle do reservat\u00f3rio j\u00e1 havia sido danificada por picha\u00e7\u00e3o (fotos anexas). A suspeita \u00e9 de que as depreda\u00e7\u00f5es tenham sido feitas por comerciantes e credores da Mendes Jr, empresa que havia sido contratada para a obra, mas que n\u00e3o a concluiu; 2) Esse ato criminoso p\u00f5e em risco o abastecimento de pelo menos tr\u00eas mil pessoas em cerca de 17 comunidades que poder\u00e3o vir a ser favorecidas pela chegada da \u00e1gua no Reservat\u00f3rio de Terra Nova, seguinte ao de Tucutu; 3) A administra\u00e7\u00e3o da construtora Emsa \u2013 l\u00edder do cons\u00f3rcio que venceu a disputa para completar as obras do trecho N1 \u2013 registrou um Boletim de Ocorr\u00eancia (em anexo) denunciando e informando os acontecimentos \u00e0s autoridades policiais e a exist\u00eancia de amea\u00e7as contra a integridade f\u00edsica de seus empregados; 4) H\u00e1 suspeitas de que a depreda\u00e7\u00e3o possa ter sido liderada por comerciantes da regi\u00e3o, que cobram d\u00edvidas da Construtora Mendes Jr. Segundo os credores, os d\u00e9bitos s\u00e3o da ordem de R$ 24 milh\u00f5es. A empreiteira era a respons\u00e1vel pelas obras de implanta\u00e7\u00e3o do trecho N1, mas foi obrigada a se afastar da obra ap\u00f3s ter sido considerada inid\u00f4nea pela CGU por estar envolvida nas investiga\u00e7\u00f5es da Opera\u00e7\u00e3o Lava Jato; 5) O Minist\u00e9rio da Integra\u00e7\u00e3o Nacional destaca que n\u00e3o h\u00e1 passivos seus em rela\u00e7\u00e3o \u00e0 empresa Mendes Jr. Ao contr\u00e1rio: a empresa \u00e9 que tem d\u00edvidas pendentes com a Pasta, referentes a multas por readequa\u00e7\u00e3o de pre\u00e7os e a penalidades contratuais. Os valores totais das d\u00edvidas da Mendes Jr. com o Minist\u00e9rio da Integra\u00e7\u00e3o superam os R$ 200 milh\u00f5es; 6) Os d\u00e9bitos da Mendes Jr. com os comerciantes da regi\u00e3o referem-se a uma rela\u00e7\u00e3o contratual entre empresas privadas. Pela legisla\u00e7\u00e3o em vigor, o Minist\u00e9rio da Integra\u00e7\u00e3o Nacional est\u00e1 impedido de saldar d\u00edvidas da construtora com seus fornecedores. Os pagamentos aos fornecedores e comerciantes da regi\u00e3o devem, assim, ser quitados pela empresa Mendes Jr., que foi a respons\u00e1vel pela contrata\u00e7\u00e3o dos servi\u00e7os e aquisi\u00e7\u00e3o dos materiais; 7) Ainda assim, sempre na tentativa de buscar uma solu\u00e7\u00e3o para a quest\u00e3o e mediar um acordo entre as partes, a equipe do Minist\u00e9rio da Integra\u00e7\u00e3o manteve reuni\u00f5es tanto com a construtora como com os credores. Mas, at\u00e9 o momento, nenhum acordo foi fechado; 8) Na quinta-feira (5), a Coordenadoria-Geral de Acompanhamento de Obras e Fiscaliza\u00e7\u00e3o do Projeto de Integra\u00e7\u00e3o do Rio S\u00e3o Francisco comunicou \u00e0 Secretaria de Infraestrutura H\u00eddrica do Minist\u00e9rio da Integra\u00e7\u00e3o Nacional a exist\u00eancia de amea\u00e7as de credores da Mendes Jr. a funcion\u00e1rios do Minist\u00e9rio e do cons\u00f3rcio construtor que toca conclus\u00e3o das obras; 9) As amea\u00e7as verbais s\u00e3o frequentes e agressivas. Se referem \u00e0 inten\u00e7\u00e3o de fechar o pr\u00e9dio onde funciona a Coordena\u00e7\u00e3o do Eixo Norte e a Gerenciadora, instalados em Salgueiro (PE); invadir e paralisar o canteiro da empreiteira Emsa, assim como das suas subcontratadas; fechar a BR 116 no trecho em frente aos escrit\u00f3rios da Coordena\u00e7\u00e3o; e depredar o canal e as obras em funcionamento. Existem \u00e1udios comprobat\u00f3rios de tais amea\u00e7as \u2013 ainda sem identifica\u00e7\u00e3o dos autores. 10) Devido aos danos nas mangueiras, foi verificado vazamento de \u00f3leo no Reservat\u00f3rio de Tucutu. Para garantir a seguran\u00e7a das pessoas e da estrutura, as equipes t\u00e9cnicas do Minist\u00e9rio optaram por fechar a comporta respons\u00e1vel pela passagem da \u00e1gua do Rio S\u00e3o Francisco para os canais subsequentes; 11) No momento, o Minist\u00e9rio da Integra\u00e7\u00e3o analisa as medidas legais cab\u00edveis; 12) A Pasta tamb\u00e9m est\u00e1 avaliando todos os preju\u00edzos causados para que as comportas sejam reabertas o mais r\u00e1pido poss\u00edvel. Fonte: MaisPB","og_url":"https:\/\/noticiasemdestaque.com\/cd\/?p=5046","og_site_name":"Not&iacute;cias em Destaque","article_published_time":"2017-10-09T11:31:35+00:00","og_image":[{"width":300,"height":156,"url":"https:\/\/noticiasemdestaque.com\/cd\/wp-content\/uploads\/2017\/10\/Transsposi\u00e7\u00e3o-300x156.jpg","type":"image\/jpeg"}],"author":"Not\u00edcias em Destaque","twitter_card":"summary_large_image","twitter_misc":{"Escrito por":"Not\u00edcias em Destaque","Est. tempo de leitura":"4 minutos"},"schema":{"@context":"https:\/\/schema.org","@graph":[{"@type":"Article","@id":"https:\/\/noticiasemdestaque.com\/cd\/?p=5046#article","isPartOf":{"@id":"https:\/\/noticiasemdestaque.com\/cd\/?p=5046"},"author":{"name":"Not\u00edcias em Destaque","@id":"https:\/\/noticiasemdestaque.com\/cd\/#\/schema\/person\/21320b03a7e8bb90128938dafc9b908a"},"headline":"Grupo invade e destr\u00f3i canteiro de canal da Transposi\u00e7\u00e3o para a PB","datePublished":"2017-10-09T11:31:35+00:00","mainEntityOfPage":{"@id":"https:\/\/noticiasemdestaque.com\/cd\/?p=5046"},"wordCount":837,"publisher":{"@id":"https:\/\/noticiasemdestaque.com\/cd\/#organization"},"image":{"@id":"https:\/\/noticiasemdestaque.com\/cd\/?p=5046#primaryimage"},"thumbnailUrl":"https:\/\/noticiasemdestaque.com\/cd\/wp-content\/uploads\/2017\/10\/Transsposi\u00e7\u00e3o-300x156.jpg","articleSection":["Cidades"],"inLanguage":"pt-BR"},{"@type":"WebPage","@id":"https:\/\/noticiasemdestaque.com\/cd\/?p=5046","url":"https:\/\/noticiasemdestaque.com\/cd\/?p=5046","name":"Grupo invade e destr\u00f3i canteiro de canal da Transposi\u00e7\u00e3o para a PB - Not&iacute;cias em Destaque","isPartOf":{"@id":"https:\/\/noticiasemdestaque.com\/cd\/#website"},"primaryImageOfPage":{"@id":"https:\/\/noticiasemdestaque.com\/cd\/?p=5046#primaryimage"},"image":{"@id":"https:\/\/noticiasemdestaque.com\/cd\/?p=5046#primaryimage"},"thumbnailUrl":"https:\/\/noticiasemdestaque.com\/cd\/wp-content\/uploads\/2017\/10\/Transsposi\u00e7\u00e3o-300x156.jpg","datePublished":"2017-10-09T11:31:35+00:00","breadcrumb":{"@id":"https:\/\/noticiasemdestaque.com\/cd\/?p=5046#breadcrumb"},"inLanguage":"pt-BR","potentialAction":[{"@type":"ReadAction","target":["https:\/\/noticiasemdestaque.com\/cd\/?p=5046"]}]},{"@type":"ImageObject","inLanguage":"pt-BR","@id":"https:\/\/noticiasemdestaque.com\/cd\/?p=5046#primaryimage","url":"https:\/\/noticiasemdestaque.com\/cd\/wp-content\/uploads\/2017\/10\/Transsposi\u00e7\u00e3o-300x156.jpg","contentUrl":"https:\/\/noticiasemdestaque.com\/cd\/wp-content\/uploads\/2017\/10\/Transsposi\u00e7\u00e3o-300x156.jpg","width":300,"height":156},{"@type":"BreadcrumbList","@id":"https:\/\/noticiasemdestaque.com\/cd\/?p=5046#breadcrumb","itemListElement":[{"@type":"ListItem","position":1,"name":"In\u00edcio","item":"https:\/\/noticiasemdestaque.com\/cd\/"},{"@type":"ListItem","position":2,"name":"Grupo invade e destr\u00f3i canteiro de canal da Transposi\u00e7\u00e3o para a PB"}]},{"@type":"WebSite","@id":"https:\/\/noticiasemdestaque.com\/cd\/#website","url":"https:\/\/noticiasemdestaque.com\/cd\/","name":"Not&iacute;cias em Destaque","description":"","publisher":{"@id":"https:\/\/noticiasemdestaque.com\/cd\/#organization"},"potentialAction":[{"@type":"SearchAction","target":{"@type":"EntryPoint","urlTemplate":"https:\/\/noticiasemdestaque.com\/cd\/?s={search_term_string}"},"query-input":{"@type":"PropertyValueSpecification","valueRequired":true,"valueName":"search_term_string"}}],"inLanguage":"pt-BR"},{"@type":"Organization","@id":"https:\/\/noticiasemdestaque.com\/cd\/#organization","name":"Not\u00edcias em Destaque","url":"https:\/\/noticiasemdestaque.com\/cd\/","logo":{"@type":"ImageObject","inLanguage":"pt-BR","@id":"https:\/\/noticiasemdestaque.com\/cd\/#\/schema\/logo\/image\/","url":"https:\/\/noticiasemdestaque.com\/cd\/wp-content\/uploads\/2022\/05\/imagem-base-noticiasemdestaque.png","contentUrl":"https:\/\/noticiasemdestaque.com\/cd\/wp-content\/uploads\/2022\/05\/imagem-base-noticiasemdestaque.png","width":1200,"height":630,"caption":"Not\u00edcias em Destaque"},"image":{"@id":"https:\/\/noticiasemdestaque.com\/cd\/#\/schema\/logo\/image\/"}},{"@type":"Person","@id":"https:\/\/noticiasemdestaque.com\/cd\/#\/schema\/person\/21320b03a7e8bb90128938dafc9b908a","name":"Not\u00edcias em Destaque","url":"https:\/\/noticiasemdestaque.com\/cd\/?author=2"}]}},"jetpack_featured_media_url":"https:\/\/noticiasemdestaque.com\/cd\/wp-content\/uploads\/2017\/10\/Transsposi\u00e7\u00e3o-300x156.jpg","jetpack_sharing_enabled":true,"_links":{"self":[{"href":"https:\/\/noticiasemdestaque.com\/cd\/index.php?rest_route=\/wp\/v2\/posts\/5046","targetHints":{"allow":["GET"]}}],"collection":[{"href":"https:\/\/noticiasemdestaque.com\/cd\/index.php?rest_route=\/wp\/v2\/posts"}],"about":[{"href":"https:\/\/noticiasemdestaque.com\/cd\/index.php?rest_route=\/wp\/v2\/types\/post"}],"author":[{"embeddable":true,"href":"https:\/\/noticiasemdestaque.com\/cd\/index.php?rest_route=\/wp\/v2\/users\/2"}],"replies":[{"embeddable":true,"href":"https:\/\/noticiasemdestaque.com\/cd\/index.php?rest_route=%2Fwp%2Fv2%2Fcomments&post=5046"}],"version-history":[{"count":1,"href":"https:\/\/noticiasemdestaque.com\/cd\/index.php?rest_route=\/wp\/v2\/posts\/5046\/revisions"}],"predecessor-version":[{"id":5048,"href":"https:\/\/noticiasemdestaque.com\/cd\/index.php?rest_route=\/wp\/v2\/posts\/5046\/revisions\/5048"}],"wp:featuredmedia":[{"embeddable":true,"href":"https:\/\/noticiasemdestaque.com\/cd\/index.php?rest_route=\/wp\/v2\/media\/5047"}],"wp:attachment":[{"href":"https:\/\/noticiasemdestaque.com\/cd\/index.php?rest_route=%2Fwp%2Fv2%2Fmedia&parent=5046"}],"wp:term":[{"taxonomy":"category","embeddable":true,"href":"https:\/\/noticiasemdestaque.com\/cd\/index.php?rest_route=%2Fwp%2Fv2%2Fcategories&post=5046"},{"taxonomy":"post_tag","embeddable":true,"href":"https:\/\/noticiasemdestaque.com\/cd\/index.php?rest_route=%2Fwp%2Fv2%2Ftags&post=5046"}],"curies":[{"name":"wp","href":"https:\/\/api.w.org\/{rel}","templated":true}]}}