{"id":50364,"date":"2023-07-26T17:39:34","date_gmt":"2023-07-26T20:39:34","guid":{"rendered":"https:\/\/noticiasemdestaque.com\/cd\/?p=50364"},"modified":"2023-07-26T17:39:34","modified_gmt":"2023-07-26T20:39:34","slug":"prefeito-de-sao-jose-dos-cordeiros-se-reune-com-equipe-de-secretarios-para-discutir-festival-do-mel-e-metas-administrativas","status":"publish","type":"post","link":"https:\/\/noticiasemdestaque.com\/cd\/?p=50364","title":{"rendered":"Prefeito de S\u00e3o Jos\u00e9 dos Cordeiros se re\u00fane com equipe de secret\u00e1rios para discutir Festival do Mel e metas administrativas"},"content":{"rendered":"<p><a href=\"https:\/\/noticiasemdestaque.com\/cd\/wp-content\/uploads\/2023\/07\/Prefeito-de-Sao-Jose-dos-Cordeiros-se-reune-com-equipe-de-secretarios-para-discutir-Festival-do-Mel-e-metas-administrativas.webp\"><img fetchpriority=\"high\" decoding=\"async\" class=\"wp-image-50366 aligncenter\" src=\"https:\/\/noticiasemdestaque.com\/cd\/wp-content\/uploads\/2023\/07\/Prefeito-de-Sao-Jose-dos-Cordeiros-se-reune-com-equipe-de-secretarios-para-discutir-Festival-do-Mel-e-metas-administrativas-300x200.webp\" alt=\"\" width=\"1551\" height=\"1034\" srcset=\"https:\/\/noticiasemdestaque.com\/cd\/wp-content\/uploads\/2023\/07\/Prefeito-de-Sao-Jose-dos-Cordeiros-se-reune-com-equipe-de-secretarios-para-discutir-Festival-do-Mel-e-metas-administrativas-300x200.webp 300w, https:\/\/noticiasemdestaque.com\/cd\/wp-content\/uploads\/2023\/07\/Prefeito-de-Sao-Jose-dos-Cordeiros-se-reune-com-equipe-de-secretarios-para-discutir-Festival-do-Mel-e-metas-administrativas-1024x683.webp 1024w, https:\/\/noticiasemdestaque.com\/cd\/wp-content\/uploads\/2023\/07\/Prefeito-de-Sao-Jose-dos-Cordeiros-se-reune-com-equipe-de-secretarios-para-discutir-Festival-do-Mel-e-metas-administrativas-768x512.webp 768w, https:\/\/noticiasemdestaque.com\/cd\/wp-content\/uploads\/2023\/07\/Prefeito-de-Sao-Jose-dos-Cordeiros-se-reune-com-equipe-de-secretarios-para-discutir-Festival-do-Mel-e-metas-administrativas-18x12.webp 18w, https:\/\/noticiasemdestaque.com\/cd\/wp-content\/uploads\/2023\/07\/Prefeito-de-Sao-Jose-dos-Cordeiros-se-reune-com-equipe-de-secretarios-para-discutir-Festival-do-Mel-e-metas-administrativas.webp 1140w\" sizes=\"(max-width: 1551px) 100vw, 1551px\" \/><\/a><\/p>\n<p>Nesta ter\u00e7a-feira (25), o prefeito de S\u00e3o Jos\u00e9 dos Cordeiros, Fel\u00edcio Queiroz, realizou mais uma importante reuni\u00e3o com sua equipe de secret\u00e1rios municipais. O encontro teve como pauta principal o empenho, a uni\u00e3o e os esfor\u00e7os necess\u00e1rios para a realiza\u00e7\u00e3o do Festival do Mel, evento de grande relev\u00e2ncia no calend\u00e1rio do munic\u00edpio. Al\u00e9m disso, foram abordadas quest\u00f5es administrativas e tra\u00e7adas novas metas para ampliar as a\u00e7\u00f5es em benef\u00edcio da popula\u00e7\u00e3o.<\/p>\n<p>O Festival do Mel \u00e9 uma celebra\u00e7\u00e3o tradicional e aguardada pelos cordeirenses, destacando-se como uma das principais festividades do munic\u00edpio. Por esse motivo, a reuni\u00e3o com os secret\u00e1rios teve o objetivo de discutir estrat\u00e9gias para garantir o sucesso do evento, bem como para potencializar seu impacto positivo na economia local e no fortalecimento da cultura e do turismo da regi\u00e3o.<\/p>\n<p>Al\u00e9m disso, durante o encontro, o prefeito Fel\u00edcio Queiroz e sua equipe tamb\u00e9m abordaram quest\u00f5es administrativas importantes, buscando otimizar os processos internos da gest\u00e3o municipal e aprimorar os servi\u00e7os prestados \u00e0 popula\u00e7\u00e3o. Foi um momento de alinhamento de ideias e de busca de solu\u00e7\u00f5es para os desafios enfrentados pelo munic\u00edpio.<\/p>\n<p>O prefeito ressaltou a import\u00e2ncia da uni\u00e3o e do empenho de todos os membros da equipe para que os objetivos sejam alcan\u00e7ados. Com boas estrat\u00e9gias de gest\u00e3o p\u00fablica, a administra\u00e7\u00e3o municipal busca sempre caminhar rumo ao desenvolvimento da cidade, buscando oferecer cada vez mais a\u00e7\u00f5es e projetos que beneficiem o povo de S\u00e3o Jos\u00e9 dos Cordeiros.<\/p>\n<p>Com essa determina\u00e7\u00e3o e trabalho conjunto, o prefeito Fel\u00edcio Queiroz e sua equipe seguem empenhados em promover o progresso e a melhoria cont\u00ednua do munic\u00edpio, visando sempre oferecer o melhor para a popula\u00e7\u00e3o de S\u00e3o Jos\u00e9 dos Cordeiros.<\/p>\n<p><strong>Noticias em Destaque<\/strong><\/p>\n<p style=\"text-align: right;\"><em>Fonte: Blog do Bruno Lira<\/em><\/p>\n","protected":false},"excerpt":{"rendered":"<p>Nesta ter\u00e7a-feira (25), o prefeito de S\u00e3o Jos\u00e9 dos Cordeiros, Fel\u00edcio Queiroz, realizou mais uma importante reuni\u00e3o com sua equipe de secret\u00e1rios municipais. O encontro teve como pauta principal o empenho, a uni\u00e3o e os esfor\u00e7os necess\u00e1rios para a realiza\u00e7\u00e3o do Festival do Mel, evento de grande relev\u00e2ncia no calend\u00e1rio do munic\u00edpio. Al\u00e9m disso, foram abordadas quest\u00f5es administrativas e tra\u00e7adas novas metas para ampliar as a\u00e7\u00f5es em benef\u00edcio da popula\u00e7\u00e3o. O Festival do Mel \u00e9 uma celebra\u00e7\u00e3o tradicional e aguardada pelos cordeirenses, destacando-se como uma das principais festividades do munic\u00edpio. Por esse motivo, a reuni\u00e3o com os secret\u00e1rios teve o objetivo de discutir estrat\u00e9gias para garantir o sucesso do evento, bem como para potencializar seu impacto positivo na economia local e no fortalecimento da cultura e do turismo da regi\u00e3o. Al\u00e9m disso, durante o encontro, o prefeito Fel\u00edcio Queiroz e sua equipe tamb\u00e9m abordaram quest\u00f5es administrativas importantes, buscando otimizar os processos internos da gest\u00e3o municipal e aprimorar os servi\u00e7os prestados \u00e0 popula\u00e7\u00e3o. Foi um momento de alinhamento de ideias e de busca de solu\u00e7\u00f5es para os desafios enfrentados pelo munic\u00edpio. O prefeito ressaltou a import\u00e2ncia da uni\u00e3o e do empenho de todos os membros da equipe para que os objetivos sejam alcan\u00e7ados. Com boas estrat\u00e9gias de gest\u00e3o p\u00fablica, a administra\u00e7\u00e3o municipal busca sempre caminhar rumo ao desenvolvimento da cidade, buscando oferecer cada vez mais a\u00e7\u00f5es e projetos que beneficiem o povo de S\u00e3o Jos\u00e9 dos Cordeiros. Com essa determina\u00e7\u00e3o e trabalho conjunto, o prefeito Fel\u00edcio Queiroz e sua equipe seguem empenhados em promover o progresso e a melhoria cont\u00ednua do munic\u00edpio, visando sempre oferecer o melhor para a popula\u00e7\u00e3o de S\u00e3o Jos\u00e9 dos Cordeiros. Noticias em Destaque Fonte: Blog do Bruno Lira<\/p>\n","protected":false},"author":2,"featured_media":50366,"comment_status":"closed","ping_status":"open","sticky":false,"template":"","format":"standard","meta":{"_eb_attr":"","_jetpack_memberships_contains_paid_content":false,"footnotes":""},"categories":[3],"tags":[],"class_list":["post-50364","post","type-post","status-publish","format-standard","has-post-thumbnail","hentry","category-cidades"],"yoast_head":"<!-- This site is optimized with the Yoast SEO plugin v26.5 - https:\/\/yoast.com\/wordpress\/plugins\/seo\/ -->\n<title>Prefeito de S\u00e3o Jos\u00e9 dos Cordeiros se re\u00fane com equipe de secret\u00e1rios para discutir Festival do Mel e metas administrativas - Not&iacute;cias em Destaque<\/title>\n<meta name=\"robots\" content=\"index, follow, max-snippet:-1, max-image-preview:large, max-video-preview:-1\" \/>\n<link rel=\"canonical\" href=\"https:\/\/noticiasemdestaque.com\/cd\/?p=50364\" \/>\n<meta property=\"og:locale\" content=\"pt_BR\" \/>\n<meta property=\"og:type\" content=\"article\" \/>\n<meta property=\"og:title\" content=\"Prefeito de S\u00e3o Jos\u00e9 dos Cordeiros se re\u00fane com equipe de secret\u00e1rios para discutir Festival do Mel e metas administrativas - Not&iacute;cias em Destaque\" \/>\n<meta property=\"og:description\" content=\"Nesta ter\u00e7a-feira (25), o prefeito de S\u00e3o Jos\u00e9 dos Cordeiros, Fel\u00edcio Queiroz, realizou mais uma importante reuni\u00e3o com sua equipe de secret\u00e1rios municipais. O encontro teve como pauta principal o empenho, a uni\u00e3o e os esfor\u00e7os necess\u00e1rios para a realiza\u00e7\u00e3o do Festival do Mel, evento de grande relev\u00e2ncia no calend\u00e1rio do munic\u00edpio. Al\u00e9m disso, foram abordadas quest\u00f5es administrativas e tra\u00e7adas novas metas para ampliar as a\u00e7\u00f5es em benef\u00edcio da popula\u00e7\u00e3o. O Festival do Mel \u00e9 uma celebra\u00e7\u00e3o tradicional e aguardada pelos cordeirenses, destacando-se como uma das principais festividades do munic\u00edpio. Por esse motivo, a reuni\u00e3o com os secret\u00e1rios teve o objetivo de discutir estrat\u00e9gias para garantir o sucesso do evento, bem como para potencializar seu impacto positivo na economia local e no fortalecimento da cultura e do turismo da regi\u00e3o. Al\u00e9m disso, durante o encontro, o prefeito Fel\u00edcio Queiroz e sua equipe tamb\u00e9m abordaram quest\u00f5es administrativas importantes, buscando otimizar os processos internos da gest\u00e3o municipal e aprimorar os servi\u00e7os prestados \u00e0 popula\u00e7\u00e3o. Foi um momento de alinhamento de ideias e de busca de solu\u00e7\u00f5es para os desafios enfrentados pelo munic\u00edpio. O prefeito ressaltou a import\u00e2ncia da uni\u00e3o e do empenho de todos os membros da equipe para que os objetivos sejam alcan\u00e7ados. Com boas estrat\u00e9gias de gest\u00e3o p\u00fablica, a administra\u00e7\u00e3o municipal busca sempre caminhar rumo ao desenvolvimento da cidade, buscando oferecer cada vez mais a\u00e7\u00f5es e projetos que beneficiem o povo de S\u00e3o Jos\u00e9 dos Cordeiros. Com essa determina\u00e7\u00e3o e trabalho conjunto, o prefeito Fel\u00edcio Queiroz e sua equipe seguem empenhados em promover o progresso e a melhoria cont\u00ednua do munic\u00edpio, visando sempre oferecer o melhor para a popula\u00e7\u00e3o de S\u00e3o Jos\u00e9 dos Cordeiros. Noticias em Destaque Fonte: Blog do Bruno Lira\" \/>\n<meta property=\"og:url\" content=\"https:\/\/noticiasemdestaque.com\/cd\/?p=50364\" \/>\n<meta property=\"og:site_name\" content=\"Not&iacute;cias em Destaque\" \/>\n<meta property=\"article:published_time\" content=\"2023-07-26T20:39:34+00:00\" \/>\n<meta property=\"og:image\" content=\"https:\/\/noticiasemdestaque.com\/cd\/wp-content\/uploads\/2023\/07\/Prefeito-de-Sao-Jose-dos-Cordeiros-se-reune-com-equipe-de-secretarios-para-discutir-Festival-do-Mel-e-metas-administrativas.webp\" \/>\n\t<meta property=\"og:image:width\" content=\"1140\" \/>\n\t<meta property=\"og:image:height\" content=\"760\" \/>\n\t<meta property=\"og:image:type\" content=\"image\/webp\" \/>\n<meta name=\"author\" content=\"Not\u00edcias em Destaque\" \/>\n<meta name=\"twitter:card\" content=\"summary_large_image\" \/>\n<meta name=\"twitter:label1\" content=\"Escrito por\" \/>\n\t<meta name=\"twitter:data1\" content=\"Not\u00edcias em Destaque\" \/>\n\t<meta name=\"twitter:label2\" content=\"Est. tempo de leitura\" \/>\n\t<meta name=\"twitter:data2\" content=\"2 minutos\" \/>\n<script type=\"application\/ld+json\" class=\"yoast-schema-graph\">{\"@context\":\"https:\/\/schema.org\",\"@graph\":[{\"@type\":\"Article\",\"@id\":\"https:\/\/noticiasemdestaque.com\/cd\/?p=50364#article\",\"isPartOf\":{\"@id\":\"https:\/\/noticiasemdestaque.com\/cd\/?p=50364\"},\"author\":{\"name\":\"Not\u00edcias em Destaque\",\"@id\":\"https:\/\/noticiasemdestaque.com\/cd\/#\/schema\/person\/21320b03a7e8bb90128938dafc9b908a\"},\"headline\":\"Prefeito de S\u00e3o Jos\u00e9 dos Cordeiros se re\u00fane com equipe de secret\u00e1rios para discutir Festival do Mel e metas administrativas\",\"datePublished\":\"2023-07-26T20:39:34+00:00\",\"mainEntityOfPage\":{\"@id\":\"https:\/\/noticiasemdestaque.com\/cd\/?p=50364\"},\"wordCount\":350,\"publisher\":{\"@id\":\"https:\/\/noticiasemdestaque.com\/cd\/#organization\"},\"image\":{\"@id\":\"https:\/\/noticiasemdestaque.com\/cd\/?p=50364#primaryimage\"},\"thumbnailUrl\":\"https:\/\/noticiasemdestaque.com\/cd\/wp-content\/uploads\/2023\/07\/Prefeito-de-Sao-Jose-dos-Cordeiros-se-reune-com-equipe-de-secretarios-para-discutir-Festival-do-Mel-e-metas-administrativas.webp\",\"articleSection\":[\"Cidades\"],\"inLanguage\":\"pt-BR\"},{\"@type\":\"WebPage\",\"@id\":\"https:\/\/noticiasemdestaque.com\/cd\/?p=50364\",\"url\":\"https:\/\/noticiasemdestaque.com\/cd\/?p=50364\",\"name\":\"Prefeito de S\u00e3o Jos\u00e9 dos Cordeiros se re\u00fane com equipe de secret\u00e1rios para discutir Festival do Mel e metas administrativas - Not&iacute;cias em Destaque\",\"isPartOf\":{\"@id\":\"https:\/\/noticiasemdestaque.com\/cd\/#website\"},\"primaryImageOfPage\":{\"@id\":\"https:\/\/noticiasemdestaque.com\/cd\/?p=50364#primaryimage\"},\"image\":{\"@id\":\"https:\/\/noticiasemdestaque.com\/cd\/?p=50364#primaryimage\"},\"thumbnailUrl\":\"https:\/\/noticiasemdestaque.com\/cd\/wp-content\/uploads\/2023\/07\/Prefeito-de-Sao-Jose-dos-Cordeiros-se-reune-com-equipe-de-secretarios-para-discutir-Festival-do-Mel-e-metas-administrativas.webp\",\"datePublished\":\"2023-07-26T20:39:34+00:00\",\"breadcrumb\":{\"@id\":\"https:\/\/noticiasemdestaque.com\/cd\/?p=50364#breadcrumb\"},\"inLanguage\":\"pt-BR\",\"potentialAction\":[{\"@type\":\"ReadAction\",\"target\":[\"https:\/\/noticiasemdestaque.com\/cd\/?p=50364\"]}]},{\"@type\":\"ImageObject\",\"inLanguage\":\"pt-BR\",\"@id\":\"https:\/\/noticiasemdestaque.com\/cd\/?p=50364#primaryimage\",\"url\":\"https:\/\/noticiasemdestaque.com\/cd\/wp-content\/uploads\/2023\/07\/Prefeito-de-Sao-Jose-dos-Cordeiros-se-reune-com-equipe-de-secretarios-para-discutir-Festival-do-Mel-e-metas-administrativas.webp\",\"contentUrl\":\"https:\/\/noticiasemdestaque.com\/cd\/wp-content\/uploads\/2023\/07\/Prefeito-de-Sao-Jose-dos-Cordeiros-se-reune-com-equipe-de-secretarios-para-discutir-Festival-do-Mel-e-metas-administrativas.webp\",\"width\":1140,\"height\":760},{\"@type\":\"BreadcrumbList\",\"@id\":\"https:\/\/noticiasemdestaque.com\/cd\/?p=50364#breadcrumb\",\"itemListElement\":[{\"@type\":\"ListItem\",\"position\":1,\"name\":\"In\u00edcio\",\"item\":\"https:\/\/noticiasemdestaque.com\/cd\/\"},{\"@type\":\"ListItem\",\"position\":2,\"name\":\"Prefeito de S\u00e3o Jos\u00e9 dos Cordeiros se re\u00fane com equipe de secret\u00e1rios para discutir Festival do Mel e metas administrativas\"}]},{\"@type\":\"WebSite\",\"@id\":\"https:\/\/noticiasemdestaque.com\/cd\/#website\",\"url\":\"https:\/\/noticiasemdestaque.com\/cd\/\",\"name\":\"Not&iacute;cias em Destaque\",\"description\":\"\",\"publisher\":{\"@id\":\"https:\/\/noticiasemdestaque.com\/cd\/#organization\"},\"potentialAction\":[{\"@type\":\"SearchAction\",\"target\":{\"@type\":\"EntryPoint\",\"urlTemplate\":\"https:\/\/noticiasemdestaque.com\/cd\/?s={search_term_string}\"},\"query-input\":{\"@type\":\"PropertyValueSpecification\",\"valueRequired\":true,\"valueName\":\"search_term_string\"}}],\"inLanguage\":\"pt-BR\"},{\"@type\":\"Organization\",\"@id\":\"https:\/\/noticiasemdestaque.com\/cd\/#organization\",\"name\":\"Not\u00edcias em Destaque\",\"url\":\"https:\/\/noticiasemdestaque.com\/cd\/\",\"logo\":{\"@type\":\"ImageObject\",\"inLanguage\":\"pt-BR\",\"@id\":\"https:\/\/noticiasemdestaque.com\/cd\/#\/schema\/logo\/image\/\",\"url\":\"https:\/\/noticiasemdestaque.com\/cd\/wp-content\/uploads\/2022\/05\/imagem-base-noticiasemdestaque.png\",\"contentUrl\":\"https:\/\/noticiasemdestaque.com\/cd\/wp-content\/uploads\/2022\/05\/imagem-base-noticiasemdestaque.png\",\"width\":1200,\"height\":630,\"caption\":\"Not\u00edcias em Destaque\"},\"image\":{\"@id\":\"https:\/\/noticiasemdestaque.com\/cd\/#\/schema\/logo\/image\/\"}},{\"@type\":\"Person\",\"@id\":\"https:\/\/noticiasemdestaque.com\/cd\/#\/schema\/person\/21320b03a7e8bb90128938dafc9b908a\",\"name\":\"Not\u00edcias em Destaque\",\"url\":\"https:\/\/noticiasemdestaque.com\/cd\/?author=2\"}]}<\/script>\n<!-- \/ Yoast SEO plugin. -->","yoast_head_json":{"title":"Prefeito de S\u00e3o Jos\u00e9 dos Cordeiros se re\u00fane com equipe de secret\u00e1rios para discutir Festival do Mel e metas administrativas - Not&iacute;cias em Destaque","robots":{"index":"index","follow":"follow","max-snippet":"max-snippet:-1","max-image-preview":"max-image-preview:large","max-video-preview":"max-video-preview:-1"},"canonical":"https:\/\/noticiasemdestaque.com\/cd\/?p=50364","og_locale":"pt_BR","og_type":"article","og_title":"Prefeito de S\u00e3o Jos\u00e9 dos Cordeiros se re\u00fane com equipe de secret\u00e1rios para discutir Festival do Mel e metas administrativas - Not&iacute;cias em Destaque","og_description":"Nesta ter\u00e7a-feira (25), o prefeito de S\u00e3o Jos\u00e9 dos Cordeiros, Fel\u00edcio Queiroz, realizou mais uma importante reuni\u00e3o com sua equipe de secret\u00e1rios municipais. O encontro teve como pauta principal o empenho, a uni\u00e3o e os esfor\u00e7os necess\u00e1rios para a realiza\u00e7\u00e3o do Festival do Mel, evento de grande relev\u00e2ncia no calend\u00e1rio do munic\u00edpio. Al\u00e9m disso, foram abordadas quest\u00f5es administrativas e tra\u00e7adas novas metas para ampliar as a\u00e7\u00f5es em benef\u00edcio da popula\u00e7\u00e3o. O Festival do Mel \u00e9 uma celebra\u00e7\u00e3o tradicional e aguardada pelos cordeirenses, destacando-se como uma das principais festividades do munic\u00edpio. Por esse motivo, a reuni\u00e3o com os secret\u00e1rios teve o objetivo de discutir estrat\u00e9gias para garantir o sucesso do evento, bem como para potencializar seu impacto positivo na economia local e no fortalecimento da cultura e do turismo da regi\u00e3o. Al\u00e9m disso, durante o encontro, o prefeito Fel\u00edcio Queiroz e sua equipe tamb\u00e9m abordaram quest\u00f5es administrativas importantes, buscando otimizar os processos internos da gest\u00e3o municipal e aprimorar os servi\u00e7os prestados \u00e0 popula\u00e7\u00e3o. Foi um momento de alinhamento de ideias e de busca de solu\u00e7\u00f5es para os desafios enfrentados pelo munic\u00edpio. O prefeito ressaltou a import\u00e2ncia da uni\u00e3o e do empenho de todos os membros da equipe para que os objetivos sejam alcan\u00e7ados. Com boas estrat\u00e9gias de gest\u00e3o p\u00fablica, a administra\u00e7\u00e3o municipal busca sempre caminhar rumo ao desenvolvimento da cidade, buscando oferecer cada vez mais a\u00e7\u00f5es e projetos que beneficiem o povo de S\u00e3o Jos\u00e9 dos Cordeiros. Com essa determina\u00e7\u00e3o e trabalho conjunto, o prefeito Fel\u00edcio Queiroz e sua equipe seguem empenhados em promover o progresso e a melhoria cont\u00ednua do munic\u00edpio, visando sempre oferecer o melhor para a popula\u00e7\u00e3o de S\u00e3o Jos\u00e9 dos Cordeiros. Noticias em Destaque Fonte: Blog do Bruno Lira","og_url":"https:\/\/noticiasemdestaque.com\/cd\/?p=50364","og_site_name":"Not&iacute;cias em Destaque","article_published_time":"2023-07-26T20:39:34+00:00","og_image":[{"width":1140,"height":760,"url":"https:\/\/noticiasemdestaque.com\/cd\/wp-content\/uploads\/2023\/07\/Prefeito-de-Sao-Jose-dos-Cordeiros-se-reune-com-equipe-de-secretarios-para-discutir-Festival-do-Mel-e-metas-administrativas.webp","type":"image\/webp"}],"author":"Not\u00edcias em Destaque","twitter_card":"summary_large_image","twitter_misc":{"Escrito por":"Not\u00edcias em Destaque","Est. tempo de leitura":"2 minutos"},"schema":{"@context":"https:\/\/schema.org","@graph":[{"@type":"Article","@id":"https:\/\/noticiasemdestaque.com\/cd\/?p=50364#article","isPartOf":{"@id":"https:\/\/noticiasemdestaque.com\/cd\/?p=50364"},"author":{"name":"Not\u00edcias em Destaque","@id":"https:\/\/noticiasemdestaque.com\/cd\/#\/schema\/person\/21320b03a7e8bb90128938dafc9b908a"},"headline":"Prefeito de S\u00e3o Jos\u00e9 dos Cordeiros se re\u00fane com equipe de secret\u00e1rios para discutir Festival do Mel e metas administrativas","datePublished":"2023-07-26T20:39:34+00:00","mainEntityOfPage":{"@id":"https:\/\/noticiasemdestaque.com\/cd\/?p=50364"},"wordCount":350,"publisher":{"@id":"https:\/\/noticiasemdestaque.com\/cd\/#organization"},"image":{"@id":"https:\/\/noticiasemdestaque.com\/cd\/?p=50364#primaryimage"},"thumbnailUrl":"https:\/\/noticiasemdestaque.com\/cd\/wp-content\/uploads\/2023\/07\/Prefeito-de-Sao-Jose-dos-Cordeiros-se-reune-com-equipe-de-secretarios-para-discutir-Festival-do-Mel-e-metas-administrativas.webp","articleSection":["Cidades"],"inLanguage":"pt-BR"},{"@type":"WebPage","@id":"https:\/\/noticiasemdestaque.com\/cd\/?p=50364","url":"https:\/\/noticiasemdestaque.com\/cd\/?p=50364","name":"Prefeito de S\u00e3o Jos\u00e9 dos Cordeiros se re\u00fane com equipe de secret\u00e1rios para discutir Festival do Mel e metas administrativas - Not&iacute;cias em Destaque","isPartOf":{"@id":"https:\/\/noticiasemdestaque.com\/cd\/#website"},"primaryImageOfPage":{"@id":"https:\/\/noticiasemdestaque.com\/cd\/?p=50364#primaryimage"},"image":{"@id":"https:\/\/noticiasemdestaque.com\/cd\/?p=50364#primaryimage"},"thumbnailUrl":"https:\/\/noticiasemdestaque.com\/cd\/wp-content\/uploads\/2023\/07\/Prefeito-de-Sao-Jose-dos-Cordeiros-se-reune-com-equipe-de-secretarios-para-discutir-Festival-do-Mel-e-metas-administrativas.webp","datePublished":"2023-07-26T20:39:34+00:00","breadcrumb":{"@id":"https:\/\/noticiasemdestaque.com\/cd\/?p=50364#breadcrumb"},"inLanguage":"pt-BR","potentialAction":[{"@type":"ReadAction","target":["https:\/\/noticiasemdestaque.com\/cd\/?p=50364"]}]},{"@type":"ImageObject","inLanguage":"pt-BR","@id":"https:\/\/noticiasemdestaque.com\/cd\/?p=50364#primaryimage","url":"https:\/\/noticiasemdestaque.com\/cd\/wp-content\/uploads\/2023\/07\/Prefeito-de-Sao-Jose-dos-Cordeiros-se-reune-com-equipe-de-secretarios-para-discutir-Festival-do-Mel-e-metas-administrativas.webp","contentUrl":"https:\/\/noticiasemdestaque.com\/cd\/wp-content\/uploads\/2023\/07\/Prefeito-de-Sao-Jose-dos-Cordeiros-se-reune-com-equipe-de-secretarios-para-discutir-Festival-do-Mel-e-metas-administrativas.webp","width":1140,"height":760},{"@type":"BreadcrumbList","@id":"https:\/\/noticiasemdestaque.com\/cd\/?p=50364#breadcrumb","itemListElement":[{"@type":"ListItem","position":1,"name":"In\u00edcio","item":"https:\/\/noticiasemdestaque.com\/cd\/"},{"@type":"ListItem","position":2,"name":"Prefeito de S\u00e3o Jos\u00e9 dos Cordeiros se re\u00fane com equipe de secret\u00e1rios para discutir Festival do Mel e metas administrativas"}]},{"@type":"WebSite","@id":"https:\/\/noticiasemdestaque.com\/cd\/#website","url":"https:\/\/noticiasemdestaque.com\/cd\/","name":"Not&iacute;cias em Destaque","description":"","publisher":{"@id":"https:\/\/noticiasemdestaque.com\/cd\/#organization"},"potentialAction":[{"@type":"SearchAction","target":{"@type":"EntryPoint","urlTemplate":"https:\/\/noticiasemdestaque.com\/cd\/?s={search_term_string}"},"query-input":{"@type":"PropertyValueSpecification","valueRequired":true,"valueName":"search_term_string"}}],"inLanguage":"pt-BR"},{"@type":"Organization","@id":"https:\/\/noticiasemdestaque.com\/cd\/#organization","name":"Not\u00edcias em Destaque","url":"https:\/\/noticiasemdestaque.com\/cd\/","logo":{"@type":"ImageObject","inLanguage":"pt-BR","@id":"https:\/\/noticiasemdestaque.com\/cd\/#\/schema\/logo\/image\/","url":"https:\/\/noticiasemdestaque.com\/cd\/wp-content\/uploads\/2022\/05\/imagem-base-noticiasemdestaque.png","contentUrl":"https:\/\/noticiasemdestaque.com\/cd\/wp-content\/uploads\/2022\/05\/imagem-base-noticiasemdestaque.png","width":1200,"height":630,"caption":"Not\u00edcias em Destaque"},"image":{"@id":"https:\/\/noticiasemdestaque.com\/cd\/#\/schema\/logo\/image\/"}},{"@type":"Person","@id":"https:\/\/noticiasemdestaque.com\/cd\/#\/schema\/person\/21320b03a7e8bb90128938dafc9b908a","name":"Not\u00edcias em Destaque","url":"https:\/\/noticiasemdestaque.com\/cd\/?author=2"}]}},"jetpack_featured_media_url":"https:\/\/noticiasemdestaque.com\/cd\/wp-content\/uploads\/2023\/07\/Prefeito-de-Sao-Jose-dos-Cordeiros-se-reune-com-equipe-de-secretarios-para-discutir-Festival-do-Mel-e-metas-administrativas.webp","jetpack_sharing_enabled":true,"_links":{"self":[{"href":"https:\/\/noticiasemdestaque.com\/cd\/index.php?rest_route=\/wp\/v2\/posts\/50364","targetHints":{"allow":["GET"]}}],"collection":[{"href":"https:\/\/noticiasemdestaque.com\/cd\/index.php?rest_route=\/wp\/v2\/posts"}],"about":[{"href":"https:\/\/noticiasemdestaque.com\/cd\/index.php?rest_route=\/wp\/v2\/types\/post"}],"author":[{"embeddable":true,"href":"https:\/\/noticiasemdestaque.com\/cd\/index.php?rest_route=\/wp\/v2\/users\/2"}],"replies":[{"embeddable":true,"href":"https:\/\/noticiasemdestaque.com\/cd\/index.php?rest_route=%2Fwp%2Fv2%2Fcomments&post=50364"}],"version-history":[{"count":1,"href":"https:\/\/noticiasemdestaque.com\/cd\/index.php?rest_route=\/wp\/v2\/posts\/50364\/revisions"}],"predecessor-version":[{"id":50367,"href":"https:\/\/noticiasemdestaque.com\/cd\/index.php?rest_route=\/wp\/v2\/posts\/50364\/revisions\/50367"}],"wp:featuredmedia":[{"embeddable":true,"href":"https:\/\/noticiasemdestaque.com\/cd\/index.php?rest_route=\/wp\/v2\/media\/50366"}],"wp:attachment":[{"href":"https:\/\/noticiasemdestaque.com\/cd\/index.php?rest_route=%2Fwp%2Fv2%2Fmedia&parent=50364"}],"wp:term":[{"taxonomy":"category","embeddable":true,"href":"https:\/\/noticiasemdestaque.com\/cd\/index.php?rest_route=%2Fwp%2Fv2%2Fcategories&post=50364"},{"taxonomy":"post_tag","embeddable":true,"href":"https:\/\/noticiasemdestaque.com\/cd\/index.php?rest_route=%2Fwp%2Fv2%2Ftags&post=50364"}],"curies":[{"name":"wp","href":"https:\/\/api.w.org\/{rel}","templated":true}]}}