{"id":5023,"date":"2017-10-08T11:36:55","date_gmt":"2017-10-08T14:36:55","guid":{"rendered":"http:\/\/caririemdestaque.com\/cd\/?p=5023"},"modified":"2017-10-08T13:45:48","modified_gmt":"2017-10-08T16:45:48","slug":"em-serra-branca-descaso-com-saude-este-foi-um-dos-temas-abordados-em-sessao-da-camara-dos-vereadores-veja-video","status":"publish","type":"post","link":"https:\/\/noticiasemdestaque.com\/cd\/?p=5023","title":{"rendered":"Em Serra Branca: Descaso com sa\u00fade, este foi um dos temas abordados em Sess\u00e3o da C\u00e2mara dos Vereadores; Veja v\u00eddeo"},"content":{"rendered":"<figure id=\"attachment_5025\" aria-describedby=\"caption-attachment-5025\" style=\"width: 300px\" class=\"wp-caption alignleft\"><a href=\"http:\/\/caririemdestaque.com\/cd\/wp-content\/uploads\/2017\/10\/IMG_3854.jpg\"><img fetchpriority=\"high\" decoding=\"async\" class=\"wp-image-5025 size-medium\" src=\"http:\/\/caririemdestaque.com\/cd\/wp-content\/uploads\/2017\/10\/IMG_3854-300x200.jpg\" alt=\"\" width=\"300\" height=\"200\" srcset=\"https:\/\/noticiasemdestaque.com\/cd\/wp-content\/uploads\/2017\/10\/IMG_3854-300x200.jpg 300w, https:\/\/noticiasemdestaque.com\/cd\/wp-content\/uploads\/2017\/10\/IMG_3854-768x512.jpg 768w, https:\/\/noticiasemdestaque.com\/cd\/wp-content\/uploads\/2017\/10\/IMG_3854-1024x683.jpg 1024w, https:\/\/noticiasemdestaque.com\/cd\/wp-content\/uploads\/2017\/10\/IMG_3854-480x320.jpg 480w\" sizes=\"(max-width: 300px) 100vw, 300px\" \/><\/a><figcaption id=\"caption-attachment-5025\" class=\"wp-caption-text\">Wandri Tadeus &#8211; Cariri em Destaque<\/figcaption><\/figure>\n<p>Durante Sess\u00e3o Ordin\u00e1ria que aconteceu nesta sexta-feira (06\/10), um dos assuntos debatidos que merece destaque foi a p\u00e9ssima assist\u00eancia prestada no munic\u00edpio de Serra Branca pela secretaria municipal de sa\u00fade.<\/p>\n<p>Os vereadores Paulo S\u00e9rgio de Raquel (Presidente da Casa), Guilherme Gaud\u00eancio, Renan Mamede e Valber Pinto falaram sobre o descaso do Prefeito Souzinha em rela\u00e7\u00e3o a Sa\u00fade.<\/p>\n<p>Come\u00e7ando pela aus\u00eancia de m\u00e9dicos, medicamentos e exames que deveriam ser oferecidos. A falta de conserto de duas ambul\u00e2ncias, sendo uma do Servi\u00e7o de Atendimento M\u00f3vel de Urg\u00eancia (SAMU) e o projeto do Programa de Melhoria do Acesso e da Qualidade na Aten\u00e7\u00e3o B\u00e1sica-PMAQ tamb\u00e9m fazem parte dessa problem\u00e1tica.<\/p>\n<p>Veja na reportagem do Cariri em Destaque.<\/p>\n<p>&nbsp;<\/p>\n<p><iframe title=\"Descaso com sa\u00fade, este foi um dos temas abordados em Sess\u00e3o; Veja v\u00eddeo\" width=\"800\" height=\"450\" src=\"https:\/\/www.youtube.com\/embed\/1dshN5i1_KU?feature=oembed\" frameborder=\"0\" allow=\"accelerometer; autoplay; clipboard-write; encrypted-media; gyroscope; picture-in-picture; web-share\" referrerpolicy=\"strict-origin-when-cross-origin\" allowfullscreen><\/iframe><\/p>\n","protected":false},"excerpt":{"rendered":"<p>Durante Sess\u00e3o Ordin\u00e1ria que aconteceu nesta sexta-feira (06\/10), um dos assuntos debatidos que merece destaque foi a p\u00e9ssima assist\u00eancia prestada no munic\u00edpio de Serra Branca pela secretaria municipal de sa\u00fade. Os vereadores Paulo S\u00e9rgio de Raquel (Presidente da Casa), Guilherme Gaud\u00eancio, Renan Mamede e Valber Pinto falaram sobre o descaso do Prefeito Souzinha em rela\u00e7\u00e3o a Sa\u00fade. Come\u00e7ando pela aus\u00eancia de m\u00e9dicos, medicamentos e exames que deveriam ser oferecidos. A falta de conserto de duas ambul\u00e2ncias, sendo uma do Servi\u00e7o de Atendimento M\u00f3vel de Urg\u00eancia (SAMU) e o projeto do Programa de Melhoria do Acesso e da Qualidade na Aten\u00e7\u00e3o B\u00e1sica-PMAQ tamb\u00e9m fazem parte dessa problem\u00e1tica. Veja na reportagem do Cariri em Destaque. &nbsp;<\/p>\n","protected":false},"author":2,"featured_media":5025,"comment_status":"closed","ping_status":"open","sticky":false,"template":"","format":"standard","meta":{"_eb_attr":"","_jetpack_memberships_contains_paid_content":false,"footnotes":""},"categories":[4],"tags":[],"class_list":["post-5023","post","type-post","status-publish","format-standard","has-post-thumbnail","hentry","category-politica"],"yoast_head":"<!-- This site is optimized with the Yoast SEO plugin v26.5 - https:\/\/yoast.com\/wordpress\/plugins\/seo\/ -->\n<title>Em Serra Branca: Descaso com sa\u00fade, este foi um dos temas abordados em Sess\u00e3o da C\u00e2mara dos Vereadores; Veja v\u00eddeo - Not&iacute;cias em Destaque<\/title>\n<meta name=\"robots\" content=\"index, follow, max-snippet:-1, max-image-preview:large, max-video-preview:-1\" \/>\n<link rel=\"canonical\" href=\"https:\/\/noticiasemdestaque.com\/cd\/?p=5023\" \/>\n<meta property=\"og:locale\" content=\"pt_BR\" \/>\n<meta property=\"og:type\" content=\"article\" \/>\n<meta property=\"og:title\" content=\"Em Serra Branca: Descaso com sa\u00fade, este foi um dos temas abordados em Sess\u00e3o da C\u00e2mara dos Vereadores; Veja v\u00eddeo - Not&iacute;cias em Destaque\" \/>\n<meta property=\"og:description\" content=\"Durante Sess\u00e3o Ordin\u00e1ria que aconteceu nesta sexta-feira (06\/10), um dos assuntos debatidos que merece destaque foi a p\u00e9ssima assist\u00eancia prestada no munic\u00edpio de Serra Branca pela secretaria municipal de sa\u00fade. Os vereadores Paulo S\u00e9rgio de Raquel (Presidente da Casa), Guilherme Gaud\u00eancio, Renan Mamede e Valber Pinto falaram sobre o descaso do Prefeito Souzinha em rela\u00e7\u00e3o a Sa\u00fade. Come\u00e7ando pela aus\u00eancia de m\u00e9dicos, medicamentos e exames que deveriam ser oferecidos. A falta de conserto de duas ambul\u00e2ncias, sendo uma do Servi\u00e7o de Atendimento M\u00f3vel de Urg\u00eancia (SAMU) e o projeto do Programa de Melhoria do Acesso e da Qualidade na Aten\u00e7\u00e3o B\u00e1sica-PMAQ tamb\u00e9m fazem parte dessa problem\u00e1tica. Veja na reportagem do Cariri em Destaque. &nbsp;\" \/>\n<meta property=\"og:url\" content=\"https:\/\/noticiasemdestaque.com\/cd\/?p=5023\" \/>\n<meta property=\"og:site_name\" content=\"Not&iacute;cias em Destaque\" \/>\n<meta property=\"article:published_time\" content=\"2017-10-08T14:36:55+00:00\" \/>\n<meta property=\"article:modified_time\" content=\"2017-10-08T16:45:48+00:00\" \/>\n<meta property=\"og:image\" content=\"https:\/\/noticiasemdestaque.com\/cd\/wp-content\/uploads\/2017\/10\/IMG_3854-1024x683.jpg\" \/>\n\t<meta property=\"og:image:width\" content=\"1024\" \/>\n\t<meta property=\"og:image:height\" content=\"683\" \/>\n\t<meta property=\"og:image:type\" content=\"image\/jpeg\" \/>\n<meta name=\"author\" content=\"Not\u00edcias em Destaque\" \/>\n<meta name=\"twitter:card\" content=\"summary_large_image\" \/>\n<meta name=\"twitter:label1\" content=\"Escrito por\" \/>\n\t<meta name=\"twitter:data1\" content=\"Not\u00edcias em Destaque\" \/>\n\t<meta name=\"twitter:label2\" content=\"Est. tempo de leitura\" \/>\n\t<meta name=\"twitter:data2\" content=\"1 minuto\" \/>\n<script type=\"application\/ld+json\" class=\"yoast-schema-graph\">{\"@context\":\"https:\/\/schema.org\",\"@graph\":[{\"@type\":\"Article\",\"@id\":\"https:\/\/noticiasemdestaque.com\/cd\/?p=5023#article\",\"isPartOf\":{\"@id\":\"https:\/\/noticiasemdestaque.com\/cd\/?p=5023\"},\"author\":{\"name\":\"Not\u00edcias em Destaque\",\"@id\":\"https:\/\/noticiasemdestaque.com\/cd\/#\/schema\/person\/21320b03a7e8bb90128938dafc9b908a\"},\"headline\":\"Em Serra Branca: Descaso com sa\u00fade, este foi um dos temas abordados em Sess\u00e3o da C\u00e2mara dos Vereadores; Veja v\u00eddeo\",\"datePublished\":\"2017-10-08T14:36:55+00:00\",\"dateModified\":\"2017-10-08T16:45:48+00:00\",\"mainEntityOfPage\":{\"@id\":\"https:\/\/noticiasemdestaque.com\/cd\/?p=5023\"},\"wordCount\":184,\"publisher\":{\"@id\":\"https:\/\/noticiasemdestaque.com\/cd\/#organization\"},\"image\":{\"@id\":\"https:\/\/noticiasemdestaque.com\/cd\/?p=5023#primaryimage\"},\"thumbnailUrl\":\"https:\/\/noticiasemdestaque.com\/cd\/wp-content\/uploads\/2017\/10\/IMG_3854.jpg\",\"articleSection\":[\"Pol\u00edtica\"],\"inLanguage\":\"pt-BR\"},{\"@type\":\"WebPage\",\"@id\":\"https:\/\/noticiasemdestaque.com\/cd\/?p=5023\",\"url\":\"https:\/\/noticiasemdestaque.com\/cd\/?p=5023\",\"name\":\"Em Serra Branca: Descaso com sa\u00fade, este foi um dos temas abordados em Sess\u00e3o da C\u00e2mara dos Vereadores; Veja v\u00eddeo - Not&iacute;cias em Destaque\",\"isPartOf\":{\"@id\":\"https:\/\/noticiasemdestaque.com\/cd\/#website\"},\"primaryImageOfPage\":{\"@id\":\"https:\/\/noticiasemdestaque.com\/cd\/?p=5023#primaryimage\"},\"image\":{\"@id\":\"https:\/\/noticiasemdestaque.com\/cd\/?p=5023#primaryimage\"},\"thumbnailUrl\":\"https:\/\/noticiasemdestaque.com\/cd\/wp-content\/uploads\/2017\/10\/IMG_3854.jpg\",\"datePublished\":\"2017-10-08T14:36:55+00:00\",\"dateModified\":\"2017-10-08T16:45:48+00:00\",\"breadcrumb\":{\"@id\":\"https:\/\/noticiasemdestaque.com\/cd\/?p=5023#breadcrumb\"},\"inLanguage\":\"pt-BR\",\"potentialAction\":[{\"@type\":\"ReadAction\",\"target\":[\"https:\/\/noticiasemdestaque.com\/cd\/?p=5023\"]}]},{\"@type\":\"ImageObject\",\"inLanguage\":\"pt-BR\",\"@id\":\"https:\/\/noticiasemdestaque.com\/cd\/?p=5023#primaryimage\",\"url\":\"https:\/\/noticiasemdestaque.com\/cd\/wp-content\/uploads\/2017\/10\/IMG_3854.jpg\",\"contentUrl\":\"https:\/\/noticiasemdestaque.com\/cd\/wp-content\/uploads\/2017\/10\/IMG_3854.jpg\",\"width\":5184,\"height\":3456},{\"@type\":\"BreadcrumbList\",\"@id\":\"https:\/\/noticiasemdestaque.com\/cd\/?p=5023#breadcrumb\",\"itemListElement\":[{\"@type\":\"ListItem\",\"position\":1,\"name\":\"In\u00edcio\",\"item\":\"https:\/\/noticiasemdestaque.com\/cd\/\"},{\"@type\":\"ListItem\",\"position\":2,\"name\":\"Em Serra Branca: Descaso com sa\u00fade, este foi um dos temas abordados em Sess\u00e3o da C\u00e2mara dos Vereadores; Veja v\u00eddeo\"}]},{\"@type\":\"WebSite\",\"@id\":\"https:\/\/noticiasemdestaque.com\/cd\/#website\",\"url\":\"https:\/\/noticiasemdestaque.com\/cd\/\",\"name\":\"Not&iacute;cias em Destaque\",\"description\":\"\",\"publisher\":{\"@id\":\"https:\/\/noticiasemdestaque.com\/cd\/#organization\"},\"potentialAction\":[{\"@type\":\"SearchAction\",\"target\":{\"@type\":\"EntryPoint\",\"urlTemplate\":\"https:\/\/noticiasemdestaque.com\/cd\/?s={search_term_string}\"},\"query-input\":{\"@type\":\"PropertyValueSpecification\",\"valueRequired\":true,\"valueName\":\"search_term_string\"}}],\"inLanguage\":\"pt-BR\"},{\"@type\":\"Organization\",\"@id\":\"https:\/\/noticiasemdestaque.com\/cd\/#organization\",\"name\":\"Not\u00edcias em Destaque\",\"url\":\"https:\/\/noticiasemdestaque.com\/cd\/\",\"logo\":{\"@type\":\"ImageObject\",\"inLanguage\":\"pt-BR\",\"@id\":\"https:\/\/noticiasemdestaque.com\/cd\/#\/schema\/logo\/image\/\",\"url\":\"https:\/\/noticiasemdestaque.com\/cd\/wp-content\/uploads\/2022\/05\/imagem-base-noticiasemdestaque.png\",\"contentUrl\":\"https:\/\/noticiasemdestaque.com\/cd\/wp-content\/uploads\/2022\/05\/imagem-base-noticiasemdestaque.png\",\"width\":1200,\"height\":630,\"caption\":\"Not\u00edcias em Destaque\"},\"image\":{\"@id\":\"https:\/\/noticiasemdestaque.com\/cd\/#\/schema\/logo\/image\/\"}},{\"@type\":\"Person\",\"@id\":\"https:\/\/noticiasemdestaque.com\/cd\/#\/schema\/person\/21320b03a7e8bb90128938dafc9b908a\",\"name\":\"Not\u00edcias em Destaque\",\"url\":\"https:\/\/noticiasemdestaque.com\/cd\/?author=2\"}]}<\/script>\n<!-- \/ Yoast SEO plugin. -->","yoast_head_json":{"title":"Em Serra Branca: Descaso com sa\u00fade, este foi um dos temas abordados em Sess\u00e3o da C\u00e2mara dos Vereadores; Veja v\u00eddeo - Not&iacute;cias em Destaque","robots":{"index":"index","follow":"follow","max-snippet":"max-snippet:-1","max-image-preview":"max-image-preview:large","max-video-preview":"max-video-preview:-1"},"canonical":"https:\/\/noticiasemdestaque.com\/cd\/?p=5023","og_locale":"pt_BR","og_type":"article","og_title":"Em Serra Branca: Descaso com sa\u00fade, este foi um dos temas abordados em Sess\u00e3o da C\u00e2mara dos Vereadores; Veja v\u00eddeo - Not&iacute;cias em Destaque","og_description":"Durante Sess\u00e3o Ordin\u00e1ria que aconteceu nesta sexta-feira (06\/10), um dos assuntos debatidos que merece destaque foi a p\u00e9ssima assist\u00eancia prestada no munic\u00edpio de Serra Branca pela secretaria municipal de sa\u00fade. Os vereadores Paulo S\u00e9rgio de Raquel (Presidente da Casa), Guilherme Gaud\u00eancio, Renan Mamede e Valber Pinto falaram sobre o descaso do Prefeito Souzinha em rela\u00e7\u00e3o a Sa\u00fade. Come\u00e7ando pela aus\u00eancia de m\u00e9dicos, medicamentos e exames que deveriam ser oferecidos. A falta de conserto de duas ambul\u00e2ncias, sendo uma do Servi\u00e7o de Atendimento M\u00f3vel de Urg\u00eancia (SAMU) e o projeto do Programa de Melhoria do Acesso e da Qualidade na Aten\u00e7\u00e3o B\u00e1sica-PMAQ tamb\u00e9m fazem parte dessa problem\u00e1tica. Veja na reportagem do Cariri em Destaque. &nbsp;","og_url":"https:\/\/noticiasemdestaque.com\/cd\/?p=5023","og_site_name":"Not&iacute;cias em Destaque","article_published_time":"2017-10-08T14:36:55+00:00","article_modified_time":"2017-10-08T16:45:48+00:00","og_image":[{"width":1024,"height":683,"url":"https:\/\/noticiasemdestaque.com\/cd\/wp-content\/uploads\/2017\/10\/IMG_3854-1024x683.jpg","type":"image\/jpeg"}],"author":"Not\u00edcias em Destaque","twitter_card":"summary_large_image","twitter_misc":{"Escrito por":"Not\u00edcias em Destaque","Est. tempo de leitura":"1 minuto"},"schema":{"@context":"https:\/\/schema.org","@graph":[{"@type":"Article","@id":"https:\/\/noticiasemdestaque.com\/cd\/?p=5023#article","isPartOf":{"@id":"https:\/\/noticiasemdestaque.com\/cd\/?p=5023"},"author":{"name":"Not\u00edcias em Destaque","@id":"https:\/\/noticiasemdestaque.com\/cd\/#\/schema\/person\/21320b03a7e8bb90128938dafc9b908a"},"headline":"Em Serra Branca: Descaso com sa\u00fade, este foi um dos temas abordados em Sess\u00e3o da C\u00e2mara dos Vereadores; Veja v\u00eddeo","datePublished":"2017-10-08T14:36:55+00:00","dateModified":"2017-10-08T16:45:48+00:00","mainEntityOfPage":{"@id":"https:\/\/noticiasemdestaque.com\/cd\/?p=5023"},"wordCount":184,"publisher":{"@id":"https:\/\/noticiasemdestaque.com\/cd\/#organization"},"image":{"@id":"https:\/\/noticiasemdestaque.com\/cd\/?p=5023#primaryimage"},"thumbnailUrl":"https:\/\/noticiasemdestaque.com\/cd\/wp-content\/uploads\/2017\/10\/IMG_3854.jpg","articleSection":["Pol\u00edtica"],"inLanguage":"pt-BR"},{"@type":"WebPage","@id":"https:\/\/noticiasemdestaque.com\/cd\/?p=5023","url":"https:\/\/noticiasemdestaque.com\/cd\/?p=5023","name":"Em Serra Branca: Descaso com sa\u00fade, este foi um dos temas abordados em Sess\u00e3o da C\u00e2mara dos Vereadores; Veja v\u00eddeo - Not&iacute;cias em Destaque","isPartOf":{"@id":"https:\/\/noticiasemdestaque.com\/cd\/#website"},"primaryImageOfPage":{"@id":"https:\/\/noticiasemdestaque.com\/cd\/?p=5023#primaryimage"},"image":{"@id":"https:\/\/noticiasemdestaque.com\/cd\/?p=5023#primaryimage"},"thumbnailUrl":"https:\/\/noticiasemdestaque.com\/cd\/wp-content\/uploads\/2017\/10\/IMG_3854.jpg","datePublished":"2017-10-08T14:36:55+00:00","dateModified":"2017-10-08T16:45:48+00:00","breadcrumb":{"@id":"https:\/\/noticiasemdestaque.com\/cd\/?p=5023#breadcrumb"},"inLanguage":"pt-BR","potentialAction":[{"@type":"ReadAction","target":["https:\/\/noticiasemdestaque.com\/cd\/?p=5023"]}]},{"@type":"ImageObject","inLanguage":"pt-BR","@id":"https:\/\/noticiasemdestaque.com\/cd\/?p=5023#primaryimage","url":"https:\/\/noticiasemdestaque.com\/cd\/wp-content\/uploads\/2017\/10\/IMG_3854.jpg","contentUrl":"https:\/\/noticiasemdestaque.com\/cd\/wp-content\/uploads\/2017\/10\/IMG_3854.jpg","width":5184,"height":3456},{"@type":"BreadcrumbList","@id":"https:\/\/noticiasemdestaque.com\/cd\/?p=5023#breadcrumb","itemListElement":[{"@type":"ListItem","position":1,"name":"In\u00edcio","item":"https:\/\/noticiasemdestaque.com\/cd\/"},{"@type":"ListItem","position":2,"name":"Em Serra Branca: Descaso com sa\u00fade, este foi um dos temas abordados em Sess\u00e3o da C\u00e2mara dos Vereadores; Veja v\u00eddeo"}]},{"@type":"WebSite","@id":"https:\/\/noticiasemdestaque.com\/cd\/#website","url":"https:\/\/noticiasemdestaque.com\/cd\/","name":"Not&iacute;cias em Destaque","description":"","publisher":{"@id":"https:\/\/noticiasemdestaque.com\/cd\/#organization"},"potentialAction":[{"@type":"SearchAction","target":{"@type":"EntryPoint","urlTemplate":"https:\/\/noticiasemdestaque.com\/cd\/?s={search_term_string}"},"query-input":{"@type":"PropertyValueSpecification","valueRequired":true,"valueName":"search_term_string"}}],"inLanguage":"pt-BR"},{"@type":"Organization","@id":"https:\/\/noticiasemdestaque.com\/cd\/#organization","name":"Not\u00edcias em Destaque","url":"https:\/\/noticiasemdestaque.com\/cd\/","logo":{"@type":"ImageObject","inLanguage":"pt-BR","@id":"https:\/\/noticiasemdestaque.com\/cd\/#\/schema\/logo\/image\/","url":"https:\/\/noticiasemdestaque.com\/cd\/wp-content\/uploads\/2022\/05\/imagem-base-noticiasemdestaque.png","contentUrl":"https:\/\/noticiasemdestaque.com\/cd\/wp-content\/uploads\/2022\/05\/imagem-base-noticiasemdestaque.png","width":1200,"height":630,"caption":"Not\u00edcias em Destaque"},"image":{"@id":"https:\/\/noticiasemdestaque.com\/cd\/#\/schema\/logo\/image\/"}},{"@type":"Person","@id":"https:\/\/noticiasemdestaque.com\/cd\/#\/schema\/person\/21320b03a7e8bb90128938dafc9b908a","name":"Not\u00edcias em Destaque","url":"https:\/\/noticiasemdestaque.com\/cd\/?author=2"}]}},"jetpack_featured_media_url":"https:\/\/noticiasemdestaque.com\/cd\/wp-content\/uploads\/2017\/10\/IMG_3854.jpg","jetpack_sharing_enabled":true,"_links":{"self":[{"href":"https:\/\/noticiasemdestaque.com\/cd\/index.php?rest_route=\/wp\/v2\/posts\/5023","targetHints":{"allow":["GET"]}}],"collection":[{"href":"https:\/\/noticiasemdestaque.com\/cd\/index.php?rest_route=\/wp\/v2\/posts"}],"about":[{"href":"https:\/\/noticiasemdestaque.com\/cd\/index.php?rest_route=\/wp\/v2\/types\/post"}],"author":[{"embeddable":true,"href":"https:\/\/noticiasemdestaque.com\/cd\/index.php?rest_route=\/wp\/v2\/users\/2"}],"replies":[{"embeddable":true,"href":"https:\/\/noticiasemdestaque.com\/cd\/index.php?rest_route=%2Fwp%2Fv2%2Fcomments&post=5023"}],"version-history":[{"count":5,"href":"https:\/\/noticiasemdestaque.com\/cd\/index.php?rest_route=\/wp\/v2\/posts\/5023\/revisions"}],"predecessor-version":[{"id":5892,"href":"https:\/\/noticiasemdestaque.com\/cd\/index.php?rest_route=\/wp\/v2\/posts\/5023\/revisions\/5892"}],"wp:featuredmedia":[{"embeddable":true,"href":"https:\/\/noticiasemdestaque.com\/cd\/index.php?rest_route=\/wp\/v2\/media\/5025"}],"wp:attachment":[{"href":"https:\/\/noticiasemdestaque.com\/cd\/index.php?rest_route=%2Fwp%2Fv2%2Fmedia&parent=5023"}],"wp:term":[{"taxonomy":"category","embeddable":true,"href":"https:\/\/noticiasemdestaque.com\/cd\/index.php?rest_route=%2Fwp%2Fv2%2Fcategories&post=5023"},{"taxonomy":"post_tag","embeddable":true,"href":"https:\/\/noticiasemdestaque.com\/cd\/index.php?rest_route=%2Fwp%2Fv2%2Ftags&post=5023"}],"curies":[{"name":"wp","href":"https:\/\/api.w.org\/{rel}","templated":true}]}}