{"id":502,"date":"2017-06-13T23:10:14","date_gmt":"2017-06-14T02:10:14","guid":{"rendered":"http:\/\/caririemdestaque.com\/cd\/?p=502"},"modified":"2017-06-13T23:10:14","modified_gmt":"2017-06-14T02:10:14","slug":"parcela-do-13o-salario-sai-nesta-quarta-e-injeta-mais-de-r-134-milhoes-na-economia-paraibana","status":"publish","type":"post","link":"https:\/\/noticiasemdestaque.com\/cd\/?p=502","title":{"rendered":"Parcela do 13\u00ba sal\u00e1rio sai nesta quarta e injeta mais de R$ 134 milh\u00f5es na economia paraibana"},"content":{"rendered":"<p><a href=\"http:\/\/caririemdestaque.com\/cd\/wp-content\/uploads\/2017\/06\/pagamento_de_salario_foto_jose_lins_21-270x192.jpg\"><img fetchpriority=\"high\" decoding=\"async\" class=\"size-full wp-image-503 alignleft\" src=\"http:\/\/caririemdestaque.com\/cd\/wp-content\/uploads\/2017\/06\/pagamento_de_salario_foto_jose_lins_21-270x192.jpg\" alt=\"\" width=\"270\" height=\"192\" \/><\/a>De acordo com dados da Secretaria de Estado da Administra\u00e7\u00e3o (Sead), o pagamento da primeira parcela do 13\u00ba sal\u00e1rio aos servidores e professores da UEPB totaliza mais de R$ 7,49 milh\u00f5es, al\u00e9m de R$ 127 milh\u00f5es com os demais servidores.<\/p>\n<p>O an\u00fancio da primeira parcela do 13\u00ba sal\u00e1rio foi feito pelo governador Ricardo Coutinho no dia 5 deste m\u00eas. Na ocasi\u00e3o, Ricardo destacou que a medida \u00e9 adotada desde a sua primeira gest\u00e3o, em 2011. \u201c\u00c9 um compromisso que fazia ainda quando era prefeito, ativando o com\u00e9rcio. Neste dia 14, vou repassar, pela primeira vez, a metade do 13\u00ba sal\u00e1rio aos professores e aos funcion\u00e1rios da UEPB\u201d, pontuou.<\/p>\n<p>O chefe do Executivo paraibano destacou, ainda, que a decis\u00e3o de antecipar a primeira parcela do 13\u00ba sal\u00e1rio dos professores e servidores da UEPB foi tomada ainda no in\u00edcio do ano. \u201c\u00c9 uma quest\u00e3o de respeito para com os servidores e professores da UEPB\u201d, ressaltou.<\/p>\n<p><em><strong>Cariri em Destaque<\/strong><\/em><\/p>\n","protected":false},"excerpt":{"rendered":"<p>De acordo com dados da Secretaria de Estado da Administra\u00e7\u00e3o (Sead), o pagamento da primeira parcela do 13\u00ba sal\u00e1rio aos servidores e professores da UEPB totaliza mais de R$ 7,49 milh\u00f5es, al\u00e9m de R$ 127 milh\u00f5es com os demais servidores. O an\u00fancio da primeira parcela do 13\u00ba sal\u00e1rio foi feito pelo governador Ricardo Coutinho no dia 5 deste m\u00eas. Na ocasi\u00e3o, Ricardo destacou que a medida \u00e9 adotada desde a sua primeira gest\u00e3o, em 2011. \u201c\u00c9 um compromisso que fazia ainda quando era prefeito, ativando o com\u00e9rcio. Neste dia 14, vou repassar, pela primeira vez, a metade do 13\u00ba sal\u00e1rio aos professores e aos funcion\u00e1rios da UEPB\u201d, pontuou. O chefe do Executivo paraibano destacou, ainda, que a decis\u00e3o de antecipar a primeira parcela do 13\u00ba sal\u00e1rio dos professores e servidores da UEPB foi tomada ainda no in\u00edcio do ano. \u201c\u00c9 uma quest\u00e3o de respeito para com os servidores e professores da UEPB\u201d, ressaltou. Cariri em Destaque<\/p>\n","protected":false},"author":2,"featured_media":503,"comment_status":"closed","ping_status":"open","sticky":false,"template":"","format":"standard","meta":{"_eb_attr":"","_jetpack_memberships_contains_paid_content":false,"footnotes":""},"categories":[4],"tags":[],"class_list":["post-502","post","type-post","status-publish","format-standard","has-post-thumbnail","hentry","category-politica"],"yoast_head":"<!-- This site is optimized with the Yoast SEO plugin v26.5 - https:\/\/yoast.com\/wordpress\/plugins\/seo\/ -->\n<title>Parcela do 13\u00ba sal\u00e1rio sai nesta quarta e injeta mais de R$ 134 milh\u00f5es na economia paraibana - Not&iacute;cias em Destaque<\/title>\n<meta name=\"robots\" content=\"index, follow, max-snippet:-1, max-image-preview:large, max-video-preview:-1\" \/>\n<link rel=\"canonical\" href=\"https:\/\/noticiasemdestaque.com\/cd\/?p=502\" \/>\n<meta property=\"og:locale\" content=\"pt_BR\" \/>\n<meta property=\"og:type\" content=\"article\" \/>\n<meta property=\"og:title\" content=\"Parcela do 13\u00ba sal\u00e1rio sai nesta quarta e injeta mais de R$ 134 milh\u00f5es na economia paraibana - Not&iacute;cias em Destaque\" \/>\n<meta property=\"og:description\" content=\"De acordo com dados da Secretaria de Estado da Administra\u00e7\u00e3o (Sead), o pagamento da primeira parcela do 13\u00ba sal\u00e1rio aos servidores e professores da UEPB totaliza mais de R$ 7,49 milh\u00f5es, al\u00e9m de R$ 127 milh\u00f5es com os demais servidores. O an\u00fancio da primeira parcela do 13\u00ba sal\u00e1rio foi feito pelo governador Ricardo Coutinho no dia 5 deste m\u00eas. Na ocasi\u00e3o, Ricardo destacou que a medida \u00e9 adotada desde a sua primeira gest\u00e3o, em 2011. \u201c\u00c9 um compromisso que fazia ainda quando era prefeito, ativando o com\u00e9rcio. Neste dia 14, vou repassar, pela primeira vez, a metade do 13\u00ba sal\u00e1rio aos professores e aos funcion\u00e1rios da UEPB\u201d, pontuou. O chefe do Executivo paraibano destacou, ainda, que a decis\u00e3o de antecipar a primeira parcela do 13\u00ba sal\u00e1rio dos professores e servidores da UEPB foi tomada ainda no in\u00edcio do ano. \u201c\u00c9 uma quest\u00e3o de respeito para com os servidores e professores da UEPB\u201d, ressaltou. Cariri em Destaque\" \/>\n<meta property=\"og:url\" content=\"https:\/\/noticiasemdestaque.com\/cd\/?p=502\" \/>\n<meta property=\"og:site_name\" content=\"Not&iacute;cias em Destaque\" \/>\n<meta property=\"article:published_time\" content=\"2017-06-14T02:10:14+00:00\" \/>\n<meta property=\"og:image\" content=\"https:\/\/noticiasemdestaque.com\/cd\/wp-content\/uploads\/2017\/06\/pagamento_de_salario_foto_jose_lins_21-270x192.jpg\" \/>\n\t<meta property=\"og:image:width\" content=\"270\" \/>\n\t<meta property=\"og:image:height\" content=\"192\" \/>\n\t<meta property=\"og:image:type\" content=\"image\/jpeg\" \/>\n<meta name=\"author\" content=\"Not\u00edcias em Destaque\" \/>\n<meta name=\"twitter:card\" content=\"summary_large_image\" \/>\n<meta name=\"twitter:label1\" content=\"Escrito por\" \/>\n\t<meta name=\"twitter:data1\" content=\"Not\u00edcias em Destaque\" \/>\n\t<meta name=\"twitter:label2\" content=\"Est. tempo de leitura\" \/>\n\t<meta name=\"twitter:data2\" content=\"1 minuto\" \/>\n<script type=\"application\/ld+json\" class=\"yoast-schema-graph\">{\"@context\":\"https:\/\/schema.org\",\"@graph\":[{\"@type\":\"Article\",\"@id\":\"https:\/\/noticiasemdestaque.com\/cd\/?p=502#article\",\"isPartOf\":{\"@id\":\"https:\/\/noticiasemdestaque.com\/cd\/?p=502\"},\"author\":{\"name\":\"Not\u00edcias em Destaque\",\"@id\":\"https:\/\/noticiasemdestaque.com\/cd\/#\/schema\/person\/45ca272b3e1246ef14ebb78a48dbb218\"},\"headline\":\"Parcela do 13\u00ba sal\u00e1rio sai nesta quarta e injeta mais de R$ 134 milh\u00f5es na economia paraibana\",\"datePublished\":\"2017-06-14T02:10:14+00:00\",\"mainEntityOfPage\":{\"@id\":\"https:\/\/noticiasemdestaque.com\/cd\/?p=502\"},\"wordCount\":178,\"publisher\":{\"@id\":\"https:\/\/noticiasemdestaque.com\/cd\/#organization\"},\"image\":{\"@id\":\"https:\/\/noticiasemdestaque.com\/cd\/?p=502#primaryimage\"},\"thumbnailUrl\":\"https:\/\/noticiasemdestaque.com\/cd\/wp-content\/uploads\/2017\/06\/pagamento_de_salario_foto_jose_lins_21-270x192.jpg\",\"articleSection\":[\"Pol\u00edtica\"],\"inLanguage\":\"pt-BR\"},{\"@type\":\"WebPage\",\"@id\":\"https:\/\/noticiasemdestaque.com\/cd\/?p=502\",\"url\":\"https:\/\/noticiasemdestaque.com\/cd\/?p=502\",\"name\":\"Parcela do 13\u00ba sal\u00e1rio sai nesta quarta e injeta mais de R$ 134 milh\u00f5es na economia paraibana - Not&iacute;cias em Destaque\",\"isPartOf\":{\"@id\":\"https:\/\/noticiasemdestaque.com\/cd\/#website\"},\"primaryImageOfPage\":{\"@id\":\"https:\/\/noticiasemdestaque.com\/cd\/?p=502#primaryimage\"},\"image\":{\"@id\":\"https:\/\/noticiasemdestaque.com\/cd\/?p=502#primaryimage\"},\"thumbnailUrl\":\"https:\/\/noticiasemdestaque.com\/cd\/wp-content\/uploads\/2017\/06\/pagamento_de_salario_foto_jose_lins_21-270x192.jpg\",\"datePublished\":\"2017-06-14T02:10:14+00:00\",\"breadcrumb\":{\"@id\":\"https:\/\/noticiasemdestaque.com\/cd\/?p=502#breadcrumb\"},\"inLanguage\":\"pt-BR\",\"potentialAction\":[{\"@type\":\"ReadAction\",\"target\":[\"https:\/\/noticiasemdestaque.com\/cd\/?p=502\"]}]},{\"@type\":\"ImageObject\",\"inLanguage\":\"pt-BR\",\"@id\":\"https:\/\/noticiasemdestaque.com\/cd\/?p=502#primaryimage\",\"url\":\"https:\/\/noticiasemdestaque.com\/cd\/wp-content\/uploads\/2017\/06\/pagamento_de_salario_foto_jose_lins_21-270x192.jpg\",\"contentUrl\":\"https:\/\/noticiasemdestaque.com\/cd\/wp-content\/uploads\/2017\/06\/pagamento_de_salario_foto_jose_lins_21-270x192.jpg\",\"width\":270,\"height\":192},{\"@type\":\"BreadcrumbList\",\"@id\":\"https:\/\/noticiasemdestaque.com\/cd\/?p=502#breadcrumb\",\"itemListElement\":[{\"@type\":\"ListItem\",\"position\":1,\"name\":\"In\u00edcio\",\"item\":\"https:\/\/noticiasemdestaque.com\/cd\/\"},{\"@type\":\"ListItem\",\"position\":2,\"name\":\"Parcela do 13\u00ba sal\u00e1rio sai nesta quarta e injeta mais de R$ 134 milh\u00f5es na economia paraibana\"}]},{\"@type\":\"WebSite\",\"@id\":\"https:\/\/noticiasemdestaque.com\/cd\/#website\",\"url\":\"https:\/\/noticiasemdestaque.com\/cd\/\",\"name\":\"Not&iacute;cias em Destaque\",\"description\":\"\",\"publisher\":{\"@id\":\"https:\/\/noticiasemdestaque.com\/cd\/#organization\"},\"potentialAction\":[{\"@type\":\"SearchAction\",\"target\":{\"@type\":\"EntryPoint\",\"urlTemplate\":\"https:\/\/noticiasemdestaque.com\/cd\/?s={search_term_string}\"},\"query-input\":{\"@type\":\"PropertyValueSpecification\",\"valueRequired\":true,\"valueName\":\"search_term_string\"}}],\"inLanguage\":\"pt-BR\"},{\"@type\":\"Organization\",\"@id\":\"https:\/\/noticiasemdestaque.com\/cd\/#organization\",\"name\":\"Not\u00edcias em Destaque\",\"url\":\"https:\/\/noticiasemdestaque.com\/cd\/\",\"logo\":{\"@type\":\"ImageObject\",\"inLanguage\":\"pt-BR\",\"@id\":\"https:\/\/noticiasemdestaque.com\/cd\/#\/schema\/logo\/image\/\",\"url\":\"https:\/\/noticiasemdestaque.com\/cd\/wp-content\/uploads\/2022\/05\/imagem-base-noticiasemdestaque.png\",\"contentUrl\":\"https:\/\/noticiasemdestaque.com\/cd\/wp-content\/uploads\/2022\/05\/imagem-base-noticiasemdestaque.png\",\"width\":1200,\"height\":630,\"caption\":\"Not\u00edcias em Destaque\"},\"image\":{\"@id\":\"https:\/\/noticiasemdestaque.com\/cd\/#\/schema\/logo\/image\/\"}},{\"@type\":\"Person\",\"@id\":\"https:\/\/noticiasemdestaque.com\/cd\/#\/schema\/person\/45ca272b3e1246ef14ebb78a48dbb218\",\"name\":\"Not\u00edcias em Destaque\",\"url\":\"https:\/\/noticiasemdestaque.com\/cd\/?author=2\"}]}<\/script>\n<!-- \/ Yoast SEO plugin. -->","yoast_head_json":{"title":"Parcela do 13\u00ba sal\u00e1rio sai nesta quarta e injeta mais de R$ 134 milh\u00f5es na economia paraibana - Not&iacute;cias em Destaque","robots":{"index":"index","follow":"follow","max-snippet":"max-snippet:-1","max-image-preview":"max-image-preview:large","max-video-preview":"max-video-preview:-1"},"canonical":"https:\/\/noticiasemdestaque.com\/cd\/?p=502","og_locale":"pt_BR","og_type":"article","og_title":"Parcela do 13\u00ba sal\u00e1rio sai nesta quarta e injeta mais de R$ 134 milh\u00f5es na economia paraibana - Not&iacute;cias em Destaque","og_description":"De acordo com dados da Secretaria de Estado da Administra\u00e7\u00e3o (Sead), o pagamento da primeira parcela do 13\u00ba sal\u00e1rio aos servidores e professores da UEPB totaliza mais de R$ 7,49 milh\u00f5es, al\u00e9m de R$ 127 milh\u00f5es com os demais servidores. O an\u00fancio da primeira parcela do 13\u00ba sal\u00e1rio foi feito pelo governador Ricardo Coutinho no dia 5 deste m\u00eas. Na ocasi\u00e3o, Ricardo destacou que a medida \u00e9 adotada desde a sua primeira gest\u00e3o, em 2011. \u201c\u00c9 um compromisso que fazia ainda quando era prefeito, ativando o com\u00e9rcio. Neste dia 14, vou repassar, pela primeira vez, a metade do 13\u00ba sal\u00e1rio aos professores e aos funcion\u00e1rios da UEPB\u201d, pontuou. O chefe do Executivo paraibano destacou, ainda, que a decis\u00e3o de antecipar a primeira parcela do 13\u00ba sal\u00e1rio dos professores e servidores da UEPB foi tomada ainda no in\u00edcio do ano. \u201c\u00c9 uma quest\u00e3o de respeito para com os servidores e professores da UEPB\u201d, ressaltou. Cariri em Destaque","og_url":"https:\/\/noticiasemdestaque.com\/cd\/?p=502","og_site_name":"Not&iacute;cias em Destaque","article_published_time":"2017-06-14T02:10:14+00:00","og_image":[{"width":270,"height":192,"url":"https:\/\/noticiasemdestaque.com\/cd\/wp-content\/uploads\/2017\/06\/pagamento_de_salario_foto_jose_lins_21-270x192.jpg","type":"image\/jpeg"}],"author":"Not\u00edcias em Destaque","twitter_card":"summary_large_image","twitter_misc":{"Escrito por":"Not\u00edcias em Destaque","Est. tempo de leitura":"1 minuto"},"schema":{"@context":"https:\/\/schema.org","@graph":[{"@type":"Article","@id":"https:\/\/noticiasemdestaque.com\/cd\/?p=502#article","isPartOf":{"@id":"https:\/\/noticiasemdestaque.com\/cd\/?p=502"},"author":{"name":"Not\u00edcias em Destaque","@id":"https:\/\/noticiasemdestaque.com\/cd\/#\/schema\/person\/45ca272b3e1246ef14ebb78a48dbb218"},"headline":"Parcela do 13\u00ba sal\u00e1rio sai nesta quarta e injeta mais de R$ 134 milh\u00f5es na economia paraibana","datePublished":"2017-06-14T02:10:14+00:00","mainEntityOfPage":{"@id":"https:\/\/noticiasemdestaque.com\/cd\/?p=502"},"wordCount":178,"publisher":{"@id":"https:\/\/noticiasemdestaque.com\/cd\/#organization"},"image":{"@id":"https:\/\/noticiasemdestaque.com\/cd\/?p=502#primaryimage"},"thumbnailUrl":"https:\/\/noticiasemdestaque.com\/cd\/wp-content\/uploads\/2017\/06\/pagamento_de_salario_foto_jose_lins_21-270x192.jpg","articleSection":["Pol\u00edtica"],"inLanguage":"pt-BR"},{"@type":"WebPage","@id":"https:\/\/noticiasemdestaque.com\/cd\/?p=502","url":"https:\/\/noticiasemdestaque.com\/cd\/?p=502","name":"Parcela do 13\u00ba sal\u00e1rio sai nesta quarta e injeta mais de R$ 134 milh\u00f5es na economia paraibana - Not&iacute;cias em Destaque","isPartOf":{"@id":"https:\/\/noticiasemdestaque.com\/cd\/#website"},"primaryImageOfPage":{"@id":"https:\/\/noticiasemdestaque.com\/cd\/?p=502#primaryimage"},"image":{"@id":"https:\/\/noticiasemdestaque.com\/cd\/?p=502#primaryimage"},"thumbnailUrl":"https:\/\/noticiasemdestaque.com\/cd\/wp-content\/uploads\/2017\/06\/pagamento_de_salario_foto_jose_lins_21-270x192.jpg","datePublished":"2017-06-14T02:10:14+00:00","breadcrumb":{"@id":"https:\/\/noticiasemdestaque.com\/cd\/?p=502#breadcrumb"},"inLanguage":"pt-BR","potentialAction":[{"@type":"ReadAction","target":["https:\/\/noticiasemdestaque.com\/cd\/?p=502"]}]},{"@type":"ImageObject","inLanguage":"pt-BR","@id":"https:\/\/noticiasemdestaque.com\/cd\/?p=502#primaryimage","url":"https:\/\/noticiasemdestaque.com\/cd\/wp-content\/uploads\/2017\/06\/pagamento_de_salario_foto_jose_lins_21-270x192.jpg","contentUrl":"https:\/\/noticiasemdestaque.com\/cd\/wp-content\/uploads\/2017\/06\/pagamento_de_salario_foto_jose_lins_21-270x192.jpg","width":270,"height":192},{"@type":"BreadcrumbList","@id":"https:\/\/noticiasemdestaque.com\/cd\/?p=502#breadcrumb","itemListElement":[{"@type":"ListItem","position":1,"name":"In\u00edcio","item":"https:\/\/noticiasemdestaque.com\/cd\/"},{"@type":"ListItem","position":2,"name":"Parcela do 13\u00ba sal\u00e1rio sai nesta quarta e injeta mais de R$ 134 milh\u00f5es na economia paraibana"}]},{"@type":"WebSite","@id":"https:\/\/noticiasemdestaque.com\/cd\/#website","url":"https:\/\/noticiasemdestaque.com\/cd\/","name":"Not&iacute;cias em Destaque","description":"","publisher":{"@id":"https:\/\/noticiasemdestaque.com\/cd\/#organization"},"potentialAction":[{"@type":"SearchAction","target":{"@type":"EntryPoint","urlTemplate":"https:\/\/noticiasemdestaque.com\/cd\/?s={search_term_string}"},"query-input":{"@type":"PropertyValueSpecification","valueRequired":true,"valueName":"search_term_string"}}],"inLanguage":"pt-BR"},{"@type":"Organization","@id":"https:\/\/noticiasemdestaque.com\/cd\/#organization","name":"Not\u00edcias em Destaque","url":"https:\/\/noticiasemdestaque.com\/cd\/","logo":{"@type":"ImageObject","inLanguage":"pt-BR","@id":"https:\/\/noticiasemdestaque.com\/cd\/#\/schema\/logo\/image\/","url":"https:\/\/noticiasemdestaque.com\/cd\/wp-content\/uploads\/2022\/05\/imagem-base-noticiasemdestaque.png","contentUrl":"https:\/\/noticiasemdestaque.com\/cd\/wp-content\/uploads\/2022\/05\/imagem-base-noticiasemdestaque.png","width":1200,"height":630,"caption":"Not\u00edcias em Destaque"},"image":{"@id":"https:\/\/noticiasemdestaque.com\/cd\/#\/schema\/logo\/image\/"}},{"@type":"Person","@id":"https:\/\/noticiasemdestaque.com\/cd\/#\/schema\/person\/45ca272b3e1246ef14ebb78a48dbb218","name":"Not\u00edcias em Destaque","url":"https:\/\/noticiasemdestaque.com\/cd\/?author=2"}]}},"jetpack_featured_media_url":"https:\/\/noticiasemdestaque.com\/cd\/wp-content\/uploads\/2017\/06\/pagamento_de_salario_foto_jose_lins_21-270x192.jpg","jetpack_sharing_enabled":true,"_links":{"self":[{"href":"https:\/\/noticiasemdestaque.com\/cd\/index.php?rest_route=\/wp\/v2\/posts\/502","targetHints":{"allow":["GET"]}}],"collection":[{"href":"https:\/\/noticiasemdestaque.com\/cd\/index.php?rest_route=\/wp\/v2\/posts"}],"about":[{"href":"https:\/\/noticiasemdestaque.com\/cd\/index.php?rest_route=\/wp\/v2\/types\/post"}],"author":[{"embeddable":true,"href":"https:\/\/noticiasemdestaque.com\/cd\/index.php?rest_route=\/wp\/v2\/users\/2"}],"replies":[{"embeddable":true,"href":"https:\/\/noticiasemdestaque.com\/cd\/index.php?rest_route=%2Fwp%2Fv2%2Fcomments&post=502"}],"version-history":[{"count":1,"href":"https:\/\/noticiasemdestaque.com\/cd\/index.php?rest_route=\/wp\/v2\/posts\/502\/revisions"}],"predecessor-version":[{"id":504,"href":"https:\/\/noticiasemdestaque.com\/cd\/index.php?rest_route=\/wp\/v2\/posts\/502\/revisions\/504"}],"wp:featuredmedia":[{"embeddable":true,"href":"https:\/\/noticiasemdestaque.com\/cd\/index.php?rest_route=\/wp\/v2\/media\/503"}],"wp:attachment":[{"href":"https:\/\/noticiasemdestaque.com\/cd\/index.php?rest_route=%2Fwp%2Fv2%2Fmedia&parent=502"}],"wp:term":[{"taxonomy":"category","embeddable":true,"href":"https:\/\/noticiasemdestaque.com\/cd\/index.php?rest_route=%2Fwp%2Fv2%2Fcategories&post=502"},{"taxonomy":"post_tag","embeddable":true,"href":"https:\/\/noticiasemdestaque.com\/cd\/index.php?rest_route=%2Fwp%2Fv2%2Ftags&post=502"}],"curies":[{"name":"wp","href":"https:\/\/api.w.org\/{rel}","templated":true}]}}