{"id":5019,"date":"2017-10-07T08:47:27","date_gmt":"2017-10-07T11:47:27","guid":{"rendered":"http:\/\/caririemdestaque.com\/cd\/?p=5019"},"modified":"2017-10-07T08:47:27","modified_gmt":"2017-10-07T11:47:27","slug":"cidades-do-cariri-recebem-profissionais-para-novo-ciclo-do-programa-mais-medicos","status":"publish","type":"post","link":"https:\/\/noticiasemdestaque.com\/cd\/?p=5019","title":{"rendered":"Cidades do Cariri recebem profissionais para novo ciclo do programa \u201cMais M\u00e9dicos\u201d"},"content":{"rendered":"<figure id=\"attachment_5020\" aria-describedby=\"caption-attachment-5020\" style=\"width: 150px\" class=\"wp-caption alignleft\"><a href=\"http:\/\/caririemdestaque.com\/cd\/wp-content\/uploads\/2017\/10\/ses_paraiba_recebe_19_profissionais_ciclo_do_mais_medicos_foto_ricardo_puppe_3-768x513.jpg\"><img decoding=\"async\" class=\"size-thumbnail wp-image-5020\" src=\"http:\/\/caririemdestaque.com\/cd\/wp-content\/uploads\/2017\/10\/ses_paraiba_recebe_19_profissionais_ciclo_do_mais_medicos_foto_ricardo_puppe_3-768x513-150x150.jpg\" alt=\"\" width=\"150\" height=\"150\" \/><\/a><figcaption id=\"caption-attachment-5020\" class=\"wp-caption-text\">Foto: Ricardo Puppe<\/figcaption><\/figure>\n<p>A Para\u00edba recebeu\u00a0na tarde desta sexta-feira (6), 19 profissionais que v\u00e3o atuar no programa federal Mais M\u00e9dicos. Eles fazem parte do 14\u00ba ciclo do programa. S\u00e3o intercambistas (brasileiros e estrangeiros) e fizeram a adapta\u00e7\u00e3o para o programa durante um m\u00eas em Bras\u00edlia. Os m\u00e9dicos desembarcaram no Aeroporto Internacional Presidente Castro Pinto, em Jo\u00e3o Pessoa e foram recepcionados por equipes do Governo do Estado e do Minist\u00e9rio da Sa\u00fade. Eles come\u00e7am a trabalhar j\u00e1 nesta segunda-feira (9) em 13 munic\u00edpios paraibanos.<\/p>\n<p>No Cariri, os novos profissionais foram designados para os munic\u00edpios de\u00a0Barra de S\u00e3o Miguel (1),\u00a0Monteiro (1) e\u00a0 Sum\u00e9 (2). Para as demais regi\u00f5es do estado: Bayeux (1), Bel\u00e9m do Brejo do Cruz (1), Campina Grande (2), Cuit\u00e9 (1), Guarabira (1), Jo\u00e3o Pessoa (2), , Nova Palmeira (1), Santa Cruz (1), Santa Rita (3), Sousa (2).<\/p>\n<p>\u201cO Mais M\u00e9dicos j\u00e1 est\u00e1 consolidado na Para\u00edba porque trouxe mudan\u00e7as significativas relacionadas ao fortalecimento da Aten\u00e7\u00e3o B\u00e1sica, bem como a melhoria e humaniza\u00e7\u00e3o do atendimento aos usu\u00e1rios, especialmente nas \u00e1reas de maior vulnerabilidade. Al\u00e9m de tudo isso, o Programa prev\u00ea a\u00e7\u00f5es estruturantes voltadas \u00e0 expans\u00e3o e descentraliza\u00e7\u00e3o da forma\u00e7\u00e3o m\u00e9dica\u201d, informou a gerente operacional da Aten\u00e7\u00e3o B\u00e1sica em Sa\u00fade, da Secretaria de Estado da Sa\u00fade (SES), Rosiani Videres.<\/p>\n<p>Rosiani avalia que a ades\u00e3o dos profissionais ao Programa tem sido cada vez maior. \u201cO profissional m\u00e9dico brasileiro vem demonstrando maior interesse pela ideologia do programa, a prova disso \u00e9 que a cada ciclo aumenta a ades\u00e3o. Al\u00e9m disso, os profissionais t\u00eam a garantia de realizar a especializa\u00e7\u00e3o em Aten\u00e7\u00e3o B\u00e1sica.<\/p>\n<p>O m\u00e9dico Rodolfo Romero \u00e9 de Jo\u00e3o Pessoa. Ele fez a especializa\u00e7\u00e3o por seis anos na Bol\u00edvia; acolhimento em Bras\u00edlia e vai atuar em Santa Rita. \u201cFico feliz de trabalhar no meu pa\u00eds e perto da minha fam\u00edlia. Espero poder ajudar a comunidade, desempenhando um bom papel e entregando servi\u00e7o de excel\u00eancia a todos\u201d, comentou.<\/p>\n<p><strong>Na Para\u00edba<\/strong>\u00a0\u2013 At\u00e9 o momento, 381 profissionais atuam no Programa Mais M\u00e9dicos na Para\u00edba, distribu\u00eddos em 129 munic\u00edpios. S\u00e3o 194 brasileiros, 50 intercambistas (brasileiros e de outras nacionalidades) e 137 cooperados cubanos.<\/p>\n<p><strong>Mais M\u00e9dicos \u2013\u00a0<\/strong>Lan\u00e7ado pela Presid\u00eancia da Rep\u00fablica, no dia 8 de julho de 2013, o programa faz parte de um amplo pacto de melhoria do atendimento aos usu\u00e1rios do SUS, firmado com estados e munic\u00edpios, com o objetivo de acelerar os investimentos em infraestrutura nos hospitais e unidades de sa\u00fade e ampliar o n\u00famero de m\u00e9dicos nas regi\u00f5es carentes do pa\u00eds.<\/p>\n<p><em>Fonte: Secom PB<\/em><\/p>\n<p>&nbsp;<\/p>\n","protected":false},"excerpt":{"rendered":"<p>A Para\u00edba recebeu\u00a0na tarde desta sexta-feira (6), 19 profissionais que v\u00e3o atuar no programa federal Mais M\u00e9dicos. Eles fazem parte do 14\u00ba ciclo do programa. S\u00e3o intercambistas (brasileiros e estrangeiros) e fizeram a adapta\u00e7\u00e3o para o programa durante um m\u00eas em Bras\u00edlia. Os m\u00e9dicos desembarcaram no Aeroporto Internacional Presidente Castro Pinto, em Jo\u00e3o Pessoa e foram recepcionados por equipes do Governo do Estado e do Minist\u00e9rio da Sa\u00fade. Eles come\u00e7am a trabalhar j\u00e1 nesta segunda-feira (9) em 13 munic\u00edpios paraibanos. No Cariri, os novos profissionais foram designados para os munic\u00edpios de\u00a0Barra de S\u00e3o Miguel (1),\u00a0Monteiro (1) e\u00a0 Sum\u00e9 (2). Para as demais regi\u00f5es do estado: Bayeux (1), Bel\u00e9m do Brejo do Cruz (1), Campina Grande (2), Cuit\u00e9 (1), Guarabira (1), Jo\u00e3o Pessoa (2), , Nova Palmeira (1), Santa Cruz (1), Santa Rita (3), Sousa (2). \u201cO Mais M\u00e9dicos j\u00e1 est\u00e1 consolidado na Para\u00edba porque trouxe mudan\u00e7as significativas relacionadas ao fortalecimento da Aten\u00e7\u00e3o B\u00e1sica, bem como a melhoria e humaniza\u00e7\u00e3o do atendimento aos usu\u00e1rios, especialmente nas \u00e1reas de maior vulnerabilidade. Al\u00e9m de tudo isso, o Programa prev\u00ea a\u00e7\u00f5es estruturantes voltadas \u00e0 expans\u00e3o e descentraliza\u00e7\u00e3o da forma\u00e7\u00e3o m\u00e9dica\u201d, informou a gerente operacional da Aten\u00e7\u00e3o B\u00e1sica em Sa\u00fade, da Secretaria de Estado da Sa\u00fade (SES), Rosiani Videres. Rosiani avalia que a ades\u00e3o dos profissionais ao Programa tem sido cada vez maior. \u201cO profissional m\u00e9dico brasileiro vem demonstrando maior interesse pela ideologia do programa, a prova disso \u00e9 que a cada ciclo aumenta a ades\u00e3o. Al\u00e9m disso, os profissionais t\u00eam a garantia de realizar a especializa\u00e7\u00e3o em Aten\u00e7\u00e3o B\u00e1sica. O m\u00e9dico Rodolfo Romero \u00e9 de Jo\u00e3o Pessoa. Ele fez a especializa\u00e7\u00e3o por seis anos na Bol\u00edvia; acolhimento em Bras\u00edlia e vai atuar em Santa Rita. \u201cFico feliz de trabalhar no meu pa\u00eds e perto da minha fam\u00edlia. Espero poder ajudar a comunidade, desempenhando um bom papel e entregando servi\u00e7o de excel\u00eancia a todos\u201d, comentou. Na Para\u00edba\u00a0\u2013 At\u00e9 o momento, 381 profissionais atuam no Programa Mais M\u00e9dicos na Para\u00edba, distribu\u00eddos em 129 munic\u00edpios. S\u00e3o 194 brasileiros, 50 intercambistas (brasileiros e de outras nacionalidades) e 137 cooperados cubanos. Mais M\u00e9dicos \u2013\u00a0Lan\u00e7ado pela Presid\u00eancia da Rep\u00fablica, no dia 8 de julho de 2013, o programa faz parte de um amplo pacto de melhoria do atendimento aos usu\u00e1rios do SUS, firmado com estados e munic\u00edpios, com o objetivo de acelerar os investimentos em infraestrutura nos hospitais e unidades de sa\u00fade e ampliar o n\u00famero de m\u00e9dicos nas regi\u00f5es carentes do pa\u00eds. Fonte: Secom PB &nbsp;<\/p>\n","protected":false},"author":2,"featured_media":5020,"comment_status":"closed","ping_status":"open","sticky":false,"template":"","format":"standard","meta":{"_eb_attr":"","_jetpack_memberships_contains_paid_content":false,"footnotes":""},"categories":[8],"tags":[],"class_list":["post-5019","post","type-post","status-publish","format-standard","has-post-thumbnail","hentry","category-saude"],"yoast_head":"<!-- This site is optimized with the Yoast SEO plugin v26.5 - https:\/\/yoast.com\/wordpress\/plugins\/seo\/ -->\n<title>Cidades do Cariri recebem profissionais para novo ciclo do programa \u201cMais M\u00e9dicos\u201d - Not&iacute;cias em Destaque<\/title>\n<meta name=\"robots\" content=\"index, follow, max-snippet:-1, max-image-preview:large, max-video-preview:-1\" \/>\n<link rel=\"canonical\" href=\"https:\/\/noticiasemdestaque.com\/cd\/?p=5019\" \/>\n<meta property=\"og:locale\" content=\"pt_BR\" \/>\n<meta property=\"og:type\" content=\"article\" \/>\n<meta property=\"og:title\" content=\"Cidades do Cariri recebem profissionais para novo ciclo do programa \u201cMais M\u00e9dicos\u201d - Not&iacute;cias em Destaque\" \/>\n<meta property=\"og:description\" content=\"A Para\u00edba recebeu\u00a0na tarde desta sexta-feira (6), 19 profissionais que v\u00e3o atuar no programa federal Mais M\u00e9dicos. Eles fazem parte do 14\u00ba ciclo do programa. S\u00e3o intercambistas (brasileiros e estrangeiros) e fizeram a adapta\u00e7\u00e3o para o programa durante um m\u00eas em Bras\u00edlia. Os m\u00e9dicos desembarcaram no Aeroporto Internacional Presidente Castro Pinto, em Jo\u00e3o Pessoa e foram recepcionados por equipes do Governo do Estado e do Minist\u00e9rio da Sa\u00fade. Eles come\u00e7am a trabalhar j\u00e1 nesta segunda-feira (9) em 13 munic\u00edpios paraibanos. No Cariri, os novos profissionais foram designados para os munic\u00edpios de\u00a0Barra de S\u00e3o Miguel (1),\u00a0Monteiro (1) e\u00a0 Sum\u00e9 (2). Para as demais regi\u00f5es do estado: Bayeux (1), Bel\u00e9m do Brejo do Cruz (1), Campina Grande (2), Cuit\u00e9 (1), Guarabira (1), Jo\u00e3o Pessoa (2), , Nova Palmeira (1), Santa Cruz (1), Santa Rita (3), Sousa (2). \u201cO Mais M\u00e9dicos j\u00e1 est\u00e1 consolidado na Para\u00edba porque trouxe mudan\u00e7as significativas relacionadas ao fortalecimento da Aten\u00e7\u00e3o B\u00e1sica, bem como a melhoria e humaniza\u00e7\u00e3o do atendimento aos usu\u00e1rios, especialmente nas \u00e1reas de maior vulnerabilidade. Al\u00e9m de tudo isso, o Programa prev\u00ea a\u00e7\u00f5es estruturantes voltadas \u00e0 expans\u00e3o e descentraliza\u00e7\u00e3o da forma\u00e7\u00e3o m\u00e9dica\u201d, informou a gerente operacional da Aten\u00e7\u00e3o B\u00e1sica em Sa\u00fade, da Secretaria de Estado da Sa\u00fade (SES), Rosiani Videres. Rosiani avalia que a ades\u00e3o dos profissionais ao Programa tem sido cada vez maior. \u201cO profissional m\u00e9dico brasileiro vem demonstrando maior interesse pela ideologia do programa, a prova disso \u00e9 que a cada ciclo aumenta a ades\u00e3o. Al\u00e9m disso, os profissionais t\u00eam a garantia de realizar a especializa\u00e7\u00e3o em Aten\u00e7\u00e3o B\u00e1sica. O m\u00e9dico Rodolfo Romero \u00e9 de Jo\u00e3o Pessoa. Ele fez a especializa\u00e7\u00e3o por seis anos na Bol\u00edvia; acolhimento em Bras\u00edlia e vai atuar em Santa Rita. \u201cFico feliz de trabalhar no meu pa\u00eds e perto da minha fam\u00edlia. Espero poder ajudar a comunidade, desempenhando um bom papel e entregando servi\u00e7o de excel\u00eancia a todos\u201d, comentou. Na Para\u00edba\u00a0\u2013 At\u00e9 o momento, 381 profissionais atuam no Programa Mais M\u00e9dicos na Para\u00edba, distribu\u00eddos em 129 munic\u00edpios. S\u00e3o 194 brasileiros, 50 intercambistas (brasileiros e de outras nacionalidades) e 137 cooperados cubanos. Mais M\u00e9dicos \u2013\u00a0Lan\u00e7ado pela Presid\u00eancia da Rep\u00fablica, no dia 8 de julho de 2013, o programa faz parte de um amplo pacto de melhoria do atendimento aos usu\u00e1rios do SUS, firmado com estados e munic\u00edpios, com o objetivo de acelerar os investimentos em infraestrutura nos hospitais e unidades de sa\u00fade e ampliar o n\u00famero de m\u00e9dicos nas regi\u00f5es carentes do pa\u00eds. Fonte: Secom PB &nbsp;\" \/>\n<meta property=\"og:url\" content=\"https:\/\/noticiasemdestaque.com\/cd\/?p=5019\" \/>\n<meta property=\"og:site_name\" content=\"Not&iacute;cias em Destaque\" \/>\n<meta property=\"article:published_time\" content=\"2017-10-07T11:47:27+00:00\" \/>\n<meta property=\"og:image\" content=\"https:\/\/noticiasemdestaque.com\/cd\/wp-content\/uploads\/2017\/10\/ses_paraiba_recebe_19_profissionais_ciclo_do_mais_medicos_foto_ricardo_puppe_3-768x513.jpg\" \/>\n\t<meta property=\"og:image:width\" content=\"768\" \/>\n\t<meta property=\"og:image:height\" content=\"513\" \/>\n\t<meta property=\"og:image:type\" content=\"image\/jpeg\" \/>\n<meta name=\"author\" content=\"Not\u00edcias em Destaque\" \/>\n<meta name=\"twitter:card\" content=\"summary_large_image\" \/>\n<meta name=\"twitter:label1\" content=\"Escrito por\" \/>\n\t<meta name=\"twitter:data1\" content=\"Not\u00edcias em Destaque\" \/>\n\t<meta name=\"twitter:label2\" content=\"Est. tempo de leitura\" \/>\n\t<meta name=\"twitter:data2\" content=\"2 minutos\" \/>\n<script type=\"application\/ld+json\" class=\"yoast-schema-graph\">{\"@context\":\"https:\/\/schema.org\",\"@graph\":[{\"@type\":\"Article\",\"@id\":\"https:\/\/noticiasemdestaque.com\/cd\/?p=5019#article\",\"isPartOf\":{\"@id\":\"https:\/\/noticiasemdestaque.com\/cd\/?p=5019\"},\"author\":{\"name\":\"Not\u00edcias em Destaque\",\"@id\":\"https:\/\/noticiasemdestaque.com\/cd\/#\/schema\/person\/21320b03a7e8bb90128938dafc9b908a\"},\"headline\":\"Cidades do Cariri recebem profissionais para novo ciclo do programa \u201cMais M\u00e9dicos\u201d\",\"datePublished\":\"2017-10-07T11:47:27+00:00\",\"mainEntityOfPage\":{\"@id\":\"https:\/\/noticiasemdestaque.com\/cd\/?p=5019\"},\"wordCount\":473,\"publisher\":{\"@id\":\"https:\/\/noticiasemdestaque.com\/cd\/#organization\"},\"image\":{\"@id\":\"https:\/\/noticiasemdestaque.com\/cd\/?p=5019#primaryimage\"},\"thumbnailUrl\":\"https:\/\/noticiasemdestaque.com\/cd\/wp-content\/uploads\/2017\/10\/ses_paraiba_recebe_19_profissionais_ciclo_do_mais_medicos_foto_ricardo_puppe_3-768x513.jpg\",\"articleSection\":[\"Sa\u00fade\"],\"inLanguage\":\"pt-BR\"},{\"@type\":\"WebPage\",\"@id\":\"https:\/\/noticiasemdestaque.com\/cd\/?p=5019\",\"url\":\"https:\/\/noticiasemdestaque.com\/cd\/?p=5019\",\"name\":\"Cidades do Cariri recebem profissionais para novo ciclo do programa \u201cMais M\u00e9dicos\u201d - Not&iacute;cias em Destaque\",\"isPartOf\":{\"@id\":\"https:\/\/noticiasemdestaque.com\/cd\/#website\"},\"primaryImageOfPage\":{\"@id\":\"https:\/\/noticiasemdestaque.com\/cd\/?p=5019#primaryimage\"},\"image\":{\"@id\":\"https:\/\/noticiasemdestaque.com\/cd\/?p=5019#primaryimage\"},\"thumbnailUrl\":\"https:\/\/noticiasemdestaque.com\/cd\/wp-content\/uploads\/2017\/10\/ses_paraiba_recebe_19_profissionais_ciclo_do_mais_medicos_foto_ricardo_puppe_3-768x513.jpg\",\"datePublished\":\"2017-10-07T11:47:27+00:00\",\"breadcrumb\":{\"@id\":\"https:\/\/noticiasemdestaque.com\/cd\/?p=5019#breadcrumb\"},\"inLanguage\":\"pt-BR\",\"potentialAction\":[{\"@type\":\"ReadAction\",\"target\":[\"https:\/\/noticiasemdestaque.com\/cd\/?p=5019\"]}]},{\"@type\":\"ImageObject\",\"inLanguage\":\"pt-BR\",\"@id\":\"https:\/\/noticiasemdestaque.com\/cd\/?p=5019#primaryimage\",\"url\":\"https:\/\/noticiasemdestaque.com\/cd\/wp-content\/uploads\/2017\/10\/ses_paraiba_recebe_19_profissionais_ciclo_do_mais_medicos_foto_ricardo_puppe_3-768x513.jpg\",\"contentUrl\":\"https:\/\/noticiasemdestaque.com\/cd\/wp-content\/uploads\/2017\/10\/ses_paraiba_recebe_19_profissionais_ciclo_do_mais_medicos_foto_ricardo_puppe_3-768x513.jpg\",\"width\":768,\"height\":513,\"caption\":\"Foto: Ricardo Puppe\"},{\"@type\":\"BreadcrumbList\",\"@id\":\"https:\/\/noticiasemdestaque.com\/cd\/?p=5019#breadcrumb\",\"itemListElement\":[{\"@type\":\"ListItem\",\"position\":1,\"name\":\"In\u00edcio\",\"item\":\"https:\/\/noticiasemdestaque.com\/cd\/\"},{\"@type\":\"ListItem\",\"position\":2,\"name\":\"Cidades do Cariri recebem profissionais para novo ciclo do programa \u201cMais M\u00e9dicos\u201d\"}]},{\"@type\":\"WebSite\",\"@id\":\"https:\/\/noticiasemdestaque.com\/cd\/#website\",\"url\":\"https:\/\/noticiasemdestaque.com\/cd\/\",\"name\":\"Not&iacute;cias em Destaque\",\"description\":\"\",\"publisher\":{\"@id\":\"https:\/\/noticiasemdestaque.com\/cd\/#organization\"},\"potentialAction\":[{\"@type\":\"SearchAction\",\"target\":{\"@type\":\"EntryPoint\",\"urlTemplate\":\"https:\/\/noticiasemdestaque.com\/cd\/?s={search_term_string}\"},\"query-input\":{\"@type\":\"PropertyValueSpecification\",\"valueRequired\":true,\"valueName\":\"search_term_string\"}}],\"inLanguage\":\"pt-BR\"},{\"@type\":\"Organization\",\"@id\":\"https:\/\/noticiasemdestaque.com\/cd\/#organization\",\"name\":\"Not\u00edcias em Destaque\",\"url\":\"https:\/\/noticiasemdestaque.com\/cd\/\",\"logo\":{\"@type\":\"ImageObject\",\"inLanguage\":\"pt-BR\",\"@id\":\"https:\/\/noticiasemdestaque.com\/cd\/#\/schema\/logo\/image\/\",\"url\":\"https:\/\/noticiasemdestaque.com\/cd\/wp-content\/uploads\/2022\/05\/imagem-base-noticiasemdestaque.png\",\"contentUrl\":\"https:\/\/noticiasemdestaque.com\/cd\/wp-content\/uploads\/2022\/05\/imagem-base-noticiasemdestaque.png\",\"width\":1200,\"height\":630,\"caption\":\"Not\u00edcias em Destaque\"},\"image\":{\"@id\":\"https:\/\/noticiasemdestaque.com\/cd\/#\/schema\/logo\/image\/\"}},{\"@type\":\"Person\",\"@id\":\"https:\/\/noticiasemdestaque.com\/cd\/#\/schema\/person\/21320b03a7e8bb90128938dafc9b908a\",\"name\":\"Not\u00edcias em Destaque\",\"url\":\"https:\/\/noticiasemdestaque.com\/cd\/?author=2\"}]}<\/script>\n<!-- \/ Yoast SEO plugin. -->","yoast_head_json":{"title":"Cidades do Cariri recebem profissionais para novo ciclo do programa \u201cMais M\u00e9dicos\u201d - Not&iacute;cias em Destaque","robots":{"index":"index","follow":"follow","max-snippet":"max-snippet:-1","max-image-preview":"max-image-preview:large","max-video-preview":"max-video-preview:-1"},"canonical":"https:\/\/noticiasemdestaque.com\/cd\/?p=5019","og_locale":"pt_BR","og_type":"article","og_title":"Cidades do Cariri recebem profissionais para novo ciclo do programa \u201cMais M\u00e9dicos\u201d - Not&iacute;cias em Destaque","og_description":"A Para\u00edba recebeu\u00a0na tarde desta sexta-feira (6), 19 profissionais que v\u00e3o atuar no programa federal Mais M\u00e9dicos. Eles fazem parte do 14\u00ba ciclo do programa. S\u00e3o intercambistas (brasileiros e estrangeiros) e fizeram a adapta\u00e7\u00e3o para o programa durante um m\u00eas em Bras\u00edlia. Os m\u00e9dicos desembarcaram no Aeroporto Internacional Presidente Castro Pinto, em Jo\u00e3o Pessoa e foram recepcionados por equipes do Governo do Estado e do Minist\u00e9rio da Sa\u00fade. Eles come\u00e7am a trabalhar j\u00e1 nesta segunda-feira (9) em 13 munic\u00edpios paraibanos. No Cariri, os novos profissionais foram designados para os munic\u00edpios de\u00a0Barra de S\u00e3o Miguel (1),\u00a0Monteiro (1) e\u00a0 Sum\u00e9 (2). Para as demais regi\u00f5es do estado: Bayeux (1), Bel\u00e9m do Brejo do Cruz (1), Campina Grande (2), Cuit\u00e9 (1), Guarabira (1), Jo\u00e3o Pessoa (2), , Nova Palmeira (1), Santa Cruz (1), Santa Rita (3), Sousa (2). \u201cO Mais M\u00e9dicos j\u00e1 est\u00e1 consolidado na Para\u00edba porque trouxe mudan\u00e7as significativas relacionadas ao fortalecimento da Aten\u00e7\u00e3o B\u00e1sica, bem como a melhoria e humaniza\u00e7\u00e3o do atendimento aos usu\u00e1rios, especialmente nas \u00e1reas de maior vulnerabilidade. Al\u00e9m de tudo isso, o Programa prev\u00ea a\u00e7\u00f5es estruturantes voltadas \u00e0 expans\u00e3o e descentraliza\u00e7\u00e3o da forma\u00e7\u00e3o m\u00e9dica\u201d, informou a gerente operacional da Aten\u00e7\u00e3o B\u00e1sica em Sa\u00fade, da Secretaria de Estado da Sa\u00fade (SES), Rosiani Videres. Rosiani avalia que a ades\u00e3o dos profissionais ao Programa tem sido cada vez maior. \u201cO profissional m\u00e9dico brasileiro vem demonstrando maior interesse pela ideologia do programa, a prova disso \u00e9 que a cada ciclo aumenta a ades\u00e3o. Al\u00e9m disso, os profissionais t\u00eam a garantia de realizar a especializa\u00e7\u00e3o em Aten\u00e7\u00e3o B\u00e1sica. O m\u00e9dico Rodolfo Romero \u00e9 de Jo\u00e3o Pessoa. Ele fez a especializa\u00e7\u00e3o por seis anos na Bol\u00edvia; acolhimento em Bras\u00edlia e vai atuar em Santa Rita. \u201cFico feliz de trabalhar no meu pa\u00eds e perto da minha fam\u00edlia. Espero poder ajudar a comunidade, desempenhando um bom papel e entregando servi\u00e7o de excel\u00eancia a todos\u201d, comentou. Na Para\u00edba\u00a0\u2013 At\u00e9 o momento, 381 profissionais atuam no Programa Mais M\u00e9dicos na Para\u00edba, distribu\u00eddos em 129 munic\u00edpios. S\u00e3o 194 brasileiros, 50 intercambistas (brasileiros e de outras nacionalidades) e 137 cooperados cubanos. Mais M\u00e9dicos \u2013\u00a0Lan\u00e7ado pela Presid\u00eancia da Rep\u00fablica, no dia 8 de julho de 2013, o programa faz parte de um amplo pacto de melhoria do atendimento aos usu\u00e1rios do SUS, firmado com estados e munic\u00edpios, com o objetivo de acelerar os investimentos em infraestrutura nos hospitais e unidades de sa\u00fade e ampliar o n\u00famero de m\u00e9dicos nas regi\u00f5es carentes do pa\u00eds. Fonte: Secom PB &nbsp;","og_url":"https:\/\/noticiasemdestaque.com\/cd\/?p=5019","og_site_name":"Not&iacute;cias em Destaque","article_published_time":"2017-10-07T11:47:27+00:00","og_image":[{"width":768,"height":513,"url":"https:\/\/noticiasemdestaque.com\/cd\/wp-content\/uploads\/2017\/10\/ses_paraiba_recebe_19_profissionais_ciclo_do_mais_medicos_foto_ricardo_puppe_3-768x513.jpg","type":"image\/jpeg"}],"author":"Not\u00edcias em Destaque","twitter_card":"summary_large_image","twitter_misc":{"Escrito por":"Not\u00edcias em Destaque","Est. tempo de leitura":"2 minutos"},"schema":{"@context":"https:\/\/schema.org","@graph":[{"@type":"Article","@id":"https:\/\/noticiasemdestaque.com\/cd\/?p=5019#article","isPartOf":{"@id":"https:\/\/noticiasemdestaque.com\/cd\/?p=5019"},"author":{"name":"Not\u00edcias em Destaque","@id":"https:\/\/noticiasemdestaque.com\/cd\/#\/schema\/person\/21320b03a7e8bb90128938dafc9b908a"},"headline":"Cidades do Cariri recebem profissionais para novo ciclo do programa \u201cMais M\u00e9dicos\u201d","datePublished":"2017-10-07T11:47:27+00:00","mainEntityOfPage":{"@id":"https:\/\/noticiasemdestaque.com\/cd\/?p=5019"},"wordCount":473,"publisher":{"@id":"https:\/\/noticiasemdestaque.com\/cd\/#organization"},"image":{"@id":"https:\/\/noticiasemdestaque.com\/cd\/?p=5019#primaryimage"},"thumbnailUrl":"https:\/\/noticiasemdestaque.com\/cd\/wp-content\/uploads\/2017\/10\/ses_paraiba_recebe_19_profissionais_ciclo_do_mais_medicos_foto_ricardo_puppe_3-768x513.jpg","articleSection":["Sa\u00fade"],"inLanguage":"pt-BR"},{"@type":"WebPage","@id":"https:\/\/noticiasemdestaque.com\/cd\/?p=5019","url":"https:\/\/noticiasemdestaque.com\/cd\/?p=5019","name":"Cidades do Cariri recebem profissionais para novo ciclo do programa \u201cMais M\u00e9dicos\u201d - Not&iacute;cias em Destaque","isPartOf":{"@id":"https:\/\/noticiasemdestaque.com\/cd\/#website"},"primaryImageOfPage":{"@id":"https:\/\/noticiasemdestaque.com\/cd\/?p=5019#primaryimage"},"image":{"@id":"https:\/\/noticiasemdestaque.com\/cd\/?p=5019#primaryimage"},"thumbnailUrl":"https:\/\/noticiasemdestaque.com\/cd\/wp-content\/uploads\/2017\/10\/ses_paraiba_recebe_19_profissionais_ciclo_do_mais_medicos_foto_ricardo_puppe_3-768x513.jpg","datePublished":"2017-10-07T11:47:27+00:00","breadcrumb":{"@id":"https:\/\/noticiasemdestaque.com\/cd\/?p=5019#breadcrumb"},"inLanguage":"pt-BR","potentialAction":[{"@type":"ReadAction","target":["https:\/\/noticiasemdestaque.com\/cd\/?p=5019"]}]},{"@type":"ImageObject","inLanguage":"pt-BR","@id":"https:\/\/noticiasemdestaque.com\/cd\/?p=5019#primaryimage","url":"https:\/\/noticiasemdestaque.com\/cd\/wp-content\/uploads\/2017\/10\/ses_paraiba_recebe_19_profissionais_ciclo_do_mais_medicos_foto_ricardo_puppe_3-768x513.jpg","contentUrl":"https:\/\/noticiasemdestaque.com\/cd\/wp-content\/uploads\/2017\/10\/ses_paraiba_recebe_19_profissionais_ciclo_do_mais_medicos_foto_ricardo_puppe_3-768x513.jpg","width":768,"height":513,"caption":"Foto: Ricardo Puppe"},{"@type":"BreadcrumbList","@id":"https:\/\/noticiasemdestaque.com\/cd\/?p=5019#breadcrumb","itemListElement":[{"@type":"ListItem","position":1,"name":"In\u00edcio","item":"https:\/\/noticiasemdestaque.com\/cd\/"},{"@type":"ListItem","position":2,"name":"Cidades do Cariri recebem profissionais para novo ciclo do programa \u201cMais M\u00e9dicos\u201d"}]},{"@type":"WebSite","@id":"https:\/\/noticiasemdestaque.com\/cd\/#website","url":"https:\/\/noticiasemdestaque.com\/cd\/","name":"Not&iacute;cias em Destaque","description":"","publisher":{"@id":"https:\/\/noticiasemdestaque.com\/cd\/#organization"},"potentialAction":[{"@type":"SearchAction","target":{"@type":"EntryPoint","urlTemplate":"https:\/\/noticiasemdestaque.com\/cd\/?s={search_term_string}"},"query-input":{"@type":"PropertyValueSpecification","valueRequired":true,"valueName":"search_term_string"}}],"inLanguage":"pt-BR"},{"@type":"Organization","@id":"https:\/\/noticiasemdestaque.com\/cd\/#organization","name":"Not\u00edcias em Destaque","url":"https:\/\/noticiasemdestaque.com\/cd\/","logo":{"@type":"ImageObject","inLanguage":"pt-BR","@id":"https:\/\/noticiasemdestaque.com\/cd\/#\/schema\/logo\/image\/","url":"https:\/\/noticiasemdestaque.com\/cd\/wp-content\/uploads\/2022\/05\/imagem-base-noticiasemdestaque.png","contentUrl":"https:\/\/noticiasemdestaque.com\/cd\/wp-content\/uploads\/2022\/05\/imagem-base-noticiasemdestaque.png","width":1200,"height":630,"caption":"Not\u00edcias em Destaque"},"image":{"@id":"https:\/\/noticiasemdestaque.com\/cd\/#\/schema\/logo\/image\/"}},{"@type":"Person","@id":"https:\/\/noticiasemdestaque.com\/cd\/#\/schema\/person\/21320b03a7e8bb90128938dafc9b908a","name":"Not\u00edcias em Destaque","url":"https:\/\/noticiasemdestaque.com\/cd\/?author=2"}]}},"jetpack_featured_media_url":"https:\/\/noticiasemdestaque.com\/cd\/wp-content\/uploads\/2017\/10\/ses_paraiba_recebe_19_profissionais_ciclo_do_mais_medicos_foto_ricardo_puppe_3-768x513.jpg","jetpack_sharing_enabled":true,"_links":{"self":[{"href":"https:\/\/noticiasemdestaque.com\/cd\/index.php?rest_route=\/wp\/v2\/posts\/5019","targetHints":{"allow":["GET"]}}],"collection":[{"href":"https:\/\/noticiasemdestaque.com\/cd\/index.php?rest_route=\/wp\/v2\/posts"}],"about":[{"href":"https:\/\/noticiasemdestaque.com\/cd\/index.php?rest_route=\/wp\/v2\/types\/post"}],"author":[{"embeddable":true,"href":"https:\/\/noticiasemdestaque.com\/cd\/index.php?rest_route=\/wp\/v2\/users\/2"}],"replies":[{"embeddable":true,"href":"https:\/\/noticiasemdestaque.com\/cd\/index.php?rest_route=%2Fwp%2Fv2%2Fcomments&post=5019"}],"version-history":[{"count":1,"href":"https:\/\/noticiasemdestaque.com\/cd\/index.php?rest_route=\/wp\/v2\/posts\/5019\/revisions"}],"predecessor-version":[{"id":5021,"href":"https:\/\/noticiasemdestaque.com\/cd\/index.php?rest_route=\/wp\/v2\/posts\/5019\/revisions\/5021"}],"wp:featuredmedia":[{"embeddable":true,"href":"https:\/\/noticiasemdestaque.com\/cd\/index.php?rest_route=\/wp\/v2\/media\/5020"}],"wp:attachment":[{"href":"https:\/\/noticiasemdestaque.com\/cd\/index.php?rest_route=%2Fwp%2Fv2%2Fmedia&parent=5019"}],"wp:term":[{"taxonomy":"category","embeddable":true,"href":"https:\/\/noticiasemdestaque.com\/cd\/index.php?rest_route=%2Fwp%2Fv2%2Fcategories&post=5019"},{"taxonomy":"post_tag","embeddable":true,"href":"https:\/\/noticiasemdestaque.com\/cd\/index.php?rest_route=%2Fwp%2Fv2%2Ftags&post=5019"}],"curies":[{"name":"wp","href":"https:\/\/api.w.org\/{rel}","templated":true}]}}