{"id":5011,"date":"2017-10-07T08:31:41","date_gmt":"2017-10-07T11:31:41","guid":{"rendered":"http:\/\/caririemdestaque.com\/cd\/?p=5011"},"modified":"2017-10-07T08:31:41","modified_gmt":"2017-10-07T11:31:41","slug":"na-pb-governo-prepara-plano-de-seguranca-para-proximos-10-anos","status":"publish","type":"post","link":"https:\/\/noticiasemdestaque.com\/cd\/?p=5011","title":{"rendered":"Na PB: Governo prepara plano de Seguran\u00e7a para pr\u00f3ximos 10 anos"},"content":{"rendered":"<p><a href=\"http:\/\/caririemdestaque.com\/cd\/wp-content\/uploads\/2017\/10\/Ricardo-Coutinho-300x156.jpg\"><img decoding=\"async\" class=\"wp-image-5012 size-medium alignleft\" src=\"http:\/\/caririemdestaque.com\/cd\/wp-content\/uploads\/2017\/10\/Ricardo-Coutinho-300x156-300x156.jpg\" alt=\"\" width=\"300\" height=\"156\" \/><\/a>O governador Ricardo Coutinho se reuniu, na manh\u00e3 desta sexta-feira (6), no Pal\u00e1cio da Reden\u00e7\u00e3o, com representantes das For\u00e7as da Seguran\u00e7a da Para\u00edba para discutir a segunda etapa de trabalhos desenvolvidos na confec\u00e7\u00e3o de um planejamento estrat\u00e9gico das a\u00e7\u00f5es de Seguran\u00e7a P\u00fablica para os pr\u00f3ximos dez anos. A primeira discuss\u00e3o foi realizada no m\u00eas de maio deste ano.<\/p>\n<p>O objetivo do encontro foi avaliar os pontos estabelecidos nas discuss\u00f5es da primeira etapa e apresentar os avan\u00e7os j\u00e1 conquistados do planejamento. O foco \u00e9 tra\u00e7ar metas para a gest\u00e3o em Seguran\u00e7a P\u00fablica, para que o enfrentamento da criminalidade seja realizado de forma eficaz a m\u00e9dio e longo prazo. Nesta segunda reuni\u00e3o, participaram secret\u00e1rios de outras pastas, como Educa\u00e7\u00e3o, Planejamento e Desenvolvimento Humano, j\u00e1 que faz parte do modelo do planejamento estrat\u00e9gico envolver diversas \u00e1reas da gest\u00e3o p\u00fablica na organiza\u00e7\u00e3o e manuten\u00e7\u00e3o da Seguran\u00e7a P\u00fablica.<\/p>\n<p>Para o governador Ricardo Coutinho, realizar a\u00e7\u00f5es como estas demonstram o comprometimento do Estado em avan\u00e7ar e buscar melhorias para a \u00e1rea da Seguran\u00e7a P\u00fablica, ressaltando a import\u00e2ncia do empenho das for\u00e7as de seguran\u00e7a nesse processo de crescimento e fortalecimento. \u201cEstamos construindo uma vis\u00e3o de pol\u00edtica de estado voltada para a Seguran\u00e7a P\u00fablica. Definir um planejamento estrat\u00e9gico em uma \u00e1rea t\u00e3o importante como a Seguran\u00e7a \u00e9 essencial. Precisamos estar todos alinhados em um mesmo prop\u00f3sito. Motivar profissionais, ocupar espa\u00e7os e com organiza\u00e7\u00e3o vamos estar sempre preparados para resolver as dificuldades quando elas surgirem. Ent\u00e3o, um encontro como esse de hoje nos estimula a realizar uma gest\u00e3o na \u00e1rea de Seguran\u00e7a P\u00fablica cada vez mais forte e operante, com resultados concretos para a sociedade\u201d, afirmou governador.<\/p>\n<p>De acordo com o secret\u00e1rio da Seguran\u00e7a e Defesa Social, Cl\u00e1udio Lima, \u00e9 muito importante que a partir de agora os encontros para a defini\u00e7\u00e3o do planejamento estrat\u00e9gico n\u00e3o fiquem restritos apenas \u00e0s for\u00e7as de Seguran\u00e7a P\u00fablica; outras pastas devem estar presentes e assim construir um projeto com mais solidez. \u201cNesta reuni\u00e3o estamos reavaliando as a\u00e7\u00f5es e desenvolvendo metas mais complexas, que passam pela redu\u00e7\u00e3o de crimes contra a vida, contra o patrim\u00f4nio, combate ao tr\u00e1fico de drogas e ao porte de arma de fogo, e ainda pelo fortalecimento da transpar\u00eancia, Intelig\u00eancia Policial, corregedoria forte, entre outros aspectos. Mas, mais do que isso, pensar em planejamento estrat\u00e9gico implica tamb\u00e9m pensar em educa\u00e7\u00e3o, desenvolvimento humano, infraestrutura. Por isso, que hoje representantes destas \u00e1reas participaram conosco das discuss\u00f5es, para que de forma integrada possamos todos trabalhar para alcan\u00e7ar bons resultados na \u00e1rea de Seguran\u00e7a\u201d, revelou.<\/p>\n<p>Os detalhes do planejamento foram apresentados pelo consultor em gest\u00e3o de organiza\u00e7\u00f5es p\u00fablicas e privadas, Manoel Ferreira da Silva. Al\u00e9m dele, gestores da Pol\u00edcia Militar, Pol\u00edcia Civil e Corpo de Bombeiros detalharam um conjunto de pontos que s\u00e3o essenciais para a diminui\u00e7\u00e3o da criminalidade. Entre elas, est\u00e1 a valoriza\u00e7\u00e3o das boas pr\u00e1ticas.\u00a0 \u201cPrecisamos avan\u00e7ar em Seguran\u00e7a P\u00fablica. Devemos come\u00e7ar a pensar em preven\u00e7\u00e3o de crimes, al\u00e9m de repress\u00e3o. A presen\u00e7a do Manoel Ferreira \u00e9 muito importante. Ele est\u00e1 nos acompanhando nesta constru\u00e7\u00e3o. \u00c9 engenheiro civil, com p\u00f3s-gradua\u00e7\u00e3o em recursos humanos e planejamento, organiza\u00e7\u00e3o, sistemas e m\u00e9todos e tamb\u00e9m examinador da Funda\u00e7\u00e3o Nacional de Qualidade (FNQ), avaliando normas de padroniza\u00e7\u00e3o ISO\u201d, destacou o secret\u00e1rio Cl\u00e1udio Lima.<\/p>\n<p>Entre as a\u00e7\u00f5es estruturantes j\u00e1 realizadas pela Sesds est\u00e3o a compatibiliza\u00e7\u00e3o de \u00e1reas integradas de Seguran\u00e7a P\u00fablica, prevista na Lei Complementar 111\/2012, que dividiu a responsabilidade territorial entre os gestores dos \u00f3rg\u00e3os operativos da pasta, e o Sistema Estadual de Intelig\u00eancia, criado pela Lei Estadual 10.338\/2014.<\/p>\n<p>Atualmente, a Secretaria est\u00e1 implementando seu novo sistema de r\u00e1dio comunica\u00e7\u00e3o digital, que representa um investimento de R$ 33 milh\u00f5es e ser\u00e1 capaz de integrar as for\u00e7as de seguran\u00e7a, por meio de 40 torres espalhadas pelo estado, garantindo comunica\u00e7\u00e3o de qualidade e criptografada.<\/p>\n<p>Fonte: MaisPB<\/p>\n","protected":false},"excerpt":{"rendered":"<p>O governador Ricardo Coutinho se reuniu, na manh\u00e3 desta sexta-feira (6), no Pal\u00e1cio da Reden\u00e7\u00e3o, com representantes das For\u00e7as da Seguran\u00e7a da Para\u00edba para discutir a segunda etapa de trabalhos desenvolvidos na confec\u00e7\u00e3o de um planejamento estrat\u00e9gico das a\u00e7\u00f5es de Seguran\u00e7a P\u00fablica para os pr\u00f3ximos dez anos. A primeira discuss\u00e3o foi realizada no m\u00eas de maio deste ano. O objetivo do encontro foi avaliar os pontos estabelecidos nas discuss\u00f5es da primeira etapa e apresentar os avan\u00e7os j\u00e1 conquistados do planejamento. O foco \u00e9 tra\u00e7ar metas para a gest\u00e3o em Seguran\u00e7a P\u00fablica, para que o enfrentamento da criminalidade seja realizado de forma eficaz a m\u00e9dio e longo prazo. Nesta segunda reuni\u00e3o, participaram secret\u00e1rios de outras pastas, como Educa\u00e7\u00e3o, Planejamento e Desenvolvimento Humano, j\u00e1 que faz parte do modelo do planejamento estrat\u00e9gico envolver diversas \u00e1reas da gest\u00e3o p\u00fablica na organiza\u00e7\u00e3o e manuten\u00e7\u00e3o da Seguran\u00e7a P\u00fablica. Para o governador Ricardo Coutinho, realizar a\u00e7\u00f5es como estas demonstram o comprometimento do Estado em avan\u00e7ar e buscar melhorias para a \u00e1rea da Seguran\u00e7a P\u00fablica, ressaltando a import\u00e2ncia do empenho das for\u00e7as de seguran\u00e7a nesse processo de crescimento e fortalecimento. \u201cEstamos construindo uma vis\u00e3o de pol\u00edtica de estado voltada para a Seguran\u00e7a P\u00fablica. Definir um planejamento estrat\u00e9gico em uma \u00e1rea t\u00e3o importante como a Seguran\u00e7a \u00e9 essencial. Precisamos estar todos alinhados em um mesmo prop\u00f3sito. Motivar profissionais, ocupar espa\u00e7os e com organiza\u00e7\u00e3o vamos estar sempre preparados para resolver as dificuldades quando elas surgirem. Ent\u00e3o, um encontro como esse de hoje nos estimula a realizar uma gest\u00e3o na \u00e1rea de Seguran\u00e7a P\u00fablica cada vez mais forte e operante, com resultados concretos para a sociedade\u201d, afirmou governador. De acordo com o secret\u00e1rio da Seguran\u00e7a e Defesa Social, Cl\u00e1udio Lima, \u00e9 muito importante que a partir de agora os encontros para a defini\u00e7\u00e3o do planejamento estrat\u00e9gico n\u00e3o fiquem restritos apenas \u00e0s for\u00e7as de Seguran\u00e7a P\u00fablica; outras pastas devem estar presentes e assim construir um projeto com mais solidez. \u201cNesta reuni\u00e3o estamos reavaliando as a\u00e7\u00f5es e desenvolvendo metas mais complexas, que passam pela redu\u00e7\u00e3o de crimes contra a vida, contra o patrim\u00f4nio, combate ao tr\u00e1fico de drogas e ao porte de arma de fogo, e ainda pelo fortalecimento da transpar\u00eancia, Intelig\u00eancia Policial, corregedoria forte, entre outros aspectos. Mas, mais do que isso, pensar em planejamento estrat\u00e9gico implica tamb\u00e9m pensar em educa\u00e7\u00e3o, desenvolvimento humano, infraestrutura. Por isso, que hoje representantes destas \u00e1reas participaram conosco das discuss\u00f5es, para que de forma integrada possamos todos trabalhar para alcan\u00e7ar bons resultados na \u00e1rea de Seguran\u00e7a\u201d, revelou. Os detalhes do planejamento foram apresentados pelo consultor em gest\u00e3o de organiza\u00e7\u00f5es p\u00fablicas e privadas, Manoel Ferreira da Silva. Al\u00e9m dele, gestores da Pol\u00edcia Militar, Pol\u00edcia Civil e Corpo de Bombeiros detalharam um conjunto de pontos que s\u00e3o essenciais para a diminui\u00e7\u00e3o da criminalidade. Entre elas, est\u00e1 a valoriza\u00e7\u00e3o das boas pr\u00e1ticas.\u00a0 \u201cPrecisamos avan\u00e7ar em Seguran\u00e7a P\u00fablica. Devemos come\u00e7ar a pensar em preven\u00e7\u00e3o de crimes, al\u00e9m de repress\u00e3o. A presen\u00e7a do Manoel Ferreira \u00e9 muito importante. Ele est\u00e1 nos acompanhando nesta constru\u00e7\u00e3o. \u00c9 engenheiro civil, com p\u00f3s-gradua\u00e7\u00e3o em recursos humanos e planejamento, organiza\u00e7\u00e3o, sistemas e m\u00e9todos e tamb\u00e9m examinador da Funda\u00e7\u00e3o Nacional de Qualidade (FNQ), avaliando normas de padroniza\u00e7\u00e3o ISO\u201d, destacou o secret\u00e1rio Cl\u00e1udio Lima. Entre as a\u00e7\u00f5es estruturantes j\u00e1 realizadas pela Sesds est\u00e3o a compatibiliza\u00e7\u00e3o de \u00e1reas integradas de Seguran\u00e7a P\u00fablica, prevista na Lei Complementar 111\/2012, que dividiu a responsabilidade territorial entre os gestores dos \u00f3rg\u00e3os operativos da pasta, e o Sistema Estadual de Intelig\u00eancia, criado pela Lei Estadual 10.338\/2014. Atualmente, a Secretaria est\u00e1 implementando seu novo sistema de r\u00e1dio comunica\u00e7\u00e3o digital, que representa um investimento de R$ 33 milh\u00f5es e ser\u00e1 capaz de integrar as for\u00e7as de seguran\u00e7a, por meio de 40 torres espalhadas pelo estado, garantindo comunica\u00e7\u00e3o de qualidade e criptografada. Fonte: MaisPB<\/p>\n","protected":false},"author":2,"featured_media":5012,"comment_status":"closed","ping_status":"open","sticky":false,"template":"","format":"standard","meta":{"_eb_attr":"","_jetpack_memberships_contains_paid_content":false,"footnotes":""},"categories":[4],"tags":[],"class_list":["post-5011","post","type-post","status-publish","format-standard","has-post-thumbnail","hentry","category-politica"],"yoast_head":"<!-- This site is optimized with the Yoast SEO plugin v26.5 - https:\/\/yoast.com\/wordpress\/plugins\/seo\/ -->\n<title>Na PB: Governo prepara plano de Seguran\u00e7a para pr\u00f3ximos 10 anos - Not&iacute;cias em Destaque<\/title>\n<meta name=\"robots\" content=\"index, follow, max-snippet:-1, max-image-preview:large, max-video-preview:-1\" \/>\n<link rel=\"canonical\" href=\"https:\/\/noticiasemdestaque.com\/cd\/?p=5011\" \/>\n<meta property=\"og:locale\" content=\"pt_BR\" \/>\n<meta property=\"og:type\" content=\"article\" \/>\n<meta property=\"og:title\" content=\"Na PB: Governo prepara plano de Seguran\u00e7a para pr\u00f3ximos 10 anos - Not&iacute;cias em Destaque\" \/>\n<meta property=\"og:description\" content=\"O governador Ricardo Coutinho se reuniu, na manh\u00e3 desta sexta-feira (6), no Pal\u00e1cio da Reden\u00e7\u00e3o, com representantes das For\u00e7as da Seguran\u00e7a da Para\u00edba para discutir a segunda etapa de trabalhos desenvolvidos na confec\u00e7\u00e3o de um planejamento estrat\u00e9gico das a\u00e7\u00f5es de Seguran\u00e7a P\u00fablica para os pr\u00f3ximos dez anos. A primeira discuss\u00e3o foi realizada no m\u00eas de maio deste ano. O objetivo do encontro foi avaliar os pontos estabelecidos nas discuss\u00f5es da primeira etapa e apresentar os avan\u00e7os j\u00e1 conquistados do planejamento. O foco \u00e9 tra\u00e7ar metas para a gest\u00e3o em Seguran\u00e7a P\u00fablica, para que o enfrentamento da criminalidade seja realizado de forma eficaz a m\u00e9dio e longo prazo. Nesta segunda reuni\u00e3o, participaram secret\u00e1rios de outras pastas, como Educa\u00e7\u00e3o, Planejamento e Desenvolvimento Humano, j\u00e1 que faz parte do modelo do planejamento estrat\u00e9gico envolver diversas \u00e1reas da gest\u00e3o p\u00fablica na organiza\u00e7\u00e3o e manuten\u00e7\u00e3o da Seguran\u00e7a P\u00fablica. Para o governador Ricardo Coutinho, realizar a\u00e7\u00f5es como estas demonstram o comprometimento do Estado em avan\u00e7ar e buscar melhorias para a \u00e1rea da Seguran\u00e7a P\u00fablica, ressaltando a import\u00e2ncia do empenho das for\u00e7as de seguran\u00e7a nesse processo de crescimento e fortalecimento. \u201cEstamos construindo uma vis\u00e3o de pol\u00edtica de estado voltada para a Seguran\u00e7a P\u00fablica. Definir um planejamento estrat\u00e9gico em uma \u00e1rea t\u00e3o importante como a Seguran\u00e7a \u00e9 essencial. Precisamos estar todos alinhados em um mesmo prop\u00f3sito. Motivar profissionais, ocupar espa\u00e7os e com organiza\u00e7\u00e3o vamos estar sempre preparados para resolver as dificuldades quando elas surgirem. Ent\u00e3o, um encontro como esse de hoje nos estimula a realizar uma gest\u00e3o na \u00e1rea de Seguran\u00e7a P\u00fablica cada vez mais forte e operante, com resultados concretos para a sociedade\u201d, afirmou governador. De acordo com o secret\u00e1rio da Seguran\u00e7a e Defesa Social, Cl\u00e1udio Lima, \u00e9 muito importante que a partir de agora os encontros para a defini\u00e7\u00e3o do planejamento estrat\u00e9gico n\u00e3o fiquem restritos apenas \u00e0s for\u00e7as de Seguran\u00e7a P\u00fablica; outras pastas devem estar presentes e assim construir um projeto com mais solidez. \u201cNesta reuni\u00e3o estamos reavaliando as a\u00e7\u00f5es e desenvolvendo metas mais complexas, que passam pela redu\u00e7\u00e3o de crimes contra a vida, contra o patrim\u00f4nio, combate ao tr\u00e1fico de drogas e ao porte de arma de fogo, e ainda pelo fortalecimento da transpar\u00eancia, Intelig\u00eancia Policial, corregedoria forte, entre outros aspectos. Mas, mais do que isso, pensar em planejamento estrat\u00e9gico implica tamb\u00e9m pensar em educa\u00e7\u00e3o, desenvolvimento humano, infraestrutura. Por isso, que hoje representantes destas \u00e1reas participaram conosco das discuss\u00f5es, para que de forma integrada possamos todos trabalhar para alcan\u00e7ar bons resultados na \u00e1rea de Seguran\u00e7a\u201d, revelou. Os detalhes do planejamento foram apresentados pelo consultor em gest\u00e3o de organiza\u00e7\u00f5es p\u00fablicas e privadas, Manoel Ferreira da Silva. Al\u00e9m dele, gestores da Pol\u00edcia Militar, Pol\u00edcia Civil e Corpo de Bombeiros detalharam um conjunto de pontos que s\u00e3o essenciais para a diminui\u00e7\u00e3o da criminalidade. Entre elas, est\u00e1 a valoriza\u00e7\u00e3o das boas pr\u00e1ticas.\u00a0 \u201cPrecisamos avan\u00e7ar em Seguran\u00e7a P\u00fablica. Devemos come\u00e7ar a pensar em preven\u00e7\u00e3o de crimes, al\u00e9m de repress\u00e3o. A presen\u00e7a do Manoel Ferreira \u00e9 muito importante. Ele est\u00e1 nos acompanhando nesta constru\u00e7\u00e3o. \u00c9 engenheiro civil, com p\u00f3s-gradua\u00e7\u00e3o em recursos humanos e planejamento, organiza\u00e7\u00e3o, sistemas e m\u00e9todos e tamb\u00e9m examinador da Funda\u00e7\u00e3o Nacional de Qualidade (FNQ), avaliando normas de padroniza\u00e7\u00e3o ISO\u201d, destacou o secret\u00e1rio Cl\u00e1udio Lima. Entre as a\u00e7\u00f5es estruturantes j\u00e1 realizadas pela Sesds est\u00e3o a compatibiliza\u00e7\u00e3o de \u00e1reas integradas de Seguran\u00e7a P\u00fablica, prevista na Lei Complementar 111\/2012, que dividiu a responsabilidade territorial entre os gestores dos \u00f3rg\u00e3os operativos da pasta, e o Sistema Estadual de Intelig\u00eancia, criado pela Lei Estadual 10.338\/2014. Atualmente, a Secretaria est\u00e1 implementando seu novo sistema de r\u00e1dio comunica\u00e7\u00e3o digital, que representa um investimento de R$ 33 milh\u00f5es e ser\u00e1 capaz de integrar as for\u00e7as de seguran\u00e7a, por meio de 40 torres espalhadas pelo estado, garantindo comunica\u00e7\u00e3o de qualidade e criptografada. Fonte: MaisPB\" \/>\n<meta property=\"og:url\" content=\"https:\/\/noticiasemdestaque.com\/cd\/?p=5011\" \/>\n<meta property=\"og:site_name\" content=\"Not&iacute;cias em Destaque\" \/>\n<meta property=\"article:published_time\" content=\"2017-10-07T11:31:41+00:00\" \/>\n<meta property=\"og:image\" content=\"https:\/\/noticiasemdestaque.com\/cd\/wp-content\/uploads\/2017\/10\/Ricardo-Coutinho-300x156.jpg\" \/>\n\t<meta property=\"og:image:width\" content=\"300\" \/>\n\t<meta property=\"og:image:height\" content=\"156\" \/>\n\t<meta property=\"og:image:type\" content=\"image\/jpeg\" \/>\n<meta name=\"author\" content=\"Not\u00edcias em Destaque\" \/>\n<meta name=\"twitter:card\" content=\"summary_large_image\" \/>\n<meta name=\"twitter:label1\" content=\"Escrito por\" \/>\n\t<meta name=\"twitter:data1\" content=\"Not\u00edcias em Destaque\" \/>\n\t<meta name=\"twitter:label2\" content=\"Est. tempo de leitura\" \/>\n\t<meta name=\"twitter:data2\" content=\"4 minutos\" \/>\n<script type=\"application\/ld+json\" class=\"yoast-schema-graph\">{\"@context\":\"https:\/\/schema.org\",\"@graph\":[{\"@type\":\"Article\",\"@id\":\"https:\/\/noticiasemdestaque.com\/cd\/?p=5011#article\",\"isPartOf\":{\"@id\":\"https:\/\/noticiasemdestaque.com\/cd\/?p=5011\"},\"author\":{\"name\":\"Not\u00edcias em Destaque\",\"@id\":\"https:\/\/noticiasemdestaque.com\/cd\/#\/schema\/person\/21320b03a7e8bb90128938dafc9b908a\"},\"headline\":\"Na PB: Governo prepara plano de Seguran\u00e7a para pr\u00f3ximos 10 anos\",\"datePublished\":\"2017-10-07T11:31:41+00:00\",\"mainEntityOfPage\":{\"@id\":\"https:\/\/noticiasemdestaque.com\/cd\/?p=5011\"},\"wordCount\":733,\"publisher\":{\"@id\":\"https:\/\/noticiasemdestaque.com\/cd\/#organization\"},\"image\":{\"@id\":\"https:\/\/noticiasemdestaque.com\/cd\/?p=5011#primaryimage\"},\"thumbnailUrl\":\"https:\/\/noticiasemdestaque.com\/cd\/wp-content\/uploads\/2017\/10\/Ricardo-Coutinho-300x156.jpg\",\"articleSection\":[\"Pol\u00edtica\"],\"inLanguage\":\"pt-BR\"},{\"@type\":\"WebPage\",\"@id\":\"https:\/\/noticiasemdestaque.com\/cd\/?p=5011\",\"url\":\"https:\/\/noticiasemdestaque.com\/cd\/?p=5011\",\"name\":\"Na PB: Governo prepara plano de Seguran\u00e7a para pr\u00f3ximos 10 anos - Not&iacute;cias em Destaque\",\"isPartOf\":{\"@id\":\"https:\/\/noticiasemdestaque.com\/cd\/#website\"},\"primaryImageOfPage\":{\"@id\":\"https:\/\/noticiasemdestaque.com\/cd\/?p=5011#primaryimage\"},\"image\":{\"@id\":\"https:\/\/noticiasemdestaque.com\/cd\/?p=5011#primaryimage\"},\"thumbnailUrl\":\"https:\/\/noticiasemdestaque.com\/cd\/wp-content\/uploads\/2017\/10\/Ricardo-Coutinho-300x156.jpg\",\"datePublished\":\"2017-10-07T11:31:41+00:00\",\"breadcrumb\":{\"@id\":\"https:\/\/noticiasemdestaque.com\/cd\/?p=5011#breadcrumb\"},\"inLanguage\":\"pt-BR\",\"potentialAction\":[{\"@type\":\"ReadAction\",\"target\":[\"https:\/\/noticiasemdestaque.com\/cd\/?p=5011\"]}]},{\"@type\":\"ImageObject\",\"inLanguage\":\"pt-BR\",\"@id\":\"https:\/\/noticiasemdestaque.com\/cd\/?p=5011#primaryimage\",\"url\":\"https:\/\/noticiasemdestaque.com\/cd\/wp-content\/uploads\/2017\/10\/Ricardo-Coutinho-300x156.jpg\",\"contentUrl\":\"https:\/\/noticiasemdestaque.com\/cd\/wp-content\/uploads\/2017\/10\/Ricardo-Coutinho-300x156.jpg\",\"width\":300,\"height\":156},{\"@type\":\"BreadcrumbList\",\"@id\":\"https:\/\/noticiasemdestaque.com\/cd\/?p=5011#breadcrumb\",\"itemListElement\":[{\"@type\":\"ListItem\",\"position\":1,\"name\":\"In\u00edcio\",\"item\":\"https:\/\/noticiasemdestaque.com\/cd\/\"},{\"@type\":\"ListItem\",\"position\":2,\"name\":\"Na PB: Governo prepara plano de Seguran\u00e7a para pr\u00f3ximos 10 anos\"}]},{\"@type\":\"WebSite\",\"@id\":\"https:\/\/noticiasemdestaque.com\/cd\/#website\",\"url\":\"https:\/\/noticiasemdestaque.com\/cd\/\",\"name\":\"Not&iacute;cias em Destaque\",\"description\":\"\",\"publisher\":{\"@id\":\"https:\/\/noticiasemdestaque.com\/cd\/#organization\"},\"potentialAction\":[{\"@type\":\"SearchAction\",\"target\":{\"@type\":\"EntryPoint\",\"urlTemplate\":\"https:\/\/noticiasemdestaque.com\/cd\/?s={search_term_string}\"},\"query-input\":{\"@type\":\"PropertyValueSpecification\",\"valueRequired\":true,\"valueName\":\"search_term_string\"}}],\"inLanguage\":\"pt-BR\"},{\"@type\":\"Organization\",\"@id\":\"https:\/\/noticiasemdestaque.com\/cd\/#organization\",\"name\":\"Not\u00edcias em Destaque\",\"url\":\"https:\/\/noticiasemdestaque.com\/cd\/\",\"logo\":{\"@type\":\"ImageObject\",\"inLanguage\":\"pt-BR\",\"@id\":\"https:\/\/noticiasemdestaque.com\/cd\/#\/schema\/logo\/image\/\",\"url\":\"https:\/\/noticiasemdestaque.com\/cd\/wp-content\/uploads\/2022\/05\/imagem-base-noticiasemdestaque.png\",\"contentUrl\":\"https:\/\/noticiasemdestaque.com\/cd\/wp-content\/uploads\/2022\/05\/imagem-base-noticiasemdestaque.png\",\"width\":1200,\"height\":630,\"caption\":\"Not\u00edcias em Destaque\"},\"image\":{\"@id\":\"https:\/\/noticiasemdestaque.com\/cd\/#\/schema\/logo\/image\/\"}},{\"@type\":\"Person\",\"@id\":\"https:\/\/noticiasemdestaque.com\/cd\/#\/schema\/person\/21320b03a7e8bb90128938dafc9b908a\",\"name\":\"Not\u00edcias em Destaque\",\"url\":\"https:\/\/noticiasemdestaque.com\/cd\/?author=2\"}]}<\/script>\n<!-- \/ Yoast SEO plugin. -->","yoast_head_json":{"title":"Na PB: Governo prepara plano de Seguran\u00e7a para pr\u00f3ximos 10 anos - Not&iacute;cias em Destaque","robots":{"index":"index","follow":"follow","max-snippet":"max-snippet:-1","max-image-preview":"max-image-preview:large","max-video-preview":"max-video-preview:-1"},"canonical":"https:\/\/noticiasemdestaque.com\/cd\/?p=5011","og_locale":"pt_BR","og_type":"article","og_title":"Na PB: Governo prepara plano de Seguran\u00e7a para pr\u00f3ximos 10 anos - Not&iacute;cias em Destaque","og_description":"O governador Ricardo Coutinho se reuniu, na manh\u00e3 desta sexta-feira (6), no Pal\u00e1cio da Reden\u00e7\u00e3o, com representantes das For\u00e7as da Seguran\u00e7a da Para\u00edba para discutir a segunda etapa de trabalhos desenvolvidos na confec\u00e7\u00e3o de um planejamento estrat\u00e9gico das a\u00e7\u00f5es de Seguran\u00e7a P\u00fablica para os pr\u00f3ximos dez anos. A primeira discuss\u00e3o foi realizada no m\u00eas de maio deste ano. O objetivo do encontro foi avaliar os pontos estabelecidos nas discuss\u00f5es da primeira etapa e apresentar os avan\u00e7os j\u00e1 conquistados do planejamento. O foco \u00e9 tra\u00e7ar metas para a gest\u00e3o em Seguran\u00e7a P\u00fablica, para que o enfrentamento da criminalidade seja realizado de forma eficaz a m\u00e9dio e longo prazo. Nesta segunda reuni\u00e3o, participaram secret\u00e1rios de outras pastas, como Educa\u00e7\u00e3o, Planejamento e Desenvolvimento Humano, j\u00e1 que faz parte do modelo do planejamento estrat\u00e9gico envolver diversas \u00e1reas da gest\u00e3o p\u00fablica na organiza\u00e7\u00e3o e manuten\u00e7\u00e3o da Seguran\u00e7a P\u00fablica. Para o governador Ricardo Coutinho, realizar a\u00e7\u00f5es como estas demonstram o comprometimento do Estado em avan\u00e7ar e buscar melhorias para a \u00e1rea da Seguran\u00e7a P\u00fablica, ressaltando a import\u00e2ncia do empenho das for\u00e7as de seguran\u00e7a nesse processo de crescimento e fortalecimento. \u201cEstamos construindo uma vis\u00e3o de pol\u00edtica de estado voltada para a Seguran\u00e7a P\u00fablica. Definir um planejamento estrat\u00e9gico em uma \u00e1rea t\u00e3o importante como a Seguran\u00e7a \u00e9 essencial. Precisamos estar todos alinhados em um mesmo prop\u00f3sito. Motivar profissionais, ocupar espa\u00e7os e com organiza\u00e7\u00e3o vamos estar sempre preparados para resolver as dificuldades quando elas surgirem. Ent\u00e3o, um encontro como esse de hoje nos estimula a realizar uma gest\u00e3o na \u00e1rea de Seguran\u00e7a P\u00fablica cada vez mais forte e operante, com resultados concretos para a sociedade\u201d, afirmou governador. De acordo com o secret\u00e1rio da Seguran\u00e7a e Defesa Social, Cl\u00e1udio Lima, \u00e9 muito importante que a partir de agora os encontros para a defini\u00e7\u00e3o do planejamento estrat\u00e9gico n\u00e3o fiquem restritos apenas \u00e0s for\u00e7as de Seguran\u00e7a P\u00fablica; outras pastas devem estar presentes e assim construir um projeto com mais solidez. \u201cNesta reuni\u00e3o estamos reavaliando as a\u00e7\u00f5es e desenvolvendo metas mais complexas, que passam pela redu\u00e7\u00e3o de crimes contra a vida, contra o patrim\u00f4nio, combate ao tr\u00e1fico de drogas e ao porte de arma de fogo, e ainda pelo fortalecimento da transpar\u00eancia, Intelig\u00eancia Policial, corregedoria forte, entre outros aspectos. Mas, mais do que isso, pensar em planejamento estrat\u00e9gico implica tamb\u00e9m pensar em educa\u00e7\u00e3o, desenvolvimento humano, infraestrutura. Por isso, que hoje representantes destas \u00e1reas participaram conosco das discuss\u00f5es, para que de forma integrada possamos todos trabalhar para alcan\u00e7ar bons resultados na \u00e1rea de Seguran\u00e7a\u201d, revelou. Os detalhes do planejamento foram apresentados pelo consultor em gest\u00e3o de organiza\u00e7\u00f5es p\u00fablicas e privadas, Manoel Ferreira da Silva. Al\u00e9m dele, gestores da Pol\u00edcia Militar, Pol\u00edcia Civil e Corpo de Bombeiros detalharam um conjunto de pontos que s\u00e3o essenciais para a diminui\u00e7\u00e3o da criminalidade. Entre elas, est\u00e1 a valoriza\u00e7\u00e3o das boas pr\u00e1ticas.\u00a0 \u201cPrecisamos avan\u00e7ar em Seguran\u00e7a P\u00fablica. Devemos come\u00e7ar a pensar em preven\u00e7\u00e3o de crimes, al\u00e9m de repress\u00e3o. A presen\u00e7a do Manoel Ferreira \u00e9 muito importante. Ele est\u00e1 nos acompanhando nesta constru\u00e7\u00e3o. \u00c9 engenheiro civil, com p\u00f3s-gradua\u00e7\u00e3o em recursos humanos e planejamento, organiza\u00e7\u00e3o, sistemas e m\u00e9todos e tamb\u00e9m examinador da Funda\u00e7\u00e3o Nacional de Qualidade (FNQ), avaliando normas de padroniza\u00e7\u00e3o ISO\u201d, destacou o secret\u00e1rio Cl\u00e1udio Lima. Entre as a\u00e7\u00f5es estruturantes j\u00e1 realizadas pela Sesds est\u00e3o a compatibiliza\u00e7\u00e3o de \u00e1reas integradas de Seguran\u00e7a P\u00fablica, prevista na Lei Complementar 111\/2012, que dividiu a responsabilidade territorial entre os gestores dos \u00f3rg\u00e3os operativos da pasta, e o Sistema Estadual de Intelig\u00eancia, criado pela Lei Estadual 10.338\/2014. Atualmente, a Secretaria est\u00e1 implementando seu novo sistema de r\u00e1dio comunica\u00e7\u00e3o digital, que representa um investimento de R$ 33 milh\u00f5es e ser\u00e1 capaz de integrar as for\u00e7as de seguran\u00e7a, por meio de 40 torres espalhadas pelo estado, garantindo comunica\u00e7\u00e3o de qualidade e criptografada. Fonte: MaisPB","og_url":"https:\/\/noticiasemdestaque.com\/cd\/?p=5011","og_site_name":"Not&iacute;cias em Destaque","article_published_time":"2017-10-07T11:31:41+00:00","og_image":[{"width":300,"height":156,"url":"https:\/\/noticiasemdestaque.com\/cd\/wp-content\/uploads\/2017\/10\/Ricardo-Coutinho-300x156.jpg","type":"image\/jpeg"}],"author":"Not\u00edcias em Destaque","twitter_card":"summary_large_image","twitter_misc":{"Escrito por":"Not\u00edcias em Destaque","Est. tempo de leitura":"4 minutos"},"schema":{"@context":"https:\/\/schema.org","@graph":[{"@type":"Article","@id":"https:\/\/noticiasemdestaque.com\/cd\/?p=5011#article","isPartOf":{"@id":"https:\/\/noticiasemdestaque.com\/cd\/?p=5011"},"author":{"name":"Not\u00edcias em Destaque","@id":"https:\/\/noticiasemdestaque.com\/cd\/#\/schema\/person\/21320b03a7e8bb90128938dafc9b908a"},"headline":"Na PB: Governo prepara plano de Seguran\u00e7a para pr\u00f3ximos 10 anos","datePublished":"2017-10-07T11:31:41+00:00","mainEntityOfPage":{"@id":"https:\/\/noticiasemdestaque.com\/cd\/?p=5011"},"wordCount":733,"publisher":{"@id":"https:\/\/noticiasemdestaque.com\/cd\/#organization"},"image":{"@id":"https:\/\/noticiasemdestaque.com\/cd\/?p=5011#primaryimage"},"thumbnailUrl":"https:\/\/noticiasemdestaque.com\/cd\/wp-content\/uploads\/2017\/10\/Ricardo-Coutinho-300x156.jpg","articleSection":["Pol\u00edtica"],"inLanguage":"pt-BR"},{"@type":"WebPage","@id":"https:\/\/noticiasemdestaque.com\/cd\/?p=5011","url":"https:\/\/noticiasemdestaque.com\/cd\/?p=5011","name":"Na PB: Governo prepara plano de Seguran\u00e7a para pr\u00f3ximos 10 anos - Not&iacute;cias em Destaque","isPartOf":{"@id":"https:\/\/noticiasemdestaque.com\/cd\/#website"},"primaryImageOfPage":{"@id":"https:\/\/noticiasemdestaque.com\/cd\/?p=5011#primaryimage"},"image":{"@id":"https:\/\/noticiasemdestaque.com\/cd\/?p=5011#primaryimage"},"thumbnailUrl":"https:\/\/noticiasemdestaque.com\/cd\/wp-content\/uploads\/2017\/10\/Ricardo-Coutinho-300x156.jpg","datePublished":"2017-10-07T11:31:41+00:00","breadcrumb":{"@id":"https:\/\/noticiasemdestaque.com\/cd\/?p=5011#breadcrumb"},"inLanguage":"pt-BR","potentialAction":[{"@type":"ReadAction","target":["https:\/\/noticiasemdestaque.com\/cd\/?p=5011"]}]},{"@type":"ImageObject","inLanguage":"pt-BR","@id":"https:\/\/noticiasemdestaque.com\/cd\/?p=5011#primaryimage","url":"https:\/\/noticiasemdestaque.com\/cd\/wp-content\/uploads\/2017\/10\/Ricardo-Coutinho-300x156.jpg","contentUrl":"https:\/\/noticiasemdestaque.com\/cd\/wp-content\/uploads\/2017\/10\/Ricardo-Coutinho-300x156.jpg","width":300,"height":156},{"@type":"BreadcrumbList","@id":"https:\/\/noticiasemdestaque.com\/cd\/?p=5011#breadcrumb","itemListElement":[{"@type":"ListItem","position":1,"name":"In\u00edcio","item":"https:\/\/noticiasemdestaque.com\/cd\/"},{"@type":"ListItem","position":2,"name":"Na PB: Governo prepara plano de Seguran\u00e7a para pr\u00f3ximos 10 anos"}]},{"@type":"WebSite","@id":"https:\/\/noticiasemdestaque.com\/cd\/#website","url":"https:\/\/noticiasemdestaque.com\/cd\/","name":"Not&iacute;cias em Destaque","description":"","publisher":{"@id":"https:\/\/noticiasemdestaque.com\/cd\/#organization"},"potentialAction":[{"@type":"SearchAction","target":{"@type":"EntryPoint","urlTemplate":"https:\/\/noticiasemdestaque.com\/cd\/?s={search_term_string}"},"query-input":{"@type":"PropertyValueSpecification","valueRequired":true,"valueName":"search_term_string"}}],"inLanguage":"pt-BR"},{"@type":"Organization","@id":"https:\/\/noticiasemdestaque.com\/cd\/#organization","name":"Not\u00edcias em Destaque","url":"https:\/\/noticiasemdestaque.com\/cd\/","logo":{"@type":"ImageObject","inLanguage":"pt-BR","@id":"https:\/\/noticiasemdestaque.com\/cd\/#\/schema\/logo\/image\/","url":"https:\/\/noticiasemdestaque.com\/cd\/wp-content\/uploads\/2022\/05\/imagem-base-noticiasemdestaque.png","contentUrl":"https:\/\/noticiasemdestaque.com\/cd\/wp-content\/uploads\/2022\/05\/imagem-base-noticiasemdestaque.png","width":1200,"height":630,"caption":"Not\u00edcias em Destaque"},"image":{"@id":"https:\/\/noticiasemdestaque.com\/cd\/#\/schema\/logo\/image\/"}},{"@type":"Person","@id":"https:\/\/noticiasemdestaque.com\/cd\/#\/schema\/person\/21320b03a7e8bb90128938dafc9b908a","name":"Not\u00edcias em Destaque","url":"https:\/\/noticiasemdestaque.com\/cd\/?author=2"}]}},"jetpack_featured_media_url":"https:\/\/noticiasemdestaque.com\/cd\/wp-content\/uploads\/2017\/10\/Ricardo-Coutinho-300x156.jpg","jetpack_sharing_enabled":true,"_links":{"self":[{"href":"https:\/\/noticiasemdestaque.com\/cd\/index.php?rest_route=\/wp\/v2\/posts\/5011","targetHints":{"allow":["GET"]}}],"collection":[{"href":"https:\/\/noticiasemdestaque.com\/cd\/index.php?rest_route=\/wp\/v2\/posts"}],"about":[{"href":"https:\/\/noticiasemdestaque.com\/cd\/index.php?rest_route=\/wp\/v2\/types\/post"}],"author":[{"embeddable":true,"href":"https:\/\/noticiasemdestaque.com\/cd\/index.php?rest_route=\/wp\/v2\/users\/2"}],"replies":[{"embeddable":true,"href":"https:\/\/noticiasemdestaque.com\/cd\/index.php?rest_route=%2Fwp%2Fv2%2Fcomments&post=5011"}],"version-history":[{"count":1,"href":"https:\/\/noticiasemdestaque.com\/cd\/index.php?rest_route=\/wp\/v2\/posts\/5011\/revisions"}],"predecessor-version":[{"id":5013,"href":"https:\/\/noticiasemdestaque.com\/cd\/index.php?rest_route=\/wp\/v2\/posts\/5011\/revisions\/5013"}],"wp:featuredmedia":[{"embeddable":true,"href":"https:\/\/noticiasemdestaque.com\/cd\/index.php?rest_route=\/wp\/v2\/media\/5012"}],"wp:attachment":[{"href":"https:\/\/noticiasemdestaque.com\/cd\/index.php?rest_route=%2Fwp%2Fv2%2Fmedia&parent=5011"}],"wp:term":[{"taxonomy":"category","embeddable":true,"href":"https:\/\/noticiasemdestaque.com\/cd\/index.php?rest_route=%2Fwp%2Fv2%2Fcategories&post=5011"},{"taxonomy":"post_tag","embeddable":true,"href":"https:\/\/noticiasemdestaque.com\/cd\/index.php?rest_route=%2Fwp%2Fv2%2Ftags&post=5011"}],"curies":[{"name":"wp","href":"https:\/\/api.w.org\/{rel}","templated":true}]}}