{"id":4998,"date":"2017-10-06T22:57:43","date_gmt":"2017-10-07T01:57:43","guid":{"rendered":"http:\/\/caririemdestaque.com\/cd\/?p=4998"},"modified":"2017-10-06T22:57:43","modified_gmt":"2017-10-07T01:57:43","slug":"trabalhadores-aceitam-proposta-e-encerram-greve-nos-correios","status":"publish","type":"post","link":"https:\/\/noticiasemdestaque.com\/cd\/?p=4998","title":{"rendered":"Trabalhadores aceitam proposta e encerram greve nos Correios"},"content":{"rendered":"<p><a href=\"http:\/\/caririemdestaque.com\/cd\/wp-content\/uploads\/2017\/10\/29213734989002.jpg\"><img fetchpriority=\"high\" decoding=\"async\" class=\"alignleft wp-image-4999 size-medium\" src=\"http:\/\/caririemdestaque.com\/cd\/wp-content\/uploads\/2017\/10\/29213734989002-300x200.jpg\" alt=\"\" width=\"300\" height=\"200\" srcset=\"https:\/\/noticiasemdestaque.com\/cd\/wp-content\/uploads\/2017\/10\/29213734989002-300x200.jpg 300w, https:\/\/noticiasemdestaque.com\/cd\/wp-content\/uploads\/2017\/10\/29213734989002-768x512.jpg 768w, https:\/\/noticiasemdestaque.com\/cd\/wp-content\/uploads\/2017\/10\/29213734989002-1024x682.jpg 1024w, https:\/\/noticiasemdestaque.com\/cd\/wp-content\/uploads\/2017\/10\/29213734989002-480x320.jpg 480w, https:\/\/noticiasemdestaque.com\/cd\/wp-content\/uploads\/2017\/10\/29213734989002.jpg 1280w\" sizes=\"(max-width: 300px) 100vw, 300px\" \/><\/a>Os trabalhadores dos Correios decidiram hoje (6) aceitar a proposta de acordo coletivo apresentada pelo Tribunal Superior do Trabalho (TST) e, com isso, encerrar a greve da categoria iniciada em 19 de setembro. De acordo com o secret\u00e1rio-geral da Federa\u00e7\u00e3o Nacional dos Trabalhadores em Empresas de Correios e Tel\u00e9grafos e Similares (Fentect) Jos\u00e9 Rivaldo da Silva, os trabalhadores retornam ao trabalho na pr\u00f3xima segunda-feira (9).<\/p>\n<p>At\u00e9 o in\u00edcio da noite de hoje, dos 31 sindicatos filiados \u00e0 Fentect, 25 votaram pela aprova\u00e7\u00e3o da proposta de acordo formulada pelo TST. Apresentada na \u00faltima quarta-feira (4), a proposta prev\u00ea reajuste de 2,07% nos sal\u00e1rios e benef\u00edcios, retroativo ao m\u00eas de agosto deste ano, manuten\u00e7\u00e3o das cl\u00e1usulas sociais, compensa\u00e7\u00e3o de 64 horas (oito dias) e desconto dos demais dias de aus\u00eancia, al\u00e9m da manuten\u00e7\u00e3o das cl\u00e1usulas j\u00e1 existentes no acordo firmado no ano passado.<\/p>\n<p>A Cl\u00e1usula 28 do acordo firmado no ano passado, que trata do plano de sa\u00fade, continua sendo mediada pelo TST.<\/p>\n<p>\u201cValeu a luta da classe trabalhadora\u201d, afirmou Jos\u00e9 Rivaldo. \u201cO saldo geral da paralisa\u00e7\u00e3o \u00e9 extremamente positivo. Entramos em greve no \u00faltimo dia 19 com uma proposta dos Correios que retirava grandes direitos conquistados h\u00e1 mais de 30 anos e, com a greve, come\u00e7aram a vir propostas. N\u00e3o perdemos nenhum direito, e vale a pena lutar para manter os Correios como estatal\u201d, disse o secret\u00e1rio-geral da Fentect .<\/p>\n<p>Para reduzir os impactos da paralisa\u00e7\u00e3o, os Correios adotaram o Plano de Continuidade de Neg\u00f3cios, com deslocamento de empregados entre as unidades e o pagamento de horas extras.<\/p>\n<p>De acordo com os Correios, neste fim de semana, ser\u00e1 realizado um mutir\u00e3o com expectativa de entregar aproximadamente 5 milh\u00f5es de cartas e encomendas.<\/p>\n<p><em><strong>Cariri em Destaque\u00a0<\/strong><\/em><\/p>\n<p>Com EBC<\/p>\n","protected":false},"excerpt":{"rendered":"<p>Os trabalhadores dos Correios decidiram hoje (6) aceitar a proposta de acordo coletivo apresentada pelo Tribunal Superior do Trabalho (TST) e, com isso, encerrar a greve da categoria iniciada em 19 de setembro. De acordo com o secret\u00e1rio-geral da Federa\u00e7\u00e3o Nacional dos Trabalhadores em Empresas de Correios e Tel\u00e9grafos e Similares (Fentect) Jos\u00e9 Rivaldo da Silva, os trabalhadores retornam ao trabalho na pr\u00f3xima segunda-feira (9). At\u00e9 o in\u00edcio da noite de hoje, dos 31 sindicatos filiados \u00e0 Fentect, 25 votaram pela aprova\u00e7\u00e3o da proposta de acordo formulada pelo TST. Apresentada na \u00faltima quarta-feira (4), a proposta prev\u00ea reajuste de 2,07% nos sal\u00e1rios e benef\u00edcios, retroativo ao m\u00eas de agosto deste ano, manuten\u00e7\u00e3o das cl\u00e1usulas sociais, compensa\u00e7\u00e3o de 64 horas (oito dias) e desconto dos demais dias de aus\u00eancia, al\u00e9m da manuten\u00e7\u00e3o das cl\u00e1usulas j\u00e1 existentes no acordo firmado no ano passado. A Cl\u00e1usula 28 do acordo firmado no ano passado, que trata do plano de sa\u00fade, continua sendo mediada pelo TST. \u201cValeu a luta da classe trabalhadora\u201d, afirmou Jos\u00e9 Rivaldo. \u201cO saldo geral da paralisa\u00e7\u00e3o \u00e9 extremamente positivo. Entramos em greve no \u00faltimo dia 19 com uma proposta dos Correios que retirava grandes direitos conquistados h\u00e1 mais de 30 anos e, com a greve, come\u00e7aram a vir propostas. N\u00e3o perdemos nenhum direito, e vale a pena lutar para manter os Correios como estatal\u201d, disse o secret\u00e1rio-geral da Fentect . Para reduzir os impactos da paralisa\u00e7\u00e3o, os Correios adotaram o Plano de Continuidade de Neg\u00f3cios, com deslocamento de empregados entre as unidades e o pagamento de horas extras. De acordo com os Correios, neste fim de semana, ser\u00e1 realizado um mutir\u00e3o com expectativa de entregar aproximadamente 5 milh\u00f5es de cartas e encomendas. Cariri em Destaque\u00a0 Com EBC<\/p>\n","protected":false},"author":2,"featured_media":4999,"comment_status":"closed","ping_status":"open","sticky":false,"template":"","format":"standard","meta":{"_eb_attr":"","_jetpack_memberships_contains_paid_content":false,"footnotes":""},"categories":[11],"tags":[],"class_list":["post-4998","post","type-post","status-publish","format-standard","has-post-thumbnail","hentry","category-economia"],"yoast_head":"<!-- This site is optimized with the Yoast SEO plugin v26.5 - https:\/\/yoast.com\/wordpress\/plugins\/seo\/ -->\n<title>Trabalhadores aceitam proposta e encerram greve nos Correios - Not&iacute;cias em Destaque<\/title>\n<meta name=\"robots\" content=\"index, follow, max-snippet:-1, max-image-preview:large, max-video-preview:-1\" \/>\n<link rel=\"canonical\" href=\"https:\/\/noticiasemdestaque.com\/cd\/?p=4998\" \/>\n<meta property=\"og:locale\" content=\"pt_BR\" \/>\n<meta property=\"og:type\" content=\"article\" \/>\n<meta property=\"og:title\" content=\"Trabalhadores aceitam proposta e encerram greve nos Correios - Not&iacute;cias em Destaque\" \/>\n<meta property=\"og:description\" content=\"Os trabalhadores dos Correios decidiram hoje (6) aceitar a proposta de acordo coletivo apresentada pelo Tribunal Superior do Trabalho (TST) e, com isso, encerrar a greve da categoria iniciada em 19 de setembro. De acordo com o secret\u00e1rio-geral da Federa\u00e7\u00e3o Nacional dos Trabalhadores em Empresas de Correios e Tel\u00e9grafos e Similares (Fentect) Jos\u00e9 Rivaldo da Silva, os trabalhadores retornam ao trabalho na pr\u00f3xima segunda-feira (9). At\u00e9 o in\u00edcio da noite de hoje, dos 31 sindicatos filiados \u00e0 Fentect, 25 votaram pela aprova\u00e7\u00e3o da proposta de acordo formulada pelo TST. Apresentada na \u00faltima quarta-feira (4), a proposta prev\u00ea reajuste de 2,07% nos sal\u00e1rios e benef\u00edcios, retroativo ao m\u00eas de agosto deste ano, manuten\u00e7\u00e3o das cl\u00e1usulas sociais, compensa\u00e7\u00e3o de 64 horas (oito dias) e desconto dos demais dias de aus\u00eancia, al\u00e9m da manuten\u00e7\u00e3o das cl\u00e1usulas j\u00e1 existentes no acordo firmado no ano passado. A Cl\u00e1usula 28 do acordo firmado no ano passado, que trata do plano de sa\u00fade, continua sendo mediada pelo TST. \u201cValeu a luta da classe trabalhadora\u201d, afirmou Jos\u00e9 Rivaldo. \u201cO saldo geral da paralisa\u00e7\u00e3o \u00e9 extremamente positivo. Entramos em greve no \u00faltimo dia 19 com uma proposta dos Correios que retirava grandes direitos conquistados h\u00e1 mais de 30 anos e, com a greve, come\u00e7aram a vir propostas. N\u00e3o perdemos nenhum direito, e vale a pena lutar para manter os Correios como estatal\u201d, disse o secret\u00e1rio-geral da Fentect . Para reduzir os impactos da paralisa\u00e7\u00e3o, os Correios adotaram o Plano de Continuidade de Neg\u00f3cios, com deslocamento de empregados entre as unidades e o pagamento de horas extras. De acordo com os Correios, neste fim de semana, ser\u00e1 realizado um mutir\u00e3o com expectativa de entregar aproximadamente 5 milh\u00f5es de cartas e encomendas. Cariri em Destaque\u00a0 Com EBC\" \/>\n<meta property=\"og:url\" content=\"https:\/\/noticiasemdestaque.com\/cd\/?p=4998\" \/>\n<meta property=\"og:site_name\" content=\"Not&iacute;cias em Destaque\" \/>\n<meta property=\"article:published_time\" content=\"2017-10-07T01:57:43+00:00\" \/>\n<meta property=\"og:image\" content=\"https:\/\/noticiasemdestaque.com\/cd\/wp-content\/uploads\/2017\/10\/29213734989002.jpg\" \/>\n\t<meta property=\"og:image:width\" content=\"1280\" \/>\n\t<meta property=\"og:image:height\" content=\"853\" \/>\n\t<meta property=\"og:image:type\" content=\"image\/jpeg\" \/>\n<meta name=\"author\" content=\"Not\u00edcias em Destaque\" \/>\n<meta name=\"twitter:card\" content=\"summary_large_image\" \/>\n<meta name=\"twitter:label1\" content=\"Escrito por\" \/>\n\t<meta name=\"twitter:data1\" content=\"Not\u00edcias em Destaque\" \/>\n\t<meta name=\"twitter:label2\" content=\"Est. tempo de leitura\" \/>\n\t<meta name=\"twitter:data2\" content=\"1 minuto\" \/>\n<script type=\"application\/ld+json\" class=\"yoast-schema-graph\">{\"@context\":\"https:\/\/schema.org\",\"@graph\":[{\"@type\":\"Article\",\"@id\":\"https:\/\/noticiasemdestaque.com\/cd\/?p=4998#article\",\"isPartOf\":{\"@id\":\"https:\/\/noticiasemdestaque.com\/cd\/?p=4998\"},\"author\":{\"name\":\"Not\u00edcias em Destaque\",\"@id\":\"https:\/\/noticiasemdestaque.com\/cd\/#\/schema\/person\/21320b03a7e8bb90128938dafc9b908a\"},\"headline\":\"Trabalhadores aceitam proposta e encerram greve nos Correios\",\"datePublished\":\"2017-10-07T01:57:43+00:00\",\"mainEntityOfPage\":{\"@id\":\"https:\/\/noticiasemdestaque.com\/cd\/?p=4998\"},\"wordCount\":305,\"publisher\":{\"@id\":\"https:\/\/noticiasemdestaque.com\/cd\/#organization\"},\"image\":{\"@id\":\"https:\/\/noticiasemdestaque.com\/cd\/?p=4998#primaryimage\"},\"thumbnailUrl\":\"https:\/\/noticiasemdestaque.com\/cd\/wp-content\/uploads\/2017\/10\/29213734989002.jpg\",\"articleSection\":[\"Economia\"],\"inLanguage\":\"pt-BR\"},{\"@type\":\"WebPage\",\"@id\":\"https:\/\/noticiasemdestaque.com\/cd\/?p=4998\",\"url\":\"https:\/\/noticiasemdestaque.com\/cd\/?p=4998\",\"name\":\"Trabalhadores aceitam proposta e encerram greve nos Correios - Not&iacute;cias em Destaque\",\"isPartOf\":{\"@id\":\"https:\/\/noticiasemdestaque.com\/cd\/#website\"},\"primaryImageOfPage\":{\"@id\":\"https:\/\/noticiasemdestaque.com\/cd\/?p=4998#primaryimage\"},\"image\":{\"@id\":\"https:\/\/noticiasemdestaque.com\/cd\/?p=4998#primaryimage\"},\"thumbnailUrl\":\"https:\/\/noticiasemdestaque.com\/cd\/wp-content\/uploads\/2017\/10\/29213734989002.jpg\",\"datePublished\":\"2017-10-07T01:57:43+00:00\",\"breadcrumb\":{\"@id\":\"https:\/\/noticiasemdestaque.com\/cd\/?p=4998#breadcrumb\"},\"inLanguage\":\"pt-BR\",\"potentialAction\":[{\"@type\":\"ReadAction\",\"target\":[\"https:\/\/noticiasemdestaque.com\/cd\/?p=4998\"]}]},{\"@type\":\"ImageObject\",\"inLanguage\":\"pt-BR\",\"@id\":\"https:\/\/noticiasemdestaque.com\/cd\/?p=4998#primaryimage\",\"url\":\"https:\/\/noticiasemdestaque.com\/cd\/wp-content\/uploads\/2017\/10\/29213734989002.jpg\",\"contentUrl\":\"https:\/\/noticiasemdestaque.com\/cd\/wp-content\/uploads\/2017\/10\/29213734989002.jpg\",\"width\":1280,\"height\":853},{\"@type\":\"BreadcrumbList\",\"@id\":\"https:\/\/noticiasemdestaque.com\/cd\/?p=4998#breadcrumb\",\"itemListElement\":[{\"@type\":\"ListItem\",\"position\":1,\"name\":\"In\u00edcio\",\"item\":\"https:\/\/noticiasemdestaque.com\/cd\/\"},{\"@type\":\"ListItem\",\"position\":2,\"name\":\"Trabalhadores aceitam proposta e encerram greve nos Correios\"}]},{\"@type\":\"WebSite\",\"@id\":\"https:\/\/noticiasemdestaque.com\/cd\/#website\",\"url\":\"https:\/\/noticiasemdestaque.com\/cd\/\",\"name\":\"Not&iacute;cias em Destaque\",\"description\":\"\",\"publisher\":{\"@id\":\"https:\/\/noticiasemdestaque.com\/cd\/#organization\"},\"potentialAction\":[{\"@type\":\"SearchAction\",\"target\":{\"@type\":\"EntryPoint\",\"urlTemplate\":\"https:\/\/noticiasemdestaque.com\/cd\/?s={search_term_string}\"},\"query-input\":{\"@type\":\"PropertyValueSpecification\",\"valueRequired\":true,\"valueName\":\"search_term_string\"}}],\"inLanguage\":\"pt-BR\"},{\"@type\":\"Organization\",\"@id\":\"https:\/\/noticiasemdestaque.com\/cd\/#organization\",\"name\":\"Not\u00edcias em Destaque\",\"url\":\"https:\/\/noticiasemdestaque.com\/cd\/\",\"logo\":{\"@type\":\"ImageObject\",\"inLanguage\":\"pt-BR\",\"@id\":\"https:\/\/noticiasemdestaque.com\/cd\/#\/schema\/logo\/image\/\",\"url\":\"https:\/\/noticiasemdestaque.com\/cd\/wp-content\/uploads\/2022\/05\/imagem-base-noticiasemdestaque.png\",\"contentUrl\":\"https:\/\/noticiasemdestaque.com\/cd\/wp-content\/uploads\/2022\/05\/imagem-base-noticiasemdestaque.png\",\"width\":1200,\"height\":630,\"caption\":\"Not\u00edcias em Destaque\"},\"image\":{\"@id\":\"https:\/\/noticiasemdestaque.com\/cd\/#\/schema\/logo\/image\/\"}},{\"@type\":\"Person\",\"@id\":\"https:\/\/noticiasemdestaque.com\/cd\/#\/schema\/person\/21320b03a7e8bb90128938dafc9b908a\",\"name\":\"Not\u00edcias em Destaque\",\"url\":\"https:\/\/noticiasemdestaque.com\/cd\/?author=2\"}]}<\/script>\n<!-- \/ Yoast SEO plugin. -->","yoast_head_json":{"title":"Trabalhadores aceitam proposta e encerram greve nos Correios - Not&iacute;cias em Destaque","robots":{"index":"index","follow":"follow","max-snippet":"max-snippet:-1","max-image-preview":"max-image-preview:large","max-video-preview":"max-video-preview:-1"},"canonical":"https:\/\/noticiasemdestaque.com\/cd\/?p=4998","og_locale":"pt_BR","og_type":"article","og_title":"Trabalhadores aceitam proposta e encerram greve nos Correios - Not&iacute;cias em Destaque","og_description":"Os trabalhadores dos Correios decidiram hoje (6) aceitar a proposta de acordo coletivo apresentada pelo Tribunal Superior do Trabalho (TST) e, com isso, encerrar a greve da categoria iniciada em 19 de setembro. De acordo com o secret\u00e1rio-geral da Federa\u00e7\u00e3o Nacional dos Trabalhadores em Empresas de Correios e Tel\u00e9grafos e Similares (Fentect) Jos\u00e9 Rivaldo da Silva, os trabalhadores retornam ao trabalho na pr\u00f3xima segunda-feira (9). At\u00e9 o in\u00edcio da noite de hoje, dos 31 sindicatos filiados \u00e0 Fentect, 25 votaram pela aprova\u00e7\u00e3o da proposta de acordo formulada pelo TST. Apresentada na \u00faltima quarta-feira (4), a proposta prev\u00ea reajuste de 2,07% nos sal\u00e1rios e benef\u00edcios, retroativo ao m\u00eas de agosto deste ano, manuten\u00e7\u00e3o das cl\u00e1usulas sociais, compensa\u00e7\u00e3o de 64 horas (oito dias) e desconto dos demais dias de aus\u00eancia, al\u00e9m da manuten\u00e7\u00e3o das cl\u00e1usulas j\u00e1 existentes no acordo firmado no ano passado. A Cl\u00e1usula 28 do acordo firmado no ano passado, que trata do plano de sa\u00fade, continua sendo mediada pelo TST. \u201cValeu a luta da classe trabalhadora\u201d, afirmou Jos\u00e9 Rivaldo. \u201cO saldo geral da paralisa\u00e7\u00e3o \u00e9 extremamente positivo. Entramos em greve no \u00faltimo dia 19 com uma proposta dos Correios que retirava grandes direitos conquistados h\u00e1 mais de 30 anos e, com a greve, come\u00e7aram a vir propostas. N\u00e3o perdemos nenhum direito, e vale a pena lutar para manter os Correios como estatal\u201d, disse o secret\u00e1rio-geral da Fentect . Para reduzir os impactos da paralisa\u00e7\u00e3o, os Correios adotaram o Plano de Continuidade de Neg\u00f3cios, com deslocamento de empregados entre as unidades e o pagamento de horas extras. De acordo com os Correios, neste fim de semana, ser\u00e1 realizado um mutir\u00e3o com expectativa de entregar aproximadamente 5 milh\u00f5es de cartas e encomendas. Cariri em Destaque\u00a0 Com EBC","og_url":"https:\/\/noticiasemdestaque.com\/cd\/?p=4998","og_site_name":"Not&iacute;cias em Destaque","article_published_time":"2017-10-07T01:57:43+00:00","og_image":[{"width":1280,"height":853,"url":"https:\/\/noticiasemdestaque.com\/cd\/wp-content\/uploads\/2017\/10\/29213734989002.jpg","type":"image\/jpeg"}],"author":"Not\u00edcias em Destaque","twitter_card":"summary_large_image","twitter_misc":{"Escrito por":"Not\u00edcias em Destaque","Est. tempo de leitura":"1 minuto"},"schema":{"@context":"https:\/\/schema.org","@graph":[{"@type":"Article","@id":"https:\/\/noticiasemdestaque.com\/cd\/?p=4998#article","isPartOf":{"@id":"https:\/\/noticiasemdestaque.com\/cd\/?p=4998"},"author":{"name":"Not\u00edcias em Destaque","@id":"https:\/\/noticiasemdestaque.com\/cd\/#\/schema\/person\/21320b03a7e8bb90128938dafc9b908a"},"headline":"Trabalhadores aceitam proposta e encerram greve nos Correios","datePublished":"2017-10-07T01:57:43+00:00","mainEntityOfPage":{"@id":"https:\/\/noticiasemdestaque.com\/cd\/?p=4998"},"wordCount":305,"publisher":{"@id":"https:\/\/noticiasemdestaque.com\/cd\/#organization"},"image":{"@id":"https:\/\/noticiasemdestaque.com\/cd\/?p=4998#primaryimage"},"thumbnailUrl":"https:\/\/noticiasemdestaque.com\/cd\/wp-content\/uploads\/2017\/10\/29213734989002.jpg","articleSection":["Economia"],"inLanguage":"pt-BR"},{"@type":"WebPage","@id":"https:\/\/noticiasemdestaque.com\/cd\/?p=4998","url":"https:\/\/noticiasemdestaque.com\/cd\/?p=4998","name":"Trabalhadores aceitam proposta e encerram greve nos Correios - Not&iacute;cias em Destaque","isPartOf":{"@id":"https:\/\/noticiasemdestaque.com\/cd\/#website"},"primaryImageOfPage":{"@id":"https:\/\/noticiasemdestaque.com\/cd\/?p=4998#primaryimage"},"image":{"@id":"https:\/\/noticiasemdestaque.com\/cd\/?p=4998#primaryimage"},"thumbnailUrl":"https:\/\/noticiasemdestaque.com\/cd\/wp-content\/uploads\/2017\/10\/29213734989002.jpg","datePublished":"2017-10-07T01:57:43+00:00","breadcrumb":{"@id":"https:\/\/noticiasemdestaque.com\/cd\/?p=4998#breadcrumb"},"inLanguage":"pt-BR","potentialAction":[{"@type":"ReadAction","target":["https:\/\/noticiasemdestaque.com\/cd\/?p=4998"]}]},{"@type":"ImageObject","inLanguage":"pt-BR","@id":"https:\/\/noticiasemdestaque.com\/cd\/?p=4998#primaryimage","url":"https:\/\/noticiasemdestaque.com\/cd\/wp-content\/uploads\/2017\/10\/29213734989002.jpg","contentUrl":"https:\/\/noticiasemdestaque.com\/cd\/wp-content\/uploads\/2017\/10\/29213734989002.jpg","width":1280,"height":853},{"@type":"BreadcrumbList","@id":"https:\/\/noticiasemdestaque.com\/cd\/?p=4998#breadcrumb","itemListElement":[{"@type":"ListItem","position":1,"name":"In\u00edcio","item":"https:\/\/noticiasemdestaque.com\/cd\/"},{"@type":"ListItem","position":2,"name":"Trabalhadores aceitam proposta e encerram greve nos Correios"}]},{"@type":"WebSite","@id":"https:\/\/noticiasemdestaque.com\/cd\/#website","url":"https:\/\/noticiasemdestaque.com\/cd\/","name":"Not&iacute;cias em Destaque","description":"","publisher":{"@id":"https:\/\/noticiasemdestaque.com\/cd\/#organization"},"potentialAction":[{"@type":"SearchAction","target":{"@type":"EntryPoint","urlTemplate":"https:\/\/noticiasemdestaque.com\/cd\/?s={search_term_string}"},"query-input":{"@type":"PropertyValueSpecification","valueRequired":true,"valueName":"search_term_string"}}],"inLanguage":"pt-BR"},{"@type":"Organization","@id":"https:\/\/noticiasemdestaque.com\/cd\/#organization","name":"Not\u00edcias em Destaque","url":"https:\/\/noticiasemdestaque.com\/cd\/","logo":{"@type":"ImageObject","inLanguage":"pt-BR","@id":"https:\/\/noticiasemdestaque.com\/cd\/#\/schema\/logo\/image\/","url":"https:\/\/noticiasemdestaque.com\/cd\/wp-content\/uploads\/2022\/05\/imagem-base-noticiasemdestaque.png","contentUrl":"https:\/\/noticiasemdestaque.com\/cd\/wp-content\/uploads\/2022\/05\/imagem-base-noticiasemdestaque.png","width":1200,"height":630,"caption":"Not\u00edcias em Destaque"},"image":{"@id":"https:\/\/noticiasemdestaque.com\/cd\/#\/schema\/logo\/image\/"}},{"@type":"Person","@id":"https:\/\/noticiasemdestaque.com\/cd\/#\/schema\/person\/21320b03a7e8bb90128938dafc9b908a","name":"Not\u00edcias em Destaque","url":"https:\/\/noticiasemdestaque.com\/cd\/?author=2"}]}},"jetpack_featured_media_url":"https:\/\/noticiasemdestaque.com\/cd\/wp-content\/uploads\/2017\/10\/29213734989002.jpg","jetpack_sharing_enabled":true,"_links":{"self":[{"href":"https:\/\/noticiasemdestaque.com\/cd\/index.php?rest_route=\/wp\/v2\/posts\/4998","targetHints":{"allow":["GET"]}}],"collection":[{"href":"https:\/\/noticiasemdestaque.com\/cd\/index.php?rest_route=\/wp\/v2\/posts"}],"about":[{"href":"https:\/\/noticiasemdestaque.com\/cd\/index.php?rest_route=\/wp\/v2\/types\/post"}],"author":[{"embeddable":true,"href":"https:\/\/noticiasemdestaque.com\/cd\/index.php?rest_route=\/wp\/v2\/users\/2"}],"replies":[{"embeddable":true,"href":"https:\/\/noticiasemdestaque.com\/cd\/index.php?rest_route=%2Fwp%2Fv2%2Fcomments&post=4998"}],"version-history":[{"count":1,"href":"https:\/\/noticiasemdestaque.com\/cd\/index.php?rest_route=\/wp\/v2\/posts\/4998\/revisions"}],"predecessor-version":[{"id":5000,"href":"https:\/\/noticiasemdestaque.com\/cd\/index.php?rest_route=\/wp\/v2\/posts\/4998\/revisions\/5000"}],"wp:featuredmedia":[{"embeddable":true,"href":"https:\/\/noticiasemdestaque.com\/cd\/index.php?rest_route=\/wp\/v2\/media\/4999"}],"wp:attachment":[{"href":"https:\/\/noticiasemdestaque.com\/cd\/index.php?rest_route=%2Fwp%2Fv2%2Fmedia&parent=4998"}],"wp:term":[{"taxonomy":"category","embeddable":true,"href":"https:\/\/noticiasemdestaque.com\/cd\/index.php?rest_route=%2Fwp%2Fv2%2Fcategories&post=4998"},{"taxonomy":"post_tag","embeddable":true,"href":"https:\/\/noticiasemdestaque.com\/cd\/index.php?rest_route=%2Fwp%2Fv2%2Ftags&post=4998"}],"curies":[{"name":"wp","href":"https:\/\/api.w.org\/{rel}","templated":true}]}}