{"id":4996,"date":"2017-10-06T22:50:24","date_gmt":"2017-10-07T01:50:24","guid":{"rendered":"http:\/\/caririemdestaque.com\/cd\/?p=4996"},"modified":"2017-10-06T22:50:24","modified_gmt":"2017-10-07T01:50:24","slug":"semana-nacional-de-ciencia-e-tecnologia-2017-tera-programacao-no-cariri","status":"publish","type":"post","link":"https:\/\/noticiasemdestaque.com\/cd\/?p=4996","title":{"rendered":"Semana Nacional de Ci\u00eancia e Tecnologia 2017 ter\u00e1 programa\u00e7\u00e3o no Cariri"},"content":{"rendered":"<p><a href=\"http:\/\/caririemdestaque.com\/cd\/wp-content\/uploads\/2017\/10\/ufcgcdsa-500x3122.jpg\"><img fetchpriority=\"high\" decoding=\"async\" class=\"alignleft wp-image-4816 size-medium\" src=\"http:\/\/caririemdestaque.com\/cd\/wp-content\/uploads\/2017\/10\/ufcgcdsa-500x3122-300x187.jpg\" alt=\"\" width=\"300\" height=\"187\" srcset=\"https:\/\/noticiasemdestaque.com\/cd\/wp-content\/uploads\/2017\/10\/ufcgcdsa-500x3122-300x187.jpg 300w, https:\/\/noticiasemdestaque.com\/cd\/wp-content\/uploads\/2017\/10\/ufcgcdsa-500x3122.jpg 500w\" sizes=\"(max-width: 300px) 100vw, 300px\" \/><\/a>O Laborat\u00f3rio de Ecologia e Bot\u00e2nica do Centro de Desenvolvimento Sustent\u00e1vel do Semi\u00e1rido da Universidade Federal de Campina Grande e o Grupo de Pesquisa, Conserva\u00e7\u00e3o Ecossist\u00eamica e Recupera\u00e7\u00e3o de \u00c1reas Degradas realizar\u00e3o, de 23 a 27 de outubro, uma ampla programa\u00e7\u00e3o dentro da Semana Nacional de Ci\u00eancia e Tecnologia 2017. As atividades fazem parte do projeto &#8220;A Matem\u00e1tica e as Linhas de Intera\u00e7\u00e3o com a Biologia da Conserva\u00e7\u00e3o&#8221;.<\/p>\n<p>De 23 a 24 o evento acontecer\u00e1 em unidades escolares nos munic\u00edpios de Livramento e S\u00e3o Jos\u00e9 dos Cordeiros e constar\u00e1 da Exposi\u00e7\u00e3o: Viv\u00eancias Ambientais no Semi\u00e1rido.<\/p>\n<p>J\u00e1 de 25 a 27, as atividades ser\u00e3o realizadas nas depend\u00eancias do CDSA (com oficinas, minicursos, vivencias no Campus) e no N\u00facleo de Extens\u00e3o Cultural, onde funcionar\u00e1 a V ExpoCaatinga (exposi\u00e7\u00f5es, mostra de v\u00eddeos e atividades culturais).<\/p>\n<p>Mais informa\u00e7\u00f5es podem ser obtidas no Laborat\u00f3rio de Ecologia e Bot\u00e2nica atrav\u00e9s do telefone (83) 3353-1850 ramal 61965.<\/p>\n<p>A coordena\u00e7\u00e3o geral do evento \u00e9 da professora Alecksandra Vieira (CDSA\/UFCG). Toda a programa\u00e7\u00e3o \u00e9 apoiada pelo Minist\u00e9rio da Ci\u00eancia, Tecnologia, Inova\u00e7\u00f5es e Comunica\u00e7\u00f5es atrav\u00e9s do Conselho Nacional de Desenvolvimento Cient\u00edfico e Tecnol\u00f3gico &#8211; CNPq.<\/p>\n<p><strong><em>Cariri em Destaque <\/em><\/strong><\/p>\n<p>(Rosenato Barreto &#8211; Assimp CDSA\/UFCG)<\/p>\n","protected":false},"excerpt":{"rendered":"<p>O Laborat\u00f3rio de Ecologia e Bot\u00e2nica do Centro de Desenvolvimento Sustent\u00e1vel do Semi\u00e1rido da Universidade Federal de Campina Grande e o Grupo de Pesquisa, Conserva\u00e7\u00e3o Ecossist\u00eamica e Recupera\u00e7\u00e3o de \u00c1reas Degradas realizar\u00e3o, de 23 a 27 de outubro, uma ampla programa\u00e7\u00e3o dentro da Semana Nacional de Ci\u00eancia e Tecnologia 2017. As atividades fazem parte do projeto &#8220;A Matem\u00e1tica e as Linhas de Intera\u00e7\u00e3o com a Biologia da Conserva\u00e7\u00e3o&#8221;. De 23 a 24 o evento acontecer\u00e1 em unidades escolares nos munic\u00edpios de Livramento e S\u00e3o Jos\u00e9 dos Cordeiros e constar\u00e1 da Exposi\u00e7\u00e3o: Viv\u00eancias Ambientais no Semi\u00e1rido. J\u00e1 de 25 a 27, as atividades ser\u00e3o realizadas nas depend\u00eancias do CDSA (com oficinas, minicursos, vivencias no Campus) e no N\u00facleo de Extens\u00e3o Cultural, onde funcionar\u00e1 a V ExpoCaatinga (exposi\u00e7\u00f5es, mostra de v\u00eddeos e atividades culturais). Mais informa\u00e7\u00f5es podem ser obtidas no Laborat\u00f3rio de Ecologia e Bot\u00e2nica atrav\u00e9s do telefone (83) 3353-1850 ramal 61965. A coordena\u00e7\u00e3o geral do evento \u00e9 da professora Alecksandra Vieira (CDSA\/UFCG). Toda a programa\u00e7\u00e3o \u00e9 apoiada pelo Minist\u00e9rio da Ci\u00eancia, Tecnologia, Inova\u00e7\u00f5es e Comunica\u00e7\u00f5es atrav\u00e9s do Conselho Nacional de Desenvolvimento Cient\u00edfico e Tecnol\u00f3gico &#8211; CNPq. Cariri em Destaque (Rosenato Barreto &#8211; Assimp CDSA\/UFCG)<\/p>\n","protected":false},"author":2,"featured_media":4816,"comment_status":"closed","ping_status":"open","sticky":false,"template":"","format":"standard","meta":{"_eb_attr":"","_jetpack_memberships_contains_paid_content":false,"footnotes":""},"categories":[6],"tags":[],"class_list":["post-4996","post","type-post","status-publish","format-standard","has-post-thumbnail","hentry","category-educacao"],"yoast_head":"<!-- This site is optimized with the Yoast SEO plugin v26.5 - https:\/\/yoast.com\/wordpress\/plugins\/seo\/ -->\n<title>Semana Nacional de Ci\u00eancia e Tecnologia 2017 ter\u00e1 programa\u00e7\u00e3o no Cariri - Not&iacute;cias em Destaque<\/title>\n<meta name=\"robots\" content=\"index, follow, max-snippet:-1, max-image-preview:large, max-video-preview:-1\" \/>\n<link rel=\"canonical\" href=\"https:\/\/noticiasemdestaque.com\/cd\/?p=4996\" \/>\n<meta property=\"og:locale\" content=\"pt_BR\" \/>\n<meta property=\"og:type\" content=\"article\" \/>\n<meta property=\"og:title\" content=\"Semana Nacional de Ci\u00eancia e Tecnologia 2017 ter\u00e1 programa\u00e7\u00e3o no Cariri - Not&iacute;cias em Destaque\" \/>\n<meta property=\"og:description\" content=\"O Laborat\u00f3rio de Ecologia e Bot\u00e2nica do Centro de Desenvolvimento Sustent\u00e1vel do Semi\u00e1rido da Universidade Federal de Campina Grande e o Grupo de Pesquisa, Conserva\u00e7\u00e3o Ecossist\u00eamica e Recupera\u00e7\u00e3o de \u00c1reas Degradas realizar\u00e3o, de 23 a 27 de outubro, uma ampla programa\u00e7\u00e3o dentro da Semana Nacional de Ci\u00eancia e Tecnologia 2017. As atividades fazem parte do projeto &#8220;A Matem\u00e1tica e as Linhas de Intera\u00e7\u00e3o com a Biologia da Conserva\u00e7\u00e3o&#8221;. De 23 a 24 o evento acontecer\u00e1 em unidades escolares nos munic\u00edpios de Livramento e S\u00e3o Jos\u00e9 dos Cordeiros e constar\u00e1 da Exposi\u00e7\u00e3o: Viv\u00eancias Ambientais no Semi\u00e1rido. J\u00e1 de 25 a 27, as atividades ser\u00e3o realizadas nas depend\u00eancias do CDSA (com oficinas, minicursos, vivencias no Campus) e no N\u00facleo de Extens\u00e3o Cultural, onde funcionar\u00e1 a V ExpoCaatinga (exposi\u00e7\u00f5es, mostra de v\u00eddeos e atividades culturais). Mais informa\u00e7\u00f5es podem ser obtidas no Laborat\u00f3rio de Ecologia e Bot\u00e2nica atrav\u00e9s do telefone (83) 3353-1850 ramal 61965. A coordena\u00e7\u00e3o geral do evento \u00e9 da professora Alecksandra Vieira (CDSA\/UFCG). Toda a programa\u00e7\u00e3o \u00e9 apoiada pelo Minist\u00e9rio da Ci\u00eancia, Tecnologia, Inova\u00e7\u00f5es e Comunica\u00e7\u00f5es atrav\u00e9s do Conselho Nacional de Desenvolvimento Cient\u00edfico e Tecnol\u00f3gico &#8211; CNPq. Cariri em Destaque (Rosenato Barreto &#8211; Assimp CDSA\/UFCG)\" \/>\n<meta property=\"og:url\" content=\"https:\/\/noticiasemdestaque.com\/cd\/?p=4996\" \/>\n<meta property=\"og:site_name\" content=\"Not&iacute;cias em Destaque\" \/>\n<meta property=\"article:published_time\" content=\"2017-10-07T01:50:24+00:00\" \/>\n<meta property=\"og:image\" content=\"https:\/\/noticiasemdestaque.com\/cd\/wp-content\/uploads\/2017\/10\/ufcgcdsa-500x3122.jpg\" \/>\n\t<meta property=\"og:image:width\" content=\"500\" \/>\n\t<meta property=\"og:image:height\" content=\"312\" \/>\n\t<meta property=\"og:image:type\" content=\"image\/jpeg\" \/>\n<meta name=\"author\" content=\"Not\u00edcias em Destaque\" \/>\n<meta name=\"twitter:card\" content=\"summary_large_image\" \/>\n<meta name=\"twitter:label1\" content=\"Escrito por\" \/>\n\t<meta name=\"twitter:data1\" content=\"Not\u00edcias em Destaque\" \/>\n\t<meta name=\"twitter:label2\" content=\"Est. tempo de leitura\" \/>\n\t<meta name=\"twitter:data2\" content=\"1 minuto\" \/>\n<script type=\"application\/ld+json\" class=\"yoast-schema-graph\">{\"@context\":\"https:\/\/schema.org\",\"@graph\":[{\"@type\":\"Article\",\"@id\":\"https:\/\/noticiasemdestaque.com\/cd\/?p=4996#article\",\"isPartOf\":{\"@id\":\"https:\/\/noticiasemdestaque.com\/cd\/?p=4996\"},\"author\":{\"name\":\"Not\u00edcias em Destaque\",\"@id\":\"https:\/\/noticiasemdestaque.com\/cd\/#\/schema\/person\/21320b03a7e8bb90128938dafc9b908a\"},\"headline\":\"Semana Nacional de Ci\u00eancia e Tecnologia 2017 ter\u00e1 programa\u00e7\u00e3o no Cariri\",\"datePublished\":\"2017-10-07T01:50:24+00:00\",\"mainEntityOfPage\":{\"@id\":\"https:\/\/noticiasemdestaque.com\/cd\/?p=4996\"},\"wordCount\":233,\"publisher\":{\"@id\":\"https:\/\/noticiasemdestaque.com\/cd\/#organization\"},\"image\":{\"@id\":\"https:\/\/noticiasemdestaque.com\/cd\/?p=4996#primaryimage\"},\"thumbnailUrl\":\"https:\/\/noticiasemdestaque.com\/cd\/wp-content\/uploads\/2017\/10\/ufcgcdsa-500x3122.jpg\",\"articleSection\":[\"Educa\u00e7\u00e3o\"],\"inLanguage\":\"pt-BR\"},{\"@type\":\"WebPage\",\"@id\":\"https:\/\/noticiasemdestaque.com\/cd\/?p=4996\",\"url\":\"https:\/\/noticiasemdestaque.com\/cd\/?p=4996\",\"name\":\"Semana Nacional de Ci\u00eancia e Tecnologia 2017 ter\u00e1 programa\u00e7\u00e3o no Cariri - Not&iacute;cias em Destaque\",\"isPartOf\":{\"@id\":\"https:\/\/noticiasemdestaque.com\/cd\/#website\"},\"primaryImageOfPage\":{\"@id\":\"https:\/\/noticiasemdestaque.com\/cd\/?p=4996#primaryimage\"},\"image\":{\"@id\":\"https:\/\/noticiasemdestaque.com\/cd\/?p=4996#primaryimage\"},\"thumbnailUrl\":\"https:\/\/noticiasemdestaque.com\/cd\/wp-content\/uploads\/2017\/10\/ufcgcdsa-500x3122.jpg\",\"datePublished\":\"2017-10-07T01:50:24+00:00\",\"breadcrumb\":{\"@id\":\"https:\/\/noticiasemdestaque.com\/cd\/?p=4996#breadcrumb\"},\"inLanguage\":\"pt-BR\",\"potentialAction\":[{\"@type\":\"ReadAction\",\"target\":[\"https:\/\/noticiasemdestaque.com\/cd\/?p=4996\"]}]},{\"@type\":\"ImageObject\",\"inLanguage\":\"pt-BR\",\"@id\":\"https:\/\/noticiasemdestaque.com\/cd\/?p=4996#primaryimage\",\"url\":\"https:\/\/noticiasemdestaque.com\/cd\/wp-content\/uploads\/2017\/10\/ufcgcdsa-500x3122.jpg\",\"contentUrl\":\"https:\/\/noticiasemdestaque.com\/cd\/wp-content\/uploads\/2017\/10\/ufcgcdsa-500x3122.jpg\",\"width\":500,\"height\":312},{\"@type\":\"BreadcrumbList\",\"@id\":\"https:\/\/noticiasemdestaque.com\/cd\/?p=4996#breadcrumb\",\"itemListElement\":[{\"@type\":\"ListItem\",\"position\":1,\"name\":\"In\u00edcio\",\"item\":\"https:\/\/noticiasemdestaque.com\/cd\/\"},{\"@type\":\"ListItem\",\"position\":2,\"name\":\"Semana Nacional de Ci\u00eancia e Tecnologia 2017 ter\u00e1 programa\u00e7\u00e3o no Cariri\"}]},{\"@type\":\"WebSite\",\"@id\":\"https:\/\/noticiasemdestaque.com\/cd\/#website\",\"url\":\"https:\/\/noticiasemdestaque.com\/cd\/\",\"name\":\"Not&iacute;cias em Destaque\",\"description\":\"\",\"publisher\":{\"@id\":\"https:\/\/noticiasemdestaque.com\/cd\/#organization\"},\"potentialAction\":[{\"@type\":\"SearchAction\",\"target\":{\"@type\":\"EntryPoint\",\"urlTemplate\":\"https:\/\/noticiasemdestaque.com\/cd\/?s={search_term_string}\"},\"query-input\":{\"@type\":\"PropertyValueSpecification\",\"valueRequired\":true,\"valueName\":\"search_term_string\"}}],\"inLanguage\":\"pt-BR\"},{\"@type\":\"Organization\",\"@id\":\"https:\/\/noticiasemdestaque.com\/cd\/#organization\",\"name\":\"Not\u00edcias em Destaque\",\"url\":\"https:\/\/noticiasemdestaque.com\/cd\/\",\"logo\":{\"@type\":\"ImageObject\",\"inLanguage\":\"pt-BR\",\"@id\":\"https:\/\/noticiasemdestaque.com\/cd\/#\/schema\/logo\/image\/\",\"url\":\"https:\/\/noticiasemdestaque.com\/cd\/wp-content\/uploads\/2022\/05\/imagem-base-noticiasemdestaque.png\",\"contentUrl\":\"https:\/\/noticiasemdestaque.com\/cd\/wp-content\/uploads\/2022\/05\/imagem-base-noticiasemdestaque.png\",\"width\":1200,\"height\":630,\"caption\":\"Not\u00edcias em Destaque\"},\"image\":{\"@id\":\"https:\/\/noticiasemdestaque.com\/cd\/#\/schema\/logo\/image\/\"}},{\"@type\":\"Person\",\"@id\":\"https:\/\/noticiasemdestaque.com\/cd\/#\/schema\/person\/21320b03a7e8bb90128938dafc9b908a\",\"name\":\"Not\u00edcias em Destaque\",\"url\":\"https:\/\/noticiasemdestaque.com\/cd\/?author=2\"}]}<\/script>\n<!-- \/ Yoast SEO plugin. -->","yoast_head_json":{"title":"Semana Nacional de Ci\u00eancia e Tecnologia 2017 ter\u00e1 programa\u00e7\u00e3o no Cariri - Not&iacute;cias em Destaque","robots":{"index":"index","follow":"follow","max-snippet":"max-snippet:-1","max-image-preview":"max-image-preview:large","max-video-preview":"max-video-preview:-1"},"canonical":"https:\/\/noticiasemdestaque.com\/cd\/?p=4996","og_locale":"pt_BR","og_type":"article","og_title":"Semana Nacional de Ci\u00eancia e Tecnologia 2017 ter\u00e1 programa\u00e7\u00e3o no Cariri - Not&iacute;cias em Destaque","og_description":"O Laborat\u00f3rio de Ecologia e Bot\u00e2nica do Centro de Desenvolvimento Sustent\u00e1vel do Semi\u00e1rido da Universidade Federal de Campina Grande e o Grupo de Pesquisa, Conserva\u00e7\u00e3o Ecossist\u00eamica e Recupera\u00e7\u00e3o de \u00c1reas Degradas realizar\u00e3o, de 23 a 27 de outubro, uma ampla programa\u00e7\u00e3o dentro da Semana Nacional de Ci\u00eancia e Tecnologia 2017. As atividades fazem parte do projeto &#8220;A Matem\u00e1tica e as Linhas de Intera\u00e7\u00e3o com a Biologia da Conserva\u00e7\u00e3o&#8221;. De 23 a 24 o evento acontecer\u00e1 em unidades escolares nos munic\u00edpios de Livramento e S\u00e3o Jos\u00e9 dos Cordeiros e constar\u00e1 da Exposi\u00e7\u00e3o: Viv\u00eancias Ambientais no Semi\u00e1rido. J\u00e1 de 25 a 27, as atividades ser\u00e3o realizadas nas depend\u00eancias do CDSA (com oficinas, minicursos, vivencias no Campus) e no N\u00facleo de Extens\u00e3o Cultural, onde funcionar\u00e1 a V ExpoCaatinga (exposi\u00e7\u00f5es, mostra de v\u00eddeos e atividades culturais). Mais informa\u00e7\u00f5es podem ser obtidas no Laborat\u00f3rio de Ecologia e Bot\u00e2nica atrav\u00e9s do telefone (83) 3353-1850 ramal 61965. A coordena\u00e7\u00e3o geral do evento \u00e9 da professora Alecksandra Vieira (CDSA\/UFCG). Toda a programa\u00e7\u00e3o \u00e9 apoiada pelo Minist\u00e9rio da Ci\u00eancia, Tecnologia, Inova\u00e7\u00f5es e Comunica\u00e7\u00f5es atrav\u00e9s do Conselho Nacional de Desenvolvimento Cient\u00edfico e Tecnol\u00f3gico &#8211; CNPq. Cariri em Destaque (Rosenato Barreto &#8211; Assimp CDSA\/UFCG)","og_url":"https:\/\/noticiasemdestaque.com\/cd\/?p=4996","og_site_name":"Not&iacute;cias em Destaque","article_published_time":"2017-10-07T01:50:24+00:00","og_image":[{"width":500,"height":312,"url":"https:\/\/noticiasemdestaque.com\/cd\/wp-content\/uploads\/2017\/10\/ufcgcdsa-500x3122.jpg","type":"image\/jpeg"}],"author":"Not\u00edcias em Destaque","twitter_card":"summary_large_image","twitter_misc":{"Escrito por":"Not\u00edcias em Destaque","Est. tempo de leitura":"1 minuto"},"schema":{"@context":"https:\/\/schema.org","@graph":[{"@type":"Article","@id":"https:\/\/noticiasemdestaque.com\/cd\/?p=4996#article","isPartOf":{"@id":"https:\/\/noticiasemdestaque.com\/cd\/?p=4996"},"author":{"name":"Not\u00edcias em Destaque","@id":"https:\/\/noticiasemdestaque.com\/cd\/#\/schema\/person\/21320b03a7e8bb90128938dafc9b908a"},"headline":"Semana Nacional de Ci\u00eancia e Tecnologia 2017 ter\u00e1 programa\u00e7\u00e3o no Cariri","datePublished":"2017-10-07T01:50:24+00:00","mainEntityOfPage":{"@id":"https:\/\/noticiasemdestaque.com\/cd\/?p=4996"},"wordCount":233,"publisher":{"@id":"https:\/\/noticiasemdestaque.com\/cd\/#organization"},"image":{"@id":"https:\/\/noticiasemdestaque.com\/cd\/?p=4996#primaryimage"},"thumbnailUrl":"https:\/\/noticiasemdestaque.com\/cd\/wp-content\/uploads\/2017\/10\/ufcgcdsa-500x3122.jpg","articleSection":["Educa\u00e7\u00e3o"],"inLanguage":"pt-BR"},{"@type":"WebPage","@id":"https:\/\/noticiasemdestaque.com\/cd\/?p=4996","url":"https:\/\/noticiasemdestaque.com\/cd\/?p=4996","name":"Semana Nacional de Ci\u00eancia e Tecnologia 2017 ter\u00e1 programa\u00e7\u00e3o no Cariri - Not&iacute;cias em Destaque","isPartOf":{"@id":"https:\/\/noticiasemdestaque.com\/cd\/#website"},"primaryImageOfPage":{"@id":"https:\/\/noticiasemdestaque.com\/cd\/?p=4996#primaryimage"},"image":{"@id":"https:\/\/noticiasemdestaque.com\/cd\/?p=4996#primaryimage"},"thumbnailUrl":"https:\/\/noticiasemdestaque.com\/cd\/wp-content\/uploads\/2017\/10\/ufcgcdsa-500x3122.jpg","datePublished":"2017-10-07T01:50:24+00:00","breadcrumb":{"@id":"https:\/\/noticiasemdestaque.com\/cd\/?p=4996#breadcrumb"},"inLanguage":"pt-BR","potentialAction":[{"@type":"ReadAction","target":["https:\/\/noticiasemdestaque.com\/cd\/?p=4996"]}]},{"@type":"ImageObject","inLanguage":"pt-BR","@id":"https:\/\/noticiasemdestaque.com\/cd\/?p=4996#primaryimage","url":"https:\/\/noticiasemdestaque.com\/cd\/wp-content\/uploads\/2017\/10\/ufcgcdsa-500x3122.jpg","contentUrl":"https:\/\/noticiasemdestaque.com\/cd\/wp-content\/uploads\/2017\/10\/ufcgcdsa-500x3122.jpg","width":500,"height":312},{"@type":"BreadcrumbList","@id":"https:\/\/noticiasemdestaque.com\/cd\/?p=4996#breadcrumb","itemListElement":[{"@type":"ListItem","position":1,"name":"In\u00edcio","item":"https:\/\/noticiasemdestaque.com\/cd\/"},{"@type":"ListItem","position":2,"name":"Semana Nacional de Ci\u00eancia e Tecnologia 2017 ter\u00e1 programa\u00e7\u00e3o no Cariri"}]},{"@type":"WebSite","@id":"https:\/\/noticiasemdestaque.com\/cd\/#website","url":"https:\/\/noticiasemdestaque.com\/cd\/","name":"Not&iacute;cias em Destaque","description":"","publisher":{"@id":"https:\/\/noticiasemdestaque.com\/cd\/#organization"},"potentialAction":[{"@type":"SearchAction","target":{"@type":"EntryPoint","urlTemplate":"https:\/\/noticiasemdestaque.com\/cd\/?s={search_term_string}"},"query-input":{"@type":"PropertyValueSpecification","valueRequired":true,"valueName":"search_term_string"}}],"inLanguage":"pt-BR"},{"@type":"Organization","@id":"https:\/\/noticiasemdestaque.com\/cd\/#organization","name":"Not\u00edcias em Destaque","url":"https:\/\/noticiasemdestaque.com\/cd\/","logo":{"@type":"ImageObject","inLanguage":"pt-BR","@id":"https:\/\/noticiasemdestaque.com\/cd\/#\/schema\/logo\/image\/","url":"https:\/\/noticiasemdestaque.com\/cd\/wp-content\/uploads\/2022\/05\/imagem-base-noticiasemdestaque.png","contentUrl":"https:\/\/noticiasemdestaque.com\/cd\/wp-content\/uploads\/2022\/05\/imagem-base-noticiasemdestaque.png","width":1200,"height":630,"caption":"Not\u00edcias em Destaque"},"image":{"@id":"https:\/\/noticiasemdestaque.com\/cd\/#\/schema\/logo\/image\/"}},{"@type":"Person","@id":"https:\/\/noticiasemdestaque.com\/cd\/#\/schema\/person\/21320b03a7e8bb90128938dafc9b908a","name":"Not\u00edcias em Destaque","url":"https:\/\/noticiasemdestaque.com\/cd\/?author=2"}]}},"jetpack_featured_media_url":"https:\/\/noticiasemdestaque.com\/cd\/wp-content\/uploads\/2017\/10\/ufcgcdsa-500x3122.jpg","jetpack_sharing_enabled":true,"_links":{"self":[{"href":"https:\/\/noticiasemdestaque.com\/cd\/index.php?rest_route=\/wp\/v2\/posts\/4996","targetHints":{"allow":["GET"]}}],"collection":[{"href":"https:\/\/noticiasemdestaque.com\/cd\/index.php?rest_route=\/wp\/v2\/posts"}],"about":[{"href":"https:\/\/noticiasemdestaque.com\/cd\/index.php?rest_route=\/wp\/v2\/types\/post"}],"author":[{"embeddable":true,"href":"https:\/\/noticiasemdestaque.com\/cd\/index.php?rest_route=\/wp\/v2\/users\/2"}],"replies":[{"embeddable":true,"href":"https:\/\/noticiasemdestaque.com\/cd\/index.php?rest_route=%2Fwp%2Fv2%2Fcomments&post=4996"}],"version-history":[{"count":1,"href":"https:\/\/noticiasemdestaque.com\/cd\/index.php?rest_route=\/wp\/v2\/posts\/4996\/revisions"}],"predecessor-version":[{"id":4997,"href":"https:\/\/noticiasemdestaque.com\/cd\/index.php?rest_route=\/wp\/v2\/posts\/4996\/revisions\/4997"}],"wp:featuredmedia":[{"embeddable":true,"href":"https:\/\/noticiasemdestaque.com\/cd\/index.php?rest_route=\/wp\/v2\/media\/4816"}],"wp:attachment":[{"href":"https:\/\/noticiasemdestaque.com\/cd\/index.php?rest_route=%2Fwp%2Fv2%2Fmedia&parent=4996"}],"wp:term":[{"taxonomy":"category","embeddable":true,"href":"https:\/\/noticiasemdestaque.com\/cd\/index.php?rest_route=%2Fwp%2Fv2%2Fcategories&post=4996"},{"taxonomy":"post_tag","embeddable":true,"href":"https:\/\/noticiasemdestaque.com\/cd\/index.php?rest_route=%2Fwp%2Fv2%2Ftags&post=4996"}],"curies":[{"name":"wp","href":"https:\/\/api.w.org\/{rel}","templated":true}]}}