{"id":49880,"date":"2023-07-11T09:59:48","date_gmt":"2023-07-11T12:59:48","guid":{"rendered":"https:\/\/noticiasemdestaque.com\/cd\/?p=49880"},"modified":"2023-07-11T09:59:48","modified_gmt":"2023-07-11T12:59:48","slug":"projeto-da-ufcg-promovera-restauracao-de-ecossistemas-degradados-no-semiarido-brasileiro","status":"publish","type":"post","link":"https:\/\/noticiasemdestaque.com\/cd\/?p=49880","title":{"rendered":"Projeto da UFCG promover\u00e1 restaura\u00e7\u00e3o de ecossistemas degradados no Semi\u00e1rido Brasileiro"},"content":{"rendered":"<p><a href=\"https:\/\/noticiasemdestaque.com\/cd\/wp-content\/uploads\/2017\/08\/ufcgcdsa-500x3122.jpg\"><img fetchpriority=\"high\" decoding=\"async\" class=\"alignnone  wp-image-3071\" src=\"https:\/\/noticiasemdestaque.com\/cd\/wp-content\/uploads\/2017\/08\/ufcgcdsa-500x3122-300x187.jpg\" alt=\"\" width=\"1442\" height=\"899\" srcset=\"https:\/\/noticiasemdestaque.com\/cd\/wp-content\/uploads\/2017\/08\/ufcgcdsa-500x3122-300x187.jpg 300w, https:\/\/noticiasemdestaque.com\/cd\/wp-content\/uploads\/2017\/08\/ufcgcdsa-500x3122.jpg 500w\" sizes=\"(max-width: 1442px) 100vw, 1442px\" \/><\/a><\/p>\n<p>Iniciativa receber\u00e1 recursos oriundos do Minist\u00e9rio da Integra\u00e7\u00e3o e do Desenvolvimento Regional. Objetivo \u00e9 desenvolver a\u00e7\u00f5es de conserva\u00e7\u00e3o e sustentabilidade socioambiental e econ\u00f4mica na regi\u00e3o.<\/p>\n<p>Um projeto da Universidade Federal de Campina Grande (UFCG), financiado com recursos do Minist\u00e9rio da Integra\u00e7\u00e3o e do Desenvolvimento Regional (MIDR), vai permitir o desenvolvimento de a\u00e7\u00f5es voltadas para a restaura\u00e7\u00e3o de sistemas naturais degradados, objetivando a conserva\u00e7\u00e3o e a sustentabilidade socioambiental e econ\u00f4mica no contexto da Regi\u00e3o do Semi\u00e1rido brasileiro. O Termo de Execu\u00e7\u00e3o Descentralizada (TED) entre a UFCG e o MIDR, no valor de R$ 529.733,60, foi assinado no final do m\u00eas de junho.<\/p>\n<p>Coordenado pela professora Alecksandra Vieira de Lacerda, do Centro de Desenvolvimento Sustent\u00e1vel do Semi\u00e1rido (CDSA), campus Sum\u00e9, o projeto Restaura\u00e7\u00e3o de Ecossistemas Ciliares Degradados no Semi\u00e1rido Brasileiro (REDESAB) contribuir\u00e1 com dados que envolvem as matas ciliares com diferentes n\u00edveis de sucess\u00e3o ecol\u00f3gica nas \u00e1reas de abrang\u00eancia da Bacia do Rio Para\u00edba, onde ser\u00e3o acompanhados os processos de din\u00e2mica de ecossistemas ciliares de refer\u00eancia.<\/p>\n<p>De acordo com a pesquisadora, ser\u00e3o trabalhadas de forma associada as tecnologias de produ\u00e7\u00e3o vegetal e estrat\u00e9gias de difus\u00e3o do conhecimento. \u201cO projeto contribuir\u00e1 para atender as demandas crescentes por solu\u00e7\u00f5es inovadoras no contexto de valora\u00e7\u00e3o econ\u00f4mica e dos servi\u00e7os ecossist\u00eamicos da biodiversidade, mediante estrat\u00e9gias de conserva\u00e7\u00e3o e da restaura\u00e7\u00e3o ambiental de matas ciliares degradadas na regi\u00e3o do Semi\u00e1rido brasileiro\u201d, explicou.<\/p>\n<p>As atividades do projeto est\u00e3o previstas para serem iniciadas ainda neste m\u00eas de julho, dentro de um cronograma inicial de execu\u00e7\u00e3o de dois anos. A ideia \u00e9 que sejam integrados alunos de gradua\u00e7\u00e3o e p\u00f3s-gradua\u00e7\u00e3o de cursos nas \u00e1reas de Engenharias e Humanas.<\/p>\n<blockquote><p><em>\u201cNossa vis\u00e3o \u00e9 integrada e participativa e, assim, colocaremos na agenda das nossas a\u00e7\u00f5es o envolvimento dos atores sociais nessa constru\u00e7\u00e3o sobre o desenvolvimento e a sustentabilidade regional\u201d<\/em>, destacou a professora.<\/p><\/blockquote>\n<p><strong>Noticias em Destaque<\/strong><\/p>\n<p style=\"text-align: right;\"><em>Fonte: (Ascom UFCG)<\/em><\/p>\n","protected":false},"excerpt":{"rendered":"<p>Iniciativa receber\u00e1 recursos oriundos do Minist\u00e9rio da Integra\u00e7\u00e3o e do Desenvolvimento Regional. Objetivo \u00e9 desenvolver a\u00e7\u00f5es de conserva\u00e7\u00e3o e sustentabilidade socioambiental e econ\u00f4mica na regi\u00e3o. Um projeto da Universidade Federal de Campina Grande (UFCG), financiado com recursos do Minist\u00e9rio da Integra\u00e7\u00e3o e do Desenvolvimento Regional (MIDR), vai permitir o desenvolvimento de a\u00e7\u00f5es voltadas para a restaura\u00e7\u00e3o de sistemas naturais degradados, objetivando a conserva\u00e7\u00e3o e a sustentabilidade socioambiental e econ\u00f4mica no contexto da Regi\u00e3o do Semi\u00e1rido brasileiro. O Termo de Execu\u00e7\u00e3o Descentralizada (TED) entre a UFCG e o MIDR, no valor de R$ 529.733,60, foi assinado no final do m\u00eas de junho. Coordenado pela professora Alecksandra Vieira de Lacerda, do Centro de Desenvolvimento Sustent\u00e1vel do Semi\u00e1rido (CDSA), campus Sum\u00e9, o projeto Restaura\u00e7\u00e3o de Ecossistemas Ciliares Degradados no Semi\u00e1rido Brasileiro (REDESAB) contribuir\u00e1 com dados que envolvem as matas ciliares com diferentes n\u00edveis de sucess\u00e3o ecol\u00f3gica nas \u00e1reas de abrang\u00eancia da Bacia do Rio Para\u00edba, onde ser\u00e3o acompanhados os processos de din\u00e2mica de ecossistemas ciliares de refer\u00eancia. De acordo com a pesquisadora, ser\u00e3o trabalhadas de forma associada as tecnologias de produ\u00e7\u00e3o vegetal e estrat\u00e9gias de difus\u00e3o do conhecimento. \u201cO projeto contribuir\u00e1 para atender as demandas crescentes por solu\u00e7\u00f5es inovadoras no contexto de valora\u00e7\u00e3o econ\u00f4mica e dos servi\u00e7os ecossist\u00eamicos da biodiversidade, mediante estrat\u00e9gias de conserva\u00e7\u00e3o e da restaura\u00e7\u00e3o ambiental de matas ciliares degradadas na regi\u00e3o do Semi\u00e1rido brasileiro\u201d, explicou. As atividades do projeto est\u00e3o previstas para serem iniciadas ainda neste m\u00eas de julho, dentro de um cronograma inicial de execu\u00e7\u00e3o de dois anos. A ideia \u00e9 que sejam integrados alunos de gradua\u00e7\u00e3o e p\u00f3s-gradua\u00e7\u00e3o de cursos nas \u00e1reas de Engenharias e Humanas. \u201cNossa vis\u00e3o \u00e9 integrada e participativa e, assim, colocaremos na agenda das nossas a\u00e7\u00f5es o envolvimento dos atores sociais nessa constru\u00e7\u00e3o sobre o desenvolvimento e a sustentabilidade regional\u201d, destacou a professora. Noticias em Destaque Fonte: (Ascom UFCG)<\/p>\n","protected":false},"author":2,"featured_media":5336,"comment_status":"closed","ping_status":"open","sticky":false,"template":"","format":"standard","meta":{"_eb_attr":"","_jetpack_memberships_contains_paid_content":false,"footnotes":""},"categories":[6],"tags":[],"class_list":["post-49880","post","type-post","status-publish","format-standard","has-post-thumbnail","hentry","category-educacao"],"yoast_head":"<!-- This site is optimized with the Yoast SEO plugin v26.5 - https:\/\/yoast.com\/wordpress\/plugins\/seo\/ -->\n<title>Projeto da UFCG promover\u00e1 restaura\u00e7\u00e3o de ecossistemas degradados no Semi\u00e1rido Brasileiro - Not&iacute;cias em Destaque<\/title>\n<meta name=\"robots\" content=\"index, follow, max-snippet:-1, max-image-preview:large, max-video-preview:-1\" \/>\n<link rel=\"canonical\" href=\"https:\/\/noticiasemdestaque.com\/cd\/?p=49880\" \/>\n<meta property=\"og:locale\" content=\"pt_BR\" \/>\n<meta property=\"og:type\" content=\"article\" \/>\n<meta property=\"og:title\" content=\"Projeto da UFCG promover\u00e1 restaura\u00e7\u00e3o de ecossistemas degradados no Semi\u00e1rido Brasileiro - Not&iacute;cias em Destaque\" \/>\n<meta property=\"og:description\" content=\"Iniciativa receber\u00e1 recursos oriundos do Minist\u00e9rio da Integra\u00e7\u00e3o e do Desenvolvimento Regional. Objetivo \u00e9 desenvolver a\u00e7\u00f5es de conserva\u00e7\u00e3o e sustentabilidade socioambiental e econ\u00f4mica na regi\u00e3o. Um projeto da Universidade Federal de Campina Grande (UFCG), financiado com recursos do Minist\u00e9rio da Integra\u00e7\u00e3o e do Desenvolvimento Regional (MIDR), vai permitir o desenvolvimento de a\u00e7\u00f5es voltadas para a restaura\u00e7\u00e3o de sistemas naturais degradados, objetivando a conserva\u00e7\u00e3o e a sustentabilidade socioambiental e econ\u00f4mica no contexto da Regi\u00e3o do Semi\u00e1rido brasileiro. O Termo de Execu\u00e7\u00e3o Descentralizada (TED) entre a UFCG e o MIDR, no valor de R$ 529.733,60, foi assinado no final do m\u00eas de junho. Coordenado pela professora Alecksandra Vieira de Lacerda, do Centro de Desenvolvimento Sustent\u00e1vel do Semi\u00e1rido (CDSA), campus Sum\u00e9, o projeto Restaura\u00e7\u00e3o de Ecossistemas Ciliares Degradados no Semi\u00e1rido Brasileiro (REDESAB) contribuir\u00e1 com dados que envolvem as matas ciliares com diferentes n\u00edveis de sucess\u00e3o ecol\u00f3gica nas \u00e1reas de abrang\u00eancia da Bacia do Rio Para\u00edba, onde ser\u00e3o acompanhados os processos de din\u00e2mica de ecossistemas ciliares de refer\u00eancia. De acordo com a pesquisadora, ser\u00e3o trabalhadas de forma associada as tecnologias de produ\u00e7\u00e3o vegetal e estrat\u00e9gias de difus\u00e3o do conhecimento. \u201cO projeto contribuir\u00e1 para atender as demandas crescentes por solu\u00e7\u00f5es inovadoras no contexto de valora\u00e7\u00e3o econ\u00f4mica e dos servi\u00e7os ecossist\u00eamicos da biodiversidade, mediante estrat\u00e9gias de conserva\u00e7\u00e3o e da restaura\u00e7\u00e3o ambiental de matas ciliares degradadas na regi\u00e3o do Semi\u00e1rido brasileiro\u201d, explicou. As atividades do projeto est\u00e3o previstas para serem iniciadas ainda neste m\u00eas de julho, dentro de um cronograma inicial de execu\u00e7\u00e3o de dois anos. A ideia \u00e9 que sejam integrados alunos de gradua\u00e7\u00e3o e p\u00f3s-gradua\u00e7\u00e3o de cursos nas \u00e1reas de Engenharias e Humanas. \u201cNossa vis\u00e3o \u00e9 integrada e participativa e, assim, colocaremos na agenda das nossas a\u00e7\u00f5es o envolvimento dos atores sociais nessa constru\u00e7\u00e3o sobre o desenvolvimento e a sustentabilidade regional\u201d, destacou a professora. Noticias em Destaque Fonte: (Ascom UFCG)\" \/>\n<meta property=\"og:url\" content=\"https:\/\/noticiasemdestaque.com\/cd\/?p=49880\" \/>\n<meta property=\"og:site_name\" content=\"Not&iacute;cias em Destaque\" \/>\n<meta property=\"article:published_time\" content=\"2023-07-11T12:59:48+00:00\" \/>\n<meta property=\"og:image\" content=\"https:\/\/noticiasemdestaque.com\/cd\/wp-content\/uploads\/2017\/10\/ufcgcdsa-500x3122-1.jpg\" \/>\n\t<meta property=\"og:image:width\" content=\"500\" \/>\n\t<meta property=\"og:image:height\" content=\"312\" \/>\n\t<meta property=\"og:image:type\" content=\"image\/jpeg\" \/>\n<meta name=\"author\" content=\"Not\u00edcias em Destaque\" \/>\n<meta name=\"twitter:card\" content=\"summary_large_image\" \/>\n<meta name=\"twitter:label1\" content=\"Escrito por\" \/>\n\t<meta name=\"twitter:data1\" content=\"Not\u00edcias em Destaque\" \/>\n\t<meta name=\"twitter:label2\" content=\"Est. tempo de leitura\" \/>\n\t<meta name=\"twitter:data2\" content=\"2 minutos\" \/>\n<script type=\"application\/ld+json\" class=\"yoast-schema-graph\">{\"@context\":\"https:\/\/schema.org\",\"@graph\":[{\"@type\":\"Article\",\"@id\":\"https:\/\/noticiasemdestaque.com\/cd\/?p=49880#article\",\"isPartOf\":{\"@id\":\"https:\/\/noticiasemdestaque.com\/cd\/?p=49880\"},\"author\":{\"name\":\"Not\u00edcias em Destaque\",\"@id\":\"https:\/\/noticiasemdestaque.com\/cd\/#\/schema\/person\/4a81fb71f77579d059c3045891fa1786\"},\"headline\":\"Projeto da UFCG promover\u00e1 restaura\u00e7\u00e3o de ecossistemas degradados no Semi\u00e1rido Brasileiro\",\"datePublished\":\"2023-07-11T12:59:48+00:00\",\"mainEntityOfPage\":{\"@id\":\"https:\/\/noticiasemdestaque.com\/cd\/?p=49880\"},\"wordCount\":365,\"publisher\":{\"@id\":\"https:\/\/noticiasemdestaque.com\/cd\/#organization\"},\"image\":{\"@id\":\"https:\/\/noticiasemdestaque.com\/cd\/?p=49880#primaryimage\"},\"thumbnailUrl\":\"https:\/\/noticiasemdestaque.com\/cd\/wp-content\/uploads\/2017\/10\/ufcgcdsa-500x3122-1.jpg\",\"articleSection\":[\"Educa\u00e7\u00e3o\"],\"inLanguage\":\"pt-BR\"},{\"@type\":\"WebPage\",\"@id\":\"https:\/\/noticiasemdestaque.com\/cd\/?p=49880\",\"url\":\"https:\/\/noticiasemdestaque.com\/cd\/?p=49880\",\"name\":\"Projeto da UFCG promover\u00e1 restaura\u00e7\u00e3o de ecossistemas degradados no Semi\u00e1rido Brasileiro - Not&iacute;cias em Destaque\",\"isPartOf\":{\"@id\":\"https:\/\/noticiasemdestaque.com\/cd\/#website\"},\"primaryImageOfPage\":{\"@id\":\"https:\/\/noticiasemdestaque.com\/cd\/?p=49880#primaryimage\"},\"image\":{\"@id\":\"https:\/\/noticiasemdestaque.com\/cd\/?p=49880#primaryimage\"},\"thumbnailUrl\":\"https:\/\/noticiasemdestaque.com\/cd\/wp-content\/uploads\/2017\/10\/ufcgcdsa-500x3122-1.jpg\",\"datePublished\":\"2023-07-11T12:59:48+00:00\",\"breadcrumb\":{\"@id\":\"https:\/\/noticiasemdestaque.com\/cd\/?p=49880#breadcrumb\"},\"inLanguage\":\"pt-BR\",\"potentialAction\":[{\"@type\":\"ReadAction\",\"target\":[\"https:\/\/noticiasemdestaque.com\/cd\/?p=49880\"]}]},{\"@type\":\"ImageObject\",\"inLanguage\":\"pt-BR\",\"@id\":\"https:\/\/noticiasemdestaque.com\/cd\/?p=49880#primaryimage\",\"url\":\"https:\/\/noticiasemdestaque.com\/cd\/wp-content\/uploads\/2017\/10\/ufcgcdsa-500x3122-1.jpg\",\"contentUrl\":\"https:\/\/noticiasemdestaque.com\/cd\/wp-content\/uploads\/2017\/10\/ufcgcdsa-500x3122-1.jpg\",\"width\":500,\"height\":312},{\"@type\":\"BreadcrumbList\",\"@id\":\"https:\/\/noticiasemdestaque.com\/cd\/?p=49880#breadcrumb\",\"itemListElement\":[{\"@type\":\"ListItem\",\"position\":1,\"name\":\"In\u00edcio\",\"item\":\"https:\/\/noticiasemdestaque.com\/cd\/\"},{\"@type\":\"ListItem\",\"position\":2,\"name\":\"Projeto da UFCG promover\u00e1 restaura\u00e7\u00e3o de ecossistemas degradados no Semi\u00e1rido Brasileiro\"}]},{\"@type\":\"WebSite\",\"@id\":\"https:\/\/noticiasemdestaque.com\/cd\/#website\",\"url\":\"https:\/\/noticiasemdestaque.com\/cd\/\",\"name\":\"Not&iacute;cias em Destaque\",\"description\":\"\",\"publisher\":{\"@id\":\"https:\/\/noticiasemdestaque.com\/cd\/#organization\"},\"potentialAction\":[{\"@type\":\"SearchAction\",\"target\":{\"@type\":\"EntryPoint\",\"urlTemplate\":\"https:\/\/noticiasemdestaque.com\/cd\/?s={search_term_string}\"},\"query-input\":{\"@type\":\"PropertyValueSpecification\",\"valueRequired\":true,\"valueName\":\"search_term_string\"}}],\"inLanguage\":\"pt-BR\"},{\"@type\":\"Organization\",\"@id\":\"https:\/\/noticiasemdestaque.com\/cd\/#organization\",\"name\":\"Not\u00edcias em Destaque\",\"url\":\"https:\/\/noticiasemdestaque.com\/cd\/\",\"logo\":{\"@type\":\"ImageObject\",\"inLanguage\":\"pt-BR\",\"@id\":\"https:\/\/noticiasemdestaque.com\/cd\/#\/schema\/logo\/image\/\",\"url\":\"https:\/\/noticiasemdestaque.com\/cd\/wp-content\/uploads\/2022\/05\/imagem-base-noticiasemdestaque.png\",\"contentUrl\":\"https:\/\/noticiasemdestaque.com\/cd\/wp-content\/uploads\/2022\/05\/imagem-base-noticiasemdestaque.png\",\"width\":1200,\"height\":630,\"caption\":\"Not\u00edcias em Destaque\"},\"image\":{\"@id\":\"https:\/\/noticiasemdestaque.com\/cd\/#\/schema\/logo\/image\/\"}},{\"@type\":\"Person\",\"@id\":\"https:\/\/noticiasemdestaque.com\/cd\/#\/schema\/person\/4a81fb71f77579d059c3045891fa1786\",\"name\":\"Not\u00edcias em Destaque\",\"url\":\"https:\/\/noticiasemdestaque.com\/cd\/?author=2\"}]}<\/script>\n<!-- \/ Yoast SEO plugin. -->","yoast_head_json":{"title":"Projeto da UFCG promover\u00e1 restaura\u00e7\u00e3o de ecossistemas degradados no Semi\u00e1rido Brasileiro - Not&iacute;cias em Destaque","robots":{"index":"index","follow":"follow","max-snippet":"max-snippet:-1","max-image-preview":"max-image-preview:large","max-video-preview":"max-video-preview:-1"},"canonical":"https:\/\/noticiasemdestaque.com\/cd\/?p=49880","og_locale":"pt_BR","og_type":"article","og_title":"Projeto da UFCG promover\u00e1 restaura\u00e7\u00e3o de ecossistemas degradados no Semi\u00e1rido Brasileiro - Not&iacute;cias em Destaque","og_description":"Iniciativa receber\u00e1 recursos oriundos do Minist\u00e9rio da Integra\u00e7\u00e3o e do Desenvolvimento Regional. Objetivo \u00e9 desenvolver a\u00e7\u00f5es de conserva\u00e7\u00e3o e sustentabilidade socioambiental e econ\u00f4mica na regi\u00e3o. Um projeto da Universidade Federal de Campina Grande (UFCG), financiado com recursos do Minist\u00e9rio da Integra\u00e7\u00e3o e do Desenvolvimento Regional (MIDR), vai permitir o desenvolvimento de a\u00e7\u00f5es voltadas para a restaura\u00e7\u00e3o de sistemas naturais degradados, objetivando a conserva\u00e7\u00e3o e a sustentabilidade socioambiental e econ\u00f4mica no contexto da Regi\u00e3o do Semi\u00e1rido brasileiro. O Termo de Execu\u00e7\u00e3o Descentralizada (TED) entre a UFCG e o MIDR, no valor de R$ 529.733,60, foi assinado no final do m\u00eas de junho. Coordenado pela professora Alecksandra Vieira de Lacerda, do Centro de Desenvolvimento Sustent\u00e1vel do Semi\u00e1rido (CDSA), campus Sum\u00e9, o projeto Restaura\u00e7\u00e3o de Ecossistemas Ciliares Degradados no Semi\u00e1rido Brasileiro (REDESAB) contribuir\u00e1 com dados que envolvem as matas ciliares com diferentes n\u00edveis de sucess\u00e3o ecol\u00f3gica nas \u00e1reas de abrang\u00eancia da Bacia do Rio Para\u00edba, onde ser\u00e3o acompanhados os processos de din\u00e2mica de ecossistemas ciliares de refer\u00eancia. De acordo com a pesquisadora, ser\u00e3o trabalhadas de forma associada as tecnologias de produ\u00e7\u00e3o vegetal e estrat\u00e9gias de difus\u00e3o do conhecimento. \u201cO projeto contribuir\u00e1 para atender as demandas crescentes por solu\u00e7\u00f5es inovadoras no contexto de valora\u00e7\u00e3o econ\u00f4mica e dos servi\u00e7os ecossist\u00eamicos da biodiversidade, mediante estrat\u00e9gias de conserva\u00e7\u00e3o e da restaura\u00e7\u00e3o ambiental de matas ciliares degradadas na regi\u00e3o do Semi\u00e1rido brasileiro\u201d, explicou. As atividades do projeto est\u00e3o previstas para serem iniciadas ainda neste m\u00eas de julho, dentro de um cronograma inicial de execu\u00e7\u00e3o de dois anos. A ideia \u00e9 que sejam integrados alunos de gradua\u00e7\u00e3o e p\u00f3s-gradua\u00e7\u00e3o de cursos nas \u00e1reas de Engenharias e Humanas. \u201cNossa vis\u00e3o \u00e9 integrada e participativa e, assim, colocaremos na agenda das nossas a\u00e7\u00f5es o envolvimento dos atores sociais nessa constru\u00e7\u00e3o sobre o desenvolvimento e a sustentabilidade regional\u201d, destacou a professora. Noticias em Destaque Fonte: (Ascom UFCG)","og_url":"https:\/\/noticiasemdestaque.com\/cd\/?p=49880","og_site_name":"Not&iacute;cias em Destaque","article_published_time":"2023-07-11T12:59:48+00:00","og_image":[{"width":500,"height":312,"url":"https:\/\/noticiasemdestaque.com\/cd\/wp-content\/uploads\/2017\/10\/ufcgcdsa-500x3122-1.jpg","type":"image\/jpeg"}],"author":"Not\u00edcias em Destaque","twitter_card":"summary_large_image","twitter_misc":{"Escrito por":"Not\u00edcias em Destaque","Est. tempo de leitura":"2 minutos"},"schema":{"@context":"https:\/\/schema.org","@graph":[{"@type":"Article","@id":"https:\/\/noticiasemdestaque.com\/cd\/?p=49880#article","isPartOf":{"@id":"https:\/\/noticiasemdestaque.com\/cd\/?p=49880"},"author":{"name":"Not\u00edcias em Destaque","@id":"https:\/\/noticiasemdestaque.com\/cd\/#\/schema\/person\/4a81fb71f77579d059c3045891fa1786"},"headline":"Projeto da UFCG promover\u00e1 restaura\u00e7\u00e3o de ecossistemas degradados no Semi\u00e1rido Brasileiro","datePublished":"2023-07-11T12:59:48+00:00","mainEntityOfPage":{"@id":"https:\/\/noticiasemdestaque.com\/cd\/?p=49880"},"wordCount":365,"publisher":{"@id":"https:\/\/noticiasemdestaque.com\/cd\/#organization"},"image":{"@id":"https:\/\/noticiasemdestaque.com\/cd\/?p=49880#primaryimage"},"thumbnailUrl":"https:\/\/noticiasemdestaque.com\/cd\/wp-content\/uploads\/2017\/10\/ufcgcdsa-500x3122-1.jpg","articleSection":["Educa\u00e7\u00e3o"],"inLanguage":"pt-BR"},{"@type":"WebPage","@id":"https:\/\/noticiasemdestaque.com\/cd\/?p=49880","url":"https:\/\/noticiasemdestaque.com\/cd\/?p=49880","name":"Projeto da UFCG promover\u00e1 restaura\u00e7\u00e3o de ecossistemas degradados no Semi\u00e1rido Brasileiro - Not&iacute;cias em Destaque","isPartOf":{"@id":"https:\/\/noticiasemdestaque.com\/cd\/#website"},"primaryImageOfPage":{"@id":"https:\/\/noticiasemdestaque.com\/cd\/?p=49880#primaryimage"},"image":{"@id":"https:\/\/noticiasemdestaque.com\/cd\/?p=49880#primaryimage"},"thumbnailUrl":"https:\/\/noticiasemdestaque.com\/cd\/wp-content\/uploads\/2017\/10\/ufcgcdsa-500x3122-1.jpg","datePublished":"2023-07-11T12:59:48+00:00","breadcrumb":{"@id":"https:\/\/noticiasemdestaque.com\/cd\/?p=49880#breadcrumb"},"inLanguage":"pt-BR","potentialAction":[{"@type":"ReadAction","target":["https:\/\/noticiasemdestaque.com\/cd\/?p=49880"]}]},{"@type":"ImageObject","inLanguage":"pt-BR","@id":"https:\/\/noticiasemdestaque.com\/cd\/?p=49880#primaryimage","url":"https:\/\/noticiasemdestaque.com\/cd\/wp-content\/uploads\/2017\/10\/ufcgcdsa-500x3122-1.jpg","contentUrl":"https:\/\/noticiasemdestaque.com\/cd\/wp-content\/uploads\/2017\/10\/ufcgcdsa-500x3122-1.jpg","width":500,"height":312},{"@type":"BreadcrumbList","@id":"https:\/\/noticiasemdestaque.com\/cd\/?p=49880#breadcrumb","itemListElement":[{"@type":"ListItem","position":1,"name":"In\u00edcio","item":"https:\/\/noticiasemdestaque.com\/cd\/"},{"@type":"ListItem","position":2,"name":"Projeto da UFCG promover\u00e1 restaura\u00e7\u00e3o de ecossistemas degradados no Semi\u00e1rido Brasileiro"}]},{"@type":"WebSite","@id":"https:\/\/noticiasemdestaque.com\/cd\/#website","url":"https:\/\/noticiasemdestaque.com\/cd\/","name":"Not&iacute;cias em Destaque","description":"","publisher":{"@id":"https:\/\/noticiasemdestaque.com\/cd\/#organization"},"potentialAction":[{"@type":"SearchAction","target":{"@type":"EntryPoint","urlTemplate":"https:\/\/noticiasemdestaque.com\/cd\/?s={search_term_string}"},"query-input":{"@type":"PropertyValueSpecification","valueRequired":true,"valueName":"search_term_string"}}],"inLanguage":"pt-BR"},{"@type":"Organization","@id":"https:\/\/noticiasemdestaque.com\/cd\/#organization","name":"Not\u00edcias em Destaque","url":"https:\/\/noticiasemdestaque.com\/cd\/","logo":{"@type":"ImageObject","inLanguage":"pt-BR","@id":"https:\/\/noticiasemdestaque.com\/cd\/#\/schema\/logo\/image\/","url":"https:\/\/noticiasemdestaque.com\/cd\/wp-content\/uploads\/2022\/05\/imagem-base-noticiasemdestaque.png","contentUrl":"https:\/\/noticiasemdestaque.com\/cd\/wp-content\/uploads\/2022\/05\/imagem-base-noticiasemdestaque.png","width":1200,"height":630,"caption":"Not\u00edcias em Destaque"},"image":{"@id":"https:\/\/noticiasemdestaque.com\/cd\/#\/schema\/logo\/image\/"}},{"@type":"Person","@id":"https:\/\/noticiasemdestaque.com\/cd\/#\/schema\/person\/4a81fb71f77579d059c3045891fa1786","name":"Not\u00edcias em Destaque","url":"https:\/\/noticiasemdestaque.com\/cd\/?author=2"}]}},"jetpack_featured_media_url":"https:\/\/noticiasemdestaque.com\/cd\/wp-content\/uploads\/2017\/10\/ufcgcdsa-500x3122-1.jpg","jetpack_sharing_enabled":true,"_links":{"self":[{"href":"https:\/\/noticiasemdestaque.com\/cd\/index.php?rest_route=\/wp\/v2\/posts\/49880","targetHints":{"allow":["GET"]}}],"collection":[{"href":"https:\/\/noticiasemdestaque.com\/cd\/index.php?rest_route=\/wp\/v2\/posts"}],"about":[{"href":"https:\/\/noticiasemdestaque.com\/cd\/index.php?rest_route=\/wp\/v2\/types\/post"}],"author":[{"embeddable":true,"href":"https:\/\/noticiasemdestaque.com\/cd\/index.php?rest_route=\/wp\/v2\/users\/2"}],"replies":[{"embeddable":true,"href":"https:\/\/noticiasemdestaque.com\/cd\/index.php?rest_route=%2Fwp%2Fv2%2Fcomments&post=49880"}],"version-history":[{"count":1,"href":"https:\/\/noticiasemdestaque.com\/cd\/index.php?rest_route=\/wp\/v2\/posts\/49880\/revisions"}],"predecessor-version":[{"id":49883,"href":"https:\/\/noticiasemdestaque.com\/cd\/index.php?rest_route=\/wp\/v2\/posts\/49880\/revisions\/49883"}],"wp:featuredmedia":[{"embeddable":true,"href":"https:\/\/noticiasemdestaque.com\/cd\/index.php?rest_route=\/wp\/v2\/media\/5336"}],"wp:attachment":[{"href":"https:\/\/noticiasemdestaque.com\/cd\/index.php?rest_route=%2Fwp%2Fv2%2Fmedia&parent=49880"}],"wp:term":[{"taxonomy":"category","embeddable":true,"href":"https:\/\/noticiasemdestaque.com\/cd\/index.php?rest_route=%2Fwp%2Fv2%2Fcategories&post=49880"},{"taxonomy":"post_tag","embeddable":true,"href":"https:\/\/noticiasemdestaque.com\/cd\/index.php?rest_route=%2Fwp%2Fv2%2Ftags&post=49880"}],"curies":[{"name":"wp","href":"https:\/\/api.w.org\/{rel}","templated":true}]}}