{"id":49815,"date":"2023-07-10T07:02:57","date_gmt":"2023-07-10T10:02:57","guid":{"rendered":"https:\/\/noticiasemdestaque.com\/cd\/?p=49815"},"modified":"2023-07-10T07:02:57","modified_gmt":"2023-07-10T10:02:57","slug":"pernambuco-decreta-emergencia-em-12-municipios-por-causa-das-chuvas","status":"publish","type":"post","link":"https:\/\/noticiasemdestaque.com\/cd\/?p=49815","title":{"rendered":"Pernambuco decreta emerg\u00eancia em 12 munic\u00edpios por causa das chuvas"},"content":{"rendered":"<p><a href=\"https:\/\/noticiasemdestaque.com\/cd\/wp-content\/uploads\/2023\/07\/1_whatsapp_image_2023_07_07_at_10_21_37-23457020.jpeg\"><img fetchpriority=\"high\" decoding=\"async\" class=\" wp-image-49817\" src=\"https:\/\/noticiasemdestaque.com\/cd\/wp-content\/uploads\/2023\/07\/1_whatsapp_image_2023_07_07_at_10_21_37-23457020-300x179.jpeg\" alt=\"\" width=\"1443\" height=\"861\" srcset=\"https:\/\/noticiasemdestaque.com\/cd\/wp-content\/uploads\/2023\/07\/1_whatsapp_image_2023_07_07_at_10_21_37-23457020-300x179.jpeg 300w, https:\/\/noticiasemdestaque.com\/cd\/wp-content\/uploads\/2023\/07\/1_whatsapp_image_2023_07_07_at_10_21_37-23457020-768x459.jpeg 768w, https:\/\/noticiasemdestaque.com\/cd\/wp-content\/uploads\/2023\/07\/1_whatsapp_image_2023_07_07_at_10_21_37-23457020-18x12.jpeg 18w\" sizes=\"(max-width: 1443px) 100vw, 1443px\" \/><\/a><\/p>\n<p>A governadora de Pernambuco, Raquel Lyra, decretou, neste domingo (9), situa\u00e7\u00e3o de emerg\u00eancia em 12 cidades da Zona da Mata, fortemente atingida pelas chuvas. Segundo a Defesa Civil do estado, at\u00e9 o momento, chuvas intensas afetaram 2.862 pessoas de 756 fam\u00edlias. Desse total, est\u00e3o desalojadas 447 pessoas de 656 fam\u00edlias e desabrigadas 101 fam\u00edlias.<\/p>\n<p>A situa\u00e7\u00e3o de emerg\u00eancia est\u00e1 estabelecida nos munic\u00edpios de S\u00e3o Benedito do Sul, Bel\u00e9m de Maria, \u00c1gua Preta, Catende, Quipap\u00e1, Xex\u00e9u, Barreiros, Joaquim Nabuco, Cort\u00eas, Jaqueira, Rio Formoso e Maraial. Treze pontos de deslizamentos foram registrados nessas cidades \u2013sendo quatro em Catende, sete em Joaquim Nabuco, um em Cort\u00eas, e um em Rio Formoso.<\/p>\n<p>Em nota, o governo informou que, para decretar a situa\u00e7\u00e3o, levou em conta a preserva\u00e7\u00e3o do bem-estar da popula\u00e7\u00e3o e das atividades socioecon\u00f4micas das regi\u00f5es atingidas e o fato de os habitantes dos munic\u00edpios afetados ainda n\u00e3o terem condi\u00e7\u00f5es satisfat\u00f3rias de superar os danos e preju\u00edzos provocados.<\/p>\n<p>O governo tamb\u00e9m anunciou a disponibiliza\u00e7\u00e3o de R$ 1,34 milh\u00e3o para o custeio imediato de eventuais benef\u00edcios nos munic\u00edpios em situa\u00e7\u00f5es de emerg\u00eancia e calamidade, incluindo as ocasionadas pelas fortes chuvas registradas na regi\u00e3o metropolitana do Recife e nas zonas da Mata e Agreste nos \u00faltimos dias.<\/p>\n<p>De acordo com a nota, para solicitar o recurso, os munic\u00edpios devem encaminhar ao governo do estado o decreto de emerg\u00eancia ou calamidade e a portaria de reconhecimento deste pelo governo federal, por meio do\u00a0e-mail\u00a0sedas@sdscj.pe.gov.br.<\/p>\n<p>Ontem (8), o Instituto Nacional de Meteorologia (Inmet) emitiu alerta de chuva para o Agreste, as zonas da Mata Sul e Mata Norte e a regi\u00e3o metropolitana, que \u00e9 v\u00e1lido at\u00e9 este domingo.<\/p>\n<p>Alagoas<\/p>\n<p>As chuvas tamb\u00e9m atingiram o estado de Alagoas. Neste s\u00e1bado, o governador Paulo Dantas declarou situa\u00e7\u00e3o de emerg\u00eancia em 29 munic\u00edpios. O decreto ter\u00e1 validade de 180 dias.<\/p>\n<p>Os munic\u00edpios abra\u00e7ados pelo decreto s\u00e3o: Atalaia, Barra de S\u00e3o Miguel, Branquinha, Col\u00f4nia Leopoldina, Coqueiro Seco, Flexeiras, Ibateguara, Jacu\u00edpe, Joaquim Gomes, Maragogi, Matriz de Camaragibe, Murici, Paulo Jacinto, Paripueira, Pilar, Quebrangulo, Rio Largo, S\u00e3o Jos\u00e9 da Laje, Santana do Munda\u00fa, S\u00e3o Lu\u00eds do Quitunde, S\u00e3o Miguel dos Milagres, Uni\u00e3o dos Palmares, Penedo, Marechal Deodoro, Cajueiro, Capela, Vi\u00e7osa, S\u00e3o Miguel dos Campos e Satuba.<\/p>\n<p>Em todo o estado, o n\u00famero de pessoas afetadas pelas chuvas passa de de 22 mil. Segundo boletim divulgado hoje pela Defesa Civil, s\u00e3o 2.756 pessoas desabrigadas e 19.273 Segundo a Defesa Civil de Pernambuco, foram afetadas pelas chuvas no estado 2.862 pessoas, das quais 447 est\u00e3o desalojadas e 101, desabrigadas. Em Alagoas, h\u00e1 2.756 desabrigados e 19.273 desalojadosSegundo a Defesa Civil de Pernambuco, foram afetadas pelas chuvas no estado 2.862 pessoas, das quais 447 est\u00e3o desalojadas e 101, desabrigadas. Em Alagoas, h\u00e1 2.756 desabrigados e 19.273 desalojadosdesalojadas. O munic\u00edpio com mais pessoas desabrigadas \u00e9 Murici e o que tem mais desalojadas \u00e9 Matriz de Camaragibe. Uma pessoa morreu em Joaquim Gomes.<\/p>\n<p>Boletim divulgado no fim da tarde de s\u00e1bado pela Secretaria de Estado do Meio Ambiente e dos Recursos H\u00eddricos alerta para a continuidade das chuvas em Alagoas no decorrer deste domingo, no litoral e nas zonas da Mata e Baixo S\u00e3o Francisco.<\/p>\n<p><strong>Noticias em Destaque<\/strong><\/p>\n<p style=\"text-align: right;\"><em>Fonte: Ag\u00eancia Brasil<\/em><\/p>\n","protected":false},"excerpt":{"rendered":"<p>A governadora de Pernambuco, Raquel Lyra, decretou, neste domingo (9), situa\u00e7\u00e3o de emerg\u00eancia em 12 cidades da Zona da Mata, fortemente atingida pelas chuvas. Segundo a Defesa Civil do estado, at\u00e9 o momento, chuvas intensas afetaram 2.862 pessoas de 756 fam\u00edlias. Desse total, est\u00e3o desalojadas 447 pessoas de 656 fam\u00edlias e desabrigadas 101 fam\u00edlias. A situa\u00e7\u00e3o de emerg\u00eancia est\u00e1 estabelecida nos munic\u00edpios de S\u00e3o Benedito do Sul, Bel\u00e9m de Maria, \u00c1gua Preta, Catende, Quipap\u00e1, Xex\u00e9u, Barreiros, Joaquim Nabuco, Cort\u00eas, Jaqueira, Rio Formoso e Maraial. Treze pontos de deslizamentos foram registrados nessas cidades \u2013sendo quatro em Catende, sete em Joaquim Nabuco, um em Cort\u00eas, e um em Rio Formoso. Em nota, o governo informou que, para decretar a situa\u00e7\u00e3o, levou em conta a preserva\u00e7\u00e3o do bem-estar da popula\u00e7\u00e3o e das atividades socioecon\u00f4micas das regi\u00f5es atingidas e o fato de os habitantes dos munic\u00edpios afetados ainda n\u00e3o terem condi\u00e7\u00f5es satisfat\u00f3rias de superar os danos e preju\u00edzos provocados. O governo tamb\u00e9m anunciou a disponibiliza\u00e7\u00e3o de R$ 1,34 milh\u00e3o para o custeio imediato de eventuais benef\u00edcios nos munic\u00edpios em situa\u00e7\u00f5es de emerg\u00eancia e calamidade, incluindo as ocasionadas pelas fortes chuvas registradas na regi\u00e3o metropolitana do Recife e nas zonas da Mata e Agreste nos \u00faltimos dias. De acordo com a nota, para solicitar o recurso, os munic\u00edpios devem encaminhar ao governo do estado o decreto de emerg\u00eancia ou calamidade e a portaria de reconhecimento deste pelo governo federal, por meio do\u00a0e-mail\u00a0sedas@sdscj.pe.gov.br. Ontem (8), o Instituto Nacional de Meteorologia (Inmet) emitiu alerta de chuva para o Agreste, as zonas da Mata Sul e Mata Norte e a regi\u00e3o metropolitana, que \u00e9 v\u00e1lido at\u00e9 este domingo. Alagoas As chuvas tamb\u00e9m atingiram o estado de Alagoas. Neste s\u00e1bado, o governador Paulo Dantas declarou situa\u00e7\u00e3o de emerg\u00eancia em 29 munic\u00edpios. O decreto ter\u00e1 validade de 180 dias. Os munic\u00edpios abra\u00e7ados pelo decreto s\u00e3o: Atalaia, Barra de S\u00e3o Miguel, Branquinha, Col\u00f4nia Leopoldina, Coqueiro Seco, Flexeiras, Ibateguara, Jacu\u00edpe, Joaquim Gomes, Maragogi, Matriz de Camaragibe, Murici, Paulo Jacinto, Paripueira, Pilar, Quebrangulo, Rio Largo, S\u00e3o Jos\u00e9 da Laje, Santana do Munda\u00fa, S\u00e3o Lu\u00eds do Quitunde, S\u00e3o Miguel dos Milagres, Uni\u00e3o dos Palmares, Penedo, Marechal Deodoro, Cajueiro, Capela, Vi\u00e7osa, S\u00e3o Miguel dos Campos e Satuba. Em todo o estado, o n\u00famero de pessoas afetadas pelas chuvas passa de de 22 mil. Segundo boletim divulgado hoje pela Defesa Civil, s\u00e3o 2.756 pessoas desabrigadas e 19.273 Segundo a Defesa Civil de Pernambuco, foram afetadas pelas chuvas no estado 2.862 pessoas, das quais 447 est\u00e3o desalojadas e 101, desabrigadas. Em Alagoas, h\u00e1 2.756 desabrigados e 19.273 desalojadosSegundo a Defesa Civil de Pernambuco, foram afetadas pelas chuvas no estado 2.862 pessoas, das quais 447 est\u00e3o desalojadas e 101, desabrigadas. Em Alagoas, h\u00e1 2.756 desabrigados e 19.273 desalojadosdesalojadas. O munic\u00edpio com mais pessoas desabrigadas \u00e9 Murici e o que tem mais desalojadas \u00e9 Matriz de Camaragibe. Uma pessoa morreu em Joaquim Gomes. Boletim divulgado no fim da tarde de s\u00e1bado pela Secretaria de Estado do Meio Ambiente e dos Recursos H\u00eddricos alerta para a continuidade das chuvas em Alagoas no decorrer deste domingo, no litoral e nas zonas da Mata e Baixo S\u00e3o Francisco. Noticias em Destaque Fonte: Ag\u00eancia Brasil<\/p>\n","protected":false},"author":2,"featured_media":49817,"comment_status":"closed","ping_status":"open","sticky":false,"template":"","format":"standard","meta":{"_eb_attr":"","_jetpack_memberships_contains_paid_content":false,"footnotes":""},"categories":[12],"tags":[],"class_list":["post-49815","post","type-post","status-publish","format-standard","has-post-thumbnail","hentry","category-geral"],"yoast_head":"<!-- This site is optimized with the Yoast SEO plugin v26.5 - https:\/\/yoast.com\/wordpress\/plugins\/seo\/ -->\n<title>Pernambuco decreta emerg\u00eancia em 12 munic\u00edpios por causa das chuvas - Not&iacute;cias em Destaque<\/title>\n<meta name=\"robots\" content=\"index, follow, max-snippet:-1, max-image-preview:large, max-video-preview:-1\" \/>\n<link rel=\"canonical\" href=\"https:\/\/noticiasemdestaque.com\/cd\/?p=49815\" \/>\n<meta property=\"og:locale\" content=\"pt_BR\" \/>\n<meta property=\"og:type\" content=\"article\" \/>\n<meta property=\"og:title\" content=\"Pernambuco decreta emerg\u00eancia em 12 munic\u00edpios por causa das chuvas - Not&iacute;cias em Destaque\" \/>\n<meta property=\"og:description\" content=\"A governadora de Pernambuco, Raquel Lyra, decretou, neste domingo (9), situa\u00e7\u00e3o de emerg\u00eancia em 12 cidades da Zona da Mata, fortemente atingida pelas chuvas. Segundo a Defesa Civil do estado, at\u00e9 o momento, chuvas intensas afetaram 2.862 pessoas de 756 fam\u00edlias. Desse total, est\u00e3o desalojadas 447 pessoas de 656 fam\u00edlias e desabrigadas 101 fam\u00edlias. A situa\u00e7\u00e3o de emerg\u00eancia est\u00e1 estabelecida nos munic\u00edpios de S\u00e3o Benedito do Sul, Bel\u00e9m de Maria, \u00c1gua Preta, Catende, Quipap\u00e1, Xex\u00e9u, Barreiros, Joaquim Nabuco, Cort\u00eas, Jaqueira, Rio Formoso e Maraial. Treze pontos de deslizamentos foram registrados nessas cidades \u2013sendo quatro em Catende, sete em Joaquim Nabuco, um em Cort\u00eas, e um em Rio Formoso. Em nota, o governo informou que, para decretar a situa\u00e7\u00e3o, levou em conta a preserva\u00e7\u00e3o do bem-estar da popula\u00e7\u00e3o e das atividades socioecon\u00f4micas das regi\u00f5es atingidas e o fato de os habitantes dos munic\u00edpios afetados ainda n\u00e3o terem condi\u00e7\u00f5es satisfat\u00f3rias de superar os danos e preju\u00edzos provocados. O governo tamb\u00e9m anunciou a disponibiliza\u00e7\u00e3o de R$ 1,34 milh\u00e3o para o custeio imediato de eventuais benef\u00edcios nos munic\u00edpios em situa\u00e7\u00f5es de emerg\u00eancia e calamidade, incluindo as ocasionadas pelas fortes chuvas registradas na regi\u00e3o metropolitana do Recife e nas zonas da Mata e Agreste nos \u00faltimos dias. De acordo com a nota, para solicitar o recurso, os munic\u00edpios devem encaminhar ao governo do estado o decreto de emerg\u00eancia ou calamidade e a portaria de reconhecimento deste pelo governo federal, por meio do\u00a0e-mail\u00a0sedas@sdscj.pe.gov.br. Ontem (8), o Instituto Nacional de Meteorologia (Inmet) emitiu alerta de chuva para o Agreste, as zonas da Mata Sul e Mata Norte e a regi\u00e3o metropolitana, que \u00e9 v\u00e1lido at\u00e9 este domingo. Alagoas As chuvas tamb\u00e9m atingiram o estado de Alagoas. Neste s\u00e1bado, o governador Paulo Dantas declarou situa\u00e7\u00e3o de emerg\u00eancia em 29 munic\u00edpios. O decreto ter\u00e1 validade de 180 dias. Os munic\u00edpios abra\u00e7ados pelo decreto s\u00e3o: Atalaia, Barra de S\u00e3o Miguel, Branquinha, Col\u00f4nia Leopoldina, Coqueiro Seco, Flexeiras, Ibateguara, Jacu\u00edpe, Joaquim Gomes, Maragogi, Matriz de Camaragibe, Murici, Paulo Jacinto, Paripueira, Pilar, Quebrangulo, Rio Largo, S\u00e3o Jos\u00e9 da Laje, Santana do Munda\u00fa, S\u00e3o Lu\u00eds do Quitunde, S\u00e3o Miguel dos Milagres, Uni\u00e3o dos Palmares, Penedo, Marechal Deodoro, Cajueiro, Capela, Vi\u00e7osa, S\u00e3o Miguel dos Campos e Satuba. Em todo o estado, o n\u00famero de pessoas afetadas pelas chuvas passa de de 22 mil. Segundo boletim divulgado hoje pela Defesa Civil, s\u00e3o 2.756 pessoas desabrigadas e 19.273 Segundo a Defesa Civil de Pernambuco, foram afetadas pelas chuvas no estado 2.862 pessoas, das quais 447 est\u00e3o desalojadas e 101, desabrigadas. Em Alagoas, h\u00e1 2.756 desabrigados e 19.273 desalojadosSegundo a Defesa Civil de Pernambuco, foram afetadas pelas chuvas no estado 2.862 pessoas, das quais 447 est\u00e3o desalojadas e 101, desabrigadas. Em Alagoas, h\u00e1 2.756 desabrigados e 19.273 desalojadosdesalojadas. O munic\u00edpio com mais pessoas desabrigadas \u00e9 Murici e o que tem mais desalojadas \u00e9 Matriz de Camaragibe. Uma pessoa morreu em Joaquim Gomes. Boletim divulgado no fim da tarde de s\u00e1bado pela Secretaria de Estado do Meio Ambiente e dos Recursos H\u00eddricos alerta para a continuidade das chuvas em Alagoas no decorrer deste domingo, no litoral e nas zonas da Mata e Baixo S\u00e3o Francisco. Noticias em Destaque Fonte: Ag\u00eancia Brasil\" \/>\n<meta property=\"og:url\" content=\"https:\/\/noticiasemdestaque.com\/cd\/?p=49815\" \/>\n<meta property=\"og:site_name\" content=\"Not&iacute;cias em Destaque\" \/>\n<meta property=\"article:published_time\" content=\"2023-07-10T10:02:57+00:00\" \/>\n<meta property=\"og:image\" content=\"https:\/\/noticiasemdestaque.com\/cd\/wp-content\/uploads\/2023\/07\/1_whatsapp_image_2023_07_07_at_10_21_37-23457020.jpeg\" \/>\n\t<meta property=\"og:image:width\" content=\"1170\" \/>\n\t<meta property=\"og:image:height\" content=\"700\" \/>\n\t<meta property=\"og:image:type\" content=\"image\/jpeg\" \/>\n<meta name=\"author\" content=\"Not\u00edcias em Destaque\" \/>\n<meta name=\"twitter:card\" content=\"summary_large_image\" \/>\n<meta name=\"twitter:label1\" content=\"Escrito por\" \/>\n\t<meta name=\"twitter:data1\" content=\"Not\u00edcias em Destaque\" \/>\n\t<meta name=\"twitter:label2\" content=\"Est. tempo de leitura\" \/>\n\t<meta name=\"twitter:data2\" content=\"4 minutos\" \/>\n<script type=\"application\/ld+json\" class=\"yoast-schema-graph\">{\"@context\":\"https:\/\/schema.org\",\"@graph\":[{\"@type\":\"Article\",\"@id\":\"https:\/\/noticiasemdestaque.com\/cd\/?p=49815#article\",\"isPartOf\":{\"@id\":\"https:\/\/noticiasemdestaque.com\/cd\/?p=49815\"},\"author\":{\"name\":\"Not\u00edcias em Destaque\",\"@id\":\"https:\/\/noticiasemdestaque.com\/cd\/#\/schema\/person\/21320b03a7e8bb90128938dafc9b908a\"},\"headline\":\"Pernambuco decreta emerg\u00eancia em 12 munic\u00edpios por causa das chuvas\",\"datePublished\":\"2023-07-10T10:02:57+00:00\",\"mainEntityOfPage\":{\"@id\":\"https:\/\/noticiasemdestaque.com\/cd\/?p=49815\"},\"wordCount\":575,\"publisher\":{\"@id\":\"https:\/\/noticiasemdestaque.com\/cd\/#organization\"},\"image\":{\"@id\":\"https:\/\/noticiasemdestaque.com\/cd\/?p=49815#primaryimage\"},\"thumbnailUrl\":\"https:\/\/noticiasemdestaque.com\/cd\/wp-content\/uploads\/2023\/07\/1_whatsapp_image_2023_07_07_at_10_21_37-23457020.jpeg\",\"articleSection\":[\"Geral\"],\"inLanguage\":\"pt-BR\"},{\"@type\":\"WebPage\",\"@id\":\"https:\/\/noticiasemdestaque.com\/cd\/?p=49815\",\"url\":\"https:\/\/noticiasemdestaque.com\/cd\/?p=49815\",\"name\":\"Pernambuco decreta emerg\u00eancia em 12 munic\u00edpios por causa das chuvas - Not&iacute;cias em Destaque\",\"isPartOf\":{\"@id\":\"https:\/\/noticiasemdestaque.com\/cd\/#website\"},\"primaryImageOfPage\":{\"@id\":\"https:\/\/noticiasemdestaque.com\/cd\/?p=49815#primaryimage\"},\"image\":{\"@id\":\"https:\/\/noticiasemdestaque.com\/cd\/?p=49815#primaryimage\"},\"thumbnailUrl\":\"https:\/\/noticiasemdestaque.com\/cd\/wp-content\/uploads\/2023\/07\/1_whatsapp_image_2023_07_07_at_10_21_37-23457020.jpeg\",\"datePublished\":\"2023-07-10T10:02:57+00:00\",\"breadcrumb\":{\"@id\":\"https:\/\/noticiasemdestaque.com\/cd\/?p=49815#breadcrumb\"},\"inLanguage\":\"pt-BR\",\"potentialAction\":[{\"@type\":\"ReadAction\",\"target\":[\"https:\/\/noticiasemdestaque.com\/cd\/?p=49815\"]}]},{\"@type\":\"ImageObject\",\"inLanguage\":\"pt-BR\",\"@id\":\"https:\/\/noticiasemdestaque.com\/cd\/?p=49815#primaryimage\",\"url\":\"https:\/\/noticiasemdestaque.com\/cd\/wp-content\/uploads\/2023\/07\/1_whatsapp_image_2023_07_07_at_10_21_37-23457020.jpeg\",\"contentUrl\":\"https:\/\/noticiasemdestaque.com\/cd\/wp-content\/uploads\/2023\/07\/1_whatsapp_image_2023_07_07_at_10_21_37-23457020.jpeg\",\"width\":1170,\"height\":700,\"caption\":\"CHUVAS NO RECIFE: BRs t\u00eam diversos pontos com alagamentos em Pernambuco. Foto: PRF\/Divulga\u00e7\u00e3o\"},{\"@type\":\"BreadcrumbList\",\"@id\":\"https:\/\/noticiasemdestaque.com\/cd\/?p=49815#breadcrumb\",\"itemListElement\":[{\"@type\":\"ListItem\",\"position\":1,\"name\":\"In\u00edcio\",\"item\":\"https:\/\/noticiasemdestaque.com\/cd\/\"},{\"@type\":\"ListItem\",\"position\":2,\"name\":\"Pernambuco decreta emerg\u00eancia em 12 munic\u00edpios por causa das chuvas\"}]},{\"@type\":\"WebSite\",\"@id\":\"https:\/\/noticiasemdestaque.com\/cd\/#website\",\"url\":\"https:\/\/noticiasemdestaque.com\/cd\/\",\"name\":\"Not&iacute;cias em Destaque\",\"description\":\"\",\"publisher\":{\"@id\":\"https:\/\/noticiasemdestaque.com\/cd\/#organization\"},\"potentialAction\":[{\"@type\":\"SearchAction\",\"target\":{\"@type\":\"EntryPoint\",\"urlTemplate\":\"https:\/\/noticiasemdestaque.com\/cd\/?s={search_term_string}\"},\"query-input\":{\"@type\":\"PropertyValueSpecification\",\"valueRequired\":true,\"valueName\":\"search_term_string\"}}],\"inLanguage\":\"pt-BR\"},{\"@type\":\"Organization\",\"@id\":\"https:\/\/noticiasemdestaque.com\/cd\/#organization\",\"name\":\"Not\u00edcias em Destaque\",\"url\":\"https:\/\/noticiasemdestaque.com\/cd\/\",\"logo\":{\"@type\":\"ImageObject\",\"inLanguage\":\"pt-BR\",\"@id\":\"https:\/\/noticiasemdestaque.com\/cd\/#\/schema\/logo\/image\/\",\"url\":\"https:\/\/noticiasemdestaque.com\/cd\/wp-content\/uploads\/2022\/05\/imagem-base-noticiasemdestaque.png\",\"contentUrl\":\"https:\/\/noticiasemdestaque.com\/cd\/wp-content\/uploads\/2022\/05\/imagem-base-noticiasemdestaque.png\",\"width\":1200,\"height\":630,\"caption\":\"Not\u00edcias em Destaque\"},\"image\":{\"@id\":\"https:\/\/noticiasemdestaque.com\/cd\/#\/schema\/logo\/image\/\"}},{\"@type\":\"Person\",\"@id\":\"https:\/\/noticiasemdestaque.com\/cd\/#\/schema\/person\/21320b03a7e8bb90128938dafc9b908a\",\"name\":\"Not\u00edcias em Destaque\",\"url\":\"https:\/\/noticiasemdestaque.com\/cd\/?author=2\"}]}<\/script>\n<!-- \/ Yoast SEO plugin. -->","yoast_head_json":{"title":"Pernambuco decreta emerg\u00eancia em 12 munic\u00edpios por causa das chuvas - Not&iacute;cias em Destaque","robots":{"index":"index","follow":"follow","max-snippet":"max-snippet:-1","max-image-preview":"max-image-preview:large","max-video-preview":"max-video-preview:-1"},"canonical":"https:\/\/noticiasemdestaque.com\/cd\/?p=49815","og_locale":"pt_BR","og_type":"article","og_title":"Pernambuco decreta emerg\u00eancia em 12 munic\u00edpios por causa das chuvas - Not&iacute;cias em Destaque","og_description":"A governadora de Pernambuco, Raquel Lyra, decretou, neste domingo (9), situa\u00e7\u00e3o de emerg\u00eancia em 12 cidades da Zona da Mata, fortemente atingida pelas chuvas. Segundo a Defesa Civil do estado, at\u00e9 o momento, chuvas intensas afetaram 2.862 pessoas de 756 fam\u00edlias. Desse total, est\u00e3o desalojadas 447 pessoas de 656 fam\u00edlias e desabrigadas 101 fam\u00edlias. A situa\u00e7\u00e3o de emerg\u00eancia est\u00e1 estabelecida nos munic\u00edpios de S\u00e3o Benedito do Sul, Bel\u00e9m de Maria, \u00c1gua Preta, Catende, Quipap\u00e1, Xex\u00e9u, Barreiros, Joaquim Nabuco, Cort\u00eas, Jaqueira, Rio Formoso e Maraial. Treze pontos de deslizamentos foram registrados nessas cidades \u2013sendo quatro em Catende, sete em Joaquim Nabuco, um em Cort\u00eas, e um em Rio Formoso. Em nota, o governo informou que, para decretar a situa\u00e7\u00e3o, levou em conta a preserva\u00e7\u00e3o do bem-estar da popula\u00e7\u00e3o e das atividades socioecon\u00f4micas das regi\u00f5es atingidas e o fato de os habitantes dos munic\u00edpios afetados ainda n\u00e3o terem condi\u00e7\u00f5es satisfat\u00f3rias de superar os danos e preju\u00edzos provocados. O governo tamb\u00e9m anunciou a disponibiliza\u00e7\u00e3o de R$ 1,34 milh\u00e3o para o custeio imediato de eventuais benef\u00edcios nos munic\u00edpios em situa\u00e7\u00f5es de emerg\u00eancia e calamidade, incluindo as ocasionadas pelas fortes chuvas registradas na regi\u00e3o metropolitana do Recife e nas zonas da Mata e Agreste nos \u00faltimos dias. De acordo com a nota, para solicitar o recurso, os munic\u00edpios devem encaminhar ao governo do estado o decreto de emerg\u00eancia ou calamidade e a portaria de reconhecimento deste pelo governo federal, por meio do\u00a0e-mail\u00a0sedas@sdscj.pe.gov.br. Ontem (8), o Instituto Nacional de Meteorologia (Inmet) emitiu alerta de chuva para o Agreste, as zonas da Mata Sul e Mata Norte e a regi\u00e3o metropolitana, que \u00e9 v\u00e1lido at\u00e9 este domingo. Alagoas As chuvas tamb\u00e9m atingiram o estado de Alagoas. Neste s\u00e1bado, o governador Paulo Dantas declarou situa\u00e7\u00e3o de emerg\u00eancia em 29 munic\u00edpios. O decreto ter\u00e1 validade de 180 dias. Os munic\u00edpios abra\u00e7ados pelo decreto s\u00e3o: Atalaia, Barra de S\u00e3o Miguel, Branquinha, Col\u00f4nia Leopoldina, Coqueiro Seco, Flexeiras, Ibateguara, Jacu\u00edpe, Joaquim Gomes, Maragogi, Matriz de Camaragibe, Murici, Paulo Jacinto, Paripueira, Pilar, Quebrangulo, Rio Largo, S\u00e3o Jos\u00e9 da Laje, Santana do Munda\u00fa, S\u00e3o Lu\u00eds do Quitunde, S\u00e3o Miguel dos Milagres, Uni\u00e3o dos Palmares, Penedo, Marechal Deodoro, Cajueiro, Capela, Vi\u00e7osa, S\u00e3o Miguel dos Campos e Satuba. Em todo o estado, o n\u00famero de pessoas afetadas pelas chuvas passa de de 22 mil. Segundo boletim divulgado hoje pela Defesa Civil, s\u00e3o 2.756 pessoas desabrigadas e 19.273 Segundo a Defesa Civil de Pernambuco, foram afetadas pelas chuvas no estado 2.862 pessoas, das quais 447 est\u00e3o desalojadas e 101, desabrigadas. Em Alagoas, h\u00e1 2.756 desabrigados e 19.273 desalojadosSegundo a Defesa Civil de Pernambuco, foram afetadas pelas chuvas no estado 2.862 pessoas, das quais 447 est\u00e3o desalojadas e 101, desabrigadas. Em Alagoas, h\u00e1 2.756 desabrigados e 19.273 desalojadosdesalojadas. O munic\u00edpio com mais pessoas desabrigadas \u00e9 Murici e o que tem mais desalojadas \u00e9 Matriz de Camaragibe. Uma pessoa morreu em Joaquim Gomes. Boletim divulgado no fim da tarde de s\u00e1bado pela Secretaria de Estado do Meio Ambiente e dos Recursos H\u00eddricos alerta para a continuidade das chuvas em Alagoas no decorrer deste domingo, no litoral e nas zonas da Mata e Baixo S\u00e3o Francisco. Noticias em Destaque Fonte: Ag\u00eancia Brasil","og_url":"https:\/\/noticiasemdestaque.com\/cd\/?p=49815","og_site_name":"Not&iacute;cias em Destaque","article_published_time":"2023-07-10T10:02:57+00:00","og_image":[{"width":1170,"height":700,"url":"https:\/\/noticiasemdestaque.com\/cd\/wp-content\/uploads\/2023\/07\/1_whatsapp_image_2023_07_07_at_10_21_37-23457020.jpeg","type":"image\/jpeg"}],"author":"Not\u00edcias em Destaque","twitter_card":"summary_large_image","twitter_misc":{"Escrito por":"Not\u00edcias em Destaque","Est. tempo de leitura":"4 minutos"},"schema":{"@context":"https:\/\/schema.org","@graph":[{"@type":"Article","@id":"https:\/\/noticiasemdestaque.com\/cd\/?p=49815#article","isPartOf":{"@id":"https:\/\/noticiasemdestaque.com\/cd\/?p=49815"},"author":{"name":"Not\u00edcias em Destaque","@id":"https:\/\/noticiasemdestaque.com\/cd\/#\/schema\/person\/21320b03a7e8bb90128938dafc9b908a"},"headline":"Pernambuco decreta emerg\u00eancia em 12 munic\u00edpios por causa das chuvas","datePublished":"2023-07-10T10:02:57+00:00","mainEntityOfPage":{"@id":"https:\/\/noticiasemdestaque.com\/cd\/?p=49815"},"wordCount":575,"publisher":{"@id":"https:\/\/noticiasemdestaque.com\/cd\/#organization"},"image":{"@id":"https:\/\/noticiasemdestaque.com\/cd\/?p=49815#primaryimage"},"thumbnailUrl":"https:\/\/noticiasemdestaque.com\/cd\/wp-content\/uploads\/2023\/07\/1_whatsapp_image_2023_07_07_at_10_21_37-23457020.jpeg","articleSection":["Geral"],"inLanguage":"pt-BR"},{"@type":"WebPage","@id":"https:\/\/noticiasemdestaque.com\/cd\/?p=49815","url":"https:\/\/noticiasemdestaque.com\/cd\/?p=49815","name":"Pernambuco decreta emerg\u00eancia em 12 munic\u00edpios por causa das chuvas - Not&iacute;cias em Destaque","isPartOf":{"@id":"https:\/\/noticiasemdestaque.com\/cd\/#website"},"primaryImageOfPage":{"@id":"https:\/\/noticiasemdestaque.com\/cd\/?p=49815#primaryimage"},"image":{"@id":"https:\/\/noticiasemdestaque.com\/cd\/?p=49815#primaryimage"},"thumbnailUrl":"https:\/\/noticiasemdestaque.com\/cd\/wp-content\/uploads\/2023\/07\/1_whatsapp_image_2023_07_07_at_10_21_37-23457020.jpeg","datePublished":"2023-07-10T10:02:57+00:00","breadcrumb":{"@id":"https:\/\/noticiasemdestaque.com\/cd\/?p=49815#breadcrumb"},"inLanguage":"pt-BR","potentialAction":[{"@type":"ReadAction","target":["https:\/\/noticiasemdestaque.com\/cd\/?p=49815"]}]},{"@type":"ImageObject","inLanguage":"pt-BR","@id":"https:\/\/noticiasemdestaque.com\/cd\/?p=49815#primaryimage","url":"https:\/\/noticiasemdestaque.com\/cd\/wp-content\/uploads\/2023\/07\/1_whatsapp_image_2023_07_07_at_10_21_37-23457020.jpeg","contentUrl":"https:\/\/noticiasemdestaque.com\/cd\/wp-content\/uploads\/2023\/07\/1_whatsapp_image_2023_07_07_at_10_21_37-23457020.jpeg","width":1170,"height":700,"caption":"CHUVAS NO RECIFE: BRs t\u00eam diversos pontos com alagamentos em Pernambuco. Foto: PRF\/Divulga\u00e7\u00e3o"},{"@type":"BreadcrumbList","@id":"https:\/\/noticiasemdestaque.com\/cd\/?p=49815#breadcrumb","itemListElement":[{"@type":"ListItem","position":1,"name":"In\u00edcio","item":"https:\/\/noticiasemdestaque.com\/cd\/"},{"@type":"ListItem","position":2,"name":"Pernambuco decreta emerg\u00eancia em 12 munic\u00edpios por causa das chuvas"}]},{"@type":"WebSite","@id":"https:\/\/noticiasemdestaque.com\/cd\/#website","url":"https:\/\/noticiasemdestaque.com\/cd\/","name":"Not&iacute;cias em Destaque","description":"","publisher":{"@id":"https:\/\/noticiasemdestaque.com\/cd\/#organization"},"potentialAction":[{"@type":"SearchAction","target":{"@type":"EntryPoint","urlTemplate":"https:\/\/noticiasemdestaque.com\/cd\/?s={search_term_string}"},"query-input":{"@type":"PropertyValueSpecification","valueRequired":true,"valueName":"search_term_string"}}],"inLanguage":"pt-BR"},{"@type":"Organization","@id":"https:\/\/noticiasemdestaque.com\/cd\/#organization","name":"Not\u00edcias em Destaque","url":"https:\/\/noticiasemdestaque.com\/cd\/","logo":{"@type":"ImageObject","inLanguage":"pt-BR","@id":"https:\/\/noticiasemdestaque.com\/cd\/#\/schema\/logo\/image\/","url":"https:\/\/noticiasemdestaque.com\/cd\/wp-content\/uploads\/2022\/05\/imagem-base-noticiasemdestaque.png","contentUrl":"https:\/\/noticiasemdestaque.com\/cd\/wp-content\/uploads\/2022\/05\/imagem-base-noticiasemdestaque.png","width":1200,"height":630,"caption":"Not\u00edcias em Destaque"},"image":{"@id":"https:\/\/noticiasemdestaque.com\/cd\/#\/schema\/logo\/image\/"}},{"@type":"Person","@id":"https:\/\/noticiasemdestaque.com\/cd\/#\/schema\/person\/21320b03a7e8bb90128938dafc9b908a","name":"Not\u00edcias em Destaque","url":"https:\/\/noticiasemdestaque.com\/cd\/?author=2"}]}},"jetpack_featured_media_url":"https:\/\/noticiasemdestaque.com\/cd\/wp-content\/uploads\/2023\/07\/1_whatsapp_image_2023_07_07_at_10_21_37-23457020.jpeg","jetpack_sharing_enabled":true,"_links":{"self":[{"href":"https:\/\/noticiasemdestaque.com\/cd\/index.php?rest_route=\/wp\/v2\/posts\/49815","targetHints":{"allow":["GET"]}}],"collection":[{"href":"https:\/\/noticiasemdestaque.com\/cd\/index.php?rest_route=\/wp\/v2\/posts"}],"about":[{"href":"https:\/\/noticiasemdestaque.com\/cd\/index.php?rest_route=\/wp\/v2\/types\/post"}],"author":[{"embeddable":true,"href":"https:\/\/noticiasemdestaque.com\/cd\/index.php?rest_route=\/wp\/v2\/users\/2"}],"replies":[{"embeddable":true,"href":"https:\/\/noticiasemdestaque.com\/cd\/index.php?rest_route=%2Fwp%2Fv2%2Fcomments&post=49815"}],"version-history":[{"count":1,"href":"https:\/\/noticiasemdestaque.com\/cd\/index.php?rest_route=\/wp\/v2\/posts\/49815\/revisions"}],"predecessor-version":[{"id":49818,"href":"https:\/\/noticiasemdestaque.com\/cd\/index.php?rest_route=\/wp\/v2\/posts\/49815\/revisions\/49818"}],"wp:featuredmedia":[{"embeddable":true,"href":"https:\/\/noticiasemdestaque.com\/cd\/index.php?rest_route=\/wp\/v2\/media\/49817"}],"wp:attachment":[{"href":"https:\/\/noticiasemdestaque.com\/cd\/index.php?rest_route=%2Fwp%2Fv2%2Fmedia&parent=49815"}],"wp:term":[{"taxonomy":"category","embeddable":true,"href":"https:\/\/noticiasemdestaque.com\/cd\/index.php?rest_route=%2Fwp%2Fv2%2Fcategories&post=49815"},{"taxonomy":"post_tag","embeddable":true,"href":"https:\/\/noticiasemdestaque.com\/cd\/index.php?rest_route=%2Fwp%2Fv2%2Ftags&post=49815"}],"curies":[{"name":"wp","href":"https:\/\/api.w.org\/{rel}","templated":true}]}}