{"id":49791,"date":"2023-07-09T11:16:37","date_gmt":"2023-07-09T14:16:37","guid":{"rendered":"https:\/\/noticiasemdestaque.com\/cd\/?p=49791"},"modified":"2023-07-09T11:16:37","modified_gmt":"2023-07-09T14:16:37","slug":"tres-municipios-do-cariri-sao-contemplados-com-novos-profissionais-ofertados-pelo-ministerio-da-saude","status":"publish","type":"post","link":"https:\/\/noticiasemdestaque.com\/cd\/?p=49791","title":{"rendered":"Tr\u00eas munic\u00edpios do Cariri s\u00e3o contemplados com novos profissionais ofertados pelo Minist\u00e9rio da Sa\u00fade"},"content":{"rendered":"<p><a href=\"https:\/\/noticiasemdestaque.com\/cd\/wp-content\/uploads\/2023\/07\/saude.jpg\"><img fetchpriority=\"high\" decoding=\"async\" class=\"alignnone  wp-image-49793\" src=\"https:\/\/noticiasemdestaque.com\/cd\/wp-content\/uploads\/2023\/07\/saude-300x165.jpg\" alt=\"\" width=\"1444\" height=\"794\" srcset=\"https:\/\/noticiasemdestaque.com\/cd\/wp-content\/uploads\/2023\/07\/saude-300x165.jpg 300w, https:\/\/noticiasemdestaque.com\/cd\/wp-content\/uploads\/2023\/07\/saude-18x10.jpg 18w, https:\/\/noticiasemdestaque.com\/cd\/wp-content\/uploads\/2023\/07\/saude.jpg 600w\" sizes=\"(max-width: 1444px) 100vw, 1444px\" \/><\/a><\/p>\n<p>Trinta e nove munic\u00edpios paraibanos foram contemplados com novos m\u00e9dicos, que v\u00e3o atuar dentro do programa Mais M\u00e9dicos no estado. A informa\u00e7\u00e3o foi confirmada nesta quinta-feira (6) pelo Minist\u00e9rio da Sa\u00fade.<\/p>\n<p>O Minist\u00e9rio informou que o \u00faltimo edital do Mais M\u00e9dicos ofereceu 53 vagas para o estado, mas at\u00e9 essa quinta 43 profissionais haviam sido autorizados a trabalhar e j\u00e1 haviam come\u00e7ado a atender a popula\u00e7\u00e3o.<\/p>\n<p>Na regi\u00e3o do Cariri, os munic\u00edpios de Camala\u00fa, Gurj\u00e3o e Tapero\u00e1 foram foram contemplados com os novos profissionais.<\/p>\n<p>As dez vagas remanescentes, que n\u00e3o foram preenchidas, principalmente, por falta de documenta\u00e7\u00e3o, est\u00e3o sendo oferecidas em uma segunda chamada do edital.\u00a0O Minist\u00e9rio da Sa\u00fade n\u00e3o listou quantos profissionais cada um dos munic\u00edpios receberam.<\/p>\n<p>Em todo o Brasil, 5,9 mil vagas foram ofertadas nos \u00faltimos editais do Mais M\u00e9dicos em quase dois mil munic\u00edpios. Mil destas vagas foram para postos in\u00e9ditos na regi\u00e3o da Amaz\u00f4nia Legal, com alta vulnerabilidade.<\/p>\n<p>\u201cAs vagas foram distribu\u00eddas de acordo com base em crit\u00e9rios dos \u00edndices de vulnerabilidade social (IVS) do Instituto de Pesquisa Econ\u00f4mica Aplicada (IPEA), que considera diversos cen\u00e1rios enfrentados pelos munic\u00edpios. E para ser atrativo aos profissionais, os m\u00e9dicos que atuarem nestas regi\u00f5es de dif\u00edcil acesso e provimento, ter\u00e3o direito a indeniza\u00e7\u00e3o. Al\u00e9m disso, os profissionais podem receber aux\u00edlio no pagamento da d\u00edvida do FIES, complemento do aux\u00edlio do INSS e entre outros benef\u00edcios\u201d, informou o Minist\u00e9rio.<\/p>\n<p><strong>Veja abaixo a lista de quais munic\u00edpios receberam os novos profissionais:<\/strong><\/p>\n<ul>\n<li>Alagoinha<\/li>\n<li>Araruna<\/li>\n<li>Areia<\/li>\n<li>Aroeiras<\/li>\n<li>Bara\u00fana<\/li>\n<li>Bayeux<\/li>\n<li>Bel\u00e9m<\/li>\n<li>Bonito de Santa F\u00e9<\/li>\n<li>Cabedelo<\/li>\n<li>Cacimbas<\/li>\n<li>Cai\u00e7ara<\/li>\n<li>Cajazeiras<\/li>\n<li><strong>Camala\u00fa<\/strong><\/li>\n<li>Campina Grande<\/li>\n<li>Carrapateira<\/li>\n<li>Conde<\/li>\n<li>Coremas<\/li>\n<li>Cuit\u00e9<\/li>\n<li>Gado Bravo<\/li>\n<li>Guarabira<\/li>\n<li><strong>Gurj\u00e3o<\/strong><\/li>\n<li>Ing\u00e1<\/li>\n<li>Itapororoca<\/li>\n<li>Jo\u00e3o Pessoa<\/li>\n<li>Juazeirinho<\/li>\n<li>Juripiranga<\/li>\n<li>Lagoa<\/li>\n<li>Mulungu<\/li>\n<li>Nova Palmeira<\/li>\n<li>Pil\u00f5es<\/li>\n<li>Pombal<\/li>\n<li>Santa Cec\u00edlia<\/li>\n<li>Santa Cruz<\/li>\n<li>Santana dos Garrotes<\/li>\n<li>S\u00e3o Miguel de Taipu<\/li>\n<li>Soledade<\/li>\n<li><strong>Tapero\u00e1<\/strong><\/li>\n<li>Teixeira<\/li>\n<li>Umbuzeiro<\/li>\n<\/ul>\n<p><strong>Noticias em Destaque<\/strong><\/p>\n<p style=\"text-align: right;\"><em>Fonte: De Olho no Cariri<\/em><\/p>\n","protected":false},"excerpt":{"rendered":"<p>Trinta e nove munic\u00edpios paraibanos foram contemplados com novos m\u00e9dicos, que v\u00e3o atuar dentro do programa Mais M\u00e9dicos no estado. A informa\u00e7\u00e3o foi confirmada nesta quinta-feira (6) pelo Minist\u00e9rio da Sa\u00fade. O Minist\u00e9rio informou que o \u00faltimo edital do Mais M\u00e9dicos ofereceu 53 vagas para o estado, mas at\u00e9 essa quinta 43 profissionais haviam sido autorizados a trabalhar e j\u00e1 haviam come\u00e7ado a atender a popula\u00e7\u00e3o. Na regi\u00e3o do Cariri, os munic\u00edpios de Camala\u00fa, Gurj\u00e3o e Tapero\u00e1 foram foram contemplados com os novos profissionais. As dez vagas remanescentes, que n\u00e3o foram preenchidas, principalmente, por falta de documenta\u00e7\u00e3o, est\u00e3o sendo oferecidas em uma segunda chamada do edital.\u00a0O Minist\u00e9rio da Sa\u00fade n\u00e3o listou quantos profissionais cada um dos munic\u00edpios receberam. Em todo o Brasil, 5,9 mil vagas foram ofertadas nos \u00faltimos editais do Mais M\u00e9dicos em quase dois mil munic\u00edpios. Mil destas vagas foram para postos in\u00e9ditos na regi\u00e3o da Amaz\u00f4nia Legal, com alta vulnerabilidade. \u201cAs vagas foram distribu\u00eddas de acordo com base em crit\u00e9rios dos \u00edndices de vulnerabilidade social (IVS) do Instituto de Pesquisa Econ\u00f4mica Aplicada (IPEA), que considera diversos cen\u00e1rios enfrentados pelos munic\u00edpios. E para ser atrativo aos profissionais, os m\u00e9dicos que atuarem nestas regi\u00f5es de dif\u00edcil acesso e provimento, ter\u00e3o direito a indeniza\u00e7\u00e3o. Al\u00e9m disso, os profissionais podem receber aux\u00edlio no pagamento da d\u00edvida do FIES, complemento do aux\u00edlio do INSS e entre outros benef\u00edcios\u201d, informou o Minist\u00e9rio. Veja abaixo a lista de quais munic\u00edpios receberam os novos profissionais: Alagoinha Araruna Areia Aroeiras Bara\u00fana Bayeux Bel\u00e9m Bonito de Santa F\u00e9 Cabedelo Cacimbas Cai\u00e7ara Cajazeiras Camala\u00fa Campina Grande Carrapateira Conde Coremas Cuit\u00e9 Gado Bravo Guarabira Gurj\u00e3o Ing\u00e1 Itapororoca Jo\u00e3o Pessoa Juazeirinho Juripiranga Lagoa Mulungu Nova Palmeira Pil\u00f5es Pombal Santa Cec\u00edlia Santa Cruz Santana dos Garrotes S\u00e3o Miguel de Taipu Soledade Tapero\u00e1 Teixeira Umbuzeiro Noticias em Destaque Fonte: De Olho no Cariri<\/p>\n","protected":false},"author":2,"featured_media":49793,"comment_status":"closed","ping_status":"open","sticky":false,"template":"","format":"standard","meta":{"_eb_attr":"","_jetpack_memberships_contains_paid_content":false,"footnotes":""},"categories":[12],"tags":[],"class_list":["post-49791","post","type-post","status-publish","format-standard","has-post-thumbnail","hentry","category-geral"],"yoast_head":"<!-- This site is optimized with the Yoast SEO plugin v26.5 - https:\/\/yoast.com\/wordpress\/plugins\/seo\/ -->\n<title>Tr\u00eas munic\u00edpios do Cariri s\u00e3o contemplados com novos profissionais ofertados pelo Minist\u00e9rio da Sa\u00fade - Not&iacute;cias em Destaque<\/title>\n<meta name=\"robots\" content=\"index, follow, max-snippet:-1, max-image-preview:large, max-video-preview:-1\" \/>\n<link rel=\"canonical\" href=\"https:\/\/noticiasemdestaque.com\/cd\/?p=49791\" \/>\n<meta property=\"og:locale\" content=\"pt_BR\" \/>\n<meta property=\"og:type\" content=\"article\" \/>\n<meta property=\"og:title\" content=\"Tr\u00eas munic\u00edpios do Cariri s\u00e3o contemplados com novos profissionais ofertados pelo Minist\u00e9rio da Sa\u00fade - Not&iacute;cias em Destaque\" \/>\n<meta property=\"og:description\" content=\"Trinta e nove munic\u00edpios paraibanos foram contemplados com novos m\u00e9dicos, que v\u00e3o atuar dentro do programa Mais M\u00e9dicos no estado. A informa\u00e7\u00e3o foi confirmada nesta quinta-feira (6) pelo Minist\u00e9rio da Sa\u00fade. O Minist\u00e9rio informou que o \u00faltimo edital do Mais M\u00e9dicos ofereceu 53 vagas para o estado, mas at\u00e9 essa quinta 43 profissionais haviam sido autorizados a trabalhar e j\u00e1 haviam come\u00e7ado a atender a popula\u00e7\u00e3o. Na regi\u00e3o do Cariri, os munic\u00edpios de Camala\u00fa, Gurj\u00e3o e Tapero\u00e1 foram foram contemplados com os novos profissionais. As dez vagas remanescentes, que n\u00e3o foram preenchidas, principalmente, por falta de documenta\u00e7\u00e3o, est\u00e3o sendo oferecidas em uma segunda chamada do edital.\u00a0O Minist\u00e9rio da Sa\u00fade n\u00e3o listou quantos profissionais cada um dos munic\u00edpios receberam. Em todo o Brasil, 5,9 mil vagas foram ofertadas nos \u00faltimos editais do Mais M\u00e9dicos em quase dois mil munic\u00edpios. Mil destas vagas foram para postos in\u00e9ditos na regi\u00e3o da Amaz\u00f4nia Legal, com alta vulnerabilidade. \u201cAs vagas foram distribu\u00eddas de acordo com base em crit\u00e9rios dos \u00edndices de vulnerabilidade social (IVS) do Instituto de Pesquisa Econ\u00f4mica Aplicada (IPEA), que considera diversos cen\u00e1rios enfrentados pelos munic\u00edpios. E para ser atrativo aos profissionais, os m\u00e9dicos que atuarem nestas regi\u00f5es de dif\u00edcil acesso e provimento, ter\u00e3o direito a indeniza\u00e7\u00e3o. Al\u00e9m disso, os profissionais podem receber aux\u00edlio no pagamento da d\u00edvida do FIES, complemento do aux\u00edlio do INSS e entre outros benef\u00edcios\u201d, informou o Minist\u00e9rio. Veja abaixo a lista de quais munic\u00edpios receberam os novos profissionais: Alagoinha Araruna Areia Aroeiras Bara\u00fana Bayeux Bel\u00e9m Bonito de Santa F\u00e9 Cabedelo Cacimbas Cai\u00e7ara Cajazeiras Camala\u00fa Campina Grande Carrapateira Conde Coremas Cuit\u00e9 Gado Bravo Guarabira Gurj\u00e3o Ing\u00e1 Itapororoca Jo\u00e3o Pessoa Juazeirinho Juripiranga Lagoa Mulungu Nova Palmeira Pil\u00f5es Pombal Santa Cec\u00edlia Santa Cruz Santana dos Garrotes S\u00e3o Miguel de Taipu Soledade Tapero\u00e1 Teixeira Umbuzeiro Noticias em Destaque Fonte: De Olho no Cariri\" \/>\n<meta property=\"og:url\" content=\"https:\/\/noticiasemdestaque.com\/cd\/?p=49791\" \/>\n<meta property=\"og:site_name\" content=\"Not&iacute;cias em Destaque\" \/>\n<meta property=\"article:published_time\" content=\"2023-07-09T14:16:37+00:00\" \/>\n<meta property=\"og:image\" content=\"https:\/\/noticiasemdestaque.com\/cd\/wp-content\/uploads\/2023\/07\/saude.jpg\" \/>\n\t<meta property=\"og:image:width\" content=\"600\" \/>\n\t<meta property=\"og:image:height\" content=\"330\" \/>\n\t<meta property=\"og:image:type\" content=\"image\/jpeg\" \/>\n<meta name=\"author\" content=\"Not\u00edcias em Destaque\" \/>\n<meta name=\"twitter:card\" content=\"summary_large_image\" \/>\n<meta name=\"twitter:label1\" content=\"Escrito por\" \/>\n\t<meta name=\"twitter:data1\" content=\"Not\u00edcias em Destaque\" \/>\n\t<meta name=\"twitter:label2\" content=\"Est. tempo de leitura\" \/>\n\t<meta name=\"twitter:data2\" content=\"2 minutos\" \/>\n<script type=\"application\/ld+json\" class=\"yoast-schema-graph\">{\"@context\":\"https:\/\/schema.org\",\"@graph\":[{\"@type\":\"Article\",\"@id\":\"https:\/\/noticiasemdestaque.com\/cd\/?p=49791#article\",\"isPartOf\":{\"@id\":\"https:\/\/noticiasemdestaque.com\/cd\/?p=49791\"},\"author\":{\"name\":\"Not\u00edcias em Destaque\",\"@id\":\"https:\/\/noticiasemdestaque.com\/cd\/#\/schema\/person\/21320b03a7e8bb90128938dafc9b908a\"},\"headline\":\"Tr\u00eas munic\u00edpios do Cariri s\u00e3o contemplados com novos profissionais ofertados pelo Minist\u00e9rio da Sa\u00fade\",\"datePublished\":\"2023-07-09T14:16:37+00:00\",\"mainEntityOfPage\":{\"@id\":\"https:\/\/noticiasemdestaque.com\/cd\/?p=49791\"},\"wordCount\":368,\"publisher\":{\"@id\":\"https:\/\/noticiasemdestaque.com\/cd\/#organization\"},\"image\":{\"@id\":\"https:\/\/noticiasemdestaque.com\/cd\/?p=49791#primaryimage\"},\"thumbnailUrl\":\"https:\/\/noticiasemdestaque.com\/cd\/wp-content\/uploads\/2023\/07\/saude.jpg\",\"articleSection\":[\"Geral\"],\"inLanguage\":\"pt-BR\"},{\"@type\":\"WebPage\",\"@id\":\"https:\/\/noticiasemdestaque.com\/cd\/?p=49791\",\"url\":\"https:\/\/noticiasemdestaque.com\/cd\/?p=49791\",\"name\":\"Tr\u00eas munic\u00edpios do Cariri s\u00e3o contemplados com novos profissionais ofertados pelo Minist\u00e9rio da Sa\u00fade - Not&iacute;cias em Destaque\",\"isPartOf\":{\"@id\":\"https:\/\/noticiasemdestaque.com\/cd\/#website\"},\"primaryImageOfPage\":{\"@id\":\"https:\/\/noticiasemdestaque.com\/cd\/?p=49791#primaryimage\"},\"image\":{\"@id\":\"https:\/\/noticiasemdestaque.com\/cd\/?p=49791#primaryimage\"},\"thumbnailUrl\":\"https:\/\/noticiasemdestaque.com\/cd\/wp-content\/uploads\/2023\/07\/saude.jpg\",\"datePublished\":\"2023-07-09T14:16:37+00:00\",\"breadcrumb\":{\"@id\":\"https:\/\/noticiasemdestaque.com\/cd\/?p=49791#breadcrumb\"},\"inLanguage\":\"pt-BR\",\"potentialAction\":[{\"@type\":\"ReadAction\",\"target\":[\"https:\/\/noticiasemdestaque.com\/cd\/?p=49791\"]}]},{\"@type\":\"ImageObject\",\"inLanguage\":\"pt-BR\",\"@id\":\"https:\/\/noticiasemdestaque.com\/cd\/?p=49791#primaryimage\",\"url\":\"https:\/\/noticiasemdestaque.com\/cd\/wp-content\/uploads\/2023\/07\/saude.jpg\",\"contentUrl\":\"https:\/\/noticiasemdestaque.com\/cd\/wp-content\/uploads\/2023\/07\/saude.jpg\",\"width\":600,\"height\":330},{\"@type\":\"BreadcrumbList\",\"@id\":\"https:\/\/noticiasemdestaque.com\/cd\/?p=49791#breadcrumb\",\"itemListElement\":[{\"@type\":\"ListItem\",\"position\":1,\"name\":\"In\u00edcio\",\"item\":\"https:\/\/noticiasemdestaque.com\/cd\/\"},{\"@type\":\"ListItem\",\"position\":2,\"name\":\"Tr\u00eas munic\u00edpios do Cariri s\u00e3o contemplados com novos profissionais ofertados pelo Minist\u00e9rio da Sa\u00fade\"}]},{\"@type\":\"WebSite\",\"@id\":\"https:\/\/noticiasemdestaque.com\/cd\/#website\",\"url\":\"https:\/\/noticiasemdestaque.com\/cd\/\",\"name\":\"Not&iacute;cias em Destaque\",\"description\":\"\",\"publisher\":{\"@id\":\"https:\/\/noticiasemdestaque.com\/cd\/#organization\"},\"potentialAction\":[{\"@type\":\"SearchAction\",\"target\":{\"@type\":\"EntryPoint\",\"urlTemplate\":\"https:\/\/noticiasemdestaque.com\/cd\/?s={search_term_string}\"},\"query-input\":{\"@type\":\"PropertyValueSpecification\",\"valueRequired\":true,\"valueName\":\"search_term_string\"}}],\"inLanguage\":\"pt-BR\"},{\"@type\":\"Organization\",\"@id\":\"https:\/\/noticiasemdestaque.com\/cd\/#organization\",\"name\":\"Not\u00edcias em Destaque\",\"url\":\"https:\/\/noticiasemdestaque.com\/cd\/\",\"logo\":{\"@type\":\"ImageObject\",\"inLanguage\":\"pt-BR\",\"@id\":\"https:\/\/noticiasemdestaque.com\/cd\/#\/schema\/logo\/image\/\",\"url\":\"https:\/\/noticiasemdestaque.com\/cd\/wp-content\/uploads\/2022\/05\/imagem-base-noticiasemdestaque.png\",\"contentUrl\":\"https:\/\/noticiasemdestaque.com\/cd\/wp-content\/uploads\/2022\/05\/imagem-base-noticiasemdestaque.png\",\"width\":1200,\"height\":630,\"caption\":\"Not\u00edcias em Destaque\"},\"image\":{\"@id\":\"https:\/\/noticiasemdestaque.com\/cd\/#\/schema\/logo\/image\/\"}},{\"@type\":\"Person\",\"@id\":\"https:\/\/noticiasemdestaque.com\/cd\/#\/schema\/person\/21320b03a7e8bb90128938dafc9b908a\",\"name\":\"Not\u00edcias em Destaque\",\"url\":\"https:\/\/noticiasemdestaque.com\/cd\/?author=2\"}]}<\/script>\n<!-- \/ Yoast SEO plugin. -->","yoast_head_json":{"title":"Tr\u00eas munic\u00edpios do Cariri s\u00e3o contemplados com novos profissionais ofertados pelo Minist\u00e9rio da Sa\u00fade - Not&iacute;cias em Destaque","robots":{"index":"index","follow":"follow","max-snippet":"max-snippet:-1","max-image-preview":"max-image-preview:large","max-video-preview":"max-video-preview:-1"},"canonical":"https:\/\/noticiasemdestaque.com\/cd\/?p=49791","og_locale":"pt_BR","og_type":"article","og_title":"Tr\u00eas munic\u00edpios do Cariri s\u00e3o contemplados com novos profissionais ofertados pelo Minist\u00e9rio da Sa\u00fade - Not&iacute;cias em Destaque","og_description":"Trinta e nove munic\u00edpios paraibanos foram contemplados com novos m\u00e9dicos, que v\u00e3o atuar dentro do programa Mais M\u00e9dicos no estado. A informa\u00e7\u00e3o foi confirmada nesta quinta-feira (6) pelo Minist\u00e9rio da Sa\u00fade. O Minist\u00e9rio informou que o \u00faltimo edital do Mais M\u00e9dicos ofereceu 53 vagas para o estado, mas at\u00e9 essa quinta 43 profissionais haviam sido autorizados a trabalhar e j\u00e1 haviam come\u00e7ado a atender a popula\u00e7\u00e3o. Na regi\u00e3o do Cariri, os munic\u00edpios de Camala\u00fa, Gurj\u00e3o e Tapero\u00e1 foram foram contemplados com os novos profissionais. As dez vagas remanescentes, que n\u00e3o foram preenchidas, principalmente, por falta de documenta\u00e7\u00e3o, est\u00e3o sendo oferecidas em uma segunda chamada do edital.\u00a0O Minist\u00e9rio da Sa\u00fade n\u00e3o listou quantos profissionais cada um dos munic\u00edpios receberam. Em todo o Brasil, 5,9 mil vagas foram ofertadas nos \u00faltimos editais do Mais M\u00e9dicos em quase dois mil munic\u00edpios. Mil destas vagas foram para postos in\u00e9ditos na regi\u00e3o da Amaz\u00f4nia Legal, com alta vulnerabilidade. \u201cAs vagas foram distribu\u00eddas de acordo com base em crit\u00e9rios dos \u00edndices de vulnerabilidade social (IVS) do Instituto de Pesquisa Econ\u00f4mica Aplicada (IPEA), que considera diversos cen\u00e1rios enfrentados pelos munic\u00edpios. E para ser atrativo aos profissionais, os m\u00e9dicos que atuarem nestas regi\u00f5es de dif\u00edcil acesso e provimento, ter\u00e3o direito a indeniza\u00e7\u00e3o. Al\u00e9m disso, os profissionais podem receber aux\u00edlio no pagamento da d\u00edvida do FIES, complemento do aux\u00edlio do INSS e entre outros benef\u00edcios\u201d, informou o Minist\u00e9rio. Veja abaixo a lista de quais munic\u00edpios receberam os novos profissionais: Alagoinha Araruna Areia Aroeiras Bara\u00fana Bayeux Bel\u00e9m Bonito de Santa F\u00e9 Cabedelo Cacimbas Cai\u00e7ara Cajazeiras Camala\u00fa Campina Grande Carrapateira Conde Coremas Cuit\u00e9 Gado Bravo Guarabira Gurj\u00e3o Ing\u00e1 Itapororoca Jo\u00e3o Pessoa Juazeirinho Juripiranga Lagoa Mulungu Nova Palmeira Pil\u00f5es Pombal Santa Cec\u00edlia Santa Cruz Santana dos Garrotes S\u00e3o Miguel de Taipu Soledade Tapero\u00e1 Teixeira Umbuzeiro Noticias em Destaque Fonte: De Olho no Cariri","og_url":"https:\/\/noticiasemdestaque.com\/cd\/?p=49791","og_site_name":"Not&iacute;cias em Destaque","article_published_time":"2023-07-09T14:16:37+00:00","og_image":[{"width":600,"height":330,"url":"https:\/\/noticiasemdestaque.com\/cd\/wp-content\/uploads\/2023\/07\/saude.jpg","type":"image\/jpeg"}],"author":"Not\u00edcias em Destaque","twitter_card":"summary_large_image","twitter_misc":{"Escrito por":"Not\u00edcias em Destaque","Est. tempo de leitura":"2 minutos"},"schema":{"@context":"https:\/\/schema.org","@graph":[{"@type":"Article","@id":"https:\/\/noticiasemdestaque.com\/cd\/?p=49791#article","isPartOf":{"@id":"https:\/\/noticiasemdestaque.com\/cd\/?p=49791"},"author":{"name":"Not\u00edcias em Destaque","@id":"https:\/\/noticiasemdestaque.com\/cd\/#\/schema\/person\/21320b03a7e8bb90128938dafc9b908a"},"headline":"Tr\u00eas munic\u00edpios do Cariri s\u00e3o contemplados com novos profissionais ofertados pelo Minist\u00e9rio da Sa\u00fade","datePublished":"2023-07-09T14:16:37+00:00","mainEntityOfPage":{"@id":"https:\/\/noticiasemdestaque.com\/cd\/?p=49791"},"wordCount":368,"publisher":{"@id":"https:\/\/noticiasemdestaque.com\/cd\/#organization"},"image":{"@id":"https:\/\/noticiasemdestaque.com\/cd\/?p=49791#primaryimage"},"thumbnailUrl":"https:\/\/noticiasemdestaque.com\/cd\/wp-content\/uploads\/2023\/07\/saude.jpg","articleSection":["Geral"],"inLanguage":"pt-BR"},{"@type":"WebPage","@id":"https:\/\/noticiasemdestaque.com\/cd\/?p=49791","url":"https:\/\/noticiasemdestaque.com\/cd\/?p=49791","name":"Tr\u00eas munic\u00edpios do Cariri s\u00e3o contemplados com novos profissionais ofertados pelo Minist\u00e9rio da Sa\u00fade - Not&iacute;cias em Destaque","isPartOf":{"@id":"https:\/\/noticiasemdestaque.com\/cd\/#website"},"primaryImageOfPage":{"@id":"https:\/\/noticiasemdestaque.com\/cd\/?p=49791#primaryimage"},"image":{"@id":"https:\/\/noticiasemdestaque.com\/cd\/?p=49791#primaryimage"},"thumbnailUrl":"https:\/\/noticiasemdestaque.com\/cd\/wp-content\/uploads\/2023\/07\/saude.jpg","datePublished":"2023-07-09T14:16:37+00:00","breadcrumb":{"@id":"https:\/\/noticiasemdestaque.com\/cd\/?p=49791#breadcrumb"},"inLanguage":"pt-BR","potentialAction":[{"@type":"ReadAction","target":["https:\/\/noticiasemdestaque.com\/cd\/?p=49791"]}]},{"@type":"ImageObject","inLanguage":"pt-BR","@id":"https:\/\/noticiasemdestaque.com\/cd\/?p=49791#primaryimage","url":"https:\/\/noticiasemdestaque.com\/cd\/wp-content\/uploads\/2023\/07\/saude.jpg","contentUrl":"https:\/\/noticiasemdestaque.com\/cd\/wp-content\/uploads\/2023\/07\/saude.jpg","width":600,"height":330},{"@type":"BreadcrumbList","@id":"https:\/\/noticiasemdestaque.com\/cd\/?p=49791#breadcrumb","itemListElement":[{"@type":"ListItem","position":1,"name":"In\u00edcio","item":"https:\/\/noticiasemdestaque.com\/cd\/"},{"@type":"ListItem","position":2,"name":"Tr\u00eas munic\u00edpios do Cariri s\u00e3o contemplados com novos profissionais ofertados pelo Minist\u00e9rio da Sa\u00fade"}]},{"@type":"WebSite","@id":"https:\/\/noticiasemdestaque.com\/cd\/#website","url":"https:\/\/noticiasemdestaque.com\/cd\/","name":"Not&iacute;cias em Destaque","description":"","publisher":{"@id":"https:\/\/noticiasemdestaque.com\/cd\/#organization"},"potentialAction":[{"@type":"SearchAction","target":{"@type":"EntryPoint","urlTemplate":"https:\/\/noticiasemdestaque.com\/cd\/?s={search_term_string}"},"query-input":{"@type":"PropertyValueSpecification","valueRequired":true,"valueName":"search_term_string"}}],"inLanguage":"pt-BR"},{"@type":"Organization","@id":"https:\/\/noticiasemdestaque.com\/cd\/#organization","name":"Not\u00edcias em Destaque","url":"https:\/\/noticiasemdestaque.com\/cd\/","logo":{"@type":"ImageObject","inLanguage":"pt-BR","@id":"https:\/\/noticiasemdestaque.com\/cd\/#\/schema\/logo\/image\/","url":"https:\/\/noticiasemdestaque.com\/cd\/wp-content\/uploads\/2022\/05\/imagem-base-noticiasemdestaque.png","contentUrl":"https:\/\/noticiasemdestaque.com\/cd\/wp-content\/uploads\/2022\/05\/imagem-base-noticiasemdestaque.png","width":1200,"height":630,"caption":"Not\u00edcias em Destaque"},"image":{"@id":"https:\/\/noticiasemdestaque.com\/cd\/#\/schema\/logo\/image\/"}},{"@type":"Person","@id":"https:\/\/noticiasemdestaque.com\/cd\/#\/schema\/person\/21320b03a7e8bb90128938dafc9b908a","name":"Not\u00edcias em Destaque","url":"https:\/\/noticiasemdestaque.com\/cd\/?author=2"}]}},"jetpack_featured_media_url":"https:\/\/noticiasemdestaque.com\/cd\/wp-content\/uploads\/2023\/07\/saude.jpg","jetpack_sharing_enabled":true,"_links":{"self":[{"href":"https:\/\/noticiasemdestaque.com\/cd\/index.php?rest_route=\/wp\/v2\/posts\/49791","targetHints":{"allow":["GET"]}}],"collection":[{"href":"https:\/\/noticiasemdestaque.com\/cd\/index.php?rest_route=\/wp\/v2\/posts"}],"about":[{"href":"https:\/\/noticiasemdestaque.com\/cd\/index.php?rest_route=\/wp\/v2\/types\/post"}],"author":[{"embeddable":true,"href":"https:\/\/noticiasemdestaque.com\/cd\/index.php?rest_route=\/wp\/v2\/users\/2"}],"replies":[{"embeddable":true,"href":"https:\/\/noticiasemdestaque.com\/cd\/index.php?rest_route=%2Fwp%2Fv2%2Fcomments&post=49791"}],"version-history":[{"count":1,"href":"https:\/\/noticiasemdestaque.com\/cd\/index.php?rest_route=\/wp\/v2\/posts\/49791\/revisions"}],"predecessor-version":[{"id":49794,"href":"https:\/\/noticiasemdestaque.com\/cd\/index.php?rest_route=\/wp\/v2\/posts\/49791\/revisions\/49794"}],"wp:featuredmedia":[{"embeddable":true,"href":"https:\/\/noticiasemdestaque.com\/cd\/index.php?rest_route=\/wp\/v2\/media\/49793"}],"wp:attachment":[{"href":"https:\/\/noticiasemdestaque.com\/cd\/index.php?rest_route=%2Fwp%2Fv2%2Fmedia&parent=49791"}],"wp:term":[{"taxonomy":"category","embeddable":true,"href":"https:\/\/noticiasemdestaque.com\/cd\/index.php?rest_route=%2Fwp%2Fv2%2Fcategories&post=49791"},{"taxonomy":"post_tag","embeddable":true,"href":"https:\/\/noticiasemdestaque.com\/cd\/index.php?rest_route=%2Fwp%2Fv2%2Ftags&post=49791"}],"curies":[{"name":"wp","href":"https:\/\/api.w.org\/{rel}","templated":true}]}}