{"id":4974,"date":"2017-10-06T07:40:01","date_gmt":"2017-10-06T10:40:01","guid":{"rendered":"http:\/\/caririemdestaque.com\/cd\/?p=4974"},"modified":"2017-10-06T08:33:30","modified_gmt":"2017-10-06T11:33:30","slug":"uepb-vai-mudar-data-de-provas-por-causa-de-concurso-de-professores-do-estado","status":"publish","type":"post","link":"https:\/\/noticiasemdestaque.com\/cd\/?p=4974","title":{"rendered":"UEPB vai mudar data de provas por causa de concurso de professores do Estado"},"content":{"rendered":"<p><a href=\"http:\/\/caririemdestaque.com\/cd\/wp-content\/uploads\/2017\/10\/uepb.jpg\"><img fetchpriority=\"high\" decoding=\"async\" class=\"wp-image-4975 size-full alignleft\" src=\"http:\/\/caririemdestaque.com\/cd\/wp-content\/uploads\/2017\/10\/uepb.jpg\" alt=\"\" width=\"259\" height=\"194\" \/><\/a>A Universidade Estadual da Para\u00edba (UEPB) adiou a realiza\u00e7\u00e3o do concurso p\u00fablico para cargos de n\u00edvel fundamental, m\u00e9dio e superior. Segundo a institui\u00e7\u00e3o, a decis\u00e3o se deu em raz\u00e3o da divulga\u00e7\u00e3o do edital da Secretaria de Educa\u00e7\u00e3o do Estado que marcou a prova para o mesmo dia, ou seja, 3 de dezembro.<\/p>\n<p>A log\u00edstica ficou dificultada, segundo o reitor da UEPB, Rangel Junior. As escolas p\u00fablicas dever\u00e3o ser ocupadas em Campina Grande, o que impossibilitou a realiza\u00e7\u00e3o dos dois certames ao mesmo tempo.<\/p>\n<p>\u201cA coincid\u00eancia de data n\u00e3o deixa alternativa, n\u00e3o tem como imaginar que v\u00e3o realizar sem utilizar a estrutura das escolas estaduais na cidade e n\u00e3o tem como receber as pessoas tamb\u00e9m para hot\u00e9is\u201d, comentou o reitor.<\/p>\n<p>Rangel disse que esta mudan\u00e7a n\u00e3o permitir\u00e1 a convoca\u00e7\u00e3o dos aprovados antes do in\u00edcio do ano letivo, como estava programado. O novo cronograma foi definido em reuni\u00e3o da comiss\u00e3o do concurso e pr\u00f3-reitoria realizada nessa quarta-feira (5), mas o novo edital s\u00f3 ser\u00e1 divulgado logo mais.<\/p>\n<p>S\u00e3o 197 vagas para t\u00e9cnicos administrativos da UEPB, principalmente em Campina Grande. A carga hor\u00e1ria \u00e9 de 40 horas semanais e as remunera\u00e7\u00f5es variam entre R$ 1.502,24 e R$ 3.396,43.<\/p>\n<p>No total, est\u00e3o dispon\u00edveis 95 vagas para cargos de n\u00edvel fundamental, 94 para cargos de n\u00edvel m\u00e9dio e oito para cargos de n\u00edvel superior. Para se inscrever \u00e9 necess\u00e1rio realizar o pagamento no valor de R$ 60 para cargos de n\u00edvel fundamental, R$ 80 para cargos de n\u00edvel m\u00e9dio e R$ 100 para cargos de n\u00edvel superior. As inscri\u00e7\u00f5es come\u00e7am segunda-feira (9) e seguem at\u00e9 o dia 29.<\/p>\n<p>J\u00e1 o Governo do Estado divulgou o edital para mil vagas para professor nesta quinta-feira (5). As inscri\u00e7\u00f5es come\u00e7aram tamb\u00e9m ontem com vagas para 12 disciplinas do ensino m\u00e9dio nas 14 Ger\u00eancias Regionais de Educa\u00e7\u00e3o.<\/p>\n<p>O maior n\u00famero de vagas \u00e9 destinado a professores de portugu\u00eas e matem\u00e1tica, com 200 para cada disciplina. O vencimento previsto pelo edital \u00e9 de R$ 1.896,51 para uma carga hor\u00e1ria de 30 horas semanais.<\/p>\n<p>Fonte: Portal Correio<\/p>\n","protected":false},"excerpt":{"rendered":"<p>A Universidade Estadual da Para\u00edba (UEPB) adiou a realiza\u00e7\u00e3o do concurso p\u00fablico para cargos de n\u00edvel fundamental, m\u00e9dio e superior. Segundo a institui\u00e7\u00e3o, a decis\u00e3o se deu em raz\u00e3o da divulga\u00e7\u00e3o do edital da Secretaria de Educa\u00e7\u00e3o do Estado que marcou a prova para o mesmo dia, ou seja, 3 de dezembro. A log\u00edstica ficou dificultada, segundo o reitor da UEPB, Rangel Junior. As escolas p\u00fablicas dever\u00e3o ser ocupadas em Campina Grande, o que impossibilitou a realiza\u00e7\u00e3o dos dois certames ao mesmo tempo. \u201cA coincid\u00eancia de data n\u00e3o deixa alternativa, n\u00e3o tem como imaginar que v\u00e3o realizar sem utilizar a estrutura das escolas estaduais na cidade e n\u00e3o tem como receber as pessoas tamb\u00e9m para hot\u00e9is\u201d, comentou o reitor. Rangel disse que esta mudan\u00e7a n\u00e3o permitir\u00e1 a convoca\u00e7\u00e3o dos aprovados antes do in\u00edcio do ano letivo, como estava programado. O novo cronograma foi definido em reuni\u00e3o da comiss\u00e3o do concurso e pr\u00f3-reitoria realizada nessa quarta-feira (5), mas o novo edital s\u00f3 ser\u00e1 divulgado logo mais. S\u00e3o 197 vagas para t\u00e9cnicos administrativos da UEPB, principalmente em Campina Grande. A carga hor\u00e1ria \u00e9 de 40 horas semanais e as remunera\u00e7\u00f5es variam entre R$ 1.502,24 e R$ 3.396,43. No total, est\u00e3o dispon\u00edveis 95 vagas para cargos de n\u00edvel fundamental, 94 para cargos de n\u00edvel m\u00e9dio e oito para cargos de n\u00edvel superior. Para se inscrever \u00e9 necess\u00e1rio realizar o pagamento no valor de R$ 60 para cargos de n\u00edvel fundamental, R$ 80 para cargos de n\u00edvel m\u00e9dio e R$ 100 para cargos de n\u00edvel superior. As inscri\u00e7\u00f5es come\u00e7am segunda-feira (9) e seguem at\u00e9 o dia 29. J\u00e1 o Governo do Estado divulgou o edital para mil vagas para professor nesta quinta-feira (5). As inscri\u00e7\u00f5es come\u00e7aram tamb\u00e9m ontem com vagas para 12 disciplinas do ensino m\u00e9dio nas 14 Ger\u00eancias Regionais de Educa\u00e7\u00e3o. O maior n\u00famero de vagas \u00e9 destinado a professores de portugu\u00eas e matem\u00e1tica, com 200 para cada disciplina. O vencimento previsto pelo edital \u00e9 de R$ 1.896,51 para uma carga hor\u00e1ria de 30 horas semanais. Fonte: Portal Correio<\/p>\n","protected":false},"author":2,"featured_media":4978,"comment_status":"closed","ping_status":"open","sticky":false,"template":"","format":"standard","meta":{"_eb_attr":"","_jetpack_memberships_contains_paid_content":false,"footnotes":""},"categories":[6],"tags":[],"class_list":["post-4974","post","type-post","status-publish","format-standard","has-post-thumbnail","hentry","category-educacao"],"yoast_head":"<!-- This site is optimized with the Yoast SEO plugin v26.5 - https:\/\/yoast.com\/wordpress\/plugins\/seo\/ -->\n<title>UEPB vai mudar data de provas por causa de concurso de professores do Estado - Not&iacute;cias em Destaque<\/title>\n<meta name=\"robots\" content=\"index, follow, max-snippet:-1, max-image-preview:large, max-video-preview:-1\" \/>\n<link rel=\"canonical\" href=\"https:\/\/noticiasemdestaque.com\/cd\/?p=4974\" \/>\n<meta property=\"og:locale\" content=\"pt_BR\" \/>\n<meta property=\"og:type\" content=\"article\" \/>\n<meta property=\"og:title\" content=\"UEPB vai mudar data de provas por causa de concurso de professores do Estado - Not&iacute;cias em Destaque\" \/>\n<meta property=\"og:description\" content=\"A Universidade Estadual da Para\u00edba (UEPB) adiou a realiza\u00e7\u00e3o do concurso p\u00fablico para cargos de n\u00edvel fundamental, m\u00e9dio e superior. Segundo a institui\u00e7\u00e3o, a decis\u00e3o se deu em raz\u00e3o da divulga\u00e7\u00e3o do edital da Secretaria de Educa\u00e7\u00e3o do Estado que marcou a prova para o mesmo dia, ou seja, 3 de dezembro. A log\u00edstica ficou dificultada, segundo o reitor da UEPB, Rangel Junior. As escolas p\u00fablicas dever\u00e3o ser ocupadas em Campina Grande, o que impossibilitou a realiza\u00e7\u00e3o dos dois certames ao mesmo tempo. \u201cA coincid\u00eancia de data n\u00e3o deixa alternativa, n\u00e3o tem como imaginar que v\u00e3o realizar sem utilizar a estrutura das escolas estaduais na cidade e n\u00e3o tem como receber as pessoas tamb\u00e9m para hot\u00e9is\u201d, comentou o reitor. Rangel disse que esta mudan\u00e7a n\u00e3o permitir\u00e1 a convoca\u00e7\u00e3o dos aprovados antes do in\u00edcio do ano letivo, como estava programado. O novo cronograma foi definido em reuni\u00e3o da comiss\u00e3o do concurso e pr\u00f3-reitoria realizada nessa quarta-feira (5), mas o novo edital s\u00f3 ser\u00e1 divulgado logo mais. S\u00e3o 197 vagas para t\u00e9cnicos administrativos da UEPB, principalmente em Campina Grande. A carga hor\u00e1ria \u00e9 de 40 horas semanais e as remunera\u00e7\u00f5es variam entre R$ 1.502,24 e R$ 3.396,43. No total, est\u00e3o dispon\u00edveis 95 vagas para cargos de n\u00edvel fundamental, 94 para cargos de n\u00edvel m\u00e9dio e oito para cargos de n\u00edvel superior. Para se inscrever \u00e9 necess\u00e1rio realizar o pagamento no valor de R$ 60 para cargos de n\u00edvel fundamental, R$ 80 para cargos de n\u00edvel m\u00e9dio e R$ 100 para cargos de n\u00edvel superior. As inscri\u00e7\u00f5es come\u00e7am segunda-feira (9) e seguem at\u00e9 o dia 29. J\u00e1 o Governo do Estado divulgou o edital para mil vagas para professor nesta quinta-feira (5). As inscri\u00e7\u00f5es come\u00e7aram tamb\u00e9m ontem com vagas para 12 disciplinas do ensino m\u00e9dio nas 14 Ger\u00eancias Regionais de Educa\u00e7\u00e3o. O maior n\u00famero de vagas \u00e9 destinado a professores de portugu\u00eas e matem\u00e1tica, com 200 para cada disciplina. O vencimento previsto pelo edital \u00e9 de R$ 1.896,51 para uma carga hor\u00e1ria de 30 horas semanais. Fonte: Portal Correio\" \/>\n<meta property=\"og:url\" content=\"https:\/\/noticiasemdestaque.com\/cd\/?p=4974\" \/>\n<meta property=\"og:site_name\" content=\"Not&iacute;cias em Destaque\" \/>\n<meta property=\"article:published_time\" content=\"2017-10-06T10:40:01+00:00\" \/>\n<meta property=\"article:modified_time\" content=\"2017-10-06T11:33:30+00:00\" \/>\n<meta property=\"og:image\" content=\"https:\/\/noticiasemdestaque.com\/cd\/wp-content\/uploads\/2017\/10\/UEPB-Nova.jpg\" \/>\n\t<meta property=\"og:image:width\" content=\"800\" \/>\n\t<meta property=\"og:image:height\" content=\"600\" \/>\n\t<meta property=\"og:image:type\" content=\"image\/jpeg\" \/>\n<meta name=\"author\" content=\"Not\u00edcias em Destaque\" \/>\n<meta name=\"twitter:card\" content=\"summary_large_image\" \/>\n<meta name=\"twitter:label1\" content=\"Escrito por\" \/>\n\t<meta name=\"twitter:data1\" content=\"Not\u00edcias em Destaque\" \/>\n\t<meta name=\"twitter:label2\" content=\"Est. tempo de leitura\" \/>\n\t<meta name=\"twitter:data2\" content=\"2 minutos\" \/>\n<script type=\"application\/ld+json\" class=\"yoast-schema-graph\">{\"@context\":\"https:\/\/schema.org\",\"@graph\":[{\"@type\":\"Article\",\"@id\":\"https:\/\/noticiasemdestaque.com\/cd\/?p=4974#article\",\"isPartOf\":{\"@id\":\"https:\/\/noticiasemdestaque.com\/cd\/?p=4974\"},\"author\":{\"name\":\"Not\u00edcias em Destaque\",\"@id\":\"https:\/\/noticiasemdestaque.com\/cd\/#\/schema\/person\/21320b03a7e8bb90128938dafc9b908a\"},\"headline\":\"UEPB vai mudar data de provas por causa de concurso de professores do Estado\",\"datePublished\":\"2017-10-06T10:40:01+00:00\",\"dateModified\":\"2017-10-06T11:33:30+00:00\",\"mainEntityOfPage\":{\"@id\":\"https:\/\/noticiasemdestaque.com\/cd\/?p=4974\"},\"wordCount\":382,\"publisher\":{\"@id\":\"https:\/\/noticiasemdestaque.com\/cd\/#organization\"},\"image\":{\"@id\":\"https:\/\/noticiasemdestaque.com\/cd\/?p=4974#primaryimage\"},\"thumbnailUrl\":\"https:\/\/noticiasemdestaque.com\/cd\/wp-content\/uploads\/2017\/10\/UEPB-Nova.jpg\",\"articleSection\":[\"Educa\u00e7\u00e3o\"],\"inLanguage\":\"pt-BR\"},{\"@type\":\"WebPage\",\"@id\":\"https:\/\/noticiasemdestaque.com\/cd\/?p=4974\",\"url\":\"https:\/\/noticiasemdestaque.com\/cd\/?p=4974\",\"name\":\"UEPB vai mudar data de provas por causa de concurso de professores do Estado - Not&iacute;cias em Destaque\",\"isPartOf\":{\"@id\":\"https:\/\/noticiasemdestaque.com\/cd\/#website\"},\"primaryImageOfPage\":{\"@id\":\"https:\/\/noticiasemdestaque.com\/cd\/?p=4974#primaryimage\"},\"image\":{\"@id\":\"https:\/\/noticiasemdestaque.com\/cd\/?p=4974#primaryimage\"},\"thumbnailUrl\":\"https:\/\/noticiasemdestaque.com\/cd\/wp-content\/uploads\/2017\/10\/UEPB-Nova.jpg\",\"datePublished\":\"2017-10-06T10:40:01+00:00\",\"dateModified\":\"2017-10-06T11:33:30+00:00\",\"breadcrumb\":{\"@id\":\"https:\/\/noticiasemdestaque.com\/cd\/?p=4974#breadcrumb\"},\"inLanguage\":\"pt-BR\",\"potentialAction\":[{\"@type\":\"ReadAction\",\"target\":[\"https:\/\/noticiasemdestaque.com\/cd\/?p=4974\"]}]},{\"@type\":\"ImageObject\",\"inLanguage\":\"pt-BR\",\"@id\":\"https:\/\/noticiasemdestaque.com\/cd\/?p=4974#primaryimage\",\"url\":\"https:\/\/noticiasemdestaque.com\/cd\/wp-content\/uploads\/2017\/10\/UEPB-Nova.jpg\",\"contentUrl\":\"https:\/\/noticiasemdestaque.com\/cd\/wp-content\/uploads\/2017\/10\/UEPB-Nova.jpg\",\"width\":800,\"height\":600},{\"@type\":\"BreadcrumbList\",\"@id\":\"https:\/\/noticiasemdestaque.com\/cd\/?p=4974#breadcrumb\",\"itemListElement\":[{\"@type\":\"ListItem\",\"position\":1,\"name\":\"In\u00edcio\",\"item\":\"https:\/\/noticiasemdestaque.com\/cd\/\"},{\"@type\":\"ListItem\",\"position\":2,\"name\":\"UEPB vai mudar data de provas por causa de concurso de professores do Estado\"}]},{\"@type\":\"WebSite\",\"@id\":\"https:\/\/noticiasemdestaque.com\/cd\/#website\",\"url\":\"https:\/\/noticiasemdestaque.com\/cd\/\",\"name\":\"Not&iacute;cias em Destaque\",\"description\":\"\",\"publisher\":{\"@id\":\"https:\/\/noticiasemdestaque.com\/cd\/#organization\"},\"potentialAction\":[{\"@type\":\"SearchAction\",\"target\":{\"@type\":\"EntryPoint\",\"urlTemplate\":\"https:\/\/noticiasemdestaque.com\/cd\/?s={search_term_string}\"},\"query-input\":{\"@type\":\"PropertyValueSpecification\",\"valueRequired\":true,\"valueName\":\"search_term_string\"}}],\"inLanguage\":\"pt-BR\"},{\"@type\":\"Organization\",\"@id\":\"https:\/\/noticiasemdestaque.com\/cd\/#organization\",\"name\":\"Not\u00edcias em Destaque\",\"url\":\"https:\/\/noticiasemdestaque.com\/cd\/\",\"logo\":{\"@type\":\"ImageObject\",\"inLanguage\":\"pt-BR\",\"@id\":\"https:\/\/noticiasemdestaque.com\/cd\/#\/schema\/logo\/image\/\",\"url\":\"https:\/\/noticiasemdestaque.com\/cd\/wp-content\/uploads\/2022\/05\/imagem-base-noticiasemdestaque.png\",\"contentUrl\":\"https:\/\/noticiasemdestaque.com\/cd\/wp-content\/uploads\/2022\/05\/imagem-base-noticiasemdestaque.png\",\"width\":1200,\"height\":630,\"caption\":\"Not\u00edcias em Destaque\"},\"image\":{\"@id\":\"https:\/\/noticiasemdestaque.com\/cd\/#\/schema\/logo\/image\/\"}},{\"@type\":\"Person\",\"@id\":\"https:\/\/noticiasemdestaque.com\/cd\/#\/schema\/person\/21320b03a7e8bb90128938dafc9b908a\",\"name\":\"Not\u00edcias em Destaque\",\"url\":\"https:\/\/noticiasemdestaque.com\/cd\/?author=2\"}]}<\/script>\n<!-- \/ Yoast SEO plugin. -->","yoast_head_json":{"title":"UEPB vai mudar data de provas por causa de concurso de professores do Estado - Not&iacute;cias em Destaque","robots":{"index":"index","follow":"follow","max-snippet":"max-snippet:-1","max-image-preview":"max-image-preview:large","max-video-preview":"max-video-preview:-1"},"canonical":"https:\/\/noticiasemdestaque.com\/cd\/?p=4974","og_locale":"pt_BR","og_type":"article","og_title":"UEPB vai mudar data de provas por causa de concurso de professores do Estado - Not&iacute;cias em Destaque","og_description":"A Universidade Estadual da Para\u00edba (UEPB) adiou a realiza\u00e7\u00e3o do concurso p\u00fablico para cargos de n\u00edvel fundamental, m\u00e9dio e superior. Segundo a institui\u00e7\u00e3o, a decis\u00e3o se deu em raz\u00e3o da divulga\u00e7\u00e3o do edital da Secretaria de Educa\u00e7\u00e3o do Estado que marcou a prova para o mesmo dia, ou seja, 3 de dezembro. A log\u00edstica ficou dificultada, segundo o reitor da UEPB, Rangel Junior. As escolas p\u00fablicas dever\u00e3o ser ocupadas em Campina Grande, o que impossibilitou a realiza\u00e7\u00e3o dos dois certames ao mesmo tempo. \u201cA coincid\u00eancia de data n\u00e3o deixa alternativa, n\u00e3o tem como imaginar que v\u00e3o realizar sem utilizar a estrutura das escolas estaduais na cidade e n\u00e3o tem como receber as pessoas tamb\u00e9m para hot\u00e9is\u201d, comentou o reitor. Rangel disse que esta mudan\u00e7a n\u00e3o permitir\u00e1 a convoca\u00e7\u00e3o dos aprovados antes do in\u00edcio do ano letivo, como estava programado. O novo cronograma foi definido em reuni\u00e3o da comiss\u00e3o do concurso e pr\u00f3-reitoria realizada nessa quarta-feira (5), mas o novo edital s\u00f3 ser\u00e1 divulgado logo mais. S\u00e3o 197 vagas para t\u00e9cnicos administrativos da UEPB, principalmente em Campina Grande. A carga hor\u00e1ria \u00e9 de 40 horas semanais e as remunera\u00e7\u00f5es variam entre R$ 1.502,24 e R$ 3.396,43. No total, est\u00e3o dispon\u00edveis 95 vagas para cargos de n\u00edvel fundamental, 94 para cargos de n\u00edvel m\u00e9dio e oito para cargos de n\u00edvel superior. Para se inscrever \u00e9 necess\u00e1rio realizar o pagamento no valor de R$ 60 para cargos de n\u00edvel fundamental, R$ 80 para cargos de n\u00edvel m\u00e9dio e R$ 100 para cargos de n\u00edvel superior. As inscri\u00e7\u00f5es come\u00e7am segunda-feira (9) e seguem at\u00e9 o dia 29. J\u00e1 o Governo do Estado divulgou o edital para mil vagas para professor nesta quinta-feira (5). As inscri\u00e7\u00f5es come\u00e7aram tamb\u00e9m ontem com vagas para 12 disciplinas do ensino m\u00e9dio nas 14 Ger\u00eancias Regionais de Educa\u00e7\u00e3o. O maior n\u00famero de vagas \u00e9 destinado a professores de portugu\u00eas e matem\u00e1tica, com 200 para cada disciplina. O vencimento previsto pelo edital \u00e9 de R$ 1.896,51 para uma carga hor\u00e1ria de 30 horas semanais. Fonte: Portal Correio","og_url":"https:\/\/noticiasemdestaque.com\/cd\/?p=4974","og_site_name":"Not&iacute;cias em Destaque","article_published_time":"2017-10-06T10:40:01+00:00","article_modified_time":"2017-10-06T11:33:30+00:00","og_image":[{"width":800,"height":600,"url":"https:\/\/noticiasemdestaque.com\/cd\/wp-content\/uploads\/2017\/10\/UEPB-Nova.jpg","type":"image\/jpeg"}],"author":"Not\u00edcias em Destaque","twitter_card":"summary_large_image","twitter_misc":{"Escrito por":"Not\u00edcias em Destaque","Est. tempo de leitura":"2 minutos"},"schema":{"@context":"https:\/\/schema.org","@graph":[{"@type":"Article","@id":"https:\/\/noticiasemdestaque.com\/cd\/?p=4974#article","isPartOf":{"@id":"https:\/\/noticiasemdestaque.com\/cd\/?p=4974"},"author":{"name":"Not\u00edcias em Destaque","@id":"https:\/\/noticiasemdestaque.com\/cd\/#\/schema\/person\/21320b03a7e8bb90128938dafc9b908a"},"headline":"UEPB vai mudar data de provas por causa de concurso de professores do Estado","datePublished":"2017-10-06T10:40:01+00:00","dateModified":"2017-10-06T11:33:30+00:00","mainEntityOfPage":{"@id":"https:\/\/noticiasemdestaque.com\/cd\/?p=4974"},"wordCount":382,"publisher":{"@id":"https:\/\/noticiasemdestaque.com\/cd\/#organization"},"image":{"@id":"https:\/\/noticiasemdestaque.com\/cd\/?p=4974#primaryimage"},"thumbnailUrl":"https:\/\/noticiasemdestaque.com\/cd\/wp-content\/uploads\/2017\/10\/UEPB-Nova.jpg","articleSection":["Educa\u00e7\u00e3o"],"inLanguage":"pt-BR"},{"@type":"WebPage","@id":"https:\/\/noticiasemdestaque.com\/cd\/?p=4974","url":"https:\/\/noticiasemdestaque.com\/cd\/?p=4974","name":"UEPB vai mudar data de provas por causa de concurso de professores do Estado - Not&iacute;cias em Destaque","isPartOf":{"@id":"https:\/\/noticiasemdestaque.com\/cd\/#website"},"primaryImageOfPage":{"@id":"https:\/\/noticiasemdestaque.com\/cd\/?p=4974#primaryimage"},"image":{"@id":"https:\/\/noticiasemdestaque.com\/cd\/?p=4974#primaryimage"},"thumbnailUrl":"https:\/\/noticiasemdestaque.com\/cd\/wp-content\/uploads\/2017\/10\/UEPB-Nova.jpg","datePublished":"2017-10-06T10:40:01+00:00","dateModified":"2017-10-06T11:33:30+00:00","breadcrumb":{"@id":"https:\/\/noticiasemdestaque.com\/cd\/?p=4974#breadcrumb"},"inLanguage":"pt-BR","potentialAction":[{"@type":"ReadAction","target":["https:\/\/noticiasemdestaque.com\/cd\/?p=4974"]}]},{"@type":"ImageObject","inLanguage":"pt-BR","@id":"https:\/\/noticiasemdestaque.com\/cd\/?p=4974#primaryimage","url":"https:\/\/noticiasemdestaque.com\/cd\/wp-content\/uploads\/2017\/10\/UEPB-Nova.jpg","contentUrl":"https:\/\/noticiasemdestaque.com\/cd\/wp-content\/uploads\/2017\/10\/UEPB-Nova.jpg","width":800,"height":600},{"@type":"BreadcrumbList","@id":"https:\/\/noticiasemdestaque.com\/cd\/?p=4974#breadcrumb","itemListElement":[{"@type":"ListItem","position":1,"name":"In\u00edcio","item":"https:\/\/noticiasemdestaque.com\/cd\/"},{"@type":"ListItem","position":2,"name":"UEPB vai mudar data de provas por causa de concurso de professores do Estado"}]},{"@type":"WebSite","@id":"https:\/\/noticiasemdestaque.com\/cd\/#website","url":"https:\/\/noticiasemdestaque.com\/cd\/","name":"Not&iacute;cias em Destaque","description":"","publisher":{"@id":"https:\/\/noticiasemdestaque.com\/cd\/#organization"},"potentialAction":[{"@type":"SearchAction","target":{"@type":"EntryPoint","urlTemplate":"https:\/\/noticiasemdestaque.com\/cd\/?s={search_term_string}"},"query-input":{"@type":"PropertyValueSpecification","valueRequired":true,"valueName":"search_term_string"}}],"inLanguage":"pt-BR"},{"@type":"Organization","@id":"https:\/\/noticiasemdestaque.com\/cd\/#organization","name":"Not\u00edcias em Destaque","url":"https:\/\/noticiasemdestaque.com\/cd\/","logo":{"@type":"ImageObject","inLanguage":"pt-BR","@id":"https:\/\/noticiasemdestaque.com\/cd\/#\/schema\/logo\/image\/","url":"https:\/\/noticiasemdestaque.com\/cd\/wp-content\/uploads\/2022\/05\/imagem-base-noticiasemdestaque.png","contentUrl":"https:\/\/noticiasemdestaque.com\/cd\/wp-content\/uploads\/2022\/05\/imagem-base-noticiasemdestaque.png","width":1200,"height":630,"caption":"Not\u00edcias em Destaque"},"image":{"@id":"https:\/\/noticiasemdestaque.com\/cd\/#\/schema\/logo\/image\/"}},{"@type":"Person","@id":"https:\/\/noticiasemdestaque.com\/cd\/#\/schema\/person\/21320b03a7e8bb90128938dafc9b908a","name":"Not\u00edcias em Destaque","url":"https:\/\/noticiasemdestaque.com\/cd\/?author=2"}]}},"jetpack_featured_media_url":"https:\/\/noticiasemdestaque.com\/cd\/wp-content\/uploads\/2017\/10\/UEPB-Nova.jpg","jetpack_sharing_enabled":true,"_links":{"self":[{"href":"https:\/\/noticiasemdestaque.com\/cd\/index.php?rest_route=\/wp\/v2\/posts\/4974","targetHints":{"allow":["GET"]}}],"collection":[{"href":"https:\/\/noticiasemdestaque.com\/cd\/index.php?rest_route=\/wp\/v2\/posts"}],"about":[{"href":"https:\/\/noticiasemdestaque.com\/cd\/index.php?rest_route=\/wp\/v2\/types\/post"}],"author":[{"embeddable":true,"href":"https:\/\/noticiasemdestaque.com\/cd\/index.php?rest_route=\/wp\/v2\/users\/2"}],"replies":[{"embeddable":true,"href":"https:\/\/noticiasemdestaque.com\/cd\/index.php?rest_route=%2Fwp%2Fv2%2Fcomments&post=4974"}],"version-history":[{"count":1,"href":"https:\/\/noticiasemdestaque.com\/cd\/index.php?rest_route=\/wp\/v2\/posts\/4974\/revisions"}],"predecessor-version":[{"id":4976,"href":"https:\/\/noticiasemdestaque.com\/cd\/index.php?rest_route=\/wp\/v2\/posts\/4974\/revisions\/4976"}],"wp:featuredmedia":[{"embeddable":true,"href":"https:\/\/noticiasemdestaque.com\/cd\/index.php?rest_route=\/wp\/v2\/media\/4978"}],"wp:attachment":[{"href":"https:\/\/noticiasemdestaque.com\/cd\/index.php?rest_route=%2Fwp%2Fv2%2Fmedia&parent=4974"}],"wp:term":[{"taxonomy":"category","embeddable":true,"href":"https:\/\/noticiasemdestaque.com\/cd\/index.php?rest_route=%2Fwp%2Fv2%2Fcategories&post=4974"},{"taxonomy":"post_tag","embeddable":true,"href":"https:\/\/noticiasemdestaque.com\/cd\/index.php?rest_route=%2Fwp%2Fv2%2Ftags&post=4974"}],"curies":[{"name":"wp","href":"https:\/\/api.w.org\/{rel}","templated":true}]}}