{"id":4971,"date":"2017-10-06T07:36:37","date_gmt":"2017-10-06T10:36:37","guid":{"rendered":"http:\/\/caririemdestaque.com\/cd\/?p=4971"},"modified":"2017-10-06T07:36:37","modified_gmt":"2017-10-06T10:36:37","slug":"ministro-do-stf-autoriza-pgr-interrogar-temer","status":"publish","type":"post","link":"https:\/\/noticiasemdestaque.com\/cd\/?p=4971","title":{"rendered":"Ministro do STF autoriza PGR interrogar Temer"},"content":{"rendered":"<p><a href=\"http:\/\/caririemdestaque.com\/cd\/wp-content\/uploads\/2017\/10\/michel-temer-pronunciamento-300x200.jpg\"><img fetchpriority=\"high\" decoding=\"async\" class=\"alignleft wp-image-4972 size-medium\" src=\"http:\/\/caririemdestaque.com\/cd\/wp-content\/uploads\/2017\/10\/michel-temer-pronunciamento-300x200-300x200.jpg\" alt=\"\" width=\"300\" height=\"200\" \/><\/a>O ministro Lu\u00eds Roberto Barroso, do Supremo Tribunal Federal (STF), autorizou a Procuradoria Geral da Rep\u00fablica (PGR) a interrogar o presidente Michel Temer numa investiga\u00e7\u00e3o que apura suspeitas de corrup\u00e7\u00e3o e lavagem de dinheiro na edi\u00e7\u00e3o de um decreto do setor de portos.<\/p>\n<p>A decis\u00e3o foi tomada ap\u00f3s\u00a0pedido da procuradora-geral, Raquel Dodge, enviado na \u00faltima sexta-feira (29).<\/p>\n<p>Raquel Dodge n\u00e3o pediu no of\u00edcio enviado ao STF uma data para o depoimento, mas destacou que pretende concluir essa e outras dilig\u00eancias em at\u00e9 60 dias. O prazo para concluir as investiga\u00e7\u00f5es, no entanto, poder\u00e1 ser prorrogado posteriormente.<\/p>\n<p>Na autoriza\u00e7\u00e3o, Barroso, relator do caso no STF, permitiu que o depoimento seja feito por escrito, com perguntas previamente enviadas ao presidente. Se quiser, Temer tamb\u00e9m poder\u00e1 ficar em sil\u00eancio.<\/p>\n<p>O\u00a0inqu\u00e9rito sobre o decreto\u00a0tem como alvos Temer, o ex-deputado e ex-assessor especial do Pal\u00e1cio do Planalto Rodrigo Rocha Loures (PMDB-PR), al\u00e9m de Ant\u00f4nio Celso Grecco e Ricardo Conrado Mesquita, executivos da Rodrimar, empresa concession\u00e1ria no porto de Santos.<\/p>\n<p>A suspeita \u00e9 de que Temer recebeu propina pela edi\u00e7\u00e3o, neste ano, de um decreto que teria beneficiado a Rodrimar.<\/p>\n<p>Fonte: G1<\/p>\n","protected":false},"excerpt":{"rendered":"<p>O ministro Lu\u00eds Roberto Barroso, do Supremo Tribunal Federal (STF), autorizou a Procuradoria Geral da Rep\u00fablica (PGR) a interrogar o presidente Michel Temer numa investiga\u00e7\u00e3o que apura suspeitas de corrup\u00e7\u00e3o e lavagem de dinheiro na edi\u00e7\u00e3o de um decreto do setor de portos. A decis\u00e3o foi tomada ap\u00f3s\u00a0pedido da procuradora-geral, Raquel Dodge, enviado na \u00faltima sexta-feira (29). Raquel Dodge n\u00e3o pediu no of\u00edcio enviado ao STF uma data para o depoimento, mas destacou que pretende concluir essa e outras dilig\u00eancias em at\u00e9 60 dias. O prazo para concluir as investiga\u00e7\u00f5es, no entanto, poder\u00e1 ser prorrogado posteriormente. Na autoriza\u00e7\u00e3o, Barroso, relator do caso no STF, permitiu que o depoimento seja feito por escrito, com perguntas previamente enviadas ao presidente. Se quiser, Temer tamb\u00e9m poder\u00e1 ficar em sil\u00eancio. O\u00a0inqu\u00e9rito sobre o decreto\u00a0tem como alvos Temer, o ex-deputado e ex-assessor especial do Pal\u00e1cio do Planalto Rodrigo Rocha Loures (PMDB-PR), al\u00e9m de Ant\u00f4nio Celso Grecco e Ricardo Conrado Mesquita, executivos da Rodrimar, empresa concession\u00e1ria no porto de Santos. A suspeita \u00e9 de que Temer recebeu propina pela edi\u00e7\u00e3o, neste ano, de um decreto que teria beneficiado a Rodrimar. Fonte: G1<\/p>\n","protected":false},"author":2,"featured_media":4972,"comment_status":"closed","ping_status":"open","sticky":false,"template":"","format":"standard","meta":{"_eb_attr":"","_jetpack_memberships_contains_paid_content":false,"footnotes":""},"categories":[4],"tags":[],"class_list":["post-4971","post","type-post","status-publish","format-standard","has-post-thumbnail","hentry","category-politica"],"yoast_head":"<!-- This site is optimized with the Yoast SEO plugin v26.5 - https:\/\/yoast.com\/wordpress\/plugins\/seo\/ -->\n<title>Ministro do STF autoriza PGR interrogar Temer - Not&iacute;cias em Destaque<\/title>\n<meta name=\"robots\" content=\"index, follow, max-snippet:-1, max-image-preview:large, max-video-preview:-1\" \/>\n<link rel=\"canonical\" href=\"https:\/\/noticiasemdestaque.com\/cd\/?p=4971\" \/>\n<meta property=\"og:locale\" content=\"pt_BR\" \/>\n<meta property=\"og:type\" content=\"article\" \/>\n<meta property=\"og:title\" content=\"Ministro do STF autoriza PGR interrogar Temer - Not&iacute;cias em Destaque\" \/>\n<meta property=\"og:description\" content=\"O ministro Lu\u00eds Roberto Barroso, do Supremo Tribunal Federal (STF), autorizou a Procuradoria Geral da Rep\u00fablica (PGR) a interrogar o presidente Michel Temer numa investiga\u00e7\u00e3o que apura suspeitas de corrup\u00e7\u00e3o e lavagem de dinheiro na edi\u00e7\u00e3o de um decreto do setor de portos. A decis\u00e3o foi tomada ap\u00f3s\u00a0pedido da procuradora-geral, Raquel Dodge, enviado na \u00faltima sexta-feira (29). Raquel Dodge n\u00e3o pediu no of\u00edcio enviado ao STF uma data para o depoimento, mas destacou que pretende concluir essa e outras dilig\u00eancias em at\u00e9 60 dias. O prazo para concluir as investiga\u00e7\u00f5es, no entanto, poder\u00e1 ser prorrogado posteriormente. Na autoriza\u00e7\u00e3o, Barroso, relator do caso no STF, permitiu que o depoimento seja feito por escrito, com perguntas previamente enviadas ao presidente. Se quiser, Temer tamb\u00e9m poder\u00e1 ficar em sil\u00eancio. O\u00a0inqu\u00e9rito sobre o decreto\u00a0tem como alvos Temer, o ex-deputado e ex-assessor especial do Pal\u00e1cio do Planalto Rodrigo Rocha Loures (PMDB-PR), al\u00e9m de Ant\u00f4nio Celso Grecco e Ricardo Conrado Mesquita, executivos da Rodrimar, empresa concession\u00e1ria no porto de Santos. A suspeita \u00e9 de que Temer recebeu propina pela edi\u00e7\u00e3o, neste ano, de um decreto que teria beneficiado a Rodrimar. Fonte: G1\" \/>\n<meta property=\"og:url\" content=\"https:\/\/noticiasemdestaque.com\/cd\/?p=4971\" \/>\n<meta property=\"og:site_name\" content=\"Not&iacute;cias em Destaque\" \/>\n<meta property=\"article:published_time\" content=\"2017-10-06T10:36:37+00:00\" \/>\n<meta property=\"og:image\" content=\"https:\/\/noticiasemdestaque.com\/cd\/wp-content\/uploads\/2017\/10\/michel-temer-pronunciamento-300x200.jpg\" \/>\n\t<meta property=\"og:image:width\" content=\"300\" \/>\n\t<meta property=\"og:image:height\" content=\"200\" \/>\n\t<meta property=\"og:image:type\" content=\"image\/jpeg\" \/>\n<meta name=\"author\" content=\"Not\u00edcias em Destaque\" \/>\n<meta name=\"twitter:card\" content=\"summary_large_image\" \/>\n<meta name=\"twitter:label1\" content=\"Escrito por\" \/>\n\t<meta name=\"twitter:data1\" content=\"Not\u00edcias em Destaque\" \/>\n\t<meta name=\"twitter:label2\" content=\"Est. tempo de leitura\" \/>\n\t<meta name=\"twitter:data2\" content=\"1 minuto\" \/>\n<script type=\"application\/ld+json\" class=\"yoast-schema-graph\">{\"@context\":\"https:\/\/schema.org\",\"@graph\":[{\"@type\":\"Article\",\"@id\":\"https:\/\/noticiasemdestaque.com\/cd\/?p=4971#article\",\"isPartOf\":{\"@id\":\"https:\/\/noticiasemdestaque.com\/cd\/?p=4971\"},\"author\":{\"name\":\"Not\u00edcias em Destaque\",\"@id\":\"https:\/\/noticiasemdestaque.com\/cd\/#\/schema\/person\/21320b03a7e8bb90128938dafc9b908a\"},\"headline\":\"Ministro do STF autoriza PGR interrogar Temer\",\"datePublished\":\"2017-10-06T10:36:37+00:00\",\"mainEntityOfPage\":{\"@id\":\"https:\/\/noticiasemdestaque.com\/cd\/?p=4971\"},\"wordCount\":213,\"publisher\":{\"@id\":\"https:\/\/noticiasemdestaque.com\/cd\/#organization\"},\"image\":{\"@id\":\"https:\/\/noticiasemdestaque.com\/cd\/?p=4971#primaryimage\"},\"thumbnailUrl\":\"https:\/\/noticiasemdestaque.com\/cd\/wp-content\/uploads\/2017\/10\/michel-temer-pronunciamento-300x200.jpg\",\"articleSection\":[\"Pol\u00edtica\"],\"inLanguage\":\"pt-BR\"},{\"@type\":\"WebPage\",\"@id\":\"https:\/\/noticiasemdestaque.com\/cd\/?p=4971\",\"url\":\"https:\/\/noticiasemdestaque.com\/cd\/?p=4971\",\"name\":\"Ministro do STF autoriza PGR interrogar Temer - Not&iacute;cias em Destaque\",\"isPartOf\":{\"@id\":\"https:\/\/noticiasemdestaque.com\/cd\/#website\"},\"primaryImageOfPage\":{\"@id\":\"https:\/\/noticiasemdestaque.com\/cd\/?p=4971#primaryimage\"},\"image\":{\"@id\":\"https:\/\/noticiasemdestaque.com\/cd\/?p=4971#primaryimage\"},\"thumbnailUrl\":\"https:\/\/noticiasemdestaque.com\/cd\/wp-content\/uploads\/2017\/10\/michel-temer-pronunciamento-300x200.jpg\",\"datePublished\":\"2017-10-06T10:36:37+00:00\",\"breadcrumb\":{\"@id\":\"https:\/\/noticiasemdestaque.com\/cd\/?p=4971#breadcrumb\"},\"inLanguage\":\"pt-BR\",\"potentialAction\":[{\"@type\":\"ReadAction\",\"target\":[\"https:\/\/noticiasemdestaque.com\/cd\/?p=4971\"]}]},{\"@type\":\"ImageObject\",\"inLanguage\":\"pt-BR\",\"@id\":\"https:\/\/noticiasemdestaque.com\/cd\/?p=4971#primaryimage\",\"url\":\"https:\/\/noticiasemdestaque.com\/cd\/wp-content\/uploads\/2017\/10\/michel-temer-pronunciamento-300x200.jpg\",\"contentUrl\":\"https:\/\/noticiasemdestaque.com\/cd\/wp-content\/uploads\/2017\/10\/michel-temer-pronunciamento-300x200.jpg\",\"width\":300,\"height\":200},{\"@type\":\"BreadcrumbList\",\"@id\":\"https:\/\/noticiasemdestaque.com\/cd\/?p=4971#breadcrumb\",\"itemListElement\":[{\"@type\":\"ListItem\",\"position\":1,\"name\":\"In\u00edcio\",\"item\":\"https:\/\/noticiasemdestaque.com\/cd\/\"},{\"@type\":\"ListItem\",\"position\":2,\"name\":\"Ministro do STF autoriza PGR interrogar Temer\"}]},{\"@type\":\"WebSite\",\"@id\":\"https:\/\/noticiasemdestaque.com\/cd\/#website\",\"url\":\"https:\/\/noticiasemdestaque.com\/cd\/\",\"name\":\"Not&iacute;cias em Destaque\",\"description\":\"\",\"publisher\":{\"@id\":\"https:\/\/noticiasemdestaque.com\/cd\/#organization\"},\"potentialAction\":[{\"@type\":\"SearchAction\",\"target\":{\"@type\":\"EntryPoint\",\"urlTemplate\":\"https:\/\/noticiasemdestaque.com\/cd\/?s={search_term_string}\"},\"query-input\":{\"@type\":\"PropertyValueSpecification\",\"valueRequired\":true,\"valueName\":\"search_term_string\"}}],\"inLanguage\":\"pt-BR\"},{\"@type\":\"Organization\",\"@id\":\"https:\/\/noticiasemdestaque.com\/cd\/#organization\",\"name\":\"Not\u00edcias em Destaque\",\"url\":\"https:\/\/noticiasemdestaque.com\/cd\/\",\"logo\":{\"@type\":\"ImageObject\",\"inLanguage\":\"pt-BR\",\"@id\":\"https:\/\/noticiasemdestaque.com\/cd\/#\/schema\/logo\/image\/\",\"url\":\"https:\/\/noticiasemdestaque.com\/cd\/wp-content\/uploads\/2022\/05\/imagem-base-noticiasemdestaque.png\",\"contentUrl\":\"https:\/\/noticiasemdestaque.com\/cd\/wp-content\/uploads\/2022\/05\/imagem-base-noticiasemdestaque.png\",\"width\":1200,\"height\":630,\"caption\":\"Not\u00edcias em Destaque\"},\"image\":{\"@id\":\"https:\/\/noticiasemdestaque.com\/cd\/#\/schema\/logo\/image\/\"}},{\"@type\":\"Person\",\"@id\":\"https:\/\/noticiasemdestaque.com\/cd\/#\/schema\/person\/21320b03a7e8bb90128938dafc9b908a\",\"name\":\"Not\u00edcias em Destaque\",\"url\":\"https:\/\/noticiasemdestaque.com\/cd\/?author=2\"}]}<\/script>\n<!-- \/ Yoast SEO plugin. -->","yoast_head_json":{"title":"Ministro do STF autoriza PGR interrogar Temer - Not&iacute;cias em Destaque","robots":{"index":"index","follow":"follow","max-snippet":"max-snippet:-1","max-image-preview":"max-image-preview:large","max-video-preview":"max-video-preview:-1"},"canonical":"https:\/\/noticiasemdestaque.com\/cd\/?p=4971","og_locale":"pt_BR","og_type":"article","og_title":"Ministro do STF autoriza PGR interrogar Temer - Not&iacute;cias em Destaque","og_description":"O ministro Lu\u00eds Roberto Barroso, do Supremo Tribunal Federal (STF), autorizou a Procuradoria Geral da Rep\u00fablica (PGR) a interrogar o presidente Michel Temer numa investiga\u00e7\u00e3o que apura suspeitas de corrup\u00e7\u00e3o e lavagem de dinheiro na edi\u00e7\u00e3o de um decreto do setor de portos. A decis\u00e3o foi tomada ap\u00f3s\u00a0pedido da procuradora-geral, Raquel Dodge, enviado na \u00faltima sexta-feira (29). Raquel Dodge n\u00e3o pediu no of\u00edcio enviado ao STF uma data para o depoimento, mas destacou que pretende concluir essa e outras dilig\u00eancias em at\u00e9 60 dias. O prazo para concluir as investiga\u00e7\u00f5es, no entanto, poder\u00e1 ser prorrogado posteriormente. Na autoriza\u00e7\u00e3o, Barroso, relator do caso no STF, permitiu que o depoimento seja feito por escrito, com perguntas previamente enviadas ao presidente. Se quiser, Temer tamb\u00e9m poder\u00e1 ficar em sil\u00eancio. O\u00a0inqu\u00e9rito sobre o decreto\u00a0tem como alvos Temer, o ex-deputado e ex-assessor especial do Pal\u00e1cio do Planalto Rodrigo Rocha Loures (PMDB-PR), al\u00e9m de Ant\u00f4nio Celso Grecco e Ricardo Conrado Mesquita, executivos da Rodrimar, empresa concession\u00e1ria no porto de Santos. A suspeita \u00e9 de que Temer recebeu propina pela edi\u00e7\u00e3o, neste ano, de um decreto que teria beneficiado a Rodrimar. Fonte: G1","og_url":"https:\/\/noticiasemdestaque.com\/cd\/?p=4971","og_site_name":"Not&iacute;cias em Destaque","article_published_time":"2017-10-06T10:36:37+00:00","og_image":[{"width":300,"height":200,"url":"https:\/\/noticiasemdestaque.com\/cd\/wp-content\/uploads\/2017\/10\/michel-temer-pronunciamento-300x200.jpg","type":"image\/jpeg"}],"author":"Not\u00edcias em Destaque","twitter_card":"summary_large_image","twitter_misc":{"Escrito por":"Not\u00edcias em Destaque","Est. tempo de leitura":"1 minuto"},"schema":{"@context":"https:\/\/schema.org","@graph":[{"@type":"Article","@id":"https:\/\/noticiasemdestaque.com\/cd\/?p=4971#article","isPartOf":{"@id":"https:\/\/noticiasemdestaque.com\/cd\/?p=4971"},"author":{"name":"Not\u00edcias em Destaque","@id":"https:\/\/noticiasemdestaque.com\/cd\/#\/schema\/person\/21320b03a7e8bb90128938dafc9b908a"},"headline":"Ministro do STF autoriza PGR interrogar Temer","datePublished":"2017-10-06T10:36:37+00:00","mainEntityOfPage":{"@id":"https:\/\/noticiasemdestaque.com\/cd\/?p=4971"},"wordCount":213,"publisher":{"@id":"https:\/\/noticiasemdestaque.com\/cd\/#organization"},"image":{"@id":"https:\/\/noticiasemdestaque.com\/cd\/?p=4971#primaryimage"},"thumbnailUrl":"https:\/\/noticiasemdestaque.com\/cd\/wp-content\/uploads\/2017\/10\/michel-temer-pronunciamento-300x200.jpg","articleSection":["Pol\u00edtica"],"inLanguage":"pt-BR"},{"@type":"WebPage","@id":"https:\/\/noticiasemdestaque.com\/cd\/?p=4971","url":"https:\/\/noticiasemdestaque.com\/cd\/?p=4971","name":"Ministro do STF autoriza PGR interrogar Temer - Not&iacute;cias em Destaque","isPartOf":{"@id":"https:\/\/noticiasemdestaque.com\/cd\/#website"},"primaryImageOfPage":{"@id":"https:\/\/noticiasemdestaque.com\/cd\/?p=4971#primaryimage"},"image":{"@id":"https:\/\/noticiasemdestaque.com\/cd\/?p=4971#primaryimage"},"thumbnailUrl":"https:\/\/noticiasemdestaque.com\/cd\/wp-content\/uploads\/2017\/10\/michel-temer-pronunciamento-300x200.jpg","datePublished":"2017-10-06T10:36:37+00:00","breadcrumb":{"@id":"https:\/\/noticiasemdestaque.com\/cd\/?p=4971#breadcrumb"},"inLanguage":"pt-BR","potentialAction":[{"@type":"ReadAction","target":["https:\/\/noticiasemdestaque.com\/cd\/?p=4971"]}]},{"@type":"ImageObject","inLanguage":"pt-BR","@id":"https:\/\/noticiasemdestaque.com\/cd\/?p=4971#primaryimage","url":"https:\/\/noticiasemdestaque.com\/cd\/wp-content\/uploads\/2017\/10\/michel-temer-pronunciamento-300x200.jpg","contentUrl":"https:\/\/noticiasemdestaque.com\/cd\/wp-content\/uploads\/2017\/10\/michel-temer-pronunciamento-300x200.jpg","width":300,"height":200},{"@type":"BreadcrumbList","@id":"https:\/\/noticiasemdestaque.com\/cd\/?p=4971#breadcrumb","itemListElement":[{"@type":"ListItem","position":1,"name":"In\u00edcio","item":"https:\/\/noticiasemdestaque.com\/cd\/"},{"@type":"ListItem","position":2,"name":"Ministro do STF autoriza PGR interrogar Temer"}]},{"@type":"WebSite","@id":"https:\/\/noticiasemdestaque.com\/cd\/#website","url":"https:\/\/noticiasemdestaque.com\/cd\/","name":"Not&iacute;cias em Destaque","description":"","publisher":{"@id":"https:\/\/noticiasemdestaque.com\/cd\/#organization"},"potentialAction":[{"@type":"SearchAction","target":{"@type":"EntryPoint","urlTemplate":"https:\/\/noticiasemdestaque.com\/cd\/?s={search_term_string}"},"query-input":{"@type":"PropertyValueSpecification","valueRequired":true,"valueName":"search_term_string"}}],"inLanguage":"pt-BR"},{"@type":"Organization","@id":"https:\/\/noticiasemdestaque.com\/cd\/#organization","name":"Not\u00edcias em Destaque","url":"https:\/\/noticiasemdestaque.com\/cd\/","logo":{"@type":"ImageObject","inLanguage":"pt-BR","@id":"https:\/\/noticiasemdestaque.com\/cd\/#\/schema\/logo\/image\/","url":"https:\/\/noticiasemdestaque.com\/cd\/wp-content\/uploads\/2022\/05\/imagem-base-noticiasemdestaque.png","contentUrl":"https:\/\/noticiasemdestaque.com\/cd\/wp-content\/uploads\/2022\/05\/imagem-base-noticiasemdestaque.png","width":1200,"height":630,"caption":"Not\u00edcias em Destaque"},"image":{"@id":"https:\/\/noticiasemdestaque.com\/cd\/#\/schema\/logo\/image\/"}},{"@type":"Person","@id":"https:\/\/noticiasemdestaque.com\/cd\/#\/schema\/person\/21320b03a7e8bb90128938dafc9b908a","name":"Not\u00edcias em Destaque","url":"https:\/\/noticiasemdestaque.com\/cd\/?author=2"}]}},"jetpack_featured_media_url":"https:\/\/noticiasemdestaque.com\/cd\/wp-content\/uploads\/2017\/10\/michel-temer-pronunciamento-300x200.jpg","jetpack_sharing_enabled":true,"_links":{"self":[{"href":"https:\/\/noticiasemdestaque.com\/cd\/index.php?rest_route=\/wp\/v2\/posts\/4971","targetHints":{"allow":["GET"]}}],"collection":[{"href":"https:\/\/noticiasemdestaque.com\/cd\/index.php?rest_route=\/wp\/v2\/posts"}],"about":[{"href":"https:\/\/noticiasemdestaque.com\/cd\/index.php?rest_route=\/wp\/v2\/types\/post"}],"author":[{"embeddable":true,"href":"https:\/\/noticiasemdestaque.com\/cd\/index.php?rest_route=\/wp\/v2\/users\/2"}],"replies":[{"embeddable":true,"href":"https:\/\/noticiasemdestaque.com\/cd\/index.php?rest_route=%2Fwp%2Fv2%2Fcomments&post=4971"}],"version-history":[{"count":1,"href":"https:\/\/noticiasemdestaque.com\/cd\/index.php?rest_route=\/wp\/v2\/posts\/4971\/revisions"}],"predecessor-version":[{"id":4973,"href":"https:\/\/noticiasemdestaque.com\/cd\/index.php?rest_route=\/wp\/v2\/posts\/4971\/revisions\/4973"}],"wp:featuredmedia":[{"embeddable":true,"href":"https:\/\/noticiasemdestaque.com\/cd\/index.php?rest_route=\/wp\/v2\/media\/4972"}],"wp:attachment":[{"href":"https:\/\/noticiasemdestaque.com\/cd\/index.php?rest_route=%2Fwp%2Fv2%2Fmedia&parent=4971"}],"wp:term":[{"taxonomy":"category","embeddable":true,"href":"https:\/\/noticiasemdestaque.com\/cd\/index.php?rest_route=%2Fwp%2Fv2%2Fcategories&post=4971"},{"taxonomy":"post_tag","embeddable":true,"href":"https:\/\/noticiasemdestaque.com\/cd\/index.php?rest_route=%2Fwp%2Fv2%2Ftags&post=4971"}],"curies":[{"name":"wp","href":"https:\/\/api.w.org\/{rel}","templated":true}]}}