{"id":49700,"date":"2023-07-06T09:32:49","date_gmt":"2023-07-06T12:32:49","guid":{"rendered":"https:\/\/noticiasemdestaque.com\/cd\/?p=49700"},"modified":"2023-07-06T09:32:49","modified_gmt":"2023-07-06T12:32:49","slug":"ministra-garante-quase-r-30-milhoes-para-criacao-de-duas-casas-da-mulher-na-paraiba","status":"publish","type":"post","link":"https:\/\/noticiasemdestaque.com\/cd\/?p=49700","title":{"rendered":"Ministra garante quase R$ 30 milh\u00f5es para cria\u00e7\u00e3o de duas Casas da Mulher na Para\u00edba"},"content":{"rendered":"<p><a href=\"https:\/\/noticiasemdestaque.com\/cd\/wp-content\/uploads\/2023\/07\/ministra.png\"><img fetchpriority=\"high\" decoding=\"async\" class=\"size-medium wp-image-49701 aligncenter\" src=\"https:\/\/noticiasemdestaque.com\/cd\/wp-content\/uploads\/2023\/07\/ministra-300x200.png\" alt=\"\" width=\"300\" height=\"200\" srcset=\"https:\/\/noticiasemdestaque.com\/cd\/wp-content\/uploads\/2023\/07\/ministra-300x200.png 300w, https:\/\/noticiasemdestaque.com\/cd\/wp-content\/uploads\/2023\/07\/ministra-768x512.png 768w, https:\/\/noticiasemdestaque.com\/cd\/wp-content\/uploads\/2023\/07\/ministra-18x12.png 18w, https:\/\/noticiasemdestaque.com\/cd\/wp-content\/uploads\/2023\/07\/ministra.png 960w\" sizes=\"(max-width: 300px) 100vw, 300px\" \/><\/a><\/p>\n<p>Em passagem pela Para\u00edba, nesta quarta-feira (5), a ministra das Mulheres, Cida Gon\u00e7alves, anunciou oficialmente a cria\u00e7\u00e3o de mais uma Casa da Mulher Brasileira no estado. Al\u00e9m da que ser\u00e1 instalada em Jo\u00e3o Pessoa, anunciada em mar\u00e7o pelo ministro Fl\u00e1vio Dino, tamb\u00e9m ser\u00e1 erguida uma em Patos, no Sert\u00e3o paraibano.<\/p>\n<p>O investimento para a constru\u00e7\u00e3o e equipagem da Casa da Mulher Brasileira em Patos ser\u00e1 de R$ 7 milh\u00f5es. O estado tamb\u00e9m ter\u00e1 uma casa na capital, Jo\u00e3o Pessoa, com investimento de R$ 15 milh\u00f5es, al\u00e9m de recursos para custeio e manuten\u00e7\u00e3o das duas unidades, somando R$ 29,5 milh\u00f5es de recursos para o estado.<\/p>\n<p>O an\u00fancio foi feito no teatro Paulo Pontes, durante uma coletiva \u00e0 imprensa, com as presen\u00e7as do governador Jo\u00e3o Azev\u00eado (PSB), do prefeito C\u00edcero Lucena (PP) e da secret\u00e1ria de Mulher, L\u00eddia Moura.<\/p>\n<p>A a\u00e7\u00e3o faz parte da retomada do programa Mulher Viver sem Viol\u00eancia, anunciada em 8 de mar\u00e7o, Dia Internacional das Mulheres, com a constru\u00e7\u00e3o de 40 novas Casas da Mulher Brasileira em parceria com o Minist\u00e9rio da Justi\u00e7a e Seguran\u00e7a P\u00fablica (MJSP).<\/p>\n<p><strong>Agenda da ministra<\/strong><\/p>\n<p>A ministra das Mulheres permanece na Para\u00edba nesta quinta-feira (6). \u00c0s 9h, ela participa de uma reuni\u00e3o com os \u00f3rg\u00e3os que ir\u00e3o compor a Casa da Mulher Brasileira, sendo representantes do Governo da Para\u00edba, das pol\u00edcias Civil e Militar, do Tribunal de Justi\u00e7a da Para\u00edba, Defensoria P\u00fablica, Minist\u00e9rio P\u00fablico, Prefeitura de Jo\u00e3o Pessoa, entre outros.<\/p>\n<p>Em seguida, \u00e0s 11h, Cida Gon\u00e7alves realizar\u00e1 uma reuni\u00e3o com representantes dos movimentos de mulheres e feministas, no Audit\u00f3rio da Ordem dos Advogados da Para\u00edba (OAB\/PB).<\/p>\n<p><strong>Casa da Mulher Brasileira<\/strong><\/p>\n<p>A Casa da Mulher Brasileira \u00e9 uma inova\u00e7\u00e3o no atendimento integral e humanizado \u00e0s mulheres. Em um mesmo espa\u00e7o, a Casa integra servi\u00e7os especializados para os mais diversos tipos de viol\u00eancia contra as mulheres: acolhimento e triagem; apoio psicossocial; delegacia; Juizado; Minist\u00e9rio P\u00fablico, Defensoria P\u00fablica; promo\u00e7\u00e3o de autonomia econ\u00f4mica; cuidado das crian\u00e7as \u2013 brinquedoteca; alojamento de passagem e central de transportes.<\/p>\n<p>Atualmente, h\u00e1 sete Casas com este modelo em funcionamento no Brasil, localizadas em Campo Grande (MS), Curitiba (PR), Fortaleza (CE), S\u00e3o Paulo (SP), Boa Vista (RR), Ceil\u00e2ndia (DF) e S\u00e3o Lu\u00eds (MA).<\/p>\n<p>Fonte: Jornal da Para\u00edba\/Conversa Pol\u00edtica<\/p>\n<p>&nbsp;<\/p>\n","protected":false},"excerpt":{"rendered":"<p>Em passagem pela Para\u00edba, nesta quarta-feira (5), a ministra das Mulheres, Cida Gon\u00e7alves, anunciou oficialmente a cria\u00e7\u00e3o de mais uma Casa da Mulher Brasileira no estado. Al\u00e9m da que ser\u00e1 instalada em Jo\u00e3o Pessoa, anunciada em mar\u00e7o pelo ministro Fl\u00e1vio Dino, tamb\u00e9m ser\u00e1 erguida uma em Patos, no Sert\u00e3o paraibano. O investimento para a constru\u00e7\u00e3o e equipagem da Casa da Mulher Brasileira em Patos ser\u00e1 de R$ 7 milh\u00f5es. O estado tamb\u00e9m ter\u00e1 uma casa na capital, Jo\u00e3o Pessoa, com investimento de R$ 15 milh\u00f5es, al\u00e9m de recursos para custeio e manuten\u00e7\u00e3o das duas unidades, somando R$ 29,5 milh\u00f5es de recursos para o estado. O an\u00fancio foi feito no teatro Paulo Pontes, durante uma coletiva \u00e0 imprensa, com as presen\u00e7as do governador Jo\u00e3o Azev\u00eado (PSB), do prefeito C\u00edcero Lucena (PP) e da secret\u00e1ria de Mulher, L\u00eddia Moura. A a\u00e7\u00e3o faz parte da retomada do programa Mulher Viver sem Viol\u00eancia, anunciada em 8 de mar\u00e7o, Dia Internacional das Mulheres, com a constru\u00e7\u00e3o de 40 novas Casas da Mulher Brasileira em parceria com o Minist\u00e9rio da Justi\u00e7a e Seguran\u00e7a P\u00fablica (MJSP). Agenda da ministra A ministra das Mulheres permanece na Para\u00edba nesta quinta-feira (6). \u00c0s 9h, ela participa de uma reuni\u00e3o com os \u00f3rg\u00e3os que ir\u00e3o compor a Casa da Mulher Brasileira, sendo representantes do Governo da Para\u00edba, das pol\u00edcias Civil e Militar, do Tribunal de Justi\u00e7a da Para\u00edba, Defensoria P\u00fablica, Minist\u00e9rio P\u00fablico, Prefeitura de Jo\u00e3o Pessoa, entre outros. Em seguida, \u00e0s 11h, Cida Gon\u00e7alves realizar\u00e1 uma reuni\u00e3o com representantes dos movimentos de mulheres e feministas, no Audit\u00f3rio da Ordem dos Advogados da Para\u00edba (OAB\/PB). Casa da Mulher Brasileira A Casa da Mulher Brasileira \u00e9 uma inova\u00e7\u00e3o no atendimento integral e humanizado \u00e0s mulheres. Em um mesmo espa\u00e7o, a Casa integra servi\u00e7os especializados para os mais diversos tipos de viol\u00eancia contra as mulheres: acolhimento e triagem; apoio psicossocial; delegacia; Juizado; Minist\u00e9rio P\u00fablico, Defensoria P\u00fablica; promo\u00e7\u00e3o de autonomia econ\u00f4mica; cuidado das crian\u00e7as \u2013 brinquedoteca; alojamento de passagem e central de transportes. Atualmente, h\u00e1 sete Casas com este modelo em funcionamento no Brasil, localizadas em Campo Grande (MS), Curitiba (PR), Fortaleza (CE), S\u00e3o Paulo (SP), Boa Vista (RR), Ceil\u00e2ndia (DF) e S\u00e3o Lu\u00eds (MA). Fonte: Jornal da Para\u00edba\/Conversa Pol\u00edtica &nbsp;<\/p>\n","protected":false},"author":2,"featured_media":49701,"comment_status":"closed","ping_status":"open","sticky":false,"template":"","format":"standard","meta":{"_eb_attr":"","_jetpack_memberships_contains_paid_content":false,"footnotes":""},"categories":[4],"tags":[],"class_list":["post-49700","post","type-post","status-publish","format-standard","has-post-thumbnail","hentry","category-politica"],"yoast_head":"<!-- This site is optimized with the Yoast SEO plugin v26.5 - https:\/\/yoast.com\/wordpress\/plugins\/seo\/ -->\n<title>Ministra garante quase R$ 30 milh\u00f5es para cria\u00e7\u00e3o de duas Casas da Mulher na Para\u00edba - Not&iacute;cias em Destaque<\/title>\n<meta name=\"robots\" content=\"index, follow, max-snippet:-1, max-image-preview:large, max-video-preview:-1\" \/>\n<link rel=\"canonical\" href=\"https:\/\/noticiasemdestaque.com\/cd\/?p=49700\" \/>\n<meta property=\"og:locale\" content=\"pt_BR\" \/>\n<meta property=\"og:type\" content=\"article\" \/>\n<meta property=\"og:title\" content=\"Ministra garante quase R$ 30 milh\u00f5es para cria\u00e7\u00e3o de duas Casas da Mulher na Para\u00edba - Not&iacute;cias em Destaque\" \/>\n<meta property=\"og:description\" content=\"Em passagem pela Para\u00edba, nesta quarta-feira (5), a ministra das Mulheres, Cida Gon\u00e7alves, anunciou oficialmente a cria\u00e7\u00e3o de mais uma Casa da Mulher Brasileira no estado. Al\u00e9m da que ser\u00e1 instalada em Jo\u00e3o Pessoa, anunciada em mar\u00e7o pelo ministro Fl\u00e1vio Dino, tamb\u00e9m ser\u00e1 erguida uma em Patos, no Sert\u00e3o paraibano. O investimento para a constru\u00e7\u00e3o e equipagem da Casa da Mulher Brasileira em Patos ser\u00e1 de R$ 7 milh\u00f5es. O estado tamb\u00e9m ter\u00e1 uma casa na capital, Jo\u00e3o Pessoa, com investimento de R$ 15 milh\u00f5es, al\u00e9m de recursos para custeio e manuten\u00e7\u00e3o das duas unidades, somando R$ 29,5 milh\u00f5es de recursos para o estado. O an\u00fancio foi feito no teatro Paulo Pontes, durante uma coletiva \u00e0 imprensa, com as presen\u00e7as do governador Jo\u00e3o Azev\u00eado (PSB), do prefeito C\u00edcero Lucena (PP) e da secret\u00e1ria de Mulher, L\u00eddia Moura. A a\u00e7\u00e3o faz parte da retomada do programa Mulher Viver sem Viol\u00eancia, anunciada em 8 de mar\u00e7o, Dia Internacional das Mulheres, com a constru\u00e7\u00e3o de 40 novas Casas da Mulher Brasileira em parceria com o Minist\u00e9rio da Justi\u00e7a e Seguran\u00e7a P\u00fablica (MJSP). Agenda da ministra A ministra das Mulheres permanece na Para\u00edba nesta quinta-feira (6). \u00c0s 9h, ela participa de uma reuni\u00e3o com os \u00f3rg\u00e3os que ir\u00e3o compor a Casa da Mulher Brasileira, sendo representantes do Governo da Para\u00edba, das pol\u00edcias Civil e Militar, do Tribunal de Justi\u00e7a da Para\u00edba, Defensoria P\u00fablica, Minist\u00e9rio P\u00fablico, Prefeitura de Jo\u00e3o Pessoa, entre outros. Em seguida, \u00e0s 11h, Cida Gon\u00e7alves realizar\u00e1 uma reuni\u00e3o com representantes dos movimentos de mulheres e feministas, no Audit\u00f3rio da Ordem dos Advogados da Para\u00edba (OAB\/PB). Casa da Mulher Brasileira A Casa da Mulher Brasileira \u00e9 uma inova\u00e7\u00e3o no atendimento integral e humanizado \u00e0s mulheres. Em um mesmo espa\u00e7o, a Casa integra servi\u00e7os especializados para os mais diversos tipos de viol\u00eancia contra as mulheres: acolhimento e triagem; apoio psicossocial; delegacia; Juizado; Minist\u00e9rio P\u00fablico, Defensoria P\u00fablica; promo\u00e7\u00e3o de autonomia econ\u00f4mica; cuidado das crian\u00e7as \u2013 brinquedoteca; alojamento de passagem e central de transportes. Atualmente, h\u00e1 sete Casas com este modelo em funcionamento no Brasil, localizadas em Campo Grande (MS), Curitiba (PR), Fortaleza (CE), S\u00e3o Paulo (SP), Boa Vista (RR), Ceil\u00e2ndia (DF) e S\u00e3o Lu\u00eds (MA). Fonte: Jornal da Para\u00edba\/Conversa Pol\u00edtica &nbsp;\" \/>\n<meta property=\"og:url\" content=\"https:\/\/noticiasemdestaque.com\/cd\/?p=49700\" \/>\n<meta property=\"og:site_name\" content=\"Not&iacute;cias em Destaque\" \/>\n<meta property=\"article:published_time\" content=\"2023-07-06T12:32:49+00:00\" \/>\n<meta property=\"og:image\" content=\"https:\/\/noticiasemdestaque.com\/cd\/wp-content\/uploads\/2023\/07\/ministra.png\" \/>\n\t<meta property=\"og:image:width\" content=\"960\" \/>\n\t<meta property=\"og:image:height\" content=\"640\" \/>\n\t<meta property=\"og:image:type\" content=\"image\/png\" \/>\n<meta name=\"author\" content=\"Not\u00edcias em Destaque\" \/>\n<meta name=\"twitter:card\" content=\"summary_large_image\" \/>\n<meta name=\"twitter:label1\" content=\"Escrito por\" \/>\n\t<meta name=\"twitter:data1\" content=\"Not\u00edcias em Destaque\" \/>\n\t<meta name=\"twitter:label2\" content=\"Est. tempo de leitura\" \/>\n\t<meta name=\"twitter:data2\" content=\"3 minutos\" \/>\n<script type=\"application\/ld+json\" class=\"yoast-schema-graph\">{\"@context\":\"https:\/\/schema.org\",\"@graph\":[{\"@type\":\"Article\",\"@id\":\"https:\/\/noticiasemdestaque.com\/cd\/?p=49700#article\",\"isPartOf\":{\"@id\":\"https:\/\/noticiasemdestaque.com\/cd\/?p=49700\"},\"author\":{\"name\":\"Not\u00edcias em Destaque\",\"@id\":\"https:\/\/noticiasemdestaque.com\/cd\/#\/schema\/person\/47f7d4f55eec17c6b2ca036c5500f6ce\"},\"headline\":\"Ministra garante quase R$ 30 milh\u00f5es para cria\u00e7\u00e3o de duas Casas da Mulher na Para\u00edba\",\"datePublished\":\"2023-07-06T12:32:49+00:00\",\"mainEntityOfPage\":{\"@id\":\"https:\/\/noticiasemdestaque.com\/cd\/?p=49700\"},\"wordCount\":439,\"publisher\":{\"@id\":\"https:\/\/noticiasemdestaque.com\/cd\/#organization\"},\"image\":{\"@id\":\"https:\/\/noticiasemdestaque.com\/cd\/?p=49700#primaryimage\"},\"thumbnailUrl\":\"https:\/\/noticiasemdestaque.com\/cd\/wp-content\/uploads\/2023\/07\/ministra.png\",\"articleSection\":[\"Pol\u00edtica\"],\"inLanguage\":\"pt-BR\"},{\"@type\":\"WebPage\",\"@id\":\"https:\/\/noticiasemdestaque.com\/cd\/?p=49700\",\"url\":\"https:\/\/noticiasemdestaque.com\/cd\/?p=49700\",\"name\":\"Ministra garante quase R$ 30 milh\u00f5es para cria\u00e7\u00e3o de duas Casas da Mulher na Para\u00edba - Not&iacute;cias em Destaque\",\"isPartOf\":{\"@id\":\"https:\/\/noticiasemdestaque.com\/cd\/#website\"},\"primaryImageOfPage\":{\"@id\":\"https:\/\/noticiasemdestaque.com\/cd\/?p=49700#primaryimage\"},\"image\":{\"@id\":\"https:\/\/noticiasemdestaque.com\/cd\/?p=49700#primaryimage\"},\"thumbnailUrl\":\"https:\/\/noticiasemdestaque.com\/cd\/wp-content\/uploads\/2023\/07\/ministra.png\",\"datePublished\":\"2023-07-06T12:32:49+00:00\",\"breadcrumb\":{\"@id\":\"https:\/\/noticiasemdestaque.com\/cd\/?p=49700#breadcrumb\"},\"inLanguage\":\"pt-BR\",\"potentialAction\":[{\"@type\":\"ReadAction\",\"target\":[\"https:\/\/noticiasemdestaque.com\/cd\/?p=49700\"]}]},{\"@type\":\"ImageObject\",\"inLanguage\":\"pt-BR\",\"@id\":\"https:\/\/noticiasemdestaque.com\/cd\/?p=49700#primaryimage\",\"url\":\"https:\/\/noticiasemdestaque.com\/cd\/wp-content\/uploads\/2023\/07\/ministra.png\",\"contentUrl\":\"https:\/\/noticiasemdestaque.com\/cd\/wp-content\/uploads\/2023\/07\/ministra.png\",\"width\":960,\"height\":640},{\"@type\":\"BreadcrumbList\",\"@id\":\"https:\/\/noticiasemdestaque.com\/cd\/?p=49700#breadcrumb\",\"itemListElement\":[{\"@type\":\"ListItem\",\"position\":1,\"name\":\"In\u00edcio\",\"item\":\"https:\/\/noticiasemdestaque.com\/cd\/\"},{\"@type\":\"ListItem\",\"position\":2,\"name\":\"Ministra garante quase R$ 30 milh\u00f5es para cria\u00e7\u00e3o de duas Casas da Mulher na Para\u00edba\"}]},{\"@type\":\"WebSite\",\"@id\":\"https:\/\/noticiasemdestaque.com\/cd\/#website\",\"url\":\"https:\/\/noticiasemdestaque.com\/cd\/\",\"name\":\"Not&iacute;cias em Destaque\",\"description\":\"\",\"publisher\":{\"@id\":\"https:\/\/noticiasemdestaque.com\/cd\/#organization\"},\"potentialAction\":[{\"@type\":\"SearchAction\",\"target\":{\"@type\":\"EntryPoint\",\"urlTemplate\":\"https:\/\/noticiasemdestaque.com\/cd\/?s={search_term_string}\"},\"query-input\":{\"@type\":\"PropertyValueSpecification\",\"valueRequired\":true,\"valueName\":\"search_term_string\"}}],\"inLanguage\":\"pt-BR\"},{\"@type\":\"Organization\",\"@id\":\"https:\/\/noticiasemdestaque.com\/cd\/#organization\",\"name\":\"Not\u00edcias em Destaque\",\"url\":\"https:\/\/noticiasemdestaque.com\/cd\/\",\"logo\":{\"@type\":\"ImageObject\",\"inLanguage\":\"pt-BR\",\"@id\":\"https:\/\/noticiasemdestaque.com\/cd\/#\/schema\/logo\/image\/\",\"url\":\"https:\/\/noticiasemdestaque.com\/cd\/wp-content\/uploads\/2022\/05\/imagem-base-noticiasemdestaque.png\",\"contentUrl\":\"https:\/\/noticiasemdestaque.com\/cd\/wp-content\/uploads\/2022\/05\/imagem-base-noticiasemdestaque.png\",\"width\":1200,\"height\":630,\"caption\":\"Not\u00edcias em Destaque\"},\"image\":{\"@id\":\"https:\/\/noticiasemdestaque.com\/cd\/#\/schema\/logo\/image\/\"}},{\"@type\":\"Person\",\"@id\":\"https:\/\/noticiasemdestaque.com\/cd\/#\/schema\/person\/47f7d4f55eec17c6b2ca036c5500f6ce\",\"name\":\"Not\u00edcias em Destaque\",\"url\":\"https:\/\/noticiasemdestaque.com\/cd\/?author=2\"}]}<\/script>\n<!-- \/ Yoast SEO plugin. -->","yoast_head_json":{"title":"Ministra garante quase R$ 30 milh\u00f5es para cria\u00e7\u00e3o de duas Casas da Mulher na Para\u00edba - Not&iacute;cias em Destaque","robots":{"index":"index","follow":"follow","max-snippet":"max-snippet:-1","max-image-preview":"max-image-preview:large","max-video-preview":"max-video-preview:-1"},"canonical":"https:\/\/noticiasemdestaque.com\/cd\/?p=49700","og_locale":"pt_BR","og_type":"article","og_title":"Ministra garante quase R$ 30 milh\u00f5es para cria\u00e7\u00e3o de duas Casas da Mulher na Para\u00edba - Not&iacute;cias em Destaque","og_description":"Em passagem pela Para\u00edba, nesta quarta-feira (5), a ministra das Mulheres, Cida Gon\u00e7alves, anunciou oficialmente a cria\u00e7\u00e3o de mais uma Casa da Mulher Brasileira no estado. Al\u00e9m da que ser\u00e1 instalada em Jo\u00e3o Pessoa, anunciada em mar\u00e7o pelo ministro Fl\u00e1vio Dino, tamb\u00e9m ser\u00e1 erguida uma em Patos, no Sert\u00e3o paraibano. O investimento para a constru\u00e7\u00e3o e equipagem da Casa da Mulher Brasileira em Patos ser\u00e1 de R$ 7 milh\u00f5es. O estado tamb\u00e9m ter\u00e1 uma casa na capital, Jo\u00e3o Pessoa, com investimento de R$ 15 milh\u00f5es, al\u00e9m de recursos para custeio e manuten\u00e7\u00e3o das duas unidades, somando R$ 29,5 milh\u00f5es de recursos para o estado. O an\u00fancio foi feito no teatro Paulo Pontes, durante uma coletiva \u00e0 imprensa, com as presen\u00e7as do governador Jo\u00e3o Azev\u00eado (PSB), do prefeito C\u00edcero Lucena (PP) e da secret\u00e1ria de Mulher, L\u00eddia Moura. A a\u00e7\u00e3o faz parte da retomada do programa Mulher Viver sem Viol\u00eancia, anunciada em 8 de mar\u00e7o, Dia Internacional das Mulheres, com a constru\u00e7\u00e3o de 40 novas Casas da Mulher Brasileira em parceria com o Minist\u00e9rio da Justi\u00e7a e Seguran\u00e7a P\u00fablica (MJSP). Agenda da ministra A ministra das Mulheres permanece na Para\u00edba nesta quinta-feira (6). \u00c0s 9h, ela participa de uma reuni\u00e3o com os \u00f3rg\u00e3os que ir\u00e3o compor a Casa da Mulher Brasileira, sendo representantes do Governo da Para\u00edba, das pol\u00edcias Civil e Militar, do Tribunal de Justi\u00e7a da Para\u00edba, Defensoria P\u00fablica, Minist\u00e9rio P\u00fablico, Prefeitura de Jo\u00e3o Pessoa, entre outros. Em seguida, \u00e0s 11h, Cida Gon\u00e7alves realizar\u00e1 uma reuni\u00e3o com representantes dos movimentos de mulheres e feministas, no Audit\u00f3rio da Ordem dos Advogados da Para\u00edba (OAB\/PB). Casa da Mulher Brasileira A Casa da Mulher Brasileira \u00e9 uma inova\u00e7\u00e3o no atendimento integral e humanizado \u00e0s mulheres. Em um mesmo espa\u00e7o, a Casa integra servi\u00e7os especializados para os mais diversos tipos de viol\u00eancia contra as mulheres: acolhimento e triagem; apoio psicossocial; delegacia; Juizado; Minist\u00e9rio P\u00fablico, Defensoria P\u00fablica; promo\u00e7\u00e3o de autonomia econ\u00f4mica; cuidado das crian\u00e7as \u2013 brinquedoteca; alojamento de passagem e central de transportes. Atualmente, h\u00e1 sete Casas com este modelo em funcionamento no Brasil, localizadas em Campo Grande (MS), Curitiba (PR), Fortaleza (CE), S\u00e3o Paulo (SP), Boa Vista (RR), Ceil\u00e2ndia (DF) e S\u00e3o Lu\u00eds (MA). Fonte: Jornal da Para\u00edba\/Conversa Pol\u00edtica &nbsp;","og_url":"https:\/\/noticiasemdestaque.com\/cd\/?p=49700","og_site_name":"Not&iacute;cias em Destaque","article_published_time":"2023-07-06T12:32:49+00:00","og_image":[{"width":960,"height":640,"url":"https:\/\/noticiasemdestaque.com\/cd\/wp-content\/uploads\/2023\/07\/ministra.png","type":"image\/png"}],"author":"Not\u00edcias em Destaque","twitter_card":"summary_large_image","twitter_misc":{"Escrito por":"Not\u00edcias em Destaque","Est. tempo de leitura":"3 minutos"},"schema":{"@context":"https:\/\/schema.org","@graph":[{"@type":"Article","@id":"https:\/\/noticiasemdestaque.com\/cd\/?p=49700#article","isPartOf":{"@id":"https:\/\/noticiasemdestaque.com\/cd\/?p=49700"},"author":{"name":"Not\u00edcias em Destaque","@id":"https:\/\/noticiasemdestaque.com\/cd\/#\/schema\/person\/47f7d4f55eec17c6b2ca036c5500f6ce"},"headline":"Ministra garante quase R$ 30 milh\u00f5es para cria\u00e7\u00e3o de duas Casas da Mulher na Para\u00edba","datePublished":"2023-07-06T12:32:49+00:00","mainEntityOfPage":{"@id":"https:\/\/noticiasemdestaque.com\/cd\/?p=49700"},"wordCount":439,"publisher":{"@id":"https:\/\/noticiasemdestaque.com\/cd\/#organization"},"image":{"@id":"https:\/\/noticiasemdestaque.com\/cd\/?p=49700#primaryimage"},"thumbnailUrl":"https:\/\/noticiasemdestaque.com\/cd\/wp-content\/uploads\/2023\/07\/ministra.png","articleSection":["Pol\u00edtica"],"inLanguage":"pt-BR"},{"@type":"WebPage","@id":"https:\/\/noticiasemdestaque.com\/cd\/?p=49700","url":"https:\/\/noticiasemdestaque.com\/cd\/?p=49700","name":"Ministra garante quase R$ 30 milh\u00f5es para cria\u00e7\u00e3o de duas Casas da Mulher na Para\u00edba - Not&iacute;cias em Destaque","isPartOf":{"@id":"https:\/\/noticiasemdestaque.com\/cd\/#website"},"primaryImageOfPage":{"@id":"https:\/\/noticiasemdestaque.com\/cd\/?p=49700#primaryimage"},"image":{"@id":"https:\/\/noticiasemdestaque.com\/cd\/?p=49700#primaryimage"},"thumbnailUrl":"https:\/\/noticiasemdestaque.com\/cd\/wp-content\/uploads\/2023\/07\/ministra.png","datePublished":"2023-07-06T12:32:49+00:00","breadcrumb":{"@id":"https:\/\/noticiasemdestaque.com\/cd\/?p=49700#breadcrumb"},"inLanguage":"pt-BR","potentialAction":[{"@type":"ReadAction","target":["https:\/\/noticiasemdestaque.com\/cd\/?p=49700"]}]},{"@type":"ImageObject","inLanguage":"pt-BR","@id":"https:\/\/noticiasemdestaque.com\/cd\/?p=49700#primaryimage","url":"https:\/\/noticiasemdestaque.com\/cd\/wp-content\/uploads\/2023\/07\/ministra.png","contentUrl":"https:\/\/noticiasemdestaque.com\/cd\/wp-content\/uploads\/2023\/07\/ministra.png","width":960,"height":640},{"@type":"BreadcrumbList","@id":"https:\/\/noticiasemdestaque.com\/cd\/?p=49700#breadcrumb","itemListElement":[{"@type":"ListItem","position":1,"name":"In\u00edcio","item":"https:\/\/noticiasemdestaque.com\/cd\/"},{"@type":"ListItem","position":2,"name":"Ministra garante quase R$ 30 milh\u00f5es para cria\u00e7\u00e3o de duas Casas da Mulher na Para\u00edba"}]},{"@type":"WebSite","@id":"https:\/\/noticiasemdestaque.com\/cd\/#website","url":"https:\/\/noticiasemdestaque.com\/cd\/","name":"Not&iacute;cias em Destaque","description":"","publisher":{"@id":"https:\/\/noticiasemdestaque.com\/cd\/#organization"},"potentialAction":[{"@type":"SearchAction","target":{"@type":"EntryPoint","urlTemplate":"https:\/\/noticiasemdestaque.com\/cd\/?s={search_term_string}"},"query-input":{"@type":"PropertyValueSpecification","valueRequired":true,"valueName":"search_term_string"}}],"inLanguage":"pt-BR"},{"@type":"Organization","@id":"https:\/\/noticiasemdestaque.com\/cd\/#organization","name":"Not\u00edcias em Destaque","url":"https:\/\/noticiasemdestaque.com\/cd\/","logo":{"@type":"ImageObject","inLanguage":"pt-BR","@id":"https:\/\/noticiasemdestaque.com\/cd\/#\/schema\/logo\/image\/","url":"https:\/\/noticiasemdestaque.com\/cd\/wp-content\/uploads\/2022\/05\/imagem-base-noticiasemdestaque.png","contentUrl":"https:\/\/noticiasemdestaque.com\/cd\/wp-content\/uploads\/2022\/05\/imagem-base-noticiasemdestaque.png","width":1200,"height":630,"caption":"Not\u00edcias em Destaque"},"image":{"@id":"https:\/\/noticiasemdestaque.com\/cd\/#\/schema\/logo\/image\/"}},{"@type":"Person","@id":"https:\/\/noticiasemdestaque.com\/cd\/#\/schema\/person\/47f7d4f55eec17c6b2ca036c5500f6ce","name":"Not\u00edcias em Destaque","url":"https:\/\/noticiasemdestaque.com\/cd\/?author=2"}]}},"jetpack_featured_media_url":"https:\/\/noticiasemdestaque.com\/cd\/wp-content\/uploads\/2023\/07\/ministra.png","jetpack_sharing_enabled":true,"_links":{"self":[{"href":"https:\/\/noticiasemdestaque.com\/cd\/index.php?rest_route=\/wp\/v2\/posts\/49700","targetHints":{"allow":["GET"]}}],"collection":[{"href":"https:\/\/noticiasemdestaque.com\/cd\/index.php?rest_route=\/wp\/v2\/posts"}],"about":[{"href":"https:\/\/noticiasemdestaque.com\/cd\/index.php?rest_route=\/wp\/v2\/types\/post"}],"author":[{"embeddable":true,"href":"https:\/\/noticiasemdestaque.com\/cd\/index.php?rest_route=\/wp\/v2\/users\/2"}],"replies":[{"embeddable":true,"href":"https:\/\/noticiasemdestaque.com\/cd\/index.php?rest_route=%2Fwp%2Fv2%2Fcomments&post=49700"}],"version-history":[{"count":1,"href":"https:\/\/noticiasemdestaque.com\/cd\/index.php?rest_route=\/wp\/v2\/posts\/49700\/revisions"}],"predecessor-version":[{"id":49702,"href":"https:\/\/noticiasemdestaque.com\/cd\/index.php?rest_route=\/wp\/v2\/posts\/49700\/revisions\/49702"}],"wp:featuredmedia":[{"embeddable":true,"href":"https:\/\/noticiasemdestaque.com\/cd\/index.php?rest_route=\/wp\/v2\/media\/49701"}],"wp:attachment":[{"href":"https:\/\/noticiasemdestaque.com\/cd\/index.php?rest_route=%2Fwp%2Fv2%2Fmedia&parent=49700"}],"wp:term":[{"taxonomy":"category","embeddable":true,"href":"https:\/\/noticiasemdestaque.com\/cd\/index.php?rest_route=%2Fwp%2Fv2%2Fcategories&post=49700"},{"taxonomy":"post_tag","embeddable":true,"href":"https:\/\/noticiasemdestaque.com\/cd\/index.php?rest_route=%2Fwp%2Fv2%2Ftags&post=49700"}],"curies":[{"name":"wp","href":"https:\/\/api.w.org\/{rel}","templated":true}]}}