{"id":49696,"date":"2023-07-06T09:30:02","date_gmt":"2023-07-06T12:30:02","guid":{"rendered":"https:\/\/noticiasemdestaque.com\/cd\/?p=49696"},"modified":"2023-07-06T09:30:02","modified_gmt":"2023-07-06T12:30:02","slug":"prefeitura-de-amparo-recebeu-mais-um-onibus-escolar-atraves-do-governo-do-estado","status":"publish","type":"post","link":"https:\/\/noticiasemdestaque.com\/cd\/?p=49696","title":{"rendered":"Prefeitura de Amparo recebeu mais um \u00f4nibus escolar atrav\u00e9s do Governo do Estado"},"content":{"rendered":"<p><a href=\"https:\/\/noticiasemdestaque.com\/cd\/wp-content\/uploads\/2023\/07\/a1.jpeg\"><img fetchpriority=\"high\" decoding=\"async\" class=\"size-medium wp-image-49697 aligncenter\" src=\"https:\/\/noticiasemdestaque.com\/cd\/wp-content\/uploads\/2023\/07\/a1-300x225.jpeg\" alt=\"\" width=\"300\" height=\"225\" srcset=\"https:\/\/noticiasemdestaque.com\/cd\/wp-content\/uploads\/2023\/07\/a1-300x225.jpeg 300w, https:\/\/noticiasemdestaque.com\/cd\/wp-content\/uploads\/2023\/07\/a1-16x12.jpeg 16w, https:\/\/noticiasemdestaque.com\/cd\/wp-content\/uploads\/2023\/07\/a1.jpeg 640w\" sizes=\"(max-width: 300px) 100vw, 300px\" \/><\/a><\/p>\n<p>O prefeito In\u00e1cio N\u00f3brega juntamente com o secret\u00e1rio de transportes Osmando Santos e a representante da secretaria de educa\u00e7\u00e3o Fabiana Feitosa estiveram na manh\u00e3 desta quarta-feira (05), na capital Jo\u00e3o Pessoa, participando da solenidade de entrega de transporte escolar, realizada pelo Governo do Estado da Para\u00edba.<\/p>\n<p><a href=\"https:\/\/noticiasemdestaque.com\/cd\/wp-content\/uploads\/2023\/07\/a2.jpeg\"><img decoding=\"async\" class=\"size-medium wp-image-49698 aligncenter\" src=\"https:\/\/noticiasemdestaque.com\/cd\/wp-content\/uploads\/2023\/07\/a2-300x225.jpeg\" alt=\"\" width=\"300\" height=\"225\" srcset=\"https:\/\/noticiasemdestaque.com\/cd\/wp-content\/uploads\/2023\/07\/a2-300x225.jpeg 300w, https:\/\/noticiasemdestaque.com\/cd\/wp-content\/uploads\/2023\/07\/a2-16x12.jpeg 16w, https:\/\/noticiasemdestaque.com\/cd\/wp-content\/uploads\/2023\/07\/a2.jpeg 640w\" sizes=\"(max-width: 300px) 100vw, 300px\" \/><\/a><\/p>\n<p>Na oportunidade, a ex-secret\u00e1ria de educa\u00e7\u00e3o, Fabiana Feitosa, agradeceu ao Deputado Estadual Felipe Leit\u00e3o, que mais uma vez, atrav\u00e9s do seu gabinete parlamentar, fez a indica\u00e7\u00e3o a Secretaria de Estado da Educa\u00e7\u00e3o, para que o munic\u00edpio fosse contemplado com mais este equipamento que ir\u00e1 modernizar ainda a frota de transporte escolar do munic\u00edpio.<\/p>\n<p>O prefeito In\u00e1cio N\u00f3brega, agradeceu ao Governador Jo\u00e3o Azevedo, pela parceria estabelecida com o munic\u00edpio de Amparo, que vive uma verdadeira transforma\u00e7\u00e3o com obras sendo executadas atrav\u00e9s desta parceria.<\/p>\n<p>&#8220;S\u00e3o obras estruturantes para o munic\u00edpio como, pavimenta\u00e7\u00e3o, esgotamento sanit\u00e1rio, constru\u00e7\u00e3o de escola, uma creche e transporte escolar &#8221; disse o prefeito In\u00e1cio.<\/p>\n<p>Fonte: Ascom<\/p>\n","protected":false},"excerpt":{"rendered":"<p>O prefeito In\u00e1cio N\u00f3brega juntamente com o secret\u00e1rio de transportes Osmando Santos e a representante da secretaria de educa\u00e7\u00e3o Fabiana Feitosa estiveram na manh\u00e3 desta quarta-feira (05), na capital Jo\u00e3o Pessoa, participando da solenidade de entrega de transporte escolar, realizada pelo Governo do Estado da Para\u00edba. Na oportunidade, a ex-secret\u00e1ria de educa\u00e7\u00e3o, Fabiana Feitosa, agradeceu ao Deputado Estadual Felipe Leit\u00e3o, que mais uma vez, atrav\u00e9s do seu gabinete parlamentar, fez a indica\u00e7\u00e3o a Secretaria de Estado da Educa\u00e7\u00e3o, para que o munic\u00edpio fosse contemplado com mais este equipamento que ir\u00e1 modernizar ainda a frota de transporte escolar do munic\u00edpio. O prefeito In\u00e1cio N\u00f3brega, agradeceu ao Governador Jo\u00e3o Azevedo, pela parceria estabelecida com o munic\u00edpio de Amparo, que vive uma verdadeira transforma\u00e7\u00e3o com obras sendo executadas atrav\u00e9s desta parceria. &#8220;S\u00e3o obras estruturantes para o munic\u00edpio como, pavimenta\u00e7\u00e3o, esgotamento sanit\u00e1rio, constru\u00e7\u00e3o de escola, uma creche e transporte escolar &#8221; disse o prefeito In\u00e1cio. Fonte: Ascom<\/p>\n","protected":false},"author":2,"featured_media":49697,"comment_status":"closed","ping_status":"open","sticky":false,"template":"","format":"standard","meta":{"_eb_attr":"","_jetpack_memberships_contains_paid_content":false,"footnotes":""},"categories":[3],"tags":[],"class_list":["post-49696","post","type-post","status-publish","format-standard","has-post-thumbnail","hentry","category-cidades"],"yoast_head":"<!-- This site is optimized with the Yoast SEO plugin v26.5 - https:\/\/yoast.com\/wordpress\/plugins\/seo\/ -->\n<title>Prefeitura de Amparo recebeu mais um \u00f4nibus escolar atrav\u00e9s do Governo do Estado - Not&iacute;cias em Destaque<\/title>\n<meta name=\"robots\" content=\"index, follow, max-snippet:-1, max-image-preview:large, max-video-preview:-1\" \/>\n<link rel=\"canonical\" href=\"https:\/\/noticiasemdestaque.com\/cd\/?p=49696\" \/>\n<meta property=\"og:locale\" content=\"pt_BR\" \/>\n<meta property=\"og:type\" content=\"article\" \/>\n<meta property=\"og:title\" content=\"Prefeitura de Amparo recebeu mais um \u00f4nibus escolar atrav\u00e9s do Governo do Estado - Not&iacute;cias em Destaque\" \/>\n<meta property=\"og:description\" content=\"O prefeito In\u00e1cio N\u00f3brega juntamente com o secret\u00e1rio de transportes Osmando Santos e a representante da secretaria de educa\u00e7\u00e3o Fabiana Feitosa estiveram na manh\u00e3 desta quarta-feira (05), na capital Jo\u00e3o Pessoa, participando da solenidade de entrega de transporte escolar, realizada pelo Governo do Estado da Para\u00edba. Na oportunidade, a ex-secret\u00e1ria de educa\u00e7\u00e3o, Fabiana Feitosa, agradeceu ao Deputado Estadual Felipe Leit\u00e3o, que mais uma vez, atrav\u00e9s do seu gabinete parlamentar, fez a indica\u00e7\u00e3o a Secretaria de Estado da Educa\u00e7\u00e3o, para que o munic\u00edpio fosse contemplado com mais este equipamento que ir\u00e1 modernizar ainda a frota de transporte escolar do munic\u00edpio. O prefeito In\u00e1cio N\u00f3brega, agradeceu ao Governador Jo\u00e3o Azevedo, pela parceria estabelecida com o munic\u00edpio de Amparo, que vive uma verdadeira transforma\u00e7\u00e3o com obras sendo executadas atrav\u00e9s desta parceria. &#8220;S\u00e3o obras estruturantes para o munic\u00edpio como, pavimenta\u00e7\u00e3o, esgotamento sanit\u00e1rio, constru\u00e7\u00e3o de escola, uma creche e transporte escolar &#8221; disse o prefeito In\u00e1cio. Fonte: Ascom\" \/>\n<meta property=\"og:url\" content=\"https:\/\/noticiasemdestaque.com\/cd\/?p=49696\" \/>\n<meta property=\"og:site_name\" content=\"Not&iacute;cias em Destaque\" \/>\n<meta property=\"article:published_time\" content=\"2023-07-06T12:30:02+00:00\" \/>\n<meta property=\"og:image\" content=\"https:\/\/noticiasemdestaque.com\/cd\/wp-content\/uploads\/2023\/07\/a1.jpeg\" \/>\n\t<meta property=\"og:image:width\" content=\"640\" \/>\n\t<meta property=\"og:image:height\" content=\"480\" \/>\n\t<meta property=\"og:image:type\" content=\"image\/jpeg\" \/>\n<meta name=\"author\" content=\"Not\u00edcias em Destaque\" \/>\n<meta name=\"twitter:card\" content=\"summary_large_image\" \/>\n<meta name=\"twitter:label1\" content=\"Escrito por\" \/>\n\t<meta name=\"twitter:data1\" content=\"Not\u00edcias em Destaque\" \/>\n\t<meta name=\"twitter:label2\" content=\"Est. tempo de leitura\" \/>\n\t<meta name=\"twitter:data2\" content=\"2 minutos\" \/>\n<script type=\"application\/ld+json\" class=\"yoast-schema-graph\">{\"@context\":\"https:\/\/schema.org\",\"@graph\":[{\"@type\":\"Article\",\"@id\":\"https:\/\/noticiasemdestaque.com\/cd\/?p=49696#article\",\"isPartOf\":{\"@id\":\"https:\/\/noticiasemdestaque.com\/cd\/?p=49696\"},\"author\":{\"name\":\"Not\u00edcias em Destaque\",\"@id\":\"https:\/\/noticiasemdestaque.com\/cd\/#\/schema\/person\/47f7d4f55eec17c6b2ca036c5500f6ce\"},\"headline\":\"Prefeitura de Amparo recebeu mais um \u00f4nibus escolar atrav\u00e9s do Governo do Estado\",\"datePublished\":\"2023-07-06T12:30:02+00:00\",\"mainEntityOfPage\":{\"@id\":\"https:\/\/noticiasemdestaque.com\/cd\/?p=49696\"},\"wordCount\":191,\"publisher\":{\"@id\":\"https:\/\/noticiasemdestaque.com\/cd\/#organization\"},\"image\":{\"@id\":\"https:\/\/noticiasemdestaque.com\/cd\/?p=49696#primaryimage\"},\"thumbnailUrl\":\"https:\/\/noticiasemdestaque.com\/cd\/wp-content\/uploads\/2023\/07\/a1.jpeg\",\"articleSection\":[\"Cidades\"],\"inLanguage\":\"pt-BR\"},{\"@type\":\"WebPage\",\"@id\":\"https:\/\/noticiasemdestaque.com\/cd\/?p=49696\",\"url\":\"https:\/\/noticiasemdestaque.com\/cd\/?p=49696\",\"name\":\"Prefeitura de Amparo recebeu mais um \u00f4nibus escolar atrav\u00e9s do Governo do Estado - Not&iacute;cias em Destaque\",\"isPartOf\":{\"@id\":\"https:\/\/noticiasemdestaque.com\/cd\/#website\"},\"primaryImageOfPage\":{\"@id\":\"https:\/\/noticiasemdestaque.com\/cd\/?p=49696#primaryimage\"},\"image\":{\"@id\":\"https:\/\/noticiasemdestaque.com\/cd\/?p=49696#primaryimage\"},\"thumbnailUrl\":\"https:\/\/noticiasemdestaque.com\/cd\/wp-content\/uploads\/2023\/07\/a1.jpeg\",\"datePublished\":\"2023-07-06T12:30:02+00:00\",\"breadcrumb\":{\"@id\":\"https:\/\/noticiasemdestaque.com\/cd\/?p=49696#breadcrumb\"},\"inLanguage\":\"pt-BR\",\"potentialAction\":[{\"@type\":\"ReadAction\",\"target\":[\"https:\/\/noticiasemdestaque.com\/cd\/?p=49696\"]}]},{\"@type\":\"ImageObject\",\"inLanguage\":\"pt-BR\",\"@id\":\"https:\/\/noticiasemdestaque.com\/cd\/?p=49696#primaryimage\",\"url\":\"https:\/\/noticiasemdestaque.com\/cd\/wp-content\/uploads\/2023\/07\/a1.jpeg\",\"contentUrl\":\"https:\/\/noticiasemdestaque.com\/cd\/wp-content\/uploads\/2023\/07\/a1.jpeg\",\"width\":640,\"height\":480},{\"@type\":\"BreadcrumbList\",\"@id\":\"https:\/\/noticiasemdestaque.com\/cd\/?p=49696#breadcrumb\",\"itemListElement\":[{\"@type\":\"ListItem\",\"position\":1,\"name\":\"In\u00edcio\",\"item\":\"https:\/\/noticiasemdestaque.com\/cd\/\"},{\"@type\":\"ListItem\",\"position\":2,\"name\":\"Prefeitura de Amparo recebeu mais um \u00f4nibus escolar atrav\u00e9s do Governo do Estado\"}]},{\"@type\":\"WebSite\",\"@id\":\"https:\/\/noticiasemdestaque.com\/cd\/#website\",\"url\":\"https:\/\/noticiasemdestaque.com\/cd\/\",\"name\":\"Not&iacute;cias em Destaque\",\"description\":\"\",\"publisher\":{\"@id\":\"https:\/\/noticiasemdestaque.com\/cd\/#organization\"},\"potentialAction\":[{\"@type\":\"SearchAction\",\"target\":{\"@type\":\"EntryPoint\",\"urlTemplate\":\"https:\/\/noticiasemdestaque.com\/cd\/?s={search_term_string}\"},\"query-input\":{\"@type\":\"PropertyValueSpecification\",\"valueRequired\":true,\"valueName\":\"search_term_string\"}}],\"inLanguage\":\"pt-BR\"},{\"@type\":\"Organization\",\"@id\":\"https:\/\/noticiasemdestaque.com\/cd\/#organization\",\"name\":\"Not\u00edcias em Destaque\",\"url\":\"https:\/\/noticiasemdestaque.com\/cd\/\",\"logo\":{\"@type\":\"ImageObject\",\"inLanguage\":\"pt-BR\",\"@id\":\"https:\/\/noticiasemdestaque.com\/cd\/#\/schema\/logo\/image\/\",\"url\":\"https:\/\/noticiasemdestaque.com\/cd\/wp-content\/uploads\/2022\/05\/imagem-base-noticiasemdestaque.png\",\"contentUrl\":\"https:\/\/noticiasemdestaque.com\/cd\/wp-content\/uploads\/2022\/05\/imagem-base-noticiasemdestaque.png\",\"width\":1200,\"height\":630,\"caption\":\"Not\u00edcias em Destaque\"},\"image\":{\"@id\":\"https:\/\/noticiasemdestaque.com\/cd\/#\/schema\/logo\/image\/\"}},{\"@type\":\"Person\",\"@id\":\"https:\/\/noticiasemdestaque.com\/cd\/#\/schema\/person\/47f7d4f55eec17c6b2ca036c5500f6ce\",\"name\":\"Not\u00edcias em Destaque\",\"url\":\"https:\/\/noticiasemdestaque.com\/cd\/?author=2\"}]}<\/script>\n<!-- \/ Yoast SEO plugin. -->","yoast_head_json":{"title":"Prefeitura de Amparo recebeu mais um \u00f4nibus escolar atrav\u00e9s do Governo do Estado - Not&iacute;cias em Destaque","robots":{"index":"index","follow":"follow","max-snippet":"max-snippet:-1","max-image-preview":"max-image-preview:large","max-video-preview":"max-video-preview:-1"},"canonical":"https:\/\/noticiasemdestaque.com\/cd\/?p=49696","og_locale":"pt_BR","og_type":"article","og_title":"Prefeitura de Amparo recebeu mais um \u00f4nibus escolar atrav\u00e9s do Governo do Estado - Not&iacute;cias em Destaque","og_description":"O prefeito In\u00e1cio N\u00f3brega juntamente com o secret\u00e1rio de transportes Osmando Santos e a representante da secretaria de educa\u00e7\u00e3o Fabiana Feitosa estiveram na manh\u00e3 desta quarta-feira (05), na capital Jo\u00e3o Pessoa, participando da solenidade de entrega de transporte escolar, realizada pelo Governo do Estado da Para\u00edba. Na oportunidade, a ex-secret\u00e1ria de educa\u00e7\u00e3o, Fabiana Feitosa, agradeceu ao Deputado Estadual Felipe Leit\u00e3o, que mais uma vez, atrav\u00e9s do seu gabinete parlamentar, fez a indica\u00e7\u00e3o a Secretaria de Estado da Educa\u00e7\u00e3o, para que o munic\u00edpio fosse contemplado com mais este equipamento que ir\u00e1 modernizar ainda a frota de transporte escolar do munic\u00edpio. O prefeito In\u00e1cio N\u00f3brega, agradeceu ao Governador Jo\u00e3o Azevedo, pela parceria estabelecida com o munic\u00edpio de Amparo, que vive uma verdadeira transforma\u00e7\u00e3o com obras sendo executadas atrav\u00e9s desta parceria. &#8220;S\u00e3o obras estruturantes para o munic\u00edpio como, pavimenta\u00e7\u00e3o, esgotamento sanit\u00e1rio, constru\u00e7\u00e3o de escola, uma creche e transporte escolar &#8221; disse o prefeito In\u00e1cio. Fonte: Ascom","og_url":"https:\/\/noticiasemdestaque.com\/cd\/?p=49696","og_site_name":"Not&iacute;cias em Destaque","article_published_time":"2023-07-06T12:30:02+00:00","og_image":[{"width":640,"height":480,"url":"https:\/\/noticiasemdestaque.com\/cd\/wp-content\/uploads\/2023\/07\/a1.jpeg","type":"image\/jpeg"}],"author":"Not\u00edcias em Destaque","twitter_card":"summary_large_image","twitter_misc":{"Escrito por":"Not\u00edcias em Destaque","Est. tempo de leitura":"2 minutos"},"schema":{"@context":"https:\/\/schema.org","@graph":[{"@type":"Article","@id":"https:\/\/noticiasemdestaque.com\/cd\/?p=49696#article","isPartOf":{"@id":"https:\/\/noticiasemdestaque.com\/cd\/?p=49696"},"author":{"name":"Not\u00edcias em Destaque","@id":"https:\/\/noticiasemdestaque.com\/cd\/#\/schema\/person\/47f7d4f55eec17c6b2ca036c5500f6ce"},"headline":"Prefeitura de Amparo recebeu mais um \u00f4nibus escolar atrav\u00e9s do Governo do Estado","datePublished":"2023-07-06T12:30:02+00:00","mainEntityOfPage":{"@id":"https:\/\/noticiasemdestaque.com\/cd\/?p=49696"},"wordCount":191,"publisher":{"@id":"https:\/\/noticiasemdestaque.com\/cd\/#organization"},"image":{"@id":"https:\/\/noticiasemdestaque.com\/cd\/?p=49696#primaryimage"},"thumbnailUrl":"https:\/\/noticiasemdestaque.com\/cd\/wp-content\/uploads\/2023\/07\/a1.jpeg","articleSection":["Cidades"],"inLanguage":"pt-BR"},{"@type":"WebPage","@id":"https:\/\/noticiasemdestaque.com\/cd\/?p=49696","url":"https:\/\/noticiasemdestaque.com\/cd\/?p=49696","name":"Prefeitura de Amparo recebeu mais um \u00f4nibus escolar atrav\u00e9s do Governo do Estado - Not&iacute;cias em Destaque","isPartOf":{"@id":"https:\/\/noticiasemdestaque.com\/cd\/#website"},"primaryImageOfPage":{"@id":"https:\/\/noticiasemdestaque.com\/cd\/?p=49696#primaryimage"},"image":{"@id":"https:\/\/noticiasemdestaque.com\/cd\/?p=49696#primaryimage"},"thumbnailUrl":"https:\/\/noticiasemdestaque.com\/cd\/wp-content\/uploads\/2023\/07\/a1.jpeg","datePublished":"2023-07-06T12:30:02+00:00","breadcrumb":{"@id":"https:\/\/noticiasemdestaque.com\/cd\/?p=49696#breadcrumb"},"inLanguage":"pt-BR","potentialAction":[{"@type":"ReadAction","target":["https:\/\/noticiasemdestaque.com\/cd\/?p=49696"]}]},{"@type":"ImageObject","inLanguage":"pt-BR","@id":"https:\/\/noticiasemdestaque.com\/cd\/?p=49696#primaryimage","url":"https:\/\/noticiasemdestaque.com\/cd\/wp-content\/uploads\/2023\/07\/a1.jpeg","contentUrl":"https:\/\/noticiasemdestaque.com\/cd\/wp-content\/uploads\/2023\/07\/a1.jpeg","width":640,"height":480},{"@type":"BreadcrumbList","@id":"https:\/\/noticiasemdestaque.com\/cd\/?p=49696#breadcrumb","itemListElement":[{"@type":"ListItem","position":1,"name":"In\u00edcio","item":"https:\/\/noticiasemdestaque.com\/cd\/"},{"@type":"ListItem","position":2,"name":"Prefeitura de Amparo recebeu mais um \u00f4nibus escolar atrav\u00e9s do Governo do Estado"}]},{"@type":"WebSite","@id":"https:\/\/noticiasemdestaque.com\/cd\/#website","url":"https:\/\/noticiasemdestaque.com\/cd\/","name":"Not&iacute;cias em Destaque","description":"","publisher":{"@id":"https:\/\/noticiasemdestaque.com\/cd\/#organization"},"potentialAction":[{"@type":"SearchAction","target":{"@type":"EntryPoint","urlTemplate":"https:\/\/noticiasemdestaque.com\/cd\/?s={search_term_string}"},"query-input":{"@type":"PropertyValueSpecification","valueRequired":true,"valueName":"search_term_string"}}],"inLanguage":"pt-BR"},{"@type":"Organization","@id":"https:\/\/noticiasemdestaque.com\/cd\/#organization","name":"Not\u00edcias em Destaque","url":"https:\/\/noticiasemdestaque.com\/cd\/","logo":{"@type":"ImageObject","inLanguage":"pt-BR","@id":"https:\/\/noticiasemdestaque.com\/cd\/#\/schema\/logo\/image\/","url":"https:\/\/noticiasemdestaque.com\/cd\/wp-content\/uploads\/2022\/05\/imagem-base-noticiasemdestaque.png","contentUrl":"https:\/\/noticiasemdestaque.com\/cd\/wp-content\/uploads\/2022\/05\/imagem-base-noticiasemdestaque.png","width":1200,"height":630,"caption":"Not\u00edcias em Destaque"},"image":{"@id":"https:\/\/noticiasemdestaque.com\/cd\/#\/schema\/logo\/image\/"}},{"@type":"Person","@id":"https:\/\/noticiasemdestaque.com\/cd\/#\/schema\/person\/47f7d4f55eec17c6b2ca036c5500f6ce","name":"Not\u00edcias em Destaque","url":"https:\/\/noticiasemdestaque.com\/cd\/?author=2"}]}},"jetpack_featured_media_url":"https:\/\/noticiasemdestaque.com\/cd\/wp-content\/uploads\/2023\/07\/a1.jpeg","jetpack_sharing_enabled":true,"_links":{"self":[{"href":"https:\/\/noticiasemdestaque.com\/cd\/index.php?rest_route=\/wp\/v2\/posts\/49696","targetHints":{"allow":["GET"]}}],"collection":[{"href":"https:\/\/noticiasemdestaque.com\/cd\/index.php?rest_route=\/wp\/v2\/posts"}],"about":[{"href":"https:\/\/noticiasemdestaque.com\/cd\/index.php?rest_route=\/wp\/v2\/types\/post"}],"author":[{"embeddable":true,"href":"https:\/\/noticiasemdestaque.com\/cd\/index.php?rest_route=\/wp\/v2\/users\/2"}],"replies":[{"embeddable":true,"href":"https:\/\/noticiasemdestaque.com\/cd\/index.php?rest_route=%2Fwp%2Fv2%2Fcomments&post=49696"}],"version-history":[{"count":1,"href":"https:\/\/noticiasemdestaque.com\/cd\/index.php?rest_route=\/wp\/v2\/posts\/49696\/revisions"}],"predecessor-version":[{"id":49699,"href":"https:\/\/noticiasemdestaque.com\/cd\/index.php?rest_route=\/wp\/v2\/posts\/49696\/revisions\/49699"}],"wp:featuredmedia":[{"embeddable":true,"href":"https:\/\/noticiasemdestaque.com\/cd\/index.php?rest_route=\/wp\/v2\/media\/49697"}],"wp:attachment":[{"href":"https:\/\/noticiasemdestaque.com\/cd\/index.php?rest_route=%2Fwp%2Fv2%2Fmedia&parent=49696"}],"wp:term":[{"taxonomy":"category","embeddable":true,"href":"https:\/\/noticiasemdestaque.com\/cd\/index.php?rest_route=%2Fwp%2Fv2%2Fcategories&post=49696"},{"taxonomy":"post_tag","embeddable":true,"href":"https:\/\/noticiasemdestaque.com\/cd\/index.php?rest_route=%2Fwp%2Fv2%2Ftags&post=49696"}],"curies":[{"name":"wp","href":"https:\/\/api.w.org\/{rel}","templated":true}]}}