{"id":4966,"date":"2017-10-06T07:31:27","date_gmt":"2017-10-06T10:31:27","guid":{"rendered":"http:\/\/caririemdestaque.com\/cd\/?p=4966"},"modified":"2017-10-06T07:33:43","modified_gmt":"2017-10-06T10:33:43","slug":"4966","status":"publish","type":"post","link":"https:\/\/noticiasemdestaque.com\/cd\/?p=4966","title":{"rendered":"Para\u00edba receber\u00e1 R$ 4,5 milh\u00f5es de recursos federais para UPAs 24 horas"},"content":{"rendered":"<figure id=\"attachment_4967\" aria-describedby=\"caption-attachment-4967\" style=\"width: 300px\" class=\"wp-caption alignleft\"><a href=\"http:\/\/caririemdestaque.com\/cd\/wp-content\/uploads\/2017\/10\/17196236280003622710000.jpg\"><img fetchpriority=\"high\" decoding=\"async\" class=\"wp-image-4967 size-medium\" src=\"http:\/\/caririemdestaque.com\/cd\/wp-content\/uploads\/2017\/10\/17196236280003622710000-300x225.jpg\" alt=\"\" width=\"300\" height=\"225\" srcset=\"https:\/\/noticiasemdestaque.com\/cd\/wp-content\/uploads\/2017\/10\/17196236280003622710000-300x225.jpg 300w, https:\/\/noticiasemdestaque.com\/cd\/wp-content\/uploads\/2017\/10\/17196236280003622710000.jpg 362w\" sizes=\"(max-width: 300px) 100vw, 300px\" \/><\/a><figcaption id=\"caption-attachment-4967\" class=\"wp-caption-text\">UPA de Bayeux<\/figcaption><\/figure>\n<p>O ministro da Sa\u00fade, Ricardo Barros, anunciou na manh\u00e3 desta quinta-feira (5) o repasse de recursos federais para custear e qualificar os servi\u00e7os ofertados por 46 Unidades de Pronto Atendimento (UPA 24h) em todo pa\u00eds. A Para\u00edba ter\u00e1 R$ 4,5 milh\u00f5es, por ano, para tr\u00eas UPAs localizadas em Bayeux, Patos, e Souza, para ampliar ou qualificar atendimento.<\/p>\n<p>\u201cA partir de agora, esses munic\u00edpios poder\u00e3o contar com o apoio do governo federal para continuar oferecendo atendimento de qualidade \u00e0 popula\u00e7\u00e3o. Nessa gest\u00e3o, todos os pedidos para habilita\u00e7\u00e3o de UPAs dos munic\u00edpios que entregaram a documenta\u00e7\u00e3o correta foram atendidos. N\u00e3o existe mais nenhuma solicita\u00e7\u00e3o pendente no Minist\u00e9rio\u201d, enfatizou o ministro da Sa\u00fade, Ricardo Barros, durante coletiva.<\/p>\n<p>As UPAs de Bayeux e Patos receber\u00e3o R$ 1.200.000,00 cada, enquanto que para a unidade de Sousa o montante destinado \u00e9 de R$ 2.100.000,00. O objetivo das UPAs \u00e9 prestar atendimento resolutivo e qualificado aos pacientes que est\u00e3o em situa\u00e7\u00e3o de urg\u00eancia e emerg\u00eancia e oferecer os primeiros socorros nos casos de natureza cir\u00fargica e de trauma, estabilizando os pacientes e realizando a investiga\u00e7\u00e3o diagn\u00f3stica inicial de cada caso.<\/p>\n<p>Desta forma, \u00e9 poss\u00edvel encaminhar o paciente de forma referenciada aos servi\u00e7os hospitalares de maior complexidade especializados, reduzindo a superlota\u00e7\u00e3o em hospitais gerais e prontos socorros. Atualmente, 97% dos atendimentos realizados nas unidades t\u00eam resolu\u00e7\u00e3o.<\/p>\n<p>O Minist\u00e9rio da Sa\u00fade ainda monitora periodicamente o avan\u00e7o de novas UPAs, para que comecem efetivamente a funcionar em at\u00e9 90 dias ap\u00f3s a conclus\u00e3o das obras. Para novas constru\u00e7\u00f5es, a pasta investiu R$ 1,5 bilh\u00f5es para 839 unidades. Atualmente 223 UPAS 24 horas est\u00e3o em obras e j\u00e1 com recursos empenhados.<\/p>\n","protected":false},"excerpt":{"rendered":"<p>O ministro da Sa\u00fade, Ricardo Barros, anunciou na manh\u00e3 desta quinta-feira (5) o repasse de recursos federais para custear e qualificar os servi\u00e7os ofertados por 46 Unidades de Pronto Atendimento (UPA 24h) em todo pa\u00eds. A Para\u00edba ter\u00e1 R$ 4,5 milh\u00f5es, por ano, para tr\u00eas UPAs localizadas em Bayeux, Patos, e Souza, para ampliar ou qualificar atendimento. \u201cA partir de agora, esses munic\u00edpios poder\u00e3o contar com o apoio do governo federal para continuar oferecendo atendimento de qualidade \u00e0 popula\u00e7\u00e3o. Nessa gest\u00e3o, todos os pedidos para habilita\u00e7\u00e3o de UPAs dos munic\u00edpios que entregaram a documenta\u00e7\u00e3o correta foram atendidos. N\u00e3o existe mais nenhuma solicita\u00e7\u00e3o pendente no Minist\u00e9rio\u201d, enfatizou o ministro da Sa\u00fade, Ricardo Barros, durante coletiva. As UPAs de Bayeux e Patos receber\u00e3o R$ 1.200.000,00 cada, enquanto que para a unidade de Sousa o montante destinado \u00e9 de R$ 2.100.000,00. O objetivo das UPAs \u00e9 prestar atendimento resolutivo e qualificado aos pacientes que est\u00e3o em situa\u00e7\u00e3o de urg\u00eancia e emerg\u00eancia e oferecer os primeiros socorros nos casos de natureza cir\u00fargica e de trauma, estabilizando os pacientes e realizando a investiga\u00e7\u00e3o diagn\u00f3stica inicial de cada caso. Desta forma, \u00e9 poss\u00edvel encaminhar o paciente de forma referenciada aos servi\u00e7os hospitalares de maior complexidade especializados, reduzindo a superlota\u00e7\u00e3o em hospitais gerais e prontos socorros. Atualmente, 97% dos atendimentos realizados nas unidades t\u00eam resolu\u00e7\u00e3o. O Minist\u00e9rio da Sa\u00fade ainda monitora periodicamente o avan\u00e7o de novas UPAs, para que comecem efetivamente a funcionar em at\u00e9 90 dias ap\u00f3s a conclus\u00e3o das obras. Para novas constru\u00e7\u00f5es, a pasta investiu R$ 1,5 bilh\u00f5es para 839 unidades. Atualmente 223 UPAS 24 horas est\u00e3o em obras e j\u00e1 com recursos empenhados.<\/p>\n","protected":false},"author":2,"featured_media":4967,"comment_status":"closed","ping_status":"open","sticky":false,"template":"","format":"standard","meta":{"_eb_attr":"","_jetpack_memberships_contains_paid_content":false,"footnotes":""},"categories":[8],"tags":[],"class_list":["post-4966","post","type-post","status-publish","format-standard","has-post-thumbnail","hentry","category-saude"],"yoast_head":"<!-- This site is optimized with the Yoast SEO plugin v26.5 - https:\/\/yoast.com\/wordpress\/plugins\/seo\/ -->\n<title>Para\u00edba receber\u00e1 R$ 4,5 milh\u00f5es de recursos federais para UPAs 24 horas - Not&iacute;cias em Destaque<\/title>\n<meta name=\"robots\" content=\"index, follow, max-snippet:-1, max-image-preview:large, max-video-preview:-1\" \/>\n<link rel=\"canonical\" href=\"https:\/\/noticiasemdestaque.com\/cd\/?p=4966\" \/>\n<meta property=\"og:locale\" content=\"pt_BR\" \/>\n<meta property=\"og:type\" content=\"article\" \/>\n<meta property=\"og:title\" content=\"Para\u00edba receber\u00e1 R$ 4,5 milh\u00f5es de recursos federais para UPAs 24 horas - Not&iacute;cias em Destaque\" \/>\n<meta property=\"og:description\" content=\"O ministro da Sa\u00fade, Ricardo Barros, anunciou na manh\u00e3 desta quinta-feira (5) o repasse de recursos federais para custear e qualificar os servi\u00e7os ofertados por 46 Unidades de Pronto Atendimento (UPA 24h) em todo pa\u00eds. A Para\u00edba ter\u00e1 R$ 4,5 milh\u00f5es, por ano, para tr\u00eas UPAs localizadas em Bayeux, Patos, e Souza, para ampliar ou qualificar atendimento. \u201cA partir de agora, esses munic\u00edpios poder\u00e3o contar com o apoio do governo federal para continuar oferecendo atendimento de qualidade \u00e0 popula\u00e7\u00e3o. Nessa gest\u00e3o, todos os pedidos para habilita\u00e7\u00e3o de UPAs dos munic\u00edpios que entregaram a documenta\u00e7\u00e3o correta foram atendidos. N\u00e3o existe mais nenhuma solicita\u00e7\u00e3o pendente no Minist\u00e9rio\u201d, enfatizou o ministro da Sa\u00fade, Ricardo Barros, durante coletiva. As UPAs de Bayeux e Patos receber\u00e3o R$ 1.200.000,00 cada, enquanto que para a unidade de Sousa o montante destinado \u00e9 de R$ 2.100.000,00. O objetivo das UPAs \u00e9 prestar atendimento resolutivo e qualificado aos pacientes que est\u00e3o em situa\u00e7\u00e3o de urg\u00eancia e emerg\u00eancia e oferecer os primeiros socorros nos casos de natureza cir\u00fargica e de trauma, estabilizando os pacientes e realizando a investiga\u00e7\u00e3o diagn\u00f3stica inicial de cada caso. Desta forma, \u00e9 poss\u00edvel encaminhar o paciente de forma referenciada aos servi\u00e7os hospitalares de maior complexidade especializados, reduzindo a superlota\u00e7\u00e3o em hospitais gerais e prontos socorros. Atualmente, 97% dos atendimentos realizados nas unidades t\u00eam resolu\u00e7\u00e3o. O Minist\u00e9rio da Sa\u00fade ainda monitora periodicamente o avan\u00e7o de novas UPAs, para que comecem efetivamente a funcionar em at\u00e9 90 dias ap\u00f3s a conclus\u00e3o das obras. Para novas constru\u00e7\u00f5es, a pasta investiu R$ 1,5 bilh\u00f5es para 839 unidades. Atualmente 223 UPAS 24 horas est\u00e3o em obras e j\u00e1 com recursos empenhados.\" \/>\n<meta property=\"og:url\" content=\"https:\/\/noticiasemdestaque.com\/cd\/?p=4966\" \/>\n<meta property=\"og:site_name\" content=\"Not&iacute;cias em Destaque\" \/>\n<meta property=\"article:published_time\" content=\"2017-10-06T10:31:27+00:00\" \/>\n<meta property=\"article:modified_time\" content=\"2017-10-06T10:33:43+00:00\" \/>\n<meta property=\"og:image\" content=\"https:\/\/noticiasemdestaque.com\/cd\/wp-content\/uploads\/2017\/10\/17196236280003622710000.jpg\" \/>\n\t<meta property=\"og:image:width\" content=\"362\" \/>\n\t<meta property=\"og:image:height\" content=\"271\" \/>\n\t<meta property=\"og:image:type\" content=\"image\/jpeg\" \/>\n<meta name=\"author\" content=\"Not\u00edcias em Destaque\" \/>\n<meta name=\"twitter:card\" content=\"summary_large_image\" \/>\n<meta name=\"twitter:label1\" content=\"Escrito por\" \/>\n\t<meta name=\"twitter:data1\" content=\"Not\u00edcias em Destaque\" \/>\n\t<meta name=\"twitter:label2\" content=\"Est. tempo de leitura\" \/>\n\t<meta name=\"twitter:data2\" content=\"2 minutos\" \/>\n<script type=\"application\/ld+json\" class=\"yoast-schema-graph\">{\"@context\":\"https:\/\/schema.org\",\"@graph\":[{\"@type\":\"Article\",\"@id\":\"https:\/\/noticiasemdestaque.com\/cd\/?p=4966#article\",\"isPartOf\":{\"@id\":\"https:\/\/noticiasemdestaque.com\/cd\/?p=4966\"},\"author\":{\"name\":\"Not\u00edcias em Destaque\",\"@id\":\"https:\/\/noticiasemdestaque.com\/cd\/#\/schema\/person\/21320b03a7e8bb90128938dafc9b908a\"},\"headline\":\"Para\u00edba receber\u00e1 R$ 4,5 milh\u00f5es de recursos federais para UPAs 24 horas\",\"datePublished\":\"2017-10-06T10:31:27+00:00\",\"dateModified\":\"2017-10-06T10:33:43+00:00\",\"mainEntityOfPage\":{\"@id\":\"https:\/\/noticiasemdestaque.com\/cd\/?p=4966\"},\"wordCount\":315,\"publisher\":{\"@id\":\"https:\/\/noticiasemdestaque.com\/cd\/#organization\"},\"image\":{\"@id\":\"https:\/\/noticiasemdestaque.com\/cd\/?p=4966#primaryimage\"},\"thumbnailUrl\":\"https:\/\/noticiasemdestaque.com\/cd\/wp-content\/uploads\/2017\/10\/17196236280003622710000.jpg\",\"articleSection\":[\"Sa\u00fade\"],\"inLanguage\":\"pt-BR\"},{\"@type\":\"WebPage\",\"@id\":\"https:\/\/noticiasemdestaque.com\/cd\/?p=4966\",\"url\":\"https:\/\/noticiasemdestaque.com\/cd\/?p=4966\",\"name\":\"Para\u00edba receber\u00e1 R$ 4,5 milh\u00f5es de recursos federais para UPAs 24 horas - Not&iacute;cias em Destaque\",\"isPartOf\":{\"@id\":\"https:\/\/noticiasemdestaque.com\/cd\/#website\"},\"primaryImageOfPage\":{\"@id\":\"https:\/\/noticiasemdestaque.com\/cd\/?p=4966#primaryimage\"},\"image\":{\"@id\":\"https:\/\/noticiasemdestaque.com\/cd\/?p=4966#primaryimage\"},\"thumbnailUrl\":\"https:\/\/noticiasemdestaque.com\/cd\/wp-content\/uploads\/2017\/10\/17196236280003622710000.jpg\",\"datePublished\":\"2017-10-06T10:31:27+00:00\",\"dateModified\":\"2017-10-06T10:33:43+00:00\",\"breadcrumb\":{\"@id\":\"https:\/\/noticiasemdestaque.com\/cd\/?p=4966#breadcrumb\"},\"inLanguage\":\"pt-BR\",\"potentialAction\":[{\"@type\":\"ReadAction\",\"target\":[\"https:\/\/noticiasemdestaque.com\/cd\/?p=4966\"]}]},{\"@type\":\"ImageObject\",\"inLanguage\":\"pt-BR\",\"@id\":\"https:\/\/noticiasemdestaque.com\/cd\/?p=4966#primaryimage\",\"url\":\"https:\/\/noticiasemdestaque.com\/cd\/wp-content\/uploads\/2017\/10\/17196236280003622710000.jpg\",\"contentUrl\":\"https:\/\/noticiasemdestaque.com\/cd\/wp-content\/uploads\/2017\/10\/17196236280003622710000.jpg\",\"width\":362,\"height\":271,\"caption\":\"UPA de Bayeux\"},{\"@type\":\"BreadcrumbList\",\"@id\":\"https:\/\/noticiasemdestaque.com\/cd\/?p=4966#breadcrumb\",\"itemListElement\":[{\"@type\":\"ListItem\",\"position\":1,\"name\":\"In\u00edcio\",\"item\":\"https:\/\/noticiasemdestaque.com\/cd\/\"},{\"@type\":\"ListItem\",\"position\":2,\"name\":\"Para\u00edba receber\u00e1 R$ 4,5 milh\u00f5es de recursos federais para UPAs 24 horas\"}]},{\"@type\":\"WebSite\",\"@id\":\"https:\/\/noticiasemdestaque.com\/cd\/#website\",\"url\":\"https:\/\/noticiasemdestaque.com\/cd\/\",\"name\":\"Not&iacute;cias em Destaque\",\"description\":\"\",\"publisher\":{\"@id\":\"https:\/\/noticiasemdestaque.com\/cd\/#organization\"},\"potentialAction\":[{\"@type\":\"SearchAction\",\"target\":{\"@type\":\"EntryPoint\",\"urlTemplate\":\"https:\/\/noticiasemdestaque.com\/cd\/?s={search_term_string}\"},\"query-input\":{\"@type\":\"PropertyValueSpecification\",\"valueRequired\":true,\"valueName\":\"search_term_string\"}}],\"inLanguage\":\"pt-BR\"},{\"@type\":\"Organization\",\"@id\":\"https:\/\/noticiasemdestaque.com\/cd\/#organization\",\"name\":\"Not\u00edcias em Destaque\",\"url\":\"https:\/\/noticiasemdestaque.com\/cd\/\",\"logo\":{\"@type\":\"ImageObject\",\"inLanguage\":\"pt-BR\",\"@id\":\"https:\/\/noticiasemdestaque.com\/cd\/#\/schema\/logo\/image\/\",\"url\":\"https:\/\/noticiasemdestaque.com\/cd\/wp-content\/uploads\/2022\/05\/imagem-base-noticiasemdestaque.png\",\"contentUrl\":\"https:\/\/noticiasemdestaque.com\/cd\/wp-content\/uploads\/2022\/05\/imagem-base-noticiasemdestaque.png\",\"width\":1200,\"height\":630,\"caption\":\"Not\u00edcias em Destaque\"},\"image\":{\"@id\":\"https:\/\/noticiasemdestaque.com\/cd\/#\/schema\/logo\/image\/\"}},{\"@type\":\"Person\",\"@id\":\"https:\/\/noticiasemdestaque.com\/cd\/#\/schema\/person\/21320b03a7e8bb90128938dafc9b908a\",\"name\":\"Not\u00edcias em Destaque\",\"url\":\"https:\/\/noticiasemdestaque.com\/cd\/?author=2\"}]}<\/script>\n<!-- \/ Yoast SEO plugin. -->","yoast_head_json":{"title":"Para\u00edba receber\u00e1 R$ 4,5 milh\u00f5es de recursos federais para UPAs 24 horas - Not&iacute;cias em Destaque","robots":{"index":"index","follow":"follow","max-snippet":"max-snippet:-1","max-image-preview":"max-image-preview:large","max-video-preview":"max-video-preview:-1"},"canonical":"https:\/\/noticiasemdestaque.com\/cd\/?p=4966","og_locale":"pt_BR","og_type":"article","og_title":"Para\u00edba receber\u00e1 R$ 4,5 milh\u00f5es de recursos federais para UPAs 24 horas - Not&iacute;cias em Destaque","og_description":"O ministro da Sa\u00fade, Ricardo Barros, anunciou na manh\u00e3 desta quinta-feira (5) o repasse de recursos federais para custear e qualificar os servi\u00e7os ofertados por 46 Unidades de Pronto Atendimento (UPA 24h) em todo pa\u00eds. A Para\u00edba ter\u00e1 R$ 4,5 milh\u00f5es, por ano, para tr\u00eas UPAs localizadas em Bayeux, Patos, e Souza, para ampliar ou qualificar atendimento. \u201cA partir de agora, esses munic\u00edpios poder\u00e3o contar com o apoio do governo federal para continuar oferecendo atendimento de qualidade \u00e0 popula\u00e7\u00e3o. Nessa gest\u00e3o, todos os pedidos para habilita\u00e7\u00e3o de UPAs dos munic\u00edpios que entregaram a documenta\u00e7\u00e3o correta foram atendidos. N\u00e3o existe mais nenhuma solicita\u00e7\u00e3o pendente no Minist\u00e9rio\u201d, enfatizou o ministro da Sa\u00fade, Ricardo Barros, durante coletiva. As UPAs de Bayeux e Patos receber\u00e3o R$ 1.200.000,00 cada, enquanto que para a unidade de Sousa o montante destinado \u00e9 de R$ 2.100.000,00. O objetivo das UPAs \u00e9 prestar atendimento resolutivo e qualificado aos pacientes que est\u00e3o em situa\u00e7\u00e3o de urg\u00eancia e emerg\u00eancia e oferecer os primeiros socorros nos casos de natureza cir\u00fargica e de trauma, estabilizando os pacientes e realizando a investiga\u00e7\u00e3o diagn\u00f3stica inicial de cada caso. Desta forma, \u00e9 poss\u00edvel encaminhar o paciente de forma referenciada aos servi\u00e7os hospitalares de maior complexidade especializados, reduzindo a superlota\u00e7\u00e3o em hospitais gerais e prontos socorros. Atualmente, 97% dos atendimentos realizados nas unidades t\u00eam resolu\u00e7\u00e3o. O Minist\u00e9rio da Sa\u00fade ainda monitora periodicamente o avan\u00e7o de novas UPAs, para que comecem efetivamente a funcionar em at\u00e9 90 dias ap\u00f3s a conclus\u00e3o das obras. Para novas constru\u00e7\u00f5es, a pasta investiu R$ 1,5 bilh\u00f5es para 839 unidades. Atualmente 223 UPAS 24 horas est\u00e3o em obras e j\u00e1 com recursos empenhados.","og_url":"https:\/\/noticiasemdestaque.com\/cd\/?p=4966","og_site_name":"Not&iacute;cias em Destaque","article_published_time":"2017-10-06T10:31:27+00:00","article_modified_time":"2017-10-06T10:33:43+00:00","og_image":[{"width":362,"height":271,"url":"https:\/\/noticiasemdestaque.com\/cd\/wp-content\/uploads\/2017\/10\/17196236280003622710000.jpg","type":"image\/jpeg"}],"author":"Not\u00edcias em Destaque","twitter_card":"summary_large_image","twitter_misc":{"Escrito por":"Not\u00edcias em Destaque","Est. tempo de leitura":"2 minutos"},"schema":{"@context":"https:\/\/schema.org","@graph":[{"@type":"Article","@id":"https:\/\/noticiasemdestaque.com\/cd\/?p=4966#article","isPartOf":{"@id":"https:\/\/noticiasemdestaque.com\/cd\/?p=4966"},"author":{"name":"Not\u00edcias em Destaque","@id":"https:\/\/noticiasemdestaque.com\/cd\/#\/schema\/person\/21320b03a7e8bb90128938dafc9b908a"},"headline":"Para\u00edba receber\u00e1 R$ 4,5 milh\u00f5es de recursos federais para UPAs 24 horas","datePublished":"2017-10-06T10:31:27+00:00","dateModified":"2017-10-06T10:33:43+00:00","mainEntityOfPage":{"@id":"https:\/\/noticiasemdestaque.com\/cd\/?p=4966"},"wordCount":315,"publisher":{"@id":"https:\/\/noticiasemdestaque.com\/cd\/#organization"},"image":{"@id":"https:\/\/noticiasemdestaque.com\/cd\/?p=4966#primaryimage"},"thumbnailUrl":"https:\/\/noticiasemdestaque.com\/cd\/wp-content\/uploads\/2017\/10\/17196236280003622710000.jpg","articleSection":["Sa\u00fade"],"inLanguage":"pt-BR"},{"@type":"WebPage","@id":"https:\/\/noticiasemdestaque.com\/cd\/?p=4966","url":"https:\/\/noticiasemdestaque.com\/cd\/?p=4966","name":"Para\u00edba receber\u00e1 R$ 4,5 milh\u00f5es de recursos federais para UPAs 24 horas - Not&iacute;cias em Destaque","isPartOf":{"@id":"https:\/\/noticiasemdestaque.com\/cd\/#website"},"primaryImageOfPage":{"@id":"https:\/\/noticiasemdestaque.com\/cd\/?p=4966#primaryimage"},"image":{"@id":"https:\/\/noticiasemdestaque.com\/cd\/?p=4966#primaryimage"},"thumbnailUrl":"https:\/\/noticiasemdestaque.com\/cd\/wp-content\/uploads\/2017\/10\/17196236280003622710000.jpg","datePublished":"2017-10-06T10:31:27+00:00","dateModified":"2017-10-06T10:33:43+00:00","breadcrumb":{"@id":"https:\/\/noticiasemdestaque.com\/cd\/?p=4966#breadcrumb"},"inLanguage":"pt-BR","potentialAction":[{"@type":"ReadAction","target":["https:\/\/noticiasemdestaque.com\/cd\/?p=4966"]}]},{"@type":"ImageObject","inLanguage":"pt-BR","@id":"https:\/\/noticiasemdestaque.com\/cd\/?p=4966#primaryimage","url":"https:\/\/noticiasemdestaque.com\/cd\/wp-content\/uploads\/2017\/10\/17196236280003622710000.jpg","contentUrl":"https:\/\/noticiasemdestaque.com\/cd\/wp-content\/uploads\/2017\/10\/17196236280003622710000.jpg","width":362,"height":271,"caption":"UPA de Bayeux"},{"@type":"BreadcrumbList","@id":"https:\/\/noticiasemdestaque.com\/cd\/?p=4966#breadcrumb","itemListElement":[{"@type":"ListItem","position":1,"name":"In\u00edcio","item":"https:\/\/noticiasemdestaque.com\/cd\/"},{"@type":"ListItem","position":2,"name":"Para\u00edba receber\u00e1 R$ 4,5 milh\u00f5es de recursos federais para UPAs 24 horas"}]},{"@type":"WebSite","@id":"https:\/\/noticiasemdestaque.com\/cd\/#website","url":"https:\/\/noticiasemdestaque.com\/cd\/","name":"Not&iacute;cias em Destaque","description":"","publisher":{"@id":"https:\/\/noticiasemdestaque.com\/cd\/#organization"},"potentialAction":[{"@type":"SearchAction","target":{"@type":"EntryPoint","urlTemplate":"https:\/\/noticiasemdestaque.com\/cd\/?s={search_term_string}"},"query-input":{"@type":"PropertyValueSpecification","valueRequired":true,"valueName":"search_term_string"}}],"inLanguage":"pt-BR"},{"@type":"Organization","@id":"https:\/\/noticiasemdestaque.com\/cd\/#organization","name":"Not\u00edcias em Destaque","url":"https:\/\/noticiasemdestaque.com\/cd\/","logo":{"@type":"ImageObject","inLanguage":"pt-BR","@id":"https:\/\/noticiasemdestaque.com\/cd\/#\/schema\/logo\/image\/","url":"https:\/\/noticiasemdestaque.com\/cd\/wp-content\/uploads\/2022\/05\/imagem-base-noticiasemdestaque.png","contentUrl":"https:\/\/noticiasemdestaque.com\/cd\/wp-content\/uploads\/2022\/05\/imagem-base-noticiasemdestaque.png","width":1200,"height":630,"caption":"Not\u00edcias em Destaque"},"image":{"@id":"https:\/\/noticiasemdestaque.com\/cd\/#\/schema\/logo\/image\/"}},{"@type":"Person","@id":"https:\/\/noticiasemdestaque.com\/cd\/#\/schema\/person\/21320b03a7e8bb90128938dafc9b908a","name":"Not\u00edcias em Destaque","url":"https:\/\/noticiasemdestaque.com\/cd\/?author=2"}]}},"jetpack_featured_media_url":"https:\/\/noticiasemdestaque.com\/cd\/wp-content\/uploads\/2017\/10\/17196236280003622710000.jpg","jetpack_sharing_enabled":true,"_links":{"self":[{"href":"https:\/\/noticiasemdestaque.com\/cd\/index.php?rest_route=\/wp\/v2\/posts\/4966","targetHints":{"allow":["GET"]}}],"collection":[{"href":"https:\/\/noticiasemdestaque.com\/cd\/index.php?rest_route=\/wp\/v2\/posts"}],"about":[{"href":"https:\/\/noticiasemdestaque.com\/cd\/index.php?rest_route=\/wp\/v2\/types\/post"}],"author":[{"embeddable":true,"href":"https:\/\/noticiasemdestaque.com\/cd\/index.php?rest_route=\/wp\/v2\/users\/2"}],"replies":[{"embeddable":true,"href":"https:\/\/noticiasemdestaque.com\/cd\/index.php?rest_route=%2Fwp%2Fv2%2Fcomments&post=4966"}],"version-history":[{"count":2,"href":"https:\/\/noticiasemdestaque.com\/cd\/index.php?rest_route=\/wp\/v2\/posts\/4966\/revisions"}],"predecessor-version":[{"id":4970,"href":"https:\/\/noticiasemdestaque.com\/cd\/index.php?rest_route=\/wp\/v2\/posts\/4966\/revisions\/4970"}],"wp:featuredmedia":[{"embeddable":true,"href":"https:\/\/noticiasemdestaque.com\/cd\/index.php?rest_route=\/wp\/v2\/media\/4967"}],"wp:attachment":[{"href":"https:\/\/noticiasemdestaque.com\/cd\/index.php?rest_route=%2Fwp%2Fv2%2Fmedia&parent=4966"}],"wp:term":[{"taxonomy":"category","embeddable":true,"href":"https:\/\/noticiasemdestaque.com\/cd\/index.php?rest_route=%2Fwp%2Fv2%2Fcategories&post=4966"},{"taxonomy":"post_tag","embeddable":true,"href":"https:\/\/noticiasemdestaque.com\/cd\/index.php?rest_route=%2Fwp%2Fv2%2Ftags&post=4966"}],"curies":[{"name":"wp","href":"https:\/\/api.w.org\/{rel}","templated":true}]}}