{"id":4963,"date":"2017-10-06T09:20:41","date_gmt":"2017-10-06T12:20:41","guid":{"rendered":"http:\/\/caririemdestaque.com\/cd\/?p=4963"},"modified":"2017-10-06T09:21:50","modified_gmt":"2017-10-06T12:21:50","slug":"governo-do-estado-realiza-mutirao-de-cirurgias-de-cataratas-destinadas-as-pessoas-de-16-municipios-do-cariri","status":"publish","type":"post","link":"https:\/\/noticiasemdestaque.com\/cd\/?p=4963","title":{"rendered":"Governo do Estado realiza mutir\u00e3o de Cirurgias de Cataratas destinadas as pessoas de 16 Munic\u00edpios do Cariri"},"content":{"rendered":"<p><a href=\"http:\/\/caririemdestaque.com\/cd\/wp-content\/uploads\/2017\/10\/cirurgia-catarata-foto-mary-leal-2jpg.jpg\"><img fetchpriority=\"high\" decoding=\"async\" class=\"wp-image-4964 size-medium alignleft\" src=\"http:\/\/caririemdestaque.com\/cd\/wp-content\/uploads\/2017\/10\/cirurgia-catarata-foto-mary-leal-2jpg-300x199.jpg\" alt=\"\" width=\"300\" height=\"199\" srcset=\"https:\/\/noticiasemdestaque.com\/cd\/wp-content\/uploads\/2017\/10\/cirurgia-catarata-foto-mary-leal-2jpg-300x199.jpg 300w, https:\/\/noticiasemdestaque.com\/cd\/wp-content\/uploads\/2017\/10\/cirurgia-catarata-foto-mary-leal-2jpg-768x510.jpg 768w, https:\/\/noticiasemdestaque.com\/cd\/wp-content\/uploads\/2017\/10\/cirurgia-catarata-foto-mary-leal-2jpg-1024x680.jpg 1024w, https:\/\/noticiasemdestaque.com\/cd\/wp-content\/uploads\/2017\/10\/cirurgia-catarata-foto-mary-leal-2jpg-480x320.jpg 480w\" sizes=\"(max-width: 300px) 100vw, 300px\" \/><\/a>O Governo do Estado da Para\u00edba, atrav\u00e9s da Secretaria Estadual de Sa\u00fade, ir\u00e1 promover um mutir\u00e3o de Cirurgias de Cataratas, as quais est\u00e3o marcadas para os dias 18,19 e 20 de Novembro, e ser\u00e3o realizadas no Hospital Regional Santa Filomena, pelo M\u00e9dico Dr. Daniel Stropp, em Monteiro &#8211; Munic\u00edpio de sede Regional de Sa\u00fade.<\/p>\n<p>Segundo informa\u00e7\u00f5es apuradas pelo o Cariri em Destaque, os 16 munic\u00edpios da Regi\u00e3o do Cariri que poder\u00e3o encaminhar as pessoas para as Cirurgias s\u00e3o: Amparo, Camala\u00fa, Cara\u00fabas, Congo, Coxixola, Monteiro, Ouro Velho , Parari, Prata, S\u00e3o Jo\u00e3o do Cariri, S\u00e3o Jos\u00e9 dos Cordeiros, S\u00e3o Jo\u00e3o do Tigre, Serra Branca, S\u00e3o Sebasti\u00e3o do Umbuzeiro, Sum\u00e9 e Gurj\u00e3o.<\/p>\n<p>Para as pessoas terem direito a Cirurgia, \u00e9 necess\u00e1rio procurar no seu Munic\u00edpio a Secretaria de Sa\u00fade, para fazer um cadastrado e assim ser contemplado.<\/p>\n<p>Segundo Lotten Eyes Clinica Oftalmol\u00f3gica, \u201ca Cirurgia de Catarata consiste na quebra e aspira\u00e7\u00e3o do cristalino opaco utilizando-se um aparelho com ultrassom (Faco-emulsifica\u00e7\u00e3o). Ap\u00f3s a retirada da catarata, implanta-se a lente intra-ocular dobr\u00e1vel atrav\u00e9s de uma microincis\u00e3o (entre 2,4-2,8 mm) realizada na c\u00f3rnea.\u201d<\/p>\n<p><em><strong>Cariri em Destaque<\/strong><\/em><\/p>\n<p>&nbsp;<\/p>\n","protected":false},"excerpt":{"rendered":"<p>O Governo do Estado da Para\u00edba, atrav\u00e9s da Secretaria Estadual de Sa\u00fade, ir\u00e1 promover um mutir\u00e3o de Cirurgias de Cataratas, as quais est\u00e3o marcadas para os dias 18,19 e 20 de Novembro, e ser\u00e3o realizadas no Hospital Regional Santa Filomena, pelo M\u00e9dico Dr. Daniel Stropp, em Monteiro &#8211; Munic\u00edpio de sede Regional de Sa\u00fade. Segundo informa\u00e7\u00f5es apuradas pelo o Cariri em Destaque, os 16 munic\u00edpios da Regi\u00e3o do Cariri que poder\u00e3o encaminhar as pessoas para as Cirurgias s\u00e3o: Amparo, Camala\u00fa, Cara\u00fabas, Congo, Coxixola, Monteiro, Ouro Velho , Parari, Prata, S\u00e3o Jo\u00e3o do Cariri, S\u00e3o Jos\u00e9 dos Cordeiros, S\u00e3o Jo\u00e3o do Tigre, Serra Branca, S\u00e3o Sebasti\u00e3o do Umbuzeiro, Sum\u00e9 e Gurj\u00e3o. Para as pessoas terem direito a Cirurgia, \u00e9 necess\u00e1rio procurar no seu Munic\u00edpio a Secretaria de Sa\u00fade, para fazer um cadastrado e assim ser contemplado. Segundo Lotten Eyes Clinica Oftalmol\u00f3gica, \u201ca Cirurgia de Catarata consiste na quebra e aspira\u00e7\u00e3o do cristalino opaco utilizando-se um aparelho com ultrassom (Faco-emulsifica\u00e7\u00e3o). Ap\u00f3s a retirada da catarata, implanta-se a lente intra-ocular dobr\u00e1vel atrav\u00e9s de uma microincis\u00e3o (entre 2,4-2,8 mm) realizada na c\u00f3rnea.\u201d Cariri em Destaque &nbsp;<\/p>\n","protected":false},"author":2,"featured_media":4964,"comment_status":"closed","ping_status":"open","sticky":false,"template":"","format":"standard","meta":{"_eb_attr":"","_jetpack_memberships_contains_paid_content":false,"footnotes":""},"categories":[3],"tags":[],"class_list":["post-4963","post","type-post","status-publish","format-standard","has-post-thumbnail","hentry","category-cidades"],"yoast_head":"<!-- This site is optimized with the Yoast SEO plugin v26.5 - https:\/\/yoast.com\/wordpress\/plugins\/seo\/ -->\n<title>Governo do Estado realiza mutir\u00e3o de Cirurgias de Cataratas destinadas as pessoas de 16 Munic\u00edpios do Cariri - Not&iacute;cias em Destaque<\/title>\n<meta name=\"robots\" content=\"index, follow, max-snippet:-1, max-image-preview:large, max-video-preview:-1\" \/>\n<link rel=\"canonical\" href=\"https:\/\/noticiasemdestaque.com\/cd\/?p=4963\" \/>\n<meta property=\"og:locale\" content=\"pt_BR\" \/>\n<meta property=\"og:type\" content=\"article\" \/>\n<meta property=\"og:title\" content=\"Governo do Estado realiza mutir\u00e3o de Cirurgias de Cataratas destinadas as pessoas de 16 Munic\u00edpios do Cariri - Not&iacute;cias em Destaque\" \/>\n<meta property=\"og:description\" content=\"O Governo do Estado da Para\u00edba, atrav\u00e9s da Secretaria Estadual de Sa\u00fade, ir\u00e1 promover um mutir\u00e3o de Cirurgias de Cataratas, as quais est\u00e3o marcadas para os dias 18,19 e 20 de Novembro, e ser\u00e3o realizadas no Hospital Regional Santa Filomena, pelo M\u00e9dico Dr. Daniel Stropp, em Monteiro &#8211; Munic\u00edpio de sede Regional de Sa\u00fade. Segundo informa\u00e7\u00f5es apuradas pelo o Cariri em Destaque, os 16 munic\u00edpios da Regi\u00e3o do Cariri que poder\u00e3o encaminhar as pessoas para as Cirurgias s\u00e3o: Amparo, Camala\u00fa, Cara\u00fabas, Congo, Coxixola, Monteiro, Ouro Velho , Parari, Prata, S\u00e3o Jo\u00e3o do Cariri, S\u00e3o Jos\u00e9 dos Cordeiros, S\u00e3o Jo\u00e3o do Tigre, Serra Branca, S\u00e3o Sebasti\u00e3o do Umbuzeiro, Sum\u00e9 e Gurj\u00e3o. Para as pessoas terem direito a Cirurgia, \u00e9 necess\u00e1rio procurar no seu Munic\u00edpio a Secretaria de Sa\u00fade, para fazer um cadastrado e assim ser contemplado. Segundo Lotten Eyes Clinica Oftalmol\u00f3gica, \u201ca Cirurgia de Catarata consiste na quebra e aspira\u00e7\u00e3o do cristalino opaco utilizando-se um aparelho com ultrassom (Faco-emulsifica\u00e7\u00e3o). Ap\u00f3s a retirada da catarata, implanta-se a lente intra-ocular dobr\u00e1vel atrav\u00e9s de uma microincis\u00e3o (entre 2,4-2,8 mm) realizada na c\u00f3rnea.\u201d Cariri em Destaque &nbsp;\" \/>\n<meta property=\"og:url\" content=\"https:\/\/noticiasemdestaque.com\/cd\/?p=4963\" \/>\n<meta property=\"og:site_name\" content=\"Not&iacute;cias em Destaque\" \/>\n<meta property=\"article:published_time\" content=\"2017-10-06T12:20:41+00:00\" \/>\n<meta property=\"article:modified_time\" content=\"2017-10-06T12:21:50+00:00\" \/>\n<meta property=\"og:image\" content=\"https:\/\/noticiasemdestaque.com\/cd\/wp-content\/uploads\/2017\/10\/cirurgia-catarata-foto-mary-leal-2jpg.jpg\" \/>\n\t<meta property=\"og:image:width\" content=\"3216\" \/>\n\t<meta property=\"og:image:height\" content=\"2136\" \/>\n\t<meta property=\"og:image:type\" content=\"image\/jpeg\" \/>\n<meta name=\"author\" content=\"Not\u00edcias em Destaque\" \/>\n<meta name=\"twitter:card\" content=\"summary_large_image\" \/>\n<meta name=\"twitter:label1\" content=\"Escrito por\" \/>\n\t<meta name=\"twitter:data1\" content=\"Not\u00edcias em Destaque\" \/>\n\t<meta name=\"twitter:label2\" content=\"Est. tempo de leitura\" \/>\n\t<meta name=\"twitter:data2\" content=\"1 minuto\" \/>\n<script type=\"application\/ld+json\" class=\"yoast-schema-graph\">{\"@context\":\"https:\/\/schema.org\",\"@graph\":[{\"@type\":\"Article\",\"@id\":\"https:\/\/noticiasemdestaque.com\/cd\/?p=4963#article\",\"isPartOf\":{\"@id\":\"https:\/\/noticiasemdestaque.com\/cd\/?p=4963\"},\"author\":{\"name\":\"Not\u00edcias em Destaque\",\"@id\":\"https:\/\/noticiasemdestaque.com\/cd\/#\/schema\/person\/21320b03a7e8bb90128938dafc9b908a\"},\"headline\":\"Governo do Estado realiza mutir\u00e3o de Cirurgias de Cataratas destinadas as pessoas de 16 Munic\u00edpios do Cariri\",\"datePublished\":\"2017-10-06T12:20:41+00:00\",\"dateModified\":\"2017-10-06T12:21:50+00:00\",\"mainEntityOfPage\":{\"@id\":\"https:\/\/noticiasemdestaque.com\/cd\/?p=4963\"},\"wordCount\":229,\"publisher\":{\"@id\":\"https:\/\/noticiasemdestaque.com\/cd\/#organization\"},\"image\":{\"@id\":\"https:\/\/noticiasemdestaque.com\/cd\/?p=4963#primaryimage\"},\"thumbnailUrl\":\"https:\/\/noticiasemdestaque.com\/cd\/wp-content\/uploads\/2017\/10\/cirurgia-catarata-foto-mary-leal-2jpg.jpg\",\"articleSection\":[\"Cidades\"],\"inLanguage\":\"pt-BR\"},{\"@type\":\"WebPage\",\"@id\":\"https:\/\/noticiasemdestaque.com\/cd\/?p=4963\",\"url\":\"https:\/\/noticiasemdestaque.com\/cd\/?p=4963\",\"name\":\"Governo do Estado realiza mutir\u00e3o de Cirurgias de Cataratas destinadas as pessoas de 16 Munic\u00edpios do Cariri - Not&iacute;cias em Destaque\",\"isPartOf\":{\"@id\":\"https:\/\/noticiasemdestaque.com\/cd\/#website\"},\"primaryImageOfPage\":{\"@id\":\"https:\/\/noticiasemdestaque.com\/cd\/?p=4963#primaryimage\"},\"image\":{\"@id\":\"https:\/\/noticiasemdestaque.com\/cd\/?p=4963#primaryimage\"},\"thumbnailUrl\":\"https:\/\/noticiasemdestaque.com\/cd\/wp-content\/uploads\/2017\/10\/cirurgia-catarata-foto-mary-leal-2jpg.jpg\",\"datePublished\":\"2017-10-06T12:20:41+00:00\",\"dateModified\":\"2017-10-06T12:21:50+00:00\",\"breadcrumb\":{\"@id\":\"https:\/\/noticiasemdestaque.com\/cd\/?p=4963#breadcrumb\"},\"inLanguage\":\"pt-BR\",\"potentialAction\":[{\"@type\":\"ReadAction\",\"target\":[\"https:\/\/noticiasemdestaque.com\/cd\/?p=4963\"]}]},{\"@type\":\"ImageObject\",\"inLanguage\":\"pt-BR\",\"@id\":\"https:\/\/noticiasemdestaque.com\/cd\/?p=4963#primaryimage\",\"url\":\"https:\/\/noticiasemdestaque.com\/cd\/wp-content\/uploads\/2017\/10\/cirurgia-catarata-foto-mary-leal-2jpg.jpg\",\"contentUrl\":\"https:\/\/noticiasemdestaque.com\/cd\/wp-content\/uploads\/2017\/10\/cirurgia-catarata-foto-mary-leal-2jpg.jpg\",\"width\":3216,\"height\":2136},{\"@type\":\"BreadcrumbList\",\"@id\":\"https:\/\/noticiasemdestaque.com\/cd\/?p=4963#breadcrumb\",\"itemListElement\":[{\"@type\":\"ListItem\",\"position\":1,\"name\":\"In\u00edcio\",\"item\":\"https:\/\/noticiasemdestaque.com\/cd\/\"},{\"@type\":\"ListItem\",\"position\":2,\"name\":\"Governo do Estado realiza mutir\u00e3o de Cirurgias de Cataratas destinadas as pessoas de 16 Munic\u00edpios do Cariri\"}]},{\"@type\":\"WebSite\",\"@id\":\"https:\/\/noticiasemdestaque.com\/cd\/#website\",\"url\":\"https:\/\/noticiasemdestaque.com\/cd\/\",\"name\":\"Not&iacute;cias em Destaque\",\"description\":\"\",\"publisher\":{\"@id\":\"https:\/\/noticiasemdestaque.com\/cd\/#organization\"},\"potentialAction\":[{\"@type\":\"SearchAction\",\"target\":{\"@type\":\"EntryPoint\",\"urlTemplate\":\"https:\/\/noticiasemdestaque.com\/cd\/?s={search_term_string}\"},\"query-input\":{\"@type\":\"PropertyValueSpecification\",\"valueRequired\":true,\"valueName\":\"search_term_string\"}}],\"inLanguage\":\"pt-BR\"},{\"@type\":\"Organization\",\"@id\":\"https:\/\/noticiasemdestaque.com\/cd\/#organization\",\"name\":\"Not\u00edcias em Destaque\",\"url\":\"https:\/\/noticiasemdestaque.com\/cd\/\",\"logo\":{\"@type\":\"ImageObject\",\"inLanguage\":\"pt-BR\",\"@id\":\"https:\/\/noticiasemdestaque.com\/cd\/#\/schema\/logo\/image\/\",\"url\":\"https:\/\/noticiasemdestaque.com\/cd\/wp-content\/uploads\/2022\/05\/imagem-base-noticiasemdestaque.png\",\"contentUrl\":\"https:\/\/noticiasemdestaque.com\/cd\/wp-content\/uploads\/2022\/05\/imagem-base-noticiasemdestaque.png\",\"width\":1200,\"height\":630,\"caption\":\"Not\u00edcias em Destaque\"},\"image\":{\"@id\":\"https:\/\/noticiasemdestaque.com\/cd\/#\/schema\/logo\/image\/\"}},{\"@type\":\"Person\",\"@id\":\"https:\/\/noticiasemdestaque.com\/cd\/#\/schema\/person\/21320b03a7e8bb90128938dafc9b908a\",\"name\":\"Not\u00edcias em Destaque\",\"url\":\"https:\/\/noticiasemdestaque.com\/cd\/?author=2\"}]}<\/script>\n<!-- \/ Yoast SEO plugin. -->","yoast_head_json":{"title":"Governo do Estado realiza mutir\u00e3o de Cirurgias de Cataratas destinadas as pessoas de 16 Munic\u00edpios do Cariri - Not&iacute;cias em Destaque","robots":{"index":"index","follow":"follow","max-snippet":"max-snippet:-1","max-image-preview":"max-image-preview:large","max-video-preview":"max-video-preview:-1"},"canonical":"https:\/\/noticiasemdestaque.com\/cd\/?p=4963","og_locale":"pt_BR","og_type":"article","og_title":"Governo do Estado realiza mutir\u00e3o de Cirurgias de Cataratas destinadas as pessoas de 16 Munic\u00edpios do Cariri - Not&iacute;cias em Destaque","og_description":"O Governo do Estado da Para\u00edba, atrav\u00e9s da Secretaria Estadual de Sa\u00fade, ir\u00e1 promover um mutir\u00e3o de Cirurgias de Cataratas, as quais est\u00e3o marcadas para os dias 18,19 e 20 de Novembro, e ser\u00e3o realizadas no Hospital Regional Santa Filomena, pelo M\u00e9dico Dr. Daniel Stropp, em Monteiro &#8211; Munic\u00edpio de sede Regional de Sa\u00fade. Segundo informa\u00e7\u00f5es apuradas pelo o Cariri em Destaque, os 16 munic\u00edpios da Regi\u00e3o do Cariri que poder\u00e3o encaminhar as pessoas para as Cirurgias s\u00e3o: Amparo, Camala\u00fa, Cara\u00fabas, Congo, Coxixola, Monteiro, Ouro Velho , Parari, Prata, S\u00e3o Jo\u00e3o do Cariri, S\u00e3o Jos\u00e9 dos Cordeiros, S\u00e3o Jo\u00e3o do Tigre, Serra Branca, S\u00e3o Sebasti\u00e3o do Umbuzeiro, Sum\u00e9 e Gurj\u00e3o. Para as pessoas terem direito a Cirurgia, \u00e9 necess\u00e1rio procurar no seu Munic\u00edpio a Secretaria de Sa\u00fade, para fazer um cadastrado e assim ser contemplado. Segundo Lotten Eyes Clinica Oftalmol\u00f3gica, \u201ca Cirurgia de Catarata consiste na quebra e aspira\u00e7\u00e3o do cristalino opaco utilizando-se um aparelho com ultrassom (Faco-emulsifica\u00e7\u00e3o). Ap\u00f3s a retirada da catarata, implanta-se a lente intra-ocular dobr\u00e1vel atrav\u00e9s de uma microincis\u00e3o (entre 2,4-2,8 mm) realizada na c\u00f3rnea.\u201d Cariri em Destaque &nbsp;","og_url":"https:\/\/noticiasemdestaque.com\/cd\/?p=4963","og_site_name":"Not&iacute;cias em Destaque","article_published_time":"2017-10-06T12:20:41+00:00","article_modified_time":"2017-10-06T12:21:50+00:00","og_image":[{"width":3216,"height":2136,"url":"https:\/\/noticiasemdestaque.com\/cd\/wp-content\/uploads\/2017\/10\/cirurgia-catarata-foto-mary-leal-2jpg.jpg","type":"image\/jpeg"}],"author":"Not\u00edcias em Destaque","twitter_card":"summary_large_image","twitter_misc":{"Escrito por":"Not\u00edcias em Destaque","Est. tempo de leitura":"1 minuto"},"schema":{"@context":"https:\/\/schema.org","@graph":[{"@type":"Article","@id":"https:\/\/noticiasemdestaque.com\/cd\/?p=4963#article","isPartOf":{"@id":"https:\/\/noticiasemdestaque.com\/cd\/?p=4963"},"author":{"name":"Not\u00edcias em Destaque","@id":"https:\/\/noticiasemdestaque.com\/cd\/#\/schema\/person\/21320b03a7e8bb90128938dafc9b908a"},"headline":"Governo do Estado realiza mutir\u00e3o de Cirurgias de Cataratas destinadas as pessoas de 16 Munic\u00edpios do Cariri","datePublished":"2017-10-06T12:20:41+00:00","dateModified":"2017-10-06T12:21:50+00:00","mainEntityOfPage":{"@id":"https:\/\/noticiasemdestaque.com\/cd\/?p=4963"},"wordCount":229,"publisher":{"@id":"https:\/\/noticiasemdestaque.com\/cd\/#organization"},"image":{"@id":"https:\/\/noticiasemdestaque.com\/cd\/?p=4963#primaryimage"},"thumbnailUrl":"https:\/\/noticiasemdestaque.com\/cd\/wp-content\/uploads\/2017\/10\/cirurgia-catarata-foto-mary-leal-2jpg.jpg","articleSection":["Cidades"],"inLanguage":"pt-BR"},{"@type":"WebPage","@id":"https:\/\/noticiasemdestaque.com\/cd\/?p=4963","url":"https:\/\/noticiasemdestaque.com\/cd\/?p=4963","name":"Governo do Estado realiza mutir\u00e3o de Cirurgias de Cataratas destinadas as pessoas de 16 Munic\u00edpios do Cariri - Not&iacute;cias em Destaque","isPartOf":{"@id":"https:\/\/noticiasemdestaque.com\/cd\/#website"},"primaryImageOfPage":{"@id":"https:\/\/noticiasemdestaque.com\/cd\/?p=4963#primaryimage"},"image":{"@id":"https:\/\/noticiasemdestaque.com\/cd\/?p=4963#primaryimage"},"thumbnailUrl":"https:\/\/noticiasemdestaque.com\/cd\/wp-content\/uploads\/2017\/10\/cirurgia-catarata-foto-mary-leal-2jpg.jpg","datePublished":"2017-10-06T12:20:41+00:00","dateModified":"2017-10-06T12:21:50+00:00","breadcrumb":{"@id":"https:\/\/noticiasemdestaque.com\/cd\/?p=4963#breadcrumb"},"inLanguage":"pt-BR","potentialAction":[{"@type":"ReadAction","target":["https:\/\/noticiasemdestaque.com\/cd\/?p=4963"]}]},{"@type":"ImageObject","inLanguage":"pt-BR","@id":"https:\/\/noticiasemdestaque.com\/cd\/?p=4963#primaryimage","url":"https:\/\/noticiasemdestaque.com\/cd\/wp-content\/uploads\/2017\/10\/cirurgia-catarata-foto-mary-leal-2jpg.jpg","contentUrl":"https:\/\/noticiasemdestaque.com\/cd\/wp-content\/uploads\/2017\/10\/cirurgia-catarata-foto-mary-leal-2jpg.jpg","width":3216,"height":2136},{"@type":"BreadcrumbList","@id":"https:\/\/noticiasemdestaque.com\/cd\/?p=4963#breadcrumb","itemListElement":[{"@type":"ListItem","position":1,"name":"In\u00edcio","item":"https:\/\/noticiasemdestaque.com\/cd\/"},{"@type":"ListItem","position":2,"name":"Governo do Estado realiza mutir\u00e3o de Cirurgias de Cataratas destinadas as pessoas de 16 Munic\u00edpios do Cariri"}]},{"@type":"WebSite","@id":"https:\/\/noticiasemdestaque.com\/cd\/#website","url":"https:\/\/noticiasemdestaque.com\/cd\/","name":"Not&iacute;cias em Destaque","description":"","publisher":{"@id":"https:\/\/noticiasemdestaque.com\/cd\/#organization"},"potentialAction":[{"@type":"SearchAction","target":{"@type":"EntryPoint","urlTemplate":"https:\/\/noticiasemdestaque.com\/cd\/?s={search_term_string}"},"query-input":{"@type":"PropertyValueSpecification","valueRequired":true,"valueName":"search_term_string"}}],"inLanguage":"pt-BR"},{"@type":"Organization","@id":"https:\/\/noticiasemdestaque.com\/cd\/#organization","name":"Not\u00edcias em Destaque","url":"https:\/\/noticiasemdestaque.com\/cd\/","logo":{"@type":"ImageObject","inLanguage":"pt-BR","@id":"https:\/\/noticiasemdestaque.com\/cd\/#\/schema\/logo\/image\/","url":"https:\/\/noticiasemdestaque.com\/cd\/wp-content\/uploads\/2022\/05\/imagem-base-noticiasemdestaque.png","contentUrl":"https:\/\/noticiasemdestaque.com\/cd\/wp-content\/uploads\/2022\/05\/imagem-base-noticiasemdestaque.png","width":1200,"height":630,"caption":"Not\u00edcias em Destaque"},"image":{"@id":"https:\/\/noticiasemdestaque.com\/cd\/#\/schema\/logo\/image\/"}},{"@type":"Person","@id":"https:\/\/noticiasemdestaque.com\/cd\/#\/schema\/person\/21320b03a7e8bb90128938dafc9b908a","name":"Not\u00edcias em Destaque","url":"https:\/\/noticiasemdestaque.com\/cd\/?author=2"}]}},"jetpack_featured_media_url":"https:\/\/noticiasemdestaque.com\/cd\/wp-content\/uploads\/2017\/10\/cirurgia-catarata-foto-mary-leal-2jpg.jpg","jetpack_sharing_enabled":true,"_links":{"self":[{"href":"https:\/\/noticiasemdestaque.com\/cd\/index.php?rest_route=\/wp\/v2\/posts\/4963","targetHints":{"allow":["GET"]}}],"collection":[{"href":"https:\/\/noticiasemdestaque.com\/cd\/index.php?rest_route=\/wp\/v2\/posts"}],"about":[{"href":"https:\/\/noticiasemdestaque.com\/cd\/index.php?rest_route=\/wp\/v2\/types\/post"}],"author":[{"embeddable":true,"href":"https:\/\/noticiasemdestaque.com\/cd\/index.php?rest_route=\/wp\/v2\/users\/2"}],"replies":[{"embeddable":true,"href":"https:\/\/noticiasemdestaque.com\/cd\/index.php?rest_route=%2Fwp%2Fv2%2Fcomments&post=4963"}],"version-history":[{"count":6,"href":"https:\/\/noticiasemdestaque.com\/cd\/index.php?rest_route=\/wp\/v2\/posts\/4963\/revisions"}],"predecessor-version":[{"id":4982,"href":"https:\/\/noticiasemdestaque.com\/cd\/index.php?rest_route=\/wp\/v2\/posts\/4963\/revisions\/4982"}],"wp:featuredmedia":[{"embeddable":true,"href":"https:\/\/noticiasemdestaque.com\/cd\/index.php?rest_route=\/wp\/v2\/media\/4964"}],"wp:attachment":[{"href":"https:\/\/noticiasemdestaque.com\/cd\/index.php?rest_route=%2Fwp%2Fv2%2Fmedia&parent=4963"}],"wp:term":[{"taxonomy":"category","embeddable":true,"href":"https:\/\/noticiasemdestaque.com\/cd\/index.php?rest_route=%2Fwp%2Fv2%2Fcategories&post=4963"},{"taxonomy":"post_tag","embeddable":true,"href":"https:\/\/noticiasemdestaque.com\/cd\/index.php?rest_route=%2Fwp%2Fv2%2Ftags&post=4963"}],"curies":[{"name":"wp","href":"https:\/\/api.w.org\/{rel}","templated":true}]}}