{"id":4951,"date":"2017-10-05T11:25:41","date_gmt":"2017-10-05T14:25:41","guid":{"rendered":"http:\/\/caririemdestaque.com\/cd\/?p=4951"},"modified":"2017-10-05T11:25:41","modified_gmt":"2017-10-05T14:25:41","slug":"prefeitura-de-sume-firma-convenio-com-o-ministerio-da-agricultura-visando-reforma-e-funcionamento-do-parque-de-exposicoes","status":"publish","type":"post","link":"https:\/\/noticiasemdestaque.com\/cd\/?p=4951","title":{"rendered":"Prefeitura de Sum\u00e9 firma convenio com o Minist\u00e9rio da Agricultura visando reforma e funcionamento do Parque de Exposi\u00e7\u00f5es"},"content":{"rendered":"<p><a href=\"http:\/\/caririemdestaque.com\/cd\/wp-content\/uploads\/2017\/10\/Sem-t\u00edtulo.png\"><img fetchpriority=\"high\" decoding=\"async\" class=\"wp-image-4952 size-medium alignleft\" src=\"http:\/\/caririemdestaque.com\/cd\/wp-content\/uploads\/2017\/10\/Sem-t\u00edtulo-300x188.png\" alt=\"\" width=\"300\" height=\"188\" srcset=\"https:\/\/noticiasemdestaque.com\/cd\/wp-content\/uploads\/2017\/10\/Sem-t\u00edtulo-300x188.png 300w, https:\/\/noticiasemdestaque.com\/cd\/wp-content\/uploads\/2017\/10\/Sem-t\u00edtulo.png 525w\" sizes=\"(max-width: 300px) 100vw, 300px\" \/><\/a>Ap\u00f3s receber em Bras\u00edlia, o prefeito \u00c9den Duarte e o presidente do Partido Progressista de Sum\u00e9 (PP), Dida Alves, o deputado federal Aguinaldo Ribeiro (PP) conseguiu liberar para Sum\u00e9, junto ao Minist\u00e9rio da Agricultura Pecu\u00e1ria e Abastecimento (MAPA), aproximadamente R$ 300 mil que ser\u00e1 destinado para a reforma e funcionamento do Parque de Exposi\u00e7\u00f5es e Feiras Jo\u00e3o Albino Pedrosa.<\/p>\n<p>Assim, a Prefeitura agora ir\u00e1 firmar conv\u00eanio com o MAPA, objetivando fortalecer e potencializar o desenvolvimento agropecu\u00e1rio no munic\u00edpio, beneficiando uma das etapas mais importantes da produ\u00e7\u00e3o agropecu\u00e1ria que \u00e9 a comercializa\u00e7\u00e3o.<\/p>\n<p>\u00c9den vinha mantendo contato com entidades como Sebrae, Defesa Agropecu\u00e1ria, BNB, Emater e Emepa para organizar e melhorar a feira de animais de Sum\u00e9 que tem papel fundamental para toda a cadeia produtiva da Caprino e da Ovinocultura do Nordeste.<\/p>\n<p>De acordo com o prefeito, a reforma do Parque de Exposi\u00e7\u00f5es e Feiras ir\u00e1 beneficiar a comercializa\u00e7\u00e3o agropecu\u00e1ria de mais de sete microrregi\u00f5es da Regi\u00e3o Nordeste.<\/p>\n<p>\u201cA localiza\u00e7\u00e3o do munic\u00edpio permite que semanalmente aqui se concentre na feira de animais, agropecuaristas de localidades do Sert\u00e3o do Moxot\u00f3, do Paj\u00e9u, do Alto Capibaribe e Vale do Ipojuca em Pernambuco, do Serid\u00f3 da Para\u00edba, do Rio Grande do Norte, do Sert\u00e3o e do Cariri Paraibano. A nossa regi\u00e3o, onde est\u00e1 inserido o Munic\u00edpio de Sum\u00e9, possui o maior rebanho de caprinos e ovinos do Estado da Para\u00edba\u201d, informou \u00c9den.<\/p>\n<p>Ainda de acordo com ele, o parque \u00e9 vizinho ao Centro de Desenvolvimento Sustent\u00e1vel do Semi\u00e1rido (CDSA\/UFCG) e da Escola Agrot\u00e9cnica, institui\u00e7\u00f5es de ensino, pesquisa e extens\u00e3o que ir\u00e3o potencializar o parque e que tamb\u00e9m ir\u00e3o se beneficiar com sua amplia\u00e7\u00e3o e reforma, uma vez que o espa\u00e7o servir\u00e1 como laborat\u00f3rio para os estudantes, fornecendo meios para o desenvolvimento sustent\u00e1vel da agropecu\u00e1ria no Semi\u00e1rido Brasileiro.<\/p>\n<p>Ascom<\/p>\n<p>&nbsp;<\/p>\n","protected":false},"excerpt":{"rendered":"<p>Ap\u00f3s receber em Bras\u00edlia, o prefeito \u00c9den Duarte e o presidente do Partido Progressista de Sum\u00e9 (PP), Dida Alves, o deputado federal Aguinaldo Ribeiro (PP) conseguiu liberar para Sum\u00e9, junto ao Minist\u00e9rio da Agricultura Pecu\u00e1ria e Abastecimento (MAPA), aproximadamente R$ 300 mil que ser\u00e1 destinado para a reforma e funcionamento do Parque de Exposi\u00e7\u00f5es e Feiras Jo\u00e3o Albino Pedrosa. Assim, a Prefeitura agora ir\u00e1 firmar conv\u00eanio com o MAPA, objetivando fortalecer e potencializar o desenvolvimento agropecu\u00e1rio no munic\u00edpio, beneficiando uma das etapas mais importantes da produ\u00e7\u00e3o agropecu\u00e1ria que \u00e9 a comercializa\u00e7\u00e3o. \u00c9den vinha mantendo contato com entidades como Sebrae, Defesa Agropecu\u00e1ria, BNB, Emater e Emepa para organizar e melhorar a feira de animais de Sum\u00e9 que tem papel fundamental para toda a cadeia produtiva da Caprino e da Ovinocultura do Nordeste. De acordo com o prefeito, a reforma do Parque de Exposi\u00e7\u00f5es e Feiras ir\u00e1 beneficiar a comercializa\u00e7\u00e3o agropecu\u00e1ria de mais de sete microrregi\u00f5es da Regi\u00e3o Nordeste. \u201cA localiza\u00e7\u00e3o do munic\u00edpio permite que semanalmente aqui se concentre na feira de animais, agropecuaristas de localidades do Sert\u00e3o do Moxot\u00f3, do Paj\u00e9u, do Alto Capibaribe e Vale do Ipojuca em Pernambuco, do Serid\u00f3 da Para\u00edba, do Rio Grande do Norte, do Sert\u00e3o e do Cariri Paraibano. A nossa regi\u00e3o, onde est\u00e1 inserido o Munic\u00edpio de Sum\u00e9, possui o maior rebanho de caprinos e ovinos do Estado da Para\u00edba\u201d, informou \u00c9den. Ainda de acordo com ele, o parque \u00e9 vizinho ao Centro de Desenvolvimento Sustent\u00e1vel do Semi\u00e1rido (CDSA\/UFCG) e da Escola Agrot\u00e9cnica, institui\u00e7\u00f5es de ensino, pesquisa e extens\u00e3o que ir\u00e3o potencializar o parque e que tamb\u00e9m ir\u00e3o se beneficiar com sua amplia\u00e7\u00e3o e reforma, uma vez que o espa\u00e7o servir\u00e1 como laborat\u00f3rio para os estudantes, fornecendo meios para o desenvolvimento sustent\u00e1vel da agropecu\u00e1ria no Semi\u00e1rido Brasileiro. Ascom &nbsp;<\/p>\n","protected":false},"author":2,"featured_media":4952,"comment_status":"closed","ping_status":"open","sticky":false,"template":"","format":"standard","meta":{"_eb_attr":"","_jetpack_memberships_contains_paid_content":false,"footnotes":""},"categories":[4],"tags":[],"class_list":["post-4951","post","type-post","status-publish","format-standard","has-post-thumbnail","hentry","category-politica"],"yoast_head":"<!-- This site is optimized with the Yoast SEO plugin v26.5 - https:\/\/yoast.com\/wordpress\/plugins\/seo\/ -->\n<title>Prefeitura de Sum\u00e9 firma convenio com o Minist\u00e9rio da Agricultura visando reforma e funcionamento do Parque de Exposi\u00e7\u00f5es - Not&iacute;cias em Destaque<\/title>\n<meta name=\"robots\" content=\"index, follow, max-snippet:-1, max-image-preview:large, max-video-preview:-1\" \/>\n<link rel=\"canonical\" href=\"https:\/\/noticiasemdestaque.com\/cd\/?p=4951\" \/>\n<meta property=\"og:locale\" content=\"pt_BR\" \/>\n<meta property=\"og:type\" content=\"article\" \/>\n<meta property=\"og:title\" content=\"Prefeitura de Sum\u00e9 firma convenio com o Minist\u00e9rio da Agricultura visando reforma e funcionamento do Parque de Exposi\u00e7\u00f5es - Not&iacute;cias em Destaque\" \/>\n<meta property=\"og:description\" content=\"Ap\u00f3s receber em Bras\u00edlia, o prefeito \u00c9den Duarte e o presidente do Partido Progressista de Sum\u00e9 (PP), Dida Alves, o deputado federal Aguinaldo Ribeiro (PP) conseguiu liberar para Sum\u00e9, junto ao Minist\u00e9rio da Agricultura Pecu\u00e1ria e Abastecimento (MAPA), aproximadamente R$ 300 mil que ser\u00e1 destinado para a reforma e funcionamento do Parque de Exposi\u00e7\u00f5es e Feiras Jo\u00e3o Albino Pedrosa. Assim, a Prefeitura agora ir\u00e1 firmar conv\u00eanio com o MAPA, objetivando fortalecer e potencializar o desenvolvimento agropecu\u00e1rio no munic\u00edpio, beneficiando uma das etapas mais importantes da produ\u00e7\u00e3o agropecu\u00e1ria que \u00e9 a comercializa\u00e7\u00e3o. \u00c9den vinha mantendo contato com entidades como Sebrae, Defesa Agropecu\u00e1ria, BNB, Emater e Emepa para organizar e melhorar a feira de animais de Sum\u00e9 que tem papel fundamental para toda a cadeia produtiva da Caprino e da Ovinocultura do Nordeste. De acordo com o prefeito, a reforma do Parque de Exposi\u00e7\u00f5es e Feiras ir\u00e1 beneficiar a comercializa\u00e7\u00e3o agropecu\u00e1ria de mais de sete microrregi\u00f5es da Regi\u00e3o Nordeste. \u201cA localiza\u00e7\u00e3o do munic\u00edpio permite que semanalmente aqui se concentre na feira de animais, agropecuaristas de localidades do Sert\u00e3o do Moxot\u00f3, do Paj\u00e9u, do Alto Capibaribe e Vale do Ipojuca em Pernambuco, do Serid\u00f3 da Para\u00edba, do Rio Grande do Norte, do Sert\u00e3o e do Cariri Paraibano. A nossa regi\u00e3o, onde est\u00e1 inserido o Munic\u00edpio de Sum\u00e9, possui o maior rebanho de caprinos e ovinos do Estado da Para\u00edba\u201d, informou \u00c9den. Ainda de acordo com ele, o parque \u00e9 vizinho ao Centro de Desenvolvimento Sustent\u00e1vel do Semi\u00e1rido (CDSA\/UFCG) e da Escola Agrot\u00e9cnica, institui\u00e7\u00f5es de ensino, pesquisa e extens\u00e3o que ir\u00e3o potencializar o parque e que tamb\u00e9m ir\u00e3o se beneficiar com sua amplia\u00e7\u00e3o e reforma, uma vez que o espa\u00e7o servir\u00e1 como laborat\u00f3rio para os estudantes, fornecendo meios para o desenvolvimento sustent\u00e1vel da agropecu\u00e1ria no Semi\u00e1rido Brasileiro. Ascom &nbsp;\" \/>\n<meta property=\"og:url\" content=\"https:\/\/noticiasemdestaque.com\/cd\/?p=4951\" \/>\n<meta property=\"og:site_name\" content=\"Not&iacute;cias em Destaque\" \/>\n<meta property=\"article:published_time\" content=\"2017-10-05T14:25:41+00:00\" \/>\n<meta property=\"og:image\" content=\"https:\/\/noticiasemdestaque.com\/cd\/wp-content\/uploads\/2017\/10\/Sem-t\u00edtulo.png\" \/>\n\t<meta property=\"og:image:width\" content=\"525\" \/>\n\t<meta property=\"og:image:height\" content=\"329\" \/>\n\t<meta property=\"og:image:type\" content=\"image\/png\" \/>\n<meta name=\"author\" content=\"Not\u00edcias em Destaque\" \/>\n<meta name=\"twitter:card\" content=\"summary_large_image\" \/>\n<meta name=\"twitter:label1\" content=\"Escrito por\" \/>\n\t<meta name=\"twitter:data1\" content=\"Not\u00edcias em Destaque\" \/>\n\t<meta name=\"twitter:label2\" content=\"Est. tempo de leitura\" \/>\n\t<meta name=\"twitter:data2\" content=\"2 minutos\" \/>\n<script type=\"application\/ld+json\" class=\"yoast-schema-graph\">{\"@context\":\"https:\/\/schema.org\",\"@graph\":[{\"@type\":\"Article\",\"@id\":\"https:\/\/noticiasemdestaque.com\/cd\/?p=4951#article\",\"isPartOf\":{\"@id\":\"https:\/\/noticiasemdestaque.com\/cd\/?p=4951\"},\"author\":{\"name\":\"Not\u00edcias em Destaque\",\"@id\":\"https:\/\/noticiasemdestaque.com\/cd\/#\/schema\/person\/21320b03a7e8bb90128938dafc9b908a\"},\"headline\":\"Prefeitura de Sum\u00e9 firma convenio com o Minist\u00e9rio da Agricultura visando reforma e funcionamento do Parque de Exposi\u00e7\u00f5es\",\"datePublished\":\"2017-10-05T14:25:41+00:00\",\"mainEntityOfPage\":{\"@id\":\"https:\/\/noticiasemdestaque.com\/cd\/?p=4951\"},\"wordCount\":354,\"publisher\":{\"@id\":\"https:\/\/noticiasemdestaque.com\/cd\/#organization\"},\"image\":{\"@id\":\"https:\/\/noticiasemdestaque.com\/cd\/?p=4951#primaryimage\"},\"thumbnailUrl\":\"https:\/\/noticiasemdestaque.com\/cd\/wp-content\/uploads\/2017\/10\/Sem-t\u00edtulo.png\",\"articleSection\":[\"Pol\u00edtica\"],\"inLanguage\":\"pt-BR\"},{\"@type\":\"WebPage\",\"@id\":\"https:\/\/noticiasemdestaque.com\/cd\/?p=4951\",\"url\":\"https:\/\/noticiasemdestaque.com\/cd\/?p=4951\",\"name\":\"Prefeitura de Sum\u00e9 firma convenio com o Minist\u00e9rio da Agricultura visando reforma e funcionamento do Parque de Exposi\u00e7\u00f5es - Not&iacute;cias em Destaque\",\"isPartOf\":{\"@id\":\"https:\/\/noticiasemdestaque.com\/cd\/#website\"},\"primaryImageOfPage\":{\"@id\":\"https:\/\/noticiasemdestaque.com\/cd\/?p=4951#primaryimage\"},\"image\":{\"@id\":\"https:\/\/noticiasemdestaque.com\/cd\/?p=4951#primaryimage\"},\"thumbnailUrl\":\"https:\/\/noticiasemdestaque.com\/cd\/wp-content\/uploads\/2017\/10\/Sem-t\u00edtulo.png\",\"datePublished\":\"2017-10-05T14:25:41+00:00\",\"breadcrumb\":{\"@id\":\"https:\/\/noticiasemdestaque.com\/cd\/?p=4951#breadcrumb\"},\"inLanguage\":\"pt-BR\",\"potentialAction\":[{\"@type\":\"ReadAction\",\"target\":[\"https:\/\/noticiasemdestaque.com\/cd\/?p=4951\"]}]},{\"@type\":\"ImageObject\",\"inLanguage\":\"pt-BR\",\"@id\":\"https:\/\/noticiasemdestaque.com\/cd\/?p=4951#primaryimage\",\"url\":\"https:\/\/noticiasemdestaque.com\/cd\/wp-content\/uploads\/2017\/10\/Sem-t\u00edtulo.png\",\"contentUrl\":\"https:\/\/noticiasemdestaque.com\/cd\/wp-content\/uploads\/2017\/10\/Sem-t\u00edtulo.png\",\"width\":525,\"height\":329},{\"@type\":\"BreadcrumbList\",\"@id\":\"https:\/\/noticiasemdestaque.com\/cd\/?p=4951#breadcrumb\",\"itemListElement\":[{\"@type\":\"ListItem\",\"position\":1,\"name\":\"In\u00edcio\",\"item\":\"https:\/\/noticiasemdestaque.com\/cd\/\"},{\"@type\":\"ListItem\",\"position\":2,\"name\":\"Prefeitura de Sum\u00e9 firma convenio com o Minist\u00e9rio da Agricultura visando reforma e funcionamento do Parque de Exposi\u00e7\u00f5es\"}]},{\"@type\":\"WebSite\",\"@id\":\"https:\/\/noticiasemdestaque.com\/cd\/#website\",\"url\":\"https:\/\/noticiasemdestaque.com\/cd\/\",\"name\":\"Not&iacute;cias em Destaque\",\"description\":\"\",\"publisher\":{\"@id\":\"https:\/\/noticiasemdestaque.com\/cd\/#organization\"},\"potentialAction\":[{\"@type\":\"SearchAction\",\"target\":{\"@type\":\"EntryPoint\",\"urlTemplate\":\"https:\/\/noticiasemdestaque.com\/cd\/?s={search_term_string}\"},\"query-input\":{\"@type\":\"PropertyValueSpecification\",\"valueRequired\":true,\"valueName\":\"search_term_string\"}}],\"inLanguage\":\"pt-BR\"},{\"@type\":\"Organization\",\"@id\":\"https:\/\/noticiasemdestaque.com\/cd\/#organization\",\"name\":\"Not\u00edcias em Destaque\",\"url\":\"https:\/\/noticiasemdestaque.com\/cd\/\",\"logo\":{\"@type\":\"ImageObject\",\"inLanguage\":\"pt-BR\",\"@id\":\"https:\/\/noticiasemdestaque.com\/cd\/#\/schema\/logo\/image\/\",\"url\":\"https:\/\/noticiasemdestaque.com\/cd\/wp-content\/uploads\/2022\/05\/imagem-base-noticiasemdestaque.png\",\"contentUrl\":\"https:\/\/noticiasemdestaque.com\/cd\/wp-content\/uploads\/2022\/05\/imagem-base-noticiasemdestaque.png\",\"width\":1200,\"height\":630,\"caption\":\"Not\u00edcias em Destaque\"},\"image\":{\"@id\":\"https:\/\/noticiasemdestaque.com\/cd\/#\/schema\/logo\/image\/\"}},{\"@type\":\"Person\",\"@id\":\"https:\/\/noticiasemdestaque.com\/cd\/#\/schema\/person\/21320b03a7e8bb90128938dafc9b908a\",\"name\":\"Not\u00edcias em Destaque\",\"url\":\"https:\/\/noticiasemdestaque.com\/cd\/?author=2\"}]}<\/script>\n<!-- \/ Yoast SEO plugin. -->","yoast_head_json":{"title":"Prefeitura de Sum\u00e9 firma convenio com o Minist\u00e9rio da Agricultura visando reforma e funcionamento do Parque de Exposi\u00e7\u00f5es - Not&iacute;cias em Destaque","robots":{"index":"index","follow":"follow","max-snippet":"max-snippet:-1","max-image-preview":"max-image-preview:large","max-video-preview":"max-video-preview:-1"},"canonical":"https:\/\/noticiasemdestaque.com\/cd\/?p=4951","og_locale":"pt_BR","og_type":"article","og_title":"Prefeitura de Sum\u00e9 firma convenio com o Minist\u00e9rio da Agricultura visando reforma e funcionamento do Parque de Exposi\u00e7\u00f5es - Not&iacute;cias em Destaque","og_description":"Ap\u00f3s receber em Bras\u00edlia, o prefeito \u00c9den Duarte e o presidente do Partido Progressista de Sum\u00e9 (PP), Dida Alves, o deputado federal Aguinaldo Ribeiro (PP) conseguiu liberar para Sum\u00e9, junto ao Minist\u00e9rio da Agricultura Pecu\u00e1ria e Abastecimento (MAPA), aproximadamente R$ 300 mil que ser\u00e1 destinado para a reforma e funcionamento do Parque de Exposi\u00e7\u00f5es e Feiras Jo\u00e3o Albino Pedrosa. Assim, a Prefeitura agora ir\u00e1 firmar conv\u00eanio com o MAPA, objetivando fortalecer e potencializar o desenvolvimento agropecu\u00e1rio no munic\u00edpio, beneficiando uma das etapas mais importantes da produ\u00e7\u00e3o agropecu\u00e1ria que \u00e9 a comercializa\u00e7\u00e3o. \u00c9den vinha mantendo contato com entidades como Sebrae, Defesa Agropecu\u00e1ria, BNB, Emater e Emepa para organizar e melhorar a feira de animais de Sum\u00e9 que tem papel fundamental para toda a cadeia produtiva da Caprino e da Ovinocultura do Nordeste. De acordo com o prefeito, a reforma do Parque de Exposi\u00e7\u00f5es e Feiras ir\u00e1 beneficiar a comercializa\u00e7\u00e3o agropecu\u00e1ria de mais de sete microrregi\u00f5es da Regi\u00e3o Nordeste. \u201cA localiza\u00e7\u00e3o do munic\u00edpio permite que semanalmente aqui se concentre na feira de animais, agropecuaristas de localidades do Sert\u00e3o do Moxot\u00f3, do Paj\u00e9u, do Alto Capibaribe e Vale do Ipojuca em Pernambuco, do Serid\u00f3 da Para\u00edba, do Rio Grande do Norte, do Sert\u00e3o e do Cariri Paraibano. A nossa regi\u00e3o, onde est\u00e1 inserido o Munic\u00edpio de Sum\u00e9, possui o maior rebanho de caprinos e ovinos do Estado da Para\u00edba\u201d, informou \u00c9den. Ainda de acordo com ele, o parque \u00e9 vizinho ao Centro de Desenvolvimento Sustent\u00e1vel do Semi\u00e1rido (CDSA\/UFCG) e da Escola Agrot\u00e9cnica, institui\u00e7\u00f5es de ensino, pesquisa e extens\u00e3o que ir\u00e3o potencializar o parque e que tamb\u00e9m ir\u00e3o se beneficiar com sua amplia\u00e7\u00e3o e reforma, uma vez que o espa\u00e7o servir\u00e1 como laborat\u00f3rio para os estudantes, fornecendo meios para o desenvolvimento sustent\u00e1vel da agropecu\u00e1ria no Semi\u00e1rido Brasileiro. Ascom &nbsp;","og_url":"https:\/\/noticiasemdestaque.com\/cd\/?p=4951","og_site_name":"Not&iacute;cias em Destaque","article_published_time":"2017-10-05T14:25:41+00:00","og_image":[{"width":525,"height":329,"url":"https:\/\/noticiasemdestaque.com\/cd\/wp-content\/uploads\/2017\/10\/Sem-t\u00edtulo.png","type":"image\/png"}],"author":"Not\u00edcias em Destaque","twitter_card":"summary_large_image","twitter_misc":{"Escrito por":"Not\u00edcias em Destaque","Est. tempo de leitura":"2 minutos"},"schema":{"@context":"https:\/\/schema.org","@graph":[{"@type":"Article","@id":"https:\/\/noticiasemdestaque.com\/cd\/?p=4951#article","isPartOf":{"@id":"https:\/\/noticiasemdestaque.com\/cd\/?p=4951"},"author":{"name":"Not\u00edcias em Destaque","@id":"https:\/\/noticiasemdestaque.com\/cd\/#\/schema\/person\/21320b03a7e8bb90128938dafc9b908a"},"headline":"Prefeitura de Sum\u00e9 firma convenio com o Minist\u00e9rio da Agricultura visando reforma e funcionamento do Parque de Exposi\u00e7\u00f5es","datePublished":"2017-10-05T14:25:41+00:00","mainEntityOfPage":{"@id":"https:\/\/noticiasemdestaque.com\/cd\/?p=4951"},"wordCount":354,"publisher":{"@id":"https:\/\/noticiasemdestaque.com\/cd\/#organization"},"image":{"@id":"https:\/\/noticiasemdestaque.com\/cd\/?p=4951#primaryimage"},"thumbnailUrl":"https:\/\/noticiasemdestaque.com\/cd\/wp-content\/uploads\/2017\/10\/Sem-t\u00edtulo.png","articleSection":["Pol\u00edtica"],"inLanguage":"pt-BR"},{"@type":"WebPage","@id":"https:\/\/noticiasemdestaque.com\/cd\/?p=4951","url":"https:\/\/noticiasemdestaque.com\/cd\/?p=4951","name":"Prefeitura de Sum\u00e9 firma convenio com o Minist\u00e9rio da Agricultura visando reforma e funcionamento do Parque de Exposi\u00e7\u00f5es - Not&iacute;cias em Destaque","isPartOf":{"@id":"https:\/\/noticiasemdestaque.com\/cd\/#website"},"primaryImageOfPage":{"@id":"https:\/\/noticiasemdestaque.com\/cd\/?p=4951#primaryimage"},"image":{"@id":"https:\/\/noticiasemdestaque.com\/cd\/?p=4951#primaryimage"},"thumbnailUrl":"https:\/\/noticiasemdestaque.com\/cd\/wp-content\/uploads\/2017\/10\/Sem-t\u00edtulo.png","datePublished":"2017-10-05T14:25:41+00:00","breadcrumb":{"@id":"https:\/\/noticiasemdestaque.com\/cd\/?p=4951#breadcrumb"},"inLanguage":"pt-BR","potentialAction":[{"@type":"ReadAction","target":["https:\/\/noticiasemdestaque.com\/cd\/?p=4951"]}]},{"@type":"ImageObject","inLanguage":"pt-BR","@id":"https:\/\/noticiasemdestaque.com\/cd\/?p=4951#primaryimage","url":"https:\/\/noticiasemdestaque.com\/cd\/wp-content\/uploads\/2017\/10\/Sem-t\u00edtulo.png","contentUrl":"https:\/\/noticiasemdestaque.com\/cd\/wp-content\/uploads\/2017\/10\/Sem-t\u00edtulo.png","width":525,"height":329},{"@type":"BreadcrumbList","@id":"https:\/\/noticiasemdestaque.com\/cd\/?p=4951#breadcrumb","itemListElement":[{"@type":"ListItem","position":1,"name":"In\u00edcio","item":"https:\/\/noticiasemdestaque.com\/cd\/"},{"@type":"ListItem","position":2,"name":"Prefeitura de Sum\u00e9 firma convenio com o Minist\u00e9rio da Agricultura visando reforma e funcionamento do Parque de Exposi\u00e7\u00f5es"}]},{"@type":"WebSite","@id":"https:\/\/noticiasemdestaque.com\/cd\/#website","url":"https:\/\/noticiasemdestaque.com\/cd\/","name":"Not&iacute;cias em Destaque","description":"","publisher":{"@id":"https:\/\/noticiasemdestaque.com\/cd\/#organization"},"potentialAction":[{"@type":"SearchAction","target":{"@type":"EntryPoint","urlTemplate":"https:\/\/noticiasemdestaque.com\/cd\/?s={search_term_string}"},"query-input":{"@type":"PropertyValueSpecification","valueRequired":true,"valueName":"search_term_string"}}],"inLanguage":"pt-BR"},{"@type":"Organization","@id":"https:\/\/noticiasemdestaque.com\/cd\/#organization","name":"Not\u00edcias em Destaque","url":"https:\/\/noticiasemdestaque.com\/cd\/","logo":{"@type":"ImageObject","inLanguage":"pt-BR","@id":"https:\/\/noticiasemdestaque.com\/cd\/#\/schema\/logo\/image\/","url":"https:\/\/noticiasemdestaque.com\/cd\/wp-content\/uploads\/2022\/05\/imagem-base-noticiasemdestaque.png","contentUrl":"https:\/\/noticiasemdestaque.com\/cd\/wp-content\/uploads\/2022\/05\/imagem-base-noticiasemdestaque.png","width":1200,"height":630,"caption":"Not\u00edcias em Destaque"},"image":{"@id":"https:\/\/noticiasemdestaque.com\/cd\/#\/schema\/logo\/image\/"}},{"@type":"Person","@id":"https:\/\/noticiasemdestaque.com\/cd\/#\/schema\/person\/21320b03a7e8bb90128938dafc9b908a","name":"Not\u00edcias em Destaque","url":"https:\/\/noticiasemdestaque.com\/cd\/?author=2"}]}},"jetpack_featured_media_url":"https:\/\/noticiasemdestaque.com\/cd\/wp-content\/uploads\/2017\/10\/Sem-t\u00edtulo.png","jetpack_sharing_enabled":true,"_links":{"self":[{"href":"https:\/\/noticiasemdestaque.com\/cd\/index.php?rest_route=\/wp\/v2\/posts\/4951","targetHints":{"allow":["GET"]}}],"collection":[{"href":"https:\/\/noticiasemdestaque.com\/cd\/index.php?rest_route=\/wp\/v2\/posts"}],"about":[{"href":"https:\/\/noticiasemdestaque.com\/cd\/index.php?rest_route=\/wp\/v2\/types\/post"}],"author":[{"embeddable":true,"href":"https:\/\/noticiasemdestaque.com\/cd\/index.php?rest_route=\/wp\/v2\/users\/2"}],"replies":[{"embeddable":true,"href":"https:\/\/noticiasemdestaque.com\/cd\/index.php?rest_route=%2Fwp%2Fv2%2Fcomments&post=4951"}],"version-history":[{"count":1,"href":"https:\/\/noticiasemdestaque.com\/cd\/index.php?rest_route=\/wp\/v2\/posts\/4951\/revisions"}],"predecessor-version":[{"id":4953,"href":"https:\/\/noticiasemdestaque.com\/cd\/index.php?rest_route=\/wp\/v2\/posts\/4951\/revisions\/4953"}],"wp:featuredmedia":[{"embeddable":true,"href":"https:\/\/noticiasemdestaque.com\/cd\/index.php?rest_route=\/wp\/v2\/media\/4952"}],"wp:attachment":[{"href":"https:\/\/noticiasemdestaque.com\/cd\/index.php?rest_route=%2Fwp%2Fv2%2Fmedia&parent=4951"}],"wp:term":[{"taxonomy":"category","embeddable":true,"href":"https:\/\/noticiasemdestaque.com\/cd\/index.php?rest_route=%2Fwp%2Fv2%2Fcategories&post=4951"},{"taxonomy":"post_tag","embeddable":true,"href":"https:\/\/noticiasemdestaque.com\/cd\/index.php?rest_route=%2Fwp%2Fv2%2Ftags&post=4951"}],"curies":[{"name":"wp","href":"https:\/\/api.w.org\/{rel}","templated":true}]}}