{"id":4948,"date":"2017-10-05T08:49:06","date_gmt":"2017-10-05T11:49:06","guid":{"rendered":"http:\/\/caririemdestaque.com\/cd\/?p=4948"},"modified":"2017-10-05T08:49:06","modified_gmt":"2017-10-05T11:49:06","slug":"camara-federal-aprova-fundo-eleitoral-com-dinheiro-publico","status":"publish","type":"post","link":"https:\/\/noticiasemdestaque.com\/cd\/?p=4948","title":{"rendered":"C\u00e2mara Federal aprova fundo eleitoral com dinheiro p\u00fablico"},"content":{"rendered":"<p><a href=\"http:\/\/caririemdestaque.com\/cd\/wp-content\/uploads\/2017\/10\/camara_federal.jpg\"><img fetchpriority=\"high\" decoding=\"async\" class=\"wp-image-4949 size-medium alignleft\" src=\"http:\/\/caririemdestaque.com\/cd\/wp-content\/uploads\/2017\/10\/camara_federal-300x200.jpg\" alt=\"\" width=\"300\" height=\"200\" srcset=\"https:\/\/noticiasemdestaque.com\/cd\/wp-content\/uploads\/2017\/10\/camara_federal-300x200.jpg 300w, https:\/\/noticiasemdestaque.com\/cd\/wp-content\/uploads\/2017\/10\/camara_federal-768x513.jpg 768w, https:\/\/noticiasemdestaque.com\/cd\/wp-content\/uploads\/2017\/10\/camara_federal-480x320.jpg 480w, https:\/\/noticiasemdestaque.com\/cd\/wp-content\/uploads\/2017\/10\/camara_federal.jpg 876w\" sizes=\"(max-width: 300px) 100vw, 300px\" \/><\/a>Deputados batem boca sobre pedido para vota\u00e7\u00e3o nominal, que foi rejeitada de forma apertada, por 226 votos a 202; valor pode chegar a R$ 1,7 bilh\u00e3o<\/p>\n<p>Em uma sess\u00e3o tumultuada, a C\u00e2mara aprovou a cria\u00e7\u00e3o do projeto de lei 8703\/17, que cria o Fundo Especial de Financiamento de Campanha, um caixa com dinheiro p\u00fablico para financiar campanhas eleitorais que pode chegar a R$ 1,7 bilh\u00e3o.<\/p>\n<p>A proposta j\u00e1 havia sido aprovada pelo Senado. Ainda falta votar os destaques e emendas. Depois, o projeto precisa ser promulgado at\u00e9 sexta-feira para valer em 2018 \u2013 pela legisla\u00e7\u00e3o, toda mudan\u00e7a na lei eleitoral precisa estar em vigor um ano antes da elei\u00e7\u00e3o.<\/p>\n<p>O texto foi aprovado em vota\u00e7\u00e3o simb\u00f3lica, em que cada parlamentar n\u00e3o \u00e9 obrigado a expor o seu voto. A decis\u00e3o gerou grande bate-boca entre os deputados porque boa parte deles queria vota\u00e7\u00e3o nominal. A quest\u00e3o foi para o plen\u00e1rio, que rejeitou a vota\u00e7\u00e3o aberta por 226 votos a 202.<\/p>\n<p>Pela proposta, a principal fonte de recursos do fundo ser\u00e3o as chamadas emendas impositivas de bancada, instrumento partid\u00e1rio usado para destinar dinheiro do Or\u00e7amento a redutos eleitorais dos parlamentares. A proposta de Monteiro garante ao menos 30% do valor dessas emendas para as campanhas eleitorais.<\/p>\n<p>Para 2018, por exemplo, o Or\u00e7amento garante 4,4 bilh\u00f5es de reais em recursos deste tipo. Isso quer dizer que, deste total, 1,3 bilh\u00e3o de reais ser\u00e1 destinado ao fundo, se a proposta for aprovada tamb\u00e9m na C\u00e2mara.<\/p>\n<p>Outra fonte do fundo eleitoral ser\u00e3o os programas partid\u00e1rios, exibidos em cadeia de r\u00e1dio e televis\u00e3o. Isso porque o texto sugere a transfer\u00eancia dos valores de compensa\u00e7\u00e3o fiscal cedidos \u00e0s emissoras de r\u00e1dio e televis\u00e3o que transmitem esses programas. Ou seja, esses programas deixam de existir e os recursos s\u00e3o canalizados \u00e0s campanhas.<\/p>\n<p>Com essas duas fontes, o fundo ter\u00e1 aproximadamente 1,7 bilh\u00e3o de reais \u00e0 disposi\u00e7\u00e3o para o processo eleitoral. Quando elaborada no Senado por Romero Juc\u00e1 (PMDB), l\u00edder do governo na Casa, a proposta original tinha como objetivo reunir aproximadamente 3,6 bilh\u00f5es de reais.<\/p>\n<p>Fonte: Veja<\/p>\n","protected":false},"excerpt":{"rendered":"<p>Deputados batem boca sobre pedido para vota\u00e7\u00e3o nominal, que foi rejeitada de forma apertada, por 226 votos a 202; valor pode chegar a R$ 1,7 bilh\u00e3o Em uma sess\u00e3o tumultuada, a C\u00e2mara aprovou a cria\u00e7\u00e3o do projeto de lei 8703\/17, que cria o Fundo Especial de Financiamento de Campanha, um caixa com dinheiro p\u00fablico para financiar campanhas eleitorais que pode chegar a R$ 1,7 bilh\u00e3o. A proposta j\u00e1 havia sido aprovada pelo Senado. Ainda falta votar os destaques e emendas. Depois, o projeto precisa ser promulgado at\u00e9 sexta-feira para valer em 2018 \u2013 pela legisla\u00e7\u00e3o, toda mudan\u00e7a na lei eleitoral precisa estar em vigor um ano antes da elei\u00e7\u00e3o. O texto foi aprovado em vota\u00e7\u00e3o simb\u00f3lica, em que cada parlamentar n\u00e3o \u00e9 obrigado a expor o seu voto. A decis\u00e3o gerou grande bate-boca entre os deputados porque boa parte deles queria vota\u00e7\u00e3o nominal. A quest\u00e3o foi para o plen\u00e1rio, que rejeitou a vota\u00e7\u00e3o aberta por 226 votos a 202. Pela proposta, a principal fonte de recursos do fundo ser\u00e3o as chamadas emendas impositivas de bancada, instrumento partid\u00e1rio usado para destinar dinheiro do Or\u00e7amento a redutos eleitorais dos parlamentares. A proposta de Monteiro garante ao menos 30% do valor dessas emendas para as campanhas eleitorais. Para 2018, por exemplo, o Or\u00e7amento garante 4,4 bilh\u00f5es de reais em recursos deste tipo. Isso quer dizer que, deste total, 1,3 bilh\u00e3o de reais ser\u00e1 destinado ao fundo, se a proposta for aprovada tamb\u00e9m na C\u00e2mara. Outra fonte do fundo eleitoral ser\u00e3o os programas partid\u00e1rios, exibidos em cadeia de r\u00e1dio e televis\u00e3o. Isso porque o texto sugere a transfer\u00eancia dos valores de compensa\u00e7\u00e3o fiscal cedidos \u00e0s emissoras de r\u00e1dio e televis\u00e3o que transmitem esses programas. Ou seja, esses programas deixam de existir e os recursos s\u00e3o canalizados \u00e0s campanhas. Com essas duas fontes, o fundo ter\u00e1 aproximadamente 1,7 bilh\u00e3o de reais \u00e0 disposi\u00e7\u00e3o para o processo eleitoral. Quando elaborada no Senado por Romero Juc\u00e1 (PMDB), l\u00edder do governo na Casa, a proposta original tinha como objetivo reunir aproximadamente 3,6 bilh\u00f5es de reais. Fonte: Veja<\/p>\n","protected":false},"author":2,"featured_media":4949,"comment_status":"closed","ping_status":"open","sticky":false,"template":"","format":"standard","meta":{"_eb_attr":"","_jetpack_memberships_contains_paid_content":false,"footnotes":""},"categories":[4],"tags":[],"class_list":["post-4948","post","type-post","status-publish","format-standard","has-post-thumbnail","hentry","category-politica"],"yoast_head":"<!-- This site is optimized with the Yoast SEO plugin v26.5 - https:\/\/yoast.com\/wordpress\/plugins\/seo\/ -->\n<title>C\u00e2mara Federal aprova fundo eleitoral com dinheiro p\u00fablico - Not&iacute;cias em Destaque<\/title>\n<meta name=\"robots\" content=\"index, follow, max-snippet:-1, max-image-preview:large, max-video-preview:-1\" \/>\n<link rel=\"canonical\" href=\"https:\/\/noticiasemdestaque.com\/cd\/?p=4948\" \/>\n<meta property=\"og:locale\" content=\"pt_BR\" \/>\n<meta property=\"og:type\" content=\"article\" \/>\n<meta property=\"og:title\" content=\"C\u00e2mara Federal aprova fundo eleitoral com dinheiro p\u00fablico - Not&iacute;cias em Destaque\" \/>\n<meta property=\"og:description\" content=\"Deputados batem boca sobre pedido para vota\u00e7\u00e3o nominal, que foi rejeitada de forma apertada, por 226 votos a 202; valor pode chegar a R$ 1,7 bilh\u00e3o Em uma sess\u00e3o tumultuada, a C\u00e2mara aprovou a cria\u00e7\u00e3o do projeto de lei 8703\/17, que cria o Fundo Especial de Financiamento de Campanha, um caixa com dinheiro p\u00fablico para financiar campanhas eleitorais que pode chegar a R$ 1,7 bilh\u00e3o. A proposta j\u00e1 havia sido aprovada pelo Senado. Ainda falta votar os destaques e emendas. Depois, o projeto precisa ser promulgado at\u00e9 sexta-feira para valer em 2018 \u2013 pela legisla\u00e7\u00e3o, toda mudan\u00e7a na lei eleitoral precisa estar em vigor um ano antes da elei\u00e7\u00e3o. O texto foi aprovado em vota\u00e7\u00e3o simb\u00f3lica, em que cada parlamentar n\u00e3o \u00e9 obrigado a expor o seu voto. A decis\u00e3o gerou grande bate-boca entre os deputados porque boa parte deles queria vota\u00e7\u00e3o nominal. A quest\u00e3o foi para o plen\u00e1rio, que rejeitou a vota\u00e7\u00e3o aberta por 226 votos a 202. Pela proposta, a principal fonte de recursos do fundo ser\u00e3o as chamadas emendas impositivas de bancada, instrumento partid\u00e1rio usado para destinar dinheiro do Or\u00e7amento a redutos eleitorais dos parlamentares. A proposta de Monteiro garante ao menos 30% do valor dessas emendas para as campanhas eleitorais. Para 2018, por exemplo, o Or\u00e7amento garante 4,4 bilh\u00f5es de reais em recursos deste tipo. Isso quer dizer que, deste total, 1,3 bilh\u00e3o de reais ser\u00e1 destinado ao fundo, se a proposta for aprovada tamb\u00e9m na C\u00e2mara. Outra fonte do fundo eleitoral ser\u00e3o os programas partid\u00e1rios, exibidos em cadeia de r\u00e1dio e televis\u00e3o. Isso porque o texto sugere a transfer\u00eancia dos valores de compensa\u00e7\u00e3o fiscal cedidos \u00e0s emissoras de r\u00e1dio e televis\u00e3o que transmitem esses programas. Ou seja, esses programas deixam de existir e os recursos s\u00e3o canalizados \u00e0s campanhas. Com essas duas fontes, o fundo ter\u00e1 aproximadamente 1,7 bilh\u00e3o de reais \u00e0 disposi\u00e7\u00e3o para o processo eleitoral. Quando elaborada no Senado por Romero Juc\u00e1 (PMDB), l\u00edder do governo na Casa, a proposta original tinha como objetivo reunir aproximadamente 3,6 bilh\u00f5es de reais. Fonte: Veja\" \/>\n<meta property=\"og:url\" content=\"https:\/\/noticiasemdestaque.com\/cd\/?p=4948\" \/>\n<meta property=\"og:site_name\" content=\"Not&iacute;cias em Destaque\" \/>\n<meta property=\"article:published_time\" content=\"2017-10-05T11:49:06+00:00\" \/>\n<meta property=\"og:image\" content=\"https:\/\/noticiasemdestaque.com\/cd\/wp-content\/uploads\/2017\/10\/camara_federal.jpg\" \/>\n\t<meta property=\"og:image:width\" content=\"876\" \/>\n\t<meta property=\"og:image:height\" content=\"585\" \/>\n\t<meta property=\"og:image:type\" content=\"image\/jpeg\" \/>\n<meta name=\"author\" content=\"Not\u00edcias em Destaque\" \/>\n<meta name=\"twitter:card\" content=\"summary_large_image\" \/>\n<meta name=\"twitter:label1\" content=\"Escrito por\" \/>\n\t<meta name=\"twitter:data1\" content=\"Not\u00edcias em Destaque\" \/>\n\t<meta name=\"twitter:label2\" content=\"Est. tempo de leitura\" \/>\n\t<meta name=\"twitter:data2\" content=\"2 minutos\" \/>\n<script type=\"application\/ld+json\" class=\"yoast-schema-graph\">{\"@context\":\"https:\/\/schema.org\",\"@graph\":[{\"@type\":\"Article\",\"@id\":\"https:\/\/noticiasemdestaque.com\/cd\/?p=4948#article\",\"isPartOf\":{\"@id\":\"https:\/\/noticiasemdestaque.com\/cd\/?p=4948\"},\"author\":{\"name\":\"Not\u00edcias em Destaque\",\"@id\":\"https:\/\/noticiasemdestaque.com\/cd\/#\/schema\/person\/21320b03a7e8bb90128938dafc9b908a\"},\"headline\":\"C\u00e2mara Federal aprova fundo eleitoral com dinheiro p\u00fablico\",\"datePublished\":\"2017-10-05T11:49:06+00:00\",\"mainEntityOfPage\":{\"@id\":\"https:\/\/noticiasemdestaque.com\/cd\/?p=4948\"},\"wordCount\":371,\"publisher\":{\"@id\":\"https:\/\/noticiasemdestaque.com\/cd\/#organization\"},\"image\":{\"@id\":\"https:\/\/noticiasemdestaque.com\/cd\/?p=4948#primaryimage\"},\"thumbnailUrl\":\"https:\/\/noticiasemdestaque.com\/cd\/wp-content\/uploads\/2017\/10\/camara_federal.jpg\",\"articleSection\":[\"Pol\u00edtica\"],\"inLanguage\":\"pt-BR\"},{\"@type\":\"WebPage\",\"@id\":\"https:\/\/noticiasemdestaque.com\/cd\/?p=4948\",\"url\":\"https:\/\/noticiasemdestaque.com\/cd\/?p=4948\",\"name\":\"C\u00e2mara Federal aprova fundo eleitoral com dinheiro p\u00fablico - Not&iacute;cias em Destaque\",\"isPartOf\":{\"@id\":\"https:\/\/noticiasemdestaque.com\/cd\/#website\"},\"primaryImageOfPage\":{\"@id\":\"https:\/\/noticiasemdestaque.com\/cd\/?p=4948#primaryimage\"},\"image\":{\"@id\":\"https:\/\/noticiasemdestaque.com\/cd\/?p=4948#primaryimage\"},\"thumbnailUrl\":\"https:\/\/noticiasemdestaque.com\/cd\/wp-content\/uploads\/2017\/10\/camara_federal.jpg\",\"datePublished\":\"2017-10-05T11:49:06+00:00\",\"breadcrumb\":{\"@id\":\"https:\/\/noticiasemdestaque.com\/cd\/?p=4948#breadcrumb\"},\"inLanguage\":\"pt-BR\",\"potentialAction\":[{\"@type\":\"ReadAction\",\"target\":[\"https:\/\/noticiasemdestaque.com\/cd\/?p=4948\"]}]},{\"@type\":\"ImageObject\",\"inLanguage\":\"pt-BR\",\"@id\":\"https:\/\/noticiasemdestaque.com\/cd\/?p=4948#primaryimage\",\"url\":\"https:\/\/noticiasemdestaque.com\/cd\/wp-content\/uploads\/2017\/10\/camara_federal.jpg\",\"contentUrl\":\"https:\/\/noticiasemdestaque.com\/cd\/wp-content\/uploads\/2017\/10\/camara_federal.jpg\",\"width\":876,\"height\":585},{\"@type\":\"BreadcrumbList\",\"@id\":\"https:\/\/noticiasemdestaque.com\/cd\/?p=4948#breadcrumb\",\"itemListElement\":[{\"@type\":\"ListItem\",\"position\":1,\"name\":\"In\u00edcio\",\"item\":\"https:\/\/noticiasemdestaque.com\/cd\/\"},{\"@type\":\"ListItem\",\"position\":2,\"name\":\"C\u00e2mara Federal aprova fundo eleitoral com dinheiro p\u00fablico\"}]},{\"@type\":\"WebSite\",\"@id\":\"https:\/\/noticiasemdestaque.com\/cd\/#website\",\"url\":\"https:\/\/noticiasemdestaque.com\/cd\/\",\"name\":\"Not&iacute;cias em Destaque\",\"description\":\"\",\"publisher\":{\"@id\":\"https:\/\/noticiasemdestaque.com\/cd\/#organization\"},\"potentialAction\":[{\"@type\":\"SearchAction\",\"target\":{\"@type\":\"EntryPoint\",\"urlTemplate\":\"https:\/\/noticiasemdestaque.com\/cd\/?s={search_term_string}\"},\"query-input\":{\"@type\":\"PropertyValueSpecification\",\"valueRequired\":true,\"valueName\":\"search_term_string\"}}],\"inLanguage\":\"pt-BR\"},{\"@type\":\"Organization\",\"@id\":\"https:\/\/noticiasemdestaque.com\/cd\/#organization\",\"name\":\"Not\u00edcias em Destaque\",\"url\":\"https:\/\/noticiasemdestaque.com\/cd\/\",\"logo\":{\"@type\":\"ImageObject\",\"inLanguage\":\"pt-BR\",\"@id\":\"https:\/\/noticiasemdestaque.com\/cd\/#\/schema\/logo\/image\/\",\"url\":\"https:\/\/noticiasemdestaque.com\/cd\/wp-content\/uploads\/2022\/05\/imagem-base-noticiasemdestaque.png\",\"contentUrl\":\"https:\/\/noticiasemdestaque.com\/cd\/wp-content\/uploads\/2022\/05\/imagem-base-noticiasemdestaque.png\",\"width\":1200,\"height\":630,\"caption\":\"Not\u00edcias em Destaque\"},\"image\":{\"@id\":\"https:\/\/noticiasemdestaque.com\/cd\/#\/schema\/logo\/image\/\"}},{\"@type\":\"Person\",\"@id\":\"https:\/\/noticiasemdestaque.com\/cd\/#\/schema\/person\/21320b03a7e8bb90128938dafc9b908a\",\"name\":\"Not\u00edcias em Destaque\",\"url\":\"https:\/\/noticiasemdestaque.com\/cd\/?author=2\"}]}<\/script>\n<!-- \/ Yoast SEO plugin. -->","yoast_head_json":{"title":"C\u00e2mara Federal aprova fundo eleitoral com dinheiro p\u00fablico - Not&iacute;cias em Destaque","robots":{"index":"index","follow":"follow","max-snippet":"max-snippet:-1","max-image-preview":"max-image-preview:large","max-video-preview":"max-video-preview:-1"},"canonical":"https:\/\/noticiasemdestaque.com\/cd\/?p=4948","og_locale":"pt_BR","og_type":"article","og_title":"C\u00e2mara Federal aprova fundo eleitoral com dinheiro p\u00fablico - Not&iacute;cias em Destaque","og_description":"Deputados batem boca sobre pedido para vota\u00e7\u00e3o nominal, que foi rejeitada de forma apertada, por 226 votos a 202; valor pode chegar a R$ 1,7 bilh\u00e3o Em uma sess\u00e3o tumultuada, a C\u00e2mara aprovou a cria\u00e7\u00e3o do projeto de lei 8703\/17, que cria o Fundo Especial de Financiamento de Campanha, um caixa com dinheiro p\u00fablico para financiar campanhas eleitorais que pode chegar a R$ 1,7 bilh\u00e3o. A proposta j\u00e1 havia sido aprovada pelo Senado. Ainda falta votar os destaques e emendas. Depois, o projeto precisa ser promulgado at\u00e9 sexta-feira para valer em 2018 \u2013 pela legisla\u00e7\u00e3o, toda mudan\u00e7a na lei eleitoral precisa estar em vigor um ano antes da elei\u00e7\u00e3o. O texto foi aprovado em vota\u00e7\u00e3o simb\u00f3lica, em que cada parlamentar n\u00e3o \u00e9 obrigado a expor o seu voto. A decis\u00e3o gerou grande bate-boca entre os deputados porque boa parte deles queria vota\u00e7\u00e3o nominal. A quest\u00e3o foi para o plen\u00e1rio, que rejeitou a vota\u00e7\u00e3o aberta por 226 votos a 202. Pela proposta, a principal fonte de recursos do fundo ser\u00e3o as chamadas emendas impositivas de bancada, instrumento partid\u00e1rio usado para destinar dinheiro do Or\u00e7amento a redutos eleitorais dos parlamentares. A proposta de Monteiro garante ao menos 30% do valor dessas emendas para as campanhas eleitorais. Para 2018, por exemplo, o Or\u00e7amento garante 4,4 bilh\u00f5es de reais em recursos deste tipo. Isso quer dizer que, deste total, 1,3 bilh\u00e3o de reais ser\u00e1 destinado ao fundo, se a proposta for aprovada tamb\u00e9m na C\u00e2mara. Outra fonte do fundo eleitoral ser\u00e3o os programas partid\u00e1rios, exibidos em cadeia de r\u00e1dio e televis\u00e3o. Isso porque o texto sugere a transfer\u00eancia dos valores de compensa\u00e7\u00e3o fiscal cedidos \u00e0s emissoras de r\u00e1dio e televis\u00e3o que transmitem esses programas. Ou seja, esses programas deixam de existir e os recursos s\u00e3o canalizados \u00e0s campanhas. Com essas duas fontes, o fundo ter\u00e1 aproximadamente 1,7 bilh\u00e3o de reais \u00e0 disposi\u00e7\u00e3o para o processo eleitoral. Quando elaborada no Senado por Romero Juc\u00e1 (PMDB), l\u00edder do governo na Casa, a proposta original tinha como objetivo reunir aproximadamente 3,6 bilh\u00f5es de reais. Fonte: Veja","og_url":"https:\/\/noticiasemdestaque.com\/cd\/?p=4948","og_site_name":"Not&iacute;cias em Destaque","article_published_time":"2017-10-05T11:49:06+00:00","og_image":[{"width":876,"height":585,"url":"https:\/\/noticiasemdestaque.com\/cd\/wp-content\/uploads\/2017\/10\/camara_federal.jpg","type":"image\/jpeg"}],"author":"Not\u00edcias em Destaque","twitter_card":"summary_large_image","twitter_misc":{"Escrito por":"Not\u00edcias em Destaque","Est. tempo de leitura":"2 minutos"},"schema":{"@context":"https:\/\/schema.org","@graph":[{"@type":"Article","@id":"https:\/\/noticiasemdestaque.com\/cd\/?p=4948#article","isPartOf":{"@id":"https:\/\/noticiasemdestaque.com\/cd\/?p=4948"},"author":{"name":"Not\u00edcias em Destaque","@id":"https:\/\/noticiasemdestaque.com\/cd\/#\/schema\/person\/21320b03a7e8bb90128938dafc9b908a"},"headline":"C\u00e2mara Federal aprova fundo eleitoral com dinheiro p\u00fablico","datePublished":"2017-10-05T11:49:06+00:00","mainEntityOfPage":{"@id":"https:\/\/noticiasemdestaque.com\/cd\/?p=4948"},"wordCount":371,"publisher":{"@id":"https:\/\/noticiasemdestaque.com\/cd\/#organization"},"image":{"@id":"https:\/\/noticiasemdestaque.com\/cd\/?p=4948#primaryimage"},"thumbnailUrl":"https:\/\/noticiasemdestaque.com\/cd\/wp-content\/uploads\/2017\/10\/camara_federal.jpg","articleSection":["Pol\u00edtica"],"inLanguage":"pt-BR"},{"@type":"WebPage","@id":"https:\/\/noticiasemdestaque.com\/cd\/?p=4948","url":"https:\/\/noticiasemdestaque.com\/cd\/?p=4948","name":"C\u00e2mara Federal aprova fundo eleitoral com dinheiro p\u00fablico - Not&iacute;cias em Destaque","isPartOf":{"@id":"https:\/\/noticiasemdestaque.com\/cd\/#website"},"primaryImageOfPage":{"@id":"https:\/\/noticiasemdestaque.com\/cd\/?p=4948#primaryimage"},"image":{"@id":"https:\/\/noticiasemdestaque.com\/cd\/?p=4948#primaryimage"},"thumbnailUrl":"https:\/\/noticiasemdestaque.com\/cd\/wp-content\/uploads\/2017\/10\/camara_federal.jpg","datePublished":"2017-10-05T11:49:06+00:00","breadcrumb":{"@id":"https:\/\/noticiasemdestaque.com\/cd\/?p=4948#breadcrumb"},"inLanguage":"pt-BR","potentialAction":[{"@type":"ReadAction","target":["https:\/\/noticiasemdestaque.com\/cd\/?p=4948"]}]},{"@type":"ImageObject","inLanguage":"pt-BR","@id":"https:\/\/noticiasemdestaque.com\/cd\/?p=4948#primaryimage","url":"https:\/\/noticiasemdestaque.com\/cd\/wp-content\/uploads\/2017\/10\/camara_federal.jpg","contentUrl":"https:\/\/noticiasemdestaque.com\/cd\/wp-content\/uploads\/2017\/10\/camara_federal.jpg","width":876,"height":585},{"@type":"BreadcrumbList","@id":"https:\/\/noticiasemdestaque.com\/cd\/?p=4948#breadcrumb","itemListElement":[{"@type":"ListItem","position":1,"name":"In\u00edcio","item":"https:\/\/noticiasemdestaque.com\/cd\/"},{"@type":"ListItem","position":2,"name":"C\u00e2mara Federal aprova fundo eleitoral com dinheiro p\u00fablico"}]},{"@type":"WebSite","@id":"https:\/\/noticiasemdestaque.com\/cd\/#website","url":"https:\/\/noticiasemdestaque.com\/cd\/","name":"Not&iacute;cias em Destaque","description":"","publisher":{"@id":"https:\/\/noticiasemdestaque.com\/cd\/#organization"},"potentialAction":[{"@type":"SearchAction","target":{"@type":"EntryPoint","urlTemplate":"https:\/\/noticiasemdestaque.com\/cd\/?s={search_term_string}"},"query-input":{"@type":"PropertyValueSpecification","valueRequired":true,"valueName":"search_term_string"}}],"inLanguage":"pt-BR"},{"@type":"Organization","@id":"https:\/\/noticiasemdestaque.com\/cd\/#organization","name":"Not\u00edcias em Destaque","url":"https:\/\/noticiasemdestaque.com\/cd\/","logo":{"@type":"ImageObject","inLanguage":"pt-BR","@id":"https:\/\/noticiasemdestaque.com\/cd\/#\/schema\/logo\/image\/","url":"https:\/\/noticiasemdestaque.com\/cd\/wp-content\/uploads\/2022\/05\/imagem-base-noticiasemdestaque.png","contentUrl":"https:\/\/noticiasemdestaque.com\/cd\/wp-content\/uploads\/2022\/05\/imagem-base-noticiasemdestaque.png","width":1200,"height":630,"caption":"Not\u00edcias em Destaque"},"image":{"@id":"https:\/\/noticiasemdestaque.com\/cd\/#\/schema\/logo\/image\/"}},{"@type":"Person","@id":"https:\/\/noticiasemdestaque.com\/cd\/#\/schema\/person\/21320b03a7e8bb90128938dafc9b908a","name":"Not\u00edcias em Destaque","url":"https:\/\/noticiasemdestaque.com\/cd\/?author=2"}]}},"jetpack_featured_media_url":"https:\/\/noticiasemdestaque.com\/cd\/wp-content\/uploads\/2017\/10\/camara_federal.jpg","jetpack_sharing_enabled":true,"_links":{"self":[{"href":"https:\/\/noticiasemdestaque.com\/cd\/index.php?rest_route=\/wp\/v2\/posts\/4948","targetHints":{"allow":["GET"]}}],"collection":[{"href":"https:\/\/noticiasemdestaque.com\/cd\/index.php?rest_route=\/wp\/v2\/posts"}],"about":[{"href":"https:\/\/noticiasemdestaque.com\/cd\/index.php?rest_route=\/wp\/v2\/types\/post"}],"author":[{"embeddable":true,"href":"https:\/\/noticiasemdestaque.com\/cd\/index.php?rest_route=\/wp\/v2\/users\/2"}],"replies":[{"embeddable":true,"href":"https:\/\/noticiasemdestaque.com\/cd\/index.php?rest_route=%2Fwp%2Fv2%2Fcomments&post=4948"}],"version-history":[{"count":1,"href":"https:\/\/noticiasemdestaque.com\/cd\/index.php?rest_route=\/wp\/v2\/posts\/4948\/revisions"}],"predecessor-version":[{"id":4950,"href":"https:\/\/noticiasemdestaque.com\/cd\/index.php?rest_route=\/wp\/v2\/posts\/4948\/revisions\/4950"}],"wp:featuredmedia":[{"embeddable":true,"href":"https:\/\/noticiasemdestaque.com\/cd\/index.php?rest_route=\/wp\/v2\/media\/4949"}],"wp:attachment":[{"href":"https:\/\/noticiasemdestaque.com\/cd\/index.php?rest_route=%2Fwp%2Fv2%2Fmedia&parent=4948"}],"wp:term":[{"taxonomy":"category","embeddable":true,"href":"https:\/\/noticiasemdestaque.com\/cd\/index.php?rest_route=%2Fwp%2Fv2%2Fcategories&post=4948"},{"taxonomy":"post_tag","embeddable":true,"href":"https:\/\/noticiasemdestaque.com\/cd\/index.php?rest_route=%2Fwp%2Fv2%2Ftags&post=4948"}],"curies":[{"name":"wp","href":"https:\/\/api.w.org\/{rel}","templated":true}]}}