{"id":4945,"date":"2017-10-05T08:44:02","date_gmt":"2017-10-05T11:44:02","guid":{"rendered":"http:\/\/caririemdestaque.com\/cd\/?p=4945"},"modified":"2017-10-05T08:44:02","modified_gmt":"2017-10-05T11:44:02","slug":"governo-federal-renova-frota-de-57-do-samu-192","status":"publish","type":"post","link":"https:\/\/noticiasemdestaque.com\/cd\/?p=4945","title":{"rendered":"Governo Federal renova frota de 57% do Samu 192"},"content":{"rendered":"<p><a href=\"http:\/\/caririemdestaque.com\/cd\/wp-content\/uploads\/2017\/10\/samu_1.jpg\"><img fetchpriority=\"high\" decoding=\"async\" class=\"wp-image-4946 size-medium alignleft\" src=\"http:\/\/caririemdestaque.com\/cd\/wp-content\/uploads\/2017\/10\/samu_1-300x190.jpg\" alt=\"\" width=\"300\" height=\"190\" srcset=\"https:\/\/noticiasemdestaque.com\/cd\/wp-content\/uploads\/2017\/10\/samu_1-300x190.jpg 300w, https:\/\/noticiasemdestaque.com\/cd\/wp-content\/uploads\/2017\/10\/samu_1.jpg 600w\" sizes=\"(max-width: 300px) 100vw, 300px\" \/><\/a>O Governo Federal entregou, nesta quarta-feira (3\/10), 225 novas ambul\u00e2ncias para renovar a frota do Servi\u00e7o de Atendimento M\u00f3vel de Urg\u00eancia (SAMU 192) em todo pa\u00eds. A entrega foi feita em S\u00e3o Paulo pelo Presidente da Rep\u00fablica, Michel Temer e o Ministro da Sa\u00fade, Ricardo Barros. A nova remessa se soma aos 340 ve\u00edculos j\u00e1 entregues no in\u00edcio do ano. Mais de R$ 1 bilh\u00e3o s\u00e3o investidos para fortalecer o atendimento aos usu\u00e1rios do SUS. Ao todo, ser\u00e3o 2.249 ambul\u00e2ncias para renova\u00e7\u00e3o e amplia\u00e7\u00e3o do SAMU 192. Com isso, 57% da frota ser\u00e3o renovadas.<\/p>\n<p>Al\u00e9m da renova\u00e7\u00e3o, o Minist\u00e9rio da Sa\u00fade vai destinar outras 402 ambul\u00e2ncias para expans\u00e3o do SAMU 192. A medida beneficiar\u00e1 134 munic\u00edpios que ainda n\u00e3o possuem esse tipo de servi\u00e7o. Com a expans\u00e3o, a cobertura da popula\u00e7\u00e3o chegar\u00e1 a 84,1%, ou seja, 173 milh\u00f5es de brasileiros.<\/p>\n<p>\u201cEssas ambul\u00e2ncias s\u00e3o equipadas com aparelhos modernos, \u00e9 como se fosse uma UTI, diminuindo os riscos. Ent\u00e3o esses prefeitos que ao chegarem nas suas cidades seguramente saudados pela popula\u00e7\u00e3o e \u00e9 essa alegria social que n\u00f3s queremos compartilhar\u201d, ressaltou o presidente Michel Temer.<\/p>\n<p>Com o or\u00e7amento garantido neste ano, foram adquiridas 1.000 vans para transporte sanit\u00e1rio eletivo; 1.500 ambul\u00e2ncias do SAMU 192 e 6.500 ambul\u00e2ncias brancas &#8211; usadas no transporte de pacientes que necessitam de locomo\u00e7\u00e3o para os servi\u00e7os de sa\u00fade, al\u00e9m de garantir o transporte de pacientes entre munic\u00edpios e servi\u00e7os de refer\u00eancia em outras cidades. Essa a\u00e7\u00e3o facilita o acesso a consultas, exames e interna\u00e7\u00e3o para cirurgias eletivas, beneficiando diretamente milh\u00f5es de pessoas em todo o Brasil.<\/p>\n<p>O termo de doa\u00e7\u00e3o das ambul\u00e2ncias ser\u00e1 publicado no Di\u00e1rio Oficial da Uni\u00e3o, discriminando os munic\u00edpios contemplados e o prazo que os gestores ter\u00e3o para buscar os ve\u00edculos.<\/p>\n<p>\u201c\u00c9 uma a\u00e7\u00e3o importante que d\u00e1 seguran\u00e7a e qualidade no atendimento da popula\u00e7\u00e3o e ainda reduz os custos de manuten\u00e7\u00e3o dessas ambul\u00e2ncias que j\u00e1 n\u00e3o estavam em condi\u00e7\u00f5es de prestar o servi\u00e7o que a popula\u00e7\u00e3o precisa. Essa \u00e9 nossa meta, renovar o m\u00e1ximo de ambul\u00e2ncias para que o servi\u00e7o seja ampliado e confi\u00e1vel\u201d, enfatizou o Ministro da Sa\u00fade, Ricardo Barros.<\/p>\n<p>PANORAMA SAMU \u2013 Atualmente, o SAMU atende 81,8% da popula\u00e7\u00e3o brasileira, atuando em 3.514 munic\u00edpios. Em todo o Pa\u00eds, o Minist\u00e9rio da Sa\u00fade j\u00e1 habilitou 3.255 unidades m\u00f3veis, sendo 2.659 Unidades de Suporte B\u00e1sico e 596 de Suporte Avan\u00e7ado. Al\u00e9m disso, o Brasil conta com 267 Motol\u00e2ncias, 13 Equipes de Embarca\u00e7\u00e3o e 12 Equipes Aerom\u00e9dicas.<\/p>\n<p>O objetivo do SAMU 192, que funciona 24h por dia, \u00e9 socorrer rapidamente pacientes com necessidade de serem levados a unidades que prestam servi\u00e7os de urg\u00eancia ou emerg\u00eancia, como hospitais e Unidades de Pronto Atendimento (UPA), para atendimentos cl\u00ednicos, cir\u00fargicos, obst\u00e9tricos, entre outros, evitando sofrimento, sequelas ou mesmo a morte.<\/p>\n<p>O acionamento do SAMU se d\u00e1 pela liga\u00e7\u00e3o gratuita \u00e0 Central de Regula\u00e7\u00e3o de Urg\u00eancias, pelo n\u00famero 192. A partir do atendimento, as equipes formadas por m\u00e9dicos, enfermeiros, auxiliares de enfermagem e condutores socorristas s\u00e3o destacados para prestar o atendimento.<\/p>\n<p>Por Nicole Beraldo, da Ag\u00eancia Sa\u00fade<\/p>\n","protected":false},"excerpt":{"rendered":"<p>O Governo Federal entregou, nesta quarta-feira (3\/10), 225 novas ambul\u00e2ncias para renovar a frota do Servi\u00e7o de Atendimento M\u00f3vel de Urg\u00eancia (SAMU 192) em todo pa\u00eds. A entrega foi feita em S\u00e3o Paulo pelo Presidente da Rep\u00fablica, Michel Temer e o Ministro da Sa\u00fade, Ricardo Barros. A nova remessa se soma aos 340 ve\u00edculos j\u00e1 entregues no in\u00edcio do ano. Mais de R$ 1 bilh\u00e3o s\u00e3o investidos para fortalecer o atendimento aos usu\u00e1rios do SUS. Ao todo, ser\u00e3o 2.249 ambul\u00e2ncias para renova\u00e7\u00e3o e amplia\u00e7\u00e3o do SAMU 192. Com isso, 57% da frota ser\u00e3o renovadas. Al\u00e9m da renova\u00e7\u00e3o, o Minist\u00e9rio da Sa\u00fade vai destinar outras 402 ambul\u00e2ncias para expans\u00e3o do SAMU 192. A medida beneficiar\u00e1 134 munic\u00edpios que ainda n\u00e3o possuem esse tipo de servi\u00e7o. Com a expans\u00e3o, a cobertura da popula\u00e7\u00e3o chegar\u00e1 a 84,1%, ou seja, 173 milh\u00f5es de brasileiros. \u201cEssas ambul\u00e2ncias s\u00e3o equipadas com aparelhos modernos, \u00e9 como se fosse uma UTI, diminuindo os riscos. Ent\u00e3o esses prefeitos que ao chegarem nas suas cidades seguramente saudados pela popula\u00e7\u00e3o e \u00e9 essa alegria social que n\u00f3s queremos compartilhar\u201d, ressaltou o presidente Michel Temer. Com o or\u00e7amento garantido neste ano, foram adquiridas 1.000 vans para transporte sanit\u00e1rio eletivo; 1.500 ambul\u00e2ncias do SAMU 192 e 6.500 ambul\u00e2ncias brancas &#8211; usadas no transporte de pacientes que necessitam de locomo\u00e7\u00e3o para os servi\u00e7os de sa\u00fade, al\u00e9m de garantir o transporte de pacientes entre munic\u00edpios e servi\u00e7os de refer\u00eancia em outras cidades. Essa a\u00e7\u00e3o facilita o acesso a consultas, exames e interna\u00e7\u00e3o para cirurgias eletivas, beneficiando diretamente milh\u00f5es de pessoas em todo o Brasil. O termo de doa\u00e7\u00e3o das ambul\u00e2ncias ser\u00e1 publicado no Di\u00e1rio Oficial da Uni\u00e3o, discriminando os munic\u00edpios contemplados e o prazo que os gestores ter\u00e3o para buscar os ve\u00edculos. \u201c\u00c9 uma a\u00e7\u00e3o importante que d\u00e1 seguran\u00e7a e qualidade no atendimento da popula\u00e7\u00e3o e ainda reduz os custos de manuten\u00e7\u00e3o dessas ambul\u00e2ncias que j\u00e1 n\u00e3o estavam em condi\u00e7\u00f5es de prestar o servi\u00e7o que a popula\u00e7\u00e3o precisa. Essa \u00e9 nossa meta, renovar o m\u00e1ximo de ambul\u00e2ncias para que o servi\u00e7o seja ampliado e confi\u00e1vel\u201d, enfatizou o Ministro da Sa\u00fade, Ricardo Barros. PANORAMA SAMU \u2013 Atualmente, o SAMU atende 81,8% da popula\u00e7\u00e3o brasileira, atuando em 3.514 munic\u00edpios. Em todo o Pa\u00eds, o Minist\u00e9rio da Sa\u00fade j\u00e1 habilitou 3.255 unidades m\u00f3veis, sendo 2.659 Unidades de Suporte B\u00e1sico e 596 de Suporte Avan\u00e7ado. Al\u00e9m disso, o Brasil conta com 267 Motol\u00e2ncias, 13 Equipes de Embarca\u00e7\u00e3o e 12 Equipes Aerom\u00e9dicas. O objetivo do SAMU 192, que funciona 24h por dia, \u00e9 socorrer rapidamente pacientes com necessidade de serem levados a unidades que prestam servi\u00e7os de urg\u00eancia ou emerg\u00eancia, como hospitais e Unidades de Pronto Atendimento (UPA), para atendimentos cl\u00ednicos, cir\u00fargicos, obst\u00e9tricos, entre outros, evitando sofrimento, sequelas ou mesmo a morte. O acionamento do SAMU se d\u00e1 pela liga\u00e7\u00e3o gratuita \u00e0 Central de Regula\u00e7\u00e3o de Urg\u00eancias, pelo n\u00famero 192. A partir do atendimento, as equipes formadas por m\u00e9dicos, enfermeiros, auxiliares de enfermagem e condutores socorristas s\u00e3o destacados para prestar o atendimento. Por Nicole Beraldo, da Ag\u00eancia Sa\u00fade<\/p>\n","protected":false},"author":2,"featured_media":4946,"comment_status":"closed","ping_status":"open","sticky":false,"template":"","format":"standard","meta":{"_eb_attr":"","_jetpack_memberships_contains_paid_content":false,"footnotes":""},"categories":[8],"tags":[],"class_list":["post-4945","post","type-post","status-publish","format-standard","has-post-thumbnail","hentry","category-saude"],"yoast_head":"<!-- This site is optimized with the Yoast SEO plugin v26.5 - https:\/\/yoast.com\/wordpress\/plugins\/seo\/ -->\n<title>Governo Federal renova frota de 57% do Samu 192 - Not&iacute;cias em Destaque<\/title>\n<meta name=\"robots\" content=\"index, follow, max-snippet:-1, max-image-preview:large, max-video-preview:-1\" \/>\n<link rel=\"canonical\" href=\"https:\/\/noticiasemdestaque.com\/cd\/?p=4945\" \/>\n<meta property=\"og:locale\" content=\"pt_BR\" \/>\n<meta property=\"og:type\" content=\"article\" \/>\n<meta property=\"og:title\" content=\"Governo Federal renova frota de 57% do Samu 192 - Not&iacute;cias em Destaque\" \/>\n<meta property=\"og:description\" content=\"O Governo Federal entregou, nesta quarta-feira (3\/10), 225 novas ambul\u00e2ncias para renovar a frota do Servi\u00e7o de Atendimento M\u00f3vel de Urg\u00eancia (SAMU 192) em todo pa\u00eds. A entrega foi feita em S\u00e3o Paulo pelo Presidente da Rep\u00fablica, Michel Temer e o Ministro da Sa\u00fade, Ricardo Barros. A nova remessa se soma aos 340 ve\u00edculos j\u00e1 entregues no in\u00edcio do ano. Mais de R$ 1 bilh\u00e3o s\u00e3o investidos para fortalecer o atendimento aos usu\u00e1rios do SUS. Ao todo, ser\u00e3o 2.249 ambul\u00e2ncias para renova\u00e7\u00e3o e amplia\u00e7\u00e3o do SAMU 192. Com isso, 57% da frota ser\u00e3o renovadas. Al\u00e9m da renova\u00e7\u00e3o, o Minist\u00e9rio da Sa\u00fade vai destinar outras 402 ambul\u00e2ncias para expans\u00e3o do SAMU 192. A medida beneficiar\u00e1 134 munic\u00edpios que ainda n\u00e3o possuem esse tipo de servi\u00e7o. Com a expans\u00e3o, a cobertura da popula\u00e7\u00e3o chegar\u00e1 a 84,1%, ou seja, 173 milh\u00f5es de brasileiros. \u201cEssas ambul\u00e2ncias s\u00e3o equipadas com aparelhos modernos, \u00e9 como se fosse uma UTI, diminuindo os riscos. Ent\u00e3o esses prefeitos que ao chegarem nas suas cidades seguramente saudados pela popula\u00e7\u00e3o e \u00e9 essa alegria social que n\u00f3s queremos compartilhar\u201d, ressaltou o presidente Michel Temer. Com o or\u00e7amento garantido neste ano, foram adquiridas 1.000 vans para transporte sanit\u00e1rio eletivo; 1.500 ambul\u00e2ncias do SAMU 192 e 6.500 ambul\u00e2ncias brancas &#8211; usadas no transporte de pacientes que necessitam de locomo\u00e7\u00e3o para os servi\u00e7os de sa\u00fade, al\u00e9m de garantir o transporte de pacientes entre munic\u00edpios e servi\u00e7os de refer\u00eancia em outras cidades. Essa a\u00e7\u00e3o facilita o acesso a consultas, exames e interna\u00e7\u00e3o para cirurgias eletivas, beneficiando diretamente milh\u00f5es de pessoas em todo o Brasil. O termo de doa\u00e7\u00e3o das ambul\u00e2ncias ser\u00e1 publicado no Di\u00e1rio Oficial da Uni\u00e3o, discriminando os munic\u00edpios contemplados e o prazo que os gestores ter\u00e3o para buscar os ve\u00edculos. \u201c\u00c9 uma a\u00e7\u00e3o importante que d\u00e1 seguran\u00e7a e qualidade no atendimento da popula\u00e7\u00e3o e ainda reduz os custos de manuten\u00e7\u00e3o dessas ambul\u00e2ncias que j\u00e1 n\u00e3o estavam em condi\u00e7\u00f5es de prestar o servi\u00e7o que a popula\u00e7\u00e3o precisa. Essa \u00e9 nossa meta, renovar o m\u00e1ximo de ambul\u00e2ncias para que o servi\u00e7o seja ampliado e confi\u00e1vel\u201d, enfatizou o Ministro da Sa\u00fade, Ricardo Barros. PANORAMA SAMU \u2013 Atualmente, o SAMU atende 81,8% da popula\u00e7\u00e3o brasileira, atuando em 3.514 munic\u00edpios. Em todo o Pa\u00eds, o Minist\u00e9rio da Sa\u00fade j\u00e1 habilitou 3.255 unidades m\u00f3veis, sendo 2.659 Unidades de Suporte B\u00e1sico e 596 de Suporte Avan\u00e7ado. Al\u00e9m disso, o Brasil conta com 267 Motol\u00e2ncias, 13 Equipes de Embarca\u00e7\u00e3o e 12 Equipes Aerom\u00e9dicas. O objetivo do SAMU 192, que funciona 24h por dia, \u00e9 socorrer rapidamente pacientes com necessidade de serem levados a unidades que prestam servi\u00e7os de urg\u00eancia ou emerg\u00eancia, como hospitais e Unidades de Pronto Atendimento (UPA), para atendimentos cl\u00ednicos, cir\u00fargicos, obst\u00e9tricos, entre outros, evitando sofrimento, sequelas ou mesmo a morte. O acionamento do SAMU se d\u00e1 pela liga\u00e7\u00e3o gratuita \u00e0 Central de Regula\u00e7\u00e3o de Urg\u00eancias, pelo n\u00famero 192. A partir do atendimento, as equipes formadas por m\u00e9dicos, enfermeiros, auxiliares de enfermagem e condutores socorristas s\u00e3o destacados para prestar o atendimento. Por Nicole Beraldo, da Ag\u00eancia Sa\u00fade\" \/>\n<meta property=\"og:url\" content=\"https:\/\/noticiasemdestaque.com\/cd\/?p=4945\" \/>\n<meta property=\"og:site_name\" content=\"Not&iacute;cias em Destaque\" \/>\n<meta property=\"article:published_time\" content=\"2017-10-05T11:44:02+00:00\" \/>\n<meta property=\"og:image\" content=\"https:\/\/noticiasemdestaque.com\/cd\/wp-content\/uploads\/2017\/10\/samu_1.jpg\" \/>\n\t<meta property=\"og:image:width\" content=\"600\" \/>\n\t<meta property=\"og:image:height\" content=\"380\" \/>\n\t<meta property=\"og:image:type\" content=\"image\/jpeg\" \/>\n<meta name=\"author\" content=\"Not\u00edcias em Destaque\" \/>\n<meta name=\"twitter:card\" content=\"summary_large_image\" \/>\n<meta name=\"twitter:label1\" content=\"Escrito por\" \/>\n\t<meta name=\"twitter:data1\" content=\"Not\u00edcias em Destaque\" \/>\n\t<meta name=\"twitter:label2\" content=\"Est. tempo de leitura\" \/>\n\t<meta name=\"twitter:data2\" content=\"3 minutos\" \/>\n<script type=\"application\/ld+json\" class=\"yoast-schema-graph\">{\"@context\":\"https:\/\/schema.org\",\"@graph\":[{\"@type\":\"Article\",\"@id\":\"https:\/\/noticiasemdestaque.com\/cd\/?p=4945#article\",\"isPartOf\":{\"@id\":\"https:\/\/noticiasemdestaque.com\/cd\/?p=4945\"},\"author\":{\"name\":\"Not\u00edcias em Destaque\",\"@id\":\"https:\/\/noticiasemdestaque.com\/cd\/#\/schema\/person\/21320b03a7e8bb90128938dafc9b908a\"},\"headline\":\"Governo Federal renova frota de 57% do Samu 192\",\"datePublished\":\"2017-10-05T11:44:02+00:00\",\"mainEntityOfPage\":{\"@id\":\"https:\/\/noticiasemdestaque.com\/cd\/?p=4945\"},\"wordCount\":567,\"publisher\":{\"@id\":\"https:\/\/noticiasemdestaque.com\/cd\/#organization\"},\"image\":{\"@id\":\"https:\/\/noticiasemdestaque.com\/cd\/?p=4945#primaryimage\"},\"thumbnailUrl\":\"https:\/\/noticiasemdestaque.com\/cd\/wp-content\/uploads\/2017\/10\/samu_1.jpg\",\"articleSection\":[\"Sa\u00fade\"],\"inLanguage\":\"pt-BR\"},{\"@type\":\"WebPage\",\"@id\":\"https:\/\/noticiasemdestaque.com\/cd\/?p=4945\",\"url\":\"https:\/\/noticiasemdestaque.com\/cd\/?p=4945\",\"name\":\"Governo Federal renova frota de 57% do Samu 192 - Not&iacute;cias em Destaque\",\"isPartOf\":{\"@id\":\"https:\/\/noticiasemdestaque.com\/cd\/#website\"},\"primaryImageOfPage\":{\"@id\":\"https:\/\/noticiasemdestaque.com\/cd\/?p=4945#primaryimage\"},\"image\":{\"@id\":\"https:\/\/noticiasemdestaque.com\/cd\/?p=4945#primaryimage\"},\"thumbnailUrl\":\"https:\/\/noticiasemdestaque.com\/cd\/wp-content\/uploads\/2017\/10\/samu_1.jpg\",\"datePublished\":\"2017-10-05T11:44:02+00:00\",\"breadcrumb\":{\"@id\":\"https:\/\/noticiasemdestaque.com\/cd\/?p=4945#breadcrumb\"},\"inLanguage\":\"pt-BR\",\"potentialAction\":[{\"@type\":\"ReadAction\",\"target\":[\"https:\/\/noticiasemdestaque.com\/cd\/?p=4945\"]}]},{\"@type\":\"ImageObject\",\"inLanguage\":\"pt-BR\",\"@id\":\"https:\/\/noticiasemdestaque.com\/cd\/?p=4945#primaryimage\",\"url\":\"https:\/\/noticiasemdestaque.com\/cd\/wp-content\/uploads\/2017\/10\/samu_1.jpg\",\"contentUrl\":\"https:\/\/noticiasemdestaque.com\/cd\/wp-content\/uploads\/2017\/10\/samu_1.jpg\",\"width\":600,\"height\":380},{\"@type\":\"BreadcrumbList\",\"@id\":\"https:\/\/noticiasemdestaque.com\/cd\/?p=4945#breadcrumb\",\"itemListElement\":[{\"@type\":\"ListItem\",\"position\":1,\"name\":\"In\u00edcio\",\"item\":\"https:\/\/noticiasemdestaque.com\/cd\/\"},{\"@type\":\"ListItem\",\"position\":2,\"name\":\"Governo Federal renova frota de 57% do Samu 192\"}]},{\"@type\":\"WebSite\",\"@id\":\"https:\/\/noticiasemdestaque.com\/cd\/#website\",\"url\":\"https:\/\/noticiasemdestaque.com\/cd\/\",\"name\":\"Not&iacute;cias em Destaque\",\"description\":\"\",\"publisher\":{\"@id\":\"https:\/\/noticiasemdestaque.com\/cd\/#organization\"},\"potentialAction\":[{\"@type\":\"SearchAction\",\"target\":{\"@type\":\"EntryPoint\",\"urlTemplate\":\"https:\/\/noticiasemdestaque.com\/cd\/?s={search_term_string}\"},\"query-input\":{\"@type\":\"PropertyValueSpecification\",\"valueRequired\":true,\"valueName\":\"search_term_string\"}}],\"inLanguage\":\"pt-BR\"},{\"@type\":\"Organization\",\"@id\":\"https:\/\/noticiasemdestaque.com\/cd\/#organization\",\"name\":\"Not\u00edcias em Destaque\",\"url\":\"https:\/\/noticiasemdestaque.com\/cd\/\",\"logo\":{\"@type\":\"ImageObject\",\"inLanguage\":\"pt-BR\",\"@id\":\"https:\/\/noticiasemdestaque.com\/cd\/#\/schema\/logo\/image\/\",\"url\":\"https:\/\/noticiasemdestaque.com\/cd\/wp-content\/uploads\/2022\/05\/imagem-base-noticiasemdestaque.png\",\"contentUrl\":\"https:\/\/noticiasemdestaque.com\/cd\/wp-content\/uploads\/2022\/05\/imagem-base-noticiasemdestaque.png\",\"width\":1200,\"height\":630,\"caption\":\"Not\u00edcias em Destaque\"},\"image\":{\"@id\":\"https:\/\/noticiasemdestaque.com\/cd\/#\/schema\/logo\/image\/\"}},{\"@type\":\"Person\",\"@id\":\"https:\/\/noticiasemdestaque.com\/cd\/#\/schema\/person\/21320b03a7e8bb90128938dafc9b908a\",\"name\":\"Not\u00edcias em Destaque\",\"url\":\"https:\/\/noticiasemdestaque.com\/cd\/?author=2\"}]}<\/script>\n<!-- \/ Yoast SEO plugin. -->","yoast_head_json":{"title":"Governo Federal renova frota de 57% do Samu 192 - Not&iacute;cias em Destaque","robots":{"index":"index","follow":"follow","max-snippet":"max-snippet:-1","max-image-preview":"max-image-preview:large","max-video-preview":"max-video-preview:-1"},"canonical":"https:\/\/noticiasemdestaque.com\/cd\/?p=4945","og_locale":"pt_BR","og_type":"article","og_title":"Governo Federal renova frota de 57% do Samu 192 - Not&iacute;cias em Destaque","og_description":"O Governo Federal entregou, nesta quarta-feira (3\/10), 225 novas ambul\u00e2ncias para renovar a frota do Servi\u00e7o de Atendimento M\u00f3vel de Urg\u00eancia (SAMU 192) em todo pa\u00eds. A entrega foi feita em S\u00e3o Paulo pelo Presidente da Rep\u00fablica, Michel Temer e o Ministro da Sa\u00fade, Ricardo Barros. A nova remessa se soma aos 340 ve\u00edculos j\u00e1 entregues no in\u00edcio do ano. Mais de R$ 1 bilh\u00e3o s\u00e3o investidos para fortalecer o atendimento aos usu\u00e1rios do SUS. Ao todo, ser\u00e3o 2.249 ambul\u00e2ncias para renova\u00e7\u00e3o e amplia\u00e7\u00e3o do SAMU 192. Com isso, 57% da frota ser\u00e3o renovadas. Al\u00e9m da renova\u00e7\u00e3o, o Minist\u00e9rio da Sa\u00fade vai destinar outras 402 ambul\u00e2ncias para expans\u00e3o do SAMU 192. A medida beneficiar\u00e1 134 munic\u00edpios que ainda n\u00e3o possuem esse tipo de servi\u00e7o. Com a expans\u00e3o, a cobertura da popula\u00e7\u00e3o chegar\u00e1 a 84,1%, ou seja, 173 milh\u00f5es de brasileiros. \u201cEssas ambul\u00e2ncias s\u00e3o equipadas com aparelhos modernos, \u00e9 como se fosse uma UTI, diminuindo os riscos. Ent\u00e3o esses prefeitos que ao chegarem nas suas cidades seguramente saudados pela popula\u00e7\u00e3o e \u00e9 essa alegria social que n\u00f3s queremos compartilhar\u201d, ressaltou o presidente Michel Temer. Com o or\u00e7amento garantido neste ano, foram adquiridas 1.000 vans para transporte sanit\u00e1rio eletivo; 1.500 ambul\u00e2ncias do SAMU 192 e 6.500 ambul\u00e2ncias brancas &#8211; usadas no transporte de pacientes que necessitam de locomo\u00e7\u00e3o para os servi\u00e7os de sa\u00fade, al\u00e9m de garantir o transporte de pacientes entre munic\u00edpios e servi\u00e7os de refer\u00eancia em outras cidades. Essa a\u00e7\u00e3o facilita o acesso a consultas, exames e interna\u00e7\u00e3o para cirurgias eletivas, beneficiando diretamente milh\u00f5es de pessoas em todo o Brasil. O termo de doa\u00e7\u00e3o das ambul\u00e2ncias ser\u00e1 publicado no Di\u00e1rio Oficial da Uni\u00e3o, discriminando os munic\u00edpios contemplados e o prazo que os gestores ter\u00e3o para buscar os ve\u00edculos. \u201c\u00c9 uma a\u00e7\u00e3o importante que d\u00e1 seguran\u00e7a e qualidade no atendimento da popula\u00e7\u00e3o e ainda reduz os custos de manuten\u00e7\u00e3o dessas ambul\u00e2ncias que j\u00e1 n\u00e3o estavam em condi\u00e7\u00f5es de prestar o servi\u00e7o que a popula\u00e7\u00e3o precisa. Essa \u00e9 nossa meta, renovar o m\u00e1ximo de ambul\u00e2ncias para que o servi\u00e7o seja ampliado e confi\u00e1vel\u201d, enfatizou o Ministro da Sa\u00fade, Ricardo Barros. PANORAMA SAMU \u2013 Atualmente, o SAMU atende 81,8% da popula\u00e7\u00e3o brasileira, atuando em 3.514 munic\u00edpios. Em todo o Pa\u00eds, o Minist\u00e9rio da Sa\u00fade j\u00e1 habilitou 3.255 unidades m\u00f3veis, sendo 2.659 Unidades de Suporte B\u00e1sico e 596 de Suporte Avan\u00e7ado. Al\u00e9m disso, o Brasil conta com 267 Motol\u00e2ncias, 13 Equipes de Embarca\u00e7\u00e3o e 12 Equipes Aerom\u00e9dicas. O objetivo do SAMU 192, que funciona 24h por dia, \u00e9 socorrer rapidamente pacientes com necessidade de serem levados a unidades que prestam servi\u00e7os de urg\u00eancia ou emerg\u00eancia, como hospitais e Unidades de Pronto Atendimento (UPA), para atendimentos cl\u00ednicos, cir\u00fargicos, obst\u00e9tricos, entre outros, evitando sofrimento, sequelas ou mesmo a morte. O acionamento do SAMU se d\u00e1 pela liga\u00e7\u00e3o gratuita \u00e0 Central de Regula\u00e7\u00e3o de Urg\u00eancias, pelo n\u00famero 192. A partir do atendimento, as equipes formadas por m\u00e9dicos, enfermeiros, auxiliares de enfermagem e condutores socorristas s\u00e3o destacados para prestar o atendimento. Por Nicole Beraldo, da Ag\u00eancia Sa\u00fade","og_url":"https:\/\/noticiasemdestaque.com\/cd\/?p=4945","og_site_name":"Not&iacute;cias em Destaque","article_published_time":"2017-10-05T11:44:02+00:00","og_image":[{"width":600,"height":380,"url":"https:\/\/noticiasemdestaque.com\/cd\/wp-content\/uploads\/2017\/10\/samu_1.jpg","type":"image\/jpeg"}],"author":"Not\u00edcias em Destaque","twitter_card":"summary_large_image","twitter_misc":{"Escrito por":"Not\u00edcias em Destaque","Est. tempo de leitura":"3 minutos"},"schema":{"@context":"https:\/\/schema.org","@graph":[{"@type":"Article","@id":"https:\/\/noticiasemdestaque.com\/cd\/?p=4945#article","isPartOf":{"@id":"https:\/\/noticiasemdestaque.com\/cd\/?p=4945"},"author":{"name":"Not\u00edcias em Destaque","@id":"https:\/\/noticiasemdestaque.com\/cd\/#\/schema\/person\/21320b03a7e8bb90128938dafc9b908a"},"headline":"Governo Federal renova frota de 57% do Samu 192","datePublished":"2017-10-05T11:44:02+00:00","mainEntityOfPage":{"@id":"https:\/\/noticiasemdestaque.com\/cd\/?p=4945"},"wordCount":567,"publisher":{"@id":"https:\/\/noticiasemdestaque.com\/cd\/#organization"},"image":{"@id":"https:\/\/noticiasemdestaque.com\/cd\/?p=4945#primaryimage"},"thumbnailUrl":"https:\/\/noticiasemdestaque.com\/cd\/wp-content\/uploads\/2017\/10\/samu_1.jpg","articleSection":["Sa\u00fade"],"inLanguage":"pt-BR"},{"@type":"WebPage","@id":"https:\/\/noticiasemdestaque.com\/cd\/?p=4945","url":"https:\/\/noticiasemdestaque.com\/cd\/?p=4945","name":"Governo Federal renova frota de 57% do Samu 192 - Not&iacute;cias em Destaque","isPartOf":{"@id":"https:\/\/noticiasemdestaque.com\/cd\/#website"},"primaryImageOfPage":{"@id":"https:\/\/noticiasemdestaque.com\/cd\/?p=4945#primaryimage"},"image":{"@id":"https:\/\/noticiasemdestaque.com\/cd\/?p=4945#primaryimage"},"thumbnailUrl":"https:\/\/noticiasemdestaque.com\/cd\/wp-content\/uploads\/2017\/10\/samu_1.jpg","datePublished":"2017-10-05T11:44:02+00:00","breadcrumb":{"@id":"https:\/\/noticiasemdestaque.com\/cd\/?p=4945#breadcrumb"},"inLanguage":"pt-BR","potentialAction":[{"@type":"ReadAction","target":["https:\/\/noticiasemdestaque.com\/cd\/?p=4945"]}]},{"@type":"ImageObject","inLanguage":"pt-BR","@id":"https:\/\/noticiasemdestaque.com\/cd\/?p=4945#primaryimage","url":"https:\/\/noticiasemdestaque.com\/cd\/wp-content\/uploads\/2017\/10\/samu_1.jpg","contentUrl":"https:\/\/noticiasemdestaque.com\/cd\/wp-content\/uploads\/2017\/10\/samu_1.jpg","width":600,"height":380},{"@type":"BreadcrumbList","@id":"https:\/\/noticiasemdestaque.com\/cd\/?p=4945#breadcrumb","itemListElement":[{"@type":"ListItem","position":1,"name":"In\u00edcio","item":"https:\/\/noticiasemdestaque.com\/cd\/"},{"@type":"ListItem","position":2,"name":"Governo Federal renova frota de 57% do Samu 192"}]},{"@type":"WebSite","@id":"https:\/\/noticiasemdestaque.com\/cd\/#website","url":"https:\/\/noticiasemdestaque.com\/cd\/","name":"Not&iacute;cias em Destaque","description":"","publisher":{"@id":"https:\/\/noticiasemdestaque.com\/cd\/#organization"},"potentialAction":[{"@type":"SearchAction","target":{"@type":"EntryPoint","urlTemplate":"https:\/\/noticiasemdestaque.com\/cd\/?s={search_term_string}"},"query-input":{"@type":"PropertyValueSpecification","valueRequired":true,"valueName":"search_term_string"}}],"inLanguage":"pt-BR"},{"@type":"Organization","@id":"https:\/\/noticiasemdestaque.com\/cd\/#organization","name":"Not\u00edcias em Destaque","url":"https:\/\/noticiasemdestaque.com\/cd\/","logo":{"@type":"ImageObject","inLanguage":"pt-BR","@id":"https:\/\/noticiasemdestaque.com\/cd\/#\/schema\/logo\/image\/","url":"https:\/\/noticiasemdestaque.com\/cd\/wp-content\/uploads\/2022\/05\/imagem-base-noticiasemdestaque.png","contentUrl":"https:\/\/noticiasemdestaque.com\/cd\/wp-content\/uploads\/2022\/05\/imagem-base-noticiasemdestaque.png","width":1200,"height":630,"caption":"Not\u00edcias em Destaque"},"image":{"@id":"https:\/\/noticiasemdestaque.com\/cd\/#\/schema\/logo\/image\/"}},{"@type":"Person","@id":"https:\/\/noticiasemdestaque.com\/cd\/#\/schema\/person\/21320b03a7e8bb90128938dafc9b908a","name":"Not\u00edcias em Destaque","url":"https:\/\/noticiasemdestaque.com\/cd\/?author=2"}]}},"jetpack_featured_media_url":"https:\/\/noticiasemdestaque.com\/cd\/wp-content\/uploads\/2017\/10\/samu_1.jpg","jetpack_sharing_enabled":true,"_links":{"self":[{"href":"https:\/\/noticiasemdestaque.com\/cd\/index.php?rest_route=\/wp\/v2\/posts\/4945","targetHints":{"allow":["GET"]}}],"collection":[{"href":"https:\/\/noticiasemdestaque.com\/cd\/index.php?rest_route=\/wp\/v2\/posts"}],"about":[{"href":"https:\/\/noticiasemdestaque.com\/cd\/index.php?rest_route=\/wp\/v2\/types\/post"}],"author":[{"embeddable":true,"href":"https:\/\/noticiasemdestaque.com\/cd\/index.php?rest_route=\/wp\/v2\/users\/2"}],"replies":[{"embeddable":true,"href":"https:\/\/noticiasemdestaque.com\/cd\/index.php?rest_route=%2Fwp%2Fv2%2Fcomments&post=4945"}],"version-history":[{"count":1,"href":"https:\/\/noticiasemdestaque.com\/cd\/index.php?rest_route=\/wp\/v2\/posts\/4945\/revisions"}],"predecessor-version":[{"id":4947,"href":"https:\/\/noticiasemdestaque.com\/cd\/index.php?rest_route=\/wp\/v2\/posts\/4945\/revisions\/4947"}],"wp:featuredmedia":[{"embeddable":true,"href":"https:\/\/noticiasemdestaque.com\/cd\/index.php?rest_route=\/wp\/v2\/media\/4946"}],"wp:attachment":[{"href":"https:\/\/noticiasemdestaque.com\/cd\/index.php?rest_route=%2Fwp%2Fv2%2Fmedia&parent=4945"}],"wp:term":[{"taxonomy":"category","embeddable":true,"href":"https:\/\/noticiasemdestaque.com\/cd\/index.php?rest_route=%2Fwp%2Fv2%2Fcategories&post=4945"},{"taxonomy":"post_tag","embeddable":true,"href":"https:\/\/noticiasemdestaque.com\/cd\/index.php?rest_route=%2Fwp%2Fv2%2Ftags&post=4945"}],"curies":[{"name":"wp","href":"https:\/\/api.w.org\/{rel}","templated":true}]}}