{"id":4942,"date":"2017-10-05T08:34:02","date_gmt":"2017-10-05T11:34:02","guid":{"rendered":"http:\/\/caririemdestaque.com\/cd\/?p=4942"},"modified":"2017-10-05T08:34:02","modified_gmt":"2017-10-05T11:34:02","slug":"oportunidade-edital-do-concurso-da-educacao-na-pb-e-publicado-no-diario-oficial-e-oferece-1-mil-vagas","status":"publish","type":"post","link":"https:\/\/noticiasemdestaque.com\/cd\/?p=4942","title":{"rendered":"OPORTUNIDADE: edital do concurso da Educa\u00e7\u00e3o na PB \u00e9 publicado no Di\u00e1rio Oficial e oferece 1 mil vagas"},"content":{"rendered":"<p><a href=\"http:\/\/caririemdestaque.com\/cd\/wp-content\/uploads\/2017\/10\/635528.jpg\"><img fetchpriority=\"high\" decoding=\"async\" class=\"wp-image-4943 size-medium alignleft\" src=\"http:\/\/caririemdestaque.com\/cd\/wp-content\/uploads\/2017\/10\/635528-300x226.jpg\" alt=\"\" width=\"300\" height=\"226\" srcset=\"https:\/\/noticiasemdestaque.com\/cd\/wp-content\/uploads\/2017\/10\/635528-300x226.jpg 300w, https:\/\/noticiasemdestaque.com\/cd\/wp-content\/uploads\/2017\/10\/635528.jpg 625w\" sizes=\"(max-width: 300px) 100vw, 300px\" \/><\/a>O Governo do Estado divulgou, na edi\u00e7\u00e3o desta quinta-feira (05) do Di\u00e1rio Oficial, o edital para o concurso p\u00fablico para professores. O concurso vai oferecer\u00a0 1000 vagas para professor do ensino b\u00e1sico.<\/p>\n<p>De acordo com o edital, as inscri\u00e7\u00f5es ser\u00e3o iniciadas no dia 05 de novembro atrav\u00e9s do site da empresa organizadora. O valor das inscri\u00e7\u00f5es \u00e9 R$ 82. As provas ser\u00e3o aplicadas no dia 03 de dezembro.<\/p>\n<p>As vagas s\u00e3o para 12 disciplinas do ensino m\u00e9dio e est\u00e3o distribu\u00eddas nas 14 Ger\u00eancias Regionais de Educa\u00e7\u00e3o e as provas v\u00e3o ser realizadas nos munic\u00edpios sede de cada uma. O maior n\u00famero de vagas \u00e9 destinado a professores de portugu\u00eas e matem\u00e1tica, com 200 para cada disciplina.<\/p>\n<p>O vencimento previsto pelo edital \u00e9 de R$ 1.896,51 para uma carga hor\u00e1ria de 30 horas semanais. Pessoas com defici\u00eancia t\u00eam reservadas 5% das vagas. O prazo para pedir isen\u00e7\u00e3o do pagamento da taxa acontece entre segunda-feira (9) e o dia 13 de novembro. As provas v\u00e3o incluir quest\u00f5es de l\u00edngua portuguesa, legisla\u00e7\u00e3o b\u00e1sica da educa\u00e7\u00e3o, conhecimentos pedag\u00f3gicos e conhecimentos espec\u00edficos de cada \u00e1rea.<\/p>\n<p>O resultado final est\u00e1 previsto para ser divulgado no final de janeiro de 2018.<\/p>\n<p><img decoding=\"async\" src=\"http:\/\/www.pbagora.com.br\/userfiles\/edas.jpg\" \/><\/p>\n<p>Fonte: PBAGora<\/p>\n<p>&nbsp;<\/p>\n","protected":false},"excerpt":{"rendered":"<p>O Governo do Estado divulgou, na edi\u00e7\u00e3o desta quinta-feira (05) do Di\u00e1rio Oficial, o edital para o concurso p\u00fablico para professores. O concurso vai oferecer\u00a0 1000 vagas para professor do ensino b\u00e1sico. De acordo com o edital, as inscri\u00e7\u00f5es ser\u00e3o iniciadas no dia 05 de novembro atrav\u00e9s do site da empresa organizadora. O valor das inscri\u00e7\u00f5es \u00e9 R$ 82. As provas ser\u00e3o aplicadas no dia 03 de dezembro. As vagas s\u00e3o para 12 disciplinas do ensino m\u00e9dio e est\u00e3o distribu\u00eddas nas 14 Ger\u00eancias Regionais de Educa\u00e7\u00e3o e as provas v\u00e3o ser realizadas nos munic\u00edpios sede de cada uma. O maior n\u00famero de vagas \u00e9 destinado a professores de portugu\u00eas e matem\u00e1tica, com 200 para cada disciplina. O vencimento previsto pelo edital \u00e9 de R$ 1.896,51 para uma carga hor\u00e1ria de 30 horas semanais. Pessoas com defici\u00eancia t\u00eam reservadas 5% das vagas. O prazo para pedir isen\u00e7\u00e3o do pagamento da taxa acontece entre segunda-feira (9) e o dia 13 de novembro. As provas v\u00e3o incluir quest\u00f5es de l\u00edngua portuguesa, legisla\u00e7\u00e3o b\u00e1sica da educa\u00e7\u00e3o, conhecimentos pedag\u00f3gicos e conhecimentos espec\u00edficos de cada \u00e1rea. O resultado final est\u00e1 previsto para ser divulgado no final de janeiro de 2018. Fonte: PBAGora &nbsp;<\/p>\n","protected":false},"author":2,"featured_media":4943,"comment_status":"closed","ping_status":"open","sticky":false,"template":"","format":"standard","meta":{"_eb_attr":"","_jetpack_memberships_contains_paid_content":false,"footnotes":""},"categories":[6],"tags":[],"class_list":["post-4942","post","type-post","status-publish","format-standard","has-post-thumbnail","hentry","category-educacao"],"yoast_head":"<!-- This site is optimized with the Yoast SEO plugin v26.5 - https:\/\/yoast.com\/wordpress\/plugins\/seo\/ -->\n<title>OPORTUNIDADE: edital do concurso da Educa\u00e7\u00e3o na PB \u00e9 publicado no Di\u00e1rio Oficial e oferece 1 mil vagas - Not&iacute;cias em Destaque<\/title>\n<meta name=\"robots\" content=\"index, follow, max-snippet:-1, max-image-preview:large, max-video-preview:-1\" \/>\n<link rel=\"canonical\" href=\"https:\/\/noticiasemdestaque.com\/cd\/?p=4942\" \/>\n<meta property=\"og:locale\" content=\"pt_BR\" \/>\n<meta property=\"og:type\" content=\"article\" \/>\n<meta property=\"og:title\" content=\"OPORTUNIDADE: edital do concurso da Educa\u00e7\u00e3o na PB \u00e9 publicado no Di\u00e1rio Oficial e oferece 1 mil vagas - Not&iacute;cias em Destaque\" \/>\n<meta property=\"og:description\" content=\"O Governo do Estado divulgou, na edi\u00e7\u00e3o desta quinta-feira (05) do Di\u00e1rio Oficial, o edital para o concurso p\u00fablico para professores. O concurso vai oferecer\u00a0 1000 vagas para professor do ensino b\u00e1sico. De acordo com o edital, as inscri\u00e7\u00f5es ser\u00e3o iniciadas no dia 05 de novembro atrav\u00e9s do site da empresa organizadora. O valor das inscri\u00e7\u00f5es \u00e9 R$ 82. As provas ser\u00e3o aplicadas no dia 03 de dezembro. As vagas s\u00e3o para 12 disciplinas do ensino m\u00e9dio e est\u00e3o distribu\u00eddas nas 14 Ger\u00eancias Regionais de Educa\u00e7\u00e3o e as provas v\u00e3o ser realizadas nos munic\u00edpios sede de cada uma. O maior n\u00famero de vagas \u00e9 destinado a professores de portugu\u00eas e matem\u00e1tica, com 200 para cada disciplina. O vencimento previsto pelo edital \u00e9 de R$ 1.896,51 para uma carga hor\u00e1ria de 30 horas semanais. Pessoas com defici\u00eancia t\u00eam reservadas 5% das vagas. O prazo para pedir isen\u00e7\u00e3o do pagamento da taxa acontece entre segunda-feira (9) e o dia 13 de novembro. As provas v\u00e3o incluir quest\u00f5es de l\u00edngua portuguesa, legisla\u00e7\u00e3o b\u00e1sica da educa\u00e7\u00e3o, conhecimentos pedag\u00f3gicos e conhecimentos espec\u00edficos de cada \u00e1rea. O resultado final est\u00e1 previsto para ser divulgado no final de janeiro de 2018. Fonte: PBAGora &nbsp;\" \/>\n<meta property=\"og:url\" content=\"https:\/\/noticiasemdestaque.com\/cd\/?p=4942\" \/>\n<meta property=\"og:site_name\" content=\"Not&iacute;cias em Destaque\" \/>\n<meta property=\"article:published_time\" content=\"2017-10-05T11:34:02+00:00\" \/>\n<meta property=\"og:image\" content=\"https:\/\/noticiasemdestaque.com\/cd\/wp-content\/uploads\/2017\/10\/635528.jpg\" \/>\n\t<meta property=\"og:image:width\" content=\"625\" \/>\n\t<meta property=\"og:image:height\" content=\"470\" \/>\n\t<meta property=\"og:image:type\" content=\"image\/jpeg\" \/>\n<meta name=\"author\" content=\"Not\u00edcias em Destaque\" \/>\n<meta name=\"twitter:card\" content=\"summary_large_image\" \/>\n<meta name=\"twitter:label1\" content=\"Escrito por\" \/>\n\t<meta name=\"twitter:data1\" content=\"Not\u00edcias em Destaque\" \/>\n\t<meta name=\"twitter:label2\" content=\"Est. tempo de leitura\" \/>\n\t<meta name=\"twitter:data2\" content=\"1 minuto\" \/>\n<script type=\"application\/ld+json\" class=\"yoast-schema-graph\">{\"@context\":\"https:\/\/schema.org\",\"@graph\":[{\"@type\":\"Article\",\"@id\":\"https:\/\/noticiasemdestaque.com\/cd\/?p=4942#article\",\"isPartOf\":{\"@id\":\"https:\/\/noticiasemdestaque.com\/cd\/?p=4942\"},\"author\":{\"name\":\"Not\u00edcias em Destaque\",\"@id\":\"https:\/\/noticiasemdestaque.com\/cd\/#\/schema\/person\/21320b03a7e8bb90128938dafc9b908a\"},\"headline\":\"OPORTUNIDADE: edital do concurso da Educa\u00e7\u00e3o na PB \u00e9 publicado no Di\u00e1rio Oficial e oferece 1 mil vagas\",\"datePublished\":\"2017-10-05T11:34:02+00:00\",\"mainEntityOfPage\":{\"@id\":\"https:\/\/noticiasemdestaque.com\/cd\/?p=4942\"},\"wordCount\":230,\"publisher\":{\"@id\":\"https:\/\/noticiasemdestaque.com\/cd\/#organization\"},\"image\":{\"@id\":\"https:\/\/noticiasemdestaque.com\/cd\/?p=4942#primaryimage\"},\"thumbnailUrl\":\"https:\/\/noticiasemdestaque.com\/cd\/wp-content\/uploads\/2017\/10\/635528.jpg\",\"articleSection\":[\"Educa\u00e7\u00e3o\"],\"inLanguage\":\"pt-BR\"},{\"@type\":\"WebPage\",\"@id\":\"https:\/\/noticiasemdestaque.com\/cd\/?p=4942\",\"url\":\"https:\/\/noticiasemdestaque.com\/cd\/?p=4942\",\"name\":\"OPORTUNIDADE: edital do concurso da Educa\u00e7\u00e3o na PB \u00e9 publicado no Di\u00e1rio Oficial e oferece 1 mil vagas - Not&iacute;cias em Destaque\",\"isPartOf\":{\"@id\":\"https:\/\/noticiasemdestaque.com\/cd\/#website\"},\"primaryImageOfPage\":{\"@id\":\"https:\/\/noticiasemdestaque.com\/cd\/?p=4942#primaryimage\"},\"image\":{\"@id\":\"https:\/\/noticiasemdestaque.com\/cd\/?p=4942#primaryimage\"},\"thumbnailUrl\":\"https:\/\/noticiasemdestaque.com\/cd\/wp-content\/uploads\/2017\/10\/635528.jpg\",\"datePublished\":\"2017-10-05T11:34:02+00:00\",\"breadcrumb\":{\"@id\":\"https:\/\/noticiasemdestaque.com\/cd\/?p=4942#breadcrumb\"},\"inLanguage\":\"pt-BR\",\"potentialAction\":[{\"@type\":\"ReadAction\",\"target\":[\"https:\/\/noticiasemdestaque.com\/cd\/?p=4942\"]}]},{\"@type\":\"ImageObject\",\"inLanguage\":\"pt-BR\",\"@id\":\"https:\/\/noticiasemdestaque.com\/cd\/?p=4942#primaryimage\",\"url\":\"https:\/\/noticiasemdestaque.com\/cd\/wp-content\/uploads\/2017\/10\/635528.jpg\",\"contentUrl\":\"https:\/\/noticiasemdestaque.com\/cd\/wp-content\/uploads\/2017\/10\/635528.jpg\",\"width\":625,\"height\":470},{\"@type\":\"BreadcrumbList\",\"@id\":\"https:\/\/noticiasemdestaque.com\/cd\/?p=4942#breadcrumb\",\"itemListElement\":[{\"@type\":\"ListItem\",\"position\":1,\"name\":\"In\u00edcio\",\"item\":\"https:\/\/noticiasemdestaque.com\/cd\/\"},{\"@type\":\"ListItem\",\"position\":2,\"name\":\"OPORTUNIDADE: edital do concurso da Educa\u00e7\u00e3o na PB \u00e9 publicado no Di\u00e1rio Oficial e oferece 1 mil vagas\"}]},{\"@type\":\"WebSite\",\"@id\":\"https:\/\/noticiasemdestaque.com\/cd\/#website\",\"url\":\"https:\/\/noticiasemdestaque.com\/cd\/\",\"name\":\"Not&iacute;cias em Destaque\",\"description\":\"\",\"publisher\":{\"@id\":\"https:\/\/noticiasemdestaque.com\/cd\/#organization\"},\"potentialAction\":[{\"@type\":\"SearchAction\",\"target\":{\"@type\":\"EntryPoint\",\"urlTemplate\":\"https:\/\/noticiasemdestaque.com\/cd\/?s={search_term_string}\"},\"query-input\":{\"@type\":\"PropertyValueSpecification\",\"valueRequired\":true,\"valueName\":\"search_term_string\"}}],\"inLanguage\":\"pt-BR\"},{\"@type\":\"Organization\",\"@id\":\"https:\/\/noticiasemdestaque.com\/cd\/#organization\",\"name\":\"Not\u00edcias em Destaque\",\"url\":\"https:\/\/noticiasemdestaque.com\/cd\/\",\"logo\":{\"@type\":\"ImageObject\",\"inLanguage\":\"pt-BR\",\"@id\":\"https:\/\/noticiasemdestaque.com\/cd\/#\/schema\/logo\/image\/\",\"url\":\"https:\/\/noticiasemdestaque.com\/cd\/wp-content\/uploads\/2022\/05\/imagem-base-noticiasemdestaque.png\",\"contentUrl\":\"https:\/\/noticiasemdestaque.com\/cd\/wp-content\/uploads\/2022\/05\/imagem-base-noticiasemdestaque.png\",\"width\":1200,\"height\":630,\"caption\":\"Not\u00edcias em Destaque\"},\"image\":{\"@id\":\"https:\/\/noticiasemdestaque.com\/cd\/#\/schema\/logo\/image\/\"}},{\"@type\":\"Person\",\"@id\":\"https:\/\/noticiasemdestaque.com\/cd\/#\/schema\/person\/21320b03a7e8bb90128938dafc9b908a\",\"name\":\"Not\u00edcias em Destaque\",\"url\":\"https:\/\/noticiasemdestaque.com\/cd\/?author=2\"}]}<\/script>\n<!-- \/ Yoast SEO plugin. -->","yoast_head_json":{"title":"OPORTUNIDADE: edital do concurso da Educa\u00e7\u00e3o na PB \u00e9 publicado no Di\u00e1rio Oficial e oferece 1 mil vagas - Not&iacute;cias em Destaque","robots":{"index":"index","follow":"follow","max-snippet":"max-snippet:-1","max-image-preview":"max-image-preview:large","max-video-preview":"max-video-preview:-1"},"canonical":"https:\/\/noticiasemdestaque.com\/cd\/?p=4942","og_locale":"pt_BR","og_type":"article","og_title":"OPORTUNIDADE: edital do concurso da Educa\u00e7\u00e3o na PB \u00e9 publicado no Di\u00e1rio Oficial e oferece 1 mil vagas - Not&iacute;cias em Destaque","og_description":"O Governo do Estado divulgou, na edi\u00e7\u00e3o desta quinta-feira (05) do Di\u00e1rio Oficial, o edital para o concurso p\u00fablico para professores. O concurso vai oferecer\u00a0 1000 vagas para professor do ensino b\u00e1sico. De acordo com o edital, as inscri\u00e7\u00f5es ser\u00e3o iniciadas no dia 05 de novembro atrav\u00e9s do site da empresa organizadora. O valor das inscri\u00e7\u00f5es \u00e9 R$ 82. As provas ser\u00e3o aplicadas no dia 03 de dezembro. As vagas s\u00e3o para 12 disciplinas do ensino m\u00e9dio e est\u00e3o distribu\u00eddas nas 14 Ger\u00eancias Regionais de Educa\u00e7\u00e3o e as provas v\u00e3o ser realizadas nos munic\u00edpios sede de cada uma. O maior n\u00famero de vagas \u00e9 destinado a professores de portugu\u00eas e matem\u00e1tica, com 200 para cada disciplina. O vencimento previsto pelo edital \u00e9 de R$ 1.896,51 para uma carga hor\u00e1ria de 30 horas semanais. Pessoas com defici\u00eancia t\u00eam reservadas 5% das vagas. O prazo para pedir isen\u00e7\u00e3o do pagamento da taxa acontece entre segunda-feira (9) e o dia 13 de novembro. As provas v\u00e3o incluir quest\u00f5es de l\u00edngua portuguesa, legisla\u00e7\u00e3o b\u00e1sica da educa\u00e7\u00e3o, conhecimentos pedag\u00f3gicos e conhecimentos espec\u00edficos de cada \u00e1rea. O resultado final est\u00e1 previsto para ser divulgado no final de janeiro de 2018. Fonte: PBAGora &nbsp;","og_url":"https:\/\/noticiasemdestaque.com\/cd\/?p=4942","og_site_name":"Not&iacute;cias em Destaque","article_published_time":"2017-10-05T11:34:02+00:00","og_image":[{"width":625,"height":470,"url":"https:\/\/noticiasemdestaque.com\/cd\/wp-content\/uploads\/2017\/10\/635528.jpg","type":"image\/jpeg"}],"author":"Not\u00edcias em Destaque","twitter_card":"summary_large_image","twitter_misc":{"Escrito por":"Not\u00edcias em Destaque","Est. tempo de leitura":"1 minuto"},"schema":{"@context":"https:\/\/schema.org","@graph":[{"@type":"Article","@id":"https:\/\/noticiasemdestaque.com\/cd\/?p=4942#article","isPartOf":{"@id":"https:\/\/noticiasemdestaque.com\/cd\/?p=4942"},"author":{"name":"Not\u00edcias em Destaque","@id":"https:\/\/noticiasemdestaque.com\/cd\/#\/schema\/person\/21320b03a7e8bb90128938dafc9b908a"},"headline":"OPORTUNIDADE: edital do concurso da Educa\u00e7\u00e3o na PB \u00e9 publicado no Di\u00e1rio Oficial e oferece 1 mil vagas","datePublished":"2017-10-05T11:34:02+00:00","mainEntityOfPage":{"@id":"https:\/\/noticiasemdestaque.com\/cd\/?p=4942"},"wordCount":230,"publisher":{"@id":"https:\/\/noticiasemdestaque.com\/cd\/#organization"},"image":{"@id":"https:\/\/noticiasemdestaque.com\/cd\/?p=4942#primaryimage"},"thumbnailUrl":"https:\/\/noticiasemdestaque.com\/cd\/wp-content\/uploads\/2017\/10\/635528.jpg","articleSection":["Educa\u00e7\u00e3o"],"inLanguage":"pt-BR"},{"@type":"WebPage","@id":"https:\/\/noticiasemdestaque.com\/cd\/?p=4942","url":"https:\/\/noticiasemdestaque.com\/cd\/?p=4942","name":"OPORTUNIDADE: edital do concurso da Educa\u00e7\u00e3o na PB \u00e9 publicado no Di\u00e1rio Oficial e oferece 1 mil vagas - Not&iacute;cias em Destaque","isPartOf":{"@id":"https:\/\/noticiasemdestaque.com\/cd\/#website"},"primaryImageOfPage":{"@id":"https:\/\/noticiasemdestaque.com\/cd\/?p=4942#primaryimage"},"image":{"@id":"https:\/\/noticiasemdestaque.com\/cd\/?p=4942#primaryimage"},"thumbnailUrl":"https:\/\/noticiasemdestaque.com\/cd\/wp-content\/uploads\/2017\/10\/635528.jpg","datePublished":"2017-10-05T11:34:02+00:00","breadcrumb":{"@id":"https:\/\/noticiasemdestaque.com\/cd\/?p=4942#breadcrumb"},"inLanguage":"pt-BR","potentialAction":[{"@type":"ReadAction","target":["https:\/\/noticiasemdestaque.com\/cd\/?p=4942"]}]},{"@type":"ImageObject","inLanguage":"pt-BR","@id":"https:\/\/noticiasemdestaque.com\/cd\/?p=4942#primaryimage","url":"https:\/\/noticiasemdestaque.com\/cd\/wp-content\/uploads\/2017\/10\/635528.jpg","contentUrl":"https:\/\/noticiasemdestaque.com\/cd\/wp-content\/uploads\/2017\/10\/635528.jpg","width":625,"height":470},{"@type":"BreadcrumbList","@id":"https:\/\/noticiasemdestaque.com\/cd\/?p=4942#breadcrumb","itemListElement":[{"@type":"ListItem","position":1,"name":"In\u00edcio","item":"https:\/\/noticiasemdestaque.com\/cd\/"},{"@type":"ListItem","position":2,"name":"OPORTUNIDADE: edital do concurso da Educa\u00e7\u00e3o na PB \u00e9 publicado no Di\u00e1rio Oficial e oferece 1 mil vagas"}]},{"@type":"WebSite","@id":"https:\/\/noticiasemdestaque.com\/cd\/#website","url":"https:\/\/noticiasemdestaque.com\/cd\/","name":"Not&iacute;cias em Destaque","description":"","publisher":{"@id":"https:\/\/noticiasemdestaque.com\/cd\/#organization"},"potentialAction":[{"@type":"SearchAction","target":{"@type":"EntryPoint","urlTemplate":"https:\/\/noticiasemdestaque.com\/cd\/?s={search_term_string}"},"query-input":{"@type":"PropertyValueSpecification","valueRequired":true,"valueName":"search_term_string"}}],"inLanguage":"pt-BR"},{"@type":"Organization","@id":"https:\/\/noticiasemdestaque.com\/cd\/#organization","name":"Not\u00edcias em Destaque","url":"https:\/\/noticiasemdestaque.com\/cd\/","logo":{"@type":"ImageObject","inLanguage":"pt-BR","@id":"https:\/\/noticiasemdestaque.com\/cd\/#\/schema\/logo\/image\/","url":"https:\/\/noticiasemdestaque.com\/cd\/wp-content\/uploads\/2022\/05\/imagem-base-noticiasemdestaque.png","contentUrl":"https:\/\/noticiasemdestaque.com\/cd\/wp-content\/uploads\/2022\/05\/imagem-base-noticiasemdestaque.png","width":1200,"height":630,"caption":"Not\u00edcias em Destaque"},"image":{"@id":"https:\/\/noticiasemdestaque.com\/cd\/#\/schema\/logo\/image\/"}},{"@type":"Person","@id":"https:\/\/noticiasemdestaque.com\/cd\/#\/schema\/person\/21320b03a7e8bb90128938dafc9b908a","name":"Not\u00edcias em Destaque","url":"https:\/\/noticiasemdestaque.com\/cd\/?author=2"}]}},"jetpack_featured_media_url":"https:\/\/noticiasemdestaque.com\/cd\/wp-content\/uploads\/2017\/10\/635528.jpg","jetpack_sharing_enabled":true,"_links":{"self":[{"href":"https:\/\/noticiasemdestaque.com\/cd\/index.php?rest_route=\/wp\/v2\/posts\/4942","targetHints":{"allow":["GET"]}}],"collection":[{"href":"https:\/\/noticiasemdestaque.com\/cd\/index.php?rest_route=\/wp\/v2\/posts"}],"about":[{"href":"https:\/\/noticiasemdestaque.com\/cd\/index.php?rest_route=\/wp\/v2\/types\/post"}],"author":[{"embeddable":true,"href":"https:\/\/noticiasemdestaque.com\/cd\/index.php?rest_route=\/wp\/v2\/users\/2"}],"replies":[{"embeddable":true,"href":"https:\/\/noticiasemdestaque.com\/cd\/index.php?rest_route=%2Fwp%2Fv2%2Fcomments&post=4942"}],"version-history":[{"count":1,"href":"https:\/\/noticiasemdestaque.com\/cd\/index.php?rest_route=\/wp\/v2\/posts\/4942\/revisions"}],"predecessor-version":[{"id":4944,"href":"https:\/\/noticiasemdestaque.com\/cd\/index.php?rest_route=\/wp\/v2\/posts\/4942\/revisions\/4944"}],"wp:featuredmedia":[{"embeddable":true,"href":"https:\/\/noticiasemdestaque.com\/cd\/index.php?rest_route=\/wp\/v2\/media\/4943"}],"wp:attachment":[{"href":"https:\/\/noticiasemdestaque.com\/cd\/index.php?rest_route=%2Fwp%2Fv2%2Fmedia&parent=4942"}],"wp:term":[{"taxonomy":"category","embeddable":true,"href":"https:\/\/noticiasemdestaque.com\/cd\/index.php?rest_route=%2Fwp%2Fv2%2Fcategories&post=4942"},{"taxonomy":"post_tag","embeddable":true,"href":"https:\/\/noticiasemdestaque.com\/cd\/index.php?rest_route=%2Fwp%2Fv2%2Ftags&post=4942"}],"curies":[{"name":"wp","href":"https:\/\/api.w.org\/{rel}","templated":true}]}}