{"id":49367,"date":"2023-06-24T22:36:06","date_gmt":"2023-06-25T01:36:06","guid":{"rendered":"https:\/\/noticiasemdestaque.com\/cd\/?p=49367"},"modified":"2023-06-24T22:36:06","modified_gmt":"2023-06-25T01:36:06","slug":"selecao-brasileira-feminina-se-apresenta-para-periodo-de-preparacao-antes-de-convocacao-para-copa-do-mundo","status":"publish","type":"post","link":"https:\/\/noticiasemdestaque.com\/cd\/?p=49367","title":{"rendered":"Sele\u00e7\u00e3o Brasileira feminina se apresenta para per\u00edodo de prepara\u00e7\u00e3o antes de convoca\u00e7\u00e3o para Copa do Mundo"},"content":{"rendered":"<p><a href=\"https:\/\/noticiasemdestaque.com\/cd\/wp-content\/uploads\/2023\/06\/gettyimages-1150619042-1-scaled.webp\"><img fetchpriority=\"high\" decoding=\"async\" class=\"alignnone  wp-image-49369\" src=\"https:\/\/noticiasemdestaque.com\/cd\/wp-content\/uploads\/2023\/06\/gettyimages-1150619042-1-300x200.webp\" alt=\"\" width=\"1439\" height=\"959\" srcset=\"https:\/\/noticiasemdestaque.com\/cd\/wp-content\/uploads\/2023\/06\/gettyimages-1150619042-1-300x200.webp 300w, https:\/\/noticiasemdestaque.com\/cd\/wp-content\/uploads\/2023\/06\/gettyimages-1150619042-1-1024x683.webp 1024w, https:\/\/noticiasemdestaque.com\/cd\/wp-content\/uploads\/2023\/06\/gettyimages-1150619042-1-768x512.webp 768w, https:\/\/noticiasemdestaque.com\/cd\/wp-content\/uploads\/2023\/06\/gettyimages-1150619042-1-1536x1024.webp 1536w, https:\/\/noticiasemdestaque.com\/cd\/wp-content\/uploads\/2023\/06\/gettyimages-1150619042-1-2048x1366.webp 2048w, https:\/\/noticiasemdestaque.com\/cd\/wp-content\/uploads\/2023\/06\/gettyimages-1150619042-1-18x12.webp 18w\" sizes=\"(max-width: 1439px) 100vw, 1439px\" \/><\/a><\/p>\n<div class=\"ArticleParagraph_articleParagraph__hR05e\">\n<p>A Sele\u00e7\u00e3o Brasileira\u00a0<a href=\"https:\/\/www.gazetaesportiva.com\/futebol\/futebol-feminino\/\" target=\"_blank\" rel=\"noopener noreferrer\">feminina<\/a> se apresentou nesta \u00faltima segunda-feira (19), na Granja Comary, em Teres\u00f3polis (RJ), para um per\u00edodo de prepara\u00e7\u00e3o antes da convoca\u00e7\u00e3o para a Copa do Mundo da categoria, que acontece entre julho e agosto deste ano, na Austr\u00e1lia e Nova Zel\u00e2ndia.<\/p>\n<\/div>\n<div class=\"ArticleParagraph_articleParagraph__hR05e\">\n<p>As atletas ficar\u00e3o concentradas at\u00e9 o dia 25 de junho, quando passar\u00e3o por testes e treinamentos t\u00e1ticos visando o aprimoramento f\u00edsico.<\/p>\n<div class=\"ArticleTwitter_twitterComponent__9L3ua\">\n<div class=\"twitter-tweet twitter-tweet-rendered\"><iframe id=\"twitter-widget-0\" class=\"\" title=\"Twitter Tweet\" src=\"https:\/\/platform.twitter.com\/embed\/Tweet.html?creatorScreenName=OneFootball&amp;dnt=false&amp;embedId=twitter-widget-0&amp;features=eyJ0ZndfdGltZWxpbmVfbGlzdCI6eyJidWNrZXQiOltdLCJ2ZXJzaW9uIjpudWxsfSwidGZ3X2ZvbGxvd2VyX2NvdW50X3N1bnNldCI6eyJidWNrZXQiOnRydWUsInZlcnNpb24iOm51bGx9LCJ0ZndfdHdlZXRfZWRpdF9iYWNrZW5kIjp7ImJ1Y2tldCI6Im9uIiwidmVyc2lvbiI6bnVsbH0sInRmd19yZWZzcmNfc2Vzc2lvbiI6eyJidWNrZXQiOiJvbiIsInZlcnNpb24iOm51bGx9LCJ0ZndfZm9zbnJfc29mdF9pbnRlcnZlbnRpb25zX2VuYWJsZWQiOnsiYnVja2V0Ijoib24iLCJ2ZXJzaW9uIjpudWxsfSwidGZ3X21peGVkX21lZGlhXzE1ODk3Ijp7ImJ1Y2tldCI6InRyZWF0bWVudCIsInZlcnNpb24iOm51bGx9LCJ0ZndfZXhwZXJpbWVudHNfY29va2llX2V4cGlyYXRpb24iOnsiYnVja2V0IjoxMjA5NjAwLCJ2ZXJzaW9uIjpudWxsfSwidGZ3X3Nob3dfYmlyZHdhdGNoX3Bpdm90c19lbmFibGVkIjp7ImJ1Y2tldCI6Im9uIiwidmVyc2lvbiI6bnVsbH0sInRmd19kdXBsaWNhdGVfc2NyaWJlc190b19zZXR0aW5ncyI6eyJidWNrZXQiOiJvbiIsInZlcnNpb24iOm51bGx9LCJ0ZndfdXNlX3Byb2ZpbGVfaW1hZ2Vfc2hhcGVfZW5hYmxlZCI6eyJidWNrZXQiOiJvbiIsInZlcnNpb24iOm51bGx9LCJ0ZndfdmlkZW9faGxzX2R5bmFtaWNfbWFuaWZlc3RzXzE1MDgyIjp7ImJ1Y2tldCI6InRydWVfYml0cmF0ZSIsInZlcnNpb24iOm51bGx9LCJ0ZndfbGVnYWN5X3RpbWVsaW5lX3N1bnNldCI6eyJidWNrZXQiOnRydWUsInZlcnNpb24iOm51bGx9LCJ0ZndfdHdlZXRfZWRpdF9mcm9udGVuZCI6eyJidWNrZXQiOiJvbiIsInZlcnNpb24iOm51bGx9fQ%3D%3D&amp;frame=false&amp;hideCard=false&amp;hideThread=true&amp;id=1670834534839992334&amp;lang=pt&amp;origin=https%3A%2F%2Fwww.gazetaesportiva.com%2Ftimes%2Fbrasil%2Fselecao-brasileira-feminina-se-apresenta-para-periodo-de-preparacao-antes-de-convocacao-para-a-copa-do-mundo%2F&amp;sessionId=2ab9709c1891fb72373b077df2cdc392be9835f3&amp;siteScreenName=OneFootball&amp;theme=dark&amp;widgetsVersion=aaf4084522e3a%3A1674595607486&amp;width=550px\" frameborder=\"0\" scrolling=\"no\" allowfullscreen=\"allowfullscreen\" data-tweet-id=\"1670834534839992334\" data-mce-fragment=\"1\"><\/iframe><\/div>\n<\/div>\n<div class=\"ArticleParagraph_articleParagraph__hR05e\">\n<p>Dentre as presentes na apresenta\u00e7\u00e3o estavam as goleiras do sub-20, Ravena (Corinthians) e Leilane (Ferrovi\u00e1ria), as defensoras Tainara (Bayern de Munique), Kathellen (Real Madrid), Rafaelle, Antonia (Levante UD-ESP), M\u00f4nica (Madrid CFF-ESP) e Lauren, as meias Ana Vit\u00f3ria (Benfica), Angelina (OL Reign-EUA) e Andressa Alves, e as atacantes Gabi Nunes, Nycole (Benfica) e Geyse (Barcelona).<\/p>\n<p>A convoca\u00e7\u00e3o das representantes do\u00a0<a href=\"https:\/\/www.gazetaesportiva.com\/times\/brasil\" target=\"_blank\" rel=\"noopener noreferrer\">Brasil<\/a>\u00a0no Mundial acontece no pr\u00f3ximo dia 27. A Sele\u00e7\u00e3o Brasileira\u00a0figura no Grupo F da competi\u00e7\u00e3o, ao lado de Panam\u00e1, Fran\u00e7a e Jamaica, e tem estreia marcada para o dia 24, diante das panamenhas, a partir das 8 horas, no est\u00e1dio Hindmarsh, em Adelaide (AUS).<\/p>\n<\/div>\n<p><strong>Noticias em Destaque<\/strong><\/p>\n<p style=\"text-align: right;\"><em>Com One Football<\/em><\/p>\n<\/div>\n","protected":false},"excerpt":{"rendered":"<p>A Sele\u00e7\u00e3o Brasileira\u00a0feminina se apresentou nesta \u00faltima segunda-feira (19), na Granja Comary, em Teres\u00f3polis (RJ), para um per\u00edodo de prepara\u00e7\u00e3o antes da convoca\u00e7\u00e3o para a Copa do Mundo da categoria, que acontece entre julho e agosto deste ano, na Austr\u00e1lia e Nova Zel\u00e2ndia. As atletas ficar\u00e3o concentradas at\u00e9 o dia 25 de junho, quando passar\u00e3o por testes e treinamentos t\u00e1ticos visando o aprimoramento f\u00edsico. Dentre as presentes na apresenta\u00e7\u00e3o estavam as goleiras do sub-20, Ravena (Corinthians) e Leilane (Ferrovi\u00e1ria), as defensoras Tainara (Bayern de Munique), Kathellen (Real Madrid), Rafaelle, Antonia (Levante UD-ESP), M\u00f4nica (Madrid CFF-ESP) e Lauren, as meias Ana Vit\u00f3ria (Benfica), Angelina (OL Reign-EUA) e Andressa Alves, e as atacantes Gabi Nunes, Nycole (Benfica) e Geyse (Barcelona). A convoca\u00e7\u00e3o das representantes do\u00a0Brasil\u00a0no Mundial acontece no pr\u00f3ximo dia 27. A Sele\u00e7\u00e3o Brasileira\u00a0figura no Grupo F da competi\u00e7\u00e3o, ao lado de Panam\u00e1, Fran\u00e7a e Jamaica, e tem estreia marcada para o dia 24, diante das panamenhas, a partir das 8 horas, no est\u00e1dio Hindmarsh, em Adelaide (AUS). Noticias em Destaque Com One Football<\/p>\n","protected":false},"author":2,"featured_media":49369,"comment_status":"closed","ping_status":"open","sticky":false,"template":"","format":"standard","meta":{"_eb_attr":"","_jetpack_memberships_contains_paid_content":false,"footnotes":""},"categories":[15],"tags":[],"class_list":["post-49367","post","type-post","status-publish","format-standard","has-post-thumbnail","hentry","category-esporte"],"yoast_head":"<!-- This site is optimized with the Yoast SEO plugin v26.5 - https:\/\/yoast.com\/wordpress\/plugins\/seo\/ -->\n<title>Sele\u00e7\u00e3o Brasileira feminina se apresenta para per\u00edodo de prepara\u00e7\u00e3o antes de convoca\u00e7\u00e3o para Copa do Mundo - Not&iacute;cias em Destaque<\/title>\n<meta name=\"robots\" content=\"index, follow, max-snippet:-1, max-image-preview:large, max-video-preview:-1\" \/>\n<link rel=\"canonical\" href=\"https:\/\/noticiasemdestaque.com\/cd\/?p=49367\" \/>\n<meta property=\"og:locale\" content=\"pt_BR\" \/>\n<meta property=\"og:type\" content=\"article\" \/>\n<meta property=\"og:title\" content=\"Sele\u00e7\u00e3o Brasileira feminina se apresenta para per\u00edodo de prepara\u00e7\u00e3o antes de convoca\u00e7\u00e3o para Copa do Mundo - Not&iacute;cias em Destaque\" \/>\n<meta property=\"og:description\" content=\"A Sele\u00e7\u00e3o Brasileira\u00a0feminina se apresentou nesta \u00faltima segunda-feira (19), na Granja Comary, em Teres\u00f3polis (RJ), para um per\u00edodo de prepara\u00e7\u00e3o antes da convoca\u00e7\u00e3o para a Copa do Mundo da categoria, que acontece entre julho e agosto deste ano, na Austr\u00e1lia e Nova Zel\u00e2ndia. As atletas ficar\u00e3o concentradas at\u00e9 o dia 25 de junho, quando passar\u00e3o por testes e treinamentos t\u00e1ticos visando o aprimoramento f\u00edsico. Dentre as presentes na apresenta\u00e7\u00e3o estavam as goleiras do sub-20, Ravena (Corinthians) e Leilane (Ferrovi\u00e1ria), as defensoras Tainara (Bayern de Munique), Kathellen (Real Madrid), Rafaelle, Antonia (Levante UD-ESP), M\u00f4nica (Madrid CFF-ESP) e Lauren, as meias Ana Vit\u00f3ria (Benfica), Angelina (OL Reign-EUA) e Andressa Alves, e as atacantes Gabi Nunes, Nycole (Benfica) e Geyse (Barcelona). A convoca\u00e7\u00e3o das representantes do\u00a0Brasil\u00a0no Mundial acontece no pr\u00f3ximo dia 27. A Sele\u00e7\u00e3o Brasileira\u00a0figura no Grupo F da competi\u00e7\u00e3o, ao lado de Panam\u00e1, Fran\u00e7a e Jamaica, e tem estreia marcada para o dia 24, diante das panamenhas, a partir das 8 horas, no est\u00e1dio Hindmarsh, em Adelaide (AUS). Noticias em Destaque Com One Football\" \/>\n<meta property=\"og:url\" content=\"https:\/\/noticiasemdestaque.com\/cd\/?p=49367\" \/>\n<meta property=\"og:site_name\" content=\"Not&iacute;cias em Destaque\" \/>\n<meta property=\"article:published_time\" content=\"2023-06-25T01:36:06+00:00\" \/>\n<meta property=\"og:image\" content=\"https:\/\/noticiasemdestaque.com\/cd\/wp-content\/uploads\/2023\/06\/gettyimages-1150619042-1-scaled.webp\" \/>\n\t<meta property=\"og:image:width\" content=\"2560\" \/>\n\t<meta property=\"og:image:height\" content=\"1707\" \/>\n\t<meta property=\"og:image:type\" content=\"image\/webp\" \/>\n<meta name=\"author\" content=\"Not\u00edcias em Destaque\" \/>\n<meta name=\"twitter:card\" content=\"summary_large_image\" \/>\n<meta name=\"twitter:label1\" content=\"Escrito por\" \/>\n\t<meta name=\"twitter:data1\" content=\"Not\u00edcias em Destaque\" \/>\n\t<meta name=\"twitter:label2\" content=\"Est. tempo de leitura\" \/>\n\t<meta name=\"twitter:data2\" content=\"2 minutos\" \/>\n<script type=\"application\/ld+json\" class=\"yoast-schema-graph\">{\"@context\":\"https:\/\/schema.org\",\"@graph\":[{\"@type\":\"Article\",\"@id\":\"https:\/\/noticiasemdestaque.com\/cd\/?p=49367#article\",\"isPartOf\":{\"@id\":\"https:\/\/noticiasemdestaque.com\/cd\/?p=49367\"},\"author\":{\"name\":\"Not\u00edcias em Destaque\",\"@id\":\"https:\/\/noticiasemdestaque.com\/cd\/#\/schema\/person\/21320b03a7e8bb90128938dafc9b908a\"},\"headline\":\"Sele\u00e7\u00e3o Brasileira feminina se apresenta para per\u00edodo de prepara\u00e7\u00e3o antes de convoca\u00e7\u00e3o para Copa do Mundo\",\"datePublished\":\"2023-06-25T01:36:06+00:00\",\"mainEntityOfPage\":{\"@id\":\"https:\/\/noticiasemdestaque.com\/cd\/?p=49367\"},\"wordCount\":212,\"publisher\":{\"@id\":\"https:\/\/noticiasemdestaque.com\/cd\/#organization\"},\"image\":{\"@id\":\"https:\/\/noticiasemdestaque.com\/cd\/?p=49367#primaryimage\"},\"thumbnailUrl\":\"https:\/\/noticiasemdestaque.com\/cd\/wp-content\/uploads\/2023\/06\/gettyimages-1150619042-1-scaled.webp\",\"articleSection\":[\"Esporte\"],\"inLanguage\":\"pt-BR\"},{\"@type\":\"WebPage\",\"@id\":\"https:\/\/noticiasemdestaque.com\/cd\/?p=49367\",\"url\":\"https:\/\/noticiasemdestaque.com\/cd\/?p=49367\",\"name\":\"Sele\u00e7\u00e3o Brasileira feminina se apresenta para per\u00edodo de prepara\u00e7\u00e3o antes de convoca\u00e7\u00e3o para Copa do Mundo - Not&iacute;cias em Destaque\",\"isPartOf\":{\"@id\":\"https:\/\/noticiasemdestaque.com\/cd\/#website\"},\"primaryImageOfPage\":{\"@id\":\"https:\/\/noticiasemdestaque.com\/cd\/?p=49367#primaryimage\"},\"image\":{\"@id\":\"https:\/\/noticiasemdestaque.com\/cd\/?p=49367#primaryimage\"},\"thumbnailUrl\":\"https:\/\/noticiasemdestaque.com\/cd\/wp-content\/uploads\/2023\/06\/gettyimages-1150619042-1-scaled.webp\",\"datePublished\":\"2023-06-25T01:36:06+00:00\",\"breadcrumb\":{\"@id\":\"https:\/\/noticiasemdestaque.com\/cd\/?p=49367#breadcrumb\"},\"inLanguage\":\"pt-BR\",\"potentialAction\":[{\"@type\":\"ReadAction\",\"target\":[\"https:\/\/noticiasemdestaque.com\/cd\/?p=49367\"]}]},{\"@type\":\"ImageObject\",\"inLanguage\":\"pt-BR\",\"@id\":\"https:\/\/noticiasemdestaque.com\/cd\/?p=49367#primaryimage\",\"url\":\"https:\/\/noticiasemdestaque.com\/cd\/wp-content\/uploads\/2023\/06\/gettyimages-1150619042-1-scaled.webp\",\"contentUrl\":\"https:\/\/noticiasemdestaque.com\/cd\/wp-content\/uploads\/2023\/06\/gettyimages-1150619042-1-scaled.webp\",\"width\":2560,\"height\":1707},{\"@type\":\"BreadcrumbList\",\"@id\":\"https:\/\/noticiasemdestaque.com\/cd\/?p=49367#breadcrumb\",\"itemListElement\":[{\"@type\":\"ListItem\",\"position\":1,\"name\":\"In\u00edcio\",\"item\":\"https:\/\/noticiasemdestaque.com\/cd\/\"},{\"@type\":\"ListItem\",\"position\":2,\"name\":\"Sele\u00e7\u00e3o Brasileira feminina se apresenta para per\u00edodo de prepara\u00e7\u00e3o antes de convoca\u00e7\u00e3o para Copa do Mundo\"}]},{\"@type\":\"WebSite\",\"@id\":\"https:\/\/noticiasemdestaque.com\/cd\/#website\",\"url\":\"https:\/\/noticiasemdestaque.com\/cd\/\",\"name\":\"Not&iacute;cias em Destaque\",\"description\":\"\",\"publisher\":{\"@id\":\"https:\/\/noticiasemdestaque.com\/cd\/#organization\"},\"potentialAction\":[{\"@type\":\"SearchAction\",\"target\":{\"@type\":\"EntryPoint\",\"urlTemplate\":\"https:\/\/noticiasemdestaque.com\/cd\/?s={search_term_string}\"},\"query-input\":{\"@type\":\"PropertyValueSpecification\",\"valueRequired\":true,\"valueName\":\"search_term_string\"}}],\"inLanguage\":\"pt-BR\"},{\"@type\":\"Organization\",\"@id\":\"https:\/\/noticiasemdestaque.com\/cd\/#organization\",\"name\":\"Not\u00edcias em Destaque\",\"url\":\"https:\/\/noticiasemdestaque.com\/cd\/\",\"logo\":{\"@type\":\"ImageObject\",\"inLanguage\":\"pt-BR\",\"@id\":\"https:\/\/noticiasemdestaque.com\/cd\/#\/schema\/logo\/image\/\",\"url\":\"https:\/\/noticiasemdestaque.com\/cd\/wp-content\/uploads\/2022\/05\/imagem-base-noticiasemdestaque.png\",\"contentUrl\":\"https:\/\/noticiasemdestaque.com\/cd\/wp-content\/uploads\/2022\/05\/imagem-base-noticiasemdestaque.png\",\"width\":1200,\"height\":630,\"caption\":\"Not\u00edcias em Destaque\"},\"image\":{\"@id\":\"https:\/\/noticiasemdestaque.com\/cd\/#\/schema\/logo\/image\/\"}},{\"@type\":\"Person\",\"@id\":\"https:\/\/noticiasemdestaque.com\/cd\/#\/schema\/person\/21320b03a7e8bb90128938dafc9b908a\",\"name\":\"Not\u00edcias em Destaque\",\"url\":\"https:\/\/noticiasemdestaque.com\/cd\/?author=2\"}]}<\/script>\n<!-- \/ Yoast SEO plugin. -->","yoast_head_json":{"title":"Sele\u00e7\u00e3o Brasileira feminina se apresenta para per\u00edodo de prepara\u00e7\u00e3o antes de convoca\u00e7\u00e3o para Copa do Mundo - Not&iacute;cias em Destaque","robots":{"index":"index","follow":"follow","max-snippet":"max-snippet:-1","max-image-preview":"max-image-preview:large","max-video-preview":"max-video-preview:-1"},"canonical":"https:\/\/noticiasemdestaque.com\/cd\/?p=49367","og_locale":"pt_BR","og_type":"article","og_title":"Sele\u00e7\u00e3o Brasileira feminina se apresenta para per\u00edodo de prepara\u00e7\u00e3o antes de convoca\u00e7\u00e3o para Copa do Mundo - Not&iacute;cias em Destaque","og_description":"A Sele\u00e7\u00e3o Brasileira\u00a0feminina se apresentou nesta \u00faltima segunda-feira (19), na Granja Comary, em Teres\u00f3polis (RJ), para um per\u00edodo de prepara\u00e7\u00e3o antes da convoca\u00e7\u00e3o para a Copa do Mundo da categoria, que acontece entre julho e agosto deste ano, na Austr\u00e1lia e Nova Zel\u00e2ndia. As atletas ficar\u00e3o concentradas at\u00e9 o dia 25 de junho, quando passar\u00e3o por testes e treinamentos t\u00e1ticos visando o aprimoramento f\u00edsico. Dentre as presentes na apresenta\u00e7\u00e3o estavam as goleiras do sub-20, Ravena (Corinthians) e Leilane (Ferrovi\u00e1ria), as defensoras Tainara (Bayern de Munique), Kathellen (Real Madrid), Rafaelle, Antonia (Levante UD-ESP), M\u00f4nica (Madrid CFF-ESP) e Lauren, as meias Ana Vit\u00f3ria (Benfica), Angelina (OL Reign-EUA) e Andressa Alves, e as atacantes Gabi Nunes, Nycole (Benfica) e Geyse (Barcelona). A convoca\u00e7\u00e3o das representantes do\u00a0Brasil\u00a0no Mundial acontece no pr\u00f3ximo dia 27. A Sele\u00e7\u00e3o Brasileira\u00a0figura no Grupo F da competi\u00e7\u00e3o, ao lado de Panam\u00e1, Fran\u00e7a e Jamaica, e tem estreia marcada para o dia 24, diante das panamenhas, a partir das 8 horas, no est\u00e1dio Hindmarsh, em Adelaide (AUS). Noticias em Destaque Com One Football","og_url":"https:\/\/noticiasemdestaque.com\/cd\/?p=49367","og_site_name":"Not&iacute;cias em Destaque","article_published_time":"2023-06-25T01:36:06+00:00","og_image":[{"width":2560,"height":1707,"url":"https:\/\/noticiasemdestaque.com\/cd\/wp-content\/uploads\/2023\/06\/gettyimages-1150619042-1-scaled.webp","type":"image\/webp"}],"author":"Not\u00edcias em Destaque","twitter_card":"summary_large_image","twitter_misc":{"Escrito por":"Not\u00edcias em Destaque","Est. tempo de leitura":"2 minutos"},"schema":{"@context":"https:\/\/schema.org","@graph":[{"@type":"Article","@id":"https:\/\/noticiasemdestaque.com\/cd\/?p=49367#article","isPartOf":{"@id":"https:\/\/noticiasemdestaque.com\/cd\/?p=49367"},"author":{"name":"Not\u00edcias em Destaque","@id":"https:\/\/noticiasemdestaque.com\/cd\/#\/schema\/person\/21320b03a7e8bb90128938dafc9b908a"},"headline":"Sele\u00e7\u00e3o Brasileira feminina se apresenta para per\u00edodo de prepara\u00e7\u00e3o antes de convoca\u00e7\u00e3o para Copa do Mundo","datePublished":"2023-06-25T01:36:06+00:00","mainEntityOfPage":{"@id":"https:\/\/noticiasemdestaque.com\/cd\/?p=49367"},"wordCount":212,"publisher":{"@id":"https:\/\/noticiasemdestaque.com\/cd\/#organization"},"image":{"@id":"https:\/\/noticiasemdestaque.com\/cd\/?p=49367#primaryimage"},"thumbnailUrl":"https:\/\/noticiasemdestaque.com\/cd\/wp-content\/uploads\/2023\/06\/gettyimages-1150619042-1-scaled.webp","articleSection":["Esporte"],"inLanguage":"pt-BR"},{"@type":"WebPage","@id":"https:\/\/noticiasemdestaque.com\/cd\/?p=49367","url":"https:\/\/noticiasemdestaque.com\/cd\/?p=49367","name":"Sele\u00e7\u00e3o Brasileira feminina se apresenta para per\u00edodo de prepara\u00e7\u00e3o antes de convoca\u00e7\u00e3o para Copa do Mundo - Not&iacute;cias em Destaque","isPartOf":{"@id":"https:\/\/noticiasemdestaque.com\/cd\/#website"},"primaryImageOfPage":{"@id":"https:\/\/noticiasemdestaque.com\/cd\/?p=49367#primaryimage"},"image":{"@id":"https:\/\/noticiasemdestaque.com\/cd\/?p=49367#primaryimage"},"thumbnailUrl":"https:\/\/noticiasemdestaque.com\/cd\/wp-content\/uploads\/2023\/06\/gettyimages-1150619042-1-scaled.webp","datePublished":"2023-06-25T01:36:06+00:00","breadcrumb":{"@id":"https:\/\/noticiasemdestaque.com\/cd\/?p=49367#breadcrumb"},"inLanguage":"pt-BR","potentialAction":[{"@type":"ReadAction","target":["https:\/\/noticiasemdestaque.com\/cd\/?p=49367"]}]},{"@type":"ImageObject","inLanguage":"pt-BR","@id":"https:\/\/noticiasemdestaque.com\/cd\/?p=49367#primaryimage","url":"https:\/\/noticiasemdestaque.com\/cd\/wp-content\/uploads\/2023\/06\/gettyimages-1150619042-1-scaled.webp","contentUrl":"https:\/\/noticiasemdestaque.com\/cd\/wp-content\/uploads\/2023\/06\/gettyimages-1150619042-1-scaled.webp","width":2560,"height":1707},{"@type":"BreadcrumbList","@id":"https:\/\/noticiasemdestaque.com\/cd\/?p=49367#breadcrumb","itemListElement":[{"@type":"ListItem","position":1,"name":"In\u00edcio","item":"https:\/\/noticiasemdestaque.com\/cd\/"},{"@type":"ListItem","position":2,"name":"Sele\u00e7\u00e3o Brasileira feminina se apresenta para per\u00edodo de prepara\u00e7\u00e3o antes de convoca\u00e7\u00e3o para Copa do Mundo"}]},{"@type":"WebSite","@id":"https:\/\/noticiasemdestaque.com\/cd\/#website","url":"https:\/\/noticiasemdestaque.com\/cd\/","name":"Not&iacute;cias em Destaque","description":"","publisher":{"@id":"https:\/\/noticiasemdestaque.com\/cd\/#organization"},"potentialAction":[{"@type":"SearchAction","target":{"@type":"EntryPoint","urlTemplate":"https:\/\/noticiasemdestaque.com\/cd\/?s={search_term_string}"},"query-input":{"@type":"PropertyValueSpecification","valueRequired":true,"valueName":"search_term_string"}}],"inLanguage":"pt-BR"},{"@type":"Organization","@id":"https:\/\/noticiasemdestaque.com\/cd\/#organization","name":"Not\u00edcias em Destaque","url":"https:\/\/noticiasemdestaque.com\/cd\/","logo":{"@type":"ImageObject","inLanguage":"pt-BR","@id":"https:\/\/noticiasemdestaque.com\/cd\/#\/schema\/logo\/image\/","url":"https:\/\/noticiasemdestaque.com\/cd\/wp-content\/uploads\/2022\/05\/imagem-base-noticiasemdestaque.png","contentUrl":"https:\/\/noticiasemdestaque.com\/cd\/wp-content\/uploads\/2022\/05\/imagem-base-noticiasemdestaque.png","width":1200,"height":630,"caption":"Not\u00edcias em Destaque"},"image":{"@id":"https:\/\/noticiasemdestaque.com\/cd\/#\/schema\/logo\/image\/"}},{"@type":"Person","@id":"https:\/\/noticiasemdestaque.com\/cd\/#\/schema\/person\/21320b03a7e8bb90128938dafc9b908a","name":"Not\u00edcias em Destaque","url":"https:\/\/noticiasemdestaque.com\/cd\/?author=2"}]}},"jetpack_featured_media_url":"https:\/\/noticiasemdestaque.com\/cd\/wp-content\/uploads\/2023\/06\/gettyimages-1150619042-1-scaled.webp","jetpack_sharing_enabled":true,"_links":{"self":[{"href":"https:\/\/noticiasemdestaque.com\/cd\/index.php?rest_route=\/wp\/v2\/posts\/49367","targetHints":{"allow":["GET"]}}],"collection":[{"href":"https:\/\/noticiasemdestaque.com\/cd\/index.php?rest_route=\/wp\/v2\/posts"}],"about":[{"href":"https:\/\/noticiasemdestaque.com\/cd\/index.php?rest_route=\/wp\/v2\/types\/post"}],"author":[{"embeddable":true,"href":"https:\/\/noticiasemdestaque.com\/cd\/index.php?rest_route=\/wp\/v2\/users\/2"}],"replies":[{"embeddable":true,"href":"https:\/\/noticiasemdestaque.com\/cd\/index.php?rest_route=%2Fwp%2Fv2%2Fcomments&post=49367"}],"version-history":[{"count":1,"href":"https:\/\/noticiasemdestaque.com\/cd\/index.php?rest_route=\/wp\/v2\/posts\/49367\/revisions"}],"predecessor-version":[{"id":49370,"href":"https:\/\/noticiasemdestaque.com\/cd\/index.php?rest_route=\/wp\/v2\/posts\/49367\/revisions\/49370"}],"wp:featuredmedia":[{"embeddable":true,"href":"https:\/\/noticiasemdestaque.com\/cd\/index.php?rest_route=\/wp\/v2\/media\/49369"}],"wp:attachment":[{"href":"https:\/\/noticiasemdestaque.com\/cd\/index.php?rest_route=%2Fwp%2Fv2%2Fmedia&parent=49367"}],"wp:term":[{"taxonomy":"category","embeddable":true,"href":"https:\/\/noticiasemdestaque.com\/cd\/index.php?rest_route=%2Fwp%2Fv2%2Fcategories&post=49367"},{"taxonomy":"post_tag","embeddable":true,"href":"https:\/\/noticiasemdestaque.com\/cd\/index.php?rest_route=%2Fwp%2Fv2%2Ftags&post=49367"}],"curies":[{"name":"wp","href":"https:\/\/api.w.org\/{rel}","templated":true}]}}