{"id":49360,"date":"2023-06-24T11:13:17","date_gmt":"2023-06-24T14:13:17","guid":{"rendered":"https:\/\/noticiasemdestaque.com\/cd\/?p=49360"},"modified":"2023-06-24T11:13:17","modified_gmt":"2023-06-24T14:13:17","slug":"presidente-lula-aposta-em-definicao-sobre-acordo-mercosul-ue-ainda-em-2023","status":"publish","type":"post","link":"https:\/\/noticiasemdestaque.com\/cd\/?p=49360","title":{"rendered":"Presidente Lula aposta em defini\u00e7\u00e3o sobre acordo Mercosul-UE ainda em 2023"},"content":{"rendered":"<p><a href=\"https:\/\/noticiasemdestaque.com\/cd\/wp-content\/uploads\/2023\/06\/e3edc07c4f835e70a22c49df95abdc0f.jpg\"><img fetchpriority=\"high\" decoding=\"async\" class=\" wp-image-49362 alignleft\" src=\"https:\/\/noticiasemdestaque.com\/cd\/wp-content\/uploads\/2023\/06\/e3edc07c4f835e70a22c49df95abdc0f-300x180.jpg\" alt=\"\" width=\"418\" height=\"251\" srcset=\"https:\/\/noticiasemdestaque.com\/cd\/wp-content\/uploads\/2023\/06\/e3edc07c4f835e70a22c49df95abdc0f-300x180.jpg 300w, https:\/\/noticiasemdestaque.com\/cd\/wp-content\/uploads\/2023\/06\/e3edc07c4f835e70a22c49df95abdc0f-768x460.jpg 768w, https:\/\/noticiasemdestaque.com\/cd\/wp-content\/uploads\/2023\/06\/e3edc07c4f835e70a22c49df95abdc0f-18x12.jpg 18w, https:\/\/noticiasemdestaque.com\/cd\/wp-content\/uploads\/2023\/06\/e3edc07c4f835e70a22c49df95abdc0f.jpg 800w\" sizes=\"(max-width: 418px) 100vw, 418px\" \/><\/a><\/p>\n<p>O presidente Luiz In\u00e1cio Lula da Silva afirmou, neste s\u00e1bado (24), que ainda acredita em um comum acordo com a Uni\u00e3o Europeia na parceria com o Mercosul. Ele disse que a resposta dos pa\u00edses do Sul sobre a carta adicional dos pa\u00edses europeus deve ser respondida at\u00e9 o final deste ano. Para o brasileiro, o protecionismo tem dificultado a aprova\u00e7\u00e3o do acordo. Lula cumpriu agenda na It\u00e1lia e na Fran\u00e7a nesta semana e falou com a imprensa em Paris neste s\u00e1bado, antes de embarcar de volta para o Brasil.<\/p>\n<p>\u201cO fato de ter dois pontos nervosos e dois pontos considerados essenciais para os dois lados, a gente n\u00e3o pode fazer acordo com esses, mas vamos melhorar outras coisas. Precisamos fazer o acordo com a Uni\u00e3o Europeia e a Uni\u00e3o Europeia precisa do Mercosul, com a Am\u00e9rica do Sul e com a Am\u00e9rica Latina. Ficamos de responder a carta adicional da Uni\u00e3o Europeia e penso que at\u00e9 o final do ano a gente tem uma decis\u00e3o sobre o assunto\u201d, declarou \u00e0 imprensa.<\/p>\n<p>Lula disse ainda que o presidente da Fran\u00e7a, Emmanuel Macron, tem dificuldades no Congresso franc\u00eas, e que \u00e9 normal o pa\u00eds defender a sua agricultura. \u201cEle [Macron] tem dificuldades no Congresso, mas se a gente puder conversar com nossos amigos mais \u00e0 esquerda para poder ajudar, para que seja aprovado o acordo no Mercosul, n\u00f3s vamos conversar com todos os amigos da Fran\u00e7a para convencer da import\u00e2ncia, porque n\u00e3o \u00e9 o protecionismo que vai ajudar\u201d.\u00a0 Macron sofre press\u00e3o do Parlamento franc\u00eas que \u00e9 contra o tratado por raz\u00f5es de protecionismo, principalmente agr\u00edcola.<\/p>\n<p>Lula criticou o protecionismo dos pa\u00edses ricos. \u201cDos anos 80 para c\u00e1, tudo o que as pessoas falavam \u00e9 de que quanto mais abertura melhor, quanto mais livre com\u00e9rcio melhor, mas quando chega \u00e0s vezes dos pa\u00edses em desenvolvimento de competir em igualdade de condi\u00e7\u00f5es, os mais ricos viram protecionistas\u201d.<\/p>\n<p>Na capital francesa, Lula teve reuni\u00e3o bilateral com o presidente franc\u00eas e tratou da aprova\u00e7\u00e3o, na semana passada, pela Assembleia Nacional da Fran\u00e7a, de uma resolu\u00e7\u00e3o contra a ratifica\u00e7\u00e3o do acordo Mercosul-Uni\u00e3o Europeia (UE). Lula \u00e9 contra a flexibiliza\u00e7\u00e3o das regras sobre compras governamentais previstas no acordo.<\/p>\n<p>Segundo o presidente, o assunto \u00e9 importante tamb\u00e9m para o encontro da Comunidade dos Estados da Am\u00e9rica Latina e do Caribe (Celac). \u201cO assunto \u00e9 importante para Uni\u00e3o Europeia e Mercosul, mas tamb\u00e9m para estabelecermos uma nova rodada de conversa\u00e7\u00e3o para ver se a gente aproxima de acordo tamb\u00e9m na Celac\u201d. A UE e a Celac far\u00e3o uma c\u00fapula em Bruxelas, capital da B\u00e9lgica, entre os dias 17 e 18 de julho.<\/p>\n<p><strong>Noticias em Destaque<\/strong><\/p>\n<p style=\"text-align: right;\"><em>Fonte: Politica JP<\/em><\/p>\n","protected":false},"excerpt":{"rendered":"<p>O presidente Luiz In\u00e1cio Lula da Silva afirmou, neste s\u00e1bado (24), que ainda acredita em um comum acordo com a Uni\u00e3o Europeia na parceria com o Mercosul. Ele disse que a resposta dos pa\u00edses do Sul sobre a carta adicional dos pa\u00edses europeus deve ser respondida at\u00e9 o final deste ano. Para o brasileiro, o protecionismo tem dificultado a aprova\u00e7\u00e3o do acordo. Lula cumpriu agenda na It\u00e1lia e na Fran\u00e7a nesta semana e falou com a imprensa em Paris neste s\u00e1bado, antes de embarcar de volta para o Brasil. \u201cO fato de ter dois pontos nervosos e dois pontos considerados essenciais para os dois lados, a gente n\u00e3o pode fazer acordo com esses, mas vamos melhorar outras coisas. Precisamos fazer o acordo com a Uni\u00e3o Europeia e a Uni\u00e3o Europeia precisa do Mercosul, com a Am\u00e9rica do Sul e com a Am\u00e9rica Latina. Ficamos de responder a carta adicional da Uni\u00e3o Europeia e penso que at\u00e9 o final do ano a gente tem uma decis\u00e3o sobre o assunto\u201d, declarou \u00e0 imprensa. Lula disse ainda que o presidente da Fran\u00e7a, Emmanuel Macron, tem dificuldades no Congresso franc\u00eas, e que \u00e9 normal o pa\u00eds defender a sua agricultura. \u201cEle [Macron] tem dificuldades no Congresso, mas se a gente puder conversar com nossos amigos mais \u00e0 esquerda para poder ajudar, para que seja aprovado o acordo no Mercosul, n\u00f3s vamos conversar com todos os amigos da Fran\u00e7a para convencer da import\u00e2ncia, porque n\u00e3o \u00e9 o protecionismo que vai ajudar\u201d.\u00a0 Macron sofre press\u00e3o do Parlamento franc\u00eas que \u00e9 contra o tratado por raz\u00f5es de protecionismo, principalmente agr\u00edcola. Lula criticou o protecionismo dos pa\u00edses ricos. \u201cDos anos 80 para c\u00e1, tudo o que as pessoas falavam \u00e9 de que quanto mais abertura melhor, quanto mais livre com\u00e9rcio melhor, mas quando chega \u00e0s vezes dos pa\u00edses em desenvolvimento de competir em igualdade de condi\u00e7\u00f5es, os mais ricos viram protecionistas\u201d. Na capital francesa, Lula teve reuni\u00e3o bilateral com o presidente franc\u00eas e tratou da aprova\u00e7\u00e3o, na semana passada, pela Assembleia Nacional da Fran\u00e7a, de uma resolu\u00e7\u00e3o contra a ratifica\u00e7\u00e3o do acordo Mercosul-Uni\u00e3o Europeia (UE). Lula \u00e9 contra a flexibiliza\u00e7\u00e3o das regras sobre compras governamentais previstas no acordo. Segundo o presidente, o assunto \u00e9 importante tamb\u00e9m para o encontro da Comunidade dos Estados da Am\u00e9rica Latina e do Caribe (Celac). \u201cO assunto \u00e9 importante para Uni\u00e3o Europeia e Mercosul, mas tamb\u00e9m para estabelecermos uma nova rodada de conversa\u00e7\u00e3o para ver se a gente aproxima de acordo tamb\u00e9m na Celac\u201d. A UE e a Celac far\u00e3o uma c\u00fapula em Bruxelas, capital da B\u00e9lgica, entre os dias 17 e 18 de julho. Noticias em Destaque Fonte: Politica JP<\/p>\n","protected":false},"author":2,"featured_media":49362,"comment_status":"closed","ping_status":"open","sticky":false,"template":"","format":"standard","meta":{"_eb_attr":"","_jetpack_memberships_contains_paid_content":false,"footnotes":""},"categories":[12],"tags":[],"class_list":["post-49360","post","type-post","status-publish","format-standard","has-post-thumbnail","hentry","category-geral"],"yoast_head":"<!-- This site is optimized with the Yoast SEO plugin v26.5 - https:\/\/yoast.com\/wordpress\/plugins\/seo\/ -->\n<title>Presidente Lula aposta em defini\u00e7\u00e3o sobre acordo Mercosul-UE ainda em 2023 - Not&iacute;cias em Destaque<\/title>\n<meta name=\"robots\" content=\"index, follow, max-snippet:-1, max-image-preview:large, max-video-preview:-1\" \/>\n<link rel=\"canonical\" href=\"https:\/\/noticiasemdestaque.com\/cd\/?p=49360\" \/>\n<meta property=\"og:locale\" content=\"pt_BR\" \/>\n<meta property=\"og:type\" content=\"article\" \/>\n<meta property=\"og:title\" content=\"Presidente Lula aposta em defini\u00e7\u00e3o sobre acordo Mercosul-UE ainda em 2023 - Not&iacute;cias em Destaque\" \/>\n<meta property=\"og:description\" content=\"O presidente Luiz In\u00e1cio Lula da Silva afirmou, neste s\u00e1bado (24), que ainda acredita em um comum acordo com a Uni\u00e3o Europeia na parceria com o Mercosul. Ele disse que a resposta dos pa\u00edses do Sul sobre a carta adicional dos pa\u00edses europeus deve ser respondida at\u00e9 o final deste ano. Para o brasileiro, o protecionismo tem dificultado a aprova\u00e7\u00e3o do acordo. Lula cumpriu agenda na It\u00e1lia e na Fran\u00e7a nesta semana e falou com a imprensa em Paris neste s\u00e1bado, antes de embarcar de volta para o Brasil. \u201cO fato de ter dois pontos nervosos e dois pontos considerados essenciais para os dois lados, a gente n\u00e3o pode fazer acordo com esses, mas vamos melhorar outras coisas. Precisamos fazer o acordo com a Uni\u00e3o Europeia e a Uni\u00e3o Europeia precisa do Mercosul, com a Am\u00e9rica do Sul e com a Am\u00e9rica Latina. Ficamos de responder a carta adicional da Uni\u00e3o Europeia e penso que at\u00e9 o final do ano a gente tem uma decis\u00e3o sobre o assunto\u201d, declarou \u00e0 imprensa. Lula disse ainda que o presidente da Fran\u00e7a, Emmanuel Macron, tem dificuldades no Congresso franc\u00eas, e que \u00e9 normal o pa\u00eds defender a sua agricultura. \u201cEle [Macron] tem dificuldades no Congresso, mas se a gente puder conversar com nossos amigos mais \u00e0 esquerda para poder ajudar, para que seja aprovado o acordo no Mercosul, n\u00f3s vamos conversar com todos os amigos da Fran\u00e7a para convencer da import\u00e2ncia, porque n\u00e3o \u00e9 o protecionismo que vai ajudar\u201d.\u00a0 Macron sofre press\u00e3o do Parlamento franc\u00eas que \u00e9 contra o tratado por raz\u00f5es de protecionismo, principalmente agr\u00edcola. Lula criticou o protecionismo dos pa\u00edses ricos. \u201cDos anos 80 para c\u00e1, tudo o que as pessoas falavam \u00e9 de que quanto mais abertura melhor, quanto mais livre com\u00e9rcio melhor, mas quando chega \u00e0s vezes dos pa\u00edses em desenvolvimento de competir em igualdade de condi\u00e7\u00f5es, os mais ricos viram protecionistas\u201d. Na capital francesa, Lula teve reuni\u00e3o bilateral com o presidente franc\u00eas e tratou da aprova\u00e7\u00e3o, na semana passada, pela Assembleia Nacional da Fran\u00e7a, de uma resolu\u00e7\u00e3o contra a ratifica\u00e7\u00e3o do acordo Mercosul-Uni\u00e3o Europeia (UE). Lula \u00e9 contra a flexibiliza\u00e7\u00e3o das regras sobre compras governamentais previstas no acordo. Segundo o presidente, o assunto \u00e9 importante tamb\u00e9m para o encontro da Comunidade dos Estados da Am\u00e9rica Latina e do Caribe (Celac). \u201cO assunto \u00e9 importante para Uni\u00e3o Europeia e Mercosul, mas tamb\u00e9m para estabelecermos uma nova rodada de conversa\u00e7\u00e3o para ver se a gente aproxima de acordo tamb\u00e9m na Celac\u201d. A UE e a Celac far\u00e3o uma c\u00fapula em Bruxelas, capital da B\u00e9lgica, entre os dias 17 e 18 de julho. Noticias em Destaque Fonte: Politica JP\" \/>\n<meta property=\"og:url\" content=\"https:\/\/noticiasemdestaque.com\/cd\/?p=49360\" \/>\n<meta property=\"og:site_name\" content=\"Not&iacute;cias em Destaque\" \/>\n<meta property=\"article:published_time\" content=\"2023-06-24T14:13:17+00:00\" \/>\n<meta property=\"og:image\" content=\"https:\/\/noticiasemdestaque.com\/cd\/wp-content\/uploads\/2023\/06\/e3edc07c4f835e70a22c49df95abdc0f.jpg\" \/>\n\t<meta property=\"og:image:width\" content=\"800\" \/>\n\t<meta property=\"og:image:height\" content=\"479\" \/>\n\t<meta property=\"og:image:type\" content=\"image\/jpeg\" \/>\n<meta name=\"author\" content=\"Not\u00edcias em Destaque\" \/>\n<meta name=\"twitter:card\" content=\"summary_large_image\" \/>\n<meta name=\"twitter:label1\" content=\"Escrito por\" \/>\n\t<meta name=\"twitter:data1\" content=\"Not\u00edcias em Destaque\" \/>\n\t<meta name=\"twitter:label2\" content=\"Est. tempo de leitura\" \/>\n\t<meta name=\"twitter:data2\" content=\"3 minutos\" \/>\n<script type=\"application\/ld+json\" class=\"yoast-schema-graph\">{\"@context\":\"https:\/\/schema.org\",\"@graph\":[{\"@type\":\"Article\",\"@id\":\"https:\/\/noticiasemdestaque.com\/cd\/?p=49360#article\",\"isPartOf\":{\"@id\":\"https:\/\/noticiasemdestaque.com\/cd\/?p=49360\"},\"author\":{\"name\":\"Not\u00edcias em Destaque\",\"@id\":\"https:\/\/noticiasemdestaque.com\/cd\/#\/schema\/person\/21320b03a7e8bb90128938dafc9b908a\"},\"headline\":\"Presidente Lula aposta em defini\u00e7\u00e3o sobre acordo Mercosul-UE ainda em 2023\",\"datePublished\":\"2023-06-24T14:13:17+00:00\",\"mainEntityOfPage\":{\"@id\":\"https:\/\/noticiasemdestaque.com\/cd\/?p=49360\"},\"wordCount\":484,\"publisher\":{\"@id\":\"https:\/\/noticiasemdestaque.com\/cd\/#organization\"},\"image\":{\"@id\":\"https:\/\/noticiasemdestaque.com\/cd\/?p=49360#primaryimage\"},\"thumbnailUrl\":\"https:\/\/noticiasemdestaque.com\/cd\/wp-content\/uploads\/2023\/06\/e3edc07c4f835e70a22c49df95abdc0f.jpg\",\"articleSection\":[\"Geral\"],\"inLanguage\":\"pt-BR\"},{\"@type\":\"WebPage\",\"@id\":\"https:\/\/noticiasemdestaque.com\/cd\/?p=49360\",\"url\":\"https:\/\/noticiasemdestaque.com\/cd\/?p=49360\",\"name\":\"Presidente Lula aposta em defini\u00e7\u00e3o sobre acordo Mercosul-UE ainda em 2023 - Not&iacute;cias em Destaque\",\"isPartOf\":{\"@id\":\"https:\/\/noticiasemdestaque.com\/cd\/#website\"},\"primaryImageOfPage\":{\"@id\":\"https:\/\/noticiasemdestaque.com\/cd\/?p=49360#primaryimage\"},\"image\":{\"@id\":\"https:\/\/noticiasemdestaque.com\/cd\/?p=49360#primaryimage\"},\"thumbnailUrl\":\"https:\/\/noticiasemdestaque.com\/cd\/wp-content\/uploads\/2023\/06\/e3edc07c4f835e70a22c49df95abdc0f.jpg\",\"datePublished\":\"2023-06-24T14:13:17+00:00\",\"breadcrumb\":{\"@id\":\"https:\/\/noticiasemdestaque.com\/cd\/?p=49360#breadcrumb\"},\"inLanguage\":\"pt-BR\",\"potentialAction\":[{\"@type\":\"ReadAction\",\"target\":[\"https:\/\/noticiasemdestaque.com\/cd\/?p=49360\"]}]},{\"@type\":\"ImageObject\",\"inLanguage\":\"pt-BR\",\"@id\":\"https:\/\/noticiasemdestaque.com\/cd\/?p=49360#primaryimage\",\"url\":\"https:\/\/noticiasemdestaque.com\/cd\/wp-content\/uploads\/2023\/06\/e3edc07c4f835e70a22c49df95abdc0f.jpg\",\"contentUrl\":\"https:\/\/noticiasemdestaque.com\/cd\/wp-content\/uploads\/2023\/06\/e3edc07c4f835e70a22c49df95abdc0f.jpg\",\"width\":800,\"height\":479},{\"@type\":\"BreadcrumbList\",\"@id\":\"https:\/\/noticiasemdestaque.com\/cd\/?p=49360#breadcrumb\",\"itemListElement\":[{\"@type\":\"ListItem\",\"position\":1,\"name\":\"In\u00edcio\",\"item\":\"https:\/\/noticiasemdestaque.com\/cd\/\"},{\"@type\":\"ListItem\",\"position\":2,\"name\":\"Presidente Lula aposta em defini\u00e7\u00e3o sobre acordo Mercosul-UE ainda em 2023\"}]},{\"@type\":\"WebSite\",\"@id\":\"https:\/\/noticiasemdestaque.com\/cd\/#website\",\"url\":\"https:\/\/noticiasemdestaque.com\/cd\/\",\"name\":\"Not&iacute;cias em Destaque\",\"description\":\"\",\"publisher\":{\"@id\":\"https:\/\/noticiasemdestaque.com\/cd\/#organization\"},\"potentialAction\":[{\"@type\":\"SearchAction\",\"target\":{\"@type\":\"EntryPoint\",\"urlTemplate\":\"https:\/\/noticiasemdestaque.com\/cd\/?s={search_term_string}\"},\"query-input\":{\"@type\":\"PropertyValueSpecification\",\"valueRequired\":true,\"valueName\":\"search_term_string\"}}],\"inLanguage\":\"pt-BR\"},{\"@type\":\"Organization\",\"@id\":\"https:\/\/noticiasemdestaque.com\/cd\/#organization\",\"name\":\"Not\u00edcias em Destaque\",\"url\":\"https:\/\/noticiasemdestaque.com\/cd\/\",\"logo\":{\"@type\":\"ImageObject\",\"inLanguage\":\"pt-BR\",\"@id\":\"https:\/\/noticiasemdestaque.com\/cd\/#\/schema\/logo\/image\/\",\"url\":\"https:\/\/noticiasemdestaque.com\/cd\/wp-content\/uploads\/2022\/05\/imagem-base-noticiasemdestaque.png\",\"contentUrl\":\"https:\/\/noticiasemdestaque.com\/cd\/wp-content\/uploads\/2022\/05\/imagem-base-noticiasemdestaque.png\",\"width\":1200,\"height\":630,\"caption\":\"Not\u00edcias em Destaque\"},\"image\":{\"@id\":\"https:\/\/noticiasemdestaque.com\/cd\/#\/schema\/logo\/image\/\"}},{\"@type\":\"Person\",\"@id\":\"https:\/\/noticiasemdestaque.com\/cd\/#\/schema\/person\/21320b03a7e8bb90128938dafc9b908a\",\"name\":\"Not\u00edcias em Destaque\",\"url\":\"https:\/\/noticiasemdestaque.com\/cd\/?author=2\"}]}<\/script>\n<!-- \/ Yoast SEO plugin. -->","yoast_head_json":{"title":"Presidente Lula aposta em defini\u00e7\u00e3o sobre acordo Mercosul-UE ainda em 2023 - Not&iacute;cias em Destaque","robots":{"index":"index","follow":"follow","max-snippet":"max-snippet:-1","max-image-preview":"max-image-preview:large","max-video-preview":"max-video-preview:-1"},"canonical":"https:\/\/noticiasemdestaque.com\/cd\/?p=49360","og_locale":"pt_BR","og_type":"article","og_title":"Presidente Lula aposta em defini\u00e7\u00e3o sobre acordo Mercosul-UE ainda em 2023 - Not&iacute;cias em Destaque","og_description":"O presidente Luiz In\u00e1cio Lula da Silva afirmou, neste s\u00e1bado (24), que ainda acredita em um comum acordo com a Uni\u00e3o Europeia na parceria com o Mercosul. Ele disse que a resposta dos pa\u00edses do Sul sobre a carta adicional dos pa\u00edses europeus deve ser respondida at\u00e9 o final deste ano. Para o brasileiro, o protecionismo tem dificultado a aprova\u00e7\u00e3o do acordo. Lula cumpriu agenda na It\u00e1lia e na Fran\u00e7a nesta semana e falou com a imprensa em Paris neste s\u00e1bado, antes de embarcar de volta para o Brasil. \u201cO fato de ter dois pontos nervosos e dois pontos considerados essenciais para os dois lados, a gente n\u00e3o pode fazer acordo com esses, mas vamos melhorar outras coisas. Precisamos fazer o acordo com a Uni\u00e3o Europeia e a Uni\u00e3o Europeia precisa do Mercosul, com a Am\u00e9rica do Sul e com a Am\u00e9rica Latina. Ficamos de responder a carta adicional da Uni\u00e3o Europeia e penso que at\u00e9 o final do ano a gente tem uma decis\u00e3o sobre o assunto\u201d, declarou \u00e0 imprensa. Lula disse ainda que o presidente da Fran\u00e7a, Emmanuel Macron, tem dificuldades no Congresso franc\u00eas, e que \u00e9 normal o pa\u00eds defender a sua agricultura. \u201cEle [Macron] tem dificuldades no Congresso, mas se a gente puder conversar com nossos amigos mais \u00e0 esquerda para poder ajudar, para que seja aprovado o acordo no Mercosul, n\u00f3s vamos conversar com todos os amigos da Fran\u00e7a para convencer da import\u00e2ncia, porque n\u00e3o \u00e9 o protecionismo que vai ajudar\u201d.\u00a0 Macron sofre press\u00e3o do Parlamento franc\u00eas que \u00e9 contra o tratado por raz\u00f5es de protecionismo, principalmente agr\u00edcola. Lula criticou o protecionismo dos pa\u00edses ricos. \u201cDos anos 80 para c\u00e1, tudo o que as pessoas falavam \u00e9 de que quanto mais abertura melhor, quanto mais livre com\u00e9rcio melhor, mas quando chega \u00e0s vezes dos pa\u00edses em desenvolvimento de competir em igualdade de condi\u00e7\u00f5es, os mais ricos viram protecionistas\u201d. Na capital francesa, Lula teve reuni\u00e3o bilateral com o presidente franc\u00eas e tratou da aprova\u00e7\u00e3o, na semana passada, pela Assembleia Nacional da Fran\u00e7a, de uma resolu\u00e7\u00e3o contra a ratifica\u00e7\u00e3o do acordo Mercosul-Uni\u00e3o Europeia (UE). Lula \u00e9 contra a flexibiliza\u00e7\u00e3o das regras sobre compras governamentais previstas no acordo. Segundo o presidente, o assunto \u00e9 importante tamb\u00e9m para o encontro da Comunidade dos Estados da Am\u00e9rica Latina e do Caribe (Celac). \u201cO assunto \u00e9 importante para Uni\u00e3o Europeia e Mercosul, mas tamb\u00e9m para estabelecermos uma nova rodada de conversa\u00e7\u00e3o para ver se a gente aproxima de acordo tamb\u00e9m na Celac\u201d. A UE e a Celac far\u00e3o uma c\u00fapula em Bruxelas, capital da B\u00e9lgica, entre os dias 17 e 18 de julho. Noticias em Destaque Fonte: Politica JP","og_url":"https:\/\/noticiasemdestaque.com\/cd\/?p=49360","og_site_name":"Not&iacute;cias em Destaque","article_published_time":"2023-06-24T14:13:17+00:00","og_image":[{"width":800,"height":479,"url":"https:\/\/noticiasemdestaque.com\/cd\/wp-content\/uploads\/2023\/06\/e3edc07c4f835e70a22c49df95abdc0f.jpg","type":"image\/jpeg"}],"author":"Not\u00edcias em Destaque","twitter_card":"summary_large_image","twitter_misc":{"Escrito por":"Not\u00edcias em Destaque","Est. tempo de leitura":"3 minutos"},"schema":{"@context":"https:\/\/schema.org","@graph":[{"@type":"Article","@id":"https:\/\/noticiasemdestaque.com\/cd\/?p=49360#article","isPartOf":{"@id":"https:\/\/noticiasemdestaque.com\/cd\/?p=49360"},"author":{"name":"Not\u00edcias em Destaque","@id":"https:\/\/noticiasemdestaque.com\/cd\/#\/schema\/person\/21320b03a7e8bb90128938dafc9b908a"},"headline":"Presidente Lula aposta em defini\u00e7\u00e3o sobre acordo Mercosul-UE ainda em 2023","datePublished":"2023-06-24T14:13:17+00:00","mainEntityOfPage":{"@id":"https:\/\/noticiasemdestaque.com\/cd\/?p=49360"},"wordCount":484,"publisher":{"@id":"https:\/\/noticiasemdestaque.com\/cd\/#organization"},"image":{"@id":"https:\/\/noticiasemdestaque.com\/cd\/?p=49360#primaryimage"},"thumbnailUrl":"https:\/\/noticiasemdestaque.com\/cd\/wp-content\/uploads\/2023\/06\/e3edc07c4f835e70a22c49df95abdc0f.jpg","articleSection":["Geral"],"inLanguage":"pt-BR"},{"@type":"WebPage","@id":"https:\/\/noticiasemdestaque.com\/cd\/?p=49360","url":"https:\/\/noticiasemdestaque.com\/cd\/?p=49360","name":"Presidente Lula aposta em defini\u00e7\u00e3o sobre acordo Mercosul-UE ainda em 2023 - Not&iacute;cias em Destaque","isPartOf":{"@id":"https:\/\/noticiasemdestaque.com\/cd\/#website"},"primaryImageOfPage":{"@id":"https:\/\/noticiasemdestaque.com\/cd\/?p=49360#primaryimage"},"image":{"@id":"https:\/\/noticiasemdestaque.com\/cd\/?p=49360#primaryimage"},"thumbnailUrl":"https:\/\/noticiasemdestaque.com\/cd\/wp-content\/uploads\/2023\/06\/e3edc07c4f835e70a22c49df95abdc0f.jpg","datePublished":"2023-06-24T14:13:17+00:00","breadcrumb":{"@id":"https:\/\/noticiasemdestaque.com\/cd\/?p=49360#breadcrumb"},"inLanguage":"pt-BR","potentialAction":[{"@type":"ReadAction","target":["https:\/\/noticiasemdestaque.com\/cd\/?p=49360"]}]},{"@type":"ImageObject","inLanguage":"pt-BR","@id":"https:\/\/noticiasemdestaque.com\/cd\/?p=49360#primaryimage","url":"https:\/\/noticiasemdestaque.com\/cd\/wp-content\/uploads\/2023\/06\/e3edc07c4f835e70a22c49df95abdc0f.jpg","contentUrl":"https:\/\/noticiasemdestaque.com\/cd\/wp-content\/uploads\/2023\/06\/e3edc07c4f835e70a22c49df95abdc0f.jpg","width":800,"height":479},{"@type":"BreadcrumbList","@id":"https:\/\/noticiasemdestaque.com\/cd\/?p=49360#breadcrumb","itemListElement":[{"@type":"ListItem","position":1,"name":"In\u00edcio","item":"https:\/\/noticiasemdestaque.com\/cd\/"},{"@type":"ListItem","position":2,"name":"Presidente Lula aposta em defini\u00e7\u00e3o sobre acordo Mercosul-UE ainda em 2023"}]},{"@type":"WebSite","@id":"https:\/\/noticiasemdestaque.com\/cd\/#website","url":"https:\/\/noticiasemdestaque.com\/cd\/","name":"Not&iacute;cias em Destaque","description":"","publisher":{"@id":"https:\/\/noticiasemdestaque.com\/cd\/#organization"},"potentialAction":[{"@type":"SearchAction","target":{"@type":"EntryPoint","urlTemplate":"https:\/\/noticiasemdestaque.com\/cd\/?s={search_term_string}"},"query-input":{"@type":"PropertyValueSpecification","valueRequired":true,"valueName":"search_term_string"}}],"inLanguage":"pt-BR"},{"@type":"Organization","@id":"https:\/\/noticiasemdestaque.com\/cd\/#organization","name":"Not\u00edcias em Destaque","url":"https:\/\/noticiasemdestaque.com\/cd\/","logo":{"@type":"ImageObject","inLanguage":"pt-BR","@id":"https:\/\/noticiasemdestaque.com\/cd\/#\/schema\/logo\/image\/","url":"https:\/\/noticiasemdestaque.com\/cd\/wp-content\/uploads\/2022\/05\/imagem-base-noticiasemdestaque.png","contentUrl":"https:\/\/noticiasemdestaque.com\/cd\/wp-content\/uploads\/2022\/05\/imagem-base-noticiasemdestaque.png","width":1200,"height":630,"caption":"Not\u00edcias em Destaque"},"image":{"@id":"https:\/\/noticiasemdestaque.com\/cd\/#\/schema\/logo\/image\/"}},{"@type":"Person","@id":"https:\/\/noticiasemdestaque.com\/cd\/#\/schema\/person\/21320b03a7e8bb90128938dafc9b908a","name":"Not\u00edcias em Destaque","url":"https:\/\/noticiasemdestaque.com\/cd\/?author=2"}]}},"jetpack_featured_media_url":"https:\/\/noticiasemdestaque.com\/cd\/wp-content\/uploads\/2023\/06\/e3edc07c4f835e70a22c49df95abdc0f.jpg","jetpack_sharing_enabled":true,"_links":{"self":[{"href":"https:\/\/noticiasemdestaque.com\/cd\/index.php?rest_route=\/wp\/v2\/posts\/49360","targetHints":{"allow":["GET"]}}],"collection":[{"href":"https:\/\/noticiasemdestaque.com\/cd\/index.php?rest_route=\/wp\/v2\/posts"}],"about":[{"href":"https:\/\/noticiasemdestaque.com\/cd\/index.php?rest_route=\/wp\/v2\/types\/post"}],"author":[{"embeddable":true,"href":"https:\/\/noticiasemdestaque.com\/cd\/index.php?rest_route=\/wp\/v2\/users\/2"}],"replies":[{"embeddable":true,"href":"https:\/\/noticiasemdestaque.com\/cd\/index.php?rest_route=%2Fwp%2Fv2%2Fcomments&post=49360"}],"version-history":[{"count":1,"href":"https:\/\/noticiasemdestaque.com\/cd\/index.php?rest_route=\/wp\/v2\/posts\/49360\/revisions"}],"predecessor-version":[{"id":49363,"href":"https:\/\/noticiasemdestaque.com\/cd\/index.php?rest_route=\/wp\/v2\/posts\/49360\/revisions\/49363"}],"wp:featuredmedia":[{"embeddable":true,"href":"https:\/\/noticiasemdestaque.com\/cd\/index.php?rest_route=\/wp\/v2\/media\/49362"}],"wp:attachment":[{"href":"https:\/\/noticiasemdestaque.com\/cd\/index.php?rest_route=%2Fwp%2Fv2%2Fmedia&parent=49360"}],"wp:term":[{"taxonomy":"category","embeddable":true,"href":"https:\/\/noticiasemdestaque.com\/cd\/index.php?rest_route=%2Fwp%2Fv2%2Fcategories&post=49360"},{"taxonomy":"post_tag","embeddable":true,"href":"https:\/\/noticiasemdestaque.com\/cd\/index.php?rest_route=%2Fwp%2Fv2%2Ftags&post=49360"}],"curies":[{"name":"wp","href":"https:\/\/api.w.org\/{rel}","templated":true}]}}