{"id":4934,"date":"2017-10-05T08:18:32","date_gmt":"2017-10-05T11:18:32","guid":{"rendered":"http:\/\/caririemdestaque.com\/cd\/?p=4934"},"modified":"2017-10-05T08:18:32","modified_gmt":"2017-10-05T11:18:32","slug":"alpb-aprova-programa-para-conscientizar-sobre-vacinacao-contra-hpv-nas-escolas","status":"publish","type":"post","link":"https:\/\/noticiasemdestaque.com\/cd\/?p=4934","title":{"rendered":"ALPB aprova programa para conscientizar sobre vacina\u00e7\u00e3o contra HPV nas escolas"},"content":{"rendered":"<p><a href=\"http:\/\/caririemdestaque.com\/cd\/wp-content\/uploads\/2017\/10\/17350636280003622710000.jpg\"><img fetchpriority=\"high\" decoding=\"async\" class=\"wp-image-4935 size-medium alignleft\" src=\"http:\/\/caririemdestaque.com\/cd\/wp-content\/uploads\/2017\/10\/17350636280003622710000-300x225.jpg\" alt=\"\" width=\"300\" height=\"225\" srcset=\"https:\/\/noticiasemdestaque.com\/cd\/wp-content\/uploads\/2017\/10\/17350636280003622710000-300x225.jpg 300w, https:\/\/noticiasemdestaque.com\/cd\/wp-content\/uploads\/2017\/10\/17350636280003622710000.jpg 362w\" sizes=\"(max-width: 300px) 100vw, 300px\" \/><\/a>A Comiss\u00e3o de Sa\u00fade, Saneamento, Assist\u00eancia Social, Seguran\u00e7a Alimentar e Nutricional da Assembleia Legislativa da Para\u00edba (ALPB) aprovou, nesta quarta-feira (4), o Projeto de Lei 1.268\/2017, de autoria do deputado Ricardo Barbosa, que cria o Programa de Conscientiza\u00e7\u00e3o e Esclarecimento sobre a Import\u00e2ncia da Vacina\u00e7\u00e3o Contra o Papiloma V\u00edrus Humano (HPV), nas escolas da rede p\u00fablica estadual e privada do estado.<\/p>\n<p>\u201cEsse projeto tem muita import\u00e2ncia para a nossa Para\u00edba, diante do que vem acontecendo, o crescimento de c\u00e2ncer no nosso estado \u00e9 muito grande. Essa divulga\u00e7\u00e3o \u00e9 significativa para que todos os \u00f3rg\u00e3os e a popula\u00e7\u00e3o possam se engajar. Porque o HPV \u00e9 uma doen\u00e7a muito perigosa e quanto mais divulga\u00e7\u00e3o, melhor para a nossa popula\u00e7\u00e3o\u201d, disse o presidente da Comiss\u00e3o, deputado Ant\u00f4nio Mineral.<\/p>\n<p>Na reuni\u00e3o tamb\u00e9m foi aprovado o projeto 1.387\/2017, do deputado Adriano Galdino, que sobre a obrigatoriedade da disponibiliza\u00e7\u00e3o de bula em medicamentos manipulados por farm\u00e1cias e ervan\u00e1rias.<\/p>\n","protected":false},"excerpt":{"rendered":"<p>A Comiss\u00e3o de Sa\u00fade, Saneamento, Assist\u00eancia Social, Seguran\u00e7a Alimentar e Nutricional da Assembleia Legislativa da Para\u00edba (ALPB) aprovou, nesta quarta-feira (4), o Projeto de Lei 1.268\/2017, de autoria do deputado Ricardo Barbosa, que cria o Programa de Conscientiza\u00e7\u00e3o e Esclarecimento sobre a Import\u00e2ncia da Vacina\u00e7\u00e3o Contra o Papiloma V\u00edrus Humano (HPV), nas escolas da rede p\u00fablica estadual e privada do estado. \u201cEsse projeto tem muita import\u00e2ncia para a nossa Para\u00edba, diante do que vem acontecendo, o crescimento de c\u00e2ncer no nosso estado \u00e9 muito grande. Essa divulga\u00e7\u00e3o \u00e9 significativa para que todos os \u00f3rg\u00e3os e a popula\u00e7\u00e3o possam se engajar. Porque o HPV \u00e9 uma doen\u00e7a muito perigosa e quanto mais divulga\u00e7\u00e3o, melhor para a nossa popula\u00e7\u00e3o\u201d, disse o presidente da Comiss\u00e3o, deputado Ant\u00f4nio Mineral. Na reuni\u00e3o tamb\u00e9m foi aprovado o projeto 1.387\/2017, do deputado Adriano Galdino, que sobre a obrigatoriedade da disponibiliza\u00e7\u00e3o de bula em medicamentos manipulados por farm\u00e1cias e ervan\u00e1rias.<\/p>\n","protected":false},"author":2,"featured_media":4935,"comment_status":"closed","ping_status":"open","sticky":false,"template":"","format":"standard","meta":{"_eb_attr":"","_jetpack_memberships_contains_paid_content":false,"footnotes":""},"categories":[6],"tags":[],"class_list":["post-4934","post","type-post","status-publish","format-standard","has-post-thumbnail","hentry","category-educacao"],"yoast_head":"<!-- This site is optimized with the Yoast SEO plugin v26.5 - https:\/\/yoast.com\/wordpress\/plugins\/seo\/ -->\n<title>ALPB aprova programa para conscientizar sobre vacina\u00e7\u00e3o contra HPV nas escolas - Not&iacute;cias em Destaque<\/title>\n<meta name=\"robots\" content=\"index, follow, max-snippet:-1, max-image-preview:large, max-video-preview:-1\" \/>\n<link rel=\"canonical\" href=\"https:\/\/noticiasemdestaque.com\/cd\/?p=4934\" \/>\n<meta property=\"og:locale\" content=\"pt_BR\" \/>\n<meta property=\"og:type\" content=\"article\" \/>\n<meta property=\"og:title\" content=\"ALPB aprova programa para conscientizar sobre vacina\u00e7\u00e3o contra HPV nas escolas - Not&iacute;cias em Destaque\" \/>\n<meta property=\"og:description\" content=\"A Comiss\u00e3o de Sa\u00fade, Saneamento, Assist\u00eancia Social, Seguran\u00e7a Alimentar e Nutricional da Assembleia Legislativa da Para\u00edba (ALPB) aprovou, nesta quarta-feira (4), o Projeto de Lei 1.268\/2017, de autoria do deputado Ricardo Barbosa, que cria o Programa de Conscientiza\u00e7\u00e3o e Esclarecimento sobre a Import\u00e2ncia da Vacina\u00e7\u00e3o Contra o Papiloma V\u00edrus Humano (HPV), nas escolas da rede p\u00fablica estadual e privada do estado. \u201cEsse projeto tem muita import\u00e2ncia para a nossa Para\u00edba, diante do que vem acontecendo, o crescimento de c\u00e2ncer no nosso estado \u00e9 muito grande. Essa divulga\u00e7\u00e3o \u00e9 significativa para que todos os \u00f3rg\u00e3os e a popula\u00e7\u00e3o possam se engajar. Porque o HPV \u00e9 uma doen\u00e7a muito perigosa e quanto mais divulga\u00e7\u00e3o, melhor para a nossa popula\u00e7\u00e3o\u201d, disse o presidente da Comiss\u00e3o, deputado Ant\u00f4nio Mineral. Na reuni\u00e3o tamb\u00e9m foi aprovado o projeto 1.387\/2017, do deputado Adriano Galdino, que sobre a obrigatoriedade da disponibiliza\u00e7\u00e3o de bula em medicamentos manipulados por farm\u00e1cias e ervan\u00e1rias.\" \/>\n<meta property=\"og:url\" content=\"https:\/\/noticiasemdestaque.com\/cd\/?p=4934\" \/>\n<meta property=\"og:site_name\" content=\"Not&iacute;cias em Destaque\" \/>\n<meta property=\"article:published_time\" content=\"2017-10-05T11:18:32+00:00\" \/>\n<meta property=\"og:image\" content=\"https:\/\/noticiasemdestaque.com\/cd\/wp-content\/uploads\/2017\/10\/17350636280003622710000.jpg\" \/>\n\t<meta property=\"og:image:width\" content=\"362\" \/>\n\t<meta property=\"og:image:height\" content=\"271\" \/>\n\t<meta property=\"og:image:type\" content=\"image\/jpeg\" \/>\n<meta name=\"author\" content=\"Not\u00edcias em Destaque\" \/>\n<meta name=\"twitter:card\" content=\"summary_large_image\" \/>\n<meta name=\"twitter:label1\" content=\"Escrito por\" \/>\n\t<meta name=\"twitter:data1\" content=\"Not\u00edcias em Destaque\" \/>\n\t<meta name=\"twitter:label2\" content=\"Est. tempo de leitura\" \/>\n\t<meta name=\"twitter:data2\" content=\"1 minuto\" \/>\n<script type=\"application\/ld+json\" class=\"yoast-schema-graph\">{\"@context\":\"https:\/\/schema.org\",\"@graph\":[{\"@type\":\"Article\",\"@id\":\"https:\/\/noticiasemdestaque.com\/cd\/?p=4934#article\",\"isPartOf\":{\"@id\":\"https:\/\/noticiasemdestaque.com\/cd\/?p=4934\"},\"author\":{\"name\":\"Not\u00edcias em Destaque\",\"@id\":\"https:\/\/noticiasemdestaque.com\/cd\/#\/schema\/person\/21320b03a7e8bb90128938dafc9b908a\"},\"headline\":\"ALPB aprova programa para conscientizar sobre vacina\u00e7\u00e3o contra HPV nas escolas\",\"datePublished\":\"2017-10-05T11:18:32+00:00\",\"mainEntityOfPage\":{\"@id\":\"https:\/\/noticiasemdestaque.com\/cd\/?p=4934\"},\"wordCount\":184,\"publisher\":{\"@id\":\"https:\/\/noticiasemdestaque.com\/cd\/#organization\"},\"image\":{\"@id\":\"https:\/\/noticiasemdestaque.com\/cd\/?p=4934#primaryimage\"},\"thumbnailUrl\":\"https:\/\/noticiasemdestaque.com\/cd\/wp-content\/uploads\/2017\/10\/17350636280003622710000.jpg\",\"articleSection\":[\"Educa\u00e7\u00e3o\"],\"inLanguage\":\"pt-BR\"},{\"@type\":\"WebPage\",\"@id\":\"https:\/\/noticiasemdestaque.com\/cd\/?p=4934\",\"url\":\"https:\/\/noticiasemdestaque.com\/cd\/?p=4934\",\"name\":\"ALPB aprova programa para conscientizar sobre vacina\u00e7\u00e3o contra HPV nas escolas - Not&iacute;cias em Destaque\",\"isPartOf\":{\"@id\":\"https:\/\/noticiasemdestaque.com\/cd\/#website\"},\"primaryImageOfPage\":{\"@id\":\"https:\/\/noticiasemdestaque.com\/cd\/?p=4934#primaryimage\"},\"image\":{\"@id\":\"https:\/\/noticiasemdestaque.com\/cd\/?p=4934#primaryimage\"},\"thumbnailUrl\":\"https:\/\/noticiasemdestaque.com\/cd\/wp-content\/uploads\/2017\/10\/17350636280003622710000.jpg\",\"datePublished\":\"2017-10-05T11:18:32+00:00\",\"breadcrumb\":{\"@id\":\"https:\/\/noticiasemdestaque.com\/cd\/?p=4934#breadcrumb\"},\"inLanguage\":\"pt-BR\",\"potentialAction\":[{\"@type\":\"ReadAction\",\"target\":[\"https:\/\/noticiasemdestaque.com\/cd\/?p=4934\"]}]},{\"@type\":\"ImageObject\",\"inLanguage\":\"pt-BR\",\"@id\":\"https:\/\/noticiasemdestaque.com\/cd\/?p=4934#primaryimage\",\"url\":\"https:\/\/noticiasemdestaque.com\/cd\/wp-content\/uploads\/2017\/10\/17350636280003622710000.jpg\",\"contentUrl\":\"https:\/\/noticiasemdestaque.com\/cd\/wp-content\/uploads\/2017\/10\/17350636280003622710000.jpg\",\"width\":362,\"height\":271},{\"@type\":\"BreadcrumbList\",\"@id\":\"https:\/\/noticiasemdestaque.com\/cd\/?p=4934#breadcrumb\",\"itemListElement\":[{\"@type\":\"ListItem\",\"position\":1,\"name\":\"In\u00edcio\",\"item\":\"https:\/\/noticiasemdestaque.com\/cd\/\"},{\"@type\":\"ListItem\",\"position\":2,\"name\":\"ALPB aprova programa para conscientizar sobre vacina\u00e7\u00e3o contra HPV nas escolas\"}]},{\"@type\":\"WebSite\",\"@id\":\"https:\/\/noticiasemdestaque.com\/cd\/#website\",\"url\":\"https:\/\/noticiasemdestaque.com\/cd\/\",\"name\":\"Not&iacute;cias em Destaque\",\"description\":\"\",\"publisher\":{\"@id\":\"https:\/\/noticiasemdestaque.com\/cd\/#organization\"},\"potentialAction\":[{\"@type\":\"SearchAction\",\"target\":{\"@type\":\"EntryPoint\",\"urlTemplate\":\"https:\/\/noticiasemdestaque.com\/cd\/?s={search_term_string}\"},\"query-input\":{\"@type\":\"PropertyValueSpecification\",\"valueRequired\":true,\"valueName\":\"search_term_string\"}}],\"inLanguage\":\"pt-BR\"},{\"@type\":\"Organization\",\"@id\":\"https:\/\/noticiasemdestaque.com\/cd\/#organization\",\"name\":\"Not\u00edcias em Destaque\",\"url\":\"https:\/\/noticiasemdestaque.com\/cd\/\",\"logo\":{\"@type\":\"ImageObject\",\"inLanguage\":\"pt-BR\",\"@id\":\"https:\/\/noticiasemdestaque.com\/cd\/#\/schema\/logo\/image\/\",\"url\":\"https:\/\/noticiasemdestaque.com\/cd\/wp-content\/uploads\/2022\/05\/imagem-base-noticiasemdestaque.png\",\"contentUrl\":\"https:\/\/noticiasemdestaque.com\/cd\/wp-content\/uploads\/2022\/05\/imagem-base-noticiasemdestaque.png\",\"width\":1200,\"height\":630,\"caption\":\"Not\u00edcias em Destaque\"},\"image\":{\"@id\":\"https:\/\/noticiasemdestaque.com\/cd\/#\/schema\/logo\/image\/\"}},{\"@type\":\"Person\",\"@id\":\"https:\/\/noticiasemdestaque.com\/cd\/#\/schema\/person\/21320b03a7e8bb90128938dafc9b908a\",\"name\":\"Not\u00edcias em Destaque\",\"url\":\"https:\/\/noticiasemdestaque.com\/cd\/?author=2\"}]}<\/script>\n<!-- \/ Yoast SEO plugin. -->","yoast_head_json":{"title":"ALPB aprova programa para conscientizar sobre vacina\u00e7\u00e3o contra HPV nas escolas - Not&iacute;cias em Destaque","robots":{"index":"index","follow":"follow","max-snippet":"max-snippet:-1","max-image-preview":"max-image-preview:large","max-video-preview":"max-video-preview:-1"},"canonical":"https:\/\/noticiasemdestaque.com\/cd\/?p=4934","og_locale":"pt_BR","og_type":"article","og_title":"ALPB aprova programa para conscientizar sobre vacina\u00e7\u00e3o contra HPV nas escolas - Not&iacute;cias em Destaque","og_description":"A Comiss\u00e3o de Sa\u00fade, Saneamento, Assist\u00eancia Social, Seguran\u00e7a Alimentar e Nutricional da Assembleia Legislativa da Para\u00edba (ALPB) aprovou, nesta quarta-feira (4), o Projeto de Lei 1.268\/2017, de autoria do deputado Ricardo Barbosa, que cria o Programa de Conscientiza\u00e7\u00e3o e Esclarecimento sobre a Import\u00e2ncia da Vacina\u00e7\u00e3o Contra o Papiloma V\u00edrus Humano (HPV), nas escolas da rede p\u00fablica estadual e privada do estado. \u201cEsse projeto tem muita import\u00e2ncia para a nossa Para\u00edba, diante do que vem acontecendo, o crescimento de c\u00e2ncer no nosso estado \u00e9 muito grande. Essa divulga\u00e7\u00e3o \u00e9 significativa para que todos os \u00f3rg\u00e3os e a popula\u00e7\u00e3o possam se engajar. Porque o HPV \u00e9 uma doen\u00e7a muito perigosa e quanto mais divulga\u00e7\u00e3o, melhor para a nossa popula\u00e7\u00e3o\u201d, disse o presidente da Comiss\u00e3o, deputado Ant\u00f4nio Mineral. Na reuni\u00e3o tamb\u00e9m foi aprovado o projeto 1.387\/2017, do deputado Adriano Galdino, que sobre a obrigatoriedade da disponibiliza\u00e7\u00e3o de bula em medicamentos manipulados por farm\u00e1cias e ervan\u00e1rias.","og_url":"https:\/\/noticiasemdestaque.com\/cd\/?p=4934","og_site_name":"Not&iacute;cias em Destaque","article_published_time":"2017-10-05T11:18:32+00:00","og_image":[{"width":362,"height":271,"url":"https:\/\/noticiasemdestaque.com\/cd\/wp-content\/uploads\/2017\/10\/17350636280003622710000.jpg","type":"image\/jpeg"}],"author":"Not\u00edcias em Destaque","twitter_card":"summary_large_image","twitter_misc":{"Escrito por":"Not\u00edcias em Destaque","Est. tempo de leitura":"1 minuto"},"schema":{"@context":"https:\/\/schema.org","@graph":[{"@type":"Article","@id":"https:\/\/noticiasemdestaque.com\/cd\/?p=4934#article","isPartOf":{"@id":"https:\/\/noticiasemdestaque.com\/cd\/?p=4934"},"author":{"name":"Not\u00edcias em Destaque","@id":"https:\/\/noticiasemdestaque.com\/cd\/#\/schema\/person\/21320b03a7e8bb90128938dafc9b908a"},"headline":"ALPB aprova programa para conscientizar sobre vacina\u00e7\u00e3o contra HPV nas escolas","datePublished":"2017-10-05T11:18:32+00:00","mainEntityOfPage":{"@id":"https:\/\/noticiasemdestaque.com\/cd\/?p=4934"},"wordCount":184,"publisher":{"@id":"https:\/\/noticiasemdestaque.com\/cd\/#organization"},"image":{"@id":"https:\/\/noticiasemdestaque.com\/cd\/?p=4934#primaryimage"},"thumbnailUrl":"https:\/\/noticiasemdestaque.com\/cd\/wp-content\/uploads\/2017\/10\/17350636280003622710000.jpg","articleSection":["Educa\u00e7\u00e3o"],"inLanguage":"pt-BR"},{"@type":"WebPage","@id":"https:\/\/noticiasemdestaque.com\/cd\/?p=4934","url":"https:\/\/noticiasemdestaque.com\/cd\/?p=4934","name":"ALPB aprova programa para conscientizar sobre vacina\u00e7\u00e3o contra HPV nas escolas - Not&iacute;cias em Destaque","isPartOf":{"@id":"https:\/\/noticiasemdestaque.com\/cd\/#website"},"primaryImageOfPage":{"@id":"https:\/\/noticiasemdestaque.com\/cd\/?p=4934#primaryimage"},"image":{"@id":"https:\/\/noticiasemdestaque.com\/cd\/?p=4934#primaryimage"},"thumbnailUrl":"https:\/\/noticiasemdestaque.com\/cd\/wp-content\/uploads\/2017\/10\/17350636280003622710000.jpg","datePublished":"2017-10-05T11:18:32+00:00","breadcrumb":{"@id":"https:\/\/noticiasemdestaque.com\/cd\/?p=4934#breadcrumb"},"inLanguage":"pt-BR","potentialAction":[{"@type":"ReadAction","target":["https:\/\/noticiasemdestaque.com\/cd\/?p=4934"]}]},{"@type":"ImageObject","inLanguage":"pt-BR","@id":"https:\/\/noticiasemdestaque.com\/cd\/?p=4934#primaryimage","url":"https:\/\/noticiasemdestaque.com\/cd\/wp-content\/uploads\/2017\/10\/17350636280003622710000.jpg","contentUrl":"https:\/\/noticiasemdestaque.com\/cd\/wp-content\/uploads\/2017\/10\/17350636280003622710000.jpg","width":362,"height":271},{"@type":"BreadcrumbList","@id":"https:\/\/noticiasemdestaque.com\/cd\/?p=4934#breadcrumb","itemListElement":[{"@type":"ListItem","position":1,"name":"In\u00edcio","item":"https:\/\/noticiasemdestaque.com\/cd\/"},{"@type":"ListItem","position":2,"name":"ALPB aprova programa para conscientizar sobre vacina\u00e7\u00e3o contra HPV nas escolas"}]},{"@type":"WebSite","@id":"https:\/\/noticiasemdestaque.com\/cd\/#website","url":"https:\/\/noticiasemdestaque.com\/cd\/","name":"Not&iacute;cias em Destaque","description":"","publisher":{"@id":"https:\/\/noticiasemdestaque.com\/cd\/#organization"},"potentialAction":[{"@type":"SearchAction","target":{"@type":"EntryPoint","urlTemplate":"https:\/\/noticiasemdestaque.com\/cd\/?s={search_term_string}"},"query-input":{"@type":"PropertyValueSpecification","valueRequired":true,"valueName":"search_term_string"}}],"inLanguage":"pt-BR"},{"@type":"Organization","@id":"https:\/\/noticiasemdestaque.com\/cd\/#organization","name":"Not\u00edcias em Destaque","url":"https:\/\/noticiasemdestaque.com\/cd\/","logo":{"@type":"ImageObject","inLanguage":"pt-BR","@id":"https:\/\/noticiasemdestaque.com\/cd\/#\/schema\/logo\/image\/","url":"https:\/\/noticiasemdestaque.com\/cd\/wp-content\/uploads\/2022\/05\/imagem-base-noticiasemdestaque.png","contentUrl":"https:\/\/noticiasemdestaque.com\/cd\/wp-content\/uploads\/2022\/05\/imagem-base-noticiasemdestaque.png","width":1200,"height":630,"caption":"Not\u00edcias em Destaque"},"image":{"@id":"https:\/\/noticiasemdestaque.com\/cd\/#\/schema\/logo\/image\/"}},{"@type":"Person","@id":"https:\/\/noticiasemdestaque.com\/cd\/#\/schema\/person\/21320b03a7e8bb90128938dafc9b908a","name":"Not\u00edcias em Destaque","url":"https:\/\/noticiasemdestaque.com\/cd\/?author=2"}]}},"jetpack_featured_media_url":"https:\/\/noticiasemdestaque.com\/cd\/wp-content\/uploads\/2017\/10\/17350636280003622710000.jpg","jetpack_sharing_enabled":true,"_links":{"self":[{"href":"https:\/\/noticiasemdestaque.com\/cd\/index.php?rest_route=\/wp\/v2\/posts\/4934","targetHints":{"allow":["GET"]}}],"collection":[{"href":"https:\/\/noticiasemdestaque.com\/cd\/index.php?rest_route=\/wp\/v2\/posts"}],"about":[{"href":"https:\/\/noticiasemdestaque.com\/cd\/index.php?rest_route=\/wp\/v2\/types\/post"}],"author":[{"embeddable":true,"href":"https:\/\/noticiasemdestaque.com\/cd\/index.php?rest_route=\/wp\/v2\/users\/2"}],"replies":[{"embeddable":true,"href":"https:\/\/noticiasemdestaque.com\/cd\/index.php?rest_route=%2Fwp%2Fv2%2Fcomments&post=4934"}],"version-history":[{"count":1,"href":"https:\/\/noticiasemdestaque.com\/cd\/index.php?rest_route=\/wp\/v2\/posts\/4934\/revisions"}],"predecessor-version":[{"id":4936,"href":"https:\/\/noticiasemdestaque.com\/cd\/index.php?rest_route=\/wp\/v2\/posts\/4934\/revisions\/4936"}],"wp:featuredmedia":[{"embeddable":true,"href":"https:\/\/noticiasemdestaque.com\/cd\/index.php?rest_route=\/wp\/v2\/media\/4935"}],"wp:attachment":[{"href":"https:\/\/noticiasemdestaque.com\/cd\/index.php?rest_route=%2Fwp%2Fv2%2Fmedia&parent=4934"}],"wp:term":[{"taxonomy":"category","embeddable":true,"href":"https:\/\/noticiasemdestaque.com\/cd\/index.php?rest_route=%2Fwp%2Fv2%2Fcategories&post=4934"},{"taxonomy":"post_tag","embeddable":true,"href":"https:\/\/noticiasemdestaque.com\/cd\/index.php?rest_route=%2Fwp%2Fv2%2Ftags&post=4934"}],"curies":[{"name":"wp","href":"https:\/\/api.w.org\/{rel}","templated":true}]}}