{"id":49201,"date":"2023-06-19T09:03:40","date_gmt":"2023-06-19T12:03:40","guid":{"rendered":"https:\/\/noticiasemdestaque.com\/cd\/?p=49201"},"modified":"2023-06-19T09:03:40","modified_gmt":"2023-06-19T12:03:40","slug":"paraiba-e-o-quinto-estado-do-pais-com-mais-vagas-ofertadas-no-sisu-2023-2","status":"publish","type":"post","link":"https:\/\/noticiasemdestaque.com\/cd\/?p=49201","title":{"rendered":"Para\u00edba \u00e9 o quinto estado do pa\u00eds com mais vagas ofertadas no Sisu 2023.2"},"content":{"rendered":"<p><a href=\"https:\/\/noticiasemdestaque.com\/cd\/wp-content\/uploads\/2020\/01\/sisu.jpg\"><img fetchpriority=\"high\" decoding=\"async\" class=\"size-medium wp-image-22470 aligncenter\" src=\"https:\/\/noticiasemdestaque.com\/cd\/wp-content\/uploads\/2020\/01\/sisu-300x201.jpg\" alt=\"\" width=\"300\" height=\"201\" srcset=\"https:\/\/noticiasemdestaque.com\/cd\/wp-content\/uploads\/2020\/01\/sisu-300x201.jpg 300w, https:\/\/noticiasemdestaque.com\/cd\/wp-content\/uploads\/2020\/01\/sisu-480x320.jpg 480w, https:\/\/noticiasemdestaque.com\/cd\/wp-content\/uploads\/2020\/01\/sisu.jpg 600w\" sizes=\"(max-width: 300px) 100vw, 300px\" \/><\/a><\/p>\n<p>A Para\u00edba ocupa o quinto lugar no Brasil em oferta de vagas no Sistema de Sele\u00e7\u00e3o Unificada (Sisu) 2023.2, com 3.728 vagas disponibilizadas, de acordo com o Minist\u00e9rio da Educa\u00e7\u00e3o (MEC). A institui\u00e7\u00e3o com o maior n\u00famero de vagas \u00e9 a\u00a0Universidade Federal de Campina Grande (UFCG), com 1.535 vagas. O estado que lidera em quantidade de vagas em institui\u00e7\u00f5es p\u00fablicas de ensino superior \u00e9 o Rio de Janeiro, com 13.221, segundo o MEC.<\/p>\n<p>Outras duas institui\u00e7\u00f5es p\u00fablicas de ensino superior da Para\u00edba est\u00e3o oferecendo vagas. Na\u00a0Universidade Estadual da Para\u00edba (UEPB), s\u00e3o 1.449 vagas, e na\u00a0Universidade Federal da Para\u00edba (UFPB) s\u00e3o ofertadas 744 vagas. Este ano, o Instituto Federal da Para\u00edba (IFPB) n\u00e3o fez ades\u00e3o ao Sisu 2023.2.<\/p>\n<p>As inscri\u00e7\u00f5es para o Sisu come\u00e7aram nesta segunda-feira (19) v\u00e3o at\u00e9 as 23h59 da quinta-feira (22). Esta primeira edi\u00e7\u00e3o do Sisu 2023 oferta 51.277 mil vagas em 1.666 cursos de ensino superior. Ao todo, 65 institui\u00e7\u00f5es de educa\u00e7\u00e3o superior assinaram o Termo de Ades\u00e3o (TA) ao Programa.<\/p>\n<p>O candidato s\u00f3 poder\u00e1 se inscrever caso tenha participado da edi\u00e7\u00e3o de 2022 do Exame Nacional do Ensino M\u00e9dio (Enem) e que tenha obtido nota acima de zero na prova de reda\u00e7\u00e3o. O resultado do processo seletivo est\u00e1 previsto para ser divulgado no dia 27 de junho e o prazo para manifestar interesse na lista de espera ser\u00e1 de 27 de junho a 4 de julho, de acordo com o edital.<\/p>\n<p><strong>Como se inscrever<\/strong><\/p>\n<p>As inscri\u00e7\u00f5es para o Sistema de Sele\u00e7\u00e3o Unificada (Sisu) 2023.1 seguem at\u00e9 o dia 22 de junho, no\u00a0site do programa, que \u00e9 o meio pelo qual acontece a sele\u00e7\u00e3o de estudantes para universidades p\u00fablicas. J\u00e1 os resultados devem ser divulgados no dia 27 do mesmo m\u00eas.<\/p>\n<p>Nessa modalidade de sele\u00e7\u00e3o, o candidato pode mudar as suas op\u00e7\u00f5es de curso no sistema quantas vezes preferir, at\u00e9 o fim do per\u00edodo de inscri\u00e7\u00f5es, com base as notas de corte parciais divulgadas diariamente.<\/p>\n<p>Para competir por uma vaga, \u00e9 necess\u00e1rio que o candidato tenha feito as provas do Exame Nacional do Ensino M\u00e9dio (Enem) na edi\u00e7\u00e3o 2022 e tirado uma nota maior que zero.<\/p>\n<p>&nbsp;<\/p>\n","protected":false},"excerpt":{"rendered":"<p>A Para\u00edba ocupa o quinto lugar no Brasil em oferta de vagas no Sistema de Sele\u00e7\u00e3o Unificada (Sisu) 2023.2, com 3.728 vagas disponibilizadas, de acordo com o Minist\u00e9rio da Educa\u00e7\u00e3o (MEC). A institui\u00e7\u00e3o com o maior n\u00famero de vagas \u00e9 a\u00a0Universidade Federal de Campina Grande (UFCG), com 1.535 vagas. O estado que lidera em quantidade de vagas em institui\u00e7\u00f5es p\u00fablicas de ensino superior \u00e9 o Rio de Janeiro, com 13.221, segundo o MEC. Outras duas institui\u00e7\u00f5es p\u00fablicas de ensino superior da Para\u00edba est\u00e3o oferecendo vagas. Na\u00a0Universidade Estadual da Para\u00edba (UEPB), s\u00e3o 1.449 vagas, e na\u00a0Universidade Federal da Para\u00edba (UFPB) s\u00e3o ofertadas 744 vagas. Este ano, o Instituto Federal da Para\u00edba (IFPB) n\u00e3o fez ades\u00e3o ao Sisu 2023.2. As inscri\u00e7\u00f5es para o Sisu come\u00e7aram nesta segunda-feira (19) v\u00e3o at\u00e9 as 23h59 da quinta-feira (22). Esta primeira edi\u00e7\u00e3o do Sisu 2023 oferta 51.277 mil vagas em 1.666 cursos de ensino superior. Ao todo, 65 institui\u00e7\u00f5es de educa\u00e7\u00e3o superior assinaram o Termo de Ades\u00e3o (TA) ao Programa. O candidato s\u00f3 poder\u00e1 se inscrever caso tenha participado da edi\u00e7\u00e3o de 2022 do Exame Nacional do Ensino M\u00e9dio (Enem) e que tenha obtido nota acima de zero na prova de reda\u00e7\u00e3o. O resultado do processo seletivo est\u00e1 previsto para ser divulgado no dia 27 de junho e o prazo para manifestar interesse na lista de espera ser\u00e1 de 27 de junho a 4 de julho, de acordo com o edital. Como se inscrever As inscri\u00e7\u00f5es para o Sistema de Sele\u00e7\u00e3o Unificada (Sisu) 2023.1 seguem at\u00e9 o dia 22 de junho, no\u00a0site do programa, que \u00e9 o meio pelo qual acontece a sele\u00e7\u00e3o de estudantes para universidades p\u00fablicas. J\u00e1 os resultados devem ser divulgados no dia 27 do mesmo m\u00eas. Nessa modalidade de sele\u00e7\u00e3o, o candidato pode mudar as suas op\u00e7\u00f5es de curso no sistema quantas vezes preferir, at\u00e9 o fim do per\u00edodo de inscri\u00e7\u00f5es, com base as notas de corte parciais divulgadas diariamente. Para competir por uma vaga, \u00e9 necess\u00e1rio que o candidato tenha feito as provas do Exame Nacional do Ensino M\u00e9dio (Enem) na edi\u00e7\u00e3o 2022 e tirado uma nota maior que zero. &nbsp;<\/p>\n","protected":false},"author":2,"featured_media":22470,"comment_status":"closed","ping_status":"open","sticky":false,"template":"","format":"standard","meta":{"_eb_attr":"","_jetpack_memberships_contains_paid_content":false,"footnotes":""},"categories":[6],"tags":[],"class_list":["post-49201","post","type-post","status-publish","format-standard","has-post-thumbnail","hentry","category-educacao"],"yoast_head":"<!-- This site is optimized with the Yoast SEO plugin v26.5 - https:\/\/yoast.com\/wordpress\/plugins\/seo\/ -->\n<title>Para\u00edba \u00e9 o quinto estado do pa\u00eds com mais vagas ofertadas no Sisu 2023.2 - Not&iacute;cias em Destaque<\/title>\n<meta name=\"robots\" content=\"index, follow, max-snippet:-1, max-image-preview:large, max-video-preview:-1\" \/>\n<link rel=\"canonical\" href=\"https:\/\/noticiasemdestaque.com\/cd\/?p=49201\" \/>\n<meta property=\"og:locale\" content=\"pt_BR\" \/>\n<meta property=\"og:type\" content=\"article\" \/>\n<meta property=\"og:title\" content=\"Para\u00edba \u00e9 o quinto estado do pa\u00eds com mais vagas ofertadas no Sisu 2023.2 - Not&iacute;cias em Destaque\" \/>\n<meta property=\"og:description\" content=\"A Para\u00edba ocupa o quinto lugar no Brasil em oferta de vagas no Sistema de Sele\u00e7\u00e3o Unificada (Sisu) 2023.2, com 3.728 vagas disponibilizadas, de acordo com o Minist\u00e9rio da Educa\u00e7\u00e3o (MEC). A institui\u00e7\u00e3o com o maior n\u00famero de vagas \u00e9 a\u00a0Universidade Federal de Campina Grande (UFCG), com 1.535 vagas. O estado que lidera em quantidade de vagas em institui\u00e7\u00f5es p\u00fablicas de ensino superior \u00e9 o Rio de Janeiro, com 13.221, segundo o MEC. Outras duas institui\u00e7\u00f5es p\u00fablicas de ensino superior da Para\u00edba est\u00e3o oferecendo vagas. Na\u00a0Universidade Estadual da Para\u00edba (UEPB), s\u00e3o 1.449 vagas, e na\u00a0Universidade Federal da Para\u00edba (UFPB) s\u00e3o ofertadas 744 vagas. Este ano, o Instituto Federal da Para\u00edba (IFPB) n\u00e3o fez ades\u00e3o ao Sisu 2023.2. As inscri\u00e7\u00f5es para o Sisu come\u00e7aram nesta segunda-feira (19) v\u00e3o at\u00e9 as 23h59 da quinta-feira (22). Esta primeira edi\u00e7\u00e3o do Sisu 2023 oferta 51.277 mil vagas em 1.666 cursos de ensino superior. Ao todo, 65 institui\u00e7\u00f5es de educa\u00e7\u00e3o superior assinaram o Termo de Ades\u00e3o (TA) ao Programa. O candidato s\u00f3 poder\u00e1 se inscrever caso tenha participado da edi\u00e7\u00e3o de 2022 do Exame Nacional do Ensino M\u00e9dio (Enem) e que tenha obtido nota acima de zero na prova de reda\u00e7\u00e3o. O resultado do processo seletivo est\u00e1 previsto para ser divulgado no dia 27 de junho e o prazo para manifestar interesse na lista de espera ser\u00e1 de 27 de junho a 4 de julho, de acordo com o edital. Como se inscrever As inscri\u00e7\u00f5es para o Sistema de Sele\u00e7\u00e3o Unificada (Sisu) 2023.1 seguem at\u00e9 o dia 22 de junho, no\u00a0site do programa, que \u00e9 o meio pelo qual acontece a sele\u00e7\u00e3o de estudantes para universidades p\u00fablicas. J\u00e1 os resultados devem ser divulgados no dia 27 do mesmo m\u00eas. Nessa modalidade de sele\u00e7\u00e3o, o candidato pode mudar as suas op\u00e7\u00f5es de curso no sistema quantas vezes preferir, at\u00e9 o fim do per\u00edodo de inscri\u00e7\u00f5es, com base as notas de corte parciais divulgadas diariamente. Para competir por uma vaga, \u00e9 necess\u00e1rio que o candidato tenha feito as provas do Exame Nacional do Ensino M\u00e9dio (Enem) na edi\u00e7\u00e3o 2022 e tirado uma nota maior que zero. &nbsp;\" \/>\n<meta property=\"og:url\" content=\"https:\/\/noticiasemdestaque.com\/cd\/?p=49201\" \/>\n<meta property=\"og:site_name\" content=\"Not&iacute;cias em Destaque\" \/>\n<meta property=\"article:published_time\" content=\"2023-06-19T12:03:40+00:00\" \/>\n<meta property=\"og:image\" content=\"https:\/\/noticiasemdestaque.com\/cd\/wp-content\/uploads\/2020\/01\/sisu.jpg\" \/>\n\t<meta property=\"og:image:width\" content=\"600\" \/>\n\t<meta property=\"og:image:height\" content=\"401\" \/>\n\t<meta property=\"og:image:type\" content=\"image\/jpeg\" \/>\n<meta name=\"author\" content=\"Not\u00edcias em Destaque\" \/>\n<meta name=\"twitter:card\" content=\"summary_large_image\" \/>\n<meta name=\"twitter:label1\" content=\"Escrito por\" \/>\n\t<meta name=\"twitter:data1\" content=\"Not\u00edcias em Destaque\" \/>\n\t<meta name=\"twitter:label2\" content=\"Est. tempo de leitura\" \/>\n\t<meta name=\"twitter:data2\" content=\"2 minutos\" \/>\n<script type=\"application\/ld+json\" class=\"yoast-schema-graph\">{\"@context\":\"https:\/\/schema.org\",\"@graph\":[{\"@type\":\"Article\",\"@id\":\"https:\/\/noticiasemdestaque.com\/cd\/?p=49201#article\",\"isPartOf\":{\"@id\":\"https:\/\/noticiasemdestaque.com\/cd\/?p=49201\"},\"author\":{\"name\":\"Not\u00edcias em Destaque\",\"@id\":\"https:\/\/noticiasemdestaque.com\/cd\/#\/schema\/person\/21320b03a7e8bb90128938dafc9b908a\"},\"headline\":\"Para\u00edba \u00e9 o quinto estado do pa\u00eds com mais vagas ofertadas no Sisu 2023.2\",\"datePublished\":\"2023-06-19T12:03:40+00:00\",\"mainEntityOfPage\":{\"@id\":\"https:\/\/noticiasemdestaque.com\/cd\/?p=49201\"},\"wordCount\":384,\"publisher\":{\"@id\":\"https:\/\/noticiasemdestaque.com\/cd\/#organization\"},\"image\":{\"@id\":\"https:\/\/noticiasemdestaque.com\/cd\/?p=49201#primaryimage\"},\"thumbnailUrl\":\"https:\/\/noticiasemdestaque.com\/cd\/wp-content\/uploads\/2020\/01\/sisu.jpg\",\"articleSection\":[\"Educa\u00e7\u00e3o\"],\"inLanguage\":\"pt-BR\"},{\"@type\":\"WebPage\",\"@id\":\"https:\/\/noticiasemdestaque.com\/cd\/?p=49201\",\"url\":\"https:\/\/noticiasemdestaque.com\/cd\/?p=49201\",\"name\":\"Para\u00edba \u00e9 o quinto estado do pa\u00eds com mais vagas ofertadas no Sisu 2023.2 - Not&iacute;cias em Destaque\",\"isPartOf\":{\"@id\":\"https:\/\/noticiasemdestaque.com\/cd\/#website\"},\"primaryImageOfPage\":{\"@id\":\"https:\/\/noticiasemdestaque.com\/cd\/?p=49201#primaryimage\"},\"image\":{\"@id\":\"https:\/\/noticiasemdestaque.com\/cd\/?p=49201#primaryimage\"},\"thumbnailUrl\":\"https:\/\/noticiasemdestaque.com\/cd\/wp-content\/uploads\/2020\/01\/sisu.jpg\",\"datePublished\":\"2023-06-19T12:03:40+00:00\",\"breadcrumb\":{\"@id\":\"https:\/\/noticiasemdestaque.com\/cd\/?p=49201#breadcrumb\"},\"inLanguage\":\"pt-BR\",\"potentialAction\":[{\"@type\":\"ReadAction\",\"target\":[\"https:\/\/noticiasemdestaque.com\/cd\/?p=49201\"]}]},{\"@type\":\"ImageObject\",\"inLanguage\":\"pt-BR\",\"@id\":\"https:\/\/noticiasemdestaque.com\/cd\/?p=49201#primaryimage\",\"url\":\"https:\/\/noticiasemdestaque.com\/cd\/wp-content\/uploads\/2020\/01\/sisu.jpg\",\"contentUrl\":\"https:\/\/noticiasemdestaque.com\/cd\/wp-content\/uploads\/2020\/01\/sisu.jpg\",\"width\":600,\"height\":401},{\"@type\":\"BreadcrumbList\",\"@id\":\"https:\/\/noticiasemdestaque.com\/cd\/?p=49201#breadcrumb\",\"itemListElement\":[{\"@type\":\"ListItem\",\"position\":1,\"name\":\"In\u00edcio\",\"item\":\"https:\/\/noticiasemdestaque.com\/cd\/\"},{\"@type\":\"ListItem\",\"position\":2,\"name\":\"Para\u00edba \u00e9 o quinto estado do pa\u00eds com mais vagas ofertadas no Sisu 2023.2\"}]},{\"@type\":\"WebSite\",\"@id\":\"https:\/\/noticiasemdestaque.com\/cd\/#website\",\"url\":\"https:\/\/noticiasemdestaque.com\/cd\/\",\"name\":\"Not&iacute;cias em Destaque\",\"description\":\"\",\"publisher\":{\"@id\":\"https:\/\/noticiasemdestaque.com\/cd\/#organization\"},\"potentialAction\":[{\"@type\":\"SearchAction\",\"target\":{\"@type\":\"EntryPoint\",\"urlTemplate\":\"https:\/\/noticiasemdestaque.com\/cd\/?s={search_term_string}\"},\"query-input\":{\"@type\":\"PropertyValueSpecification\",\"valueRequired\":true,\"valueName\":\"search_term_string\"}}],\"inLanguage\":\"pt-BR\"},{\"@type\":\"Organization\",\"@id\":\"https:\/\/noticiasemdestaque.com\/cd\/#organization\",\"name\":\"Not\u00edcias em Destaque\",\"url\":\"https:\/\/noticiasemdestaque.com\/cd\/\",\"logo\":{\"@type\":\"ImageObject\",\"inLanguage\":\"pt-BR\",\"@id\":\"https:\/\/noticiasemdestaque.com\/cd\/#\/schema\/logo\/image\/\",\"url\":\"https:\/\/noticiasemdestaque.com\/cd\/wp-content\/uploads\/2022\/05\/imagem-base-noticiasemdestaque.png\",\"contentUrl\":\"https:\/\/noticiasemdestaque.com\/cd\/wp-content\/uploads\/2022\/05\/imagem-base-noticiasemdestaque.png\",\"width\":1200,\"height\":630,\"caption\":\"Not\u00edcias em Destaque\"},\"image\":{\"@id\":\"https:\/\/noticiasemdestaque.com\/cd\/#\/schema\/logo\/image\/\"}},{\"@type\":\"Person\",\"@id\":\"https:\/\/noticiasemdestaque.com\/cd\/#\/schema\/person\/21320b03a7e8bb90128938dafc9b908a\",\"name\":\"Not\u00edcias em Destaque\",\"url\":\"https:\/\/noticiasemdestaque.com\/cd\/?author=2\"}]}<\/script>\n<!-- \/ Yoast SEO plugin. -->","yoast_head_json":{"title":"Para\u00edba \u00e9 o quinto estado do pa\u00eds com mais vagas ofertadas no Sisu 2023.2 - Not&iacute;cias em Destaque","robots":{"index":"index","follow":"follow","max-snippet":"max-snippet:-1","max-image-preview":"max-image-preview:large","max-video-preview":"max-video-preview:-1"},"canonical":"https:\/\/noticiasemdestaque.com\/cd\/?p=49201","og_locale":"pt_BR","og_type":"article","og_title":"Para\u00edba \u00e9 o quinto estado do pa\u00eds com mais vagas ofertadas no Sisu 2023.2 - Not&iacute;cias em Destaque","og_description":"A Para\u00edba ocupa o quinto lugar no Brasil em oferta de vagas no Sistema de Sele\u00e7\u00e3o Unificada (Sisu) 2023.2, com 3.728 vagas disponibilizadas, de acordo com o Minist\u00e9rio da Educa\u00e7\u00e3o (MEC). A institui\u00e7\u00e3o com o maior n\u00famero de vagas \u00e9 a\u00a0Universidade Federal de Campina Grande (UFCG), com 1.535 vagas. O estado que lidera em quantidade de vagas em institui\u00e7\u00f5es p\u00fablicas de ensino superior \u00e9 o Rio de Janeiro, com 13.221, segundo o MEC. Outras duas institui\u00e7\u00f5es p\u00fablicas de ensino superior da Para\u00edba est\u00e3o oferecendo vagas. Na\u00a0Universidade Estadual da Para\u00edba (UEPB), s\u00e3o 1.449 vagas, e na\u00a0Universidade Federal da Para\u00edba (UFPB) s\u00e3o ofertadas 744 vagas. Este ano, o Instituto Federal da Para\u00edba (IFPB) n\u00e3o fez ades\u00e3o ao Sisu 2023.2. As inscri\u00e7\u00f5es para o Sisu come\u00e7aram nesta segunda-feira (19) v\u00e3o at\u00e9 as 23h59 da quinta-feira (22). Esta primeira edi\u00e7\u00e3o do Sisu 2023 oferta 51.277 mil vagas em 1.666 cursos de ensino superior. Ao todo, 65 institui\u00e7\u00f5es de educa\u00e7\u00e3o superior assinaram o Termo de Ades\u00e3o (TA) ao Programa. O candidato s\u00f3 poder\u00e1 se inscrever caso tenha participado da edi\u00e7\u00e3o de 2022 do Exame Nacional do Ensino M\u00e9dio (Enem) e que tenha obtido nota acima de zero na prova de reda\u00e7\u00e3o. O resultado do processo seletivo est\u00e1 previsto para ser divulgado no dia 27 de junho e o prazo para manifestar interesse na lista de espera ser\u00e1 de 27 de junho a 4 de julho, de acordo com o edital. Como se inscrever As inscri\u00e7\u00f5es para o Sistema de Sele\u00e7\u00e3o Unificada (Sisu) 2023.1 seguem at\u00e9 o dia 22 de junho, no\u00a0site do programa, que \u00e9 o meio pelo qual acontece a sele\u00e7\u00e3o de estudantes para universidades p\u00fablicas. J\u00e1 os resultados devem ser divulgados no dia 27 do mesmo m\u00eas. Nessa modalidade de sele\u00e7\u00e3o, o candidato pode mudar as suas op\u00e7\u00f5es de curso no sistema quantas vezes preferir, at\u00e9 o fim do per\u00edodo de inscri\u00e7\u00f5es, com base as notas de corte parciais divulgadas diariamente. Para competir por uma vaga, \u00e9 necess\u00e1rio que o candidato tenha feito as provas do Exame Nacional do Ensino M\u00e9dio (Enem) na edi\u00e7\u00e3o 2022 e tirado uma nota maior que zero. &nbsp;","og_url":"https:\/\/noticiasemdestaque.com\/cd\/?p=49201","og_site_name":"Not&iacute;cias em Destaque","article_published_time":"2023-06-19T12:03:40+00:00","og_image":[{"width":600,"height":401,"url":"https:\/\/noticiasemdestaque.com\/cd\/wp-content\/uploads\/2020\/01\/sisu.jpg","type":"image\/jpeg"}],"author":"Not\u00edcias em Destaque","twitter_card":"summary_large_image","twitter_misc":{"Escrito por":"Not\u00edcias em Destaque","Est. tempo de leitura":"2 minutos"},"schema":{"@context":"https:\/\/schema.org","@graph":[{"@type":"Article","@id":"https:\/\/noticiasemdestaque.com\/cd\/?p=49201#article","isPartOf":{"@id":"https:\/\/noticiasemdestaque.com\/cd\/?p=49201"},"author":{"name":"Not\u00edcias em Destaque","@id":"https:\/\/noticiasemdestaque.com\/cd\/#\/schema\/person\/21320b03a7e8bb90128938dafc9b908a"},"headline":"Para\u00edba \u00e9 o quinto estado do pa\u00eds com mais vagas ofertadas no Sisu 2023.2","datePublished":"2023-06-19T12:03:40+00:00","mainEntityOfPage":{"@id":"https:\/\/noticiasemdestaque.com\/cd\/?p=49201"},"wordCount":384,"publisher":{"@id":"https:\/\/noticiasemdestaque.com\/cd\/#organization"},"image":{"@id":"https:\/\/noticiasemdestaque.com\/cd\/?p=49201#primaryimage"},"thumbnailUrl":"https:\/\/noticiasemdestaque.com\/cd\/wp-content\/uploads\/2020\/01\/sisu.jpg","articleSection":["Educa\u00e7\u00e3o"],"inLanguage":"pt-BR"},{"@type":"WebPage","@id":"https:\/\/noticiasemdestaque.com\/cd\/?p=49201","url":"https:\/\/noticiasemdestaque.com\/cd\/?p=49201","name":"Para\u00edba \u00e9 o quinto estado do pa\u00eds com mais vagas ofertadas no Sisu 2023.2 - Not&iacute;cias em Destaque","isPartOf":{"@id":"https:\/\/noticiasemdestaque.com\/cd\/#website"},"primaryImageOfPage":{"@id":"https:\/\/noticiasemdestaque.com\/cd\/?p=49201#primaryimage"},"image":{"@id":"https:\/\/noticiasemdestaque.com\/cd\/?p=49201#primaryimage"},"thumbnailUrl":"https:\/\/noticiasemdestaque.com\/cd\/wp-content\/uploads\/2020\/01\/sisu.jpg","datePublished":"2023-06-19T12:03:40+00:00","breadcrumb":{"@id":"https:\/\/noticiasemdestaque.com\/cd\/?p=49201#breadcrumb"},"inLanguage":"pt-BR","potentialAction":[{"@type":"ReadAction","target":["https:\/\/noticiasemdestaque.com\/cd\/?p=49201"]}]},{"@type":"ImageObject","inLanguage":"pt-BR","@id":"https:\/\/noticiasemdestaque.com\/cd\/?p=49201#primaryimage","url":"https:\/\/noticiasemdestaque.com\/cd\/wp-content\/uploads\/2020\/01\/sisu.jpg","contentUrl":"https:\/\/noticiasemdestaque.com\/cd\/wp-content\/uploads\/2020\/01\/sisu.jpg","width":600,"height":401},{"@type":"BreadcrumbList","@id":"https:\/\/noticiasemdestaque.com\/cd\/?p=49201#breadcrumb","itemListElement":[{"@type":"ListItem","position":1,"name":"In\u00edcio","item":"https:\/\/noticiasemdestaque.com\/cd\/"},{"@type":"ListItem","position":2,"name":"Para\u00edba \u00e9 o quinto estado do pa\u00eds com mais vagas ofertadas no Sisu 2023.2"}]},{"@type":"WebSite","@id":"https:\/\/noticiasemdestaque.com\/cd\/#website","url":"https:\/\/noticiasemdestaque.com\/cd\/","name":"Not&iacute;cias em Destaque","description":"","publisher":{"@id":"https:\/\/noticiasemdestaque.com\/cd\/#organization"},"potentialAction":[{"@type":"SearchAction","target":{"@type":"EntryPoint","urlTemplate":"https:\/\/noticiasemdestaque.com\/cd\/?s={search_term_string}"},"query-input":{"@type":"PropertyValueSpecification","valueRequired":true,"valueName":"search_term_string"}}],"inLanguage":"pt-BR"},{"@type":"Organization","@id":"https:\/\/noticiasemdestaque.com\/cd\/#organization","name":"Not\u00edcias em Destaque","url":"https:\/\/noticiasemdestaque.com\/cd\/","logo":{"@type":"ImageObject","inLanguage":"pt-BR","@id":"https:\/\/noticiasemdestaque.com\/cd\/#\/schema\/logo\/image\/","url":"https:\/\/noticiasemdestaque.com\/cd\/wp-content\/uploads\/2022\/05\/imagem-base-noticiasemdestaque.png","contentUrl":"https:\/\/noticiasemdestaque.com\/cd\/wp-content\/uploads\/2022\/05\/imagem-base-noticiasemdestaque.png","width":1200,"height":630,"caption":"Not\u00edcias em Destaque"},"image":{"@id":"https:\/\/noticiasemdestaque.com\/cd\/#\/schema\/logo\/image\/"}},{"@type":"Person","@id":"https:\/\/noticiasemdestaque.com\/cd\/#\/schema\/person\/21320b03a7e8bb90128938dafc9b908a","name":"Not\u00edcias em Destaque","url":"https:\/\/noticiasemdestaque.com\/cd\/?author=2"}]}},"jetpack_featured_media_url":"https:\/\/noticiasemdestaque.com\/cd\/wp-content\/uploads\/2020\/01\/sisu.jpg","jetpack_sharing_enabled":true,"_links":{"self":[{"href":"https:\/\/noticiasemdestaque.com\/cd\/index.php?rest_route=\/wp\/v2\/posts\/49201","targetHints":{"allow":["GET"]}}],"collection":[{"href":"https:\/\/noticiasemdestaque.com\/cd\/index.php?rest_route=\/wp\/v2\/posts"}],"about":[{"href":"https:\/\/noticiasemdestaque.com\/cd\/index.php?rest_route=\/wp\/v2\/types\/post"}],"author":[{"embeddable":true,"href":"https:\/\/noticiasemdestaque.com\/cd\/index.php?rest_route=\/wp\/v2\/users\/2"}],"replies":[{"embeddable":true,"href":"https:\/\/noticiasemdestaque.com\/cd\/index.php?rest_route=%2Fwp%2Fv2%2Fcomments&post=49201"}],"version-history":[{"count":2,"href":"https:\/\/noticiasemdestaque.com\/cd\/index.php?rest_route=\/wp\/v2\/posts\/49201\/revisions"}],"predecessor-version":[{"id":49203,"href":"https:\/\/noticiasemdestaque.com\/cd\/index.php?rest_route=\/wp\/v2\/posts\/49201\/revisions\/49203"}],"wp:featuredmedia":[{"embeddable":true,"href":"https:\/\/noticiasemdestaque.com\/cd\/index.php?rest_route=\/wp\/v2\/media\/22470"}],"wp:attachment":[{"href":"https:\/\/noticiasemdestaque.com\/cd\/index.php?rest_route=%2Fwp%2Fv2%2Fmedia&parent=49201"}],"wp:term":[{"taxonomy":"category","embeddable":true,"href":"https:\/\/noticiasemdestaque.com\/cd\/index.php?rest_route=%2Fwp%2Fv2%2Fcategories&post=49201"},{"taxonomy":"post_tag","embeddable":true,"href":"https:\/\/noticiasemdestaque.com\/cd\/index.php?rest_route=%2Fwp%2Fv2%2Ftags&post=49201"}],"curies":[{"name":"wp","href":"https:\/\/api.w.org\/{rel}","templated":true}]}}