{"id":491,"date":"2017-06-13T22:59:06","date_gmt":"2017-06-14T01:59:06","guid":{"rendered":"http:\/\/caririemdestaque.com\/cd\/?p=491"},"modified":"2017-06-13T23:06:48","modified_gmt":"2017-06-14T02:06:48","slug":"banco-do-brasil-transito-estradas-na-zona-rural-e-diminuicao-do-recesso-alguns-pontos-discutidos-na-reuniao-da-camara-de-vereadores-de-sume","status":"publish","type":"post","link":"https:\/\/noticiasemdestaque.com\/cd\/?p=491","title":{"rendered":"Banco do Brasil, tr\u00e2nsito, estradas na zona rural e diminui\u00e7\u00e3o do recesso, alguns pontos discutidos na reuni\u00e3o da C\u00e2mara de Vereadores de Sum\u00e9."},"content":{"rendered":"<p style=\"text-align: center;\"><a href=\"http:\/\/caririemdestaque.com\/cd\/wp-content\/uploads\/2017\/06\/19141823_1147923365313978_160324834_n.jpg\"><img fetchpriority=\"high\" decoding=\"async\" class=\"alignnone  wp-image-497\" src=\"http:\/\/caririemdestaque.com\/cd\/wp-content\/uploads\/2017\/06\/19141823_1147923365313978_160324834_n-300x300.jpg\" alt=\"\" width=\"360\" height=\"360\" srcset=\"https:\/\/noticiasemdestaque.com\/cd\/wp-content\/uploads\/2017\/06\/19141823_1147923365313978_160324834_n-300x300.jpg 300w, https:\/\/noticiasemdestaque.com\/cd\/wp-content\/uploads\/2017\/06\/19141823_1147923365313978_160324834_n-150x150.jpg 150w, https:\/\/noticiasemdestaque.com\/cd\/wp-content\/uploads\/2017\/06\/19141823_1147923365313978_160324834_n-768x768.jpg 768w, https:\/\/noticiasemdestaque.com\/cd\/wp-content\/uploads\/2017\/06\/19141823_1147923365313978_160324834_n-266x266.jpg 266w, https:\/\/noticiasemdestaque.com\/cd\/wp-content\/uploads\/2017\/06\/19141823_1147923365313978_160324834_n.jpg 960w\" sizes=\"(max-width: 360px) 100vw, 360px\" \/><\/a><\/p>\n<p>O Legislativo sumeense se reuniu na manh\u00e3 desta ter\u00e7a-feira (13\/06) para a reuni\u00e3o ordin\u00e1ria desta semana.<\/p>\n<p><a href=\"http:\/\/caririemdestaque.com\/cd\/wp-content\/uploads\/2017\/06\/DSC_0191.jpg\"><img decoding=\"async\" class=\" wp-image-494 aligncenter\" src=\"http:\/\/caririemdestaque.com\/cd\/wp-content\/uploads\/2017\/06\/DSC_0191-300x199.jpg\" alt=\"\" width=\"401\" height=\"266\" srcset=\"https:\/\/noticiasemdestaque.com\/cd\/wp-content\/uploads\/2017\/06\/DSC_0191-300x199.jpg 300w, https:\/\/noticiasemdestaque.com\/cd\/wp-content\/uploads\/2017\/06\/DSC_0191-768x511.jpg 768w, https:\/\/noticiasemdestaque.com\/cd\/wp-content\/uploads\/2017\/06\/DSC_0191-1024x681.jpg 1024w, https:\/\/noticiasemdestaque.com\/cd\/wp-content\/uploads\/2017\/06\/DSC_0191-480x320.jpg 480w\" sizes=\"(max-width: 401px) 100vw, 401px\" \/><\/a><\/p>\n<p>A vereadora Br\u00edgida Xavier apresentou requerimento solicitando ao Departamento Nacional de Infraestrutura de Transporte- DNIT , o conserto dos redutores de velocidade na Avenida 1\u00ba de Abril, BR 412- que corta o munic\u00edpio de Sum\u00e9.<\/p>\n<p>De acordo com a vereadora Br\u00edgida Xavier, os redutores de velocidade encontram-se todos com defeitos, fazendo com que motoristas trafeguem em alta velocidade, ocasionando acidentes e colocando vidas em risco.<\/p>\n<p>Durante a reuni\u00e3o, a vereadora Br\u00edgida Xavier, apresentou requerimento solicitando a realiza\u00e7\u00e3o de uma audi\u00eancia p\u00fablica para discutir a gerencia das \u00e1guas do a\u00e7ude p\u00fablico de Sum\u00e9.<\/p>\n<p><a href=\"http:\/\/caririemdestaque.com\/cd\/wp-content\/uploads\/2017\/06\/DSC_0198.jpg\"><img decoding=\"async\" class=\"wp-image-495 aligncenter\" src=\"http:\/\/caririemdestaque.com\/cd\/wp-content\/uploads\/2017\/06\/DSC_0198-300x199.jpg\" alt=\"\" width=\"401\" height=\"266\" srcset=\"https:\/\/noticiasemdestaque.com\/cd\/wp-content\/uploads\/2017\/06\/DSC_0198-300x199.jpg 300w, https:\/\/noticiasemdestaque.com\/cd\/wp-content\/uploads\/2017\/06\/DSC_0198-768x511.jpg 768w, https:\/\/noticiasemdestaque.com\/cd\/wp-content\/uploads\/2017\/06\/DSC_0198-1024x681.jpg 1024w, https:\/\/noticiasemdestaque.com\/cd\/wp-content\/uploads\/2017\/06\/DSC_0198-480x320.jpg 480w\" sizes=\"(max-width: 401px) 100vw, 401px\" \/><\/a><\/p>\n<p>O vereador Antonio Carlos apresentou voto de aplauso ao Sargento Filho, mais conhecido como Raul, por ter prendido sozinho a quadrilha de quatro mulheres e um homem depois de roubarem lojas em Sum\u00e9.<\/p>\n<p>O vereador Antonio Carlos levantou o debate sobre a possibilidade de um estudo, para que quando as \u00e1guas do S\u00e3o Francisco come\u00e7arem a abastecer Sum\u00e9, possa ser feita uma descarga de \u00e1gua do a\u00e7ude para os loteiros do per\u00edmetro irrigado.<\/p>\n<p><a href=\"http:\/\/caririemdestaque.com\/cd\/wp-content\/uploads\/2017\/06\/DSC_0221.jpg\"><img loading=\"lazy\" decoding=\"async\" class=\" wp-image-496 aligncenter\" src=\"http:\/\/caririemdestaque.com\/cd\/wp-content\/uploads\/2017\/06\/DSC_0221-300x199.jpg\" alt=\"\" width=\"401\" height=\"266\" srcset=\"https:\/\/noticiasemdestaque.com\/cd\/wp-content\/uploads\/2017\/06\/DSC_0221-300x199.jpg 300w, https:\/\/noticiasemdestaque.com\/cd\/wp-content\/uploads\/2017\/06\/DSC_0221-768x511.jpg 768w, https:\/\/noticiasemdestaque.com\/cd\/wp-content\/uploads\/2017\/06\/DSC_0221-1024x681.jpg 1024w, https:\/\/noticiasemdestaque.com\/cd\/wp-content\/uploads\/2017\/06\/DSC_0221-480x320.jpg 480w\" sizes=\"(max-width: 401px) 100vw, 401px\" \/><\/a><\/p>\n<p>O vereador Daniel L\u00eala foi indicado juntamente com a vereadora Br\u00edgida Xavier para compor o Conselho de fiscaliza\u00e7\u00e3o do Instituto de Previd\u00eancia e Assist\u00eancia Social de Sum\u00e9.<\/p>\n<p>Daniel L\u00eala apresentou voto de aplauso a Pol\u00edcia Militar e Civil pelo trabalho desenvolvido na regi\u00e3o, o vereador destacou o empenho da PM e PC que na sexta-feira (09\/06) prendeu os assaltantes que roubaram o Banco do Bradesco em Sert\u00e2nia-PE e no s\u00e1bado (10\/06) uma quadrilha de quatro mulheres e um homem depois de roubarem lojas em Sum\u00e9.<\/p>\n<p>O vereador Daniel L\u00eala prop\u00f4s durante a reuni\u00e3o desta ter\u00e7a-feira (13\/06) o debate sobre a diminui\u00e7\u00e3o do recesso parlamentar da C\u00e2mara Municipal.<\/p>\n<p><a href=\"http:\/\/caririemdestaque.com\/cd\/wp-content\/uploads\/2017\/06\/DSC_0186.jpg\"><img loading=\"lazy\" decoding=\"async\" class=\"wp-image-493 aligncenter\" src=\"http:\/\/caririemdestaque.com\/cd\/wp-content\/uploads\/2017\/06\/DSC_0186-300x199.jpg\" alt=\"\" width=\"401\" height=\"266\" srcset=\"https:\/\/noticiasemdestaque.com\/cd\/wp-content\/uploads\/2017\/06\/DSC_0186-300x199.jpg 300w, https:\/\/noticiasemdestaque.com\/cd\/wp-content\/uploads\/2017\/06\/DSC_0186-768x511.jpg 768w, https:\/\/noticiasemdestaque.com\/cd\/wp-content\/uploads\/2017\/06\/DSC_0186-1024x681.jpg 1024w, https:\/\/noticiasemdestaque.com\/cd\/wp-content\/uploads\/2017\/06\/DSC_0186-480x320.jpg 480w\" sizes=\"(max-width: 401px) 100vw, 401px\" \/><\/a><\/p>\n<p>O vereador Nilson parabenizou a Secretaria de Sa\u00fade pela realiza\u00e7\u00e3o da audi\u00eancia p\u00fablica na \u00faltima sexta-feira (09\/06) para presta\u00e7\u00e3o de contas do primeiro quadrimestre de 2017.<\/p>\n<p>Nilson Brito solicitou ao prefeito \u00c9den Duarte a recupera\u00e7\u00e3o da estrada da comunidade de 9 casas e adjac\u00eancias.<\/p>\n<p>O vereador Nilson Brito apresentou voto de aplauso a empresa \u201cAnjos da Noite\u201d do ex-vereador Nego pelos trabalhos desenvolvidos na \u00e1rea de seguran\u00e7a no munic\u00edpio de Sum\u00e9.<\/p>\n<p><a href=\"http:\/\/caririemdestaque.com\/cd\/wp-content\/uploads\/2017\/06\/DSC_0182.jpg\"><img loading=\"lazy\" decoding=\"async\" class=\"wp-image-492 aligncenter\" src=\"http:\/\/caririemdestaque.com\/cd\/wp-content\/uploads\/2017\/06\/DSC_0182-300x260.jpg\" alt=\"\" width=\"400\" height=\"347\" srcset=\"https:\/\/noticiasemdestaque.com\/cd\/wp-content\/uploads\/2017\/06\/DSC_0182-300x260.jpg 300w, https:\/\/noticiasemdestaque.com\/cd\/wp-content\/uploads\/2017\/06\/DSC_0182-768x665.jpg 768w, https:\/\/noticiasemdestaque.com\/cd\/wp-content\/uploads\/2017\/06\/DSC_0182-1024x887.jpg 1024w\" sizes=\"(max-width: 400px) 100vw, 400px\" \/><\/a><\/p>\n<p>O presidente da C\u00e2mara, Jos\u00e9 Ant\u00f4nio, destacou os pontos que foram discutidos na reuni\u00e3o, afirmou que ir\u00e1 marcar a audi\u00eancia p\u00fablica solicitada pela vereadora Br\u00edgida Xavier para discutir a gest\u00e3o das \u00e1guas do a\u00e7ude de Sum\u00e9.<\/p>\n<p>Jos\u00e9 Antonio destacou a problem\u00e1tica dos animais soltos nas ruas e disse que \u00e9 preciso a uni\u00e3o de todos os respons\u00e1veis para solucionar a quest\u00e3o.<\/p>\n<p>O presidente falou ainda sobre a necessidade da abertura do Banco do Brasil e principalmente que a parte financeira possa voltar a funcionar o mais r\u00e1pido poss\u00edvel, diminuindo o preju\u00edzo para os usu\u00e1rios e para a economia do munic\u00edpio de Sum\u00e9.<\/p>\n<p><strong><em>Cariri em Destaque <\/em><\/strong><\/p>\n<p>&nbsp;<\/p>\n","protected":false},"excerpt":{"rendered":"<p>O Legislativo sumeense se reuniu na manh\u00e3 desta ter\u00e7a-feira (13\/06) para a reuni\u00e3o ordin\u00e1ria desta semana. A vereadora Br\u00edgida Xavier apresentou requerimento solicitando ao Departamento Nacional de Infraestrutura de Transporte- DNIT , o conserto dos redutores de velocidade na Avenida 1\u00ba de Abril, BR 412- que corta o munic\u00edpio de Sum\u00e9. De acordo com a vereadora Br\u00edgida Xavier, os redutores de velocidade encontram-se todos com defeitos, fazendo com que motoristas trafeguem em alta velocidade, ocasionando acidentes e colocando vidas em risco. Durante a reuni\u00e3o, a vereadora Br\u00edgida Xavier, apresentou requerimento solicitando a realiza\u00e7\u00e3o de uma audi\u00eancia p\u00fablica para discutir a gerencia das \u00e1guas do a\u00e7ude p\u00fablico de Sum\u00e9. O vereador Antonio Carlos apresentou voto de aplauso ao Sargento Filho, mais conhecido como Raul, por ter prendido sozinho a quadrilha de quatro mulheres e um homem depois de roubarem lojas em Sum\u00e9. O vereador Antonio Carlos levantou o debate sobre a possibilidade de um estudo, para que quando as \u00e1guas do S\u00e3o Francisco come\u00e7arem a abastecer Sum\u00e9, possa ser feita uma descarga de \u00e1gua do a\u00e7ude para os loteiros do per\u00edmetro irrigado. O vereador Daniel L\u00eala foi indicado juntamente com a vereadora Br\u00edgida Xavier para compor o Conselho de fiscaliza\u00e7\u00e3o do Instituto de Previd\u00eancia e Assist\u00eancia Social de Sum\u00e9. Daniel L\u00eala apresentou voto de aplauso a Pol\u00edcia Militar e Civil pelo trabalho desenvolvido na regi\u00e3o, o vereador destacou o empenho da PM e PC que na sexta-feira (09\/06) prendeu os assaltantes que roubaram o Banco do Bradesco em Sert\u00e2nia-PE e no s\u00e1bado (10\/06) uma quadrilha de quatro mulheres e um homem depois de roubarem lojas em Sum\u00e9. O vereador Daniel L\u00eala prop\u00f4s durante a reuni\u00e3o desta ter\u00e7a-feira (13\/06) o debate sobre a diminui\u00e7\u00e3o do recesso parlamentar da C\u00e2mara Municipal. O vereador Nilson parabenizou a Secretaria de Sa\u00fade pela realiza\u00e7\u00e3o da audi\u00eancia p\u00fablica na \u00faltima sexta-feira (09\/06) para presta\u00e7\u00e3o de contas do primeiro quadrimestre de 2017. Nilson Brito solicitou ao prefeito \u00c9den Duarte a recupera\u00e7\u00e3o da estrada da comunidade de 9 casas e adjac\u00eancias. O vereador Nilson Brito apresentou voto de aplauso a empresa \u201cAnjos da Noite\u201d do ex-vereador Nego pelos trabalhos desenvolvidos na \u00e1rea de seguran\u00e7a no munic\u00edpio de Sum\u00e9. O presidente da C\u00e2mara, Jos\u00e9 Ant\u00f4nio, destacou os pontos que foram discutidos na reuni\u00e3o, afirmou que ir\u00e1 marcar a audi\u00eancia p\u00fablica solicitada pela vereadora Br\u00edgida Xavier para discutir a gest\u00e3o das \u00e1guas do a\u00e7ude de Sum\u00e9. Jos\u00e9 Antonio destacou a problem\u00e1tica dos animais soltos nas ruas e disse que \u00e9 preciso a uni\u00e3o de todos os respons\u00e1veis para solucionar a quest\u00e3o. O presidente falou ainda sobre a necessidade da abertura do Banco do Brasil e principalmente que a parte financeira possa voltar a funcionar o mais r\u00e1pido poss\u00edvel, diminuindo o preju\u00edzo para os usu\u00e1rios e para a economia do munic\u00edpio de Sum\u00e9. Cariri em Destaque &nbsp;<\/p>\n","protected":false},"author":2,"featured_media":497,"comment_status":"closed","ping_status":"open","sticky":false,"template":"","format":"standard","meta":{"_eb_attr":"","_jetpack_memberships_contains_paid_content":false,"footnotes":""},"categories":[4],"tags":[],"class_list":["post-491","post","type-post","status-publish","format-standard","has-post-thumbnail","hentry","category-politica"],"yoast_head":"<!-- This site is optimized with the Yoast SEO plugin v26.5 - https:\/\/yoast.com\/wordpress\/plugins\/seo\/ -->\n<title>Banco do Brasil, tr\u00e2nsito, estradas na zona rural e diminui\u00e7\u00e3o do recesso, alguns pontos discutidos na reuni\u00e3o da C\u00e2mara de Vereadores de Sum\u00e9. - Not&iacute;cias em Destaque<\/title>\n<meta name=\"robots\" content=\"index, follow, max-snippet:-1, max-image-preview:large, max-video-preview:-1\" \/>\n<link rel=\"canonical\" href=\"https:\/\/noticiasemdestaque.com\/cd\/?p=491\" \/>\n<meta property=\"og:locale\" content=\"pt_BR\" \/>\n<meta property=\"og:type\" content=\"article\" \/>\n<meta property=\"og:title\" content=\"Banco do Brasil, tr\u00e2nsito, estradas na zona rural e diminui\u00e7\u00e3o do recesso, alguns pontos discutidos na reuni\u00e3o da C\u00e2mara de Vereadores de Sum\u00e9. - Not&iacute;cias em Destaque\" \/>\n<meta property=\"og:description\" content=\"O Legislativo sumeense se reuniu na manh\u00e3 desta ter\u00e7a-feira (13\/06) para a reuni\u00e3o ordin\u00e1ria desta semana. A vereadora Br\u00edgida Xavier apresentou requerimento solicitando ao Departamento Nacional de Infraestrutura de Transporte- DNIT , o conserto dos redutores de velocidade na Avenida 1\u00ba de Abril, BR 412- que corta o munic\u00edpio de Sum\u00e9. De acordo com a vereadora Br\u00edgida Xavier, os redutores de velocidade encontram-se todos com defeitos, fazendo com que motoristas trafeguem em alta velocidade, ocasionando acidentes e colocando vidas em risco. Durante a reuni\u00e3o, a vereadora Br\u00edgida Xavier, apresentou requerimento solicitando a realiza\u00e7\u00e3o de uma audi\u00eancia p\u00fablica para discutir a gerencia das \u00e1guas do a\u00e7ude p\u00fablico de Sum\u00e9. O vereador Antonio Carlos apresentou voto de aplauso ao Sargento Filho, mais conhecido como Raul, por ter prendido sozinho a quadrilha de quatro mulheres e um homem depois de roubarem lojas em Sum\u00e9. O vereador Antonio Carlos levantou o debate sobre a possibilidade de um estudo, para que quando as \u00e1guas do S\u00e3o Francisco come\u00e7arem a abastecer Sum\u00e9, possa ser feita uma descarga de \u00e1gua do a\u00e7ude para os loteiros do per\u00edmetro irrigado. O vereador Daniel L\u00eala foi indicado juntamente com a vereadora Br\u00edgida Xavier para compor o Conselho de fiscaliza\u00e7\u00e3o do Instituto de Previd\u00eancia e Assist\u00eancia Social de Sum\u00e9. Daniel L\u00eala apresentou voto de aplauso a Pol\u00edcia Militar e Civil pelo trabalho desenvolvido na regi\u00e3o, o vereador destacou o empenho da PM e PC que na sexta-feira (09\/06) prendeu os assaltantes que roubaram o Banco do Bradesco em Sert\u00e2nia-PE e no s\u00e1bado (10\/06) uma quadrilha de quatro mulheres e um homem depois de roubarem lojas em Sum\u00e9. O vereador Daniel L\u00eala prop\u00f4s durante a reuni\u00e3o desta ter\u00e7a-feira (13\/06) o debate sobre a diminui\u00e7\u00e3o do recesso parlamentar da C\u00e2mara Municipal. O vereador Nilson parabenizou a Secretaria de Sa\u00fade pela realiza\u00e7\u00e3o da audi\u00eancia p\u00fablica na \u00faltima sexta-feira (09\/06) para presta\u00e7\u00e3o de contas do primeiro quadrimestre de 2017. Nilson Brito solicitou ao prefeito \u00c9den Duarte a recupera\u00e7\u00e3o da estrada da comunidade de 9 casas e adjac\u00eancias. O vereador Nilson Brito apresentou voto de aplauso a empresa \u201cAnjos da Noite\u201d do ex-vereador Nego pelos trabalhos desenvolvidos na \u00e1rea de seguran\u00e7a no munic\u00edpio de Sum\u00e9. O presidente da C\u00e2mara, Jos\u00e9 Ant\u00f4nio, destacou os pontos que foram discutidos na reuni\u00e3o, afirmou que ir\u00e1 marcar a audi\u00eancia p\u00fablica solicitada pela vereadora Br\u00edgida Xavier para discutir a gest\u00e3o das \u00e1guas do a\u00e7ude de Sum\u00e9. Jos\u00e9 Antonio destacou a problem\u00e1tica dos animais soltos nas ruas e disse que \u00e9 preciso a uni\u00e3o de todos os respons\u00e1veis para solucionar a quest\u00e3o. O presidente falou ainda sobre a necessidade da abertura do Banco do Brasil e principalmente que a parte financeira possa voltar a funcionar o mais r\u00e1pido poss\u00edvel, diminuindo o preju\u00edzo para os usu\u00e1rios e para a economia do munic\u00edpio de Sum\u00e9. Cariri em Destaque &nbsp;\" \/>\n<meta property=\"og:url\" content=\"https:\/\/noticiasemdestaque.com\/cd\/?p=491\" \/>\n<meta property=\"og:site_name\" content=\"Not&iacute;cias em Destaque\" \/>\n<meta property=\"article:published_time\" content=\"2017-06-14T01:59:06+00:00\" \/>\n<meta property=\"article:modified_time\" content=\"2017-06-14T02:06:48+00:00\" \/>\n<meta property=\"og:image\" content=\"https:\/\/noticiasemdestaque.com\/cd\/wp-content\/uploads\/2017\/06\/19141823_1147923365313978_160324834_n.jpg\" \/>\n\t<meta property=\"og:image:width\" content=\"960\" \/>\n\t<meta property=\"og:image:height\" content=\"960\" \/>\n\t<meta property=\"og:image:type\" content=\"image\/jpeg\" \/>\n<meta name=\"author\" content=\"Not\u00edcias em Destaque\" \/>\n<meta name=\"twitter:card\" content=\"summary_large_image\" \/>\n<meta name=\"twitter:label1\" content=\"Escrito por\" \/>\n\t<meta name=\"twitter:data1\" content=\"Not\u00edcias em Destaque\" \/>\n\t<meta name=\"twitter:label2\" content=\"Est. tempo de leitura\" \/>\n\t<meta name=\"twitter:data2\" content=\"3 minutos\" \/>\n<script type=\"application\/ld+json\" class=\"yoast-schema-graph\">{\"@context\":\"https:\/\/schema.org\",\"@graph\":[{\"@type\":\"Article\",\"@id\":\"https:\/\/noticiasemdestaque.com\/cd\/?p=491#article\",\"isPartOf\":{\"@id\":\"https:\/\/noticiasemdestaque.com\/cd\/?p=491\"},\"author\":{\"name\":\"Not\u00edcias em Destaque\",\"@id\":\"https:\/\/noticiasemdestaque.com\/cd\/#\/schema\/person\/47f7d4f55eec17c6b2ca036c5500f6ce\"},\"headline\":\"Banco do Brasil, tr\u00e2nsito, estradas na zona rural e diminui\u00e7\u00e3o do recesso, alguns pontos discutidos na reuni\u00e3o da C\u00e2mara de Vereadores de Sum\u00e9.\",\"datePublished\":\"2017-06-14T01:59:06+00:00\",\"dateModified\":\"2017-06-14T02:06:48+00:00\",\"mainEntityOfPage\":{\"@id\":\"https:\/\/noticiasemdestaque.com\/cd\/?p=491\"},\"wordCount\":541,\"publisher\":{\"@id\":\"https:\/\/noticiasemdestaque.com\/cd\/#organization\"},\"image\":{\"@id\":\"https:\/\/noticiasemdestaque.com\/cd\/?p=491#primaryimage\"},\"thumbnailUrl\":\"https:\/\/noticiasemdestaque.com\/cd\/wp-content\/uploads\/2017\/06\/19141823_1147923365313978_160324834_n.jpg\",\"articleSection\":[\"Pol\u00edtica\"],\"inLanguage\":\"pt-BR\"},{\"@type\":\"WebPage\",\"@id\":\"https:\/\/noticiasemdestaque.com\/cd\/?p=491\",\"url\":\"https:\/\/noticiasemdestaque.com\/cd\/?p=491\",\"name\":\"Banco do Brasil, tr\u00e2nsito, estradas na zona rural e diminui\u00e7\u00e3o do recesso, alguns pontos discutidos na reuni\u00e3o da C\u00e2mara de Vereadores de Sum\u00e9. - Not&iacute;cias em Destaque\",\"isPartOf\":{\"@id\":\"https:\/\/noticiasemdestaque.com\/cd\/#website\"},\"primaryImageOfPage\":{\"@id\":\"https:\/\/noticiasemdestaque.com\/cd\/?p=491#primaryimage\"},\"image\":{\"@id\":\"https:\/\/noticiasemdestaque.com\/cd\/?p=491#primaryimage\"},\"thumbnailUrl\":\"https:\/\/noticiasemdestaque.com\/cd\/wp-content\/uploads\/2017\/06\/19141823_1147923365313978_160324834_n.jpg\",\"datePublished\":\"2017-06-14T01:59:06+00:00\",\"dateModified\":\"2017-06-14T02:06:48+00:00\",\"breadcrumb\":{\"@id\":\"https:\/\/noticiasemdestaque.com\/cd\/?p=491#breadcrumb\"},\"inLanguage\":\"pt-BR\",\"potentialAction\":[{\"@type\":\"ReadAction\",\"target\":[\"https:\/\/noticiasemdestaque.com\/cd\/?p=491\"]}]},{\"@type\":\"ImageObject\",\"inLanguage\":\"pt-BR\",\"@id\":\"https:\/\/noticiasemdestaque.com\/cd\/?p=491#primaryimage\",\"url\":\"https:\/\/noticiasemdestaque.com\/cd\/wp-content\/uploads\/2017\/06\/19141823_1147923365313978_160324834_n.jpg\",\"contentUrl\":\"https:\/\/noticiasemdestaque.com\/cd\/wp-content\/uploads\/2017\/06\/19141823_1147923365313978_160324834_n.jpg\",\"width\":960,\"height\":960},{\"@type\":\"BreadcrumbList\",\"@id\":\"https:\/\/noticiasemdestaque.com\/cd\/?p=491#breadcrumb\",\"itemListElement\":[{\"@type\":\"ListItem\",\"position\":1,\"name\":\"In\u00edcio\",\"item\":\"https:\/\/noticiasemdestaque.com\/cd\/\"},{\"@type\":\"ListItem\",\"position\":2,\"name\":\"Banco do Brasil, tr\u00e2nsito, estradas na zona rural e diminui\u00e7\u00e3o do recesso, alguns pontos discutidos na reuni\u00e3o da C\u00e2mara de Vereadores de Sum\u00e9.\"}]},{\"@type\":\"WebSite\",\"@id\":\"https:\/\/noticiasemdestaque.com\/cd\/#website\",\"url\":\"https:\/\/noticiasemdestaque.com\/cd\/\",\"name\":\"Not&iacute;cias em Destaque\",\"description\":\"\",\"publisher\":{\"@id\":\"https:\/\/noticiasemdestaque.com\/cd\/#organization\"},\"potentialAction\":[{\"@type\":\"SearchAction\",\"target\":{\"@type\":\"EntryPoint\",\"urlTemplate\":\"https:\/\/noticiasemdestaque.com\/cd\/?s={search_term_string}\"},\"query-input\":{\"@type\":\"PropertyValueSpecification\",\"valueRequired\":true,\"valueName\":\"search_term_string\"}}],\"inLanguage\":\"pt-BR\"},{\"@type\":\"Organization\",\"@id\":\"https:\/\/noticiasemdestaque.com\/cd\/#organization\",\"name\":\"Not\u00edcias em Destaque\",\"url\":\"https:\/\/noticiasemdestaque.com\/cd\/\",\"logo\":{\"@type\":\"ImageObject\",\"inLanguage\":\"pt-BR\",\"@id\":\"https:\/\/noticiasemdestaque.com\/cd\/#\/schema\/logo\/image\/\",\"url\":\"https:\/\/noticiasemdestaque.com\/cd\/wp-content\/uploads\/2022\/05\/imagem-base-noticiasemdestaque.png\",\"contentUrl\":\"https:\/\/noticiasemdestaque.com\/cd\/wp-content\/uploads\/2022\/05\/imagem-base-noticiasemdestaque.png\",\"width\":1200,\"height\":630,\"caption\":\"Not\u00edcias em Destaque\"},\"image\":{\"@id\":\"https:\/\/noticiasemdestaque.com\/cd\/#\/schema\/logo\/image\/\"}},{\"@type\":\"Person\",\"@id\":\"https:\/\/noticiasemdestaque.com\/cd\/#\/schema\/person\/47f7d4f55eec17c6b2ca036c5500f6ce\",\"name\":\"Not\u00edcias em Destaque\",\"url\":\"https:\/\/noticiasemdestaque.com\/cd\/?author=2\"}]}<\/script>\n<!-- \/ Yoast SEO plugin. -->","yoast_head_json":{"title":"Banco do Brasil, tr\u00e2nsito, estradas na zona rural e diminui\u00e7\u00e3o do recesso, alguns pontos discutidos na reuni\u00e3o da C\u00e2mara de Vereadores de Sum\u00e9. - Not&iacute;cias em Destaque","robots":{"index":"index","follow":"follow","max-snippet":"max-snippet:-1","max-image-preview":"max-image-preview:large","max-video-preview":"max-video-preview:-1"},"canonical":"https:\/\/noticiasemdestaque.com\/cd\/?p=491","og_locale":"pt_BR","og_type":"article","og_title":"Banco do Brasil, tr\u00e2nsito, estradas na zona rural e diminui\u00e7\u00e3o do recesso, alguns pontos discutidos na reuni\u00e3o da C\u00e2mara de Vereadores de Sum\u00e9. - Not&iacute;cias em Destaque","og_description":"O Legislativo sumeense se reuniu na manh\u00e3 desta ter\u00e7a-feira (13\/06) para a reuni\u00e3o ordin\u00e1ria desta semana. A vereadora Br\u00edgida Xavier apresentou requerimento solicitando ao Departamento Nacional de Infraestrutura de Transporte- DNIT , o conserto dos redutores de velocidade na Avenida 1\u00ba de Abril, BR 412- que corta o munic\u00edpio de Sum\u00e9. De acordo com a vereadora Br\u00edgida Xavier, os redutores de velocidade encontram-se todos com defeitos, fazendo com que motoristas trafeguem em alta velocidade, ocasionando acidentes e colocando vidas em risco. Durante a reuni\u00e3o, a vereadora Br\u00edgida Xavier, apresentou requerimento solicitando a realiza\u00e7\u00e3o de uma audi\u00eancia p\u00fablica para discutir a gerencia das \u00e1guas do a\u00e7ude p\u00fablico de Sum\u00e9. O vereador Antonio Carlos apresentou voto de aplauso ao Sargento Filho, mais conhecido como Raul, por ter prendido sozinho a quadrilha de quatro mulheres e um homem depois de roubarem lojas em Sum\u00e9. O vereador Antonio Carlos levantou o debate sobre a possibilidade de um estudo, para que quando as \u00e1guas do S\u00e3o Francisco come\u00e7arem a abastecer Sum\u00e9, possa ser feita uma descarga de \u00e1gua do a\u00e7ude para os loteiros do per\u00edmetro irrigado. O vereador Daniel L\u00eala foi indicado juntamente com a vereadora Br\u00edgida Xavier para compor o Conselho de fiscaliza\u00e7\u00e3o do Instituto de Previd\u00eancia e Assist\u00eancia Social de Sum\u00e9. Daniel L\u00eala apresentou voto de aplauso a Pol\u00edcia Militar e Civil pelo trabalho desenvolvido na regi\u00e3o, o vereador destacou o empenho da PM e PC que na sexta-feira (09\/06) prendeu os assaltantes que roubaram o Banco do Bradesco em Sert\u00e2nia-PE e no s\u00e1bado (10\/06) uma quadrilha de quatro mulheres e um homem depois de roubarem lojas em Sum\u00e9. O vereador Daniel L\u00eala prop\u00f4s durante a reuni\u00e3o desta ter\u00e7a-feira (13\/06) o debate sobre a diminui\u00e7\u00e3o do recesso parlamentar da C\u00e2mara Municipal. O vereador Nilson parabenizou a Secretaria de Sa\u00fade pela realiza\u00e7\u00e3o da audi\u00eancia p\u00fablica na \u00faltima sexta-feira (09\/06) para presta\u00e7\u00e3o de contas do primeiro quadrimestre de 2017. Nilson Brito solicitou ao prefeito \u00c9den Duarte a recupera\u00e7\u00e3o da estrada da comunidade de 9 casas e adjac\u00eancias. O vereador Nilson Brito apresentou voto de aplauso a empresa \u201cAnjos da Noite\u201d do ex-vereador Nego pelos trabalhos desenvolvidos na \u00e1rea de seguran\u00e7a no munic\u00edpio de Sum\u00e9. O presidente da C\u00e2mara, Jos\u00e9 Ant\u00f4nio, destacou os pontos que foram discutidos na reuni\u00e3o, afirmou que ir\u00e1 marcar a audi\u00eancia p\u00fablica solicitada pela vereadora Br\u00edgida Xavier para discutir a gest\u00e3o das \u00e1guas do a\u00e7ude de Sum\u00e9. Jos\u00e9 Antonio destacou a problem\u00e1tica dos animais soltos nas ruas e disse que \u00e9 preciso a uni\u00e3o de todos os respons\u00e1veis para solucionar a quest\u00e3o. O presidente falou ainda sobre a necessidade da abertura do Banco do Brasil e principalmente que a parte financeira possa voltar a funcionar o mais r\u00e1pido poss\u00edvel, diminuindo o preju\u00edzo para os usu\u00e1rios e para a economia do munic\u00edpio de Sum\u00e9. Cariri em Destaque &nbsp;","og_url":"https:\/\/noticiasemdestaque.com\/cd\/?p=491","og_site_name":"Not&iacute;cias em Destaque","article_published_time":"2017-06-14T01:59:06+00:00","article_modified_time":"2017-06-14T02:06:48+00:00","og_image":[{"width":960,"height":960,"url":"https:\/\/noticiasemdestaque.com\/cd\/wp-content\/uploads\/2017\/06\/19141823_1147923365313978_160324834_n.jpg","type":"image\/jpeg"}],"author":"Not\u00edcias em Destaque","twitter_card":"summary_large_image","twitter_misc":{"Escrito por":"Not\u00edcias em Destaque","Est. tempo de leitura":"3 minutos"},"schema":{"@context":"https:\/\/schema.org","@graph":[{"@type":"Article","@id":"https:\/\/noticiasemdestaque.com\/cd\/?p=491#article","isPartOf":{"@id":"https:\/\/noticiasemdestaque.com\/cd\/?p=491"},"author":{"name":"Not\u00edcias em Destaque","@id":"https:\/\/noticiasemdestaque.com\/cd\/#\/schema\/person\/47f7d4f55eec17c6b2ca036c5500f6ce"},"headline":"Banco do Brasil, tr\u00e2nsito, estradas na zona rural e diminui\u00e7\u00e3o do recesso, alguns pontos discutidos na reuni\u00e3o da C\u00e2mara de Vereadores de Sum\u00e9.","datePublished":"2017-06-14T01:59:06+00:00","dateModified":"2017-06-14T02:06:48+00:00","mainEntityOfPage":{"@id":"https:\/\/noticiasemdestaque.com\/cd\/?p=491"},"wordCount":541,"publisher":{"@id":"https:\/\/noticiasemdestaque.com\/cd\/#organization"},"image":{"@id":"https:\/\/noticiasemdestaque.com\/cd\/?p=491#primaryimage"},"thumbnailUrl":"https:\/\/noticiasemdestaque.com\/cd\/wp-content\/uploads\/2017\/06\/19141823_1147923365313978_160324834_n.jpg","articleSection":["Pol\u00edtica"],"inLanguage":"pt-BR"},{"@type":"WebPage","@id":"https:\/\/noticiasemdestaque.com\/cd\/?p=491","url":"https:\/\/noticiasemdestaque.com\/cd\/?p=491","name":"Banco do Brasil, tr\u00e2nsito, estradas na zona rural e diminui\u00e7\u00e3o do recesso, alguns pontos discutidos na reuni\u00e3o da C\u00e2mara de Vereadores de Sum\u00e9. - Not&iacute;cias em Destaque","isPartOf":{"@id":"https:\/\/noticiasemdestaque.com\/cd\/#website"},"primaryImageOfPage":{"@id":"https:\/\/noticiasemdestaque.com\/cd\/?p=491#primaryimage"},"image":{"@id":"https:\/\/noticiasemdestaque.com\/cd\/?p=491#primaryimage"},"thumbnailUrl":"https:\/\/noticiasemdestaque.com\/cd\/wp-content\/uploads\/2017\/06\/19141823_1147923365313978_160324834_n.jpg","datePublished":"2017-06-14T01:59:06+00:00","dateModified":"2017-06-14T02:06:48+00:00","breadcrumb":{"@id":"https:\/\/noticiasemdestaque.com\/cd\/?p=491#breadcrumb"},"inLanguage":"pt-BR","potentialAction":[{"@type":"ReadAction","target":["https:\/\/noticiasemdestaque.com\/cd\/?p=491"]}]},{"@type":"ImageObject","inLanguage":"pt-BR","@id":"https:\/\/noticiasemdestaque.com\/cd\/?p=491#primaryimage","url":"https:\/\/noticiasemdestaque.com\/cd\/wp-content\/uploads\/2017\/06\/19141823_1147923365313978_160324834_n.jpg","contentUrl":"https:\/\/noticiasemdestaque.com\/cd\/wp-content\/uploads\/2017\/06\/19141823_1147923365313978_160324834_n.jpg","width":960,"height":960},{"@type":"BreadcrumbList","@id":"https:\/\/noticiasemdestaque.com\/cd\/?p=491#breadcrumb","itemListElement":[{"@type":"ListItem","position":1,"name":"In\u00edcio","item":"https:\/\/noticiasemdestaque.com\/cd\/"},{"@type":"ListItem","position":2,"name":"Banco do Brasil, tr\u00e2nsito, estradas na zona rural e diminui\u00e7\u00e3o do recesso, alguns pontos discutidos na reuni\u00e3o da C\u00e2mara de Vereadores de Sum\u00e9."}]},{"@type":"WebSite","@id":"https:\/\/noticiasemdestaque.com\/cd\/#website","url":"https:\/\/noticiasemdestaque.com\/cd\/","name":"Not&iacute;cias em Destaque","description":"","publisher":{"@id":"https:\/\/noticiasemdestaque.com\/cd\/#organization"},"potentialAction":[{"@type":"SearchAction","target":{"@type":"EntryPoint","urlTemplate":"https:\/\/noticiasemdestaque.com\/cd\/?s={search_term_string}"},"query-input":{"@type":"PropertyValueSpecification","valueRequired":true,"valueName":"search_term_string"}}],"inLanguage":"pt-BR"},{"@type":"Organization","@id":"https:\/\/noticiasemdestaque.com\/cd\/#organization","name":"Not\u00edcias em Destaque","url":"https:\/\/noticiasemdestaque.com\/cd\/","logo":{"@type":"ImageObject","inLanguage":"pt-BR","@id":"https:\/\/noticiasemdestaque.com\/cd\/#\/schema\/logo\/image\/","url":"https:\/\/noticiasemdestaque.com\/cd\/wp-content\/uploads\/2022\/05\/imagem-base-noticiasemdestaque.png","contentUrl":"https:\/\/noticiasemdestaque.com\/cd\/wp-content\/uploads\/2022\/05\/imagem-base-noticiasemdestaque.png","width":1200,"height":630,"caption":"Not\u00edcias em Destaque"},"image":{"@id":"https:\/\/noticiasemdestaque.com\/cd\/#\/schema\/logo\/image\/"}},{"@type":"Person","@id":"https:\/\/noticiasemdestaque.com\/cd\/#\/schema\/person\/47f7d4f55eec17c6b2ca036c5500f6ce","name":"Not\u00edcias em Destaque","url":"https:\/\/noticiasemdestaque.com\/cd\/?author=2"}]}},"jetpack_featured_media_url":"https:\/\/noticiasemdestaque.com\/cd\/wp-content\/uploads\/2017\/06\/19141823_1147923365313978_160324834_n.jpg","jetpack_sharing_enabled":true,"_links":{"self":[{"href":"https:\/\/noticiasemdestaque.com\/cd\/index.php?rest_route=\/wp\/v2\/posts\/491","targetHints":{"allow":["GET"]}}],"collection":[{"href":"https:\/\/noticiasemdestaque.com\/cd\/index.php?rest_route=\/wp\/v2\/posts"}],"about":[{"href":"https:\/\/noticiasemdestaque.com\/cd\/index.php?rest_route=\/wp\/v2\/types\/post"}],"author":[{"embeddable":true,"href":"https:\/\/noticiasemdestaque.com\/cd\/index.php?rest_route=\/wp\/v2\/users\/2"}],"replies":[{"embeddable":true,"href":"https:\/\/noticiasemdestaque.com\/cd\/index.php?rest_route=%2Fwp%2Fv2%2Fcomments&post=491"}],"version-history":[{"count":3,"href":"https:\/\/noticiasemdestaque.com\/cd\/index.php?rest_route=\/wp\/v2\/posts\/491\/revisions"}],"predecessor-version":[{"id":501,"href":"https:\/\/noticiasemdestaque.com\/cd\/index.php?rest_route=\/wp\/v2\/posts\/491\/revisions\/501"}],"wp:featuredmedia":[{"embeddable":true,"href":"https:\/\/noticiasemdestaque.com\/cd\/index.php?rest_route=\/wp\/v2\/media\/497"}],"wp:attachment":[{"href":"https:\/\/noticiasemdestaque.com\/cd\/index.php?rest_route=%2Fwp%2Fv2%2Fmedia&parent=491"}],"wp:term":[{"taxonomy":"category","embeddable":true,"href":"https:\/\/noticiasemdestaque.com\/cd\/index.php?rest_route=%2Fwp%2Fv2%2Fcategories&post=491"},{"taxonomy":"post_tag","embeddable":true,"href":"https:\/\/noticiasemdestaque.com\/cd\/index.php?rest_route=%2Fwp%2Fv2%2Ftags&post=491"}],"curies":[{"name":"wp","href":"https:\/\/api.w.org\/{rel}","templated":true}]}}