{"id":4908,"date":"2017-10-04T20:23:47","date_gmt":"2017-10-04T23:23:47","guid":{"rendered":"http:\/\/caririemdestaque.com\/cd\/?p=4908"},"modified":"2017-10-04T20:26:00","modified_gmt":"2017-10-04T23:26:00","slug":"temer-e-ministro-da-saude-anunciam-entrega-de-novas-ambulancias-do-samu","status":"publish","type":"post","link":"https:\/\/noticiasemdestaque.com\/cd\/?p=4908","title":{"rendered":"Temer e ministro da Sa\u00fade anunciam entrega de novas ambul\u00e2ncias do Samu"},"content":{"rendered":"<p><a href=\"http:\/\/caririemdestaque.com\/cd\/wp-content\/uploads\/2017\/10\/thumb.jpg\"><img fetchpriority=\"high\" decoding=\"async\" class=\"alignleft wp-image-4909 size-medium\" src=\"http:\/\/caririemdestaque.com\/cd\/wp-content\/uploads\/2017\/10\/thumb-300x200.jpg\" alt=\"\" width=\"300\" height=\"200\" srcset=\"https:\/\/noticiasemdestaque.com\/cd\/wp-content\/uploads\/2017\/10\/thumb-300x200.jpg 300w, https:\/\/noticiasemdestaque.com\/cd\/wp-content\/uploads\/2017\/10\/thumb-480x320.jpg 480w, https:\/\/noticiasemdestaque.com\/cd\/wp-content\/uploads\/2017\/10\/thumb.jpg 690w\" sizes=\"(max-width: 300px) 100vw, 300px\" \/><\/a>O presidente Michel Temer esteve hoje (4) em uma concession\u00e1ria da Mercedes Benz na zona norte da capital paulista, junto com o ministro da Sa\u00fade, Ricardo Barros, para a entrega de 225 ambul\u00e2ncias que v\u00e3o renovar parte da frota do Servi\u00e7o de Atendimento M\u00f3vel de Urg\u00eancia (Samu) de 90 prefeituras de 16 estados.<\/p>\n<p>De acordo com o Minist\u00e9rio da Sa\u00fade, cerca de R$ 1 bilh\u00e3o ser\u00e3o investidos no Samu. Ao todo, 2.249 novas ambul\u00e2ncias ser\u00e3o destinadas \u00e0 renova\u00e7\u00e3o e amplia\u00e7\u00e3o do servi\u00e7o. Atualmente, a cobertura atinge 81,8% da popula\u00e7\u00e3o, com 3.255 ambul\u00e2ncias. A previs\u00e3o \u00e9 que a cobertura chegue a 84,1% da popula\u00e7\u00e3o.<\/p>\n<p>&#8220;A verdade \u00e9 que, ao longo do tempo, n\u00f3s vamos entregar ambul\u00e2ncias a todos os munic\u00edpios brasileiros e isso \u00e9 uma coisa que revela bem a preocupa\u00e7\u00e3o social do nosso governo&#8221;, disse o presidente.<\/p>\n<p>Na cerim\u00f4nia, Temer destacou que a responsabilidade social \u00e9 uma das marcas do governo, junto com a &#8220;responsabilidade fiscal&#8221; que, segundo ele, est\u00e1 presente desde o in\u00edcio com a aprova\u00e7\u00e3o da emenda constitucional que definiu o teto dos gastos p\u00fablicos, seguida das reformas do ensino m\u00e9dio e trabalhista.<\/p>\n<p>&#8220;Mas jamais nos olvidamos, nos esquecemos, da responsabilodade social nos mais variados patamares. Voc\u00ea tem desde a extrema pobreza, n\u00f3s temos incentivado e ampliado os valores do Bolsa Fam\u00edlia, mas tamb\u00e9m de um outro patamar social, que \u00e9 o atendimento por meio de ambulancias&#8221;, acrescentou.<\/p>\n<p><strong>Economia<\/strong><\/p>\n<p>O presidente citou medidas adotadas recentemente, como a libera\u00e7\u00e3o do saque das contas inativas do Fundo de Garantias do Tempo de Servi\u00e7o (FGTS), que segundo ele t\u00eam causado efeitos positivos na economia.<\/p>\n<p>&#8220;Foram 26 milh\u00f5es de trabalhadores que sacaram R$ 44 bilh\u00f5es, injetados na economia. Ali\u00e1s, o varejo cresceu muito precisamente em fun\u00e7\u00e3o do aporte desse capital extraordin\u00e1rio&#8221;, disse.<\/p>\n<p>Ele citou ainda a redu\u00e7\u00e3o da idade m\u00ednima para saque das contas do PIS\/Pasep, que era de 70 anos e passou a ser de 65 anos (homens) e 62 anos (mulheres). &#8220;Agora, a partir de outubro, novembro e dezembro, entrar\u00e1 na economia brasileira mais R$ 16 bilh\u00f5es [com a libera\u00e7\u00e3o do pis\/pasep] que v\u00e3o ajudar naturalmente nas compras se fim de ano&#8221;, disse.<\/p>\n<p><strong>Manifesta\u00e7\u00e3o<\/strong><\/p>\n<p>Do lado de fora, ocorria uma manifesta\u00e7\u00e3o com cerca de 300 pessoas do Movimento dos Trabalhadores Sem Teto (MTST), da ocupa\u00e7\u00e3o Povo sem Medo em S\u00e3o Bernardo do Campo (SP), que reivindicam a desapropria\u00e7\u00e3o da \u00e1rea ocupada e investimentos em moradias populares. Questionado sobre o protesto, o ministro Ricardo Barros disse que nem ele nem o presidente estavam sabendo do ato.<\/p>\n<p><em><strong>Cariri em Destaque<\/strong><\/em><\/p>\n<p>Com EBC<\/p>\n","protected":false},"excerpt":{"rendered":"<p>O presidente Michel Temer esteve hoje (4) em uma concession\u00e1ria da Mercedes Benz na zona norte da capital paulista, junto com o ministro da Sa\u00fade, Ricardo Barros, para a entrega de 225 ambul\u00e2ncias que v\u00e3o renovar parte da frota do Servi\u00e7o de Atendimento M\u00f3vel de Urg\u00eancia (Samu) de 90 prefeituras de 16 estados. De acordo com o Minist\u00e9rio da Sa\u00fade, cerca de R$ 1 bilh\u00e3o ser\u00e3o investidos no Samu. Ao todo, 2.249 novas ambul\u00e2ncias ser\u00e3o destinadas \u00e0 renova\u00e7\u00e3o e amplia\u00e7\u00e3o do servi\u00e7o. Atualmente, a cobertura atinge 81,8% da popula\u00e7\u00e3o, com 3.255 ambul\u00e2ncias. A previs\u00e3o \u00e9 que a cobertura chegue a 84,1% da popula\u00e7\u00e3o. &#8220;A verdade \u00e9 que, ao longo do tempo, n\u00f3s vamos entregar ambul\u00e2ncias a todos os munic\u00edpios brasileiros e isso \u00e9 uma coisa que revela bem a preocupa\u00e7\u00e3o social do nosso governo&#8221;, disse o presidente. Na cerim\u00f4nia, Temer destacou que a responsabilidade social \u00e9 uma das marcas do governo, junto com a &#8220;responsabilidade fiscal&#8221; que, segundo ele, est\u00e1 presente desde o in\u00edcio com a aprova\u00e7\u00e3o da emenda constitucional que definiu o teto dos gastos p\u00fablicos, seguida das reformas do ensino m\u00e9dio e trabalhista. &#8220;Mas jamais nos olvidamos, nos esquecemos, da responsabilodade social nos mais variados patamares. Voc\u00ea tem desde a extrema pobreza, n\u00f3s temos incentivado e ampliado os valores do Bolsa Fam\u00edlia, mas tamb\u00e9m de um outro patamar social, que \u00e9 o atendimento por meio de ambulancias&#8221;, acrescentou. Economia O presidente citou medidas adotadas recentemente, como a libera\u00e7\u00e3o do saque das contas inativas do Fundo de Garantias do Tempo de Servi\u00e7o (FGTS), que segundo ele t\u00eam causado efeitos positivos na economia. &#8220;Foram 26 milh\u00f5es de trabalhadores que sacaram R$ 44 bilh\u00f5es, injetados na economia. Ali\u00e1s, o varejo cresceu muito precisamente em fun\u00e7\u00e3o do aporte desse capital extraordin\u00e1rio&#8221;, disse. Ele citou ainda a redu\u00e7\u00e3o da idade m\u00ednima para saque das contas do PIS\/Pasep, que era de 70 anos e passou a ser de 65 anos (homens) e 62 anos (mulheres). &#8220;Agora, a partir de outubro, novembro e dezembro, entrar\u00e1 na economia brasileira mais R$ 16 bilh\u00f5es [com a libera\u00e7\u00e3o do pis\/pasep] que v\u00e3o ajudar naturalmente nas compras se fim de ano&#8221;, disse. Manifesta\u00e7\u00e3o Do lado de fora, ocorria uma manifesta\u00e7\u00e3o com cerca de 300 pessoas do Movimento dos Trabalhadores Sem Teto (MTST), da ocupa\u00e7\u00e3o Povo sem Medo em S\u00e3o Bernardo do Campo (SP), que reivindicam a desapropria\u00e7\u00e3o da \u00e1rea ocupada e investimentos em moradias populares. Questionado sobre o protesto, o ministro Ricardo Barros disse que nem ele nem o presidente estavam sabendo do ato. Cariri em Destaque Com EBC<\/p>\n","protected":false},"author":2,"featured_media":4909,"comment_status":"closed","ping_status":"closed","sticky":false,"template":"","format":"standard","meta":{"_eb_attr":"","_jetpack_memberships_contains_paid_content":false,"footnotes":""},"categories":[3],"tags":[],"class_list":["post-4908","post","type-post","status-publish","format-standard","has-post-thumbnail","hentry","category-cidades"],"yoast_head":"<!-- This site is optimized with the Yoast SEO plugin v26.5 - https:\/\/yoast.com\/wordpress\/plugins\/seo\/ -->\n<title>Temer e ministro da Sa\u00fade anunciam entrega de novas ambul\u00e2ncias do Samu - Not&iacute;cias em Destaque<\/title>\n<meta name=\"robots\" content=\"index, follow, max-snippet:-1, max-image-preview:large, max-video-preview:-1\" \/>\n<link rel=\"canonical\" href=\"https:\/\/noticiasemdestaque.com\/cd\/?p=4908\" \/>\n<meta property=\"og:locale\" content=\"pt_BR\" \/>\n<meta property=\"og:type\" content=\"article\" \/>\n<meta property=\"og:title\" content=\"Temer e ministro da Sa\u00fade anunciam entrega de novas ambul\u00e2ncias do Samu - Not&iacute;cias em Destaque\" \/>\n<meta property=\"og:description\" content=\"O presidente Michel Temer esteve hoje (4) em uma concession\u00e1ria da Mercedes Benz na zona norte da capital paulista, junto com o ministro da Sa\u00fade, Ricardo Barros, para a entrega de 225 ambul\u00e2ncias que v\u00e3o renovar parte da frota do Servi\u00e7o de Atendimento M\u00f3vel de Urg\u00eancia (Samu) de 90 prefeituras de 16 estados. De acordo com o Minist\u00e9rio da Sa\u00fade, cerca de R$ 1 bilh\u00e3o ser\u00e3o investidos no Samu. Ao todo, 2.249 novas ambul\u00e2ncias ser\u00e3o destinadas \u00e0 renova\u00e7\u00e3o e amplia\u00e7\u00e3o do servi\u00e7o. Atualmente, a cobertura atinge 81,8% da popula\u00e7\u00e3o, com 3.255 ambul\u00e2ncias. A previs\u00e3o \u00e9 que a cobertura chegue a 84,1% da popula\u00e7\u00e3o. &#8220;A verdade \u00e9 que, ao longo do tempo, n\u00f3s vamos entregar ambul\u00e2ncias a todos os munic\u00edpios brasileiros e isso \u00e9 uma coisa que revela bem a preocupa\u00e7\u00e3o social do nosso governo&#8221;, disse o presidente. Na cerim\u00f4nia, Temer destacou que a responsabilidade social \u00e9 uma das marcas do governo, junto com a &#8220;responsabilidade fiscal&#8221; que, segundo ele, est\u00e1 presente desde o in\u00edcio com a aprova\u00e7\u00e3o da emenda constitucional que definiu o teto dos gastos p\u00fablicos, seguida das reformas do ensino m\u00e9dio e trabalhista. &#8220;Mas jamais nos olvidamos, nos esquecemos, da responsabilodade social nos mais variados patamares. Voc\u00ea tem desde a extrema pobreza, n\u00f3s temos incentivado e ampliado os valores do Bolsa Fam\u00edlia, mas tamb\u00e9m de um outro patamar social, que \u00e9 o atendimento por meio de ambulancias&#8221;, acrescentou. Economia O presidente citou medidas adotadas recentemente, como a libera\u00e7\u00e3o do saque das contas inativas do Fundo de Garantias do Tempo de Servi\u00e7o (FGTS), que segundo ele t\u00eam causado efeitos positivos na economia. &#8220;Foram 26 milh\u00f5es de trabalhadores que sacaram R$ 44 bilh\u00f5es, injetados na economia. Ali\u00e1s, o varejo cresceu muito precisamente em fun\u00e7\u00e3o do aporte desse capital extraordin\u00e1rio&#8221;, disse. Ele citou ainda a redu\u00e7\u00e3o da idade m\u00ednima para saque das contas do PIS\/Pasep, que era de 70 anos e passou a ser de 65 anos (homens) e 62 anos (mulheres). &#8220;Agora, a partir de outubro, novembro e dezembro, entrar\u00e1 na economia brasileira mais R$ 16 bilh\u00f5es [com a libera\u00e7\u00e3o do pis\/pasep] que v\u00e3o ajudar naturalmente nas compras se fim de ano&#8221;, disse. Manifesta\u00e7\u00e3o Do lado de fora, ocorria uma manifesta\u00e7\u00e3o com cerca de 300 pessoas do Movimento dos Trabalhadores Sem Teto (MTST), da ocupa\u00e7\u00e3o Povo sem Medo em S\u00e3o Bernardo do Campo (SP), que reivindicam a desapropria\u00e7\u00e3o da \u00e1rea ocupada e investimentos em moradias populares. Questionado sobre o protesto, o ministro Ricardo Barros disse que nem ele nem o presidente estavam sabendo do ato. Cariri em Destaque Com EBC\" \/>\n<meta property=\"og:url\" content=\"https:\/\/noticiasemdestaque.com\/cd\/?p=4908\" \/>\n<meta property=\"og:site_name\" content=\"Not&iacute;cias em Destaque\" \/>\n<meta property=\"article:published_time\" content=\"2017-10-04T23:23:47+00:00\" \/>\n<meta property=\"article:modified_time\" content=\"2017-10-04T23:26:00+00:00\" \/>\n<meta property=\"og:image\" content=\"https:\/\/noticiasemdestaque.com\/cd\/wp-content\/uploads\/2017\/10\/thumb.jpg\" \/>\n\t<meta property=\"og:image:width\" content=\"690\" \/>\n\t<meta property=\"og:image:height\" content=\"460\" \/>\n\t<meta property=\"og:image:type\" content=\"image\/jpeg\" \/>\n<meta name=\"author\" content=\"Not\u00edcias em Destaque\" \/>\n<meta name=\"twitter:card\" content=\"summary_large_image\" \/>\n<meta name=\"twitter:label1\" content=\"Escrito por\" \/>\n\t<meta name=\"twitter:data1\" content=\"Not\u00edcias em Destaque\" \/>\n\t<meta name=\"twitter:label2\" content=\"Est. tempo de leitura\" \/>\n\t<meta name=\"twitter:data2\" content=\"2 minutos\" \/>\n<script type=\"application\/ld+json\" class=\"yoast-schema-graph\">{\"@context\":\"https:\/\/schema.org\",\"@graph\":[{\"@type\":\"Article\",\"@id\":\"https:\/\/noticiasemdestaque.com\/cd\/?p=4908#article\",\"isPartOf\":{\"@id\":\"https:\/\/noticiasemdestaque.com\/cd\/?p=4908\"},\"author\":{\"name\":\"Not\u00edcias em Destaque\",\"@id\":\"https:\/\/noticiasemdestaque.com\/cd\/#\/schema\/person\/21320b03a7e8bb90128938dafc9b908a\"},\"headline\":\"Temer e ministro da Sa\u00fade anunciam entrega de novas ambul\u00e2ncias do Samu\",\"datePublished\":\"2017-10-04T23:23:47+00:00\",\"dateModified\":\"2017-10-04T23:26:00+00:00\",\"mainEntityOfPage\":{\"@id\":\"https:\/\/noticiasemdestaque.com\/cd\/?p=4908\"},\"wordCount\":464,\"publisher\":{\"@id\":\"https:\/\/noticiasemdestaque.com\/cd\/#organization\"},\"image\":{\"@id\":\"https:\/\/noticiasemdestaque.com\/cd\/?p=4908#primaryimage\"},\"thumbnailUrl\":\"https:\/\/noticiasemdestaque.com\/cd\/wp-content\/uploads\/2017\/10\/thumb.jpg\",\"articleSection\":[\"Cidades\"],\"inLanguage\":\"pt-BR\"},{\"@type\":\"WebPage\",\"@id\":\"https:\/\/noticiasemdestaque.com\/cd\/?p=4908\",\"url\":\"https:\/\/noticiasemdestaque.com\/cd\/?p=4908\",\"name\":\"Temer e ministro da Sa\u00fade anunciam entrega de novas ambul\u00e2ncias do Samu - Not&iacute;cias em Destaque\",\"isPartOf\":{\"@id\":\"https:\/\/noticiasemdestaque.com\/cd\/#website\"},\"primaryImageOfPage\":{\"@id\":\"https:\/\/noticiasemdestaque.com\/cd\/?p=4908#primaryimage\"},\"image\":{\"@id\":\"https:\/\/noticiasemdestaque.com\/cd\/?p=4908#primaryimage\"},\"thumbnailUrl\":\"https:\/\/noticiasemdestaque.com\/cd\/wp-content\/uploads\/2017\/10\/thumb.jpg\",\"datePublished\":\"2017-10-04T23:23:47+00:00\",\"dateModified\":\"2017-10-04T23:26:00+00:00\",\"breadcrumb\":{\"@id\":\"https:\/\/noticiasemdestaque.com\/cd\/?p=4908#breadcrumb\"},\"inLanguage\":\"pt-BR\",\"potentialAction\":[{\"@type\":\"ReadAction\",\"target\":[\"https:\/\/noticiasemdestaque.com\/cd\/?p=4908\"]}]},{\"@type\":\"ImageObject\",\"inLanguage\":\"pt-BR\",\"@id\":\"https:\/\/noticiasemdestaque.com\/cd\/?p=4908#primaryimage\",\"url\":\"https:\/\/noticiasemdestaque.com\/cd\/wp-content\/uploads\/2017\/10\/thumb.jpg\",\"contentUrl\":\"https:\/\/noticiasemdestaque.com\/cd\/wp-content\/uploads\/2017\/10\/thumb.jpg\",\"width\":690,\"height\":460},{\"@type\":\"BreadcrumbList\",\"@id\":\"https:\/\/noticiasemdestaque.com\/cd\/?p=4908#breadcrumb\",\"itemListElement\":[{\"@type\":\"ListItem\",\"position\":1,\"name\":\"In\u00edcio\",\"item\":\"https:\/\/noticiasemdestaque.com\/cd\/\"},{\"@type\":\"ListItem\",\"position\":2,\"name\":\"Temer e ministro da Sa\u00fade anunciam entrega de novas ambul\u00e2ncias do Samu\"}]},{\"@type\":\"WebSite\",\"@id\":\"https:\/\/noticiasemdestaque.com\/cd\/#website\",\"url\":\"https:\/\/noticiasemdestaque.com\/cd\/\",\"name\":\"Not&iacute;cias em Destaque\",\"description\":\"\",\"publisher\":{\"@id\":\"https:\/\/noticiasemdestaque.com\/cd\/#organization\"},\"potentialAction\":[{\"@type\":\"SearchAction\",\"target\":{\"@type\":\"EntryPoint\",\"urlTemplate\":\"https:\/\/noticiasemdestaque.com\/cd\/?s={search_term_string}\"},\"query-input\":{\"@type\":\"PropertyValueSpecification\",\"valueRequired\":true,\"valueName\":\"search_term_string\"}}],\"inLanguage\":\"pt-BR\"},{\"@type\":\"Organization\",\"@id\":\"https:\/\/noticiasemdestaque.com\/cd\/#organization\",\"name\":\"Not\u00edcias em Destaque\",\"url\":\"https:\/\/noticiasemdestaque.com\/cd\/\",\"logo\":{\"@type\":\"ImageObject\",\"inLanguage\":\"pt-BR\",\"@id\":\"https:\/\/noticiasemdestaque.com\/cd\/#\/schema\/logo\/image\/\",\"url\":\"https:\/\/noticiasemdestaque.com\/cd\/wp-content\/uploads\/2022\/05\/imagem-base-noticiasemdestaque.png\",\"contentUrl\":\"https:\/\/noticiasemdestaque.com\/cd\/wp-content\/uploads\/2022\/05\/imagem-base-noticiasemdestaque.png\",\"width\":1200,\"height\":630,\"caption\":\"Not\u00edcias em Destaque\"},\"image\":{\"@id\":\"https:\/\/noticiasemdestaque.com\/cd\/#\/schema\/logo\/image\/\"}},{\"@type\":\"Person\",\"@id\":\"https:\/\/noticiasemdestaque.com\/cd\/#\/schema\/person\/21320b03a7e8bb90128938dafc9b908a\",\"name\":\"Not\u00edcias em Destaque\",\"url\":\"https:\/\/noticiasemdestaque.com\/cd\/?author=2\"}]}<\/script>\n<!-- \/ Yoast SEO plugin. -->","yoast_head_json":{"title":"Temer e ministro da Sa\u00fade anunciam entrega de novas ambul\u00e2ncias do Samu - Not&iacute;cias em Destaque","robots":{"index":"index","follow":"follow","max-snippet":"max-snippet:-1","max-image-preview":"max-image-preview:large","max-video-preview":"max-video-preview:-1"},"canonical":"https:\/\/noticiasemdestaque.com\/cd\/?p=4908","og_locale":"pt_BR","og_type":"article","og_title":"Temer e ministro da Sa\u00fade anunciam entrega de novas ambul\u00e2ncias do Samu - Not&iacute;cias em Destaque","og_description":"O presidente Michel Temer esteve hoje (4) em uma concession\u00e1ria da Mercedes Benz na zona norte da capital paulista, junto com o ministro da Sa\u00fade, Ricardo Barros, para a entrega de 225 ambul\u00e2ncias que v\u00e3o renovar parte da frota do Servi\u00e7o de Atendimento M\u00f3vel de Urg\u00eancia (Samu) de 90 prefeituras de 16 estados. De acordo com o Minist\u00e9rio da Sa\u00fade, cerca de R$ 1 bilh\u00e3o ser\u00e3o investidos no Samu. Ao todo, 2.249 novas ambul\u00e2ncias ser\u00e3o destinadas \u00e0 renova\u00e7\u00e3o e amplia\u00e7\u00e3o do servi\u00e7o. Atualmente, a cobertura atinge 81,8% da popula\u00e7\u00e3o, com 3.255 ambul\u00e2ncias. A previs\u00e3o \u00e9 que a cobertura chegue a 84,1% da popula\u00e7\u00e3o. &#8220;A verdade \u00e9 que, ao longo do tempo, n\u00f3s vamos entregar ambul\u00e2ncias a todos os munic\u00edpios brasileiros e isso \u00e9 uma coisa que revela bem a preocupa\u00e7\u00e3o social do nosso governo&#8221;, disse o presidente. Na cerim\u00f4nia, Temer destacou que a responsabilidade social \u00e9 uma das marcas do governo, junto com a &#8220;responsabilidade fiscal&#8221; que, segundo ele, est\u00e1 presente desde o in\u00edcio com a aprova\u00e7\u00e3o da emenda constitucional que definiu o teto dos gastos p\u00fablicos, seguida das reformas do ensino m\u00e9dio e trabalhista. &#8220;Mas jamais nos olvidamos, nos esquecemos, da responsabilodade social nos mais variados patamares. Voc\u00ea tem desde a extrema pobreza, n\u00f3s temos incentivado e ampliado os valores do Bolsa Fam\u00edlia, mas tamb\u00e9m de um outro patamar social, que \u00e9 o atendimento por meio de ambulancias&#8221;, acrescentou. Economia O presidente citou medidas adotadas recentemente, como a libera\u00e7\u00e3o do saque das contas inativas do Fundo de Garantias do Tempo de Servi\u00e7o (FGTS), que segundo ele t\u00eam causado efeitos positivos na economia. &#8220;Foram 26 milh\u00f5es de trabalhadores que sacaram R$ 44 bilh\u00f5es, injetados na economia. Ali\u00e1s, o varejo cresceu muito precisamente em fun\u00e7\u00e3o do aporte desse capital extraordin\u00e1rio&#8221;, disse. Ele citou ainda a redu\u00e7\u00e3o da idade m\u00ednima para saque das contas do PIS\/Pasep, que era de 70 anos e passou a ser de 65 anos (homens) e 62 anos (mulheres). &#8220;Agora, a partir de outubro, novembro e dezembro, entrar\u00e1 na economia brasileira mais R$ 16 bilh\u00f5es [com a libera\u00e7\u00e3o do pis\/pasep] que v\u00e3o ajudar naturalmente nas compras se fim de ano&#8221;, disse. Manifesta\u00e7\u00e3o Do lado de fora, ocorria uma manifesta\u00e7\u00e3o com cerca de 300 pessoas do Movimento dos Trabalhadores Sem Teto (MTST), da ocupa\u00e7\u00e3o Povo sem Medo em S\u00e3o Bernardo do Campo (SP), que reivindicam a desapropria\u00e7\u00e3o da \u00e1rea ocupada e investimentos em moradias populares. Questionado sobre o protesto, o ministro Ricardo Barros disse que nem ele nem o presidente estavam sabendo do ato. Cariri em Destaque Com EBC","og_url":"https:\/\/noticiasemdestaque.com\/cd\/?p=4908","og_site_name":"Not&iacute;cias em Destaque","article_published_time":"2017-10-04T23:23:47+00:00","article_modified_time":"2017-10-04T23:26:00+00:00","og_image":[{"width":690,"height":460,"url":"https:\/\/noticiasemdestaque.com\/cd\/wp-content\/uploads\/2017\/10\/thumb.jpg","type":"image\/jpeg"}],"author":"Not\u00edcias em Destaque","twitter_card":"summary_large_image","twitter_misc":{"Escrito por":"Not\u00edcias em Destaque","Est. tempo de leitura":"2 minutos"},"schema":{"@context":"https:\/\/schema.org","@graph":[{"@type":"Article","@id":"https:\/\/noticiasemdestaque.com\/cd\/?p=4908#article","isPartOf":{"@id":"https:\/\/noticiasemdestaque.com\/cd\/?p=4908"},"author":{"name":"Not\u00edcias em Destaque","@id":"https:\/\/noticiasemdestaque.com\/cd\/#\/schema\/person\/21320b03a7e8bb90128938dafc9b908a"},"headline":"Temer e ministro da Sa\u00fade anunciam entrega de novas ambul\u00e2ncias do Samu","datePublished":"2017-10-04T23:23:47+00:00","dateModified":"2017-10-04T23:26:00+00:00","mainEntityOfPage":{"@id":"https:\/\/noticiasemdestaque.com\/cd\/?p=4908"},"wordCount":464,"publisher":{"@id":"https:\/\/noticiasemdestaque.com\/cd\/#organization"},"image":{"@id":"https:\/\/noticiasemdestaque.com\/cd\/?p=4908#primaryimage"},"thumbnailUrl":"https:\/\/noticiasemdestaque.com\/cd\/wp-content\/uploads\/2017\/10\/thumb.jpg","articleSection":["Cidades"],"inLanguage":"pt-BR"},{"@type":"WebPage","@id":"https:\/\/noticiasemdestaque.com\/cd\/?p=4908","url":"https:\/\/noticiasemdestaque.com\/cd\/?p=4908","name":"Temer e ministro da Sa\u00fade anunciam entrega de novas ambul\u00e2ncias do Samu - Not&iacute;cias em Destaque","isPartOf":{"@id":"https:\/\/noticiasemdestaque.com\/cd\/#website"},"primaryImageOfPage":{"@id":"https:\/\/noticiasemdestaque.com\/cd\/?p=4908#primaryimage"},"image":{"@id":"https:\/\/noticiasemdestaque.com\/cd\/?p=4908#primaryimage"},"thumbnailUrl":"https:\/\/noticiasemdestaque.com\/cd\/wp-content\/uploads\/2017\/10\/thumb.jpg","datePublished":"2017-10-04T23:23:47+00:00","dateModified":"2017-10-04T23:26:00+00:00","breadcrumb":{"@id":"https:\/\/noticiasemdestaque.com\/cd\/?p=4908#breadcrumb"},"inLanguage":"pt-BR","potentialAction":[{"@type":"ReadAction","target":["https:\/\/noticiasemdestaque.com\/cd\/?p=4908"]}]},{"@type":"ImageObject","inLanguage":"pt-BR","@id":"https:\/\/noticiasemdestaque.com\/cd\/?p=4908#primaryimage","url":"https:\/\/noticiasemdestaque.com\/cd\/wp-content\/uploads\/2017\/10\/thumb.jpg","contentUrl":"https:\/\/noticiasemdestaque.com\/cd\/wp-content\/uploads\/2017\/10\/thumb.jpg","width":690,"height":460},{"@type":"BreadcrumbList","@id":"https:\/\/noticiasemdestaque.com\/cd\/?p=4908#breadcrumb","itemListElement":[{"@type":"ListItem","position":1,"name":"In\u00edcio","item":"https:\/\/noticiasemdestaque.com\/cd\/"},{"@type":"ListItem","position":2,"name":"Temer e ministro da Sa\u00fade anunciam entrega de novas ambul\u00e2ncias do Samu"}]},{"@type":"WebSite","@id":"https:\/\/noticiasemdestaque.com\/cd\/#website","url":"https:\/\/noticiasemdestaque.com\/cd\/","name":"Not&iacute;cias em Destaque","description":"","publisher":{"@id":"https:\/\/noticiasemdestaque.com\/cd\/#organization"},"potentialAction":[{"@type":"SearchAction","target":{"@type":"EntryPoint","urlTemplate":"https:\/\/noticiasemdestaque.com\/cd\/?s={search_term_string}"},"query-input":{"@type":"PropertyValueSpecification","valueRequired":true,"valueName":"search_term_string"}}],"inLanguage":"pt-BR"},{"@type":"Organization","@id":"https:\/\/noticiasemdestaque.com\/cd\/#organization","name":"Not\u00edcias em Destaque","url":"https:\/\/noticiasemdestaque.com\/cd\/","logo":{"@type":"ImageObject","inLanguage":"pt-BR","@id":"https:\/\/noticiasemdestaque.com\/cd\/#\/schema\/logo\/image\/","url":"https:\/\/noticiasemdestaque.com\/cd\/wp-content\/uploads\/2022\/05\/imagem-base-noticiasemdestaque.png","contentUrl":"https:\/\/noticiasemdestaque.com\/cd\/wp-content\/uploads\/2022\/05\/imagem-base-noticiasemdestaque.png","width":1200,"height":630,"caption":"Not\u00edcias em Destaque"},"image":{"@id":"https:\/\/noticiasemdestaque.com\/cd\/#\/schema\/logo\/image\/"}},{"@type":"Person","@id":"https:\/\/noticiasemdestaque.com\/cd\/#\/schema\/person\/21320b03a7e8bb90128938dafc9b908a","name":"Not\u00edcias em Destaque","url":"https:\/\/noticiasemdestaque.com\/cd\/?author=2"}]}},"jetpack_featured_media_url":"https:\/\/noticiasemdestaque.com\/cd\/wp-content\/uploads\/2017\/10\/thumb.jpg","jetpack_sharing_enabled":true,"_links":{"self":[{"href":"https:\/\/noticiasemdestaque.com\/cd\/index.php?rest_route=\/wp\/v2\/posts\/4908","targetHints":{"allow":["GET"]}}],"collection":[{"href":"https:\/\/noticiasemdestaque.com\/cd\/index.php?rest_route=\/wp\/v2\/posts"}],"about":[{"href":"https:\/\/noticiasemdestaque.com\/cd\/index.php?rest_route=\/wp\/v2\/types\/post"}],"author":[{"embeddable":true,"href":"https:\/\/noticiasemdestaque.com\/cd\/index.php?rest_route=\/wp\/v2\/users\/2"}],"replies":[{"embeddable":true,"href":"https:\/\/noticiasemdestaque.com\/cd\/index.php?rest_route=%2Fwp%2Fv2%2Fcomments&post=4908"}],"version-history":[{"count":2,"href":"https:\/\/noticiasemdestaque.com\/cd\/index.php?rest_route=\/wp\/v2\/posts\/4908\/revisions"}],"predecessor-version":[{"id":4911,"href":"https:\/\/noticiasemdestaque.com\/cd\/index.php?rest_route=\/wp\/v2\/posts\/4908\/revisions\/4911"}],"wp:featuredmedia":[{"embeddable":true,"href":"https:\/\/noticiasemdestaque.com\/cd\/index.php?rest_route=\/wp\/v2\/media\/4909"}],"wp:attachment":[{"href":"https:\/\/noticiasemdestaque.com\/cd\/index.php?rest_route=%2Fwp%2Fv2%2Fmedia&parent=4908"}],"wp:term":[{"taxonomy":"category","embeddable":true,"href":"https:\/\/noticiasemdestaque.com\/cd\/index.php?rest_route=%2Fwp%2Fv2%2Fcategories&post=4908"},{"taxonomy":"post_tag","embeddable":true,"href":"https:\/\/noticiasemdestaque.com\/cd\/index.php?rest_route=%2Fwp%2Fv2%2Ftags&post=4908"}],"curies":[{"name":"wp","href":"https:\/\/api.w.org\/{rel}","templated":true}]}}